{"id":29376,"date":"2018-08-02T13:37:49","date_gmt":"2018-08-02T11:37:49","guid":{"rendered":"https:\/\/mont-roig.cat\/?p=29376"},"modified":"2018-08-02T13:37:49","modified_gmt":"2018-08-02T11:37:49","slug":"comunicado-sobre-el-pla-de-barris-de-la-florida-de-miami-platja","status":"publish","type":"post","link":"https:\/\/mont-roig.cat\/es\/actualitat\/noticies\/comunicado-sobre-el-pla-de-barris-de-la-florida-de-miami-platja\/","title":{"rendered":"Comunicado sobre el Pla de Barris de La Florida de Miami Platja"},"content":{"rendered":"<p><a href=\"https:\/\/mont-roig.cat\/wp-content\/uploads\/logo_pladebarris.jpg\"><img loading=\"lazy\" decoding=\"async\" class=\"alignright wp-image-29374\" src=\"https:\/\/mont-roig.cat\/wp-content\/uploads\/logo_pladebarris.jpg\" alt=\"\" width=\"300\" height=\"165\" srcset=\"https:\/\/mont-roig.cat\/wp-content\/uploads\/logo_pladebarris.jpg 1320w, https:\/\/mont-roig.cat\/wp-content\/uploads\/logo_pladebarris-500x274.jpg 500w, https:\/\/mont-roig.cat\/wp-content\/uploads\/logo_pladebarris-768x421.jpg 768w, https:\/\/mont-roig.cat\/wp-content\/uploads\/logo_pladebarris-1024x562.jpg 1024w\" sizes=\"auto, (max-width: 300px) 100vw, 300px\" \/><\/a><\/p>\n<p>La Generalitat ha abierto un plazo extraordinario para solicitar una \u00faltima pr\u00f3rroga que permitir\u00eda continuar el Pla de Barris de La Florida hasta el 2020. Este cambio de criterio de la Generalitat, que deneg\u00f3 al Ayuntamiento cualquier posibilidad de pr\u00f3rroga del a\u00f1o pasado, supone una excelente oportunidad para poder finalizar todos los proyectos que, en denegarse la \u00faltima solicitud, se hab\u00edan descartado llevar a cabo por falta de tiempo material.<\/p>\n<p>Adem\u00e1s, el consistorio ha evaluado tambi\u00e9n como esta posibilidad de ampliaci\u00f3n de pr\u00f3rroga puede rebajar el nivel de molestias de las obras de la avenida de Barcelona lo que resta de temporada tur\u00edstica. En esta l\u00ednea, el gobierno municipal ha mantenido durante el d\u00eda de hoy varias reuniones de trabajo con la direcci\u00f3n t\u00e9cnica de la obra con el fin de evaluar las posibles alternativas en este sentido.<\/p>\n<p>Tras evaluar todos los aspectos t\u00e9cnicos de la obra, se ha descartado la posibilidad de detener los trabajos por motivos de planificaci\u00f3n t\u00e9cnica y de seguridad. Los t\u00e9cnicos tambi\u00e9n han apuntado que aunque se pudiera detener la obra, tampoco ser\u00eda posible abrir la circulaci\u00f3n rodada en este \u00e1mbito por motivos de seguridad vial. S\u00ed, en cambio, se podr\u00e1n tomar medidas para minimizar ruidos y levantamiento de polvo de la obra debido al trabajo de las m\u00e1quinas limitando el horario de actuaci\u00f3n de estas. Tambi\u00e9n se habilitar\u00e1n m\u00e1s zonas y plazas de aparcamiento en la obra que acerquen los veh\u00edculos a los establecimientos durante todos los d\u00edas a la semana. La direcci\u00f3n de la obra ha recordado, por otra parte, que el trabajo de las m\u00e1quinas rasadoras acabar\u00e1 la pr\u00f3xima semana y que antes de terminar el mes comenzar\u00e1 el asfaltado de la parte central de la avenida. Esto minimizar\u00e1 en gran medida el levantamiento de polvo y ruidos.<\/p>\n<p><strong>Resoluci\u00f3n de la pr\u00f3rroga<\/strong><br \/>\nLa concesi\u00f3n de esta pr\u00f3rroga, en todo caso, a\u00fan tardar\u00e1 en llegar. El plazo para hacer esta solicitud de pr\u00f3rroga termina el 24 de octubre. Previamente habr\u00e1 que modificar el plan financiero que requiere validaci\u00f3n de la Intervenci\u00f3n Municipal y un acuerdo de Pleno para hacer oficial la solicitud. Una vez remitida a la Generalitat, \u00e9sta deber\u00e1 resolver antes de que acabe el a\u00f1o.<\/p>\n","protected":false},"excerpt":{"rendered":"<p>La Generalitat ha abierto un plazo extraordinario para solicitar una \u00faltima pr\u00f3rroga que permitir\u00eda continuar el Pla de Barris de La Florida hasta el 2020. Este cambio de criterio de la Generalitat, que deneg\u00f3 al Ayuntamiento cualquier posibilidad de pr\u00f3rroga del a\u00f1o pasado, supone una excelente oportunidad para poder finalizar todos los proyectos que, en [&hellip;]<\/p>\n","protected":false},"author":4,"featured_media":29374,"comment_status":"closed","ping_status":"closed","sticky":false,"template":"","format":"standard","meta":{"inline_featured_image":false,"_monsterinsights_skip_tracking":false,"_monsterinsights_sitenote_active":false,"_monsterinsights_sitenote_note":"","_monsterinsights_sitenote_category":0,"footnotes":""},"categories":[135],"tags":[],"class_list":["post-29376","post","type-post","status-publish","format-standard","has-post-thumbnail","hentry","category-plan-de-barrios-es"],"yoast_head":"<!-- This site is optimized with the Yoast SEO plugin v27.4 - https:\/\/yoast.com\/product\/yoast-seo-wordpress\/ -->\n<title>Comunicado sobre el Pla de Barris de La Florida de Miami Platja - Ajuntament de Mont-roig del Camp<\/title>\n<meta name=\"robots\" content=\"index, follow, max-snippet:-1, max-image-preview:large, max-video-preview:-1\" \/>\n<link rel=\"canonical\" href=\"https:\/\/mont-roig.cat\/es\/actualitat\/noticies\/comunicado-sobre-el-pla-de-barris-de-la-florida-de-miami-platja\/\" \/>\n<meta property=\"og:locale\" content=\"es_ES\" \/>\n<meta property=\"og:type\" content=\"article\" \/>\n<meta property=\"og:title\" content=\"Comunicado sobre el Pla de Barris de La Florida de Miami Platja - Ajuntament de Mont-roig del Camp\" \/>\n<meta property=\"og:description\" content=\"La Generalitat ha abierto un plazo extraordinario para solicitar una \u00faltima pr\u00f3rroga que permitir\u00eda continuar el Pla de Barris de La Florida hasta el 2020. Este cambio de criterio de la Generalitat, que deneg\u00f3 al Ayuntamiento cualquier posibilidad de pr\u00f3rroga del a\u00f1o pasado, supone una excelente oportunidad para poder finalizar todos los proyectos que, en [&hellip;]\" \/>\n<meta property=\"og:url\" content=\"https:\/\/mont-roig.cat\/es\/actualitat\/noticies\/comunicado-sobre-el-pla-de-barris-de-la-florida-de-miami-platja\/\" \/>\n<meta property=\"og:site_name\" content=\"Ajuntament de Mont-roig del Camp\" \/>\n<meta property=\"article:published_time\" content=\"2018-08-02T11:37:49+00:00\" \/>\n<meta property=\"og:image\" content=\"https:\/\/mont-roig.cat\/wp-content\/uploads\/logo_pladebarris.jpg\" \/>\n\t<meta property=\"og:image:width\" content=\"1320\" \/>\n\t<meta property=\"og:image:height\" content=\"724\" \/>\n\t<meta property=\"og:image:type\" content=\"image\/jpeg\" \/>\n<meta name=\"author\" content=\"administrador\" \/>\n<meta name=\"twitter:card\" content=\"summary_large_image\" \/>\n<meta name=\"twitter:label1\" content=\"Escrito por\" \/>\n\t<meta name=\"twitter:data1\" content=\"administrador\" \/>\n\t<meta name=\"twitter:label2\" content=\"Tiempo de lectura\" \/>\n\t<meta name=\"twitter:data2\" content=\"2 minutos\" \/>\n<script type=\"application\/ld+json\" class=\"yoast-schema-graph\">{\"@context\":\"https:\\\/\\\/schema.org\",\"@graph\":[{\"@type\":\"Article\",\"@id\":\"https:\\\/\\\/mont-roig.cat\\\/es\\\/actualitat\\\/noticies\\\/comunicado-sobre-el-pla-de-barris-de-la-florida-de-miami-platja\\\/#article\",\"isPartOf\":{\"@id\":\"https:\\\/\\\/mont-roig.cat\\\/es\\\/actualitat\\\/noticies\\\/comunicado-sobre-el-pla-de-barris-de-la-florida-de-miami-platja\\\/\"},\"author\":{\"name\":\"administrador\",\"@id\":\"https:\\\/\\\/mont-roig.cat\\\/es\\\/#\\\/schema\\\/person\\\/f2b111789f22b7d0c3bd6786c9128cba\"},\"headline\":\"Comunicado sobre el Pla de Barris de La Florida de Miami Platja\",\"datePublished\":\"2018-08-02T11:37:49+00:00\",\"mainEntityOfPage\":{\"@id\":\"https:\\\/\\\/mont-roig.cat\\\/es\\\/actualitat\\\/noticies\\\/comunicado-sobre-el-pla-de-barris-de-la-florida-de-miami-platja\\\/\"},\"wordCount\":415,\"image\":{\"@id\":\"https:\\\/\\\/mont-roig.cat\\\/es\\\/actualitat\\\/noticies\\\/comunicado-sobre-el-pla-de-barris-de-la-florida-de-miami-platja\\\/#primaryimage\"},\"thumbnailUrl\":\"https:\\\/\\\/mont-roig.cat\\\/wp-content\\\/uploads\\\/logo_pladebarris.jpg\",\"articleSection\":[\"Pla de Barris\"],\"inLanguage\":\"es\"},{\"@type\":\"WebPage\",\"@id\":\"https:\\\/\\\/mont-roig.cat\\\/es\\\/actualitat\\\/noticies\\\/comunicado-sobre-el-pla-de-barris-de-la-florida-de-miami-platja\\\/\",\"url\":\"https:\\\/\\\/mont-roig.cat\\\/es\\\/actualitat\\\/noticies\\\/comunicado-sobre-el-pla-de-barris-de-la-florida-de-miami-platja\\\/\",\"name\":\"Comunicado sobre el Pla de Barris de La Florida de Miami Platja - Ajuntament de Mont-roig del Camp\",\"isPartOf\":{\"@id\":\"https:\\\/\\\/mont-roig.cat\\\/es\\\/#website\"},\"primaryImageOfPage\":{\"@id\":\"https:\\\/\\\/mont-roig.cat\\\/es\\\/actualitat\\\/noticies\\\/comunicado-sobre-el-pla-de-barris-de-la-florida-de-miami-platja\\\/#primaryimage\"},\"image\":{\"@id\":\"https:\\\/\\\/mont-roig.cat\\\/es\\\/actualitat\\\/noticies\\\/comunicado-sobre-el-pla-de-barris-de-la-florida-de-miami-platja\\\/#primaryimage\"},\"thumbnailUrl\":\"https:\\\/\\\/mont-roig.cat\\\/wp-content\\\/uploads\\\/logo_pladebarris.jpg\",\"datePublished\":\"2018-08-02T11:37:49+00:00\",\"author\":{\"@id\":\"https:\\\/\\\/mont-roig.cat\\\/es\\\/#\\\/schema\\\/person\\\/f2b111789f22b7d0c3bd6786c9128cba\"},\"breadcrumb\":{\"@id\":\"https:\\\/\\\/mont-roig.cat\\\/es\\\/actualitat\\\/noticies\\\/comunicado-sobre-el-pla-de-barris-de-la-florida-de-miami-platja\\\/#breadcrumb\"},\"inLanguage\":\"es\",\"potentialAction\":[{\"@type\":\"ReadAction\",\"target\":[\"https:\\\/\\\/mont-roig.cat\\\/es\\\/actualitat\\\/noticies\\\/comunicado-sobre-el-pla-de-barris-de-la-florida-de-miami-platja\\\/\"]}]},{\"@type\":\"ImageObject\",\"inLanguage\":\"es\",\"@id\":\"https:\\\/\\\/mont-roig.cat\\\/es\\\/actualitat\\\/noticies\\\/comunicado-sobre-el-pla-de-barris-de-la-florida-de-miami-platja\\\/#primaryimage\",\"url\":\"https:\\\/\\\/mont-roig.cat\\\/wp-content\\\/uploads\\\/logo_pladebarris.jpg\",\"contentUrl\":\"https:\\\/\\\/mont-roig.cat\\\/wp-content\\\/uploads\\\/logo_pladebarris.jpg\",\"width\":1320,\"height\":724},{\"@type\":\"BreadcrumbList\",\"@id\":\"https:\\\/\\\/mont-roig.cat\\\/es\\\/actualitat\\\/noticies\\\/comunicado-sobre-el-pla-de-barris-de-la-florida-de-miami-platja\\\/#breadcrumb\",\"itemListElement\":[{\"@type\":\"ListItem\",\"position\":1,\"name\":\"Inici\",\"item\":\"https:\\\/\\\/mont-roig.cat\\\/es\\\/pagina-de-inicio\\\/\"},{\"@type\":\"ListItem\",\"position\":2,\"name\":\"Comunicado sobre el Pla de Barris de La Florida de Miami Platja\"}]},{\"@type\":\"WebSite\",\"@id\":\"https:\\\/\\\/mont-roig.cat\\\/es\\\/#website\",\"url\":\"https:\\\/\\\/mont-roig.cat\\\/es\\\/\",\"name\":\"Ajuntament de Mont-roig del Camp\",\"description\":\"Tota la informaci\u00f3 sobre la instituci\u00f3, els seus \u00f2rgans de govern, actualitat, serveis i molt m\u00e9s.\",\"potentialAction\":[{\"@type\":\"SearchAction\",\"target\":{\"@type\":\"EntryPoint\",\"urlTemplate\":\"https:\\\/\\\/mont-roig.cat\\\/es\\\/?s={search_term_string}\"},\"query-input\":{\"@type\":\"PropertyValueSpecification\",\"valueRequired\":true,\"valueName\":\"search_term_string\"}}],\"inLanguage\":\"es\"},{\"@type\":\"Person\",\"@id\":\"https:\\\/\\\/mont-roig.cat\\\/es\\\/#\\\/schema\\\/person\\\/f2b111789f22b7d0c3bd6786c9128cba\",\"name\":\"administrador\",\"image\":{\"@type\":\"ImageObject\",\"inLanguage\":\"es\",\"@id\":\"https:\\\/\\\/secure.gravatar.com\\\/avatar\\\/9137aac6891e2595c9d3036fd83bcb653b4db3c946db4c7d9b9be193c3c944bb?s=96&d=mm&r=g\",\"url\":\"https:\\\/\\\/secure.gravatar.com\\\/avatar\\\/9137aac6891e2595c9d3036fd83bcb653b4db3c946db4c7d9b9be193c3c944bb?s=96&d=mm&r=g\",\"contentUrl\":\"https:\\\/\\\/secure.gravatar.com\\\/avatar\\\/9137aac6891e2595c9d3036fd83bcb653b4db3c946db4c7d9b9be193c3c944bb?s=96&d=mm&r=g\",\"caption\":\"administrador\"},\"url\":\"https:\\\/\\\/mont-roig.cat\\\/es\\\/actualitat\\\/noticies\\\/author\\\/administrador\\\/\"}]}<\/script>\n<!-- \/ Yoast SEO plugin. -->","yoast_head_json":{"title":"Comunicado sobre el Pla de Barris de La Florida de Miami Platja - Ajuntament de Mont-roig del Camp","robots":{"index":"index","follow":"follow","max-snippet":"max-snippet:-1","max-image-preview":"max-image-preview:large","max-video-preview":"max-video-preview:-1"},"canonical":"https:\/\/mont-roig.cat\/es\/actualitat\/noticies\/comunicado-sobre-el-pla-de-barris-de-la-florida-de-miami-platja\/","og_locale":"es_ES","og_type":"article","og_title":"Comunicado sobre el Pla de Barris de La Florida de Miami Platja - Ajuntament de Mont-roig del Camp","og_description":"La Generalitat ha abierto un plazo extraordinario para solicitar una \u00faltima pr\u00f3rroga que permitir\u00eda continuar el Pla de Barris de La Florida hasta el 2020. Este cambio de criterio de la Generalitat, que deneg\u00f3 al Ayuntamiento cualquier posibilidad de pr\u00f3rroga del a\u00f1o pasado, supone una excelente oportunidad para poder finalizar todos los proyectos que, en [&hellip;]","og_url":"https:\/\/mont-roig.cat\/es\/actualitat\/noticies\/comunicado-sobre-el-pla-de-barris-de-la-florida-de-miami-platja\/","og_site_name":"Ajuntament de Mont-roig del Camp","article_published_time":"2018-08-02T11:37:49+00:00","og_image":[{"width":1320,"height":724,"url":"https:\/\/mont-roig.cat\/wp-content\/uploads\/logo_pladebarris.jpg","type":"image\/jpeg"}],"author":"administrador","twitter_card":"summary_large_image","twitter_misc":{"Escrito por":"administrador","Tiempo de lectura":"2 minutos"},"schema":{"@context":"https:\/\/schema.org","@graph":[{"@type":"Article","@id":"https:\/\/mont-roig.cat\/es\/actualitat\/noticies\/comunicado-sobre-el-pla-de-barris-de-la-florida-de-miami-platja\/#article","isPartOf":{"@id":"https:\/\/mont-roig.cat\/es\/actualitat\/noticies\/comunicado-sobre-el-pla-de-barris-de-la-florida-de-miami-platja\/"},"author":{"name":"administrador","@id":"https:\/\/mont-roig.cat\/es\/#\/schema\/person\/f2b111789f22b7d0c3bd6786c9128cba"},"headline":"Comunicado sobre el Pla de Barris de La Florida de Miami Platja","datePublished":"2018-08-02T11:37:49+00:00","mainEntityOfPage":{"@id":"https:\/\/mont-roig.cat\/es\/actualitat\/noticies\/comunicado-sobre-el-pla-de-barris-de-la-florida-de-miami-platja\/"},"wordCount":415,"image":{"@id":"https:\/\/mont-roig.cat\/es\/actualitat\/noticies\/comunicado-sobre-el-pla-de-barris-de-la-florida-de-miami-platja\/#primaryimage"},"thumbnailUrl":"https:\/\/mont-roig.cat\/wp-content\/uploads\/logo_pladebarris.jpg","articleSection":["Pla de Barris"],"inLanguage":"es"},{"@type":"WebPage","@id":"https:\/\/mont-roig.cat\/es\/actualitat\/noticies\/comunicado-sobre-el-pla-de-barris-de-la-florida-de-miami-platja\/","url":"https:\/\/mont-roig.cat\/es\/actualitat\/noticies\/comunicado-sobre-el-pla-de-barris-de-la-florida-de-miami-platja\/","name":"Comunicado sobre el Pla de Barris de La Florida de Miami Platja - Ajuntament de Mont-roig del Camp","isPartOf":{"@id":"https:\/\/mont-roig.cat\/es\/#website"},"primaryImageOfPage":{"@id":"https:\/\/mont-roig.cat\/es\/actualitat\/noticies\/comunicado-sobre-el-pla-de-barris-de-la-florida-de-miami-platja\/#primaryimage"},"image":{"@id":"https:\/\/mont-roig.cat\/es\/actualitat\/noticies\/comunicado-sobre-el-pla-de-barris-de-la-florida-de-miami-platja\/#primaryimage"},"thumbnailUrl":"https:\/\/mont-roig.cat\/wp-content\/uploads\/logo_pladebarris.jpg","datePublished":"2018-08-02T11:37:49+00:00","author":{"@id":"https:\/\/mont-roig.cat\/es\/#\/schema\/person\/f2b111789f22b7d0c3bd6786c9128cba"},"breadcrumb":{"@id":"https:\/\/mont-roig.cat\/es\/actualitat\/noticies\/comunicado-sobre-el-pla-de-barris-de-la-florida-de-miami-platja\/#breadcrumb"},"inLanguage":"es","potentialAction":[{"@type":"ReadAction","target":["https:\/\/mont-roig.cat\/es\/actualitat\/noticies\/comunicado-sobre-el-pla-de-barris-de-la-florida-de-miami-platja\/"]}]},{"@type":"ImageObject","inLanguage":"es","@id":"https:\/\/mont-roig.cat\/es\/actualitat\/noticies\/comunicado-sobre-el-pla-de-barris-de-la-florida-de-miami-platja\/#primaryimage","url":"https:\/\/mont-roig.cat\/wp-content\/uploads\/logo_pladebarris.jpg","contentUrl":"https:\/\/mont-roig.cat\/wp-content\/uploads\/logo_pladebarris.jpg","width":1320,"height":724},{"@type":"BreadcrumbList","@id":"https:\/\/mont-roig.cat\/es\/actualitat\/noticies\/comunicado-sobre-el-pla-de-barris-de-la-florida-de-miami-platja\/#breadcrumb","itemListElement":[{"@type":"ListItem","position":1,"name":"Inici","item":"https:\/\/mont-roig.cat\/es\/pagina-de-inicio\/"},{"@type":"ListItem","position":2,"name":"Comunicado sobre el Pla de Barris de La Florida de Miami Platja"}]},{"@type":"WebSite","@id":"https:\/\/mont-roig.cat\/es\/#website","url":"https:\/\/mont-roig.cat\/es\/","name":"Ajuntament de Mont-roig del Camp","description":"Tota la informaci\u00f3 sobre la instituci\u00f3, els seus \u00f2rgans de govern, actualitat, serveis i molt m\u00e9s.","potentialAction":[{"@type":"SearchAction","target":{"@type":"EntryPoint","urlTemplate":"https:\/\/mont-roig.cat\/es\/?s={search_term_string}"},"query-input":{"@type":"PropertyValueSpecification","valueRequired":true,"valueName":"search_term_string"}}],"inLanguage":"es"},{"@type":"Person","@id":"https:\/\/mont-roig.cat\/es\/#\/schema\/person\/f2b111789f22b7d0c3bd6786c9128cba","name":"administrador","image":{"@type":"ImageObject","inLanguage":"es","@id":"https:\/\/secure.gravatar.com\/avatar\/9137aac6891e2595c9d3036fd83bcb653b4db3c946db4c7d9b9be193c3c944bb?s=96&d=mm&r=g","url":"https:\/\/secure.gravatar.com\/avatar\/9137aac6891e2595c9d3036fd83bcb653b4db3c946db4c7d9b9be193c3c944bb?s=96&d=mm&r=g","contentUrl":"https:\/\/secure.gravatar.com\/avatar\/9137aac6891e2595c9d3036fd83bcb653b4db3c946db4c7d9b9be193c3c944bb?s=96&d=mm&r=g","caption":"administrador"},"url":"https:\/\/mont-roig.cat\/es\/actualitat\/noticies\/author\/administrador\/"}]}},"_links":{"self":[{"href":"https:\/\/mont-roig.cat\/es\/wp-json\/wp\/v2\/posts\/29376","targetHints":{"allow":["GET"]}}],"collection":[{"href":"https:\/\/mont-roig.cat\/es\/wp-json\/wp\/v2\/posts"}],"about":[{"href":"https:\/\/mont-roig.cat\/es\/wp-json\/wp\/v2\/types\/post"}],"author":[{"embeddable":true,"href":"https:\/\/mont-roig.cat\/es\/wp-json\/wp\/v2\/users\/4"}],"replies":[{"embeddable":true,"href":"https:\/\/mont-roig.cat\/es\/wp-json\/wp\/v2\/comments?post=29376"}],"version-history":[{"count":2,"href":"https:\/\/mont-roig.cat\/es\/wp-json\/wp\/v2\/posts\/29376\/revisions"}],"predecessor-version":[{"id":29378,"href":"https:\/\/mont-roig.cat\/es\/wp-json\/wp\/v2\/posts\/29376\/revisions\/29378"}],"wp:featuredmedia":[{"embeddable":true,"href":"https:\/\/mont-roig.cat\/es\/wp-json\/wp\/v2\/media\/29374"}],"wp:attachment":[{"href":"https:\/\/mont-roig.cat\/es\/wp-json\/wp\/v2\/media?parent=29376"}],"wp:term":[{"taxonomy":"category","embeddable":true,"href":"https:\/\/mont-roig.cat\/es\/wp-json\/wp\/v2\/categories?post=29376"},{"taxonomy":"post_tag","embeddable":true,"href":"https:\/\/mont-roig.cat\/es\/wp-json\/wp\/v2\/tags?post=29376"}],"curies":[{"name":"wp","href":"https:\/\/api.w.org\/{rel}","templated":true}]}}