{"id":29423,"date":"2018-08-03T21:57:08","date_gmt":"2018-08-03T19:57:08","guid":{"rendered":"https:\/\/mont-roig.cat\/?p=29423"},"modified":"2018-08-03T21:57:08","modified_gmt":"2018-08-03T19:57:08","slug":"inaugurada-la-137a-fira-de-mont-roig","status":"publish","type":"post","link":"https:\/\/mont-roig.cat\/es\/actualitat\/noticies\/inaugurada-la-137a-fira-de-mont-roig\/","title":{"rendered":"Inaugurada la 137a Fira de Mont-roig"},"content":{"rendered":"<div id=\"attachment_29420\" style=\"width: 310px\" class=\"wp-caption alignright\"><a href=\"https:\/\/mont-roig.cat\/wp-content\/uploads\/Inauguraci\u00f3-Fira-Mont-roig-2018.jpg\"><img loading=\"lazy\" decoding=\"async\" aria-describedby=\"caption-attachment-29420\" class=\"wp-image-29420\" src=\"https:\/\/mont-roig.cat\/wp-content\/uploads\/Inauguraci\u00f3-Fira-Mont-roig-2018.jpg\" alt=\"\" width=\"300\" height=\"225\" srcset=\"https:\/\/mont-roig.cat\/wp-content\/uploads\/Inauguraci\u00f3-Fira-Mont-roig-2018.jpg 1920w, https:\/\/mont-roig.cat\/wp-content\/uploads\/Inauguraci\u00f3-Fira-Mont-roig-2018-500x375.jpg 500w, https:\/\/mont-roig.cat\/wp-content\/uploads\/Inauguraci\u00f3-Fira-Mont-roig-2018-768x576.jpg 768w, https:\/\/mont-roig.cat\/wp-content\/uploads\/Inauguraci\u00f3-Fira-Mont-roig-2018-1024x768.jpg 1024w, https:\/\/mont-roig.cat\/wp-content\/uploads\/Inauguraci\u00f3-Fira-Mont-roig-2018-463x348.jpg 463w\" sizes=\"auto, (max-width: 300px) 100vw, 300px\" \/><\/a><p id=\"caption-attachment-29420\" class=\"wp-caption-text\">Inauguraci\u00f3n de la 137a Fira de Mont-roig<\/p><\/div>\n<p><strong>Hasta el 5 de agosto el certamen ofrece decenas de actividades festivas y l\u00fadicas y un recinto ferial dedicado a la gastronom\u00eda<\/strong><\/p>\n<p>Comienza la 137a Fira de Mont-roig del Camp con la inauguraci\u00f3n oficial que ha tenido lugar esta tarde, en el recinto ferial. Autoridades locales, pubilles, hereu y vecinos y vecinas han participado en un acto que ha iniciado la concejala de Turismo y Impulso Econ\u00f3mico Yolanda P\u00e9rez, que ha destacado la muestra a la agricultura que da la bienvenida al recinto ferial, dedicado a la gastronom\u00eda y que ha ampliado el n\u00famero de expositores respecto ediciones anteriores. El concejal de Fiestas \u00c1ngel Redondo ha remarcado la importancia e implicaci\u00f3n de las entidades en la organizaci\u00f3n de actividades festivas, en un programa donde no faltan propuestas tradicionales como las habaneras, el concierto, el baile o el teatro.<\/p>\n<p>Finalmente, el alcalde Fran Morancho ha querido explicar el proyecto que el Ayuntamiento tiene para Mont-roig, que seg\u00fan ha dicho &#8220;ha sido trabajado con la cabeza y pensado con el coraz\u00f3n&#8221;. Morancho ha hablado de 4 ejes. El primero, la oportunidad del Mas Mir\u00f3, el segundo, la Ermita de la Mare de D\u00e9u de la Roca y el entorno. El tercer eje, que ya se ha empezado a trabajar, ha dicho que es dar vida al casco antiguo con la recuperaci\u00f3n de la Esgl\u00e9sia Vella como un espacio para la cultura y las entidades, la incentivaci\u00f3n fiscal para la reapertura de locales vac\u00edos y el traslado del ayuntamiento a la Casa de Cultura, entre otros. Finalmente ha hablado del cuarto eje c\u00edvico con la construcci\u00f3n de un centro polivalente en la zona del polideportivo con la creaci\u00f3n de un nuevo espacio para los ancianos, las entidades y sala de bailes y teatro. Todo ello en un acto, que ha sido tambi\u00e9n reivindicativo y donde Morancho ha remarcado que le importa mucho Mont-roig y su gente, que es el alcalde de todos y de todo el mundo y que siempre ha querido un municipio fuerte, unido y socialmente diverso.<\/p>\n<p><a href=\"https:\/\/www.flickr.com\/photos\/ajmont-roig\/albums\/72157698161262381\" target=\"_blank\" rel=\"noopener\">GALER\u00cdA DE IM\u00c1GENES<\/a><\/p>\n<p><strong>Amplio programa de actividades<\/strong><\/p>\n<p>Adem\u00e1s del recinto ferial donde se pueden comprar y degustar productos gastron\u00f3micos, as\u00ed como la Tapa de la FiRa, elaborada por bares y restaurantes del municipio, la FIRa es, sin duda, una gran fiesta para Mont-roig. As\u00ed, durante estos d\u00edas, el Ayuntamiento y entidades del municipio, organizan diversas actividades festivas. Dos de las propuestas m\u00e1s esperadas son el concierto y baile, este a\u00f1o con la orquesta Costa Brava, as\u00ed como el teatro, con &#8220;El secreto de la Lloll&#8221; de la conocida actriz Lloll Bertran.<\/p>\n<p>Adem\u00e1s, el programa festivo ofrece otros actos destacados como las habaneras del grupo Velas y vents, la fiesta Flaix FM y los torneos para los j\u00f3venes, espect\u00e1culos infantiles, fuegos artificiales, batucadas &#8230; y las actividades que han preparado las entidades del municipio como la Garrofang, el Enduroig, elos gegants, exposiciones, discoteca m\u00f3vil o las competiciones de baloncesto y f\u00fatbol.<\/p>\n<p>El certamen tambi\u00e9n contar\u00e1 con las habituales atracciones y puestos as\u00ed como con servicio de bus gratuito entre Miami Platja y el recinto ferial.<\/p>\n<p>Y para todos aquellos amantes de la gastronom\u00eda, las fiestas y la fotograf\u00eda debemos recordar que hay dos concursos, por un lado el de cocina tradicional, que tendr\u00e1 lugar el domingo por la tarde y el concurso de Instagram y Facebook. Las fotograf\u00edas m\u00e1s representativas de las actividades que utilicen las etiquetas # 137FiraMontroigdelCamp y # Cullerada2018 podr\u00e1n optar a varios premios.<\/p>\n","protected":false},"excerpt":{"rendered":"<p>Hasta el 5 de agosto el certamen ofrece decenas de actividades festivas y l\u00fadicas y un recinto ferial dedicado a la gastronom\u00eda Comienza la 137a Fira de Mont-roig del Camp con la inauguraci\u00f3n oficial que ha tenido lugar esta tarde, en el recinto ferial. Autoridades locales, pubilles, hereu y vecinos y vecinas han participado en [&hellip;]<\/p>\n","protected":false},"author":4,"featured_media":29420,"comment_status":"closed","ping_status":"closed","sticky":false,"template":"","format":"standard","meta":{"inline_featured_image":false,"_monsterinsights_skip_tracking":false,"_monsterinsights_sitenote_active":false,"_monsterinsights_sitenote_note":"","_monsterinsights_sitenote_category":0,"footnotes":""},"categories":[156,105],"tags":[],"class_list":["post-29423","post","type-post","status-publish","format-standard","has-post-thumbnail","hentry","category-alcalde-es","category-fiestas"],"yoast_head":"<!-- This site is optimized with the Yoast SEO plugin v27.4 - https:\/\/yoast.com\/product\/yoast-seo-wordpress\/ -->\n<title>Inaugurada la 137a Fira de Mont-roig - Ajuntament de Mont-roig del Camp<\/title>\n<meta name=\"robots\" content=\"index, follow, max-snippet:-1, max-image-preview:large, max-video-preview:-1\" \/>\n<link rel=\"canonical\" href=\"https:\/\/mont-roig.cat\/es\/actualitat\/noticies\/inaugurada-la-137a-fira-de-mont-roig\/\" \/>\n<meta property=\"og:locale\" content=\"es_ES\" \/>\n<meta property=\"og:type\" content=\"article\" \/>\n<meta property=\"og:title\" content=\"Inaugurada la 137a Fira de Mont-roig - Ajuntament de Mont-roig del Camp\" \/>\n<meta property=\"og:description\" content=\"Hasta el 5 de agosto el certamen ofrece decenas de actividades festivas y l\u00fadicas y un recinto ferial dedicado a la gastronom\u00eda Comienza la 137a Fira de Mont-roig del Camp con la inauguraci\u00f3n oficial que ha tenido lugar esta tarde, en el recinto ferial. Autoridades locales, pubilles, hereu y vecinos y vecinas han participado en [&hellip;]\" \/>\n<meta property=\"og:url\" content=\"https:\/\/mont-roig.cat\/es\/actualitat\/noticies\/inaugurada-la-137a-fira-de-mont-roig\/\" \/>\n<meta property=\"og:site_name\" content=\"Ajuntament de Mont-roig del Camp\" \/>\n<meta property=\"article:published_time\" content=\"2018-08-03T19:57:08+00:00\" \/>\n<meta property=\"og:image\" content=\"https:\/\/mont-roig.cat\/wp-content\/uploads\/Inauguraci\u00f3-Fira-Mont-roig-2018.jpg\" \/>\n\t<meta property=\"og:image:width\" content=\"1920\" \/>\n\t<meta property=\"og:image:height\" content=\"1440\" \/>\n\t<meta property=\"og:image:type\" content=\"image\/jpeg\" \/>\n<meta name=\"author\" content=\"administrador\" \/>\n<meta name=\"twitter:card\" content=\"summary_large_image\" \/>\n<meta name=\"twitter:label1\" content=\"Escrito por\" \/>\n\t<meta name=\"twitter:data1\" content=\"administrador\" \/>\n\t<meta name=\"twitter:label2\" content=\"Tiempo de lectura\" \/>\n\t<meta name=\"twitter:data2\" content=\"3 minutos\" \/>\n<script type=\"application\/ld+json\" class=\"yoast-schema-graph\">{\"@context\":\"https:\\\/\\\/schema.org\",\"@graph\":[{\"@type\":\"Article\",\"@id\":\"https:\\\/\\\/mont-roig.cat\\\/es\\\/actualitat\\\/noticies\\\/inaugurada-la-137a-fira-de-mont-roig\\\/#article\",\"isPartOf\":{\"@id\":\"https:\\\/\\\/mont-roig.cat\\\/es\\\/actualitat\\\/noticies\\\/inaugurada-la-137a-fira-de-mont-roig\\\/\"},\"author\":{\"name\":\"administrador\",\"@id\":\"https:\\\/\\\/mont-roig.cat\\\/es\\\/#\\\/schema\\\/person\\\/f2b111789f22b7d0c3bd6786c9128cba\"},\"headline\":\"Inaugurada la 137a Fira de Mont-roig\",\"datePublished\":\"2018-08-03T19:57:08+00:00\",\"mainEntityOfPage\":{\"@id\":\"https:\\\/\\\/mont-roig.cat\\\/es\\\/actualitat\\\/noticies\\\/inaugurada-la-137a-fira-de-mont-roig\\\/\"},\"wordCount\":626,\"image\":{\"@id\":\"https:\\\/\\\/mont-roig.cat\\\/es\\\/actualitat\\\/noticies\\\/inaugurada-la-137a-fira-de-mont-roig\\\/#primaryimage\"},\"thumbnailUrl\":\"https:\\\/\\\/mont-roig.cat\\\/wp-content\\\/uploads\\\/Inauguraci\u00f3-Fira-Mont-roig-2018.jpg\",\"articleSection\":[\"Alcalde\",\"Festes\"],\"inLanguage\":\"es\"},{\"@type\":\"WebPage\",\"@id\":\"https:\\\/\\\/mont-roig.cat\\\/es\\\/actualitat\\\/noticies\\\/inaugurada-la-137a-fira-de-mont-roig\\\/\",\"url\":\"https:\\\/\\\/mont-roig.cat\\\/es\\\/actualitat\\\/noticies\\\/inaugurada-la-137a-fira-de-mont-roig\\\/\",\"name\":\"Inaugurada la 137a Fira de Mont-roig - Ajuntament de Mont-roig del Camp\",\"isPartOf\":{\"@id\":\"https:\\\/\\\/mont-roig.cat\\\/es\\\/#website\"},\"primaryImageOfPage\":{\"@id\":\"https:\\\/\\\/mont-roig.cat\\\/es\\\/actualitat\\\/noticies\\\/inaugurada-la-137a-fira-de-mont-roig\\\/#primaryimage\"},\"image\":{\"@id\":\"https:\\\/\\\/mont-roig.cat\\\/es\\\/actualitat\\\/noticies\\\/inaugurada-la-137a-fira-de-mont-roig\\\/#primaryimage\"},\"thumbnailUrl\":\"https:\\\/\\\/mont-roig.cat\\\/wp-content\\\/uploads\\\/Inauguraci\u00f3-Fira-Mont-roig-2018.jpg\",\"datePublished\":\"2018-08-03T19:57:08+00:00\",\"author\":{\"@id\":\"https:\\\/\\\/mont-roig.cat\\\/es\\\/#\\\/schema\\\/person\\\/f2b111789f22b7d0c3bd6786c9128cba\"},\"breadcrumb\":{\"@id\":\"https:\\\/\\\/mont-roig.cat\\\/es\\\/actualitat\\\/noticies\\\/inaugurada-la-137a-fira-de-mont-roig\\\/#breadcrumb\"},\"inLanguage\":\"es\",\"potentialAction\":[{\"@type\":\"ReadAction\",\"target\":[\"https:\\\/\\\/mont-roig.cat\\\/es\\\/actualitat\\\/noticies\\\/inaugurada-la-137a-fira-de-mont-roig\\\/\"]}]},{\"@type\":\"ImageObject\",\"inLanguage\":\"es\",\"@id\":\"https:\\\/\\\/mont-roig.cat\\\/es\\\/actualitat\\\/noticies\\\/inaugurada-la-137a-fira-de-mont-roig\\\/#primaryimage\",\"url\":\"https:\\\/\\\/mont-roig.cat\\\/wp-content\\\/uploads\\\/Inauguraci\u00f3-Fira-Mont-roig-2018.jpg\",\"contentUrl\":\"https:\\\/\\\/mont-roig.cat\\\/wp-content\\\/uploads\\\/Inauguraci\u00f3-Fira-Mont-roig-2018.jpg\",\"width\":1920,\"height\":1440},{\"@type\":\"BreadcrumbList\",\"@id\":\"https:\\\/\\\/mont-roig.cat\\\/es\\\/actualitat\\\/noticies\\\/inaugurada-la-137a-fira-de-mont-roig\\\/#breadcrumb\",\"itemListElement\":[{\"@type\":\"ListItem\",\"position\":1,\"name\":\"Inici\",\"item\":\"https:\\\/\\\/mont-roig.cat\\\/es\\\/pagina-de-inicio\\\/\"},{\"@type\":\"ListItem\",\"position\":2,\"name\":\"Inaugurada la 137a Fira de Mont-roig\"}]},{\"@type\":\"WebSite\",\"@id\":\"https:\\\/\\\/mont-roig.cat\\\/es\\\/#website\",\"url\":\"https:\\\/\\\/mont-roig.cat\\\/es\\\/\",\"name\":\"Ajuntament de Mont-roig del Camp\",\"description\":\"Tota la informaci\u00f3 sobre la instituci\u00f3, els seus \u00f2rgans de govern, actualitat, serveis i molt m\u00e9s.\",\"potentialAction\":[{\"@type\":\"SearchAction\",\"target\":{\"@type\":\"EntryPoint\",\"urlTemplate\":\"https:\\\/\\\/mont-roig.cat\\\/es\\\/?s={search_term_string}\"},\"query-input\":{\"@type\":\"PropertyValueSpecification\",\"valueRequired\":true,\"valueName\":\"search_term_string\"}}],\"inLanguage\":\"es\"},{\"@type\":\"Person\",\"@id\":\"https:\\\/\\\/mont-roig.cat\\\/es\\\/#\\\/schema\\\/person\\\/f2b111789f22b7d0c3bd6786c9128cba\",\"name\":\"administrador\",\"image\":{\"@type\":\"ImageObject\",\"inLanguage\":\"es\",\"@id\":\"https:\\\/\\\/secure.gravatar.com\\\/avatar\\\/9137aac6891e2595c9d3036fd83bcb653b4db3c946db4c7d9b9be193c3c944bb?s=96&d=mm&r=g\",\"url\":\"https:\\\/\\\/secure.gravatar.com\\\/avatar\\\/9137aac6891e2595c9d3036fd83bcb653b4db3c946db4c7d9b9be193c3c944bb?s=96&d=mm&r=g\",\"contentUrl\":\"https:\\\/\\\/secure.gravatar.com\\\/avatar\\\/9137aac6891e2595c9d3036fd83bcb653b4db3c946db4c7d9b9be193c3c944bb?s=96&d=mm&r=g\",\"caption\":\"administrador\"},\"url\":\"https:\\\/\\\/mont-roig.cat\\\/es\\\/actualitat\\\/noticies\\\/author\\\/administrador\\\/\"}]}<\/script>\n<!-- \/ Yoast SEO plugin. -->","yoast_head_json":{"title":"Inaugurada la 137a Fira de Mont-roig - Ajuntament de Mont-roig del Camp","robots":{"index":"index","follow":"follow","max-snippet":"max-snippet:-1","max-image-preview":"max-image-preview:large","max-video-preview":"max-video-preview:-1"},"canonical":"https:\/\/mont-roig.cat\/es\/actualitat\/noticies\/inaugurada-la-137a-fira-de-mont-roig\/","og_locale":"es_ES","og_type":"article","og_title":"Inaugurada la 137a Fira de Mont-roig - Ajuntament de Mont-roig del Camp","og_description":"Hasta el 5 de agosto el certamen ofrece decenas de actividades festivas y l\u00fadicas y un recinto ferial dedicado a la gastronom\u00eda Comienza la 137a Fira de Mont-roig del Camp con la inauguraci\u00f3n oficial que ha tenido lugar esta tarde, en el recinto ferial. Autoridades locales, pubilles, hereu y vecinos y vecinas han participado en [&hellip;]","og_url":"https:\/\/mont-roig.cat\/es\/actualitat\/noticies\/inaugurada-la-137a-fira-de-mont-roig\/","og_site_name":"Ajuntament de Mont-roig del Camp","article_published_time":"2018-08-03T19:57:08+00:00","og_image":[{"width":1920,"height":1440,"url":"https:\/\/mont-roig.cat\/wp-content\/uploads\/Inauguraci\u00f3-Fira-Mont-roig-2018.jpg","type":"image\/jpeg"}],"author":"administrador","twitter_card":"summary_large_image","twitter_misc":{"Escrito por":"administrador","Tiempo de lectura":"3 minutos"},"schema":{"@context":"https:\/\/schema.org","@graph":[{"@type":"Article","@id":"https:\/\/mont-roig.cat\/es\/actualitat\/noticies\/inaugurada-la-137a-fira-de-mont-roig\/#article","isPartOf":{"@id":"https:\/\/mont-roig.cat\/es\/actualitat\/noticies\/inaugurada-la-137a-fira-de-mont-roig\/"},"author":{"name":"administrador","@id":"https:\/\/mont-roig.cat\/es\/#\/schema\/person\/f2b111789f22b7d0c3bd6786c9128cba"},"headline":"Inaugurada la 137a Fira de Mont-roig","datePublished":"2018-08-03T19:57:08+00:00","mainEntityOfPage":{"@id":"https:\/\/mont-roig.cat\/es\/actualitat\/noticies\/inaugurada-la-137a-fira-de-mont-roig\/"},"wordCount":626,"image":{"@id":"https:\/\/mont-roig.cat\/es\/actualitat\/noticies\/inaugurada-la-137a-fira-de-mont-roig\/#primaryimage"},"thumbnailUrl":"https:\/\/mont-roig.cat\/wp-content\/uploads\/Inauguraci\u00f3-Fira-Mont-roig-2018.jpg","articleSection":["Alcalde","Festes"],"inLanguage":"es"},{"@type":"WebPage","@id":"https:\/\/mont-roig.cat\/es\/actualitat\/noticies\/inaugurada-la-137a-fira-de-mont-roig\/","url":"https:\/\/mont-roig.cat\/es\/actualitat\/noticies\/inaugurada-la-137a-fira-de-mont-roig\/","name":"Inaugurada la 137a Fira de Mont-roig - Ajuntament de Mont-roig del Camp","isPartOf":{"@id":"https:\/\/mont-roig.cat\/es\/#website"},"primaryImageOfPage":{"@id":"https:\/\/mont-roig.cat\/es\/actualitat\/noticies\/inaugurada-la-137a-fira-de-mont-roig\/#primaryimage"},"image":{"@id":"https:\/\/mont-roig.cat\/es\/actualitat\/noticies\/inaugurada-la-137a-fira-de-mont-roig\/#primaryimage"},"thumbnailUrl":"https:\/\/mont-roig.cat\/wp-content\/uploads\/Inauguraci\u00f3-Fira-Mont-roig-2018.jpg","datePublished":"2018-08-03T19:57:08+00:00","author":{"@id":"https:\/\/mont-roig.cat\/es\/#\/schema\/person\/f2b111789f22b7d0c3bd6786c9128cba"},"breadcrumb":{"@id":"https:\/\/mont-roig.cat\/es\/actualitat\/noticies\/inaugurada-la-137a-fira-de-mont-roig\/#breadcrumb"},"inLanguage":"es","potentialAction":[{"@type":"ReadAction","target":["https:\/\/mont-roig.cat\/es\/actualitat\/noticies\/inaugurada-la-137a-fira-de-mont-roig\/"]}]},{"@type":"ImageObject","inLanguage":"es","@id":"https:\/\/mont-roig.cat\/es\/actualitat\/noticies\/inaugurada-la-137a-fira-de-mont-roig\/#primaryimage","url":"https:\/\/mont-roig.cat\/wp-content\/uploads\/Inauguraci\u00f3-Fira-Mont-roig-2018.jpg","contentUrl":"https:\/\/mont-roig.cat\/wp-content\/uploads\/Inauguraci\u00f3-Fira-Mont-roig-2018.jpg","width":1920,"height":1440},{"@type":"BreadcrumbList","@id":"https:\/\/mont-roig.cat\/es\/actualitat\/noticies\/inaugurada-la-137a-fira-de-mont-roig\/#breadcrumb","itemListElement":[{"@type":"ListItem","position":1,"name":"Inici","item":"https:\/\/mont-roig.cat\/es\/pagina-de-inicio\/"},{"@type":"ListItem","position":2,"name":"Inaugurada la 137a Fira de Mont-roig"}]},{"@type":"WebSite","@id":"https:\/\/mont-roig.cat\/es\/#website","url":"https:\/\/mont-roig.cat\/es\/","name":"Ajuntament de Mont-roig del Camp","description":"Tota la informaci\u00f3 sobre la instituci\u00f3, els seus \u00f2rgans de govern, actualitat, serveis i molt m\u00e9s.","potentialAction":[{"@type":"SearchAction","target":{"@type":"EntryPoint","urlTemplate":"https:\/\/mont-roig.cat\/es\/?s={search_term_string}"},"query-input":{"@type":"PropertyValueSpecification","valueRequired":true,"valueName":"search_term_string"}}],"inLanguage":"es"},{"@type":"Person","@id":"https:\/\/mont-roig.cat\/es\/#\/schema\/person\/f2b111789f22b7d0c3bd6786c9128cba","name":"administrador","image":{"@type":"ImageObject","inLanguage":"es","@id":"https:\/\/secure.gravatar.com\/avatar\/9137aac6891e2595c9d3036fd83bcb653b4db3c946db4c7d9b9be193c3c944bb?s=96&d=mm&r=g","url":"https:\/\/secure.gravatar.com\/avatar\/9137aac6891e2595c9d3036fd83bcb653b4db3c946db4c7d9b9be193c3c944bb?s=96&d=mm&r=g","contentUrl":"https:\/\/secure.gravatar.com\/avatar\/9137aac6891e2595c9d3036fd83bcb653b4db3c946db4c7d9b9be193c3c944bb?s=96&d=mm&r=g","caption":"administrador"},"url":"https:\/\/mont-roig.cat\/es\/actualitat\/noticies\/author\/administrador\/"}]}},"_links":{"self":[{"href":"https:\/\/mont-roig.cat\/es\/wp-json\/wp\/v2\/posts\/29423","targetHints":{"allow":["GET"]}}],"collection":[{"href":"https:\/\/mont-roig.cat\/es\/wp-json\/wp\/v2\/posts"}],"about":[{"href":"https:\/\/mont-roig.cat\/es\/wp-json\/wp\/v2\/types\/post"}],"author":[{"embeddable":true,"href":"https:\/\/mont-roig.cat\/es\/wp-json\/wp\/v2\/users\/4"}],"replies":[{"embeddable":true,"href":"https:\/\/mont-roig.cat\/es\/wp-json\/wp\/v2\/comments?post=29423"}],"version-history":[{"count":2,"href":"https:\/\/mont-roig.cat\/es\/wp-json\/wp\/v2\/posts\/29423\/revisions"}],"predecessor-version":[{"id":29425,"href":"https:\/\/mont-roig.cat\/es\/wp-json\/wp\/v2\/posts\/29423\/revisions\/29425"}],"wp:featuredmedia":[{"embeddable":true,"href":"https:\/\/mont-roig.cat\/es\/wp-json\/wp\/v2\/media\/29420"}],"wp:attachment":[{"href":"https:\/\/mont-roig.cat\/es\/wp-json\/wp\/v2\/media?parent=29423"}],"wp:term":[{"taxonomy":"category","embeddable":true,"href":"https:\/\/mont-roig.cat\/es\/wp-json\/wp\/v2\/categories?post=29423"},{"taxonomy":"post_tag","embeddable":true,"href":"https:\/\/mont-roig.cat\/es\/wp-json\/wp\/v2\/tags?post=29423"}],"curies":[{"name":"wp","href":"https:\/\/api.w.org\/{rel}","templated":true}]}}