{"id":29451,"date":"2018-08-07T13:25:13","date_gmt":"2018-08-07T11:25:13","guid":{"rendered":"https:\/\/mont-roig.cat\/?p=29451"},"modified":"2018-08-07T13:25:13","modified_gmt":"2018-08-07T11:25:13","slug":"el-ayuntamiento-de-mont-roig-del-camp-y-la-midit-se-unen-para-trabajar-conjuntamente-para-el-desarrollo-local-y-la-diversificacion-economica","status":"publish","type":"post","link":"https:\/\/mont-roig.cat\/es\/actualitat\/noticies\/el-ayuntamiento-de-mont-roig-del-camp-y-la-midit-se-unen-para-trabajar-conjuntamente-para-el-desarrollo-local-y-la-diversificacion-economica\/","title":{"rendered":"El Ayuntamiento de Mont-roig del Camp y la MIDIT se unen para trabajar conjuntamente para el desarrollo local y la diversificaci\u00f3n econ\u00f3mica"},"content":{"rendered":"<p><strong>El alcalde Fran Morancho y el presidente de esta mancomunidad, que re\u00fane a los municipios de Pratdip, Tivissa y Vandell\u00f2s i l&#8217;Hospitalet de l&#8217;Infant, Alfons Garcia han firmado un acuerdo de cooperaci\u00f3n este martes 7 de agosto<\/strong><\/p>\n<div id=\"attachment_29448\" style=\"width: 310px\" class=\"wp-caption alignright\"><a href=\"https:\/\/mont-roig.cat\/wp-content\/uploads\/IMG_5570.jpg\"><img loading=\"lazy\" decoding=\"async\" aria-describedby=\"caption-attachment-29448\" class=\"wp-image-29448\" src=\"https:\/\/mont-roig.cat\/wp-content\/uploads\/IMG_5570.jpg\" alt=\"\" width=\"300\" height=\"225\" srcset=\"https:\/\/mont-roig.cat\/wp-content\/uploads\/IMG_5570.jpg 1920w, https:\/\/mont-roig.cat\/wp-content\/uploads\/IMG_5570-500x375.jpg 500w, https:\/\/mont-roig.cat\/wp-content\/uploads\/IMG_5570-768x576.jpg 768w, https:\/\/mont-roig.cat\/wp-content\/uploads\/IMG_5570-1024x768.jpg 1024w, https:\/\/mont-roig.cat\/wp-content\/uploads\/IMG_5570-463x348.jpg 463w\" sizes=\"auto, (max-width: 300px) 100vw, 300px\" \/><\/a><p id=\"caption-attachment-29448\" class=\"wp-caption-text\">Morancho, Garcia y Jard\u00ed en el acto de signatura<\/p><\/div>\n<p>Mont-roig del Camp y los municipios que integran la MIDIT (Pratdip, Tivissa y Vandell\u00f2s i l&#8217;Hospitalet de l&#8217;Infant) se han comprometido a &#8220;iniciar un proceso de cooperaci\u00f3n, planificaci\u00f3n y participaci\u00f3n para el desarrollo local y la diversificaci\u00f3n econ\u00f3mica del territorio&#8221;. Esto consta en el acuerdo que han firmado el alcalde de Mont-roig del Camp, Fran Morancho y el presidente de la Mancomunidad de Iniciativas para el Desarrollo Integral del Territorio (MIDIT), Alfons Garcia, este martes 7 de mayo en la Casa de l&#8217;Hospitalet de l&#8217;Infant. A este acto tambi\u00e9n ha asistido el vicepresidente de la Mancomunidad, Jordi Jard\u00ed.<\/p>\n<p>Para que este compromiso sea una realidad, han acordado crear un grupo de trabajo entre los equipos t\u00e9cnicos de las dos entidades &#8220;que act\u00fae de manera operativa, integral, sostenible y coordinada&#8221; y elabore &#8220;propuestas de actuaci\u00f3n comunes para el desarrollo de una estrategia territorial&#8221;. Este grupo de trabajo se reunir\u00e1 mensualmente, con el objetivo de &#8220;mejorar la eficiencia y la eficacia de las pol\u00edticas de desarrollo local, promoci\u00f3n econ\u00f3mica y de apoyo a la generaci\u00f3n de ocupaci\u00f3n del territorio&#8221; que abarcan; y, en definitiva, &#8220;mejorar la calidad de vida y el bienestar de su poblaci\u00f3n&#8221;.<\/p>\n<p>Para alcanzar este fin, tanto la MIDIT como el Ayuntamiento de Mont-roig del Camp consideran necesario incorporar en este proceso el tejido social y econ\u00f3mico del territorio, es decir, coordinar las iniciativas p\u00fablicas y privadas, para fomentar la cohesi\u00f3n social y territorial.<\/p>\n<p>Ambas partes han decidido rubricar este acuerdo teniendo en cuenta &#8220;la realidad socioecon\u00f3mica compartida por los cuatro municipios, la existencia de importantes retos de futuro comunes, los lazos estrechos de vecindad y su colaboraci\u00f3n en otros \u00e1mbitos, as\u00ed como la voluntad conjunta de reforzar estos v\u00ednculos&#8221;, tal como consta en el documento. Otros argumentos que justifican el acuerdo, seg\u00fan argumentan, es que &#8220;el impulso a escala supralocal de actuaciones de desarrollo econ\u00f3mico local mejora sustancialmente su impacto&#8221; y que &#8220;las pol\u00edticas p\u00fablicas de empleo vigentes apuestan por las estrategias territoriales conjuntas mediante la cooperaci\u00f3n de los territorios&#8221;. Es decir, la incorporaci\u00f3n de Mont-roig del Camp y su poblaci\u00f3n en la MIDIT, har\u00e1 posible sumar esfuerzos y llegar a la cifra conjunta de 20.000 habitantes, una cantidad que permite acceder a l\u00edneas de ayuda europeas que piden este m\u00ednimo de concentraci\u00f3n de poblaci\u00f3n por territorio para poder otorgar subvenciones.<\/p>\n<p>Los municipios que forman parte de la MIDIT (Pratdip, Tivissa y Vandell\u00f2s i l&#8217;Hospitalet de l&#8217;Infant) y el municipio de Mont-roig del Camp conforman un territorio que constituye una realidad socioecon\u00f3mica y ocupacional diferenciada, caracterizada por una serie de rasgos comunes:<\/p>\n<ul>\n<li>Est\u00e1n situados en la zona I de influencia de las centrales nucleares de Vandell\u00f3s I y II, la primera en proceso de desmantelamiento; y la segunda, a\u00fan en funcionamiento con previsi\u00f3n de cierre en un futuro.<\/li>\n<li>La poblaci\u00f3n activa de los municipios que integran este acuerdo (8.083 personas) presenta una tasa de paro global del 17,14% que se concentra en la poblaci\u00f3n mayor de 44 a\u00f1os. La tasa de contrataci\u00f3n seg\u00fan el sector de actividad se concentra en un 76% al sector servicios de media en el \u00faltimo a\u00f1o.<\/li>\n<li>En el territorio existen 692 empresas registradas de las cuales un 76% son empresas de servicios.<\/li>\n<li>El sector industrial est\u00e1 perdiendo peso en el territorio y previsiblemente esta tendencia se acelerar\u00e1 cuando la industria energ\u00e9tica cese su actividad y, por tanto, hay que trabajar en la generaci\u00f3n de empleo en otros sectores.<\/li>\n<li>Los municipios incluidos en este acuerdo consideran al sector de la industria tur\u00edstica y el sector agroalimentario como sectores estrat\u00e9gicos para su desarrollo.<\/li>\n<li>El tejido socioecon\u00f3mico de los municipios que integran la Mancomunidad y Mont-roig del Camp comparte la capacidad para hacer frente a estas consecuencias mediante la potenciaci\u00f3n de sectores estrat\u00e9gicos como el turismo, el sector agroalimentario, o el sector tecnol\u00f3gico mediante los pol\u00edgonos industriales existentes y proyectos de atracci\u00f3n de talento en el territorio. Este cuenta con un sector privado cada vez m\u00e1s sensibilizado en el proceso de diversificaci\u00f3n econ\u00f3mica y el desarrollo local como pilares para el bienestar de las personas.<\/li>\n<li>El territorio dispone v\u00edas de comunicaci\u00f3n importantes, la Autov\u00eda A7, la Autopista AP7, el corredor mediterr\u00e1neo, el aeropuerto de Reus o el Puerto de Tarragona, que permiten generar oportunidades tanto en los sectores de futuro ya identificados, como en otros de valor a\u00f1adido que se puedan identificar.<\/li>\n<\/ul>\n<p>Los municipios integrantes de la Mancomunidad hace tiempo que trabajan para propiciar un proceso de diversificaci\u00f3n econ\u00f3mica mediante un Plan Estrat\u00e9gico de Desarrollo Econ\u00f3mico Local que se est\u00e1 implementando desde el a\u00f1o 2010, ante la necesidad de que se vio de coordinar las actuaciones p\u00fablicas y privadas a llevar a cabo para progresar, bas\u00e1ndose en un gran nexo com\u00fan: generar empleo a trav\u00e9s de desarrollo econ\u00f3mico local. El municipio de Mont-roig del Camp tambi\u00e9n ha iniciado un proceso de reflexi\u00f3n y de planificaci\u00f3n estrat\u00e9gica en desarrollo econ\u00f3mico local con la participaci\u00f3n de agentes p\u00fablicos y privados con el objetivo de generar empleo local y la diversificaci\u00f3n econ\u00f3mica del municipio . Esta planificaci\u00f3n estrat\u00e9gica engloba un Plan Estrat\u00e9gico de Turismo; y por otro lado, se est\u00e1 llevando a cabo el Plan Estrat\u00e9gico Mont-roig Miami 2030, que estar\u00e1 listo a finales de este a\u00f1o y que se podr\u00e1 utilizar tambi\u00e9n para el Plan Estrat\u00e9gico de Desarrollo Econ\u00f3mico Local de la MIDIT.<\/p>\n<p>Los cuatro municipios concentran una poblaci\u00f3n de 20.286 habitantes (Montroig del Camp, 11.597 habitantes; Vandell\u00f2s i l&#8217;Hospitalet de l&#8217;Infant, 6.294; Tivissa, 1.677; y Pratdip, 718), seg\u00fan datos del Idescat de 2017) .<\/p>\n","protected":false},"excerpt":{"rendered":"<p>El alcalde Fran Morancho y el presidente de esta mancomunidad, que re\u00fane a los municipios de Pratdip, Tivissa y Vandell\u00f2s i l&#8217;Hospitalet de l&#8217;Infant, Alfons Garcia han firmado un acuerdo de cooperaci\u00f3n este martes 7 de agosto Mont-roig del Camp y los municipios que integran la MIDIT (Pratdip, Tivissa y Vandell\u00f2s i l&#8217;Hospitalet de l&#8217;Infant) [&hellip;]<\/p>\n","protected":false},"author":4,"featured_media":29448,"comment_status":"closed","ping_status":"closed","sticky":false,"template":"","format":"standard","meta":{"inline_featured_image":false,"_monsterinsights_skip_tracking":false,"_monsterinsights_sitenote_active":false,"_monsterinsights_sitenote_note":"","_monsterinsights_sitenote_category":0,"footnotes":""},"categories":[156,98],"tags":[],"class_list":["post-29451","post","type-post","status-publish","format-standard","has-post-thumbnail","hentry","category-alcalde-es","category-ayuntamiento"],"yoast_head":"<!-- This site is optimized with the Yoast SEO plugin v27.4 - https:\/\/yoast.com\/product\/yoast-seo-wordpress\/ -->\n<title>El Ayuntamiento de Mont-roig del Camp y la MIDIT se unen para trabajar conjuntamente para el desarrollo local y la diversificaci\u00f3n econ\u00f3mica - Ajuntament de Mont-roig del Camp<\/title>\n<meta name=\"robots\" content=\"index, follow, max-snippet:-1, max-image-preview:large, max-video-preview:-1\" \/>\n<link rel=\"canonical\" href=\"https:\/\/mont-roig.cat\/es\/actualitat\/noticies\/el-ayuntamiento-de-mont-roig-del-camp-y-la-midit-se-unen-para-trabajar-conjuntamente-para-el-desarrollo-local-y-la-diversificacion-economica\/\" \/>\n<meta property=\"og:locale\" content=\"es_ES\" \/>\n<meta property=\"og:type\" content=\"article\" \/>\n<meta property=\"og:title\" content=\"El Ayuntamiento de Mont-roig del Camp y la MIDIT se unen para trabajar conjuntamente para el desarrollo local y la diversificaci\u00f3n econ\u00f3mica - Ajuntament de Mont-roig del Camp\" \/>\n<meta property=\"og:description\" content=\"El alcalde Fran Morancho y el presidente de esta mancomunidad, que re\u00fane a los municipios de Pratdip, Tivissa y Vandell\u00f2s i l&#8217;Hospitalet de l&#8217;Infant, Alfons Garcia han firmado un acuerdo de cooperaci\u00f3n este martes 7 de agosto Mont-roig del Camp y los municipios que integran la MIDIT (Pratdip, Tivissa y Vandell\u00f2s i l&#8217;Hospitalet de l&#8217;Infant) [&hellip;]\" \/>\n<meta property=\"og:url\" content=\"https:\/\/mont-roig.cat\/es\/actualitat\/noticies\/el-ayuntamiento-de-mont-roig-del-camp-y-la-midit-se-unen-para-trabajar-conjuntamente-para-el-desarrollo-local-y-la-diversificacion-economica\/\" \/>\n<meta property=\"og:site_name\" content=\"Ajuntament de Mont-roig del Camp\" \/>\n<meta property=\"article:published_time\" content=\"2018-08-07T11:25:13+00:00\" \/>\n<meta property=\"og:image\" content=\"https:\/\/mont-roig.cat\/wp-content\/uploads\/IMG_5570.jpg\" \/>\n\t<meta property=\"og:image:width\" content=\"1920\" \/>\n\t<meta property=\"og:image:height\" content=\"1440\" \/>\n\t<meta property=\"og:image:type\" content=\"image\/jpeg\" \/>\n<meta name=\"author\" content=\"administrador\" \/>\n<meta name=\"twitter:card\" content=\"summary_large_image\" \/>\n<meta name=\"twitter:label1\" content=\"Escrito por\" \/>\n\t<meta name=\"twitter:data1\" content=\"administrador\" \/>\n\t<meta name=\"twitter:label2\" content=\"Tiempo de lectura\" \/>\n\t<meta name=\"twitter:data2\" content=\"5 minutos\" \/>\n<script type=\"application\/ld+json\" class=\"yoast-schema-graph\">{\"@context\":\"https:\\\/\\\/schema.org\",\"@graph\":[{\"@type\":\"Article\",\"@id\":\"https:\\\/\\\/mont-roig.cat\\\/es\\\/actualitat\\\/noticies\\\/el-ayuntamiento-de-mont-roig-del-camp-y-la-midit-se-unen-para-trabajar-conjuntamente-para-el-desarrollo-local-y-la-diversificacion-economica\\\/#article\",\"isPartOf\":{\"@id\":\"https:\\\/\\\/mont-roig.cat\\\/es\\\/actualitat\\\/noticies\\\/el-ayuntamiento-de-mont-roig-del-camp-y-la-midit-se-unen-para-trabajar-conjuntamente-para-el-desarrollo-local-y-la-diversificacion-economica\\\/\"},\"author\":{\"name\":\"administrador\",\"@id\":\"https:\\\/\\\/mont-roig.cat\\\/es\\\/#\\\/schema\\\/person\\\/f2b111789f22b7d0c3bd6786c9128cba\"},\"headline\":\"El Ayuntamiento de Mont-roig del Camp y la MIDIT se unen para trabajar conjuntamente para el desarrollo local y la diversificaci\u00f3n econ\u00f3mica\",\"datePublished\":\"2018-08-07T11:25:13+00:00\",\"mainEntityOfPage\":{\"@id\":\"https:\\\/\\\/mont-roig.cat\\\/es\\\/actualitat\\\/noticies\\\/el-ayuntamiento-de-mont-roig-del-camp-y-la-midit-se-unen-para-trabajar-conjuntamente-para-el-desarrollo-local-y-la-diversificacion-economica\\\/\"},\"wordCount\":1061,\"image\":{\"@id\":\"https:\\\/\\\/mont-roig.cat\\\/es\\\/actualitat\\\/noticies\\\/el-ayuntamiento-de-mont-roig-del-camp-y-la-midit-se-unen-para-trabajar-conjuntamente-para-el-desarrollo-local-y-la-diversificacion-economica\\\/#primaryimage\"},\"thumbnailUrl\":\"https:\\\/\\\/mont-roig.cat\\\/wp-content\\\/uploads\\\/IMG_5570.jpg\",\"articleSection\":[\"Alcalde\",\"Ayuntamiento\"],\"inLanguage\":\"es\"},{\"@type\":\"WebPage\",\"@id\":\"https:\\\/\\\/mont-roig.cat\\\/es\\\/actualitat\\\/noticies\\\/el-ayuntamiento-de-mont-roig-del-camp-y-la-midit-se-unen-para-trabajar-conjuntamente-para-el-desarrollo-local-y-la-diversificacion-economica\\\/\",\"url\":\"https:\\\/\\\/mont-roig.cat\\\/es\\\/actualitat\\\/noticies\\\/el-ayuntamiento-de-mont-roig-del-camp-y-la-midit-se-unen-para-trabajar-conjuntamente-para-el-desarrollo-local-y-la-diversificacion-economica\\\/\",\"name\":\"El Ayuntamiento de Mont-roig del Camp y la MIDIT se unen para trabajar conjuntamente para el desarrollo local y la diversificaci\u00f3n econ\u00f3mica - Ajuntament de Mont-roig del Camp\",\"isPartOf\":{\"@id\":\"https:\\\/\\\/mont-roig.cat\\\/es\\\/#website\"},\"primaryImageOfPage\":{\"@id\":\"https:\\\/\\\/mont-roig.cat\\\/es\\\/actualitat\\\/noticies\\\/el-ayuntamiento-de-mont-roig-del-camp-y-la-midit-se-unen-para-trabajar-conjuntamente-para-el-desarrollo-local-y-la-diversificacion-economica\\\/#primaryimage\"},\"image\":{\"@id\":\"https:\\\/\\\/mont-roig.cat\\\/es\\\/actualitat\\\/noticies\\\/el-ayuntamiento-de-mont-roig-del-camp-y-la-midit-se-unen-para-trabajar-conjuntamente-para-el-desarrollo-local-y-la-diversificacion-economica\\\/#primaryimage\"},\"thumbnailUrl\":\"https:\\\/\\\/mont-roig.cat\\\/wp-content\\\/uploads\\\/IMG_5570.jpg\",\"datePublished\":\"2018-08-07T11:25:13+00:00\",\"author\":{\"@id\":\"https:\\\/\\\/mont-roig.cat\\\/es\\\/#\\\/schema\\\/person\\\/f2b111789f22b7d0c3bd6786c9128cba\"},\"breadcrumb\":{\"@id\":\"https:\\\/\\\/mont-roig.cat\\\/es\\\/actualitat\\\/noticies\\\/el-ayuntamiento-de-mont-roig-del-camp-y-la-midit-se-unen-para-trabajar-conjuntamente-para-el-desarrollo-local-y-la-diversificacion-economica\\\/#breadcrumb\"},\"inLanguage\":\"es\",\"potentialAction\":[{\"@type\":\"ReadAction\",\"target\":[\"https:\\\/\\\/mont-roig.cat\\\/es\\\/actualitat\\\/noticies\\\/el-ayuntamiento-de-mont-roig-del-camp-y-la-midit-se-unen-para-trabajar-conjuntamente-para-el-desarrollo-local-y-la-diversificacion-economica\\\/\"]}]},{\"@type\":\"ImageObject\",\"inLanguage\":\"es\",\"@id\":\"https:\\\/\\\/mont-roig.cat\\\/es\\\/actualitat\\\/noticies\\\/el-ayuntamiento-de-mont-roig-del-camp-y-la-midit-se-unen-para-trabajar-conjuntamente-para-el-desarrollo-local-y-la-diversificacion-economica\\\/#primaryimage\",\"url\":\"https:\\\/\\\/mont-roig.cat\\\/wp-content\\\/uploads\\\/IMG_5570.jpg\",\"contentUrl\":\"https:\\\/\\\/mont-roig.cat\\\/wp-content\\\/uploads\\\/IMG_5570.jpg\",\"width\":1920,\"height\":1440},{\"@type\":\"BreadcrumbList\",\"@id\":\"https:\\\/\\\/mont-roig.cat\\\/es\\\/actualitat\\\/noticies\\\/el-ayuntamiento-de-mont-roig-del-camp-y-la-midit-se-unen-para-trabajar-conjuntamente-para-el-desarrollo-local-y-la-diversificacion-economica\\\/#breadcrumb\",\"itemListElement\":[{\"@type\":\"ListItem\",\"position\":1,\"name\":\"Inici\",\"item\":\"https:\\\/\\\/mont-roig.cat\\\/es\\\/pagina-de-inicio\\\/\"},{\"@type\":\"ListItem\",\"position\":2,\"name\":\"El Ayuntamiento de Mont-roig del Camp y la MIDIT se unen para trabajar conjuntamente para el desarrollo local y la diversificaci\u00f3n econ\u00f3mica\"}]},{\"@type\":\"WebSite\",\"@id\":\"https:\\\/\\\/mont-roig.cat\\\/es\\\/#website\",\"url\":\"https:\\\/\\\/mont-roig.cat\\\/es\\\/\",\"name\":\"Ajuntament de Mont-roig del Camp\",\"description\":\"Tota la informaci\u00f3 sobre la instituci\u00f3, els seus \u00f2rgans de govern, actualitat, serveis i molt m\u00e9s.\",\"potentialAction\":[{\"@type\":\"SearchAction\",\"target\":{\"@type\":\"EntryPoint\",\"urlTemplate\":\"https:\\\/\\\/mont-roig.cat\\\/es\\\/?s={search_term_string}\"},\"query-input\":{\"@type\":\"PropertyValueSpecification\",\"valueRequired\":true,\"valueName\":\"search_term_string\"}}],\"inLanguage\":\"es\"},{\"@type\":\"Person\",\"@id\":\"https:\\\/\\\/mont-roig.cat\\\/es\\\/#\\\/schema\\\/person\\\/f2b111789f22b7d0c3bd6786c9128cba\",\"name\":\"administrador\",\"image\":{\"@type\":\"ImageObject\",\"inLanguage\":\"es\",\"@id\":\"https:\\\/\\\/secure.gravatar.com\\\/avatar\\\/9137aac6891e2595c9d3036fd83bcb653b4db3c946db4c7d9b9be193c3c944bb?s=96&d=mm&r=g\",\"url\":\"https:\\\/\\\/secure.gravatar.com\\\/avatar\\\/9137aac6891e2595c9d3036fd83bcb653b4db3c946db4c7d9b9be193c3c944bb?s=96&d=mm&r=g\",\"contentUrl\":\"https:\\\/\\\/secure.gravatar.com\\\/avatar\\\/9137aac6891e2595c9d3036fd83bcb653b4db3c946db4c7d9b9be193c3c944bb?s=96&d=mm&r=g\",\"caption\":\"administrador\"},\"url\":\"https:\\\/\\\/mont-roig.cat\\\/es\\\/actualitat\\\/noticies\\\/author\\\/administrador\\\/\"}]}<\/script>\n<!-- \/ Yoast SEO plugin. -->","yoast_head_json":{"title":"El Ayuntamiento de Mont-roig del Camp y la MIDIT se unen para trabajar conjuntamente para el desarrollo local y la diversificaci\u00f3n econ\u00f3mica - Ajuntament de Mont-roig del Camp","robots":{"index":"index","follow":"follow","max-snippet":"max-snippet:-1","max-image-preview":"max-image-preview:large","max-video-preview":"max-video-preview:-1"},"canonical":"https:\/\/mont-roig.cat\/es\/actualitat\/noticies\/el-ayuntamiento-de-mont-roig-del-camp-y-la-midit-se-unen-para-trabajar-conjuntamente-para-el-desarrollo-local-y-la-diversificacion-economica\/","og_locale":"es_ES","og_type":"article","og_title":"El Ayuntamiento de Mont-roig del Camp y la MIDIT se unen para trabajar conjuntamente para el desarrollo local y la diversificaci\u00f3n econ\u00f3mica - Ajuntament de Mont-roig del Camp","og_description":"El alcalde Fran Morancho y el presidente de esta mancomunidad, que re\u00fane a los municipios de Pratdip, Tivissa y Vandell\u00f2s i l&#8217;Hospitalet de l&#8217;Infant, Alfons Garcia han firmado un acuerdo de cooperaci\u00f3n este martes 7 de agosto Mont-roig del Camp y los municipios que integran la MIDIT (Pratdip, Tivissa y Vandell\u00f2s i l&#8217;Hospitalet de l&#8217;Infant) [&hellip;]","og_url":"https:\/\/mont-roig.cat\/es\/actualitat\/noticies\/el-ayuntamiento-de-mont-roig-del-camp-y-la-midit-se-unen-para-trabajar-conjuntamente-para-el-desarrollo-local-y-la-diversificacion-economica\/","og_site_name":"Ajuntament de Mont-roig del Camp","article_published_time":"2018-08-07T11:25:13+00:00","og_image":[{"width":1920,"height":1440,"url":"https:\/\/mont-roig.cat\/wp-content\/uploads\/IMG_5570.jpg","type":"image\/jpeg"}],"author":"administrador","twitter_card":"summary_large_image","twitter_misc":{"Escrito por":"administrador","Tiempo de lectura":"5 minutos"},"schema":{"@context":"https:\/\/schema.org","@graph":[{"@type":"Article","@id":"https:\/\/mont-roig.cat\/es\/actualitat\/noticies\/el-ayuntamiento-de-mont-roig-del-camp-y-la-midit-se-unen-para-trabajar-conjuntamente-para-el-desarrollo-local-y-la-diversificacion-economica\/#article","isPartOf":{"@id":"https:\/\/mont-roig.cat\/es\/actualitat\/noticies\/el-ayuntamiento-de-mont-roig-del-camp-y-la-midit-se-unen-para-trabajar-conjuntamente-para-el-desarrollo-local-y-la-diversificacion-economica\/"},"author":{"name":"administrador","@id":"https:\/\/mont-roig.cat\/es\/#\/schema\/person\/f2b111789f22b7d0c3bd6786c9128cba"},"headline":"El Ayuntamiento de Mont-roig del Camp y la MIDIT se unen para trabajar conjuntamente para el desarrollo local y la diversificaci\u00f3n econ\u00f3mica","datePublished":"2018-08-07T11:25:13+00:00","mainEntityOfPage":{"@id":"https:\/\/mont-roig.cat\/es\/actualitat\/noticies\/el-ayuntamiento-de-mont-roig-del-camp-y-la-midit-se-unen-para-trabajar-conjuntamente-para-el-desarrollo-local-y-la-diversificacion-economica\/"},"wordCount":1061,"image":{"@id":"https:\/\/mont-roig.cat\/es\/actualitat\/noticies\/el-ayuntamiento-de-mont-roig-del-camp-y-la-midit-se-unen-para-trabajar-conjuntamente-para-el-desarrollo-local-y-la-diversificacion-economica\/#primaryimage"},"thumbnailUrl":"https:\/\/mont-roig.cat\/wp-content\/uploads\/IMG_5570.jpg","articleSection":["Alcalde","Ayuntamiento"],"inLanguage":"es"},{"@type":"WebPage","@id":"https:\/\/mont-roig.cat\/es\/actualitat\/noticies\/el-ayuntamiento-de-mont-roig-del-camp-y-la-midit-se-unen-para-trabajar-conjuntamente-para-el-desarrollo-local-y-la-diversificacion-economica\/","url":"https:\/\/mont-roig.cat\/es\/actualitat\/noticies\/el-ayuntamiento-de-mont-roig-del-camp-y-la-midit-se-unen-para-trabajar-conjuntamente-para-el-desarrollo-local-y-la-diversificacion-economica\/","name":"El Ayuntamiento de Mont-roig del Camp y la MIDIT se unen para trabajar conjuntamente para el desarrollo local y la diversificaci\u00f3n econ\u00f3mica - Ajuntament de Mont-roig del Camp","isPartOf":{"@id":"https:\/\/mont-roig.cat\/es\/#website"},"primaryImageOfPage":{"@id":"https:\/\/mont-roig.cat\/es\/actualitat\/noticies\/el-ayuntamiento-de-mont-roig-del-camp-y-la-midit-se-unen-para-trabajar-conjuntamente-para-el-desarrollo-local-y-la-diversificacion-economica\/#primaryimage"},"image":{"@id":"https:\/\/mont-roig.cat\/es\/actualitat\/noticies\/el-ayuntamiento-de-mont-roig-del-camp-y-la-midit-se-unen-para-trabajar-conjuntamente-para-el-desarrollo-local-y-la-diversificacion-economica\/#primaryimage"},"thumbnailUrl":"https:\/\/mont-roig.cat\/wp-content\/uploads\/IMG_5570.jpg","datePublished":"2018-08-07T11:25:13+00:00","author":{"@id":"https:\/\/mont-roig.cat\/es\/#\/schema\/person\/f2b111789f22b7d0c3bd6786c9128cba"},"breadcrumb":{"@id":"https:\/\/mont-roig.cat\/es\/actualitat\/noticies\/el-ayuntamiento-de-mont-roig-del-camp-y-la-midit-se-unen-para-trabajar-conjuntamente-para-el-desarrollo-local-y-la-diversificacion-economica\/#breadcrumb"},"inLanguage":"es","potentialAction":[{"@type":"ReadAction","target":["https:\/\/mont-roig.cat\/es\/actualitat\/noticies\/el-ayuntamiento-de-mont-roig-del-camp-y-la-midit-se-unen-para-trabajar-conjuntamente-para-el-desarrollo-local-y-la-diversificacion-economica\/"]}]},{"@type":"ImageObject","inLanguage":"es","@id":"https:\/\/mont-roig.cat\/es\/actualitat\/noticies\/el-ayuntamiento-de-mont-roig-del-camp-y-la-midit-se-unen-para-trabajar-conjuntamente-para-el-desarrollo-local-y-la-diversificacion-economica\/#primaryimage","url":"https:\/\/mont-roig.cat\/wp-content\/uploads\/IMG_5570.jpg","contentUrl":"https:\/\/mont-roig.cat\/wp-content\/uploads\/IMG_5570.jpg","width":1920,"height":1440},{"@type":"BreadcrumbList","@id":"https:\/\/mont-roig.cat\/es\/actualitat\/noticies\/el-ayuntamiento-de-mont-roig-del-camp-y-la-midit-se-unen-para-trabajar-conjuntamente-para-el-desarrollo-local-y-la-diversificacion-economica\/#breadcrumb","itemListElement":[{"@type":"ListItem","position":1,"name":"Inici","item":"https:\/\/mont-roig.cat\/es\/pagina-de-inicio\/"},{"@type":"ListItem","position":2,"name":"El Ayuntamiento de Mont-roig del Camp y la MIDIT se unen para trabajar conjuntamente para el desarrollo local y la diversificaci\u00f3n econ\u00f3mica"}]},{"@type":"WebSite","@id":"https:\/\/mont-roig.cat\/es\/#website","url":"https:\/\/mont-roig.cat\/es\/","name":"Ajuntament de Mont-roig del Camp","description":"Tota la informaci\u00f3 sobre la instituci\u00f3, els seus \u00f2rgans de govern, actualitat, serveis i molt m\u00e9s.","potentialAction":[{"@type":"SearchAction","target":{"@type":"EntryPoint","urlTemplate":"https:\/\/mont-roig.cat\/es\/?s={search_term_string}"},"query-input":{"@type":"PropertyValueSpecification","valueRequired":true,"valueName":"search_term_string"}}],"inLanguage":"es"},{"@type":"Person","@id":"https:\/\/mont-roig.cat\/es\/#\/schema\/person\/f2b111789f22b7d0c3bd6786c9128cba","name":"administrador","image":{"@type":"ImageObject","inLanguage":"es","@id":"https:\/\/secure.gravatar.com\/avatar\/9137aac6891e2595c9d3036fd83bcb653b4db3c946db4c7d9b9be193c3c944bb?s=96&d=mm&r=g","url":"https:\/\/secure.gravatar.com\/avatar\/9137aac6891e2595c9d3036fd83bcb653b4db3c946db4c7d9b9be193c3c944bb?s=96&d=mm&r=g","contentUrl":"https:\/\/secure.gravatar.com\/avatar\/9137aac6891e2595c9d3036fd83bcb653b4db3c946db4c7d9b9be193c3c944bb?s=96&d=mm&r=g","caption":"administrador"},"url":"https:\/\/mont-roig.cat\/es\/actualitat\/noticies\/author\/administrador\/"}]}},"_links":{"self":[{"href":"https:\/\/mont-roig.cat\/es\/wp-json\/wp\/v2\/posts\/29451","targetHints":{"allow":["GET"]}}],"collection":[{"href":"https:\/\/mont-roig.cat\/es\/wp-json\/wp\/v2\/posts"}],"about":[{"href":"https:\/\/mont-roig.cat\/es\/wp-json\/wp\/v2\/types\/post"}],"author":[{"embeddable":true,"href":"https:\/\/mont-roig.cat\/es\/wp-json\/wp\/v2\/users\/4"}],"replies":[{"embeddable":true,"href":"https:\/\/mont-roig.cat\/es\/wp-json\/wp\/v2\/comments?post=29451"}],"version-history":[{"count":2,"href":"https:\/\/mont-roig.cat\/es\/wp-json\/wp\/v2\/posts\/29451\/revisions"}],"predecessor-version":[{"id":29453,"href":"https:\/\/mont-roig.cat\/es\/wp-json\/wp\/v2\/posts\/29451\/revisions\/29453"}],"wp:featuredmedia":[{"embeddable":true,"href":"https:\/\/mont-roig.cat\/es\/wp-json\/wp\/v2\/media\/29448"}],"wp:attachment":[{"href":"https:\/\/mont-roig.cat\/es\/wp-json\/wp\/v2\/media?parent=29451"}],"wp:term":[{"taxonomy":"category","embeddable":true,"href":"https:\/\/mont-roig.cat\/es\/wp-json\/wp\/v2\/categories?post=29451"},{"taxonomy":"post_tag","embeddable":true,"href":"https:\/\/mont-roig.cat\/es\/wp-json\/wp\/v2\/tags?post=29451"}],"curies":[{"name":"wp","href":"https:\/\/api.w.org\/{rel}","templated":true}]}}