{"id":29563,"date":"2018-08-20T14:06:36","date_gmt":"2018-08-20T12:06:36","guid":{"rendered":"https:\/\/mont-roig.cat\/?p=29563"},"modified":"2018-08-20T16:41:56","modified_gmt":"2018-08-20T14:41:56","slug":"el-festival-nomad-vuelve-a-miami-platja-con-una-noche-blanca","status":"publish","type":"post","link":"https:\/\/mont-roig.cat\/es\/actualitat\/noticies\/el-festival-nomad-vuelve-a-miami-platja-con-una-noche-blanca\/","title":{"rendered":"El Festival Nomad vuelve a Miami Platja con una Noche Blanca"},"content":{"rendered":"<ul>\n<li><strong>Del 22 al 26 de agosto, la Punta del Riu acoger\u00e1 conciertos, foodtrucks y actividades infantiles, entre otros<\/strong><\/li>\n<li><strong>Por primera vez habr\u00e1 7 establecimientos comerciales del municipio que participar\u00e1n en el mercadillo de productos de moda y dise\u00f1o<\/strong><\/li>\n<\/ul>\n<div id=\"attachment_29561\" style=\"width: 310px\" class=\"wp-caption alignright\"><a href=\"https:\/\/mont-roig.cat\/wp-content\/uploads\/MG_3149_insta.jpg\"><img loading=\"lazy\" decoding=\"async\" aria-describedby=\"caption-attachment-29561\" class=\"wp-image-29561\" src=\"https:\/\/mont-roig.cat\/wp-content\/uploads\/MG_3149_insta.jpg\" alt=\"\" width=\"300\" height=\"200\" srcset=\"https:\/\/mont-roig.cat\/wp-content\/uploads\/MG_3149_insta.jpg 1920w, https:\/\/mont-roig.cat\/wp-content\/uploads\/MG_3149_insta-500x333.jpg 500w, https:\/\/mont-roig.cat\/wp-content\/uploads\/MG_3149_insta-768x512.jpg 768w, https:\/\/mont-roig.cat\/wp-content\/uploads\/MG_3149_insta-1024x683.jpg 1024w\" sizes=\"auto, (max-width: 300px) 100vw, 300px\" \/><\/a><p id=\"caption-attachment-29561\" class=\"wp-caption-text\">Nomad Festival<\/p><\/div>\n<p>El Nomad Festival, el evento n\u00f3mada que fusiona disciplinas culturales en un mismo espacio al aire libre vuelve a Miami Platja, del 22 al 26 de agosto. En esta tercera edici\u00f3n, hay programados varios conciertos, una amplia programaci\u00f3n infantil, un Market con participaci\u00f3n de establecimientos comerciales locales y foodtrucks. La noche del 25 de agosto, adem\u00e1s, habr\u00e1 una programaci\u00f3n especial con la celebraci\u00f3n de la Noche Blanca, en la que se anima a todos los visitantes a venir vestidos de blanco. La entrada al recinto del Nomad Festival, ubicado en la Punta del Riu, de cinco de la tarde hasta la madrugada, ser\u00e1 gratuita los cinco d\u00edas del evento.<\/p>\n<p><strong>Noche Blanca la noche del 25<\/strong><\/p>\n<p>La celebraci\u00f3n de la Noche Blanca del 25 de agosto ser\u00e1 una de las principales novedades y uno de los momentos centrales de los cinco d\u00edas de Nomad Festival en Miami Platja, en una noche en la que se apostar\u00e1 por vivir intensamente las horas de luna llena. El apartado musical correr\u00e1 a cargo de LoveJoy y Disco Move It. Adem\u00e1s se organizar\u00e1 un concurso entre todas aquellas personas que opten por venir vestidos de blanco.<\/p>\n<p>Esta noche tem\u00e1tica ir\u00e1 acompa\u00f1ada de todas las otras vertientes del Nomad Festival (Market, Petit Nomad, Foodtrucks), con el objetivo de vivir unas horas especiales al aire libre y al lado del mar.<\/p>\n<p><strong>Una experiencia de shopping \u00fanica<\/strong><\/p>\n<p>Del 22 al 26 de agosto habr\u00e1 tambi\u00e9n la posibilidad de conocer y comprar productos de una veintena de marcas independientes con propuestas innovadoras y de calidad en los \u00e1mbitos de la moda y los complementos. El Nomad Market apuesta en esta edici\u00f3n por las marcas locales y conceptos como el slowfashion. As\u00ed participar\u00e1n hasta 7 comercios del municipio: Boutique by Happy, Piartesalo, Ple d&#8217;Espais, Anacor, La Parelleta, Yasso y Miami Garden.<\/p>\n<p><a href=\"https:\/\/mont-roig.cat\/wp-content\/uploads\/PROGRAMA_MIAMI-001.jpg\"><img loading=\"lazy\" decoding=\"async\" class=\"wp-image-29530 alignright\" src=\"https:\/\/mont-roig.cat\/wp-content\/uploads\/PROGRAMA_MIAMI-001.jpg\" alt=\"\" width=\"250\" height=\"353\" srcset=\"https:\/\/mont-roig.cat\/wp-content\/uploads\/PROGRAMA_MIAMI-001.jpg 1684w, https:\/\/mont-roig.cat\/wp-content\/uploads\/PROGRAMA_MIAMI-001-354x500.jpg 354w, https:\/\/mont-roig.cat\/wp-content\/uploads\/PROGRAMA_MIAMI-001-768x1086.jpg 768w, https:\/\/mont-roig.cat\/wp-content\/uploads\/PROGRAMA_MIAMI-001-724x1024.jpg 724w\" sizes=\"auto, (max-width: 250px) 100vw, 250px\" \/><\/a>Por otra parte, cada d\u00eda se podr\u00e1 disfrutar de varias foodtrucks con propuestas de comida de calidad y representativas de diferentes cocinas del mundo, junto con un espacio chill out donde pasar un rato tranquilo, acompa\u00f1ados de una selecci\u00f3n de m\u00fasica ambiente muy cuidada y pensada para diferentes momentos de la jornada.<\/p>\n<p><strong>M\u00fasica y programaci\u00f3n para todas las edades<\/strong><\/p>\n<p>El resto de d\u00edas, en el escenario principal de Nomad Festival hay programados varios conciertos entre los que destacan la solista Bel\u00e9n Alonso, los Juke Movie Duet con sus versiones de \u00e9xitos, o los Jungle Boogies.<\/p>\n<p>Otro de los rasgos de identidad del Nomad Festival, es la programaci\u00f3n infantil con actividades todos los d\u00edas de cinco de la tarde a las doce y media de la madrugada. Los m\u00e1s peque\u00f1os podr\u00e1n disfrutar de diversos talleres de pago que les permitir\u00e1n convertirse en artistas de circo, montar en un pony ecol\u00f3gico, hacer cuadros de arena o pintarse la cara, entre otras propuestas.<\/p>\n<p>El Peque\u00f1o Nomad en Miami Platja contar\u00e1 tambi\u00e9n con espect\u00e1culos infantiles gratuitos con la actuaci\u00f3n de la Turuleta Band, el s\u00e1bado 25. Viernes 24 hay prevista una disco infantil con Eli Casas y domingo, la experiencia Nomad en Miami Platja se cerrar\u00e1 con una fiesta pirata.<\/p>\n<p>Nomad Festival llega a Miami Platja despu\u00e9s de haber pasado este a\u00f1o por la Nau Bostik de Barcelona, \u200b\u200bTortosa, Sant Feliu de Gu\u00edxols, Castelldefels o Cervera, y en las pr\u00f3ximas semanas visitar\u00e1 poblaciones como Guissona o Salou.<\/p>\n","protected":false},"excerpt":{"rendered":"<p>Del 22 al 26 de agosto, la Punta del Riu acoger\u00e1 conciertos, foodtrucks y actividades infantiles, entre otros Por primera vez habr\u00e1 7 establecimientos comerciales del municipio que participar\u00e1n en el mercadillo de productos de moda y dise\u00f1o El Nomad Festival, el evento n\u00f3mada que fusiona disciplinas culturales en un mismo espacio al aire libre [&hellip;]<\/p>\n","protected":false},"author":4,"featured_media":29561,"comment_status":"closed","ping_status":"closed","sticky":false,"template":"","format":"standard","meta":{"inline_featured_image":false,"_monsterinsights_skip_tracking":false,"_monsterinsights_sitenote_active":false,"_monsterinsights_sitenote_note":"","_monsterinsights_sitenote_category":0,"footnotes":""},"categories":[105],"tags":[],"class_list":["post-29563","post","type-post","status-publish","format-standard","has-post-thumbnail","hentry","category-fiestas"],"yoast_head":"<!-- This site is optimized with the Yoast SEO plugin v27.4 - https:\/\/yoast.com\/product\/yoast-seo-wordpress\/ -->\n<title>El Festival Nomad vuelve a Miami Platja con una Noche Blanca - Ajuntament de Mont-roig del Camp<\/title>\n<meta name=\"robots\" content=\"index, follow, max-snippet:-1, max-image-preview:large, max-video-preview:-1\" \/>\n<link rel=\"canonical\" href=\"https:\/\/mont-roig.cat\/es\/actualitat\/noticies\/el-festival-nomad-vuelve-a-miami-platja-con-una-noche-blanca\/\" \/>\n<meta property=\"og:locale\" content=\"es_ES\" \/>\n<meta property=\"og:type\" content=\"article\" \/>\n<meta property=\"og:title\" content=\"El Festival Nomad vuelve a Miami Platja con una Noche Blanca - Ajuntament de Mont-roig del Camp\" \/>\n<meta property=\"og:description\" content=\"Del 22 al 26 de agosto, la Punta del Riu acoger\u00e1 conciertos, foodtrucks y actividades infantiles, entre otros Por primera vez habr\u00e1 7 establecimientos comerciales del municipio que participar\u00e1n en el mercadillo de productos de moda y dise\u00f1o El Nomad Festival, el evento n\u00f3mada que fusiona disciplinas culturales en un mismo espacio al aire libre [&hellip;]\" \/>\n<meta property=\"og:url\" content=\"https:\/\/mont-roig.cat\/es\/actualitat\/noticies\/el-festival-nomad-vuelve-a-miami-platja-con-una-noche-blanca\/\" \/>\n<meta property=\"og:site_name\" content=\"Ajuntament de Mont-roig del Camp\" \/>\n<meta property=\"article:published_time\" content=\"2018-08-20T12:06:36+00:00\" \/>\n<meta property=\"article:modified_time\" content=\"2018-08-20T14:41:56+00:00\" \/>\n<meta property=\"og:image\" content=\"https:\/\/mont-roig.cat\/wp-content\/uploads\/MG_3149_insta.jpg\" \/>\n\t<meta property=\"og:image:width\" content=\"1920\" \/>\n\t<meta property=\"og:image:height\" content=\"1280\" \/>\n\t<meta property=\"og:image:type\" content=\"image\/jpeg\" \/>\n<meta name=\"author\" content=\"administrador\" \/>\n<meta name=\"twitter:card\" content=\"summary_large_image\" \/>\n<meta name=\"twitter:label1\" content=\"Escrito por\" \/>\n\t<meta name=\"twitter:data1\" content=\"administrador\" \/>\n\t<meta name=\"twitter:label2\" content=\"Tiempo de lectura\" \/>\n\t<meta name=\"twitter:data2\" content=\"3 minutos\" \/>\n<script type=\"application\/ld+json\" class=\"yoast-schema-graph\">{\"@context\":\"https:\\\/\\\/schema.org\",\"@graph\":[{\"@type\":\"Article\",\"@id\":\"https:\\\/\\\/mont-roig.cat\\\/es\\\/actualitat\\\/noticies\\\/el-festival-nomad-vuelve-a-miami-platja-con-una-noche-blanca\\\/#article\",\"isPartOf\":{\"@id\":\"https:\\\/\\\/mont-roig.cat\\\/es\\\/actualitat\\\/noticies\\\/el-festival-nomad-vuelve-a-miami-platja-con-una-noche-blanca\\\/\"},\"author\":{\"name\":\"administrador\",\"@id\":\"https:\\\/\\\/mont-roig.cat\\\/es\\\/#\\\/schema\\\/person\\\/f2b111789f22b7d0c3bd6786c9128cba\"},\"headline\":\"El Festival Nomad vuelve a Miami Platja con una Noche Blanca\",\"datePublished\":\"2018-08-20T12:06:36+00:00\",\"dateModified\":\"2018-08-20T14:41:56+00:00\",\"mainEntityOfPage\":{\"@id\":\"https:\\\/\\\/mont-roig.cat\\\/es\\\/actualitat\\\/noticies\\\/el-festival-nomad-vuelve-a-miami-platja-con-una-noche-blanca\\\/\"},\"wordCount\":633,\"image\":{\"@id\":\"https:\\\/\\\/mont-roig.cat\\\/es\\\/actualitat\\\/noticies\\\/el-festival-nomad-vuelve-a-miami-platja-con-una-noche-blanca\\\/#primaryimage\"},\"thumbnailUrl\":\"https:\\\/\\\/mont-roig.cat\\\/wp-content\\\/uploads\\\/MG_3149_insta.jpg\",\"articleSection\":[\"Festes\"],\"inLanguage\":\"es\"},{\"@type\":\"WebPage\",\"@id\":\"https:\\\/\\\/mont-roig.cat\\\/es\\\/actualitat\\\/noticies\\\/el-festival-nomad-vuelve-a-miami-platja-con-una-noche-blanca\\\/\",\"url\":\"https:\\\/\\\/mont-roig.cat\\\/es\\\/actualitat\\\/noticies\\\/el-festival-nomad-vuelve-a-miami-platja-con-una-noche-blanca\\\/\",\"name\":\"El Festival Nomad vuelve a Miami Platja con una Noche Blanca - Ajuntament de Mont-roig del Camp\",\"isPartOf\":{\"@id\":\"https:\\\/\\\/mont-roig.cat\\\/es\\\/#website\"},\"primaryImageOfPage\":{\"@id\":\"https:\\\/\\\/mont-roig.cat\\\/es\\\/actualitat\\\/noticies\\\/el-festival-nomad-vuelve-a-miami-platja-con-una-noche-blanca\\\/#primaryimage\"},\"image\":{\"@id\":\"https:\\\/\\\/mont-roig.cat\\\/es\\\/actualitat\\\/noticies\\\/el-festival-nomad-vuelve-a-miami-platja-con-una-noche-blanca\\\/#primaryimage\"},\"thumbnailUrl\":\"https:\\\/\\\/mont-roig.cat\\\/wp-content\\\/uploads\\\/MG_3149_insta.jpg\",\"datePublished\":\"2018-08-20T12:06:36+00:00\",\"dateModified\":\"2018-08-20T14:41:56+00:00\",\"author\":{\"@id\":\"https:\\\/\\\/mont-roig.cat\\\/es\\\/#\\\/schema\\\/person\\\/f2b111789f22b7d0c3bd6786c9128cba\"},\"breadcrumb\":{\"@id\":\"https:\\\/\\\/mont-roig.cat\\\/es\\\/actualitat\\\/noticies\\\/el-festival-nomad-vuelve-a-miami-platja-con-una-noche-blanca\\\/#breadcrumb\"},\"inLanguage\":\"es\",\"potentialAction\":[{\"@type\":\"ReadAction\",\"target\":[\"https:\\\/\\\/mont-roig.cat\\\/es\\\/actualitat\\\/noticies\\\/el-festival-nomad-vuelve-a-miami-platja-con-una-noche-blanca\\\/\"]}]},{\"@type\":\"ImageObject\",\"inLanguage\":\"es\",\"@id\":\"https:\\\/\\\/mont-roig.cat\\\/es\\\/actualitat\\\/noticies\\\/el-festival-nomad-vuelve-a-miami-platja-con-una-noche-blanca\\\/#primaryimage\",\"url\":\"https:\\\/\\\/mont-roig.cat\\\/wp-content\\\/uploads\\\/MG_3149_insta.jpg\",\"contentUrl\":\"https:\\\/\\\/mont-roig.cat\\\/wp-content\\\/uploads\\\/MG_3149_insta.jpg\",\"width\":1920,\"height\":1280},{\"@type\":\"BreadcrumbList\",\"@id\":\"https:\\\/\\\/mont-roig.cat\\\/es\\\/actualitat\\\/noticies\\\/el-festival-nomad-vuelve-a-miami-platja-con-una-noche-blanca\\\/#breadcrumb\",\"itemListElement\":[{\"@type\":\"ListItem\",\"position\":1,\"name\":\"Inici\",\"item\":\"https:\\\/\\\/mont-roig.cat\\\/es\\\/pagina-de-inicio\\\/\"},{\"@type\":\"ListItem\",\"position\":2,\"name\":\"El Festival Nomad vuelve a Miami Platja con una Noche Blanca\"}]},{\"@type\":\"WebSite\",\"@id\":\"https:\\\/\\\/mont-roig.cat\\\/es\\\/#website\",\"url\":\"https:\\\/\\\/mont-roig.cat\\\/es\\\/\",\"name\":\"Ajuntament de Mont-roig del Camp\",\"description\":\"Tota la informaci\u00f3 sobre la instituci\u00f3, els seus \u00f2rgans de govern, actualitat, serveis i molt m\u00e9s.\",\"potentialAction\":[{\"@type\":\"SearchAction\",\"target\":{\"@type\":\"EntryPoint\",\"urlTemplate\":\"https:\\\/\\\/mont-roig.cat\\\/es\\\/?s={search_term_string}\"},\"query-input\":{\"@type\":\"PropertyValueSpecification\",\"valueRequired\":true,\"valueName\":\"search_term_string\"}}],\"inLanguage\":\"es\"},{\"@type\":\"Person\",\"@id\":\"https:\\\/\\\/mont-roig.cat\\\/es\\\/#\\\/schema\\\/person\\\/f2b111789f22b7d0c3bd6786c9128cba\",\"name\":\"administrador\",\"image\":{\"@type\":\"ImageObject\",\"inLanguage\":\"es\",\"@id\":\"https:\\\/\\\/secure.gravatar.com\\\/avatar\\\/9137aac6891e2595c9d3036fd83bcb653b4db3c946db4c7d9b9be193c3c944bb?s=96&d=mm&r=g\",\"url\":\"https:\\\/\\\/secure.gravatar.com\\\/avatar\\\/9137aac6891e2595c9d3036fd83bcb653b4db3c946db4c7d9b9be193c3c944bb?s=96&d=mm&r=g\",\"contentUrl\":\"https:\\\/\\\/secure.gravatar.com\\\/avatar\\\/9137aac6891e2595c9d3036fd83bcb653b4db3c946db4c7d9b9be193c3c944bb?s=96&d=mm&r=g\",\"caption\":\"administrador\"},\"url\":\"https:\\\/\\\/mont-roig.cat\\\/es\\\/actualitat\\\/noticies\\\/author\\\/administrador\\\/\"}]}<\/script>\n<!-- \/ Yoast SEO plugin. -->","yoast_head_json":{"title":"El Festival Nomad vuelve a Miami Platja con una Noche Blanca - Ajuntament de Mont-roig del Camp","robots":{"index":"index","follow":"follow","max-snippet":"max-snippet:-1","max-image-preview":"max-image-preview:large","max-video-preview":"max-video-preview:-1"},"canonical":"https:\/\/mont-roig.cat\/es\/actualitat\/noticies\/el-festival-nomad-vuelve-a-miami-platja-con-una-noche-blanca\/","og_locale":"es_ES","og_type":"article","og_title":"El Festival Nomad vuelve a Miami Platja con una Noche Blanca - Ajuntament de Mont-roig del Camp","og_description":"Del 22 al 26 de agosto, la Punta del Riu acoger\u00e1 conciertos, foodtrucks y actividades infantiles, entre otros Por primera vez habr\u00e1 7 establecimientos comerciales del municipio que participar\u00e1n en el mercadillo de productos de moda y dise\u00f1o El Nomad Festival, el evento n\u00f3mada que fusiona disciplinas culturales en un mismo espacio al aire libre [&hellip;]","og_url":"https:\/\/mont-roig.cat\/es\/actualitat\/noticies\/el-festival-nomad-vuelve-a-miami-platja-con-una-noche-blanca\/","og_site_name":"Ajuntament de Mont-roig del Camp","article_published_time":"2018-08-20T12:06:36+00:00","article_modified_time":"2018-08-20T14:41:56+00:00","og_image":[{"width":1920,"height":1280,"url":"https:\/\/mont-roig.cat\/wp-content\/uploads\/MG_3149_insta.jpg","type":"image\/jpeg"}],"author":"administrador","twitter_card":"summary_large_image","twitter_misc":{"Escrito por":"administrador","Tiempo de lectura":"3 minutos"},"schema":{"@context":"https:\/\/schema.org","@graph":[{"@type":"Article","@id":"https:\/\/mont-roig.cat\/es\/actualitat\/noticies\/el-festival-nomad-vuelve-a-miami-platja-con-una-noche-blanca\/#article","isPartOf":{"@id":"https:\/\/mont-roig.cat\/es\/actualitat\/noticies\/el-festival-nomad-vuelve-a-miami-platja-con-una-noche-blanca\/"},"author":{"name":"administrador","@id":"https:\/\/mont-roig.cat\/es\/#\/schema\/person\/f2b111789f22b7d0c3bd6786c9128cba"},"headline":"El Festival Nomad vuelve a Miami Platja con una Noche Blanca","datePublished":"2018-08-20T12:06:36+00:00","dateModified":"2018-08-20T14:41:56+00:00","mainEntityOfPage":{"@id":"https:\/\/mont-roig.cat\/es\/actualitat\/noticies\/el-festival-nomad-vuelve-a-miami-platja-con-una-noche-blanca\/"},"wordCount":633,"image":{"@id":"https:\/\/mont-roig.cat\/es\/actualitat\/noticies\/el-festival-nomad-vuelve-a-miami-platja-con-una-noche-blanca\/#primaryimage"},"thumbnailUrl":"https:\/\/mont-roig.cat\/wp-content\/uploads\/MG_3149_insta.jpg","articleSection":["Festes"],"inLanguage":"es"},{"@type":"WebPage","@id":"https:\/\/mont-roig.cat\/es\/actualitat\/noticies\/el-festival-nomad-vuelve-a-miami-platja-con-una-noche-blanca\/","url":"https:\/\/mont-roig.cat\/es\/actualitat\/noticies\/el-festival-nomad-vuelve-a-miami-platja-con-una-noche-blanca\/","name":"El Festival Nomad vuelve a Miami Platja con una Noche Blanca - Ajuntament de Mont-roig del Camp","isPartOf":{"@id":"https:\/\/mont-roig.cat\/es\/#website"},"primaryImageOfPage":{"@id":"https:\/\/mont-roig.cat\/es\/actualitat\/noticies\/el-festival-nomad-vuelve-a-miami-platja-con-una-noche-blanca\/#primaryimage"},"image":{"@id":"https:\/\/mont-roig.cat\/es\/actualitat\/noticies\/el-festival-nomad-vuelve-a-miami-platja-con-una-noche-blanca\/#primaryimage"},"thumbnailUrl":"https:\/\/mont-roig.cat\/wp-content\/uploads\/MG_3149_insta.jpg","datePublished":"2018-08-20T12:06:36+00:00","dateModified":"2018-08-20T14:41:56+00:00","author":{"@id":"https:\/\/mont-roig.cat\/es\/#\/schema\/person\/f2b111789f22b7d0c3bd6786c9128cba"},"breadcrumb":{"@id":"https:\/\/mont-roig.cat\/es\/actualitat\/noticies\/el-festival-nomad-vuelve-a-miami-platja-con-una-noche-blanca\/#breadcrumb"},"inLanguage":"es","potentialAction":[{"@type":"ReadAction","target":["https:\/\/mont-roig.cat\/es\/actualitat\/noticies\/el-festival-nomad-vuelve-a-miami-platja-con-una-noche-blanca\/"]}]},{"@type":"ImageObject","inLanguage":"es","@id":"https:\/\/mont-roig.cat\/es\/actualitat\/noticies\/el-festival-nomad-vuelve-a-miami-platja-con-una-noche-blanca\/#primaryimage","url":"https:\/\/mont-roig.cat\/wp-content\/uploads\/MG_3149_insta.jpg","contentUrl":"https:\/\/mont-roig.cat\/wp-content\/uploads\/MG_3149_insta.jpg","width":1920,"height":1280},{"@type":"BreadcrumbList","@id":"https:\/\/mont-roig.cat\/es\/actualitat\/noticies\/el-festival-nomad-vuelve-a-miami-platja-con-una-noche-blanca\/#breadcrumb","itemListElement":[{"@type":"ListItem","position":1,"name":"Inici","item":"https:\/\/mont-roig.cat\/es\/pagina-de-inicio\/"},{"@type":"ListItem","position":2,"name":"El Festival Nomad vuelve a Miami Platja con una Noche Blanca"}]},{"@type":"WebSite","@id":"https:\/\/mont-roig.cat\/es\/#website","url":"https:\/\/mont-roig.cat\/es\/","name":"Ajuntament de Mont-roig del Camp","description":"Tota la informaci\u00f3 sobre la instituci\u00f3, els seus \u00f2rgans de govern, actualitat, serveis i molt m\u00e9s.","potentialAction":[{"@type":"SearchAction","target":{"@type":"EntryPoint","urlTemplate":"https:\/\/mont-roig.cat\/es\/?s={search_term_string}"},"query-input":{"@type":"PropertyValueSpecification","valueRequired":true,"valueName":"search_term_string"}}],"inLanguage":"es"},{"@type":"Person","@id":"https:\/\/mont-roig.cat\/es\/#\/schema\/person\/f2b111789f22b7d0c3bd6786c9128cba","name":"administrador","image":{"@type":"ImageObject","inLanguage":"es","@id":"https:\/\/secure.gravatar.com\/avatar\/9137aac6891e2595c9d3036fd83bcb653b4db3c946db4c7d9b9be193c3c944bb?s=96&d=mm&r=g","url":"https:\/\/secure.gravatar.com\/avatar\/9137aac6891e2595c9d3036fd83bcb653b4db3c946db4c7d9b9be193c3c944bb?s=96&d=mm&r=g","contentUrl":"https:\/\/secure.gravatar.com\/avatar\/9137aac6891e2595c9d3036fd83bcb653b4db3c946db4c7d9b9be193c3c944bb?s=96&d=mm&r=g","caption":"administrador"},"url":"https:\/\/mont-roig.cat\/es\/actualitat\/noticies\/author\/administrador\/"}]}},"_links":{"self":[{"href":"https:\/\/mont-roig.cat\/es\/wp-json\/wp\/v2\/posts\/29563","targetHints":{"allow":["GET"]}}],"collection":[{"href":"https:\/\/mont-roig.cat\/es\/wp-json\/wp\/v2\/posts"}],"about":[{"href":"https:\/\/mont-roig.cat\/es\/wp-json\/wp\/v2\/types\/post"}],"author":[{"embeddable":true,"href":"https:\/\/mont-roig.cat\/es\/wp-json\/wp\/v2\/users\/4"}],"replies":[{"embeddable":true,"href":"https:\/\/mont-roig.cat\/es\/wp-json\/wp\/v2\/comments?post=29563"}],"version-history":[{"count":4,"href":"https:\/\/mont-roig.cat\/es\/wp-json\/wp\/v2\/posts\/29563\/revisions"}],"predecessor-version":[{"id":29572,"href":"https:\/\/mont-roig.cat\/es\/wp-json\/wp\/v2\/posts\/29563\/revisions\/29572"}],"wp:featuredmedia":[{"embeddable":true,"href":"https:\/\/mont-roig.cat\/es\/wp-json\/wp\/v2\/media\/29561"}],"wp:attachment":[{"href":"https:\/\/mont-roig.cat\/es\/wp-json\/wp\/v2\/media?parent=29563"}],"wp:term":[{"taxonomy":"category","embeddable":true,"href":"https:\/\/mont-roig.cat\/es\/wp-json\/wp\/v2\/categories?post=29563"},{"taxonomy":"post_tag","embeddable":true,"href":"https:\/\/mont-roig.cat\/es\/wp-json\/wp\/v2\/tags?post=29563"}],"curies":[{"name":"wp","href":"https:\/\/api.w.org\/{rel}","templated":true}]}}