{"id":29677,"date":"2018-08-24T16:54:20","date_gmt":"2018-08-24T14:54:20","guid":{"rendered":"https:\/\/mont-roig.cat\/?p=29677"},"modified":"2018-08-24T17:30:43","modified_gmt":"2018-08-24T15:30:43","slug":"el-ayuntamiento-organiza-el-primer-concurso-de-decoracion-de-balcones-y-fachadas-con-plantas-naturales-del-casco-antiguo-de-mont-roig","status":"publish","type":"post","link":"https:\/\/mont-roig.cat\/es\/actualitat\/noticies\/el-ayuntamiento-organiza-el-primer-concurso-de-decoracion-de-balcones-y-fachadas-con-plantas-naturales-del-casco-antiguo-de-mont-roig\/","title":{"rendered":"El Ayuntamiento organiza el primer Concurso de Decoraci\u00f3n de balcones y fachadas con plantas naturales del casco antiguo de Mont-roig"},"content":{"rendered":"<ul>\n<li><strong>Las inscripciones ya est\u00e1n abiertas y se pueden hacer hasta el 21 de septiembre a las OMAC y en la sede electr\u00f3nica<\/strong><\/li>\n<\/ul>\n<div id=\"attachment_29674\" style=\"width: 260px\" class=\"wp-caption alignright\"><a href=\"https:\/\/mont-roig.cat\/wp-content\/uploads\/cartell_SMiquel_balcons-1.png\"><img loading=\"lazy\" decoding=\"async\" aria-describedby=\"caption-attachment-29674\" class=\"wp-image-29674\" src=\"https:\/\/mont-roig.cat\/wp-content\/uploads\/cartell_SMiquel_balcons-1.png\" alt=\"\" width=\"250\" height=\"354\" srcset=\"https:\/\/mont-roig.cat\/wp-content\/uploads\/cartell_SMiquel_balcons-1.png 1920w, https:\/\/mont-roig.cat\/wp-content\/uploads\/cartell_SMiquel_balcons-1-354x500.png 354w, https:\/\/mont-roig.cat\/wp-content\/uploads\/cartell_SMiquel_balcons-1-768x1086.png 768w, https:\/\/mont-roig.cat\/wp-content\/uploads\/cartell_SMiquel_balcons-1-724x1024.png 724w\" sizes=\"auto, (max-width: 250px) 100vw, 250px\" \/><\/a><p id=\"caption-attachment-29674\" class=\"wp-caption-text\">I Concurs de Guarniment de balcons i fa\u00e7anes amb plantes naturals del nucli antic de Mont-roig<\/p><\/div>\n<p>El Ayuntamiento de Mont-roig del Camp, a trav\u00e9s de las concejal\u00edas de Fiestas y de Impulso Econ\u00f3mico, organiza el primer Concurso de Decoraci\u00f3n de balcones y fachadas con plantas naturales del casco antiguo de Mont-roig.<\/p>\n<p>El objetivo de la iniciativa es promover la participaci\u00f3n ciudadana en el embellecimiento del casco antiguo durante la Fiesta Mayor de Sant Miquel que se celebrar\u00e1 del 22 al 30 de septiembre de 2018. La finalidad, sin embargo, es que estos adornos se puedan mantener el m\u00e1ximo de tiempo posible y as\u00ed embellecer las fachadas y balcones frente al vecindario y los visitantes.<\/p>\n<p>Adem\u00e1s, la iniciativa forma parte de un proyecto global, con el que ya se est\u00e1 trabajando. y que prev\u00e9 otras acciones para ornamentar los espacios p\u00fablicos del casco antiguo de Mont-roig.<\/p>\n<p>Las inscripciones para participar ya est\u00e1n abiertas y se pueden hacer hasta el 21 de septiembre en la Oficina de Atenci\u00f3n Ciudadana (OMAC) de Mont-roig, de 9 a 14 horas, de lunes a viernes. Y en la sede electr\u00f3nica www.mont-roig.cat\/seu-electronica.<\/p>\n<p>Para fomentar la participaci\u00f3n se han creado varios premios, un primer premio popular dotado con 300 euros para el mejor proyecto de adorno, un segundo premio del jurado a la mejor fachada, de 200 euros y un tercero al mejor balc\u00f3n de 100 euros. Las votaciones populares se podr\u00e1n hacer del 23 al 30 de septiembre, en las urnas ubicadas en la Muestra de Entidades, en el Mercado a la Antigua y en la OMAC de Mont-roig.<\/p>\n<p>El jurado, formado por personas vinculadas al mundo de la decoraci\u00f3n y jardiner\u00eda, pasar\u00e1 a visitar las fachadas y balcones el fin de semana del 22 y 23 de septiembre. El jurado valorar\u00e1 aspectos como la belleza, la originalidad o la dificultad en la elaboraci\u00f3n \/ preparaci\u00f3n.<\/p>\n<p>La participaci\u00f3n en el concurso est\u00e1 abierta a los vecinos y vecinas propietarios o arrendatarios de viviendas situadas en las siguientes calles del n\u00facleo antiguo: C. de la Mare de D\u00e9u de la Roca, C. d\u2019Amunt, Costa dels Cavallers, C. de la Pica, Costa del Pare Pere Boronat, Costa del Menescal, C. del Call, Costa del Vil\u00e0, Costa de Jacint Salvad\u00f3, Costa de l\u2019Oriola, C. de l\u2019Hospital, C. Major, C. del Bisbe Maci\u00e0, C. de Josep M. Gran i Cirera, Pl. de Moss\u00e8n Gaiet\u00e0 Ivern, C. de Sant Antoni, C. de la Murada, Pl. Joan Mir\u00f3 y C. de Francesc Riba i Mestre.<\/p>\n<p>Flores Ester y Viveros Gass\u00f3 ofrecen un 10% de descuento en compra de plantas naturales a las personas que participen en el concurso (indispensable presentar la hoja de solicitud de participaci\u00f3n).<\/p>\n<p><a href=\"https:\/\/mont-roig.cat\/wp-content\/uploads\/Bases-reguladores-concurs-de-guarniment-de-balcons-i-fa\u00e7anes_ok.pdf\" target=\"_blank\" rel=\"noopener\">Bases reguladoras Concurso de Decoraci\u00f3n de balcones y fachadas<\/a><\/p>\n<p><a href=\"https:\/\/mont-roig.cat\/wp-content\/uploads\/Formulari-inscripci\u00f3-Concurs-de-guarniment-de-balcons-i-fa\u00e7anes.pdf\" target=\"_blank\" rel=\"noopener\">Formulario inscripci\u00f3n Concurso de Decoraci\u00f3n de balcones y fachadas<\/a><\/p>\n","protected":false},"excerpt":{"rendered":"<p>Las inscripciones ya est\u00e1n abiertas y se pueden hacer hasta el 21 de septiembre a las OMAC y en la sede electr\u00f3nica El Ayuntamiento de Mont-roig del Camp, a trav\u00e9s de las concejal\u00edas de Fiestas y de Impulso Econ\u00f3mico, organiza el primer Concurso de Decoraci\u00f3n de balcones y fachadas con plantas naturales del casco antiguo [&hellip;]<\/p>\n","protected":false},"author":4,"featured_media":29674,"comment_status":"closed","ping_status":"closed","sticky":false,"template":"","format":"standard","meta":{"inline_featured_image":false,"_monsterinsights_skip_tracking":false,"_monsterinsights_sitenote_active":false,"_monsterinsights_sitenote_note":"","_monsterinsights_sitenote_category":0,"footnotes":""},"categories":[105],"tags":[],"class_list":["post-29677","post","type-post","status-publish","format-standard","has-post-thumbnail","hentry","category-fiestas"],"yoast_head":"<!-- This site is optimized with the Yoast SEO plugin v27.4 - https:\/\/yoast.com\/product\/yoast-seo-wordpress\/ -->\n<title>El Ayuntamiento organiza el primer Concurso de Decoraci\u00f3n de balcones y fachadas con plantas naturales del casco antiguo de Mont-roig - Ajuntament de Mont-roig del Camp<\/title>\n<meta name=\"robots\" content=\"index, follow, max-snippet:-1, max-image-preview:large, max-video-preview:-1\" \/>\n<link rel=\"canonical\" href=\"https:\/\/mont-roig.cat\/es\/actualitat\/noticies\/el-ayuntamiento-organiza-el-primer-concurso-de-decoracion-de-balcones-y-fachadas-con-plantas-naturales-del-casco-antiguo-de-mont-roig\/\" \/>\n<meta property=\"og:locale\" content=\"es_ES\" \/>\n<meta property=\"og:type\" content=\"article\" \/>\n<meta property=\"og:title\" content=\"El Ayuntamiento organiza el primer Concurso de Decoraci\u00f3n de balcones y fachadas con plantas naturales del casco antiguo de Mont-roig - Ajuntament de Mont-roig del Camp\" \/>\n<meta property=\"og:description\" content=\"Las inscripciones ya est\u00e1n abiertas y se pueden hacer hasta el 21 de septiembre a las OMAC y en la sede electr\u00f3nica El Ayuntamiento de Mont-roig del Camp, a trav\u00e9s de las concejal\u00edas de Fiestas y de Impulso Econ\u00f3mico, organiza el primer Concurso de Decoraci\u00f3n de balcones y fachadas con plantas naturales del casco antiguo [&hellip;]\" \/>\n<meta property=\"og:url\" content=\"https:\/\/mont-roig.cat\/es\/actualitat\/noticies\/el-ayuntamiento-organiza-el-primer-concurso-de-decoracion-de-balcones-y-fachadas-con-plantas-naturales-del-casco-antiguo-de-mont-roig\/\" \/>\n<meta property=\"og:site_name\" content=\"Ajuntament de Mont-roig del Camp\" \/>\n<meta property=\"article:published_time\" content=\"2018-08-24T14:54:20+00:00\" \/>\n<meta property=\"article:modified_time\" content=\"2018-08-24T15:30:43+00:00\" \/>\n<meta property=\"og:image\" content=\"https:\/\/mont-roig.cat\/wp-content\/uploads\/cartell_SMiquel_balcons-1.png\" \/>\n\t<meta property=\"og:image:width\" content=\"1920\" \/>\n\t<meta property=\"og:image:height\" content=\"2715\" \/>\n\t<meta property=\"og:image:type\" content=\"image\/png\" \/>\n<meta name=\"author\" content=\"administrador\" \/>\n<meta name=\"twitter:card\" content=\"summary_large_image\" \/>\n<meta name=\"twitter:label1\" content=\"Escrito por\" \/>\n\t<meta name=\"twitter:data1\" content=\"administrador\" \/>\n\t<meta name=\"twitter:label2\" content=\"Tiempo de lectura\" \/>\n\t<meta name=\"twitter:data2\" content=\"3 minutos\" \/>\n<script type=\"application\/ld+json\" class=\"yoast-schema-graph\">{\"@context\":\"https:\\\/\\\/schema.org\",\"@graph\":[{\"@type\":\"Article\",\"@id\":\"https:\\\/\\\/mont-roig.cat\\\/es\\\/actualitat\\\/noticies\\\/el-ayuntamiento-organiza-el-primer-concurso-de-decoracion-de-balcones-y-fachadas-con-plantas-naturales-del-casco-antiguo-de-mont-roig\\\/#article\",\"isPartOf\":{\"@id\":\"https:\\\/\\\/mont-roig.cat\\\/es\\\/actualitat\\\/noticies\\\/el-ayuntamiento-organiza-el-primer-concurso-de-decoracion-de-balcones-y-fachadas-con-plantas-naturales-del-casco-antiguo-de-mont-roig\\\/\"},\"author\":{\"name\":\"administrador\",\"@id\":\"https:\\\/\\\/mont-roig.cat\\\/es\\\/#\\\/schema\\\/person\\\/f2b111789f22b7d0c3bd6786c9128cba\"},\"headline\":\"El Ayuntamiento organiza el primer Concurso de Decoraci\u00f3n de balcones y fachadas con plantas naturales del casco antiguo de Mont-roig\",\"datePublished\":\"2018-08-24T14:54:20+00:00\",\"dateModified\":\"2018-08-24T15:30:43+00:00\",\"mainEntityOfPage\":{\"@id\":\"https:\\\/\\\/mont-roig.cat\\\/es\\\/actualitat\\\/noticies\\\/el-ayuntamiento-organiza-el-primer-concurso-de-decoracion-de-balcones-y-fachadas-con-plantas-naturales-del-casco-antiguo-de-mont-roig\\\/\"},\"wordCount\":530,\"image\":{\"@id\":\"https:\\\/\\\/mont-roig.cat\\\/es\\\/actualitat\\\/noticies\\\/el-ayuntamiento-organiza-el-primer-concurso-de-decoracion-de-balcones-y-fachadas-con-plantas-naturales-del-casco-antiguo-de-mont-roig\\\/#primaryimage\"},\"thumbnailUrl\":\"https:\\\/\\\/mont-roig.cat\\\/wp-content\\\/uploads\\\/cartell_SMiquel_balcons-1.png\",\"articleSection\":[\"Festes\"],\"inLanguage\":\"es\"},{\"@type\":\"WebPage\",\"@id\":\"https:\\\/\\\/mont-roig.cat\\\/es\\\/actualitat\\\/noticies\\\/el-ayuntamiento-organiza-el-primer-concurso-de-decoracion-de-balcones-y-fachadas-con-plantas-naturales-del-casco-antiguo-de-mont-roig\\\/\",\"url\":\"https:\\\/\\\/mont-roig.cat\\\/es\\\/actualitat\\\/noticies\\\/el-ayuntamiento-organiza-el-primer-concurso-de-decoracion-de-balcones-y-fachadas-con-plantas-naturales-del-casco-antiguo-de-mont-roig\\\/\",\"name\":\"El Ayuntamiento organiza el primer Concurso de Decoraci\u00f3n de balcones y fachadas con plantas naturales del casco antiguo de Mont-roig - Ajuntament de Mont-roig del Camp\",\"isPartOf\":{\"@id\":\"https:\\\/\\\/mont-roig.cat\\\/es\\\/#website\"},\"primaryImageOfPage\":{\"@id\":\"https:\\\/\\\/mont-roig.cat\\\/es\\\/actualitat\\\/noticies\\\/el-ayuntamiento-organiza-el-primer-concurso-de-decoracion-de-balcones-y-fachadas-con-plantas-naturales-del-casco-antiguo-de-mont-roig\\\/#primaryimage\"},\"image\":{\"@id\":\"https:\\\/\\\/mont-roig.cat\\\/es\\\/actualitat\\\/noticies\\\/el-ayuntamiento-organiza-el-primer-concurso-de-decoracion-de-balcones-y-fachadas-con-plantas-naturales-del-casco-antiguo-de-mont-roig\\\/#primaryimage\"},\"thumbnailUrl\":\"https:\\\/\\\/mont-roig.cat\\\/wp-content\\\/uploads\\\/cartell_SMiquel_balcons-1.png\",\"datePublished\":\"2018-08-24T14:54:20+00:00\",\"dateModified\":\"2018-08-24T15:30:43+00:00\",\"author\":{\"@id\":\"https:\\\/\\\/mont-roig.cat\\\/es\\\/#\\\/schema\\\/person\\\/f2b111789f22b7d0c3bd6786c9128cba\"},\"breadcrumb\":{\"@id\":\"https:\\\/\\\/mont-roig.cat\\\/es\\\/actualitat\\\/noticies\\\/el-ayuntamiento-organiza-el-primer-concurso-de-decoracion-de-balcones-y-fachadas-con-plantas-naturales-del-casco-antiguo-de-mont-roig\\\/#breadcrumb\"},\"inLanguage\":\"es\",\"potentialAction\":[{\"@type\":\"ReadAction\",\"target\":[\"https:\\\/\\\/mont-roig.cat\\\/es\\\/actualitat\\\/noticies\\\/el-ayuntamiento-organiza-el-primer-concurso-de-decoracion-de-balcones-y-fachadas-con-plantas-naturales-del-casco-antiguo-de-mont-roig\\\/\"]}]},{\"@type\":\"ImageObject\",\"inLanguage\":\"es\",\"@id\":\"https:\\\/\\\/mont-roig.cat\\\/es\\\/actualitat\\\/noticies\\\/el-ayuntamiento-organiza-el-primer-concurso-de-decoracion-de-balcones-y-fachadas-con-plantas-naturales-del-casco-antiguo-de-mont-roig\\\/#primaryimage\",\"url\":\"https:\\\/\\\/mont-roig.cat\\\/wp-content\\\/uploads\\\/cartell_SMiquel_balcons-1.png\",\"contentUrl\":\"https:\\\/\\\/mont-roig.cat\\\/wp-content\\\/uploads\\\/cartell_SMiquel_balcons-1.png\",\"width\":1920,\"height\":2715},{\"@type\":\"BreadcrumbList\",\"@id\":\"https:\\\/\\\/mont-roig.cat\\\/es\\\/actualitat\\\/noticies\\\/el-ayuntamiento-organiza-el-primer-concurso-de-decoracion-de-balcones-y-fachadas-con-plantas-naturales-del-casco-antiguo-de-mont-roig\\\/#breadcrumb\",\"itemListElement\":[{\"@type\":\"ListItem\",\"position\":1,\"name\":\"Inici\",\"item\":\"https:\\\/\\\/mont-roig.cat\\\/es\\\/pagina-de-inicio\\\/\"},{\"@type\":\"ListItem\",\"position\":2,\"name\":\"El Ayuntamiento organiza el primer Concurso de Decoraci\u00f3n de balcones y fachadas con plantas naturales del casco antiguo de Mont-roig\"}]},{\"@type\":\"WebSite\",\"@id\":\"https:\\\/\\\/mont-roig.cat\\\/es\\\/#website\",\"url\":\"https:\\\/\\\/mont-roig.cat\\\/es\\\/\",\"name\":\"Ajuntament de Mont-roig del Camp\",\"description\":\"Tota la informaci\u00f3 sobre la instituci\u00f3, els seus \u00f2rgans de govern, actualitat, serveis i molt m\u00e9s.\",\"potentialAction\":[{\"@type\":\"SearchAction\",\"target\":{\"@type\":\"EntryPoint\",\"urlTemplate\":\"https:\\\/\\\/mont-roig.cat\\\/es\\\/?s={search_term_string}\"},\"query-input\":{\"@type\":\"PropertyValueSpecification\",\"valueRequired\":true,\"valueName\":\"search_term_string\"}}],\"inLanguage\":\"es\"},{\"@type\":\"Person\",\"@id\":\"https:\\\/\\\/mont-roig.cat\\\/es\\\/#\\\/schema\\\/person\\\/f2b111789f22b7d0c3bd6786c9128cba\",\"name\":\"administrador\",\"image\":{\"@type\":\"ImageObject\",\"inLanguage\":\"es\",\"@id\":\"https:\\\/\\\/secure.gravatar.com\\\/avatar\\\/9137aac6891e2595c9d3036fd83bcb653b4db3c946db4c7d9b9be193c3c944bb?s=96&d=mm&r=g\",\"url\":\"https:\\\/\\\/secure.gravatar.com\\\/avatar\\\/9137aac6891e2595c9d3036fd83bcb653b4db3c946db4c7d9b9be193c3c944bb?s=96&d=mm&r=g\",\"contentUrl\":\"https:\\\/\\\/secure.gravatar.com\\\/avatar\\\/9137aac6891e2595c9d3036fd83bcb653b4db3c946db4c7d9b9be193c3c944bb?s=96&d=mm&r=g\",\"caption\":\"administrador\"},\"url\":\"https:\\\/\\\/mont-roig.cat\\\/es\\\/actualitat\\\/noticies\\\/author\\\/administrador\\\/\"}]}<\/script>\n<!-- \/ Yoast SEO plugin. -->","yoast_head_json":{"title":"El Ayuntamiento organiza el primer Concurso de Decoraci\u00f3n de balcones y fachadas con plantas naturales del casco antiguo de Mont-roig - Ajuntament de Mont-roig del Camp","robots":{"index":"index","follow":"follow","max-snippet":"max-snippet:-1","max-image-preview":"max-image-preview:large","max-video-preview":"max-video-preview:-1"},"canonical":"https:\/\/mont-roig.cat\/es\/actualitat\/noticies\/el-ayuntamiento-organiza-el-primer-concurso-de-decoracion-de-balcones-y-fachadas-con-plantas-naturales-del-casco-antiguo-de-mont-roig\/","og_locale":"es_ES","og_type":"article","og_title":"El Ayuntamiento organiza el primer Concurso de Decoraci\u00f3n de balcones y fachadas con plantas naturales del casco antiguo de Mont-roig - Ajuntament de Mont-roig del Camp","og_description":"Las inscripciones ya est\u00e1n abiertas y se pueden hacer hasta el 21 de septiembre a las OMAC y en la sede electr\u00f3nica El Ayuntamiento de Mont-roig del Camp, a trav\u00e9s de las concejal\u00edas de Fiestas y de Impulso Econ\u00f3mico, organiza el primer Concurso de Decoraci\u00f3n de balcones y fachadas con plantas naturales del casco antiguo [&hellip;]","og_url":"https:\/\/mont-roig.cat\/es\/actualitat\/noticies\/el-ayuntamiento-organiza-el-primer-concurso-de-decoracion-de-balcones-y-fachadas-con-plantas-naturales-del-casco-antiguo-de-mont-roig\/","og_site_name":"Ajuntament de Mont-roig del Camp","article_published_time":"2018-08-24T14:54:20+00:00","article_modified_time":"2018-08-24T15:30:43+00:00","og_image":[{"width":1920,"height":2715,"url":"https:\/\/mont-roig.cat\/wp-content\/uploads\/cartell_SMiquel_balcons-1.png","type":"image\/png"}],"author":"administrador","twitter_card":"summary_large_image","twitter_misc":{"Escrito por":"administrador","Tiempo de lectura":"3 minutos"},"schema":{"@context":"https:\/\/schema.org","@graph":[{"@type":"Article","@id":"https:\/\/mont-roig.cat\/es\/actualitat\/noticies\/el-ayuntamiento-organiza-el-primer-concurso-de-decoracion-de-balcones-y-fachadas-con-plantas-naturales-del-casco-antiguo-de-mont-roig\/#article","isPartOf":{"@id":"https:\/\/mont-roig.cat\/es\/actualitat\/noticies\/el-ayuntamiento-organiza-el-primer-concurso-de-decoracion-de-balcones-y-fachadas-con-plantas-naturales-del-casco-antiguo-de-mont-roig\/"},"author":{"name":"administrador","@id":"https:\/\/mont-roig.cat\/es\/#\/schema\/person\/f2b111789f22b7d0c3bd6786c9128cba"},"headline":"El Ayuntamiento organiza el primer Concurso de Decoraci\u00f3n de balcones y fachadas con plantas naturales del casco antiguo de Mont-roig","datePublished":"2018-08-24T14:54:20+00:00","dateModified":"2018-08-24T15:30:43+00:00","mainEntityOfPage":{"@id":"https:\/\/mont-roig.cat\/es\/actualitat\/noticies\/el-ayuntamiento-organiza-el-primer-concurso-de-decoracion-de-balcones-y-fachadas-con-plantas-naturales-del-casco-antiguo-de-mont-roig\/"},"wordCount":530,"image":{"@id":"https:\/\/mont-roig.cat\/es\/actualitat\/noticies\/el-ayuntamiento-organiza-el-primer-concurso-de-decoracion-de-balcones-y-fachadas-con-plantas-naturales-del-casco-antiguo-de-mont-roig\/#primaryimage"},"thumbnailUrl":"https:\/\/mont-roig.cat\/wp-content\/uploads\/cartell_SMiquel_balcons-1.png","articleSection":["Festes"],"inLanguage":"es"},{"@type":"WebPage","@id":"https:\/\/mont-roig.cat\/es\/actualitat\/noticies\/el-ayuntamiento-organiza-el-primer-concurso-de-decoracion-de-balcones-y-fachadas-con-plantas-naturales-del-casco-antiguo-de-mont-roig\/","url":"https:\/\/mont-roig.cat\/es\/actualitat\/noticies\/el-ayuntamiento-organiza-el-primer-concurso-de-decoracion-de-balcones-y-fachadas-con-plantas-naturales-del-casco-antiguo-de-mont-roig\/","name":"El Ayuntamiento organiza el primer Concurso de Decoraci\u00f3n de balcones y fachadas con plantas naturales del casco antiguo de Mont-roig - Ajuntament de Mont-roig del Camp","isPartOf":{"@id":"https:\/\/mont-roig.cat\/es\/#website"},"primaryImageOfPage":{"@id":"https:\/\/mont-roig.cat\/es\/actualitat\/noticies\/el-ayuntamiento-organiza-el-primer-concurso-de-decoracion-de-balcones-y-fachadas-con-plantas-naturales-del-casco-antiguo-de-mont-roig\/#primaryimage"},"image":{"@id":"https:\/\/mont-roig.cat\/es\/actualitat\/noticies\/el-ayuntamiento-organiza-el-primer-concurso-de-decoracion-de-balcones-y-fachadas-con-plantas-naturales-del-casco-antiguo-de-mont-roig\/#primaryimage"},"thumbnailUrl":"https:\/\/mont-roig.cat\/wp-content\/uploads\/cartell_SMiquel_balcons-1.png","datePublished":"2018-08-24T14:54:20+00:00","dateModified":"2018-08-24T15:30:43+00:00","author":{"@id":"https:\/\/mont-roig.cat\/es\/#\/schema\/person\/f2b111789f22b7d0c3bd6786c9128cba"},"breadcrumb":{"@id":"https:\/\/mont-roig.cat\/es\/actualitat\/noticies\/el-ayuntamiento-organiza-el-primer-concurso-de-decoracion-de-balcones-y-fachadas-con-plantas-naturales-del-casco-antiguo-de-mont-roig\/#breadcrumb"},"inLanguage":"es","potentialAction":[{"@type":"ReadAction","target":["https:\/\/mont-roig.cat\/es\/actualitat\/noticies\/el-ayuntamiento-organiza-el-primer-concurso-de-decoracion-de-balcones-y-fachadas-con-plantas-naturales-del-casco-antiguo-de-mont-roig\/"]}]},{"@type":"ImageObject","inLanguage":"es","@id":"https:\/\/mont-roig.cat\/es\/actualitat\/noticies\/el-ayuntamiento-organiza-el-primer-concurso-de-decoracion-de-balcones-y-fachadas-con-plantas-naturales-del-casco-antiguo-de-mont-roig\/#primaryimage","url":"https:\/\/mont-roig.cat\/wp-content\/uploads\/cartell_SMiquel_balcons-1.png","contentUrl":"https:\/\/mont-roig.cat\/wp-content\/uploads\/cartell_SMiquel_balcons-1.png","width":1920,"height":2715},{"@type":"BreadcrumbList","@id":"https:\/\/mont-roig.cat\/es\/actualitat\/noticies\/el-ayuntamiento-organiza-el-primer-concurso-de-decoracion-de-balcones-y-fachadas-con-plantas-naturales-del-casco-antiguo-de-mont-roig\/#breadcrumb","itemListElement":[{"@type":"ListItem","position":1,"name":"Inici","item":"https:\/\/mont-roig.cat\/es\/pagina-de-inicio\/"},{"@type":"ListItem","position":2,"name":"El Ayuntamiento organiza el primer Concurso de Decoraci\u00f3n de balcones y fachadas con plantas naturales del casco antiguo de Mont-roig"}]},{"@type":"WebSite","@id":"https:\/\/mont-roig.cat\/es\/#website","url":"https:\/\/mont-roig.cat\/es\/","name":"Ajuntament de Mont-roig del Camp","description":"Tota la informaci\u00f3 sobre la instituci\u00f3, els seus \u00f2rgans de govern, actualitat, serveis i molt m\u00e9s.","potentialAction":[{"@type":"SearchAction","target":{"@type":"EntryPoint","urlTemplate":"https:\/\/mont-roig.cat\/es\/?s={search_term_string}"},"query-input":{"@type":"PropertyValueSpecification","valueRequired":true,"valueName":"search_term_string"}}],"inLanguage":"es"},{"@type":"Person","@id":"https:\/\/mont-roig.cat\/es\/#\/schema\/person\/f2b111789f22b7d0c3bd6786c9128cba","name":"administrador","image":{"@type":"ImageObject","inLanguage":"es","@id":"https:\/\/secure.gravatar.com\/avatar\/9137aac6891e2595c9d3036fd83bcb653b4db3c946db4c7d9b9be193c3c944bb?s=96&d=mm&r=g","url":"https:\/\/secure.gravatar.com\/avatar\/9137aac6891e2595c9d3036fd83bcb653b4db3c946db4c7d9b9be193c3c944bb?s=96&d=mm&r=g","contentUrl":"https:\/\/secure.gravatar.com\/avatar\/9137aac6891e2595c9d3036fd83bcb653b4db3c946db4c7d9b9be193c3c944bb?s=96&d=mm&r=g","caption":"administrador"},"url":"https:\/\/mont-roig.cat\/es\/actualitat\/noticies\/author\/administrador\/"}]}},"_links":{"self":[{"href":"https:\/\/mont-roig.cat\/es\/wp-json\/wp\/v2\/posts\/29677","targetHints":{"allow":["GET"]}}],"collection":[{"href":"https:\/\/mont-roig.cat\/es\/wp-json\/wp\/v2\/posts"}],"about":[{"href":"https:\/\/mont-roig.cat\/es\/wp-json\/wp\/v2\/types\/post"}],"author":[{"embeddable":true,"href":"https:\/\/mont-roig.cat\/es\/wp-json\/wp\/v2\/users\/4"}],"replies":[{"embeddable":true,"href":"https:\/\/mont-roig.cat\/es\/wp-json\/wp\/v2\/comments?post=29677"}],"version-history":[{"count":4,"href":"https:\/\/mont-roig.cat\/es\/wp-json\/wp\/v2\/posts\/29677\/revisions"}],"predecessor-version":[{"id":29683,"href":"https:\/\/mont-roig.cat\/es\/wp-json\/wp\/v2\/posts\/29677\/revisions\/29683"}],"wp:featuredmedia":[{"embeddable":true,"href":"https:\/\/mont-roig.cat\/es\/wp-json\/wp\/v2\/media\/29674"}],"wp:attachment":[{"href":"https:\/\/mont-roig.cat\/es\/wp-json\/wp\/v2\/media?parent=29677"}],"wp:term":[{"taxonomy":"category","embeddable":true,"href":"https:\/\/mont-roig.cat\/es\/wp-json\/wp\/v2\/categories?post=29677"},{"taxonomy":"post_tag","embeddable":true,"href":"https:\/\/mont-roig.cat\/es\/wp-json\/wp\/v2\/tags?post=29677"}],"curies":[{"name":"wp","href":"https:\/\/api.w.org\/{rel}","templated":true}]}}