{"id":29805,"date":"2018-08-31T09:42:06","date_gmt":"2018-08-31T07:42:06","guid":{"rendered":"https:\/\/mont-roig.cat\/actualitat\/noticies\/lajuntament-de-mont-roig-signa-el-conveni-amb-catorze-entitats-culturals-del-municipi-i-amb-set-clubs-i-esportistes\/"},"modified":"2018-08-31T09:53:29","modified_gmt":"2018-08-31T07:53:29","slug":"lajuntament-de-mont-roig-signa-el-conveni-amb-catorze-entitats-culturals-del-municipi-i-amb-set-clubs-i-esportistes","status":"publish","type":"post","link":"https:\/\/mont-roig.cat\/es\/actualitat\/noticies\/lajuntament-de-mont-roig-signa-el-conveni-amb-catorze-entitats-culturals-del-municipi-i-amb-set-clubs-i-esportistes\/","title":{"rendered":"El Ayuntamiento de Mont-roig firma el convenio con catorce entidades culturales del municipio y con siete clubes y deportistas"},"content":{"rendered":"<ul>\n<li><strong><img loading=\"lazy\" decoding=\"async\" class=\" wp-image-29803 alignright\" src=\"https:\/\/mont-roig.cat\/wp-content\/uploads\/entitatsmontroig.jpg\" alt=\"\" width=\"299\" height=\"224\" srcset=\"https:\/\/mont-roig.cat\/wp-content\/uploads\/entitatsmontroig.jpg 1920w, https:\/\/mont-roig.cat\/wp-content\/uploads\/entitatsmontroig-500x375.jpg 500w, https:\/\/mont-roig.cat\/wp-content\/uploads\/entitatsmontroig-768x576.jpg 768w, https:\/\/mont-roig.cat\/wp-content\/uploads\/entitatsmontroig-1024x768.jpg 1024w, https:\/\/mont-roig.cat\/wp-content\/uploads\/entitatsmontroig-463x348.jpg 463w\" sizes=\"auto, (max-width: 299px) 100vw, 299px\" \/>En total son 26.670 los euros que recibir\u00e1n para desarrollar parte de sus actividades a lo largo del a\u00f1o.<\/strong><\/li>\n<\/ul>\n<p>El alcalde de Mont-roig del Camp Fran Morancho, acompa\u00f1ado de la concejala de Cultura N\u00faria Esquius y el concejal de Deportes \u00c1ngel Redondo, firm\u00f3 esta semana en una reuni\u00f3n que tuvo lugar en la Ermita de la Mare de D\u00e9u de la Roca y en la cafeter\u00eda Osopolo de Miami Platja los convenios con las entidades culturales del municipio y tambi\u00e9n con una serie de clubes y deportistas por las actividades y competiciones de la temporada. En total, el Ayuntamiento de Mont-roig del Camp entregar\u00e1 26.670 euros, 13.920 euros a las catorce entidades que han presentado memorias de las actividades que llevar\u00e1n a cabo durante el a\u00f1o y los 12.750 euros restantes a los deportistas que participan en varias competiciones nacionales e internacionales o que organizan carreras o actividades en Mont-roig del Camp.<\/p>\n<p><img loading=\"lazy\" decoding=\"async\" class=\" wp-image-29802 alignright\" src=\"https:\/\/mont-roig.cat\/wp-content\/uploads\/entitatsmiami.jpg\" alt=\"\" width=\"299\" height=\"224\" srcset=\"https:\/\/mont-roig.cat\/wp-content\/uploads\/entitatsmiami.jpg 1920w, https:\/\/mont-roig.cat\/wp-content\/uploads\/entitatsmiami-500x375.jpg 500w, https:\/\/mont-roig.cat\/wp-content\/uploads\/entitatsmiami-768x576.jpg 768w, https:\/\/mont-roig.cat\/wp-content\/uploads\/entitatsmiami-1024x768.jpg 1024w, https:\/\/mont-roig.cat\/wp-content\/uploads\/entitatsmiami-463x348.jpg 463w\" sizes=\"auto, (max-width: 299px) 100vw, 299px\" \/><\/p>\n<p>Las entidades culturales que han firmado el convenio con el consistorio son los Amics del Country, la Colla de Grallers de Mont-roig, la Colla Gegantera dels Sis Carrers, la Colla de gegants del Barri de Dalt, la Coral Sant Miquel, el Coro Rociero Arena del Camino, el Coro rociero Arena del Mar, el Grup Sardanista la Rotllana, el Patronat de la Mare de D\u00e9u de la Roca, Miami Sona, Line Dance Country Mont-roig Miami, els Armats de Mont-roig, els Amics de la Poesia y Nuevos Aires de Miami. Todas estas entidades se han comprometido a realizar diversas actuaciones, actos y encuentros a lo largo del calendario festivo del municipio.<\/p>\n<p>Las autoridades locales se reunieron con representantes de estas entidades y tambi\u00e9n con los deportistas para captar sus inquietudes y necesidades en dos encuentros distendidos que tuvieron lugar a principios de semana. Los deportistas que tendr\u00e1n el apoyo del Ayuntamiento de Mont-roig del Camp son el piloto de motos de enduro Eloi Salsench, para las diversas competiciones donde participa; el tirador Antonio Moreno Hurtado, tambi\u00e9n para las competiciones que desarrolla a lo largo del a\u00f1o; el Centre Excursionista L&#8217;Areny por la organizaci\u00f3n de caminatas y carreras deportivas en el municipio; la Penya Ciclista Mont-roig para la organizaci\u00f3n de actividades deportivas de ciclismo para ni\u00f1os y adultos; el karateka Oscar Ram\u00edrez para participar en campeonatos nacionales e internacionales; la jugadora de p\u00e1del Anna Cortiles, para participar tambi\u00e9n en torneos nacionales e internacionales y por \u00faltimo, Josep Florencio Tutusaus, por organizar una carrera ciclista.<\/p>\n<p>&nbsp;<\/p>\n","protected":false},"excerpt":{"rendered":"<p>En total son 26.670 los euros que recibir\u00e1n para desarrollar parte de sus actividades a lo largo del a\u00f1o. El alcalde de Mont-roig del Camp Fran Morancho, acompa\u00f1ado de la concejala de Cultura N\u00faria Esquius y el concejal de Deportes \u00c1ngel Redondo, firm\u00f3 esta semana en una reuni\u00f3n que tuvo lugar en la Ermita de [&hellip;]<\/p>\n","protected":false},"author":4,"featured_media":29802,"comment_status":"closed","ping_status":"closed","sticky":false,"template":"","format":"standard","meta":{"inline_featured_image":false,"_monsterinsights_skip_tracking":false,"_monsterinsights_sitenote_active":false,"_monsterinsights_sitenote_note":"","_monsterinsights_sitenote_category":0,"footnotes":""},"categories":[98,101,104],"tags":[],"class_list":["post-29805","post","type-post","status-publish","format-standard","has-post-thumbnail","hentry","category-ayuntamiento","category-cultura-es","category-deportes"],"yoast_head":"<!-- This site is optimized with the Yoast SEO plugin v27.4 - https:\/\/yoast.com\/product\/yoast-seo-wordpress\/ -->\n<title>El Ayuntamiento de Mont-roig firma el convenio con catorce entidades culturales del municipio y con siete clubes y deportistas - Ajuntament de Mont-roig del Camp<\/title>\n<meta name=\"robots\" content=\"index, follow, max-snippet:-1, max-image-preview:large, max-video-preview:-1\" \/>\n<link rel=\"canonical\" href=\"https:\/\/mont-roig.cat\/es\/actualitat\/noticies\/lajuntament-de-mont-roig-signa-el-conveni-amb-catorze-entitats-culturals-del-municipi-i-amb-set-clubs-i-esportistes\/\" \/>\n<meta property=\"og:locale\" content=\"es_ES\" \/>\n<meta property=\"og:type\" content=\"article\" \/>\n<meta property=\"og:title\" content=\"El Ayuntamiento de Mont-roig firma el convenio con catorce entidades culturales del municipio y con siete clubes y deportistas - Ajuntament de Mont-roig del Camp\" \/>\n<meta property=\"og:description\" content=\"En total son 26.670 los euros que recibir\u00e1n para desarrollar parte de sus actividades a lo largo del a\u00f1o. El alcalde de Mont-roig del Camp Fran Morancho, acompa\u00f1ado de la concejala de Cultura N\u00faria Esquius y el concejal de Deportes \u00c1ngel Redondo, firm\u00f3 esta semana en una reuni\u00f3n que tuvo lugar en la Ermita de [&hellip;]\" \/>\n<meta property=\"og:url\" content=\"https:\/\/mont-roig.cat\/es\/actualitat\/noticies\/lajuntament-de-mont-roig-signa-el-conveni-amb-catorze-entitats-culturals-del-municipi-i-amb-set-clubs-i-esportistes\/\" \/>\n<meta property=\"og:site_name\" content=\"Ajuntament de Mont-roig del Camp\" \/>\n<meta property=\"article:published_time\" content=\"2018-08-31T07:42:06+00:00\" \/>\n<meta property=\"article:modified_time\" content=\"2018-08-31T07:53:29+00:00\" \/>\n<meta property=\"og:image\" content=\"https:\/\/mont-roig.cat\/wp-content\/uploads\/entitatsmiami.jpg\" \/>\n\t<meta property=\"og:image:width\" content=\"1920\" \/>\n\t<meta property=\"og:image:height\" content=\"1440\" \/>\n\t<meta property=\"og:image:type\" content=\"image\/jpeg\" \/>\n<meta name=\"author\" content=\"administrador\" \/>\n<meta name=\"twitter:card\" content=\"summary_large_image\" \/>\n<meta name=\"twitter:label1\" content=\"Escrito por\" \/>\n\t<meta name=\"twitter:data1\" content=\"administrador\" \/>\n\t<meta name=\"twitter:label2\" content=\"Tiempo de lectura\" \/>\n\t<meta name=\"twitter:data2\" content=\"2 minutos\" \/>\n<script type=\"application\/ld+json\" class=\"yoast-schema-graph\">{\"@context\":\"https:\\\/\\\/schema.org\",\"@graph\":[{\"@type\":\"Article\",\"@id\":\"https:\\\/\\\/mont-roig.cat\\\/es\\\/actualitat\\\/noticies\\\/lajuntament-de-mont-roig-signa-el-conveni-amb-catorze-entitats-culturals-del-municipi-i-amb-set-clubs-i-esportistes\\\/#article\",\"isPartOf\":{\"@id\":\"https:\\\/\\\/mont-roig.cat\\\/es\\\/actualitat\\\/noticies\\\/lajuntament-de-mont-roig-signa-el-conveni-amb-catorze-entitats-culturals-del-municipi-i-amb-set-clubs-i-esportistes\\\/\"},\"author\":{\"name\":\"administrador\",\"@id\":\"https:\\\/\\\/mont-roig.cat\\\/es\\\/#\\\/schema\\\/person\\\/f2b111789f22b7d0c3bd6786c9128cba\"},\"headline\":\"El Ayuntamiento de Mont-roig firma el convenio con catorce entidades culturales del municipio y con siete clubes y deportistas\",\"datePublished\":\"2018-08-31T07:42:06+00:00\",\"dateModified\":\"2018-08-31T07:53:29+00:00\",\"mainEntityOfPage\":{\"@id\":\"https:\\\/\\\/mont-roig.cat\\\/es\\\/actualitat\\\/noticies\\\/lajuntament-de-mont-roig-signa-el-conveni-amb-catorze-entitats-culturals-del-municipi-i-amb-set-clubs-i-esportistes\\\/\"},\"wordCount\":440,\"image\":{\"@id\":\"https:\\\/\\\/mont-roig.cat\\\/es\\\/actualitat\\\/noticies\\\/lajuntament-de-mont-roig-signa-el-conveni-amb-catorze-entitats-culturals-del-municipi-i-amb-set-clubs-i-esportistes\\\/#primaryimage\"},\"thumbnailUrl\":\"https:\\\/\\\/mont-roig.cat\\\/wp-content\\\/uploads\\\/entitatsmiami.jpg\",\"articleSection\":[\"Ayuntamiento\",\"Cultura\",\"Deportes\"],\"inLanguage\":\"es\"},{\"@type\":\"WebPage\",\"@id\":\"https:\\\/\\\/mont-roig.cat\\\/es\\\/actualitat\\\/noticies\\\/lajuntament-de-mont-roig-signa-el-conveni-amb-catorze-entitats-culturals-del-municipi-i-amb-set-clubs-i-esportistes\\\/\",\"url\":\"https:\\\/\\\/mont-roig.cat\\\/es\\\/actualitat\\\/noticies\\\/lajuntament-de-mont-roig-signa-el-conveni-amb-catorze-entitats-culturals-del-municipi-i-amb-set-clubs-i-esportistes\\\/\",\"name\":\"El Ayuntamiento de Mont-roig firma el convenio con catorce entidades culturales del municipio y con siete clubes y deportistas - Ajuntament de Mont-roig del Camp\",\"isPartOf\":{\"@id\":\"https:\\\/\\\/mont-roig.cat\\\/es\\\/#website\"},\"primaryImageOfPage\":{\"@id\":\"https:\\\/\\\/mont-roig.cat\\\/es\\\/actualitat\\\/noticies\\\/lajuntament-de-mont-roig-signa-el-conveni-amb-catorze-entitats-culturals-del-municipi-i-amb-set-clubs-i-esportistes\\\/#primaryimage\"},\"image\":{\"@id\":\"https:\\\/\\\/mont-roig.cat\\\/es\\\/actualitat\\\/noticies\\\/lajuntament-de-mont-roig-signa-el-conveni-amb-catorze-entitats-culturals-del-municipi-i-amb-set-clubs-i-esportistes\\\/#primaryimage\"},\"thumbnailUrl\":\"https:\\\/\\\/mont-roig.cat\\\/wp-content\\\/uploads\\\/entitatsmiami.jpg\",\"datePublished\":\"2018-08-31T07:42:06+00:00\",\"dateModified\":\"2018-08-31T07:53:29+00:00\",\"author\":{\"@id\":\"https:\\\/\\\/mont-roig.cat\\\/es\\\/#\\\/schema\\\/person\\\/f2b111789f22b7d0c3bd6786c9128cba\"},\"breadcrumb\":{\"@id\":\"https:\\\/\\\/mont-roig.cat\\\/es\\\/actualitat\\\/noticies\\\/lajuntament-de-mont-roig-signa-el-conveni-amb-catorze-entitats-culturals-del-municipi-i-amb-set-clubs-i-esportistes\\\/#breadcrumb\"},\"inLanguage\":\"es\",\"potentialAction\":[{\"@type\":\"ReadAction\",\"target\":[\"https:\\\/\\\/mont-roig.cat\\\/es\\\/actualitat\\\/noticies\\\/lajuntament-de-mont-roig-signa-el-conveni-amb-catorze-entitats-culturals-del-municipi-i-amb-set-clubs-i-esportistes\\\/\"]}]},{\"@type\":\"ImageObject\",\"inLanguage\":\"es\",\"@id\":\"https:\\\/\\\/mont-roig.cat\\\/es\\\/actualitat\\\/noticies\\\/lajuntament-de-mont-roig-signa-el-conveni-amb-catorze-entitats-culturals-del-municipi-i-amb-set-clubs-i-esportistes\\\/#primaryimage\",\"url\":\"https:\\\/\\\/mont-roig.cat\\\/wp-content\\\/uploads\\\/entitatsmiami.jpg\",\"contentUrl\":\"https:\\\/\\\/mont-roig.cat\\\/wp-content\\\/uploads\\\/entitatsmiami.jpg\",\"width\":1920,\"height\":1440},{\"@type\":\"BreadcrumbList\",\"@id\":\"https:\\\/\\\/mont-roig.cat\\\/es\\\/actualitat\\\/noticies\\\/lajuntament-de-mont-roig-signa-el-conveni-amb-catorze-entitats-culturals-del-municipi-i-amb-set-clubs-i-esportistes\\\/#breadcrumb\",\"itemListElement\":[{\"@type\":\"ListItem\",\"position\":1,\"name\":\"Inici\",\"item\":\"https:\\\/\\\/mont-roig.cat\\\/es\\\/pagina-de-inicio\\\/\"},{\"@type\":\"ListItem\",\"position\":2,\"name\":\"El Ayuntamiento de Mont-roig firma el convenio con catorce entidades culturales del municipio y con siete clubes y deportistas\"}]},{\"@type\":\"WebSite\",\"@id\":\"https:\\\/\\\/mont-roig.cat\\\/es\\\/#website\",\"url\":\"https:\\\/\\\/mont-roig.cat\\\/es\\\/\",\"name\":\"Ajuntament de Mont-roig del Camp\",\"description\":\"Tota la informaci\u00f3 sobre la instituci\u00f3, els seus \u00f2rgans de govern, actualitat, serveis i molt m\u00e9s.\",\"potentialAction\":[{\"@type\":\"SearchAction\",\"target\":{\"@type\":\"EntryPoint\",\"urlTemplate\":\"https:\\\/\\\/mont-roig.cat\\\/es\\\/?s={search_term_string}\"},\"query-input\":{\"@type\":\"PropertyValueSpecification\",\"valueRequired\":true,\"valueName\":\"search_term_string\"}}],\"inLanguage\":\"es\"},{\"@type\":\"Person\",\"@id\":\"https:\\\/\\\/mont-roig.cat\\\/es\\\/#\\\/schema\\\/person\\\/f2b111789f22b7d0c3bd6786c9128cba\",\"name\":\"administrador\",\"image\":{\"@type\":\"ImageObject\",\"inLanguage\":\"es\",\"@id\":\"https:\\\/\\\/secure.gravatar.com\\\/avatar\\\/9137aac6891e2595c9d3036fd83bcb653b4db3c946db4c7d9b9be193c3c944bb?s=96&d=mm&r=g\",\"url\":\"https:\\\/\\\/secure.gravatar.com\\\/avatar\\\/9137aac6891e2595c9d3036fd83bcb653b4db3c946db4c7d9b9be193c3c944bb?s=96&d=mm&r=g\",\"contentUrl\":\"https:\\\/\\\/secure.gravatar.com\\\/avatar\\\/9137aac6891e2595c9d3036fd83bcb653b4db3c946db4c7d9b9be193c3c944bb?s=96&d=mm&r=g\",\"caption\":\"administrador\"},\"url\":\"https:\\\/\\\/mont-roig.cat\\\/es\\\/actualitat\\\/noticies\\\/author\\\/administrador\\\/\"}]}<\/script>\n<!-- \/ Yoast SEO plugin. -->","yoast_head_json":{"title":"El Ayuntamiento de Mont-roig firma el convenio con catorce entidades culturales del municipio y con siete clubes y deportistas - Ajuntament de Mont-roig del Camp","robots":{"index":"index","follow":"follow","max-snippet":"max-snippet:-1","max-image-preview":"max-image-preview:large","max-video-preview":"max-video-preview:-1"},"canonical":"https:\/\/mont-roig.cat\/es\/actualitat\/noticies\/lajuntament-de-mont-roig-signa-el-conveni-amb-catorze-entitats-culturals-del-municipi-i-amb-set-clubs-i-esportistes\/","og_locale":"es_ES","og_type":"article","og_title":"El Ayuntamiento de Mont-roig firma el convenio con catorce entidades culturales del municipio y con siete clubes y deportistas - Ajuntament de Mont-roig del Camp","og_description":"En total son 26.670 los euros que recibir\u00e1n para desarrollar parte de sus actividades a lo largo del a\u00f1o. El alcalde de Mont-roig del Camp Fran Morancho, acompa\u00f1ado de la concejala de Cultura N\u00faria Esquius y el concejal de Deportes \u00c1ngel Redondo, firm\u00f3 esta semana en una reuni\u00f3n que tuvo lugar en la Ermita de [&hellip;]","og_url":"https:\/\/mont-roig.cat\/es\/actualitat\/noticies\/lajuntament-de-mont-roig-signa-el-conveni-amb-catorze-entitats-culturals-del-municipi-i-amb-set-clubs-i-esportistes\/","og_site_name":"Ajuntament de Mont-roig del Camp","article_published_time":"2018-08-31T07:42:06+00:00","article_modified_time":"2018-08-31T07:53:29+00:00","og_image":[{"width":1920,"height":1440,"url":"https:\/\/mont-roig.cat\/wp-content\/uploads\/entitatsmiami.jpg","type":"image\/jpeg"}],"author":"administrador","twitter_card":"summary_large_image","twitter_misc":{"Escrito por":"administrador","Tiempo de lectura":"2 minutos"},"schema":{"@context":"https:\/\/schema.org","@graph":[{"@type":"Article","@id":"https:\/\/mont-roig.cat\/es\/actualitat\/noticies\/lajuntament-de-mont-roig-signa-el-conveni-amb-catorze-entitats-culturals-del-municipi-i-amb-set-clubs-i-esportistes\/#article","isPartOf":{"@id":"https:\/\/mont-roig.cat\/es\/actualitat\/noticies\/lajuntament-de-mont-roig-signa-el-conveni-amb-catorze-entitats-culturals-del-municipi-i-amb-set-clubs-i-esportistes\/"},"author":{"name":"administrador","@id":"https:\/\/mont-roig.cat\/es\/#\/schema\/person\/f2b111789f22b7d0c3bd6786c9128cba"},"headline":"El Ayuntamiento de Mont-roig firma el convenio con catorce entidades culturales del municipio y con siete clubes y deportistas","datePublished":"2018-08-31T07:42:06+00:00","dateModified":"2018-08-31T07:53:29+00:00","mainEntityOfPage":{"@id":"https:\/\/mont-roig.cat\/es\/actualitat\/noticies\/lajuntament-de-mont-roig-signa-el-conveni-amb-catorze-entitats-culturals-del-municipi-i-amb-set-clubs-i-esportistes\/"},"wordCount":440,"image":{"@id":"https:\/\/mont-roig.cat\/es\/actualitat\/noticies\/lajuntament-de-mont-roig-signa-el-conveni-amb-catorze-entitats-culturals-del-municipi-i-amb-set-clubs-i-esportistes\/#primaryimage"},"thumbnailUrl":"https:\/\/mont-roig.cat\/wp-content\/uploads\/entitatsmiami.jpg","articleSection":["Ayuntamiento","Cultura","Deportes"],"inLanguage":"es"},{"@type":"WebPage","@id":"https:\/\/mont-roig.cat\/es\/actualitat\/noticies\/lajuntament-de-mont-roig-signa-el-conveni-amb-catorze-entitats-culturals-del-municipi-i-amb-set-clubs-i-esportistes\/","url":"https:\/\/mont-roig.cat\/es\/actualitat\/noticies\/lajuntament-de-mont-roig-signa-el-conveni-amb-catorze-entitats-culturals-del-municipi-i-amb-set-clubs-i-esportistes\/","name":"El Ayuntamiento de Mont-roig firma el convenio con catorce entidades culturales del municipio y con siete clubes y deportistas - Ajuntament de Mont-roig del Camp","isPartOf":{"@id":"https:\/\/mont-roig.cat\/es\/#website"},"primaryImageOfPage":{"@id":"https:\/\/mont-roig.cat\/es\/actualitat\/noticies\/lajuntament-de-mont-roig-signa-el-conveni-amb-catorze-entitats-culturals-del-municipi-i-amb-set-clubs-i-esportistes\/#primaryimage"},"image":{"@id":"https:\/\/mont-roig.cat\/es\/actualitat\/noticies\/lajuntament-de-mont-roig-signa-el-conveni-amb-catorze-entitats-culturals-del-municipi-i-amb-set-clubs-i-esportistes\/#primaryimage"},"thumbnailUrl":"https:\/\/mont-roig.cat\/wp-content\/uploads\/entitatsmiami.jpg","datePublished":"2018-08-31T07:42:06+00:00","dateModified":"2018-08-31T07:53:29+00:00","author":{"@id":"https:\/\/mont-roig.cat\/es\/#\/schema\/person\/f2b111789f22b7d0c3bd6786c9128cba"},"breadcrumb":{"@id":"https:\/\/mont-roig.cat\/es\/actualitat\/noticies\/lajuntament-de-mont-roig-signa-el-conveni-amb-catorze-entitats-culturals-del-municipi-i-amb-set-clubs-i-esportistes\/#breadcrumb"},"inLanguage":"es","potentialAction":[{"@type":"ReadAction","target":["https:\/\/mont-roig.cat\/es\/actualitat\/noticies\/lajuntament-de-mont-roig-signa-el-conveni-amb-catorze-entitats-culturals-del-municipi-i-amb-set-clubs-i-esportistes\/"]}]},{"@type":"ImageObject","inLanguage":"es","@id":"https:\/\/mont-roig.cat\/es\/actualitat\/noticies\/lajuntament-de-mont-roig-signa-el-conveni-amb-catorze-entitats-culturals-del-municipi-i-amb-set-clubs-i-esportistes\/#primaryimage","url":"https:\/\/mont-roig.cat\/wp-content\/uploads\/entitatsmiami.jpg","contentUrl":"https:\/\/mont-roig.cat\/wp-content\/uploads\/entitatsmiami.jpg","width":1920,"height":1440},{"@type":"BreadcrumbList","@id":"https:\/\/mont-roig.cat\/es\/actualitat\/noticies\/lajuntament-de-mont-roig-signa-el-conveni-amb-catorze-entitats-culturals-del-municipi-i-amb-set-clubs-i-esportistes\/#breadcrumb","itemListElement":[{"@type":"ListItem","position":1,"name":"Inici","item":"https:\/\/mont-roig.cat\/es\/pagina-de-inicio\/"},{"@type":"ListItem","position":2,"name":"El Ayuntamiento de Mont-roig firma el convenio con catorce entidades culturales del municipio y con siete clubes y deportistas"}]},{"@type":"WebSite","@id":"https:\/\/mont-roig.cat\/es\/#website","url":"https:\/\/mont-roig.cat\/es\/","name":"Ajuntament de Mont-roig del Camp","description":"Tota la informaci\u00f3 sobre la instituci\u00f3, els seus \u00f2rgans de govern, actualitat, serveis i molt m\u00e9s.","potentialAction":[{"@type":"SearchAction","target":{"@type":"EntryPoint","urlTemplate":"https:\/\/mont-roig.cat\/es\/?s={search_term_string}"},"query-input":{"@type":"PropertyValueSpecification","valueRequired":true,"valueName":"search_term_string"}}],"inLanguage":"es"},{"@type":"Person","@id":"https:\/\/mont-roig.cat\/es\/#\/schema\/person\/f2b111789f22b7d0c3bd6786c9128cba","name":"administrador","image":{"@type":"ImageObject","inLanguage":"es","@id":"https:\/\/secure.gravatar.com\/avatar\/9137aac6891e2595c9d3036fd83bcb653b4db3c946db4c7d9b9be193c3c944bb?s=96&d=mm&r=g","url":"https:\/\/secure.gravatar.com\/avatar\/9137aac6891e2595c9d3036fd83bcb653b4db3c946db4c7d9b9be193c3c944bb?s=96&d=mm&r=g","contentUrl":"https:\/\/secure.gravatar.com\/avatar\/9137aac6891e2595c9d3036fd83bcb653b4db3c946db4c7d9b9be193c3c944bb?s=96&d=mm&r=g","caption":"administrador"},"url":"https:\/\/mont-roig.cat\/es\/actualitat\/noticies\/author\/administrador\/"}]}},"_links":{"self":[{"href":"https:\/\/mont-roig.cat\/es\/wp-json\/wp\/v2\/posts\/29805","targetHints":{"allow":["GET"]}}],"collection":[{"href":"https:\/\/mont-roig.cat\/es\/wp-json\/wp\/v2\/posts"}],"about":[{"href":"https:\/\/mont-roig.cat\/es\/wp-json\/wp\/v2\/types\/post"}],"author":[{"embeddable":true,"href":"https:\/\/mont-roig.cat\/es\/wp-json\/wp\/v2\/users\/4"}],"replies":[{"embeddable":true,"href":"https:\/\/mont-roig.cat\/es\/wp-json\/wp\/v2\/comments?post=29805"}],"version-history":[{"count":3,"href":"https:\/\/mont-roig.cat\/es\/wp-json\/wp\/v2\/posts\/29805\/revisions"}],"predecessor-version":[{"id":29808,"href":"https:\/\/mont-roig.cat\/es\/wp-json\/wp\/v2\/posts\/29805\/revisions\/29808"}],"wp:featuredmedia":[{"embeddable":true,"href":"https:\/\/mont-roig.cat\/es\/wp-json\/wp\/v2\/media\/29802"}],"wp:attachment":[{"href":"https:\/\/mont-roig.cat\/es\/wp-json\/wp\/v2\/media?parent=29805"}],"wp:term":[{"taxonomy":"category","embeddable":true,"href":"https:\/\/mont-roig.cat\/es\/wp-json\/wp\/v2\/categories?post=29805"},{"taxonomy":"post_tag","embeddable":true,"href":"https:\/\/mont-roig.cat\/es\/wp-json\/wp\/v2\/tags?post=29805"}],"curies":[{"name":"wp","href":"https:\/\/api.w.org\/{rel}","templated":true}]}}