{"id":30027,"date":"2018-09-14T11:14:58","date_gmt":"2018-09-14T09:14:58","guid":{"rendered":"https:\/\/mont-roig.cat\/?p=30027"},"modified":"2018-09-14T16:17:19","modified_gmt":"2018-09-14T14:17:19","slug":"mas-dias-y-actividades-para-disfrutar-del-ciclo-de-terror-panico","status":"publish","type":"post","link":"https:\/\/mont-roig.cat\/es\/actualitat\/noticies\/mas-dias-y-actividades-para-disfrutar-del-ciclo-de-terror-panico\/","title":{"rendered":"M\u00e1s d\u00edas y actividades para disfrutar del ciclo de terror P\u00e1nico"},"content":{"rendered":"<ul>\n<li><strong>Una gincana Cluedo, para resolver un asesinato, es una de las novedades del exitoso programa de actividades del departamento de Juventud<\/strong><\/li>\n<li><strong>El esperado Pasaje del Terror se celebrar\u00e1 los d\u00edas 19, 20 y 21 de octubre<\/strong><\/li>\n<\/ul>\n<div id=\"attachment_30019\" style=\"width: 260px\" class=\"wp-caption alignright\"><a href=\"https:\/\/mont-roig.cat\/wp-content\/uploads\/PROGRAMA-P\u00c0NIC.png\"><img loading=\"lazy\" decoding=\"async\" aria-describedby=\"caption-attachment-30019\" class=\"wp-image-30019\" src=\"https:\/\/mont-roig.cat\/wp-content\/uploads\/PROGRAMA-P\u00c0NIC.png\" alt=\"\" width=\"250\" height=\"354\" srcset=\"https:\/\/mont-roig.cat\/wp-content\/uploads\/PROGRAMA-P\u00c0NIC.png 1587w, https:\/\/mont-roig.cat\/wp-content\/uploads\/PROGRAMA-P\u00c0NIC-353x500.png 353w, https:\/\/mont-roig.cat\/wp-content\/uploads\/PROGRAMA-P\u00c0NIC-768x1086.png 768w, https:\/\/mont-roig.cat\/wp-content\/uploads\/PROGRAMA-P\u00c0NIC-724x1024.png 724w\" sizes=\"auto, (max-width: 250px) 100vw, 250px\" \/><\/a><p id=\"caption-attachment-30019\" class=\"wp-caption-text\">Programaci\u00f3n P\u00e1nico 2018<\/p><\/div>\n<p>La participaci\u00f3n en las primeras actividades del ciclo de terror P\u00e1nico, que cada a\u00f1o organiza el departamento de Juventud del Ayuntamiento de Mont-roig del Camp, hace prever que la iniciativa volver\u00e1 a ser un \u00e9xito entre los j\u00f3venes del municipio. El programa P\u00e1nico 2018, que ha comenzado este mes de septiembre y se alargar\u00e1 hasta el 10 de noviembre, ampl\u00eda el n\u00famero de propuestas relacionadas con el misterio, el terror y el miedo.<\/p>\n<p>En esta edici\u00f3n, como novedad, se dar\u00e1 vida al juego de mesa &#8220;Cluedo&#8221;, donde los j\u00f3venes participantes deber\u00e1n ser capaces de resolver un misterioso asesinato. La actividad tendr\u00e1 lugar el pr\u00f3ximo 28 de septiembre, coincidiendo con la fiesta mayor de Sant Miquel. Otra actividad que se renueva es el Mont-roig Misterioso que este a\u00f1o se realizar\u00e1 con la incorporaci\u00f3n de nuevos escenarios, con la colaboraci\u00f3n del grupo de teatro Els Xuts que se encargar\u00e1 de darles vida a trav\u00e9s de historias terror\u00edficas .<\/p>\n<p>Durante los m\u00e1s de 2 meses de programaci\u00f3n no faltar\u00e1n algunas de las propuestas ya consolidadas como el maquillaje de terror, el taller de cocina zombi, el taller DIY y el exitoso Pasaje del Terror que se celebrar\u00e1 los d\u00edas 19, 20 y 21 de octubre de 18 h a 21 h en el Casal de J\u00f3venes K1 de Mont-roig. Adem\u00e1s, la sesi\u00f3n del s\u00e1bado se alargar\u00e1 hasta las nueve y media de la noche para dar cabida a la gran afluencia de p\u00fablico que cada a\u00f1o se produce con esta iniciativa. Se trata de uno de los actos m\u00e1s esperados y con m\u00e1s \u00e9xito que organiza el departamento de Juventud y que involucra a decenas de j\u00f3venes en su preparaci\u00f3n y puesta en escena. La entrada es gratuita y se organizan autobuses para que los j\u00f3venes de Miami Platja puedan asistir.<\/p>\n<p>Finalmente en el marco del Tok&#8217;l2 y relacionadas con esta tem\u00e1tica se realizar\u00e1n dos salidas, una de ellas en Port Aventura, coincidiendo con la programaci\u00f3n especial de terror que el parque ofrece en estas fechas y una sesi\u00f3n en un Mistery Room en noviembre, d\u00f3nde se tendr\u00e1 que salir de una casa encantada. Paralelamente se organiza un concurso de Instagram a trav\u00e9s del cual los participantes pueden ganar camisetas del P\u00e1nico 2018 y entradas a Port Aventura Park.<\/p>\n<ul>\n<li><a href=\"https:\/\/mont-roig.cat\/wp-content\/uploads\/Bases-Concurs-Instagram-P\u00e0nic18.pdf\" target=\"_blank\" rel=\"noopener\">Bases Concurso Instagram P\u00e0nic18<\/a><\/li>\n<\/ul>\n\n\t\t<style type=\"text\/css\">\n\t\t\t#gallery-1 {\n\t\t\t\tmargin: auto;\n\t\t\t}\n\t\t\t#gallery-1 .gallery-item {\n\t\t\t\tfloat: left;\n\t\t\t\tmargin-top: 10px;\n\t\t\t\ttext-align: center;\n\t\t\t\twidth: 25%;\n\t\t\t}\n\t\t\t#gallery-1 img {\n\t\t\t\tborder: 2px solid #cfcfcf;\n\t\t\t}\n\t\t\t#gallery-1 .gallery-caption {\n\t\t\t\tmargin-left: 0;\n\t\t\t}\n\t\t\t\/* see gallery_shortcode() in wp-includes\/media.php *\/\n\t\t<\/style>\n\t\t<div id='gallery-1' class='gallery galleryid-30027 gallery-columns-4 gallery-size-medium'><dl class='gallery-item'>\n\t\t\t<dt class='gallery-icon landscape'>\n\t\t\t\t<a href='https:\/\/mont-roig.cat\/wp-content\/uploads\/MATO4603.jpg'><img loading=\"lazy\" decoding=\"async\" width=\"500\" height=\"243\" src=\"https:\/\/mont-roig.cat\/wp-content\/uploads\/MATO4603-500x243.jpg\" class=\"attachment-medium size-medium\" alt=\"\" aria-describedby=\"gallery-1-30020\" srcset=\"https:\/\/mont-roig.cat\/wp-content\/uploads\/MATO4603-500x243.jpg 500w, https:\/\/mont-roig.cat\/wp-content\/uploads\/MATO4603-768x373.jpg 768w, https:\/\/mont-roig.cat\/wp-content\/uploads\/MATO4603-1024x497.jpg 1024w, https:\/\/mont-roig.cat\/wp-content\/uploads\/MATO4603.jpg 1600w\" sizes=\"auto, (max-width: 500px) 100vw, 500px\" \/><\/a>\n\t\t\t<\/dt>\n\t\t\t\t<dd class='wp-caption-text gallery-caption' id='gallery-1-30020'>\n\t\t\t\tTaller de cocina zombie 2018\n\t\t\t\t<\/dd><\/dl><dl class='gallery-item'>\n\t\t\t<dt class='gallery-icon landscape'>\n\t\t\t\t<a href='https:\/\/mont-roig.cat\/wp-content\/uploads\/OPKE2032.jpg'><img loading=\"lazy\" decoding=\"async\" width=\"500\" height=\"243\" src=\"https:\/\/mont-roig.cat\/wp-content\/uploads\/OPKE2032-500x243.jpg\" class=\"attachment-medium size-medium\" alt=\"\" aria-describedby=\"gallery-1-30021\" srcset=\"https:\/\/mont-roig.cat\/wp-content\/uploads\/OPKE2032-500x243.jpg 500w, https:\/\/mont-roig.cat\/wp-content\/uploads\/OPKE2032-768x373.jpg 768w, https:\/\/mont-roig.cat\/wp-content\/uploads\/OPKE2032-1024x497.jpg 1024w, https:\/\/mont-roig.cat\/wp-content\/uploads\/OPKE2032.jpg 1600w\" sizes=\"auto, (max-width: 500px) 100vw, 500px\" \/><\/a>\n\t\t\t<\/dt>\n\t\t\t\t<dd class='wp-caption-text gallery-caption' id='gallery-1-30021'>\n\t\t\t\tTaller de cocina zombie 2018\n\t\t\t\t<\/dd><\/dl><dl class='gallery-item'>\n\t\t\t<dt class='gallery-icon landscape'>\n\t\t\t\t<a href='https:\/\/mont-roig.cat\/wp-content\/uploads\/RILV6500.jpg'><img loading=\"lazy\" decoding=\"async\" width=\"500\" height=\"243\" src=\"https:\/\/mont-roig.cat\/wp-content\/uploads\/RILV6500-500x243.jpg\" class=\"attachment-medium size-medium\" alt=\"\" aria-describedby=\"gallery-1-30022\" srcset=\"https:\/\/mont-roig.cat\/wp-content\/uploads\/RILV6500-500x243.jpg 500w, https:\/\/mont-roig.cat\/wp-content\/uploads\/RILV6500-768x373.jpg 768w, https:\/\/mont-roig.cat\/wp-content\/uploads\/RILV6500-1024x497.jpg 1024w, https:\/\/mont-roig.cat\/wp-content\/uploads\/RILV6500.jpg 1600w\" sizes=\"auto, (max-width: 500px) 100vw, 500px\" \/><\/a>\n\t\t\t<\/dt>\n\t\t\t\t<dd class='wp-caption-text gallery-caption' id='gallery-1-30022'>\n\t\t\t\tTaller de cocina zombie 2018\n\t\t\t\t<\/dd><\/dl><dl class='gallery-item'>\n\t\t\t<dt class='gallery-icon landscape'>\n\t\t\t\t<a href='https:\/\/mont-roig.cat\/wp-content\/uploads\/XMRG6790.jpg'><img loading=\"lazy\" decoding=\"async\" width=\"500\" height=\"243\" src=\"https:\/\/mont-roig.cat\/wp-content\/uploads\/XMRG6790-500x243.jpg\" class=\"attachment-medium size-medium\" alt=\"\" aria-describedby=\"gallery-1-30023\" srcset=\"https:\/\/mont-roig.cat\/wp-content\/uploads\/XMRG6790-500x243.jpg 500w, https:\/\/mont-roig.cat\/wp-content\/uploads\/XMRG6790-768x373.jpg 768w, https:\/\/mont-roig.cat\/wp-content\/uploads\/XMRG6790-1024x497.jpg 1024w, https:\/\/mont-roig.cat\/wp-content\/uploads\/XMRG6790.jpg 1600w\" sizes=\"auto, (max-width: 500px) 100vw, 500px\" \/><\/a>\n\t\t\t<\/dt>\n\t\t\t\t<dd class='wp-caption-text gallery-caption' id='gallery-1-30023'>\n\t\t\t\tTaller de cocina zombie 2018\n\t\t\t\t<\/dd><\/dl><br style=\"clear: both\" \/>\n\t\t<\/div>\n\n","protected":false},"excerpt":{"rendered":"<p>Una gincana Cluedo, para resolver un asesinato, es una de las novedades del exitoso programa de actividades del departamento de Juventud El esperado Pasaje del Terror se celebrar\u00e1 los d\u00edas 19, 20 y 21 de octubre La participaci\u00f3n en las primeras actividades del ciclo de terror P\u00e1nico, que cada a\u00f1o organiza el departamento de Juventud [&hellip;]<\/p>\n","protected":false},"author":4,"featured_media":30019,"comment_status":"closed","ping_status":"closed","sticky":false,"template":"","format":"standard","meta":{"inline_featured_image":false,"_monsterinsights_skip_tracking":false,"_monsterinsights_sitenote_active":false,"_monsterinsights_sitenote_note":"","_monsterinsights_sitenote_category":0,"footnotes":""},"categories":[106],"tags":[],"class_list":["post-30027","post","type-post","status-publish","format-standard","has-post-thumbnail","hentry","category-juventud"],"yoast_head":"<!-- This site is optimized with the Yoast SEO plugin v27.4 - https:\/\/yoast.com\/product\/yoast-seo-wordpress\/ -->\n<title>M\u00e1s d\u00edas y actividades para disfrutar del ciclo de terror P\u00e1nico - Ajuntament de Mont-roig del Camp<\/title>\n<meta name=\"robots\" content=\"index, follow, max-snippet:-1, max-image-preview:large, max-video-preview:-1\" \/>\n<link rel=\"canonical\" href=\"https:\/\/mont-roig.cat\/es\/actualitat\/noticies\/mas-dias-y-actividades-para-disfrutar-del-ciclo-de-terror-panico\/\" \/>\n<meta property=\"og:locale\" content=\"es_ES\" \/>\n<meta property=\"og:type\" content=\"article\" \/>\n<meta property=\"og:title\" content=\"M\u00e1s d\u00edas y actividades para disfrutar del ciclo de terror P\u00e1nico - Ajuntament de Mont-roig del Camp\" \/>\n<meta property=\"og:description\" content=\"Una gincana Cluedo, para resolver un asesinato, es una de las novedades del exitoso programa de actividades del departamento de Juventud El esperado Pasaje del Terror se celebrar\u00e1 los d\u00edas 19, 20 y 21 de octubre La participaci\u00f3n en las primeras actividades del ciclo de terror P\u00e1nico, que cada a\u00f1o organiza el departamento de Juventud [&hellip;]\" \/>\n<meta property=\"og:url\" content=\"https:\/\/mont-roig.cat\/es\/actualitat\/noticies\/mas-dias-y-actividades-para-disfrutar-del-ciclo-de-terror-panico\/\" \/>\n<meta property=\"og:site_name\" content=\"Ajuntament de Mont-roig del Camp\" \/>\n<meta property=\"article:published_time\" content=\"2018-09-14T09:14:58+00:00\" \/>\n<meta property=\"article:modified_time\" content=\"2018-09-14T14:17:19+00:00\" \/>\n<meta property=\"og:image\" content=\"https:\/\/mont-roig.cat\/wp-content\/uploads\/PROGRAMA-P\u00c0NIC.png\" \/>\n\t<meta property=\"og:image:width\" content=\"1587\" \/>\n\t<meta property=\"og:image:height\" content=\"2245\" \/>\n\t<meta property=\"og:image:type\" content=\"image\/png\" \/>\n<meta name=\"author\" content=\"administrador\" \/>\n<meta name=\"twitter:card\" content=\"summary_large_image\" \/>\n<meta name=\"twitter:label1\" content=\"Escrito por\" \/>\n\t<meta name=\"twitter:data1\" content=\"administrador\" \/>\n\t<meta name=\"twitter:label2\" content=\"Tiempo de lectura\" \/>\n\t<meta name=\"twitter:data2\" content=\"2 minutos\" \/>\n<script type=\"application\/ld+json\" class=\"yoast-schema-graph\">{\"@context\":\"https:\\\/\\\/schema.org\",\"@graph\":[{\"@type\":\"Article\",\"@id\":\"https:\\\/\\\/mont-roig.cat\\\/es\\\/actualitat\\\/noticies\\\/mas-dias-y-actividades-para-disfrutar-del-ciclo-de-terror-panico\\\/#article\",\"isPartOf\":{\"@id\":\"https:\\\/\\\/mont-roig.cat\\\/es\\\/actualitat\\\/noticies\\\/mas-dias-y-actividades-para-disfrutar-del-ciclo-de-terror-panico\\\/\"},\"author\":{\"name\":\"administrador\",\"@id\":\"https:\\\/\\\/mont-roig.cat\\\/es\\\/#\\\/schema\\\/person\\\/f2b111789f22b7d0c3bd6786c9128cba\"},\"headline\":\"M\u00e1s d\u00edas y actividades para disfrutar del ciclo de terror P\u00e1nico\",\"datePublished\":\"2018-09-14T09:14:58+00:00\",\"dateModified\":\"2018-09-14T14:17:19+00:00\",\"mainEntityOfPage\":{\"@id\":\"https:\\\/\\\/mont-roig.cat\\\/es\\\/actualitat\\\/noticies\\\/mas-dias-y-actividades-para-disfrutar-del-ciclo-de-terror-panico\\\/\"},\"wordCount\":476,\"image\":{\"@id\":\"https:\\\/\\\/mont-roig.cat\\\/es\\\/actualitat\\\/noticies\\\/mas-dias-y-actividades-para-disfrutar-del-ciclo-de-terror-panico\\\/#primaryimage\"},\"thumbnailUrl\":\"https:\\\/\\\/mont-roig.cat\\\/wp-content\\\/uploads\\\/PROGRAMA-P\u00c0NIC.png\",\"articleSection\":[\"Juventud\"],\"inLanguage\":\"es\"},{\"@type\":\"WebPage\",\"@id\":\"https:\\\/\\\/mont-roig.cat\\\/es\\\/actualitat\\\/noticies\\\/mas-dias-y-actividades-para-disfrutar-del-ciclo-de-terror-panico\\\/\",\"url\":\"https:\\\/\\\/mont-roig.cat\\\/es\\\/actualitat\\\/noticies\\\/mas-dias-y-actividades-para-disfrutar-del-ciclo-de-terror-panico\\\/\",\"name\":\"M\u00e1s d\u00edas y actividades para disfrutar del ciclo de terror P\u00e1nico - Ajuntament de Mont-roig del Camp\",\"isPartOf\":{\"@id\":\"https:\\\/\\\/mont-roig.cat\\\/es\\\/#website\"},\"primaryImageOfPage\":{\"@id\":\"https:\\\/\\\/mont-roig.cat\\\/es\\\/actualitat\\\/noticies\\\/mas-dias-y-actividades-para-disfrutar-del-ciclo-de-terror-panico\\\/#primaryimage\"},\"image\":{\"@id\":\"https:\\\/\\\/mont-roig.cat\\\/es\\\/actualitat\\\/noticies\\\/mas-dias-y-actividades-para-disfrutar-del-ciclo-de-terror-panico\\\/#primaryimage\"},\"thumbnailUrl\":\"https:\\\/\\\/mont-roig.cat\\\/wp-content\\\/uploads\\\/PROGRAMA-P\u00c0NIC.png\",\"datePublished\":\"2018-09-14T09:14:58+00:00\",\"dateModified\":\"2018-09-14T14:17:19+00:00\",\"author\":{\"@id\":\"https:\\\/\\\/mont-roig.cat\\\/es\\\/#\\\/schema\\\/person\\\/f2b111789f22b7d0c3bd6786c9128cba\"},\"breadcrumb\":{\"@id\":\"https:\\\/\\\/mont-roig.cat\\\/es\\\/actualitat\\\/noticies\\\/mas-dias-y-actividades-para-disfrutar-del-ciclo-de-terror-panico\\\/#breadcrumb\"},\"inLanguage\":\"es\",\"potentialAction\":[{\"@type\":\"ReadAction\",\"target\":[\"https:\\\/\\\/mont-roig.cat\\\/es\\\/actualitat\\\/noticies\\\/mas-dias-y-actividades-para-disfrutar-del-ciclo-de-terror-panico\\\/\"]}]},{\"@type\":\"ImageObject\",\"inLanguage\":\"es\",\"@id\":\"https:\\\/\\\/mont-roig.cat\\\/es\\\/actualitat\\\/noticies\\\/mas-dias-y-actividades-para-disfrutar-del-ciclo-de-terror-panico\\\/#primaryimage\",\"url\":\"https:\\\/\\\/mont-roig.cat\\\/wp-content\\\/uploads\\\/PROGRAMA-P\u00c0NIC.png\",\"contentUrl\":\"https:\\\/\\\/mont-roig.cat\\\/wp-content\\\/uploads\\\/PROGRAMA-P\u00c0NIC.png\",\"width\":1587,\"height\":2245},{\"@type\":\"BreadcrumbList\",\"@id\":\"https:\\\/\\\/mont-roig.cat\\\/es\\\/actualitat\\\/noticies\\\/mas-dias-y-actividades-para-disfrutar-del-ciclo-de-terror-panico\\\/#breadcrumb\",\"itemListElement\":[{\"@type\":\"ListItem\",\"position\":1,\"name\":\"Inici\",\"item\":\"https:\\\/\\\/mont-roig.cat\\\/es\\\/pagina-de-inicio\\\/\"},{\"@type\":\"ListItem\",\"position\":2,\"name\":\"M\u00e1s d\u00edas y actividades para disfrutar del ciclo de terror P\u00e1nico\"}]},{\"@type\":\"WebSite\",\"@id\":\"https:\\\/\\\/mont-roig.cat\\\/es\\\/#website\",\"url\":\"https:\\\/\\\/mont-roig.cat\\\/es\\\/\",\"name\":\"Ajuntament de Mont-roig del Camp\",\"description\":\"Tota la informaci\u00f3 sobre la instituci\u00f3, els seus \u00f2rgans de govern, actualitat, serveis i molt m\u00e9s.\",\"potentialAction\":[{\"@type\":\"SearchAction\",\"target\":{\"@type\":\"EntryPoint\",\"urlTemplate\":\"https:\\\/\\\/mont-roig.cat\\\/es\\\/?s={search_term_string}\"},\"query-input\":{\"@type\":\"PropertyValueSpecification\",\"valueRequired\":true,\"valueName\":\"search_term_string\"}}],\"inLanguage\":\"es\"},{\"@type\":\"Person\",\"@id\":\"https:\\\/\\\/mont-roig.cat\\\/es\\\/#\\\/schema\\\/person\\\/f2b111789f22b7d0c3bd6786c9128cba\",\"name\":\"administrador\",\"image\":{\"@type\":\"ImageObject\",\"inLanguage\":\"es\",\"@id\":\"https:\\\/\\\/secure.gravatar.com\\\/avatar\\\/9137aac6891e2595c9d3036fd83bcb653b4db3c946db4c7d9b9be193c3c944bb?s=96&d=mm&r=g\",\"url\":\"https:\\\/\\\/secure.gravatar.com\\\/avatar\\\/9137aac6891e2595c9d3036fd83bcb653b4db3c946db4c7d9b9be193c3c944bb?s=96&d=mm&r=g\",\"contentUrl\":\"https:\\\/\\\/secure.gravatar.com\\\/avatar\\\/9137aac6891e2595c9d3036fd83bcb653b4db3c946db4c7d9b9be193c3c944bb?s=96&d=mm&r=g\",\"caption\":\"administrador\"},\"url\":\"https:\\\/\\\/mont-roig.cat\\\/es\\\/actualitat\\\/noticies\\\/author\\\/administrador\\\/\"}]}<\/script>\n<!-- \/ Yoast SEO plugin. -->","yoast_head_json":{"title":"M\u00e1s d\u00edas y actividades para disfrutar del ciclo de terror P\u00e1nico - Ajuntament de Mont-roig del Camp","robots":{"index":"index","follow":"follow","max-snippet":"max-snippet:-1","max-image-preview":"max-image-preview:large","max-video-preview":"max-video-preview:-1"},"canonical":"https:\/\/mont-roig.cat\/es\/actualitat\/noticies\/mas-dias-y-actividades-para-disfrutar-del-ciclo-de-terror-panico\/","og_locale":"es_ES","og_type":"article","og_title":"M\u00e1s d\u00edas y actividades para disfrutar del ciclo de terror P\u00e1nico - Ajuntament de Mont-roig del Camp","og_description":"Una gincana Cluedo, para resolver un asesinato, es una de las novedades del exitoso programa de actividades del departamento de Juventud El esperado Pasaje del Terror se celebrar\u00e1 los d\u00edas 19, 20 y 21 de octubre La participaci\u00f3n en las primeras actividades del ciclo de terror P\u00e1nico, que cada a\u00f1o organiza el departamento de Juventud [&hellip;]","og_url":"https:\/\/mont-roig.cat\/es\/actualitat\/noticies\/mas-dias-y-actividades-para-disfrutar-del-ciclo-de-terror-panico\/","og_site_name":"Ajuntament de Mont-roig del Camp","article_published_time":"2018-09-14T09:14:58+00:00","article_modified_time":"2018-09-14T14:17:19+00:00","og_image":[{"width":1587,"height":2245,"url":"https:\/\/mont-roig.cat\/wp-content\/uploads\/PROGRAMA-P\u00c0NIC.png","type":"image\/png"}],"author":"administrador","twitter_card":"summary_large_image","twitter_misc":{"Escrito por":"administrador","Tiempo de lectura":"2 minutos"},"schema":{"@context":"https:\/\/schema.org","@graph":[{"@type":"Article","@id":"https:\/\/mont-roig.cat\/es\/actualitat\/noticies\/mas-dias-y-actividades-para-disfrutar-del-ciclo-de-terror-panico\/#article","isPartOf":{"@id":"https:\/\/mont-roig.cat\/es\/actualitat\/noticies\/mas-dias-y-actividades-para-disfrutar-del-ciclo-de-terror-panico\/"},"author":{"name":"administrador","@id":"https:\/\/mont-roig.cat\/es\/#\/schema\/person\/f2b111789f22b7d0c3bd6786c9128cba"},"headline":"M\u00e1s d\u00edas y actividades para disfrutar del ciclo de terror P\u00e1nico","datePublished":"2018-09-14T09:14:58+00:00","dateModified":"2018-09-14T14:17:19+00:00","mainEntityOfPage":{"@id":"https:\/\/mont-roig.cat\/es\/actualitat\/noticies\/mas-dias-y-actividades-para-disfrutar-del-ciclo-de-terror-panico\/"},"wordCount":476,"image":{"@id":"https:\/\/mont-roig.cat\/es\/actualitat\/noticies\/mas-dias-y-actividades-para-disfrutar-del-ciclo-de-terror-panico\/#primaryimage"},"thumbnailUrl":"https:\/\/mont-roig.cat\/wp-content\/uploads\/PROGRAMA-P\u00c0NIC.png","articleSection":["Juventud"],"inLanguage":"es"},{"@type":"WebPage","@id":"https:\/\/mont-roig.cat\/es\/actualitat\/noticies\/mas-dias-y-actividades-para-disfrutar-del-ciclo-de-terror-panico\/","url":"https:\/\/mont-roig.cat\/es\/actualitat\/noticies\/mas-dias-y-actividades-para-disfrutar-del-ciclo-de-terror-panico\/","name":"M\u00e1s d\u00edas y actividades para disfrutar del ciclo de terror P\u00e1nico - Ajuntament de Mont-roig del Camp","isPartOf":{"@id":"https:\/\/mont-roig.cat\/es\/#website"},"primaryImageOfPage":{"@id":"https:\/\/mont-roig.cat\/es\/actualitat\/noticies\/mas-dias-y-actividades-para-disfrutar-del-ciclo-de-terror-panico\/#primaryimage"},"image":{"@id":"https:\/\/mont-roig.cat\/es\/actualitat\/noticies\/mas-dias-y-actividades-para-disfrutar-del-ciclo-de-terror-panico\/#primaryimage"},"thumbnailUrl":"https:\/\/mont-roig.cat\/wp-content\/uploads\/PROGRAMA-P\u00c0NIC.png","datePublished":"2018-09-14T09:14:58+00:00","dateModified":"2018-09-14T14:17:19+00:00","author":{"@id":"https:\/\/mont-roig.cat\/es\/#\/schema\/person\/f2b111789f22b7d0c3bd6786c9128cba"},"breadcrumb":{"@id":"https:\/\/mont-roig.cat\/es\/actualitat\/noticies\/mas-dias-y-actividades-para-disfrutar-del-ciclo-de-terror-panico\/#breadcrumb"},"inLanguage":"es","potentialAction":[{"@type":"ReadAction","target":["https:\/\/mont-roig.cat\/es\/actualitat\/noticies\/mas-dias-y-actividades-para-disfrutar-del-ciclo-de-terror-panico\/"]}]},{"@type":"ImageObject","inLanguage":"es","@id":"https:\/\/mont-roig.cat\/es\/actualitat\/noticies\/mas-dias-y-actividades-para-disfrutar-del-ciclo-de-terror-panico\/#primaryimage","url":"https:\/\/mont-roig.cat\/wp-content\/uploads\/PROGRAMA-P\u00c0NIC.png","contentUrl":"https:\/\/mont-roig.cat\/wp-content\/uploads\/PROGRAMA-P\u00c0NIC.png","width":1587,"height":2245},{"@type":"BreadcrumbList","@id":"https:\/\/mont-roig.cat\/es\/actualitat\/noticies\/mas-dias-y-actividades-para-disfrutar-del-ciclo-de-terror-panico\/#breadcrumb","itemListElement":[{"@type":"ListItem","position":1,"name":"Inici","item":"https:\/\/mont-roig.cat\/es\/pagina-de-inicio\/"},{"@type":"ListItem","position":2,"name":"M\u00e1s d\u00edas y actividades para disfrutar del ciclo de terror P\u00e1nico"}]},{"@type":"WebSite","@id":"https:\/\/mont-roig.cat\/es\/#website","url":"https:\/\/mont-roig.cat\/es\/","name":"Ajuntament de Mont-roig del Camp","description":"Tota la informaci\u00f3 sobre la instituci\u00f3, els seus \u00f2rgans de govern, actualitat, serveis i molt m\u00e9s.","potentialAction":[{"@type":"SearchAction","target":{"@type":"EntryPoint","urlTemplate":"https:\/\/mont-roig.cat\/es\/?s={search_term_string}"},"query-input":{"@type":"PropertyValueSpecification","valueRequired":true,"valueName":"search_term_string"}}],"inLanguage":"es"},{"@type":"Person","@id":"https:\/\/mont-roig.cat\/es\/#\/schema\/person\/f2b111789f22b7d0c3bd6786c9128cba","name":"administrador","image":{"@type":"ImageObject","inLanguage":"es","@id":"https:\/\/secure.gravatar.com\/avatar\/9137aac6891e2595c9d3036fd83bcb653b4db3c946db4c7d9b9be193c3c944bb?s=96&d=mm&r=g","url":"https:\/\/secure.gravatar.com\/avatar\/9137aac6891e2595c9d3036fd83bcb653b4db3c946db4c7d9b9be193c3c944bb?s=96&d=mm&r=g","contentUrl":"https:\/\/secure.gravatar.com\/avatar\/9137aac6891e2595c9d3036fd83bcb653b4db3c946db4c7d9b9be193c3c944bb?s=96&d=mm&r=g","caption":"administrador"},"url":"https:\/\/mont-roig.cat\/es\/actualitat\/noticies\/author\/administrador\/"}]}},"_links":{"self":[{"href":"https:\/\/mont-roig.cat\/es\/wp-json\/wp\/v2\/posts\/30027","targetHints":{"allow":["GET"]}}],"collection":[{"href":"https:\/\/mont-roig.cat\/es\/wp-json\/wp\/v2\/posts"}],"about":[{"href":"https:\/\/mont-roig.cat\/es\/wp-json\/wp\/v2\/types\/post"}],"author":[{"embeddable":true,"href":"https:\/\/mont-roig.cat\/es\/wp-json\/wp\/v2\/users\/4"}],"replies":[{"embeddable":true,"href":"https:\/\/mont-roig.cat\/es\/wp-json\/wp\/v2\/comments?post=30027"}],"version-history":[{"count":5,"href":"https:\/\/mont-roig.cat\/es\/wp-json\/wp\/v2\/posts\/30027\/revisions"}],"predecessor-version":[{"id":30044,"href":"https:\/\/mont-roig.cat\/es\/wp-json\/wp\/v2\/posts\/30027\/revisions\/30044"}],"wp:featuredmedia":[{"embeddable":true,"href":"https:\/\/mont-roig.cat\/es\/wp-json\/wp\/v2\/media\/30019"}],"wp:attachment":[{"href":"https:\/\/mont-roig.cat\/es\/wp-json\/wp\/v2\/media?parent=30027"}],"wp:term":[{"taxonomy":"category","embeddable":true,"href":"https:\/\/mont-roig.cat\/es\/wp-json\/wp\/v2\/categories?post=30027"},{"taxonomy":"post_tag","embeddable":true,"href":"https:\/\/mont-roig.cat\/es\/wp-json\/wp\/v2\/tags?post=30027"}],"curies":[{"name":"wp","href":"https:\/\/api.w.org\/{rel}","templated":true}]}}