{"id":30945,"date":"2018-10-09T14:59:23","date_gmt":"2018-10-09T12:59:23","guid":{"rendered":"https:\/\/mont-roig.cat\/?p=30945"},"modified":"2018-10-09T14:59:23","modified_gmt":"2018-10-09T12:59:23","slug":"evolucion-de-las-obras-de-la-avenida-de-barcelona-5","status":"publish","type":"post","link":"https:\/\/mont-roig.cat\/es\/actualitat\/noticies\/evolucion-de-las-obras-de-la-avenida-de-barcelona-5\/","title":{"rendered":"Evoluci\u00f3n de las obras de la avenida de Barcelona"},"content":{"rendered":"<div id=\"attachment_30942\" style=\"width: 310px\" class=\"wp-caption alignright\"><a href=\"https:\/\/mont-roig.cat\/wp-content\/uploads\/Avinguda-Barcelona-primera-capa-asfalt.jpg\"><img loading=\"lazy\" decoding=\"async\" aria-describedby=\"caption-attachment-30942\" class=\"wp-image-30942\" src=\"https:\/\/mont-roig.cat\/wp-content\/uploads\/Avinguda-Barcelona-primera-capa-asfalt.jpg\" alt=\"\" width=\"300\" height=\"225\" srcset=\"https:\/\/mont-roig.cat\/wp-content\/uploads\/Avinguda-Barcelona-primera-capa-asfalt.jpg 1920w, https:\/\/mont-roig.cat\/wp-content\/uploads\/Avinguda-Barcelona-primera-capa-asfalt-500x375.jpg 500w, https:\/\/mont-roig.cat\/wp-content\/uploads\/Avinguda-Barcelona-primera-capa-asfalt-768x576.jpg 768w, https:\/\/mont-roig.cat\/wp-content\/uploads\/Avinguda-Barcelona-primera-capa-asfalt-1024x768.jpg 1024w, https:\/\/mont-roig.cat\/wp-content\/uploads\/Avinguda-Barcelona-primera-capa-asfalt-463x348.jpg 463w\" sizes=\"auto, (max-width: 300px) 100vw, 300px\" \/><\/a><p id=\"caption-attachment-30942\" class=\"wp-caption-text\">Esta semana finaliza la primera capa de asfalto de todo el tramo de la avenida Barcelona.<\/p><\/div>\n<p>El Ayuntamiento de Mont-roig del Camp informa de las novedades en relaci\u00f3n a la obra de renovaci\u00f3n y mejora de los servicios urbanos y pavimentaci\u00f3n de cerca de un kil\u00f3metro de la avenida Barcelona.<\/p>\n<ul>\n<li>Esta semana finalizan los trabajos de la primera capa de asfalto de la parte central de la avenida Barcelona entre la avenida Alemania y la avenida C\u00e1diz, completando as\u00ed todo el tramo de obras. Estos trabajos requerir\u00e1n cortes puntuales de tr\u00e1fico en el cruce de Los \u00c1ngeles.<\/li>\n<li>Desde finales de la semana pasada el tr\u00e1fico rodado ya utiliza el vial central para acceder a la zona de playa Cristall desde L&#8217;Hospitalet de l&#8217;Infant y a partir de la pr\u00f3xima semana tambi\u00e9n se podr\u00e1 abrir al tr\u00e1fico el acceso desde Veracruz, finalizados los trabajos de instalaci\u00f3n de los colectores de aguas pluviales y residuales.<\/li>\n<li>Una vez termine la primera capa de asfaltado de la calzada, a finales de esta semana, est\u00e1 previsto tambi\u00e9n que se vuelva a abrir al tr\u00e1fico el cruce con la avenida de California, en ambos sentidos de circulaci\u00f3n.<\/li>\n<li>La pr\u00f3xima semana comenzar\u00e1 la pavimentaci\u00f3n de las aceras entre plaza de Tarragona y avenida de California, lado mar. Por este motivo, ya se est\u00e1n desviando los peatones entre la calle Marina y avenida Par\u00eds por un paso provisional en el \u00e1mbito de la obra.<\/li>\n<li>Finalmente, se han aprovechado las obras para renovar un tramo de la l\u00ednea de media tensi\u00f3n de Endesa que cruza la avenida Barcelona a la altura de California, que era de las m\u00e1s antiguas del n\u00facleo urbano de Miami Platja.<\/li>\n<\/ul>\n","protected":false},"excerpt":{"rendered":"<p>El Ayuntamiento de Mont-roig del Camp informa de las novedades en relaci\u00f3n a la obra de renovaci\u00f3n y mejora de los servicios urbanos y pavimentaci\u00f3n de cerca de un kil\u00f3metro de la avenida Barcelona. Esta semana finalizan los trabajos de la primera capa de asfalto de la parte central de la avenida Barcelona entre la [&hellip;]<\/p>\n","protected":false},"author":4,"featured_media":30943,"comment_status":"closed","ping_status":"closed","sticky":false,"template":"","format":"standard","meta":{"inline_featured_image":false,"_monsterinsights_skip_tracking":false,"_monsterinsights_sitenote_active":false,"_monsterinsights_sitenote_note":"","_monsterinsights_sitenote_category":0,"footnotes":""},"categories":[116],"tags":[],"class_list":["post-30945","post","type-post","status-publish","format-standard","has-post-thumbnail","hentry","category-urbanismo-y-obras"],"yoast_head":"<!-- This site is optimized with the Yoast SEO plugin v27.4 - https:\/\/yoast.com\/product\/yoast-seo-wordpress\/ -->\n<title>Evoluci\u00f3n de las obras de la avenida de Barcelona - Ajuntament de Mont-roig del Camp<\/title>\n<meta name=\"robots\" content=\"index, follow, max-snippet:-1, max-image-preview:large, max-video-preview:-1\" \/>\n<link rel=\"canonical\" href=\"https:\/\/mont-roig.cat\/es\/actualitat\/noticies\/evolucion-de-las-obras-de-la-avenida-de-barcelona-5\/\" \/>\n<meta property=\"og:locale\" content=\"es_ES\" \/>\n<meta property=\"og:type\" content=\"article\" \/>\n<meta property=\"og:title\" content=\"Evoluci\u00f3n de las obras de la avenida de Barcelona - Ajuntament de Mont-roig del Camp\" \/>\n<meta property=\"og:description\" content=\"El Ayuntamiento de Mont-roig del Camp informa de las novedades en relaci\u00f3n a la obra de renovaci\u00f3n y mejora de los servicios urbanos y pavimentaci\u00f3n de cerca de un kil\u00f3metro de la avenida Barcelona. Esta semana finalizan los trabajos de la primera capa de asfalto de la parte central de la avenida Barcelona entre la [&hellip;]\" \/>\n<meta property=\"og:url\" content=\"https:\/\/mont-roig.cat\/es\/actualitat\/noticies\/evolucion-de-las-obras-de-la-avenida-de-barcelona-5\/\" \/>\n<meta property=\"og:site_name\" content=\"Ajuntament de Mont-roig del Camp\" \/>\n<meta property=\"article:published_time\" content=\"2018-10-09T12:59:23+00:00\" \/>\n<meta property=\"og:image\" content=\"https:\/\/mont-roig.cat\/wp-content\/uploads\/Avinguda-Barcelona-primera-capa-asfalt.jpg\" \/>\n\t<meta property=\"og:image:width\" content=\"4032\" \/>\n\t<meta property=\"og:image:height\" content=\"3024\" \/>\n\t<meta property=\"og:image:type\" content=\"image\/jpeg\" \/>\n<meta name=\"author\" content=\"administrador\" \/>\n<meta name=\"twitter:card\" content=\"summary_large_image\" \/>\n<meta name=\"twitter:label1\" content=\"Escrito por\" \/>\n\t<meta name=\"twitter:data1\" content=\"administrador\" \/>\n\t<meta name=\"twitter:label2\" content=\"Tiempo de lectura\" \/>\n\t<meta name=\"twitter:data2\" content=\"2 minutos\" \/>\n<script type=\"application\/ld+json\" class=\"yoast-schema-graph\">{\"@context\":\"https:\\\/\\\/schema.org\",\"@graph\":[{\"@type\":\"Article\",\"@id\":\"https:\\\/\\\/mont-roig.cat\\\/es\\\/actualitat\\\/noticies\\\/evolucion-de-las-obras-de-la-avenida-de-barcelona-5\\\/#article\",\"isPartOf\":{\"@id\":\"https:\\\/\\\/mont-roig.cat\\\/es\\\/actualitat\\\/noticies\\\/evolucion-de-las-obras-de-la-avenida-de-barcelona-5\\\/\"},\"author\":{\"name\":\"administrador\",\"@id\":\"https:\\\/\\\/mont-roig.cat\\\/es\\\/#\\\/schema\\\/person\\\/f2b111789f22b7d0c3bd6786c9128cba\"},\"headline\":\"Evoluci\u00f3n de las obras de la avenida de Barcelona\",\"datePublished\":\"2018-10-09T12:59:23+00:00\",\"mainEntityOfPage\":{\"@id\":\"https:\\\/\\\/mont-roig.cat\\\/es\\\/actualitat\\\/noticies\\\/evolucion-de-las-obras-de-la-avenida-de-barcelona-5\\\/\"},\"wordCount\":316,\"image\":{\"@id\":\"https:\\\/\\\/mont-roig.cat\\\/es\\\/actualitat\\\/noticies\\\/evolucion-de-las-obras-de-la-avenida-de-barcelona-5\\\/#primaryimage\"},\"thumbnailUrl\":\"https:\\\/\\\/mont-roig.cat\\\/wp-content\\\/uploads\\\/Avinguda-Barcelona-primera-capa-asfalt.jpg\",\"articleSection\":[\"Urbanismo y obras\"],\"inLanguage\":\"es\"},{\"@type\":\"WebPage\",\"@id\":\"https:\\\/\\\/mont-roig.cat\\\/es\\\/actualitat\\\/noticies\\\/evolucion-de-las-obras-de-la-avenida-de-barcelona-5\\\/\",\"url\":\"https:\\\/\\\/mont-roig.cat\\\/es\\\/actualitat\\\/noticies\\\/evolucion-de-las-obras-de-la-avenida-de-barcelona-5\\\/\",\"name\":\"Evoluci\u00f3n de las obras de la avenida de Barcelona - Ajuntament de Mont-roig del Camp\",\"isPartOf\":{\"@id\":\"https:\\\/\\\/mont-roig.cat\\\/es\\\/#website\"},\"primaryImageOfPage\":{\"@id\":\"https:\\\/\\\/mont-roig.cat\\\/es\\\/actualitat\\\/noticies\\\/evolucion-de-las-obras-de-la-avenida-de-barcelona-5\\\/#primaryimage\"},\"image\":{\"@id\":\"https:\\\/\\\/mont-roig.cat\\\/es\\\/actualitat\\\/noticies\\\/evolucion-de-las-obras-de-la-avenida-de-barcelona-5\\\/#primaryimage\"},\"thumbnailUrl\":\"https:\\\/\\\/mont-roig.cat\\\/wp-content\\\/uploads\\\/Avinguda-Barcelona-primera-capa-asfalt.jpg\",\"datePublished\":\"2018-10-09T12:59:23+00:00\",\"author\":{\"@id\":\"https:\\\/\\\/mont-roig.cat\\\/es\\\/#\\\/schema\\\/person\\\/f2b111789f22b7d0c3bd6786c9128cba\"},\"breadcrumb\":{\"@id\":\"https:\\\/\\\/mont-roig.cat\\\/es\\\/actualitat\\\/noticies\\\/evolucion-de-las-obras-de-la-avenida-de-barcelona-5\\\/#breadcrumb\"},\"inLanguage\":\"es\",\"potentialAction\":[{\"@type\":\"ReadAction\",\"target\":[\"https:\\\/\\\/mont-roig.cat\\\/es\\\/actualitat\\\/noticies\\\/evolucion-de-las-obras-de-la-avenida-de-barcelona-5\\\/\"]}]},{\"@type\":\"ImageObject\",\"inLanguage\":\"es\",\"@id\":\"https:\\\/\\\/mont-roig.cat\\\/es\\\/actualitat\\\/noticies\\\/evolucion-de-las-obras-de-la-avenida-de-barcelona-5\\\/#primaryimage\",\"url\":\"https:\\\/\\\/mont-roig.cat\\\/wp-content\\\/uploads\\\/Avinguda-Barcelona-primera-capa-asfalt.jpg\",\"contentUrl\":\"https:\\\/\\\/mont-roig.cat\\\/wp-content\\\/uploads\\\/Avinguda-Barcelona-primera-capa-asfalt.jpg\",\"width\":4032,\"height\":3024},{\"@type\":\"BreadcrumbList\",\"@id\":\"https:\\\/\\\/mont-roig.cat\\\/es\\\/actualitat\\\/noticies\\\/evolucion-de-las-obras-de-la-avenida-de-barcelona-5\\\/#breadcrumb\",\"itemListElement\":[{\"@type\":\"ListItem\",\"position\":1,\"name\":\"Inici\",\"item\":\"https:\\\/\\\/mont-roig.cat\\\/es\\\/pagina-de-inicio\\\/\"},{\"@type\":\"ListItem\",\"position\":2,\"name\":\"Evoluci\u00f3n de las obras de la avenida de Barcelona\"}]},{\"@type\":\"WebSite\",\"@id\":\"https:\\\/\\\/mont-roig.cat\\\/es\\\/#website\",\"url\":\"https:\\\/\\\/mont-roig.cat\\\/es\\\/\",\"name\":\"Ajuntament de Mont-roig del Camp\",\"description\":\"Tota la informaci\u00f3 sobre la instituci\u00f3, els seus \u00f2rgans de govern, actualitat, serveis i molt m\u00e9s.\",\"potentialAction\":[{\"@type\":\"SearchAction\",\"target\":{\"@type\":\"EntryPoint\",\"urlTemplate\":\"https:\\\/\\\/mont-roig.cat\\\/es\\\/?s={search_term_string}\"},\"query-input\":{\"@type\":\"PropertyValueSpecification\",\"valueRequired\":true,\"valueName\":\"search_term_string\"}}],\"inLanguage\":\"es\"},{\"@type\":\"Person\",\"@id\":\"https:\\\/\\\/mont-roig.cat\\\/es\\\/#\\\/schema\\\/person\\\/f2b111789f22b7d0c3bd6786c9128cba\",\"name\":\"administrador\",\"image\":{\"@type\":\"ImageObject\",\"inLanguage\":\"es\",\"@id\":\"https:\\\/\\\/secure.gravatar.com\\\/avatar\\\/9137aac6891e2595c9d3036fd83bcb653b4db3c946db4c7d9b9be193c3c944bb?s=96&d=mm&r=g\",\"url\":\"https:\\\/\\\/secure.gravatar.com\\\/avatar\\\/9137aac6891e2595c9d3036fd83bcb653b4db3c946db4c7d9b9be193c3c944bb?s=96&d=mm&r=g\",\"contentUrl\":\"https:\\\/\\\/secure.gravatar.com\\\/avatar\\\/9137aac6891e2595c9d3036fd83bcb653b4db3c946db4c7d9b9be193c3c944bb?s=96&d=mm&r=g\",\"caption\":\"administrador\"},\"url\":\"https:\\\/\\\/mont-roig.cat\\\/es\\\/actualitat\\\/noticies\\\/author\\\/administrador\\\/\"}]}<\/script>\n<!-- \/ Yoast SEO plugin. -->","yoast_head_json":{"title":"Evoluci\u00f3n de las obras de la avenida de Barcelona - Ajuntament de Mont-roig del Camp","robots":{"index":"index","follow":"follow","max-snippet":"max-snippet:-1","max-image-preview":"max-image-preview:large","max-video-preview":"max-video-preview:-1"},"canonical":"https:\/\/mont-roig.cat\/es\/actualitat\/noticies\/evolucion-de-las-obras-de-la-avenida-de-barcelona-5\/","og_locale":"es_ES","og_type":"article","og_title":"Evoluci\u00f3n de las obras de la avenida de Barcelona - Ajuntament de Mont-roig del Camp","og_description":"El Ayuntamiento de Mont-roig del Camp informa de las novedades en relaci\u00f3n a la obra de renovaci\u00f3n y mejora de los servicios urbanos y pavimentaci\u00f3n de cerca de un kil\u00f3metro de la avenida Barcelona. Esta semana finalizan los trabajos de la primera capa de asfalto de la parte central de la avenida Barcelona entre la [&hellip;]","og_url":"https:\/\/mont-roig.cat\/es\/actualitat\/noticies\/evolucion-de-las-obras-de-la-avenida-de-barcelona-5\/","og_site_name":"Ajuntament de Mont-roig del Camp","article_published_time":"2018-10-09T12:59:23+00:00","og_image":[{"width":4032,"height":3024,"url":"https:\/\/mont-roig.cat\/wp-content\/uploads\/Avinguda-Barcelona-primera-capa-asfalt.jpg","type":"image\/jpeg"}],"author":"administrador","twitter_card":"summary_large_image","twitter_misc":{"Escrito por":"administrador","Tiempo de lectura":"2 minutos"},"schema":{"@context":"https:\/\/schema.org","@graph":[{"@type":"Article","@id":"https:\/\/mont-roig.cat\/es\/actualitat\/noticies\/evolucion-de-las-obras-de-la-avenida-de-barcelona-5\/#article","isPartOf":{"@id":"https:\/\/mont-roig.cat\/es\/actualitat\/noticies\/evolucion-de-las-obras-de-la-avenida-de-barcelona-5\/"},"author":{"name":"administrador","@id":"https:\/\/mont-roig.cat\/es\/#\/schema\/person\/f2b111789f22b7d0c3bd6786c9128cba"},"headline":"Evoluci\u00f3n de las obras de la avenida de Barcelona","datePublished":"2018-10-09T12:59:23+00:00","mainEntityOfPage":{"@id":"https:\/\/mont-roig.cat\/es\/actualitat\/noticies\/evolucion-de-las-obras-de-la-avenida-de-barcelona-5\/"},"wordCount":316,"image":{"@id":"https:\/\/mont-roig.cat\/es\/actualitat\/noticies\/evolucion-de-las-obras-de-la-avenida-de-barcelona-5\/#primaryimage"},"thumbnailUrl":"https:\/\/mont-roig.cat\/wp-content\/uploads\/Avinguda-Barcelona-primera-capa-asfalt.jpg","articleSection":["Urbanismo y obras"],"inLanguage":"es"},{"@type":"WebPage","@id":"https:\/\/mont-roig.cat\/es\/actualitat\/noticies\/evolucion-de-las-obras-de-la-avenida-de-barcelona-5\/","url":"https:\/\/mont-roig.cat\/es\/actualitat\/noticies\/evolucion-de-las-obras-de-la-avenida-de-barcelona-5\/","name":"Evoluci\u00f3n de las obras de la avenida de Barcelona - Ajuntament de Mont-roig del Camp","isPartOf":{"@id":"https:\/\/mont-roig.cat\/es\/#website"},"primaryImageOfPage":{"@id":"https:\/\/mont-roig.cat\/es\/actualitat\/noticies\/evolucion-de-las-obras-de-la-avenida-de-barcelona-5\/#primaryimage"},"image":{"@id":"https:\/\/mont-roig.cat\/es\/actualitat\/noticies\/evolucion-de-las-obras-de-la-avenida-de-barcelona-5\/#primaryimage"},"thumbnailUrl":"https:\/\/mont-roig.cat\/wp-content\/uploads\/Avinguda-Barcelona-primera-capa-asfalt.jpg","datePublished":"2018-10-09T12:59:23+00:00","author":{"@id":"https:\/\/mont-roig.cat\/es\/#\/schema\/person\/f2b111789f22b7d0c3bd6786c9128cba"},"breadcrumb":{"@id":"https:\/\/mont-roig.cat\/es\/actualitat\/noticies\/evolucion-de-las-obras-de-la-avenida-de-barcelona-5\/#breadcrumb"},"inLanguage":"es","potentialAction":[{"@type":"ReadAction","target":["https:\/\/mont-roig.cat\/es\/actualitat\/noticies\/evolucion-de-las-obras-de-la-avenida-de-barcelona-5\/"]}]},{"@type":"ImageObject","inLanguage":"es","@id":"https:\/\/mont-roig.cat\/es\/actualitat\/noticies\/evolucion-de-las-obras-de-la-avenida-de-barcelona-5\/#primaryimage","url":"https:\/\/mont-roig.cat\/wp-content\/uploads\/Avinguda-Barcelona-primera-capa-asfalt.jpg","contentUrl":"https:\/\/mont-roig.cat\/wp-content\/uploads\/Avinguda-Barcelona-primera-capa-asfalt.jpg","width":4032,"height":3024},{"@type":"BreadcrumbList","@id":"https:\/\/mont-roig.cat\/es\/actualitat\/noticies\/evolucion-de-las-obras-de-la-avenida-de-barcelona-5\/#breadcrumb","itemListElement":[{"@type":"ListItem","position":1,"name":"Inici","item":"https:\/\/mont-roig.cat\/es\/pagina-de-inicio\/"},{"@type":"ListItem","position":2,"name":"Evoluci\u00f3n de las obras de la avenida de Barcelona"}]},{"@type":"WebSite","@id":"https:\/\/mont-roig.cat\/es\/#website","url":"https:\/\/mont-roig.cat\/es\/","name":"Ajuntament de Mont-roig del Camp","description":"Tota la informaci\u00f3 sobre la instituci\u00f3, els seus \u00f2rgans de govern, actualitat, serveis i molt m\u00e9s.","potentialAction":[{"@type":"SearchAction","target":{"@type":"EntryPoint","urlTemplate":"https:\/\/mont-roig.cat\/es\/?s={search_term_string}"},"query-input":{"@type":"PropertyValueSpecification","valueRequired":true,"valueName":"search_term_string"}}],"inLanguage":"es"},{"@type":"Person","@id":"https:\/\/mont-roig.cat\/es\/#\/schema\/person\/f2b111789f22b7d0c3bd6786c9128cba","name":"administrador","image":{"@type":"ImageObject","inLanguage":"es","@id":"https:\/\/secure.gravatar.com\/avatar\/9137aac6891e2595c9d3036fd83bcb653b4db3c946db4c7d9b9be193c3c944bb?s=96&d=mm&r=g","url":"https:\/\/secure.gravatar.com\/avatar\/9137aac6891e2595c9d3036fd83bcb653b4db3c946db4c7d9b9be193c3c944bb?s=96&d=mm&r=g","contentUrl":"https:\/\/secure.gravatar.com\/avatar\/9137aac6891e2595c9d3036fd83bcb653b4db3c946db4c7d9b9be193c3c944bb?s=96&d=mm&r=g","caption":"administrador"},"url":"https:\/\/mont-roig.cat\/es\/actualitat\/noticies\/author\/administrador\/"}]}},"_links":{"self":[{"href":"https:\/\/mont-roig.cat\/es\/wp-json\/wp\/v2\/posts\/30945","targetHints":{"allow":["GET"]}}],"collection":[{"href":"https:\/\/mont-roig.cat\/es\/wp-json\/wp\/v2\/posts"}],"about":[{"href":"https:\/\/mont-roig.cat\/es\/wp-json\/wp\/v2\/types\/post"}],"author":[{"embeddable":true,"href":"https:\/\/mont-roig.cat\/es\/wp-json\/wp\/v2\/users\/4"}],"replies":[{"embeddable":true,"href":"https:\/\/mont-roig.cat\/es\/wp-json\/wp\/v2\/comments?post=30945"}],"version-history":[{"count":2,"href":"https:\/\/mont-roig.cat\/es\/wp-json\/wp\/v2\/posts\/30945\/revisions"}],"predecessor-version":[{"id":30947,"href":"https:\/\/mont-roig.cat\/es\/wp-json\/wp\/v2\/posts\/30945\/revisions\/30947"}],"wp:featuredmedia":[{"embeddable":true,"href":"https:\/\/mont-roig.cat\/es\/wp-json\/wp\/v2\/media\/30943"}],"wp:attachment":[{"href":"https:\/\/mont-roig.cat\/es\/wp-json\/wp\/v2\/media?parent=30945"}],"wp:term":[{"taxonomy":"category","embeddable":true,"href":"https:\/\/mont-roig.cat\/es\/wp-json\/wp\/v2\/categories?post=30945"},{"taxonomy":"post_tag","embeddable":true,"href":"https:\/\/mont-roig.cat\/es\/wp-json\/wp\/v2\/tags?post=30945"}],"curies":[{"name":"wp","href":"https:\/\/api.w.org\/{rel}","templated":true}]}}