{"id":30984,"date":"2018-10-10T13:14:56","date_gmt":"2018-10-10T11:14:56","guid":{"rendered":"https:\/\/mont-roig.cat\/?p=30984"},"modified":"2018-10-10T13:14:56","modified_gmt":"2018-10-10T11:14:56","slug":"miami-platja-acogera-una-jornada-de-actividades-coincidiendo-con-la-segunda-etapa-de-la-costa-dorada-bike-race","status":"publish","type":"post","link":"https:\/\/mont-roig.cat\/es\/actualitat\/noticies\/miami-platja-acogera-una-jornada-de-actividades-coincidiendo-con-la-segunda-etapa-de-la-costa-dorada-bike-race\/","title":{"rendered":"Miami Platja acoger\u00e1 una jornada de actividades coincidiendo con la segunda etapa de la Costa Dorada Bike Race"},"content":{"rendered":"<ul>\n<li><strong>El pr\u00f3ximo s\u00e1bado 20 de octubre, el Bosquet del Llastres acoger\u00e1 actividades para toda la familia como inflables, zum-ba y exhibici\u00f3n de bike trial<\/strong><\/li>\n<li><strong>La carrera de BTT, \u00fanica en la provincia, tendr\u00e1 lugar los d\u00edas 19, 20 y 21 de octubre y recorrer\u00e1 varios puntos del t\u00e9rmino municipal, como la Ermita de la Mare de D\u00e9u de la Roca<\/strong><\/li>\n<\/ul>\n<div id=\"attachment_30978\" style=\"width: 310px\" class=\"wp-caption alignright\"><a href=\"https:\/\/mont-roig.cat\/wp-content\/uploads\/Signatura-Conveni-Costa-Daurada-Bike-Race.jpg\"><img loading=\"lazy\" decoding=\"async\" aria-describedby=\"caption-attachment-30978\" class=\"wp-image-30978\" src=\"https:\/\/mont-roig.cat\/wp-content\/uploads\/Signatura-Conveni-Costa-Daurada-Bike-Race.jpg\" alt=\"\" width=\"300\" height=\"225\" srcset=\"https:\/\/mont-roig.cat\/wp-content\/uploads\/Signatura-Conveni-Costa-Daurada-Bike-Race.jpg 1920w, https:\/\/mont-roig.cat\/wp-content\/uploads\/Signatura-Conveni-Costa-Daurada-Bike-Race-500x375.jpg 500w, https:\/\/mont-roig.cat\/wp-content\/uploads\/Signatura-Conveni-Costa-Daurada-Bike-Race-768x576.jpg 768w, https:\/\/mont-roig.cat\/wp-content\/uploads\/Signatura-Conveni-Costa-Daurada-Bike-Race-1024x768.jpg 1024w, https:\/\/mont-roig.cat\/wp-content\/uploads\/Signatura-Conveni-Costa-Daurada-Bike-Race-463x348.jpg 463w\" sizes=\"auto, (max-width: 300px) 100vw, 300px\" \/><\/a><p id=\"caption-attachment-30978\" class=\"wp-caption-text\">El alcalde Fran Morancho acompa\u00f1ado de la concejal de Turismo Yolanda P\u00e9rez y el concejal de Deportes \u00c1ngel Redondo junto con los organizadores de la carrera Manel Basquens del Camping Els Prats y Lope Miguel de Megabici, despu\u00e9s de firmar el convenio de colaboraci\u00f3n la semana pasada.<\/p><\/div>\n<p>El Ayuntamiento de Mont-roig del Camp impulsa la carrera de BTT Costa Dorada Bike Race con la organizaci\u00f3n de una jornada de actividades para toda la familia en el aparcamiento de la playa Cristall &#8211; Bosquet del Llastres, el s\u00e1bado 20 de octubre. Desde las 9 de la ma\u00f1ana, cuando est\u00e1 previsto que salgan los corredores, hasta la una de la tarde, cuando se espera que comiencen a llegar los primeros clasificados, habr\u00e1 castillos hinchables para los ni\u00f1os, clase de zum-ba (10 h), taller de bike-trial con circuito de habilidades (11 h) y exhibici\u00f3n de bike trial a partir de las 12 h.<\/p>\n<p>Esta ser\u00e1 la segunda etapa de una competici\u00f3n que tendr\u00e1 lugar los d\u00edas 19, 20 y 21 de octubre y que destaca por ser la primera prueba deportiva de mountain bike de 3 etapas, \u00fanica en la Costa Dorada. La carrera est\u00e1 organizada por las empresas locales Camping els Prats y Megabici y cuenta con el apoyo y la colaboraci\u00f3n del Ayuntamiento de Mont-roig del Camp, adem\u00e1s de varios patrocinadores como Toyota, Decathlon, Pepsi o Specialized, as\u00ed como con una subvenci\u00f3n de la Diputaci\u00f3 de Tarragona.<\/p>\n<p>La primera y tercera prueba tambi\u00e9n pasar\u00e1n por el t\u00e9rmino municipal de Mont-roig del Camp. El viernes 19 tendr\u00e1 lugar una contrarreloj que acabar\u00e1 en la Ermita de la Mare de D\u00e9u de la Roca y el domingo se disputar\u00e1 una etapa en l\u00ednea con 56 kil\u00f3metros de distancia.<\/p>\n<p><strong><a href=\"https:\/\/mont-roig.cat\/wp-content\/uploads\/cartelcarreraA3.jpg\"><img loading=\"lazy\" decoding=\"async\" class=\"alignleft wp-image-30980\" src=\"https:\/\/mont-roig.cat\/wp-content\/uploads\/cartelcarreraA3.jpg\" alt=\"\" width=\"250\" height=\"354\" srcset=\"https:\/\/mont-roig.cat\/wp-content\/uploads\/cartelcarreraA3.jpg 1920w, https:\/\/mont-roig.cat\/wp-content\/uploads\/cartelcarreraA3-354x500.jpg 354w, https:\/\/mont-roig.cat\/wp-content\/uploads\/cartelcarreraA3-768x1086.jpg 768w, https:\/\/mont-roig.cat\/wp-content\/uploads\/cartelcarreraA3-724x1024.jpg 724w\" sizes=\"auto, (max-width: 250px) 100vw, 250px\" \/><\/a>Corredores internacionales<\/strong><\/p>\n<p>El evento tiene confirmados corredores de renombre internacional como Haimar Zubeldia (que ha participado en varios tours, giros y vueltas), as\u00ed como Milton Ramos (ganador de la Ironbike en varias ocasiones). Adem\u00e1s, cuenta con participantes de varias comunidades aut\u00f3nomas con una gran aceptaci\u00f3n entre los corredores catalanes.<\/p>\n<p>Todo ello en una competici\u00f3n que quiere convertirse en un referente para los amantes de la BTT, donde deportistas y acompa\u00f1antes puedan compartir una experiencia que se complementa con los recursos gastron\u00f3micos, tur\u00edsticos y culturales del municipio de Mont-roig del Camp.<\/p>\n<p>En este sentido, el Camping Els Prats es la sede deportiva del evento, que pone a disposici\u00f3n de los ciclistas y sus familias oferta en alojamiento, gastronom\u00eda, un programa de animaci\u00f3n, as\u00ed como servicios especializados para las bicicletas de la mano de Megabici.<\/p>\n<p>Las inscripciones siguen abiertas y se pueden hacer en:\u00a0<a href=\"http:\/\/www.costadauradabikerace.com\/\">www.costadauradabikerace.com<\/a><\/p>\n","protected":false},"excerpt":{"rendered":"<p>El pr\u00f3ximo s\u00e1bado 20 de octubre, el Bosquet del Llastres acoger\u00e1 actividades para toda la familia como inflables, zum-ba y exhibici\u00f3n de bike trial La carrera de BTT, \u00fanica en la provincia, tendr\u00e1 lugar los d\u00edas 19, 20 y 21 de octubre y recorrer\u00e1 varios puntos del t\u00e9rmino municipal, como la Ermita de la Mare [&hellip;]<\/p>\n","protected":false},"author":4,"featured_media":30979,"comment_status":"closed","ping_status":"closed","sticky":false,"template":"","format":"standard","meta":{"inline_featured_image":false,"_monsterinsights_skip_tracking":false,"_monsterinsights_sitenote_active":false,"_monsterinsights_sitenote_note":"","_monsterinsights_sitenote_category":0,"footnotes":""},"categories":[115],"tags":[],"class_list":["post-30984","post","type-post","status-publish","format-standard","has-post-thumbnail","hentry","category-turismo"],"yoast_head":"<!-- This site is optimized with the Yoast SEO plugin v27.4 - https:\/\/yoast.com\/product\/yoast-seo-wordpress\/ -->\n<title>Miami Platja acoger\u00e1 una jornada de actividades coincidiendo con la segunda etapa de la Costa Dorada Bike Race - Ajuntament de Mont-roig del Camp<\/title>\n<meta name=\"robots\" content=\"index, follow, max-snippet:-1, max-image-preview:large, max-video-preview:-1\" \/>\n<link rel=\"canonical\" href=\"https:\/\/mont-roig.cat\/es\/actualitat\/noticies\/miami-platja-acogera-una-jornada-de-actividades-coincidiendo-con-la-segunda-etapa-de-la-costa-dorada-bike-race\/\" \/>\n<meta property=\"og:locale\" content=\"es_ES\" \/>\n<meta property=\"og:type\" content=\"article\" \/>\n<meta property=\"og:title\" content=\"Miami Platja acoger\u00e1 una jornada de actividades coincidiendo con la segunda etapa de la Costa Dorada Bike Race - Ajuntament de Mont-roig del Camp\" \/>\n<meta property=\"og:description\" content=\"El pr\u00f3ximo s\u00e1bado 20 de octubre, el Bosquet del Llastres acoger\u00e1 actividades para toda la familia como inflables, zum-ba y exhibici\u00f3n de bike trial La carrera de BTT, \u00fanica en la provincia, tendr\u00e1 lugar los d\u00edas 19, 20 y 21 de octubre y recorrer\u00e1 varios puntos del t\u00e9rmino municipal, como la Ermita de la Mare [&hellip;]\" \/>\n<meta property=\"og:url\" content=\"https:\/\/mont-roig.cat\/es\/actualitat\/noticies\/miami-platja-acogera-una-jornada-de-actividades-coincidiendo-con-la-segunda-etapa-de-la-costa-dorada-bike-race\/\" \/>\n<meta property=\"og:site_name\" content=\"Ajuntament de Mont-roig del Camp\" \/>\n<meta property=\"article:published_time\" content=\"2018-10-10T11:14:56+00:00\" \/>\n<meta property=\"og:image\" content=\"https:\/\/mont-roig.cat\/wp-content\/uploads\/Signatura-Conveni-Costa-Daurada-Bike-Race.jpg\" \/>\n\t<meta property=\"og:image:width\" content=\"4032\" \/>\n\t<meta property=\"og:image:height\" content=\"3024\" \/>\n\t<meta property=\"og:image:type\" content=\"image\/jpeg\" \/>\n<meta name=\"author\" content=\"administrador\" \/>\n<meta name=\"twitter:card\" content=\"summary_large_image\" \/>\n<meta name=\"twitter:label1\" content=\"Escrito por\" \/>\n\t<meta name=\"twitter:data1\" content=\"administrador\" \/>\n\t<meta name=\"twitter:label2\" content=\"Tiempo de lectura\" \/>\n\t<meta name=\"twitter:data2\" content=\"3 minutos\" \/>\n<script type=\"application\/ld+json\" class=\"yoast-schema-graph\">{\"@context\":\"https:\\\/\\\/schema.org\",\"@graph\":[{\"@type\":\"Article\",\"@id\":\"https:\\\/\\\/mont-roig.cat\\\/es\\\/actualitat\\\/noticies\\\/miami-platja-acogera-una-jornada-de-actividades-coincidiendo-con-la-segunda-etapa-de-la-costa-dorada-bike-race\\\/#article\",\"isPartOf\":{\"@id\":\"https:\\\/\\\/mont-roig.cat\\\/es\\\/actualitat\\\/noticies\\\/miami-platja-acogera-una-jornada-de-actividades-coincidiendo-con-la-segunda-etapa-de-la-costa-dorada-bike-race\\\/\"},\"author\":{\"name\":\"administrador\",\"@id\":\"https:\\\/\\\/mont-roig.cat\\\/es\\\/#\\\/schema\\\/person\\\/f2b111789f22b7d0c3bd6786c9128cba\"},\"headline\":\"Miami Platja acoger\u00e1 una jornada de actividades coincidiendo con la segunda etapa de la Costa Dorada Bike Race\",\"datePublished\":\"2018-10-10T11:14:56+00:00\",\"mainEntityOfPage\":{\"@id\":\"https:\\\/\\\/mont-roig.cat\\\/es\\\/actualitat\\\/noticies\\\/miami-platja-acogera-una-jornada-de-actividades-coincidiendo-con-la-segunda-etapa-de-la-costa-dorada-bike-race\\\/\"},\"wordCount\":536,\"image\":{\"@id\":\"https:\\\/\\\/mont-roig.cat\\\/es\\\/actualitat\\\/noticies\\\/miami-platja-acogera-una-jornada-de-actividades-coincidiendo-con-la-segunda-etapa-de-la-costa-dorada-bike-race\\\/#primaryimage\"},\"thumbnailUrl\":\"https:\\\/\\\/mont-roig.cat\\\/wp-content\\\/uploads\\\/Signatura-Conveni-Costa-Daurada-Bike-Race.jpg\",\"articleSection\":[\"Turismo\"],\"inLanguage\":\"es\"},{\"@type\":\"WebPage\",\"@id\":\"https:\\\/\\\/mont-roig.cat\\\/es\\\/actualitat\\\/noticies\\\/miami-platja-acogera-una-jornada-de-actividades-coincidiendo-con-la-segunda-etapa-de-la-costa-dorada-bike-race\\\/\",\"url\":\"https:\\\/\\\/mont-roig.cat\\\/es\\\/actualitat\\\/noticies\\\/miami-platja-acogera-una-jornada-de-actividades-coincidiendo-con-la-segunda-etapa-de-la-costa-dorada-bike-race\\\/\",\"name\":\"Miami Platja acoger\u00e1 una jornada de actividades coincidiendo con la segunda etapa de la Costa Dorada Bike Race - Ajuntament de Mont-roig del Camp\",\"isPartOf\":{\"@id\":\"https:\\\/\\\/mont-roig.cat\\\/es\\\/#website\"},\"primaryImageOfPage\":{\"@id\":\"https:\\\/\\\/mont-roig.cat\\\/es\\\/actualitat\\\/noticies\\\/miami-platja-acogera-una-jornada-de-actividades-coincidiendo-con-la-segunda-etapa-de-la-costa-dorada-bike-race\\\/#primaryimage\"},\"image\":{\"@id\":\"https:\\\/\\\/mont-roig.cat\\\/es\\\/actualitat\\\/noticies\\\/miami-platja-acogera-una-jornada-de-actividades-coincidiendo-con-la-segunda-etapa-de-la-costa-dorada-bike-race\\\/#primaryimage\"},\"thumbnailUrl\":\"https:\\\/\\\/mont-roig.cat\\\/wp-content\\\/uploads\\\/Signatura-Conveni-Costa-Daurada-Bike-Race.jpg\",\"datePublished\":\"2018-10-10T11:14:56+00:00\",\"author\":{\"@id\":\"https:\\\/\\\/mont-roig.cat\\\/es\\\/#\\\/schema\\\/person\\\/f2b111789f22b7d0c3bd6786c9128cba\"},\"breadcrumb\":{\"@id\":\"https:\\\/\\\/mont-roig.cat\\\/es\\\/actualitat\\\/noticies\\\/miami-platja-acogera-una-jornada-de-actividades-coincidiendo-con-la-segunda-etapa-de-la-costa-dorada-bike-race\\\/#breadcrumb\"},\"inLanguage\":\"es\",\"potentialAction\":[{\"@type\":\"ReadAction\",\"target\":[\"https:\\\/\\\/mont-roig.cat\\\/es\\\/actualitat\\\/noticies\\\/miami-platja-acogera-una-jornada-de-actividades-coincidiendo-con-la-segunda-etapa-de-la-costa-dorada-bike-race\\\/\"]}]},{\"@type\":\"ImageObject\",\"inLanguage\":\"es\",\"@id\":\"https:\\\/\\\/mont-roig.cat\\\/es\\\/actualitat\\\/noticies\\\/miami-platja-acogera-una-jornada-de-actividades-coincidiendo-con-la-segunda-etapa-de-la-costa-dorada-bike-race\\\/#primaryimage\",\"url\":\"https:\\\/\\\/mont-roig.cat\\\/wp-content\\\/uploads\\\/Signatura-Conveni-Costa-Daurada-Bike-Race.jpg\",\"contentUrl\":\"https:\\\/\\\/mont-roig.cat\\\/wp-content\\\/uploads\\\/Signatura-Conveni-Costa-Daurada-Bike-Race.jpg\",\"width\":4032,\"height\":3024},{\"@type\":\"BreadcrumbList\",\"@id\":\"https:\\\/\\\/mont-roig.cat\\\/es\\\/actualitat\\\/noticies\\\/miami-platja-acogera-una-jornada-de-actividades-coincidiendo-con-la-segunda-etapa-de-la-costa-dorada-bike-race\\\/#breadcrumb\",\"itemListElement\":[{\"@type\":\"ListItem\",\"position\":1,\"name\":\"Inici\",\"item\":\"https:\\\/\\\/mont-roig.cat\\\/es\\\/pagina-de-inicio\\\/\"},{\"@type\":\"ListItem\",\"position\":2,\"name\":\"Miami Platja acoger\u00e1 una jornada de actividades coincidiendo con la segunda etapa de la Costa Dorada Bike Race\"}]},{\"@type\":\"WebSite\",\"@id\":\"https:\\\/\\\/mont-roig.cat\\\/es\\\/#website\",\"url\":\"https:\\\/\\\/mont-roig.cat\\\/es\\\/\",\"name\":\"Ajuntament de Mont-roig del Camp\",\"description\":\"Tota la informaci\u00f3 sobre la instituci\u00f3, els seus \u00f2rgans de govern, actualitat, serveis i molt m\u00e9s.\",\"potentialAction\":[{\"@type\":\"SearchAction\",\"target\":{\"@type\":\"EntryPoint\",\"urlTemplate\":\"https:\\\/\\\/mont-roig.cat\\\/es\\\/?s={search_term_string}\"},\"query-input\":{\"@type\":\"PropertyValueSpecification\",\"valueRequired\":true,\"valueName\":\"search_term_string\"}}],\"inLanguage\":\"es\"},{\"@type\":\"Person\",\"@id\":\"https:\\\/\\\/mont-roig.cat\\\/es\\\/#\\\/schema\\\/person\\\/f2b111789f22b7d0c3bd6786c9128cba\",\"name\":\"administrador\",\"image\":{\"@type\":\"ImageObject\",\"inLanguage\":\"es\",\"@id\":\"https:\\\/\\\/secure.gravatar.com\\\/avatar\\\/9137aac6891e2595c9d3036fd83bcb653b4db3c946db4c7d9b9be193c3c944bb?s=96&d=mm&r=g\",\"url\":\"https:\\\/\\\/secure.gravatar.com\\\/avatar\\\/9137aac6891e2595c9d3036fd83bcb653b4db3c946db4c7d9b9be193c3c944bb?s=96&d=mm&r=g\",\"contentUrl\":\"https:\\\/\\\/secure.gravatar.com\\\/avatar\\\/9137aac6891e2595c9d3036fd83bcb653b4db3c946db4c7d9b9be193c3c944bb?s=96&d=mm&r=g\",\"caption\":\"administrador\"},\"url\":\"https:\\\/\\\/mont-roig.cat\\\/es\\\/actualitat\\\/noticies\\\/author\\\/administrador\\\/\"}]}<\/script>\n<!-- \/ Yoast SEO plugin. -->","yoast_head_json":{"title":"Miami Platja acoger\u00e1 una jornada de actividades coincidiendo con la segunda etapa de la Costa Dorada Bike Race - Ajuntament de Mont-roig del Camp","robots":{"index":"index","follow":"follow","max-snippet":"max-snippet:-1","max-image-preview":"max-image-preview:large","max-video-preview":"max-video-preview:-1"},"canonical":"https:\/\/mont-roig.cat\/es\/actualitat\/noticies\/miami-platja-acogera-una-jornada-de-actividades-coincidiendo-con-la-segunda-etapa-de-la-costa-dorada-bike-race\/","og_locale":"es_ES","og_type":"article","og_title":"Miami Platja acoger\u00e1 una jornada de actividades coincidiendo con la segunda etapa de la Costa Dorada Bike Race - Ajuntament de Mont-roig del Camp","og_description":"El pr\u00f3ximo s\u00e1bado 20 de octubre, el Bosquet del Llastres acoger\u00e1 actividades para toda la familia como inflables, zum-ba y exhibici\u00f3n de bike trial La carrera de BTT, \u00fanica en la provincia, tendr\u00e1 lugar los d\u00edas 19, 20 y 21 de octubre y recorrer\u00e1 varios puntos del t\u00e9rmino municipal, como la Ermita de la Mare [&hellip;]","og_url":"https:\/\/mont-roig.cat\/es\/actualitat\/noticies\/miami-platja-acogera-una-jornada-de-actividades-coincidiendo-con-la-segunda-etapa-de-la-costa-dorada-bike-race\/","og_site_name":"Ajuntament de Mont-roig del Camp","article_published_time":"2018-10-10T11:14:56+00:00","og_image":[{"width":4032,"height":3024,"url":"https:\/\/mont-roig.cat\/wp-content\/uploads\/Signatura-Conveni-Costa-Daurada-Bike-Race.jpg","type":"image\/jpeg"}],"author":"administrador","twitter_card":"summary_large_image","twitter_misc":{"Escrito por":"administrador","Tiempo de lectura":"3 minutos"},"schema":{"@context":"https:\/\/schema.org","@graph":[{"@type":"Article","@id":"https:\/\/mont-roig.cat\/es\/actualitat\/noticies\/miami-platja-acogera-una-jornada-de-actividades-coincidiendo-con-la-segunda-etapa-de-la-costa-dorada-bike-race\/#article","isPartOf":{"@id":"https:\/\/mont-roig.cat\/es\/actualitat\/noticies\/miami-platja-acogera-una-jornada-de-actividades-coincidiendo-con-la-segunda-etapa-de-la-costa-dorada-bike-race\/"},"author":{"name":"administrador","@id":"https:\/\/mont-roig.cat\/es\/#\/schema\/person\/f2b111789f22b7d0c3bd6786c9128cba"},"headline":"Miami Platja acoger\u00e1 una jornada de actividades coincidiendo con la segunda etapa de la Costa Dorada Bike Race","datePublished":"2018-10-10T11:14:56+00:00","mainEntityOfPage":{"@id":"https:\/\/mont-roig.cat\/es\/actualitat\/noticies\/miami-platja-acogera-una-jornada-de-actividades-coincidiendo-con-la-segunda-etapa-de-la-costa-dorada-bike-race\/"},"wordCount":536,"image":{"@id":"https:\/\/mont-roig.cat\/es\/actualitat\/noticies\/miami-platja-acogera-una-jornada-de-actividades-coincidiendo-con-la-segunda-etapa-de-la-costa-dorada-bike-race\/#primaryimage"},"thumbnailUrl":"https:\/\/mont-roig.cat\/wp-content\/uploads\/Signatura-Conveni-Costa-Daurada-Bike-Race.jpg","articleSection":["Turismo"],"inLanguage":"es"},{"@type":"WebPage","@id":"https:\/\/mont-roig.cat\/es\/actualitat\/noticies\/miami-platja-acogera-una-jornada-de-actividades-coincidiendo-con-la-segunda-etapa-de-la-costa-dorada-bike-race\/","url":"https:\/\/mont-roig.cat\/es\/actualitat\/noticies\/miami-platja-acogera-una-jornada-de-actividades-coincidiendo-con-la-segunda-etapa-de-la-costa-dorada-bike-race\/","name":"Miami Platja acoger\u00e1 una jornada de actividades coincidiendo con la segunda etapa de la Costa Dorada Bike Race - Ajuntament de Mont-roig del Camp","isPartOf":{"@id":"https:\/\/mont-roig.cat\/es\/#website"},"primaryImageOfPage":{"@id":"https:\/\/mont-roig.cat\/es\/actualitat\/noticies\/miami-platja-acogera-una-jornada-de-actividades-coincidiendo-con-la-segunda-etapa-de-la-costa-dorada-bike-race\/#primaryimage"},"image":{"@id":"https:\/\/mont-roig.cat\/es\/actualitat\/noticies\/miami-platja-acogera-una-jornada-de-actividades-coincidiendo-con-la-segunda-etapa-de-la-costa-dorada-bike-race\/#primaryimage"},"thumbnailUrl":"https:\/\/mont-roig.cat\/wp-content\/uploads\/Signatura-Conveni-Costa-Daurada-Bike-Race.jpg","datePublished":"2018-10-10T11:14:56+00:00","author":{"@id":"https:\/\/mont-roig.cat\/es\/#\/schema\/person\/f2b111789f22b7d0c3bd6786c9128cba"},"breadcrumb":{"@id":"https:\/\/mont-roig.cat\/es\/actualitat\/noticies\/miami-platja-acogera-una-jornada-de-actividades-coincidiendo-con-la-segunda-etapa-de-la-costa-dorada-bike-race\/#breadcrumb"},"inLanguage":"es","potentialAction":[{"@type":"ReadAction","target":["https:\/\/mont-roig.cat\/es\/actualitat\/noticies\/miami-platja-acogera-una-jornada-de-actividades-coincidiendo-con-la-segunda-etapa-de-la-costa-dorada-bike-race\/"]}]},{"@type":"ImageObject","inLanguage":"es","@id":"https:\/\/mont-roig.cat\/es\/actualitat\/noticies\/miami-platja-acogera-una-jornada-de-actividades-coincidiendo-con-la-segunda-etapa-de-la-costa-dorada-bike-race\/#primaryimage","url":"https:\/\/mont-roig.cat\/wp-content\/uploads\/Signatura-Conveni-Costa-Daurada-Bike-Race.jpg","contentUrl":"https:\/\/mont-roig.cat\/wp-content\/uploads\/Signatura-Conveni-Costa-Daurada-Bike-Race.jpg","width":4032,"height":3024},{"@type":"BreadcrumbList","@id":"https:\/\/mont-roig.cat\/es\/actualitat\/noticies\/miami-platja-acogera-una-jornada-de-actividades-coincidiendo-con-la-segunda-etapa-de-la-costa-dorada-bike-race\/#breadcrumb","itemListElement":[{"@type":"ListItem","position":1,"name":"Inici","item":"https:\/\/mont-roig.cat\/es\/pagina-de-inicio\/"},{"@type":"ListItem","position":2,"name":"Miami Platja acoger\u00e1 una jornada de actividades coincidiendo con la segunda etapa de la Costa Dorada Bike Race"}]},{"@type":"WebSite","@id":"https:\/\/mont-roig.cat\/es\/#website","url":"https:\/\/mont-roig.cat\/es\/","name":"Ajuntament de Mont-roig del Camp","description":"Tota la informaci\u00f3 sobre la instituci\u00f3, els seus \u00f2rgans de govern, actualitat, serveis i molt m\u00e9s.","potentialAction":[{"@type":"SearchAction","target":{"@type":"EntryPoint","urlTemplate":"https:\/\/mont-roig.cat\/es\/?s={search_term_string}"},"query-input":{"@type":"PropertyValueSpecification","valueRequired":true,"valueName":"search_term_string"}}],"inLanguage":"es"},{"@type":"Person","@id":"https:\/\/mont-roig.cat\/es\/#\/schema\/person\/f2b111789f22b7d0c3bd6786c9128cba","name":"administrador","image":{"@type":"ImageObject","inLanguage":"es","@id":"https:\/\/secure.gravatar.com\/avatar\/9137aac6891e2595c9d3036fd83bcb653b4db3c946db4c7d9b9be193c3c944bb?s=96&d=mm&r=g","url":"https:\/\/secure.gravatar.com\/avatar\/9137aac6891e2595c9d3036fd83bcb653b4db3c946db4c7d9b9be193c3c944bb?s=96&d=mm&r=g","contentUrl":"https:\/\/secure.gravatar.com\/avatar\/9137aac6891e2595c9d3036fd83bcb653b4db3c946db4c7d9b9be193c3c944bb?s=96&d=mm&r=g","caption":"administrador"},"url":"https:\/\/mont-roig.cat\/es\/actualitat\/noticies\/author\/administrador\/"}]}},"_links":{"self":[{"href":"https:\/\/mont-roig.cat\/es\/wp-json\/wp\/v2\/posts\/30984","targetHints":{"allow":["GET"]}}],"collection":[{"href":"https:\/\/mont-roig.cat\/es\/wp-json\/wp\/v2\/posts"}],"about":[{"href":"https:\/\/mont-roig.cat\/es\/wp-json\/wp\/v2\/types\/post"}],"author":[{"embeddable":true,"href":"https:\/\/mont-roig.cat\/es\/wp-json\/wp\/v2\/users\/4"}],"replies":[{"embeddable":true,"href":"https:\/\/mont-roig.cat\/es\/wp-json\/wp\/v2\/comments?post=30984"}],"version-history":[{"count":2,"href":"https:\/\/mont-roig.cat\/es\/wp-json\/wp\/v2\/posts\/30984\/revisions"}],"predecessor-version":[{"id":30986,"href":"https:\/\/mont-roig.cat\/es\/wp-json\/wp\/v2\/posts\/30984\/revisions\/30986"}],"wp:featuredmedia":[{"embeddable":true,"href":"https:\/\/mont-roig.cat\/es\/wp-json\/wp\/v2\/media\/30979"}],"wp:attachment":[{"href":"https:\/\/mont-roig.cat\/es\/wp-json\/wp\/v2\/media?parent=30984"}],"wp:term":[{"taxonomy":"category","embeddable":true,"href":"https:\/\/mont-roig.cat\/es\/wp-json\/wp\/v2\/categories?post=30984"},{"taxonomy":"post_tag","embeddable":true,"href":"https:\/\/mont-roig.cat\/es\/wp-json\/wp\/v2\/tags?post=30984"}],"curies":[{"name":"wp","href":"https:\/\/api.w.org\/{rel}","templated":true}]}}