{"id":31001,"date":"2018-10-10T16:53:35","date_gmt":"2018-10-10T14:53:35","guid":{"rendered":"https:\/\/mont-roig.cat\/?p=31001"},"modified":"2018-10-10T16:53:35","modified_gmt":"2018-10-10T14:53:35","slug":"mont-roig-del-camp-se-suma-a-las-jornadas-europeas-del-patrimonio","status":"publish","type":"post","link":"https:\/\/mont-roig.cat\/es\/actualitat\/noticies\/mont-roig-del-camp-se-suma-a-las-jornadas-europeas-del-patrimonio\/","title":{"rendered":"Mont-roig del Camp se suma a las Jornadas Europeas del Patrimonio"},"content":{"rendered":"<div>\n<p>Coincidiendo con la celebraci\u00f3n de las Jornadas Europeas del Patrimonio, que tienen lugar los d\u00edas 12, 13 y 14 de octubre, Mont-roig del Camp ha preparado diversas actividades para dar a conocer espacios de gran valor del municipio.<\/p>\n<p>En este sentido, el d\u00eda 13 de octubre a las 18.00 h, el Ayuntamiento ha programado &#8220;Els Rentadors&#8221;, un espect\u00e1culo de danza y m\u00fasica que rinde homenaje a las mujeres y a la vida social de los lavaderos p\u00fablicos y que tendr\u00e1 lugar, precisamente, en este espacio tan emblem\u00e1tico de Mont-roig.<\/p>\n<p>Por otra parte, el Centre d&#8217;Estudis Mont-rogencs tambi\u00e9n se ha vuelto a sumar a la iniciativa y ha programado una visita nocturna a la Ermita de la Mare de D\u00e9u de la Roca los d\u00edas 12 y 13 de octubre a las 20.00 h.<\/p>\n<\/div>\n<div><a href=\"https:\/\/mont-roig.cat\/wp-content\/uploads\/Rentadors-Mont-roig.jpg\"><img loading=\"lazy\" decoding=\"async\" class=\"wp-image-30996 alignleft\" src=\"https:\/\/mont-roig.cat\/wp-content\/uploads\/Rentadors-Mont-roig.jpg\" alt=\"\" width=\"250\" height=\"353\" srcset=\"https:\/\/mont-roig.cat\/wp-content\/uploads\/Rentadors-Mont-roig.jpg 679w, https:\/\/mont-roig.cat\/wp-content\/uploads\/Rentadors-Mont-roig-354x500.jpg 354w\" sizes=\"auto, (max-width: 250px) 100vw, 250px\" \/><\/a><a href=\"https:\/\/mont-roig.cat\/wp-content\/uploads\/Patrimoni_Ermita.jpg\"><img loading=\"lazy\" decoding=\"async\" class=\"wp-image-30998 alignleft\" src=\"https:\/\/mont-roig.cat\/wp-content\/uploads\/Patrimoni_Ermita.jpg\" alt=\"\" width=\"250\" height=\"354\" srcset=\"https:\/\/mont-roig.cat\/wp-content\/uploads\/Patrimoni_Ermita.jpg 1263w, https:\/\/mont-roig.cat\/wp-content\/uploads\/Patrimoni_Ermita-353x500.jpg 353w, https:\/\/mont-roig.cat\/wp-content\/uploads\/Patrimoni_Ermita-768x1087.jpg 768w, https:\/\/mont-roig.cat\/wp-content\/uploads\/Patrimoni_Ermita-724x1024.jpg 724w\" sizes=\"auto, (max-width: 250px) 100vw, 250px\" \/><\/a><\/div>\n<div><\/div>\n","protected":false},"excerpt":{"rendered":"<p>Coincidiendo con la celebraci\u00f3n de las Jornadas Europeas del Patrimonio, que tienen lugar los d\u00edas 12, 13 y 14 de octubre, Mont-roig del Camp ha preparado diversas actividades para dar a conocer espacios de gran valor del municipio. En este sentido, el d\u00eda 13 de octubre a las 18.00 h, el Ayuntamiento ha programado &#8220;Els [&hellip;]<\/p>\n","protected":false},"author":4,"featured_media":30997,"comment_status":"closed","ping_status":"closed","sticky":false,"template":"","format":"standard","meta":{"inline_featured_image":false,"_monsterinsights_skip_tracking":false,"_monsterinsights_sitenote_active":false,"_monsterinsights_sitenote_note":"","_monsterinsights_sitenote_category":0,"footnotes":""},"categories":[101],"tags":[],"class_list":["post-31001","post","type-post","status-publish","format-standard","has-post-thumbnail","hentry","category-cultura-es"],"yoast_head":"<!-- This site is optimized with the Yoast SEO plugin v27.4 - https:\/\/yoast.com\/product\/yoast-seo-wordpress\/ -->\n<title>Mont-roig del Camp se suma a las Jornadas Europeas del Patrimonio - Ajuntament de Mont-roig del Camp<\/title>\n<meta name=\"robots\" content=\"index, follow, max-snippet:-1, max-image-preview:large, max-video-preview:-1\" \/>\n<link rel=\"canonical\" href=\"https:\/\/mont-roig.cat\/es\/actualitat\/noticies\/mont-roig-del-camp-se-suma-a-las-jornadas-europeas-del-patrimonio\/\" \/>\n<meta property=\"og:locale\" content=\"es_ES\" \/>\n<meta property=\"og:type\" content=\"article\" \/>\n<meta property=\"og:title\" content=\"Mont-roig del Camp se suma a las Jornadas Europeas del Patrimonio - Ajuntament de Mont-roig del Camp\" \/>\n<meta property=\"og:description\" content=\"Coincidiendo con la celebraci\u00f3n de las Jornadas Europeas del Patrimonio, que tienen lugar los d\u00edas 12, 13 y 14 de octubre, Mont-roig del Camp ha preparado diversas actividades para dar a conocer espacios de gran valor del municipio. En este sentido, el d\u00eda 13 de octubre a las 18.00 h, el Ayuntamiento ha programado &#8220;Els [&hellip;]\" \/>\n<meta property=\"og:url\" content=\"https:\/\/mont-roig.cat\/es\/actualitat\/noticies\/mont-roig-del-camp-se-suma-a-las-jornadas-europeas-del-patrimonio\/\" \/>\n<meta property=\"og:site_name\" content=\"Ajuntament de Mont-roig del Camp\" \/>\n<meta property=\"article:published_time\" content=\"2018-10-10T14:53:35+00:00\" \/>\n<meta property=\"og:image\" content=\"https:\/\/mont-roig.cat\/wp-content\/uploads\/Rentadors-Mont-roig.jpg\" \/>\n\t<meta property=\"og:image:width\" content=\"679\" \/>\n\t<meta property=\"og:image:height\" content=\"960\" \/>\n\t<meta property=\"og:image:type\" content=\"image\/jpeg\" \/>\n<meta name=\"author\" content=\"administrador\" \/>\n<meta name=\"twitter:card\" content=\"summary_large_image\" \/>\n<meta name=\"twitter:label1\" content=\"Escrito por\" \/>\n\t<meta name=\"twitter:data1\" content=\"administrador\" \/>\n\t<meta name=\"twitter:label2\" content=\"Tiempo de lectura\" \/>\n\t<meta name=\"twitter:data2\" content=\"1 minuto\" \/>\n<script type=\"application\/ld+json\" class=\"yoast-schema-graph\">{\"@context\":\"https:\\\/\\\/schema.org\",\"@graph\":[{\"@type\":\"Article\",\"@id\":\"https:\\\/\\\/mont-roig.cat\\\/es\\\/actualitat\\\/noticies\\\/mont-roig-del-camp-se-suma-a-las-jornadas-europeas-del-patrimonio\\\/#article\",\"isPartOf\":{\"@id\":\"https:\\\/\\\/mont-roig.cat\\\/es\\\/actualitat\\\/noticies\\\/mont-roig-del-camp-se-suma-a-las-jornadas-europeas-del-patrimonio\\\/\"},\"author\":{\"name\":\"administrador\",\"@id\":\"https:\\\/\\\/mont-roig.cat\\\/es\\\/#\\\/schema\\\/person\\\/f2b111789f22b7d0c3bd6786c9128cba\"},\"headline\":\"Mont-roig del Camp se suma a las Jornadas Europeas del Patrimonio\",\"datePublished\":\"2018-10-10T14:53:35+00:00\",\"mainEntityOfPage\":{\"@id\":\"https:\\\/\\\/mont-roig.cat\\\/es\\\/actualitat\\\/noticies\\\/mont-roig-del-camp-se-suma-a-las-jornadas-europeas-del-patrimonio\\\/\"},\"wordCount\":146,\"image\":{\"@id\":\"https:\\\/\\\/mont-roig.cat\\\/es\\\/actualitat\\\/noticies\\\/mont-roig-del-camp-se-suma-a-las-jornadas-europeas-del-patrimonio\\\/#primaryimage\"},\"thumbnailUrl\":\"https:\\\/\\\/mont-roig.cat\\\/wp-content\\\/uploads\\\/Rentadors-Mont-roig.jpg\",\"articleSection\":[\"Cultura\"],\"inLanguage\":\"es\"},{\"@type\":\"WebPage\",\"@id\":\"https:\\\/\\\/mont-roig.cat\\\/es\\\/actualitat\\\/noticies\\\/mont-roig-del-camp-se-suma-a-las-jornadas-europeas-del-patrimonio\\\/\",\"url\":\"https:\\\/\\\/mont-roig.cat\\\/es\\\/actualitat\\\/noticies\\\/mont-roig-del-camp-se-suma-a-las-jornadas-europeas-del-patrimonio\\\/\",\"name\":\"Mont-roig del Camp se suma a las Jornadas Europeas del Patrimonio - Ajuntament de Mont-roig del Camp\",\"isPartOf\":{\"@id\":\"https:\\\/\\\/mont-roig.cat\\\/es\\\/#website\"},\"primaryImageOfPage\":{\"@id\":\"https:\\\/\\\/mont-roig.cat\\\/es\\\/actualitat\\\/noticies\\\/mont-roig-del-camp-se-suma-a-las-jornadas-europeas-del-patrimonio\\\/#primaryimage\"},\"image\":{\"@id\":\"https:\\\/\\\/mont-roig.cat\\\/es\\\/actualitat\\\/noticies\\\/mont-roig-del-camp-se-suma-a-las-jornadas-europeas-del-patrimonio\\\/#primaryimage\"},\"thumbnailUrl\":\"https:\\\/\\\/mont-roig.cat\\\/wp-content\\\/uploads\\\/Rentadors-Mont-roig.jpg\",\"datePublished\":\"2018-10-10T14:53:35+00:00\",\"author\":{\"@id\":\"https:\\\/\\\/mont-roig.cat\\\/es\\\/#\\\/schema\\\/person\\\/f2b111789f22b7d0c3bd6786c9128cba\"},\"breadcrumb\":{\"@id\":\"https:\\\/\\\/mont-roig.cat\\\/es\\\/actualitat\\\/noticies\\\/mont-roig-del-camp-se-suma-a-las-jornadas-europeas-del-patrimonio\\\/#breadcrumb\"},\"inLanguage\":\"es\",\"potentialAction\":[{\"@type\":\"ReadAction\",\"target\":[\"https:\\\/\\\/mont-roig.cat\\\/es\\\/actualitat\\\/noticies\\\/mont-roig-del-camp-se-suma-a-las-jornadas-europeas-del-patrimonio\\\/\"]}]},{\"@type\":\"ImageObject\",\"inLanguage\":\"es\",\"@id\":\"https:\\\/\\\/mont-roig.cat\\\/es\\\/actualitat\\\/noticies\\\/mont-roig-del-camp-se-suma-a-las-jornadas-europeas-del-patrimonio\\\/#primaryimage\",\"url\":\"https:\\\/\\\/mont-roig.cat\\\/wp-content\\\/uploads\\\/Rentadors-Mont-roig.jpg\",\"contentUrl\":\"https:\\\/\\\/mont-roig.cat\\\/wp-content\\\/uploads\\\/Rentadors-Mont-roig.jpg\",\"width\":679,\"height\":960},{\"@type\":\"BreadcrumbList\",\"@id\":\"https:\\\/\\\/mont-roig.cat\\\/es\\\/actualitat\\\/noticies\\\/mont-roig-del-camp-se-suma-a-las-jornadas-europeas-del-patrimonio\\\/#breadcrumb\",\"itemListElement\":[{\"@type\":\"ListItem\",\"position\":1,\"name\":\"Inici\",\"item\":\"https:\\\/\\\/mont-roig.cat\\\/es\\\/pagina-de-inicio\\\/\"},{\"@type\":\"ListItem\",\"position\":2,\"name\":\"Mont-roig del Camp se suma a las Jornadas Europeas del Patrimonio\"}]},{\"@type\":\"WebSite\",\"@id\":\"https:\\\/\\\/mont-roig.cat\\\/es\\\/#website\",\"url\":\"https:\\\/\\\/mont-roig.cat\\\/es\\\/\",\"name\":\"Ajuntament de Mont-roig del Camp\",\"description\":\"Tota la informaci\u00f3 sobre la instituci\u00f3, els seus \u00f2rgans de govern, actualitat, serveis i molt m\u00e9s.\",\"potentialAction\":[{\"@type\":\"SearchAction\",\"target\":{\"@type\":\"EntryPoint\",\"urlTemplate\":\"https:\\\/\\\/mont-roig.cat\\\/es\\\/?s={search_term_string}\"},\"query-input\":{\"@type\":\"PropertyValueSpecification\",\"valueRequired\":true,\"valueName\":\"search_term_string\"}}],\"inLanguage\":\"es\"},{\"@type\":\"Person\",\"@id\":\"https:\\\/\\\/mont-roig.cat\\\/es\\\/#\\\/schema\\\/person\\\/f2b111789f22b7d0c3bd6786c9128cba\",\"name\":\"administrador\",\"image\":{\"@type\":\"ImageObject\",\"inLanguage\":\"es\",\"@id\":\"https:\\\/\\\/secure.gravatar.com\\\/avatar\\\/9137aac6891e2595c9d3036fd83bcb653b4db3c946db4c7d9b9be193c3c944bb?s=96&d=mm&r=g\",\"url\":\"https:\\\/\\\/secure.gravatar.com\\\/avatar\\\/9137aac6891e2595c9d3036fd83bcb653b4db3c946db4c7d9b9be193c3c944bb?s=96&d=mm&r=g\",\"contentUrl\":\"https:\\\/\\\/secure.gravatar.com\\\/avatar\\\/9137aac6891e2595c9d3036fd83bcb653b4db3c946db4c7d9b9be193c3c944bb?s=96&d=mm&r=g\",\"caption\":\"administrador\"},\"url\":\"https:\\\/\\\/mont-roig.cat\\\/es\\\/actualitat\\\/noticies\\\/author\\\/administrador\\\/\"}]}<\/script>\n<!-- \/ Yoast SEO plugin. -->","yoast_head_json":{"title":"Mont-roig del Camp se suma a las Jornadas Europeas del Patrimonio - Ajuntament de Mont-roig del Camp","robots":{"index":"index","follow":"follow","max-snippet":"max-snippet:-1","max-image-preview":"max-image-preview:large","max-video-preview":"max-video-preview:-1"},"canonical":"https:\/\/mont-roig.cat\/es\/actualitat\/noticies\/mont-roig-del-camp-se-suma-a-las-jornadas-europeas-del-patrimonio\/","og_locale":"es_ES","og_type":"article","og_title":"Mont-roig del Camp se suma a las Jornadas Europeas del Patrimonio - Ajuntament de Mont-roig del Camp","og_description":"Coincidiendo con la celebraci\u00f3n de las Jornadas Europeas del Patrimonio, que tienen lugar los d\u00edas 12, 13 y 14 de octubre, Mont-roig del Camp ha preparado diversas actividades para dar a conocer espacios de gran valor del municipio. En este sentido, el d\u00eda 13 de octubre a las 18.00 h, el Ayuntamiento ha programado &#8220;Els [&hellip;]","og_url":"https:\/\/mont-roig.cat\/es\/actualitat\/noticies\/mont-roig-del-camp-se-suma-a-las-jornadas-europeas-del-patrimonio\/","og_site_name":"Ajuntament de Mont-roig del Camp","article_published_time":"2018-10-10T14:53:35+00:00","og_image":[{"width":679,"height":960,"url":"https:\/\/mont-roig.cat\/wp-content\/uploads\/Rentadors-Mont-roig.jpg","type":"image\/jpeg"}],"author":"administrador","twitter_card":"summary_large_image","twitter_misc":{"Escrito por":"administrador","Tiempo de lectura":"1 minuto"},"schema":{"@context":"https:\/\/schema.org","@graph":[{"@type":"Article","@id":"https:\/\/mont-roig.cat\/es\/actualitat\/noticies\/mont-roig-del-camp-se-suma-a-las-jornadas-europeas-del-patrimonio\/#article","isPartOf":{"@id":"https:\/\/mont-roig.cat\/es\/actualitat\/noticies\/mont-roig-del-camp-se-suma-a-las-jornadas-europeas-del-patrimonio\/"},"author":{"name":"administrador","@id":"https:\/\/mont-roig.cat\/es\/#\/schema\/person\/f2b111789f22b7d0c3bd6786c9128cba"},"headline":"Mont-roig del Camp se suma a las Jornadas Europeas del Patrimonio","datePublished":"2018-10-10T14:53:35+00:00","mainEntityOfPage":{"@id":"https:\/\/mont-roig.cat\/es\/actualitat\/noticies\/mont-roig-del-camp-se-suma-a-las-jornadas-europeas-del-patrimonio\/"},"wordCount":146,"image":{"@id":"https:\/\/mont-roig.cat\/es\/actualitat\/noticies\/mont-roig-del-camp-se-suma-a-las-jornadas-europeas-del-patrimonio\/#primaryimage"},"thumbnailUrl":"https:\/\/mont-roig.cat\/wp-content\/uploads\/Rentadors-Mont-roig.jpg","articleSection":["Cultura"],"inLanguage":"es"},{"@type":"WebPage","@id":"https:\/\/mont-roig.cat\/es\/actualitat\/noticies\/mont-roig-del-camp-se-suma-a-las-jornadas-europeas-del-patrimonio\/","url":"https:\/\/mont-roig.cat\/es\/actualitat\/noticies\/mont-roig-del-camp-se-suma-a-las-jornadas-europeas-del-patrimonio\/","name":"Mont-roig del Camp se suma a las Jornadas Europeas del Patrimonio - Ajuntament de Mont-roig del Camp","isPartOf":{"@id":"https:\/\/mont-roig.cat\/es\/#website"},"primaryImageOfPage":{"@id":"https:\/\/mont-roig.cat\/es\/actualitat\/noticies\/mont-roig-del-camp-se-suma-a-las-jornadas-europeas-del-patrimonio\/#primaryimage"},"image":{"@id":"https:\/\/mont-roig.cat\/es\/actualitat\/noticies\/mont-roig-del-camp-se-suma-a-las-jornadas-europeas-del-patrimonio\/#primaryimage"},"thumbnailUrl":"https:\/\/mont-roig.cat\/wp-content\/uploads\/Rentadors-Mont-roig.jpg","datePublished":"2018-10-10T14:53:35+00:00","author":{"@id":"https:\/\/mont-roig.cat\/es\/#\/schema\/person\/f2b111789f22b7d0c3bd6786c9128cba"},"breadcrumb":{"@id":"https:\/\/mont-roig.cat\/es\/actualitat\/noticies\/mont-roig-del-camp-se-suma-a-las-jornadas-europeas-del-patrimonio\/#breadcrumb"},"inLanguage":"es","potentialAction":[{"@type":"ReadAction","target":["https:\/\/mont-roig.cat\/es\/actualitat\/noticies\/mont-roig-del-camp-se-suma-a-las-jornadas-europeas-del-patrimonio\/"]}]},{"@type":"ImageObject","inLanguage":"es","@id":"https:\/\/mont-roig.cat\/es\/actualitat\/noticies\/mont-roig-del-camp-se-suma-a-las-jornadas-europeas-del-patrimonio\/#primaryimage","url":"https:\/\/mont-roig.cat\/wp-content\/uploads\/Rentadors-Mont-roig.jpg","contentUrl":"https:\/\/mont-roig.cat\/wp-content\/uploads\/Rentadors-Mont-roig.jpg","width":679,"height":960},{"@type":"BreadcrumbList","@id":"https:\/\/mont-roig.cat\/es\/actualitat\/noticies\/mont-roig-del-camp-se-suma-a-las-jornadas-europeas-del-patrimonio\/#breadcrumb","itemListElement":[{"@type":"ListItem","position":1,"name":"Inici","item":"https:\/\/mont-roig.cat\/es\/pagina-de-inicio\/"},{"@type":"ListItem","position":2,"name":"Mont-roig del Camp se suma a las Jornadas Europeas del Patrimonio"}]},{"@type":"WebSite","@id":"https:\/\/mont-roig.cat\/es\/#website","url":"https:\/\/mont-roig.cat\/es\/","name":"Ajuntament de Mont-roig del Camp","description":"Tota la informaci\u00f3 sobre la instituci\u00f3, els seus \u00f2rgans de govern, actualitat, serveis i molt m\u00e9s.","potentialAction":[{"@type":"SearchAction","target":{"@type":"EntryPoint","urlTemplate":"https:\/\/mont-roig.cat\/es\/?s={search_term_string}"},"query-input":{"@type":"PropertyValueSpecification","valueRequired":true,"valueName":"search_term_string"}}],"inLanguage":"es"},{"@type":"Person","@id":"https:\/\/mont-roig.cat\/es\/#\/schema\/person\/f2b111789f22b7d0c3bd6786c9128cba","name":"administrador","image":{"@type":"ImageObject","inLanguage":"es","@id":"https:\/\/secure.gravatar.com\/avatar\/9137aac6891e2595c9d3036fd83bcb653b4db3c946db4c7d9b9be193c3c944bb?s=96&d=mm&r=g","url":"https:\/\/secure.gravatar.com\/avatar\/9137aac6891e2595c9d3036fd83bcb653b4db3c946db4c7d9b9be193c3c944bb?s=96&d=mm&r=g","contentUrl":"https:\/\/secure.gravatar.com\/avatar\/9137aac6891e2595c9d3036fd83bcb653b4db3c946db4c7d9b9be193c3c944bb?s=96&d=mm&r=g","caption":"administrador"},"url":"https:\/\/mont-roig.cat\/es\/actualitat\/noticies\/author\/administrador\/"}]}},"_links":{"self":[{"href":"https:\/\/mont-roig.cat\/es\/wp-json\/wp\/v2\/posts\/31001","targetHints":{"allow":["GET"]}}],"collection":[{"href":"https:\/\/mont-roig.cat\/es\/wp-json\/wp\/v2\/posts"}],"about":[{"href":"https:\/\/mont-roig.cat\/es\/wp-json\/wp\/v2\/types\/post"}],"author":[{"embeddable":true,"href":"https:\/\/mont-roig.cat\/es\/wp-json\/wp\/v2\/users\/4"}],"replies":[{"embeddable":true,"href":"https:\/\/mont-roig.cat\/es\/wp-json\/wp\/v2\/comments?post=31001"}],"version-history":[{"count":2,"href":"https:\/\/mont-roig.cat\/es\/wp-json\/wp\/v2\/posts\/31001\/revisions"}],"predecessor-version":[{"id":31003,"href":"https:\/\/mont-roig.cat\/es\/wp-json\/wp\/v2\/posts\/31001\/revisions\/31003"}],"wp:featuredmedia":[{"embeddable":true,"href":"https:\/\/mont-roig.cat\/es\/wp-json\/wp\/v2\/media\/30997"}],"wp:attachment":[{"href":"https:\/\/mont-roig.cat\/es\/wp-json\/wp\/v2\/media?parent=31001"}],"wp:term":[{"taxonomy":"category","embeddable":true,"href":"https:\/\/mont-roig.cat\/es\/wp-json\/wp\/v2\/categories?post=31001"},{"taxonomy":"post_tag","embeddable":true,"href":"https:\/\/mont-roig.cat\/es\/wp-json\/wp\/v2\/tags?post=31001"}],"curies":[{"name":"wp","href":"https:\/\/api.w.org\/{rel}","templated":true}]}}