{"id":31013,"date":"2018-10-10T17:28:59","date_gmt":"2018-10-10T15:28:59","guid":{"rendered":"https:\/\/mont-roig.cat\/?p=31013"},"modified":"2018-10-10T17:28:59","modified_gmt":"2018-10-10T15:28:59","slug":"homenaje-a-la-vejez-de-miami-platja","status":"publish","type":"post","link":"https:\/\/mont-roig.cat\/es\/actualitat\/noticies\/homenaje-a-la-vejez-de-miami-platja\/","title":{"rendered":"Homenaje a la Vejez de Miami Platja"},"content":{"rendered":"<div id=\"attachment_31010\" style=\"width: 310px\" class=\"wp-caption alignright\"><a href=\"https:\/\/mont-roig.cat\/wp-content\/uploads\/DSC_2375.jpg\"><img loading=\"lazy\" decoding=\"async\" aria-describedby=\"caption-attachment-31010\" class=\"wp-image-31010\" src=\"https:\/\/mont-roig.cat\/wp-content\/uploads\/DSC_2375.jpg\" alt=\"\" width=\"300\" height=\"200\" srcset=\"https:\/\/mont-roig.cat\/wp-content\/uploads\/DSC_2375.jpg 1920w, https:\/\/mont-roig.cat\/wp-content\/uploads\/DSC_2375-500x333.jpg 500w, https:\/\/mont-roig.cat\/wp-content\/uploads\/DSC_2375-768x512.jpg 768w, https:\/\/mont-roig.cat\/wp-content\/uploads\/DSC_2375-1024x683.jpg 1024w\" sizes=\"auto, (max-width: 300px) 100vw, 300px\" \/><\/a><p id=\"caption-attachment-31010\" class=\"wp-caption-text\">Homenaje a la Vejez de Miami Platja<\/p><\/div>\n<p><strong>Jos\u00e9 Gomila y Paquita Eraso recibieron una menci\u00f3n especial<\/strong><\/p>\n<p>Acompa\u00f1ados por sus familiares, los abuelos y abuelas de Miami Platja participaron, este fin de semana, en el tradicional Homenaje a la Vejez. La celebraci\u00f3n comenz\u00f3 con la misa en la iglesia Santa Mar\u00eda Magdalena. Seguidamente los participantes se desplazaron hasta el polideportivo municipal donde tuvo lugar el resto de la celebraci\u00f3n.<\/p>\n<p>Como es habitual se hizo el reconocimiento a las personas de m\u00e1s edad. Este a\u00f1o Jos\u00e9 Gomila, de 89 a\u00f1os, nacido en Mallorca y con m\u00e1s de 60 a\u00f1os viviendo en Miami Platja y Paquita Eraso de 88 a\u00f1os, nacida en Barcelona y tambi\u00e9n con m\u00e1s de 60 a\u00f1os viviendo en Miami Playa fueron los homenajeados.<\/p>\n<p>El acto sirvi\u00f3 para poner en valor su trayectoria, as\u00ed como la del resto de abuelos y abuelas asistentes. La celebraci\u00f3n finaliz\u00f3 con una comida y baile.<\/p>\n<p><a href=\"https:\/\/www.flickr.com\/photos\/ajmont-roig\/albums\/72157700713412361\" target=\"_blank\" rel=\"noopener\">GALER\u00cdA DE IM\u00c1GENES<\/a><\/p>\n<p>&nbsp;<\/p>\n","protected":false},"excerpt":{"rendered":"<p>Jos\u00e9 Gomila y Paquita Eraso recibieron una menci\u00f3n especial Acompa\u00f1ados por sus familiares, los abuelos y abuelas de Miami Platja participaron, este fin de semana, en el tradicional Homenaje a la Vejez. La celebraci\u00f3n comenz\u00f3 con la misa en la iglesia Santa Mar\u00eda Magdalena. Seguidamente los participantes se desplazaron hasta el polideportivo municipal donde tuvo [&hellip;]<\/p>\n","protected":false},"author":4,"featured_media":31011,"comment_status":"closed","ping_status":"closed","sticky":false,"template":"","format":"standard","meta":{"inline_featured_image":false,"_monsterinsights_skip_tracking":false,"_monsterinsights_sitenote_active":false,"_monsterinsights_sitenote_note":"","_monsterinsights_sitenote_category":0,"footnotes":""},"categories":[114],"tags":[],"class_list":["post-31013","post","type-post","status-publish","format-standard","has-post-thumbnail","hentry","category-servicios-sociales"],"yoast_head":"<!-- This site is optimized with the Yoast SEO plugin v27.4 - https:\/\/yoast.com\/product\/yoast-seo-wordpress\/ -->\n<title>Homenaje a la Vejez de Miami Platja - Ajuntament de Mont-roig del Camp<\/title>\n<meta name=\"robots\" content=\"index, follow, max-snippet:-1, max-image-preview:large, max-video-preview:-1\" \/>\n<link rel=\"canonical\" href=\"https:\/\/mont-roig.cat\/es\/actualitat\/noticies\/homenaje-a-la-vejez-de-miami-platja\/\" \/>\n<meta property=\"og:locale\" content=\"es_ES\" \/>\n<meta property=\"og:type\" content=\"article\" \/>\n<meta property=\"og:title\" content=\"Homenaje a la Vejez de Miami Platja - Ajuntament de Mont-roig del Camp\" \/>\n<meta property=\"og:description\" content=\"Jos\u00e9 Gomila y Paquita Eraso recibieron una menci\u00f3n especial Acompa\u00f1ados por sus familiares, los abuelos y abuelas de Miami Platja participaron, este fin de semana, en el tradicional Homenaje a la Vejez. La celebraci\u00f3n comenz\u00f3 con la misa en la iglesia Santa Mar\u00eda Magdalena. Seguidamente los participantes se desplazaron hasta el polideportivo municipal donde tuvo [&hellip;]\" \/>\n<meta property=\"og:url\" content=\"https:\/\/mont-roig.cat\/es\/actualitat\/noticies\/homenaje-a-la-vejez-de-miami-platja\/\" \/>\n<meta property=\"og:site_name\" content=\"Ajuntament de Mont-roig del Camp\" \/>\n<meta property=\"article:published_time\" content=\"2018-10-10T15:28:59+00:00\" \/>\n<meta property=\"og:image\" content=\"https:\/\/mont-roig.cat\/wp-content\/uploads\/DSC_2375.jpg\" \/>\n\t<meta property=\"og:image:width\" content=\"3936\" \/>\n\t<meta property=\"og:image:height\" content=\"2624\" \/>\n\t<meta property=\"og:image:type\" content=\"image\/jpeg\" \/>\n<meta name=\"author\" content=\"administrador\" \/>\n<meta name=\"twitter:card\" content=\"summary_large_image\" \/>\n<meta name=\"twitter:label1\" content=\"Escrito por\" \/>\n\t<meta name=\"twitter:data1\" content=\"administrador\" \/>\n\t<meta name=\"twitter:label2\" content=\"Tiempo de lectura\" \/>\n\t<meta name=\"twitter:data2\" content=\"1 minuto\" \/>\n<script type=\"application\/ld+json\" class=\"yoast-schema-graph\">{\"@context\":\"https:\\\/\\\/schema.org\",\"@graph\":[{\"@type\":\"Article\",\"@id\":\"https:\\\/\\\/mont-roig.cat\\\/es\\\/actualitat\\\/noticies\\\/homenaje-a-la-vejez-de-miami-platja\\\/#article\",\"isPartOf\":{\"@id\":\"https:\\\/\\\/mont-roig.cat\\\/es\\\/actualitat\\\/noticies\\\/homenaje-a-la-vejez-de-miami-platja\\\/\"},\"author\":{\"name\":\"administrador\",\"@id\":\"https:\\\/\\\/mont-roig.cat\\\/es\\\/#\\\/schema\\\/person\\\/f2b111789f22b7d0c3bd6786c9128cba\"},\"headline\":\"Homenaje a la Vejez de Miami Platja\",\"datePublished\":\"2018-10-10T15:28:59+00:00\",\"mainEntityOfPage\":{\"@id\":\"https:\\\/\\\/mont-roig.cat\\\/es\\\/actualitat\\\/noticies\\\/homenaje-a-la-vejez-de-miami-platja\\\/\"},\"wordCount\":182,\"image\":{\"@id\":\"https:\\\/\\\/mont-roig.cat\\\/es\\\/actualitat\\\/noticies\\\/homenaje-a-la-vejez-de-miami-platja\\\/#primaryimage\"},\"thumbnailUrl\":\"https:\\\/\\\/mont-roig.cat\\\/wp-content\\\/uploads\\\/DSC_2375.jpg\",\"articleSection\":[\"Servicios sociales\"],\"inLanguage\":\"es\"},{\"@type\":\"WebPage\",\"@id\":\"https:\\\/\\\/mont-roig.cat\\\/es\\\/actualitat\\\/noticies\\\/homenaje-a-la-vejez-de-miami-platja\\\/\",\"url\":\"https:\\\/\\\/mont-roig.cat\\\/es\\\/actualitat\\\/noticies\\\/homenaje-a-la-vejez-de-miami-platja\\\/\",\"name\":\"Homenaje a la Vejez de Miami Platja - Ajuntament de Mont-roig del Camp\",\"isPartOf\":{\"@id\":\"https:\\\/\\\/mont-roig.cat\\\/es\\\/#website\"},\"primaryImageOfPage\":{\"@id\":\"https:\\\/\\\/mont-roig.cat\\\/es\\\/actualitat\\\/noticies\\\/homenaje-a-la-vejez-de-miami-platja\\\/#primaryimage\"},\"image\":{\"@id\":\"https:\\\/\\\/mont-roig.cat\\\/es\\\/actualitat\\\/noticies\\\/homenaje-a-la-vejez-de-miami-platja\\\/#primaryimage\"},\"thumbnailUrl\":\"https:\\\/\\\/mont-roig.cat\\\/wp-content\\\/uploads\\\/DSC_2375.jpg\",\"datePublished\":\"2018-10-10T15:28:59+00:00\",\"author\":{\"@id\":\"https:\\\/\\\/mont-roig.cat\\\/es\\\/#\\\/schema\\\/person\\\/f2b111789f22b7d0c3bd6786c9128cba\"},\"breadcrumb\":{\"@id\":\"https:\\\/\\\/mont-roig.cat\\\/es\\\/actualitat\\\/noticies\\\/homenaje-a-la-vejez-de-miami-platja\\\/#breadcrumb\"},\"inLanguage\":\"es\",\"potentialAction\":[{\"@type\":\"ReadAction\",\"target\":[\"https:\\\/\\\/mont-roig.cat\\\/es\\\/actualitat\\\/noticies\\\/homenaje-a-la-vejez-de-miami-platja\\\/\"]}]},{\"@type\":\"ImageObject\",\"inLanguage\":\"es\",\"@id\":\"https:\\\/\\\/mont-roig.cat\\\/es\\\/actualitat\\\/noticies\\\/homenaje-a-la-vejez-de-miami-platja\\\/#primaryimage\",\"url\":\"https:\\\/\\\/mont-roig.cat\\\/wp-content\\\/uploads\\\/DSC_2375.jpg\",\"contentUrl\":\"https:\\\/\\\/mont-roig.cat\\\/wp-content\\\/uploads\\\/DSC_2375.jpg\",\"width\":3936,\"height\":2624},{\"@type\":\"BreadcrumbList\",\"@id\":\"https:\\\/\\\/mont-roig.cat\\\/es\\\/actualitat\\\/noticies\\\/homenaje-a-la-vejez-de-miami-platja\\\/#breadcrumb\",\"itemListElement\":[{\"@type\":\"ListItem\",\"position\":1,\"name\":\"Inici\",\"item\":\"https:\\\/\\\/mont-roig.cat\\\/es\\\/pagina-de-inicio\\\/\"},{\"@type\":\"ListItem\",\"position\":2,\"name\":\"Homenaje a la Vejez de Miami Platja\"}]},{\"@type\":\"WebSite\",\"@id\":\"https:\\\/\\\/mont-roig.cat\\\/es\\\/#website\",\"url\":\"https:\\\/\\\/mont-roig.cat\\\/es\\\/\",\"name\":\"Ajuntament de Mont-roig del Camp\",\"description\":\"Tota la informaci\u00f3 sobre la instituci\u00f3, els seus \u00f2rgans de govern, actualitat, serveis i molt m\u00e9s.\",\"potentialAction\":[{\"@type\":\"SearchAction\",\"target\":{\"@type\":\"EntryPoint\",\"urlTemplate\":\"https:\\\/\\\/mont-roig.cat\\\/es\\\/?s={search_term_string}\"},\"query-input\":{\"@type\":\"PropertyValueSpecification\",\"valueRequired\":true,\"valueName\":\"search_term_string\"}}],\"inLanguage\":\"es\"},{\"@type\":\"Person\",\"@id\":\"https:\\\/\\\/mont-roig.cat\\\/es\\\/#\\\/schema\\\/person\\\/f2b111789f22b7d0c3bd6786c9128cba\",\"name\":\"administrador\",\"image\":{\"@type\":\"ImageObject\",\"inLanguage\":\"es\",\"@id\":\"https:\\\/\\\/secure.gravatar.com\\\/avatar\\\/9137aac6891e2595c9d3036fd83bcb653b4db3c946db4c7d9b9be193c3c944bb?s=96&d=mm&r=g\",\"url\":\"https:\\\/\\\/secure.gravatar.com\\\/avatar\\\/9137aac6891e2595c9d3036fd83bcb653b4db3c946db4c7d9b9be193c3c944bb?s=96&d=mm&r=g\",\"contentUrl\":\"https:\\\/\\\/secure.gravatar.com\\\/avatar\\\/9137aac6891e2595c9d3036fd83bcb653b4db3c946db4c7d9b9be193c3c944bb?s=96&d=mm&r=g\",\"caption\":\"administrador\"},\"url\":\"https:\\\/\\\/mont-roig.cat\\\/es\\\/actualitat\\\/noticies\\\/author\\\/administrador\\\/\"}]}<\/script>\n<!-- \/ Yoast SEO plugin. -->","yoast_head_json":{"title":"Homenaje a la Vejez de Miami Platja - Ajuntament de Mont-roig del Camp","robots":{"index":"index","follow":"follow","max-snippet":"max-snippet:-1","max-image-preview":"max-image-preview:large","max-video-preview":"max-video-preview:-1"},"canonical":"https:\/\/mont-roig.cat\/es\/actualitat\/noticies\/homenaje-a-la-vejez-de-miami-platja\/","og_locale":"es_ES","og_type":"article","og_title":"Homenaje a la Vejez de Miami Platja - Ajuntament de Mont-roig del Camp","og_description":"Jos\u00e9 Gomila y Paquita Eraso recibieron una menci\u00f3n especial Acompa\u00f1ados por sus familiares, los abuelos y abuelas de Miami Platja participaron, este fin de semana, en el tradicional Homenaje a la Vejez. La celebraci\u00f3n comenz\u00f3 con la misa en la iglesia Santa Mar\u00eda Magdalena. Seguidamente los participantes se desplazaron hasta el polideportivo municipal donde tuvo [&hellip;]","og_url":"https:\/\/mont-roig.cat\/es\/actualitat\/noticies\/homenaje-a-la-vejez-de-miami-platja\/","og_site_name":"Ajuntament de Mont-roig del Camp","article_published_time":"2018-10-10T15:28:59+00:00","og_image":[{"width":3936,"height":2624,"url":"https:\/\/mont-roig.cat\/wp-content\/uploads\/DSC_2375.jpg","type":"image\/jpeg"}],"author":"administrador","twitter_card":"summary_large_image","twitter_misc":{"Escrito por":"administrador","Tiempo de lectura":"1 minuto"},"schema":{"@context":"https:\/\/schema.org","@graph":[{"@type":"Article","@id":"https:\/\/mont-roig.cat\/es\/actualitat\/noticies\/homenaje-a-la-vejez-de-miami-platja\/#article","isPartOf":{"@id":"https:\/\/mont-roig.cat\/es\/actualitat\/noticies\/homenaje-a-la-vejez-de-miami-platja\/"},"author":{"name":"administrador","@id":"https:\/\/mont-roig.cat\/es\/#\/schema\/person\/f2b111789f22b7d0c3bd6786c9128cba"},"headline":"Homenaje a la Vejez de Miami Platja","datePublished":"2018-10-10T15:28:59+00:00","mainEntityOfPage":{"@id":"https:\/\/mont-roig.cat\/es\/actualitat\/noticies\/homenaje-a-la-vejez-de-miami-platja\/"},"wordCount":182,"image":{"@id":"https:\/\/mont-roig.cat\/es\/actualitat\/noticies\/homenaje-a-la-vejez-de-miami-platja\/#primaryimage"},"thumbnailUrl":"https:\/\/mont-roig.cat\/wp-content\/uploads\/DSC_2375.jpg","articleSection":["Servicios sociales"],"inLanguage":"es"},{"@type":"WebPage","@id":"https:\/\/mont-roig.cat\/es\/actualitat\/noticies\/homenaje-a-la-vejez-de-miami-platja\/","url":"https:\/\/mont-roig.cat\/es\/actualitat\/noticies\/homenaje-a-la-vejez-de-miami-platja\/","name":"Homenaje a la Vejez de Miami Platja - Ajuntament de Mont-roig del Camp","isPartOf":{"@id":"https:\/\/mont-roig.cat\/es\/#website"},"primaryImageOfPage":{"@id":"https:\/\/mont-roig.cat\/es\/actualitat\/noticies\/homenaje-a-la-vejez-de-miami-platja\/#primaryimage"},"image":{"@id":"https:\/\/mont-roig.cat\/es\/actualitat\/noticies\/homenaje-a-la-vejez-de-miami-platja\/#primaryimage"},"thumbnailUrl":"https:\/\/mont-roig.cat\/wp-content\/uploads\/DSC_2375.jpg","datePublished":"2018-10-10T15:28:59+00:00","author":{"@id":"https:\/\/mont-roig.cat\/es\/#\/schema\/person\/f2b111789f22b7d0c3bd6786c9128cba"},"breadcrumb":{"@id":"https:\/\/mont-roig.cat\/es\/actualitat\/noticies\/homenaje-a-la-vejez-de-miami-platja\/#breadcrumb"},"inLanguage":"es","potentialAction":[{"@type":"ReadAction","target":["https:\/\/mont-roig.cat\/es\/actualitat\/noticies\/homenaje-a-la-vejez-de-miami-platja\/"]}]},{"@type":"ImageObject","inLanguage":"es","@id":"https:\/\/mont-roig.cat\/es\/actualitat\/noticies\/homenaje-a-la-vejez-de-miami-platja\/#primaryimage","url":"https:\/\/mont-roig.cat\/wp-content\/uploads\/DSC_2375.jpg","contentUrl":"https:\/\/mont-roig.cat\/wp-content\/uploads\/DSC_2375.jpg","width":3936,"height":2624},{"@type":"BreadcrumbList","@id":"https:\/\/mont-roig.cat\/es\/actualitat\/noticies\/homenaje-a-la-vejez-de-miami-platja\/#breadcrumb","itemListElement":[{"@type":"ListItem","position":1,"name":"Inici","item":"https:\/\/mont-roig.cat\/es\/pagina-de-inicio\/"},{"@type":"ListItem","position":2,"name":"Homenaje a la Vejez de Miami Platja"}]},{"@type":"WebSite","@id":"https:\/\/mont-roig.cat\/es\/#website","url":"https:\/\/mont-roig.cat\/es\/","name":"Ajuntament de Mont-roig del Camp","description":"Tota la informaci\u00f3 sobre la instituci\u00f3, els seus \u00f2rgans de govern, actualitat, serveis i molt m\u00e9s.","potentialAction":[{"@type":"SearchAction","target":{"@type":"EntryPoint","urlTemplate":"https:\/\/mont-roig.cat\/es\/?s={search_term_string}"},"query-input":{"@type":"PropertyValueSpecification","valueRequired":true,"valueName":"search_term_string"}}],"inLanguage":"es"},{"@type":"Person","@id":"https:\/\/mont-roig.cat\/es\/#\/schema\/person\/f2b111789f22b7d0c3bd6786c9128cba","name":"administrador","image":{"@type":"ImageObject","inLanguage":"es","@id":"https:\/\/secure.gravatar.com\/avatar\/9137aac6891e2595c9d3036fd83bcb653b4db3c946db4c7d9b9be193c3c944bb?s=96&d=mm&r=g","url":"https:\/\/secure.gravatar.com\/avatar\/9137aac6891e2595c9d3036fd83bcb653b4db3c946db4c7d9b9be193c3c944bb?s=96&d=mm&r=g","contentUrl":"https:\/\/secure.gravatar.com\/avatar\/9137aac6891e2595c9d3036fd83bcb653b4db3c946db4c7d9b9be193c3c944bb?s=96&d=mm&r=g","caption":"administrador"},"url":"https:\/\/mont-roig.cat\/es\/actualitat\/noticies\/author\/administrador\/"}]}},"_links":{"self":[{"href":"https:\/\/mont-roig.cat\/es\/wp-json\/wp\/v2\/posts\/31013","targetHints":{"allow":["GET"]}}],"collection":[{"href":"https:\/\/mont-roig.cat\/es\/wp-json\/wp\/v2\/posts"}],"about":[{"href":"https:\/\/mont-roig.cat\/es\/wp-json\/wp\/v2\/types\/post"}],"author":[{"embeddable":true,"href":"https:\/\/mont-roig.cat\/es\/wp-json\/wp\/v2\/users\/4"}],"replies":[{"embeddable":true,"href":"https:\/\/mont-roig.cat\/es\/wp-json\/wp\/v2\/comments?post=31013"}],"version-history":[{"count":2,"href":"https:\/\/mont-roig.cat\/es\/wp-json\/wp\/v2\/posts\/31013\/revisions"}],"predecessor-version":[{"id":31017,"href":"https:\/\/mont-roig.cat\/es\/wp-json\/wp\/v2\/posts\/31013\/revisions\/31017"}],"wp:featuredmedia":[{"embeddable":true,"href":"https:\/\/mont-roig.cat\/es\/wp-json\/wp\/v2\/media\/31011"}],"wp:attachment":[{"href":"https:\/\/mont-roig.cat\/es\/wp-json\/wp\/v2\/media?parent=31013"}],"wp:term":[{"taxonomy":"category","embeddable":true,"href":"https:\/\/mont-roig.cat\/es\/wp-json\/wp\/v2\/categories?post=31013"},{"taxonomy":"post_tag","embeddable":true,"href":"https:\/\/mont-roig.cat\/es\/wp-json\/wp\/v2\/tags?post=31013"}],"curies":[{"name":"wp","href":"https:\/\/api.w.org\/{rel}","templated":true}]}}