{"id":31037,"date":"2018-10-15T15:01:09","date_gmt":"2018-10-15T13:01:09","guid":{"rendered":"https:\/\/mont-roig.cat\/?p=31037"},"modified":"2018-10-15T15:01:09","modified_gmt":"2018-10-15T13:01:09","slug":"el-pla-de-barris-reunira-jovenes-y-profesionales-de-diversos-sectores-para-compartir-experiencias","status":"publish","type":"post","link":"https:\/\/mont-roig.cat\/es\/actualitat\/noticies\/el-pla-de-barris-reunira-jovenes-y-profesionales-de-diversos-sectores-para-compartir-experiencias\/","title":{"rendered":"El Pla de Barris reunir\u00e1 j\u00f3venes y profesionales de diversos sectores para compartir experiencias"},"content":{"rendered":"<p><strong><a href=\"https:\/\/mont-roig.cat\/wp-content\/uploads\/Experi\u00e8ncies-de-futur.png\"><img loading=\"lazy\" decoding=\"async\" class=\"wp-image-31034 alignright\" src=\"https:\/\/mont-roig.cat\/wp-content\/uploads\/Experi\u00e8ncies-de-futur.png\" alt=\"\" width=\"250\" height=\"354\" srcset=\"https:\/\/mont-roig.cat\/wp-content\/uploads\/Experi\u00e8ncies-de-futur.png 794w, https:\/\/mont-roig.cat\/wp-content\/uploads\/Experi\u00e8ncies-de-futur-354x500.png 354w, https:\/\/mont-roig.cat\/wp-content\/uploads\/Experi\u00e8ncies-de-futur-768x1086.png 768w, https:\/\/mont-roig.cat\/wp-content\/uploads\/Experi\u00e8ncies-de-futur-724x1024.png 724w\" sizes=\"auto, (max-width: 250px) 100vw, 250px\" \/><\/a>El objetivo de las sesiones es que los j\u00f3venes conozcan de primera mano diversas profesiones y los requisitos formativos de cada una de ellas<br \/>\n<\/strong><\/p>\n<p>El programa de j\u00f3venes del Pla de Barris de La Florida de Miami pone en marcha esta semana una nueva iniciativa. Se trata de las sesiones<em> Experiencias de futuro, \u00a1oc\u00fapate!<\/em>, en el que profesionales de diversos sectores se reunir\u00e1n con los j\u00f3venes del barrio para explicar en primera persona su d\u00eda a d\u00eda en sus puestos de trabajo.<\/p>\n<p>El objetivo es que los participantes conozcan distintas profesiones y los requisitos formativos que son necesarios para trabajar en estos \u00e1mbitos. Las ramas profesionales se han escogido a partir de una encuesta realizada entre los j\u00f3venes del barrio. Ellos mismos han propuesto aquellos trabajos que m\u00e1s les interesan.<\/p>\n<p>De acuerdo con sus peticiones, la primera de las sesiones tendr\u00e1 lugar este mi\u00e9rcoles, 17 de octubre en el aula TIC del Centro polivalente de Miami Platja y est\u00e1 dedicada a la cocina y la reposter\u00eda. Las otras sesiones estar\u00e1n relacionadas con los cuerpos de seguridad, la soldadura y la peluquer\u00eda y est\u00e9tica y tendr\u00e1n lugar los pr\u00f3ximos meses.<\/p>\n","protected":false},"excerpt":{"rendered":"<p>El objetivo de las sesiones es que los j\u00f3venes conozcan de primera mano diversas profesiones y los requisitos formativos de cada una de ellas El programa de j\u00f3venes del Pla de Barris de La Florida de Miami pone en marcha esta semana una nueva iniciativa. Se trata de las sesiones Experiencias de futuro, \u00a1oc\u00fapate!, en [&hellip;]<\/p>\n","protected":false},"author":4,"featured_media":31035,"comment_status":"closed","ping_status":"closed","sticky":false,"template":"","format":"standard","meta":{"inline_featured_image":false,"_monsterinsights_skip_tracking":false,"_monsterinsights_sitenote_active":false,"_monsterinsights_sitenote_note":"","_monsterinsights_sitenote_category":0,"footnotes":""},"categories":[135],"tags":[],"class_list":["post-31037","post","type-post","status-publish","format-standard","has-post-thumbnail","hentry","category-plan-de-barrios-es"],"yoast_head":"<!-- This site is optimized with the Yoast SEO plugin v27.4 - https:\/\/yoast.com\/product\/yoast-seo-wordpress\/ -->\n<title>El Pla de Barris reunir\u00e1 j\u00f3venes y profesionales de diversos sectores para compartir experiencias - Ajuntament de Mont-roig del Camp<\/title>\n<meta name=\"robots\" content=\"index, follow, max-snippet:-1, max-image-preview:large, max-video-preview:-1\" \/>\n<link rel=\"canonical\" href=\"https:\/\/mont-roig.cat\/es\/actualitat\/noticies\/el-pla-de-barris-reunira-jovenes-y-profesionales-de-diversos-sectores-para-compartir-experiencias\/\" \/>\n<meta property=\"og:locale\" content=\"es_ES\" \/>\n<meta property=\"og:type\" content=\"article\" \/>\n<meta property=\"og:title\" content=\"El Pla de Barris reunir\u00e1 j\u00f3venes y profesionales de diversos sectores para compartir experiencias - Ajuntament de Mont-roig del Camp\" \/>\n<meta property=\"og:description\" content=\"El objetivo de las sesiones es que los j\u00f3venes conozcan de primera mano diversas profesiones y los requisitos formativos de cada una de ellas El programa de j\u00f3venes del Pla de Barris de La Florida de Miami pone en marcha esta semana una nueva iniciativa. Se trata de las sesiones Experiencias de futuro, \u00a1oc\u00fapate!, en [&hellip;]\" \/>\n<meta property=\"og:url\" content=\"https:\/\/mont-roig.cat\/es\/actualitat\/noticies\/el-pla-de-barris-reunira-jovenes-y-profesionales-de-diversos-sectores-para-compartir-experiencias\/\" \/>\n<meta property=\"og:site_name\" content=\"Ajuntament de Mont-roig del Camp\" \/>\n<meta property=\"article:published_time\" content=\"2018-10-15T13:01:09+00:00\" \/>\n<meta property=\"og:image\" content=\"https:\/\/mont-roig.cat\/wp-content\/uploads\/Experi\u00e8ncies-de-futur.png\" \/>\n\t<meta property=\"og:image:width\" content=\"794\" \/>\n\t<meta property=\"og:image:height\" content=\"1123\" \/>\n\t<meta property=\"og:image:type\" content=\"image\/png\" \/>\n<meta name=\"author\" content=\"administrador\" \/>\n<meta name=\"twitter:card\" content=\"summary_large_image\" \/>\n<meta name=\"twitter:label1\" content=\"Escrito por\" \/>\n\t<meta name=\"twitter:data1\" content=\"administrador\" \/>\n\t<meta name=\"twitter:label2\" content=\"Tiempo de lectura\" \/>\n\t<meta name=\"twitter:data2\" content=\"1 minuto\" \/>\n<script type=\"application\/ld+json\" class=\"yoast-schema-graph\">{\"@context\":\"https:\\\/\\\/schema.org\",\"@graph\":[{\"@type\":\"Article\",\"@id\":\"https:\\\/\\\/mont-roig.cat\\\/es\\\/actualitat\\\/noticies\\\/el-pla-de-barris-reunira-jovenes-y-profesionales-de-diversos-sectores-para-compartir-experiencias\\\/#article\",\"isPartOf\":{\"@id\":\"https:\\\/\\\/mont-roig.cat\\\/es\\\/actualitat\\\/noticies\\\/el-pla-de-barris-reunira-jovenes-y-profesionales-de-diversos-sectores-para-compartir-experiencias\\\/\"},\"author\":{\"name\":\"administrador\",\"@id\":\"https:\\\/\\\/mont-roig.cat\\\/es\\\/#\\\/schema\\\/person\\\/f2b111789f22b7d0c3bd6786c9128cba\"},\"headline\":\"El Pla de Barris reunir\u00e1 j\u00f3venes y profesionales de diversos sectores para compartir experiencias\",\"datePublished\":\"2018-10-15T13:01:09+00:00\",\"mainEntityOfPage\":{\"@id\":\"https:\\\/\\\/mont-roig.cat\\\/es\\\/actualitat\\\/noticies\\\/el-pla-de-barris-reunira-jovenes-y-profesionales-de-diversos-sectores-para-compartir-experiencias\\\/\"},\"wordCount\":219,\"image\":{\"@id\":\"https:\\\/\\\/mont-roig.cat\\\/es\\\/actualitat\\\/noticies\\\/el-pla-de-barris-reunira-jovenes-y-profesionales-de-diversos-sectores-para-compartir-experiencias\\\/#primaryimage\"},\"thumbnailUrl\":\"https:\\\/\\\/mont-roig.cat\\\/wp-content\\\/uploads\\\/Experi\u00e8ncies-de-futur.png\",\"articleSection\":[\"Pla de Barris\"],\"inLanguage\":\"es\"},{\"@type\":\"WebPage\",\"@id\":\"https:\\\/\\\/mont-roig.cat\\\/es\\\/actualitat\\\/noticies\\\/el-pla-de-barris-reunira-jovenes-y-profesionales-de-diversos-sectores-para-compartir-experiencias\\\/\",\"url\":\"https:\\\/\\\/mont-roig.cat\\\/es\\\/actualitat\\\/noticies\\\/el-pla-de-barris-reunira-jovenes-y-profesionales-de-diversos-sectores-para-compartir-experiencias\\\/\",\"name\":\"El Pla de Barris reunir\u00e1 j\u00f3venes y profesionales de diversos sectores para compartir experiencias - Ajuntament de Mont-roig del Camp\",\"isPartOf\":{\"@id\":\"https:\\\/\\\/mont-roig.cat\\\/es\\\/#website\"},\"primaryImageOfPage\":{\"@id\":\"https:\\\/\\\/mont-roig.cat\\\/es\\\/actualitat\\\/noticies\\\/el-pla-de-barris-reunira-jovenes-y-profesionales-de-diversos-sectores-para-compartir-experiencias\\\/#primaryimage\"},\"image\":{\"@id\":\"https:\\\/\\\/mont-roig.cat\\\/es\\\/actualitat\\\/noticies\\\/el-pla-de-barris-reunira-jovenes-y-profesionales-de-diversos-sectores-para-compartir-experiencias\\\/#primaryimage\"},\"thumbnailUrl\":\"https:\\\/\\\/mont-roig.cat\\\/wp-content\\\/uploads\\\/Experi\u00e8ncies-de-futur.png\",\"datePublished\":\"2018-10-15T13:01:09+00:00\",\"author\":{\"@id\":\"https:\\\/\\\/mont-roig.cat\\\/es\\\/#\\\/schema\\\/person\\\/f2b111789f22b7d0c3bd6786c9128cba\"},\"breadcrumb\":{\"@id\":\"https:\\\/\\\/mont-roig.cat\\\/es\\\/actualitat\\\/noticies\\\/el-pla-de-barris-reunira-jovenes-y-profesionales-de-diversos-sectores-para-compartir-experiencias\\\/#breadcrumb\"},\"inLanguage\":\"es\",\"potentialAction\":[{\"@type\":\"ReadAction\",\"target\":[\"https:\\\/\\\/mont-roig.cat\\\/es\\\/actualitat\\\/noticies\\\/el-pla-de-barris-reunira-jovenes-y-profesionales-de-diversos-sectores-para-compartir-experiencias\\\/\"]}]},{\"@type\":\"ImageObject\",\"inLanguage\":\"es\",\"@id\":\"https:\\\/\\\/mont-roig.cat\\\/es\\\/actualitat\\\/noticies\\\/el-pla-de-barris-reunira-jovenes-y-profesionales-de-diversos-sectores-para-compartir-experiencias\\\/#primaryimage\",\"url\":\"https:\\\/\\\/mont-roig.cat\\\/wp-content\\\/uploads\\\/Experi\u00e8ncies-de-futur.png\",\"contentUrl\":\"https:\\\/\\\/mont-roig.cat\\\/wp-content\\\/uploads\\\/Experi\u00e8ncies-de-futur.png\",\"width\":794,\"height\":1123},{\"@type\":\"BreadcrumbList\",\"@id\":\"https:\\\/\\\/mont-roig.cat\\\/es\\\/actualitat\\\/noticies\\\/el-pla-de-barris-reunira-jovenes-y-profesionales-de-diversos-sectores-para-compartir-experiencias\\\/#breadcrumb\",\"itemListElement\":[{\"@type\":\"ListItem\",\"position\":1,\"name\":\"Inici\",\"item\":\"https:\\\/\\\/mont-roig.cat\\\/es\\\/pagina-de-inicio\\\/\"},{\"@type\":\"ListItem\",\"position\":2,\"name\":\"El Pla de Barris reunir\u00e1 j\u00f3venes y profesionales de diversos sectores para compartir experiencias\"}]},{\"@type\":\"WebSite\",\"@id\":\"https:\\\/\\\/mont-roig.cat\\\/es\\\/#website\",\"url\":\"https:\\\/\\\/mont-roig.cat\\\/es\\\/\",\"name\":\"Ajuntament de Mont-roig del Camp\",\"description\":\"Tota la informaci\u00f3 sobre la instituci\u00f3, els seus \u00f2rgans de govern, actualitat, serveis i molt m\u00e9s.\",\"potentialAction\":[{\"@type\":\"SearchAction\",\"target\":{\"@type\":\"EntryPoint\",\"urlTemplate\":\"https:\\\/\\\/mont-roig.cat\\\/es\\\/?s={search_term_string}\"},\"query-input\":{\"@type\":\"PropertyValueSpecification\",\"valueRequired\":true,\"valueName\":\"search_term_string\"}}],\"inLanguage\":\"es\"},{\"@type\":\"Person\",\"@id\":\"https:\\\/\\\/mont-roig.cat\\\/es\\\/#\\\/schema\\\/person\\\/f2b111789f22b7d0c3bd6786c9128cba\",\"name\":\"administrador\",\"image\":{\"@type\":\"ImageObject\",\"inLanguage\":\"es\",\"@id\":\"https:\\\/\\\/secure.gravatar.com\\\/avatar\\\/9137aac6891e2595c9d3036fd83bcb653b4db3c946db4c7d9b9be193c3c944bb?s=96&d=mm&r=g\",\"url\":\"https:\\\/\\\/secure.gravatar.com\\\/avatar\\\/9137aac6891e2595c9d3036fd83bcb653b4db3c946db4c7d9b9be193c3c944bb?s=96&d=mm&r=g\",\"contentUrl\":\"https:\\\/\\\/secure.gravatar.com\\\/avatar\\\/9137aac6891e2595c9d3036fd83bcb653b4db3c946db4c7d9b9be193c3c944bb?s=96&d=mm&r=g\",\"caption\":\"administrador\"},\"url\":\"https:\\\/\\\/mont-roig.cat\\\/es\\\/actualitat\\\/noticies\\\/author\\\/administrador\\\/\"}]}<\/script>\n<!-- \/ Yoast SEO plugin. -->","yoast_head_json":{"title":"El Pla de Barris reunir\u00e1 j\u00f3venes y profesionales de diversos sectores para compartir experiencias - Ajuntament de Mont-roig del Camp","robots":{"index":"index","follow":"follow","max-snippet":"max-snippet:-1","max-image-preview":"max-image-preview:large","max-video-preview":"max-video-preview:-1"},"canonical":"https:\/\/mont-roig.cat\/es\/actualitat\/noticies\/el-pla-de-barris-reunira-jovenes-y-profesionales-de-diversos-sectores-para-compartir-experiencias\/","og_locale":"es_ES","og_type":"article","og_title":"El Pla de Barris reunir\u00e1 j\u00f3venes y profesionales de diversos sectores para compartir experiencias - Ajuntament de Mont-roig del Camp","og_description":"El objetivo de las sesiones es que los j\u00f3venes conozcan de primera mano diversas profesiones y los requisitos formativos de cada una de ellas El programa de j\u00f3venes del Pla de Barris de La Florida de Miami pone en marcha esta semana una nueva iniciativa. Se trata de las sesiones Experiencias de futuro, \u00a1oc\u00fapate!, en [&hellip;]","og_url":"https:\/\/mont-roig.cat\/es\/actualitat\/noticies\/el-pla-de-barris-reunira-jovenes-y-profesionales-de-diversos-sectores-para-compartir-experiencias\/","og_site_name":"Ajuntament de Mont-roig del Camp","article_published_time":"2018-10-15T13:01:09+00:00","og_image":[{"width":794,"height":1123,"url":"https:\/\/mont-roig.cat\/wp-content\/uploads\/Experi\u00e8ncies-de-futur.png","type":"image\/png"}],"author":"administrador","twitter_card":"summary_large_image","twitter_misc":{"Escrito por":"administrador","Tiempo de lectura":"1 minuto"},"schema":{"@context":"https:\/\/schema.org","@graph":[{"@type":"Article","@id":"https:\/\/mont-roig.cat\/es\/actualitat\/noticies\/el-pla-de-barris-reunira-jovenes-y-profesionales-de-diversos-sectores-para-compartir-experiencias\/#article","isPartOf":{"@id":"https:\/\/mont-roig.cat\/es\/actualitat\/noticies\/el-pla-de-barris-reunira-jovenes-y-profesionales-de-diversos-sectores-para-compartir-experiencias\/"},"author":{"name":"administrador","@id":"https:\/\/mont-roig.cat\/es\/#\/schema\/person\/f2b111789f22b7d0c3bd6786c9128cba"},"headline":"El Pla de Barris reunir\u00e1 j\u00f3venes y profesionales de diversos sectores para compartir experiencias","datePublished":"2018-10-15T13:01:09+00:00","mainEntityOfPage":{"@id":"https:\/\/mont-roig.cat\/es\/actualitat\/noticies\/el-pla-de-barris-reunira-jovenes-y-profesionales-de-diversos-sectores-para-compartir-experiencias\/"},"wordCount":219,"image":{"@id":"https:\/\/mont-roig.cat\/es\/actualitat\/noticies\/el-pla-de-barris-reunira-jovenes-y-profesionales-de-diversos-sectores-para-compartir-experiencias\/#primaryimage"},"thumbnailUrl":"https:\/\/mont-roig.cat\/wp-content\/uploads\/Experi\u00e8ncies-de-futur.png","articleSection":["Pla de Barris"],"inLanguage":"es"},{"@type":"WebPage","@id":"https:\/\/mont-roig.cat\/es\/actualitat\/noticies\/el-pla-de-barris-reunira-jovenes-y-profesionales-de-diversos-sectores-para-compartir-experiencias\/","url":"https:\/\/mont-roig.cat\/es\/actualitat\/noticies\/el-pla-de-barris-reunira-jovenes-y-profesionales-de-diversos-sectores-para-compartir-experiencias\/","name":"El Pla de Barris reunir\u00e1 j\u00f3venes y profesionales de diversos sectores para compartir experiencias - Ajuntament de Mont-roig del Camp","isPartOf":{"@id":"https:\/\/mont-roig.cat\/es\/#website"},"primaryImageOfPage":{"@id":"https:\/\/mont-roig.cat\/es\/actualitat\/noticies\/el-pla-de-barris-reunira-jovenes-y-profesionales-de-diversos-sectores-para-compartir-experiencias\/#primaryimage"},"image":{"@id":"https:\/\/mont-roig.cat\/es\/actualitat\/noticies\/el-pla-de-barris-reunira-jovenes-y-profesionales-de-diversos-sectores-para-compartir-experiencias\/#primaryimage"},"thumbnailUrl":"https:\/\/mont-roig.cat\/wp-content\/uploads\/Experi\u00e8ncies-de-futur.png","datePublished":"2018-10-15T13:01:09+00:00","author":{"@id":"https:\/\/mont-roig.cat\/es\/#\/schema\/person\/f2b111789f22b7d0c3bd6786c9128cba"},"breadcrumb":{"@id":"https:\/\/mont-roig.cat\/es\/actualitat\/noticies\/el-pla-de-barris-reunira-jovenes-y-profesionales-de-diversos-sectores-para-compartir-experiencias\/#breadcrumb"},"inLanguage":"es","potentialAction":[{"@type":"ReadAction","target":["https:\/\/mont-roig.cat\/es\/actualitat\/noticies\/el-pla-de-barris-reunira-jovenes-y-profesionales-de-diversos-sectores-para-compartir-experiencias\/"]}]},{"@type":"ImageObject","inLanguage":"es","@id":"https:\/\/mont-roig.cat\/es\/actualitat\/noticies\/el-pla-de-barris-reunira-jovenes-y-profesionales-de-diversos-sectores-para-compartir-experiencias\/#primaryimage","url":"https:\/\/mont-roig.cat\/wp-content\/uploads\/Experi\u00e8ncies-de-futur.png","contentUrl":"https:\/\/mont-roig.cat\/wp-content\/uploads\/Experi\u00e8ncies-de-futur.png","width":794,"height":1123},{"@type":"BreadcrumbList","@id":"https:\/\/mont-roig.cat\/es\/actualitat\/noticies\/el-pla-de-barris-reunira-jovenes-y-profesionales-de-diversos-sectores-para-compartir-experiencias\/#breadcrumb","itemListElement":[{"@type":"ListItem","position":1,"name":"Inici","item":"https:\/\/mont-roig.cat\/es\/pagina-de-inicio\/"},{"@type":"ListItem","position":2,"name":"El Pla de Barris reunir\u00e1 j\u00f3venes y profesionales de diversos sectores para compartir experiencias"}]},{"@type":"WebSite","@id":"https:\/\/mont-roig.cat\/es\/#website","url":"https:\/\/mont-roig.cat\/es\/","name":"Ajuntament de Mont-roig del Camp","description":"Tota la informaci\u00f3 sobre la instituci\u00f3, els seus \u00f2rgans de govern, actualitat, serveis i molt m\u00e9s.","potentialAction":[{"@type":"SearchAction","target":{"@type":"EntryPoint","urlTemplate":"https:\/\/mont-roig.cat\/es\/?s={search_term_string}"},"query-input":{"@type":"PropertyValueSpecification","valueRequired":true,"valueName":"search_term_string"}}],"inLanguage":"es"},{"@type":"Person","@id":"https:\/\/mont-roig.cat\/es\/#\/schema\/person\/f2b111789f22b7d0c3bd6786c9128cba","name":"administrador","image":{"@type":"ImageObject","inLanguage":"es","@id":"https:\/\/secure.gravatar.com\/avatar\/9137aac6891e2595c9d3036fd83bcb653b4db3c946db4c7d9b9be193c3c944bb?s=96&d=mm&r=g","url":"https:\/\/secure.gravatar.com\/avatar\/9137aac6891e2595c9d3036fd83bcb653b4db3c946db4c7d9b9be193c3c944bb?s=96&d=mm&r=g","contentUrl":"https:\/\/secure.gravatar.com\/avatar\/9137aac6891e2595c9d3036fd83bcb653b4db3c946db4c7d9b9be193c3c944bb?s=96&d=mm&r=g","caption":"administrador"},"url":"https:\/\/mont-roig.cat\/es\/actualitat\/noticies\/author\/administrador\/"}]}},"_links":{"self":[{"href":"https:\/\/mont-roig.cat\/es\/wp-json\/wp\/v2\/posts\/31037","targetHints":{"allow":["GET"]}}],"collection":[{"href":"https:\/\/mont-roig.cat\/es\/wp-json\/wp\/v2\/posts"}],"about":[{"href":"https:\/\/mont-roig.cat\/es\/wp-json\/wp\/v2\/types\/post"}],"author":[{"embeddable":true,"href":"https:\/\/mont-roig.cat\/es\/wp-json\/wp\/v2\/users\/4"}],"replies":[{"embeddable":true,"href":"https:\/\/mont-roig.cat\/es\/wp-json\/wp\/v2\/comments?post=31037"}],"version-history":[{"count":2,"href":"https:\/\/mont-roig.cat\/es\/wp-json\/wp\/v2\/posts\/31037\/revisions"}],"predecessor-version":[{"id":31039,"href":"https:\/\/mont-roig.cat\/es\/wp-json\/wp\/v2\/posts\/31037\/revisions\/31039"}],"wp:featuredmedia":[{"embeddable":true,"href":"https:\/\/mont-roig.cat\/es\/wp-json\/wp\/v2\/media\/31035"}],"wp:attachment":[{"href":"https:\/\/mont-roig.cat\/es\/wp-json\/wp\/v2\/media?parent=31037"}],"wp:term":[{"taxonomy":"category","embeddable":true,"href":"https:\/\/mont-roig.cat\/es\/wp-json\/wp\/v2\/categories?post=31037"},{"taxonomy":"post_tag","embeddable":true,"href":"https:\/\/mont-roig.cat\/es\/wp-json\/wp\/v2\/tags?post=31037"}],"curies":[{"name":"wp","href":"https:\/\/api.w.org\/{rel}","templated":true}]}}