{"id":31721,"date":"2018-11-05T11:43:26","date_gmt":"2018-11-05T10:43:26","guid":{"rendered":"https:\/\/mont-roig.cat\/?p=31721"},"modified":"2018-11-20T14:58:10","modified_gmt":"2018-11-20T13:58:10","slug":"regresa-el-programa-mujeres-y-salud-encaminado-a-la-mejora-del-bienestar-y-la-salud-psiquica-y-emocional-de-las-mujeres-del-municipio","status":"publish","type":"post","link":"https:\/\/mont-roig.cat\/es\/actualitat\/noticies\/regresa-el-programa-mujeres-y-salud-encaminado-a-la-mejora-del-bienestar-y-la-salud-psiquica-y-emocional-de-las-mujeres-del-municipio\/","title":{"rendered":"Regresa el programa Mujeres y Salud encaminado a la mejora del bienestar y la salud ps\u00edquica y emocional de las mujeres del municipio"},"content":{"rendered":"<ul>\n<li><strong><a href=\"https:\/\/mont-roig.cat\/wp-content\/uploads\/cartell-dones-i-salut.png\"><img loading=\"lazy\" decoding=\"async\" class=\"alignright wp-image-31679\" src=\"https:\/\/mont-roig.cat\/wp-content\/uploads\/cartell-dones-i-salut.png\" alt=\"\" width=\"400\" height=\"187\" srcset=\"https:\/\/mont-roig.cat\/wp-content\/uploads\/cartell-dones-i-salut.png 1670w, https:\/\/mont-roig.cat\/wp-content\/uploads\/cartell-dones-i-salut-500x234.png 500w, https:\/\/mont-roig.cat\/wp-content\/uploads\/cartell-dones-i-salut-768x360.png 768w, https:\/\/mont-roig.cat\/wp-content\/uploads\/cartell-dones-i-salut-1024x480.png 1024w\" sizes=\"auto, (max-width: 400px) 100vw, 400px\" \/><\/a>Durante el mes de noviembre se realizar\u00e1n charlas, talleres y una funci\u00f3n de teatro foro dirigida a los alumnos de 4\u00ba de ESO para reflexionar sobre el acoso sexual<\/strong><\/li>\n<\/ul>\n<p style=\"text-align: justify;\">El programa Mujeres y Salud vuelve este mes de noviembre con varios actos dirigidos a todas las mujeres del municipio con el objetivo de fomentar su bienestar y la salud ps\u00edquica y emocional. El primer taller se celebrar\u00e1 este martes d\u00eda 6 de noviembre en el Casal d\u2019Avis de Mont-roig a las 17.30h de la tarde con la charla autoestima y optimismo que cuenta con la colaboraci\u00f3n de la Uni\u00f3 de Dones de Mont-roig. Tambi\u00e9n se llevar\u00e1n a cabo dos conferencias dirigidas a las mujeres que tienen m\u00e1s de 50 y 60 a\u00f1os con pautas y consejos sobre c\u00f3mo enfocar la vida a partir de estas edades.<\/p>\n<p style=\"text-align: justify;\">El programa Mujeres y Salud pond\u00e1 el foco en las violencias sexistas. Para ello, junto a la Concejal\u00eda de Juventud se ha programado un teatro foro para reflexionar sobre el acoso sexual dirigido a los alumnos de 4\u00ba de ESO del Instituto Antoni Ballester e Institut Miami Platja.<\/p>\n<p style=\"text-align: justify;\">Dirigido a ni\u00f1os y ni\u00f1as del municipio se realizar\u00e1n dos cuentacuentos en las bibliotecas municipales para impulsar la igualdad entre las personas sin distinci\u00f3n de g\u00e9nero, el d\u00eda 20 de noviembre en Mont-roig con Silvia Palaz\u00f3n y el d\u00eda 23 en Miami Platja con Montse Parra.<\/p>\n<p><a href=\"https:\/\/mont-roig.cat\/wp-content\/uploads\/triptic_Dones_Salut_2018_WEB.pdf\" target=\"_blank\" rel=\"noopener\">Programa completo Dones i Salut<\/a><\/p>\n<p><a href=\"https:\/\/mont-roig.cat\/wp-content\/uploads\/cartell_DonesiSalut2018_MIAMI_print.pdf\" target=\"_blank\" rel=\"noopener\">Cartel Miami Platja<\/a><\/p>\n<p><a href=\"https:\/\/mont-roig.cat\/wp-content\/uploads\/Cartell-Mont-roig.pdf\" target=\"_blank\" rel=\"noopener\">Cartell Mont-roig<\/a><\/p>\n","protected":false},"excerpt":{"rendered":"<p>Durante el mes de noviembre se realizar\u00e1n charlas, talleres y una funci\u00f3n de teatro foro dirigida a los alumnos de 4\u00ba de ESO para reflexionar sobre el acoso sexual El programa Mujeres y Salud vuelve este mes de noviembre con varios actos dirigidos a todas las mujeres del municipio con el objetivo de fomentar su [&hellip;]<\/p>\n","protected":false},"author":4,"featured_media":31679,"comment_status":"closed","ping_status":"closed","sticky":false,"template":"","format":"standard","meta":{"inline_featured_image":false,"_monsterinsights_skip_tracking":false,"_monsterinsights_sitenote_active":false,"_monsterinsights_sitenote_note":"","_monsterinsights_sitenote_category":0,"footnotes":""},"categories":[98,101,71],"tags":[],"class_list":["post-31721","post","type-post","status-publish","format-standard","has-post-thumbnail","hentry","category-ayuntamiento","category-cultura-es","category-general-es"],"yoast_head":"<!-- This site is optimized with the Yoast SEO plugin v27.4 - https:\/\/yoast.com\/product\/yoast-seo-wordpress\/ -->\n<title>Regresa el programa Mujeres y Salud encaminado a la mejora del bienestar y la salud ps\u00edquica y emocional de las mujeres del municipio - Ajuntament de Mont-roig del Camp<\/title>\n<meta name=\"robots\" content=\"index, follow, max-snippet:-1, max-image-preview:large, max-video-preview:-1\" \/>\n<link rel=\"canonical\" href=\"https:\/\/mont-roig.cat\/es\/actualitat\/noticies\/regresa-el-programa-mujeres-y-salud-encaminado-a-la-mejora-del-bienestar-y-la-salud-psiquica-y-emocional-de-las-mujeres-del-municipio\/\" \/>\n<meta property=\"og:locale\" content=\"es_ES\" \/>\n<meta property=\"og:type\" content=\"article\" \/>\n<meta property=\"og:title\" content=\"Regresa el programa Mujeres y Salud encaminado a la mejora del bienestar y la salud ps\u00edquica y emocional de las mujeres del municipio - Ajuntament de Mont-roig del Camp\" \/>\n<meta property=\"og:description\" content=\"Durante el mes de noviembre se realizar\u00e1n charlas, talleres y una funci\u00f3n de teatro foro dirigida a los alumnos de 4\u00ba de ESO para reflexionar sobre el acoso sexual El programa Mujeres y Salud vuelve este mes de noviembre con varios actos dirigidos a todas las mujeres del municipio con el objetivo de fomentar su [&hellip;]\" \/>\n<meta property=\"og:url\" content=\"https:\/\/mont-roig.cat\/es\/actualitat\/noticies\/regresa-el-programa-mujeres-y-salud-encaminado-a-la-mejora-del-bienestar-y-la-salud-psiquica-y-emocional-de-las-mujeres-del-municipio\/\" \/>\n<meta property=\"og:site_name\" content=\"Ajuntament de Mont-roig del Camp\" \/>\n<meta property=\"article:published_time\" content=\"2018-11-05T10:43:26+00:00\" \/>\n<meta property=\"article:modified_time\" content=\"2018-11-20T13:58:10+00:00\" \/>\n<meta property=\"og:image\" content=\"https:\/\/mont-roig.cat\/wp-content\/uploads\/cartell-dones-i-salut.png\" \/>\n\t<meta property=\"og:image:width\" content=\"1670\" \/>\n\t<meta property=\"og:image:height\" content=\"782\" \/>\n\t<meta property=\"og:image:type\" content=\"image\/png\" \/>\n<meta name=\"author\" content=\"administrador\" \/>\n<meta name=\"twitter:card\" content=\"summary_large_image\" \/>\n<meta name=\"twitter:label1\" content=\"Escrito por\" \/>\n\t<meta name=\"twitter:data1\" content=\"administrador\" \/>\n\t<meta name=\"twitter:label2\" content=\"Tiempo de lectura\" \/>\n\t<meta name=\"twitter:data2\" content=\"1 minuto\" \/>\n<script type=\"application\/ld+json\" class=\"yoast-schema-graph\">{\"@context\":\"https:\\\/\\\/schema.org\",\"@graph\":[{\"@type\":\"Article\",\"@id\":\"https:\\\/\\\/mont-roig.cat\\\/es\\\/actualitat\\\/noticies\\\/regresa-el-programa-mujeres-y-salud-encaminado-a-la-mejora-del-bienestar-y-la-salud-psiquica-y-emocional-de-las-mujeres-del-municipio\\\/#article\",\"isPartOf\":{\"@id\":\"https:\\\/\\\/mont-roig.cat\\\/es\\\/actualitat\\\/noticies\\\/regresa-el-programa-mujeres-y-salud-encaminado-a-la-mejora-del-bienestar-y-la-salud-psiquica-y-emocional-de-las-mujeres-del-municipio\\\/\"},\"author\":{\"name\":\"administrador\",\"@id\":\"https:\\\/\\\/mont-roig.cat\\\/es\\\/#\\\/schema\\\/person\\\/f2b111789f22b7d0c3bd6786c9128cba\"},\"headline\":\"Regresa el programa Mujeres y Salud encaminado a la mejora del bienestar y la salud ps\u00edquica y emocional de las mujeres del municipio\",\"datePublished\":\"2018-11-05T10:43:26+00:00\",\"dateModified\":\"2018-11-20T13:58:10+00:00\",\"mainEntityOfPage\":{\"@id\":\"https:\\\/\\\/mont-roig.cat\\\/es\\\/actualitat\\\/noticies\\\/regresa-el-programa-mujeres-y-salud-encaminado-a-la-mejora-del-bienestar-y-la-salud-psiquica-y-emocional-de-las-mujeres-del-municipio\\\/\"},\"wordCount\":277,\"image\":{\"@id\":\"https:\\\/\\\/mont-roig.cat\\\/es\\\/actualitat\\\/noticies\\\/regresa-el-programa-mujeres-y-salud-encaminado-a-la-mejora-del-bienestar-y-la-salud-psiquica-y-emocional-de-las-mujeres-del-municipio\\\/#primaryimage\"},\"thumbnailUrl\":\"https:\\\/\\\/mont-roig.cat\\\/wp-content\\\/uploads\\\/cartell-dones-i-salut.png\",\"articleSection\":[\"Ayuntamiento\",\"Cultura\",\"General\"],\"inLanguage\":\"es\"},{\"@type\":\"WebPage\",\"@id\":\"https:\\\/\\\/mont-roig.cat\\\/es\\\/actualitat\\\/noticies\\\/regresa-el-programa-mujeres-y-salud-encaminado-a-la-mejora-del-bienestar-y-la-salud-psiquica-y-emocional-de-las-mujeres-del-municipio\\\/\",\"url\":\"https:\\\/\\\/mont-roig.cat\\\/es\\\/actualitat\\\/noticies\\\/regresa-el-programa-mujeres-y-salud-encaminado-a-la-mejora-del-bienestar-y-la-salud-psiquica-y-emocional-de-las-mujeres-del-municipio\\\/\",\"name\":\"Regresa el programa Mujeres y Salud encaminado a la mejora del bienestar y la salud ps\u00edquica y emocional de las mujeres del municipio - Ajuntament de Mont-roig del Camp\",\"isPartOf\":{\"@id\":\"https:\\\/\\\/mont-roig.cat\\\/es\\\/#website\"},\"primaryImageOfPage\":{\"@id\":\"https:\\\/\\\/mont-roig.cat\\\/es\\\/actualitat\\\/noticies\\\/regresa-el-programa-mujeres-y-salud-encaminado-a-la-mejora-del-bienestar-y-la-salud-psiquica-y-emocional-de-las-mujeres-del-municipio\\\/#primaryimage\"},\"image\":{\"@id\":\"https:\\\/\\\/mont-roig.cat\\\/es\\\/actualitat\\\/noticies\\\/regresa-el-programa-mujeres-y-salud-encaminado-a-la-mejora-del-bienestar-y-la-salud-psiquica-y-emocional-de-las-mujeres-del-municipio\\\/#primaryimage\"},\"thumbnailUrl\":\"https:\\\/\\\/mont-roig.cat\\\/wp-content\\\/uploads\\\/cartell-dones-i-salut.png\",\"datePublished\":\"2018-11-05T10:43:26+00:00\",\"dateModified\":\"2018-11-20T13:58:10+00:00\",\"author\":{\"@id\":\"https:\\\/\\\/mont-roig.cat\\\/es\\\/#\\\/schema\\\/person\\\/f2b111789f22b7d0c3bd6786c9128cba\"},\"breadcrumb\":{\"@id\":\"https:\\\/\\\/mont-roig.cat\\\/es\\\/actualitat\\\/noticies\\\/regresa-el-programa-mujeres-y-salud-encaminado-a-la-mejora-del-bienestar-y-la-salud-psiquica-y-emocional-de-las-mujeres-del-municipio\\\/#breadcrumb\"},\"inLanguage\":\"es\",\"potentialAction\":[{\"@type\":\"ReadAction\",\"target\":[\"https:\\\/\\\/mont-roig.cat\\\/es\\\/actualitat\\\/noticies\\\/regresa-el-programa-mujeres-y-salud-encaminado-a-la-mejora-del-bienestar-y-la-salud-psiquica-y-emocional-de-las-mujeres-del-municipio\\\/\"]}]},{\"@type\":\"ImageObject\",\"inLanguage\":\"es\",\"@id\":\"https:\\\/\\\/mont-roig.cat\\\/es\\\/actualitat\\\/noticies\\\/regresa-el-programa-mujeres-y-salud-encaminado-a-la-mejora-del-bienestar-y-la-salud-psiquica-y-emocional-de-las-mujeres-del-municipio\\\/#primaryimage\",\"url\":\"https:\\\/\\\/mont-roig.cat\\\/wp-content\\\/uploads\\\/cartell-dones-i-salut.png\",\"contentUrl\":\"https:\\\/\\\/mont-roig.cat\\\/wp-content\\\/uploads\\\/cartell-dones-i-salut.png\",\"width\":1670,\"height\":782},{\"@type\":\"BreadcrumbList\",\"@id\":\"https:\\\/\\\/mont-roig.cat\\\/es\\\/actualitat\\\/noticies\\\/regresa-el-programa-mujeres-y-salud-encaminado-a-la-mejora-del-bienestar-y-la-salud-psiquica-y-emocional-de-las-mujeres-del-municipio\\\/#breadcrumb\",\"itemListElement\":[{\"@type\":\"ListItem\",\"position\":1,\"name\":\"Inici\",\"item\":\"https:\\\/\\\/mont-roig.cat\\\/es\\\/pagina-de-inicio\\\/\"},{\"@type\":\"ListItem\",\"position\":2,\"name\":\"Regresa el programa Mujeres y Salud encaminado a la mejora del bienestar y la salud ps\u00edquica y emocional de las mujeres del municipio\"}]},{\"@type\":\"WebSite\",\"@id\":\"https:\\\/\\\/mont-roig.cat\\\/es\\\/#website\",\"url\":\"https:\\\/\\\/mont-roig.cat\\\/es\\\/\",\"name\":\"Ajuntament de Mont-roig del Camp\",\"description\":\"Tota la informaci\u00f3 sobre la instituci\u00f3, els seus \u00f2rgans de govern, actualitat, serveis i molt m\u00e9s.\",\"potentialAction\":[{\"@type\":\"SearchAction\",\"target\":{\"@type\":\"EntryPoint\",\"urlTemplate\":\"https:\\\/\\\/mont-roig.cat\\\/es\\\/?s={search_term_string}\"},\"query-input\":{\"@type\":\"PropertyValueSpecification\",\"valueRequired\":true,\"valueName\":\"search_term_string\"}}],\"inLanguage\":\"es\"},{\"@type\":\"Person\",\"@id\":\"https:\\\/\\\/mont-roig.cat\\\/es\\\/#\\\/schema\\\/person\\\/f2b111789f22b7d0c3bd6786c9128cba\",\"name\":\"administrador\",\"image\":{\"@type\":\"ImageObject\",\"inLanguage\":\"es\",\"@id\":\"https:\\\/\\\/secure.gravatar.com\\\/avatar\\\/9137aac6891e2595c9d3036fd83bcb653b4db3c946db4c7d9b9be193c3c944bb?s=96&d=mm&r=g\",\"url\":\"https:\\\/\\\/secure.gravatar.com\\\/avatar\\\/9137aac6891e2595c9d3036fd83bcb653b4db3c946db4c7d9b9be193c3c944bb?s=96&d=mm&r=g\",\"contentUrl\":\"https:\\\/\\\/secure.gravatar.com\\\/avatar\\\/9137aac6891e2595c9d3036fd83bcb653b4db3c946db4c7d9b9be193c3c944bb?s=96&d=mm&r=g\",\"caption\":\"administrador\"},\"url\":\"https:\\\/\\\/mont-roig.cat\\\/es\\\/actualitat\\\/noticies\\\/author\\\/administrador\\\/\"}]}<\/script>\n<!-- \/ Yoast SEO plugin. -->","yoast_head_json":{"title":"Regresa el programa Mujeres y Salud encaminado a la mejora del bienestar y la salud ps\u00edquica y emocional de las mujeres del municipio - Ajuntament de Mont-roig del Camp","robots":{"index":"index","follow":"follow","max-snippet":"max-snippet:-1","max-image-preview":"max-image-preview:large","max-video-preview":"max-video-preview:-1"},"canonical":"https:\/\/mont-roig.cat\/es\/actualitat\/noticies\/regresa-el-programa-mujeres-y-salud-encaminado-a-la-mejora-del-bienestar-y-la-salud-psiquica-y-emocional-de-las-mujeres-del-municipio\/","og_locale":"es_ES","og_type":"article","og_title":"Regresa el programa Mujeres y Salud encaminado a la mejora del bienestar y la salud ps\u00edquica y emocional de las mujeres del municipio - Ajuntament de Mont-roig del Camp","og_description":"Durante el mes de noviembre se realizar\u00e1n charlas, talleres y una funci\u00f3n de teatro foro dirigida a los alumnos de 4\u00ba de ESO para reflexionar sobre el acoso sexual El programa Mujeres y Salud vuelve este mes de noviembre con varios actos dirigidos a todas las mujeres del municipio con el objetivo de fomentar su [&hellip;]","og_url":"https:\/\/mont-roig.cat\/es\/actualitat\/noticies\/regresa-el-programa-mujeres-y-salud-encaminado-a-la-mejora-del-bienestar-y-la-salud-psiquica-y-emocional-de-las-mujeres-del-municipio\/","og_site_name":"Ajuntament de Mont-roig del Camp","article_published_time":"2018-11-05T10:43:26+00:00","article_modified_time":"2018-11-20T13:58:10+00:00","og_image":[{"width":1670,"height":782,"url":"https:\/\/mont-roig.cat\/wp-content\/uploads\/cartell-dones-i-salut.png","type":"image\/png"}],"author":"administrador","twitter_card":"summary_large_image","twitter_misc":{"Escrito por":"administrador","Tiempo de lectura":"1 minuto"},"schema":{"@context":"https:\/\/schema.org","@graph":[{"@type":"Article","@id":"https:\/\/mont-roig.cat\/es\/actualitat\/noticies\/regresa-el-programa-mujeres-y-salud-encaminado-a-la-mejora-del-bienestar-y-la-salud-psiquica-y-emocional-de-las-mujeres-del-municipio\/#article","isPartOf":{"@id":"https:\/\/mont-roig.cat\/es\/actualitat\/noticies\/regresa-el-programa-mujeres-y-salud-encaminado-a-la-mejora-del-bienestar-y-la-salud-psiquica-y-emocional-de-las-mujeres-del-municipio\/"},"author":{"name":"administrador","@id":"https:\/\/mont-roig.cat\/es\/#\/schema\/person\/f2b111789f22b7d0c3bd6786c9128cba"},"headline":"Regresa el programa Mujeres y Salud encaminado a la mejora del bienestar y la salud ps\u00edquica y emocional de las mujeres del municipio","datePublished":"2018-11-05T10:43:26+00:00","dateModified":"2018-11-20T13:58:10+00:00","mainEntityOfPage":{"@id":"https:\/\/mont-roig.cat\/es\/actualitat\/noticies\/regresa-el-programa-mujeres-y-salud-encaminado-a-la-mejora-del-bienestar-y-la-salud-psiquica-y-emocional-de-las-mujeres-del-municipio\/"},"wordCount":277,"image":{"@id":"https:\/\/mont-roig.cat\/es\/actualitat\/noticies\/regresa-el-programa-mujeres-y-salud-encaminado-a-la-mejora-del-bienestar-y-la-salud-psiquica-y-emocional-de-las-mujeres-del-municipio\/#primaryimage"},"thumbnailUrl":"https:\/\/mont-roig.cat\/wp-content\/uploads\/cartell-dones-i-salut.png","articleSection":["Ayuntamiento","Cultura","General"],"inLanguage":"es"},{"@type":"WebPage","@id":"https:\/\/mont-roig.cat\/es\/actualitat\/noticies\/regresa-el-programa-mujeres-y-salud-encaminado-a-la-mejora-del-bienestar-y-la-salud-psiquica-y-emocional-de-las-mujeres-del-municipio\/","url":"https:\/\/mont-roig.cat\/es\/actualitat\/noticies\/regresa-el-programa-mujeres-y-salud-encaminado-a-la-mejora-del-bienestar-y-la-salud-psiquica-y-emocional-de-las-mujeres-del-municipio\/","name":"Regresa el programa Mujeres y Salud encaminado a la mejora del bienestar y la salud ps\u00edquica y emocional de las mujeres del municipio - Ajuntament de Mont-roig del Camp","isPartOf":{"@id":"https:\/\/mont-roig.cat\/es\/#website"},"primaryImageOfPage":{"@id":"https:\/\/mont-roig.cat\/es\/actualitat\/noticies\/regresa-el-programa-mujeres-y-salud-encaminado-a-la-mejora-del-bienestar-y-la-salud-psiquica-y-emocional-de-las-mujeres-del-municipio\/#primaryimage"},"image":{"@id":"https:\/\/mont-roig.cat\/es\/actualitat\/noticies\/regresa-el-programa-mujeres-y-salud-encaminado-a-la-mejora-del-bienestar-y-la-salud-psiquica-y-emocional-de-las-mujeres-del-municipio\/#primaryimage"},"thumbnailUrl":"https:\/\/mont-roig.cat\/wp-content\/uploads\/cartell-dones-i-salut.png","datePublished":"2018-11-05T10:43:26+00:00","dateModified":"2018-11-20T13:58:10+00:00","author":{"@id":"https:\/\/mont-roig.cat\/es\/#\/schema\/person\/f2b111789f22b7d0c3bd6786c9128cba"},"breadcrumb":{"@id":"https:\/\/mont-roig.cat\/es\/actualitat\/noticies\/regresa-el-programa-mujeres-y-salud-encaminado-a-la-mejora-del-bienestar-y-la-salud-psiquica-y-emocional-de-las-mujeres-del-municipio\/#breadcrumb"},"inLanguage":"es","potentialAction":[{"@type":"ReadAction","target":["https:\/\/mont-roig.cat\/es\/actualitat\/noticies\/regresa-el-programa-mujeres-y-salud-encaminado-a-la-mejora-del-bienestar-y-la-salud-psiquica-y-emocional-de-las-mujeres-del-municipio\/"]}]},{"@type":"ImageObject","inLanguage":"es","@id":"https:\/\/mont-roig.cat\/es\/actualitat\/noticies\/regresa-el-programa-mujeres-y-salud-encaminado-a-la-mejora-del-bienestar-y-la-salud-psiquica-y-emocional-de-las-mujeres-del-municipio\/#primaryimage","url":"https:\/\/mont-roig.cat\/wp-content\/uploads\/cartell-dones-i-salut.png","contentUrl":"https:\/\/mont-roig.cat\/wp-content\/uploads\/cartell-dones-i-salut.png","width":1670,"height":782},{"@type":"BreadcrumbList","@id":"https:\/\/mont-roig.cat\/es\/actualitat\/noticies\/regresa-el-programa-mujeres-y-salud-encaminado-a-la-mejora-del-bienestar-y-la-salud-psiquica-y-emocional-de-las-mujeres-del-municipio\/#breadcrumb","itemListElement":[{"@type":"ListItem","position":1,"name":"Inici","item":"https:\/\/mont-roig.cat\/es\/pagina-de-inicio\/"},{"@type":"ListItem","position":2,"name":"Regresa el programa Mujeres y Salud encaminado a la mejora del bienestar y la salud ps\u00edquica y emocional de las mujeres del municipio"}]},{"@type":"WebSite","@id":"https:\/\/mont-roig.cat\/es\/#website","url":"https:\/\/mont-roig.cat\/es\/","name":"Ajuntament de Mont-roig del Camp","description":"Tota la informaci\u00f3 sobre la instituci\u00f3, els seus \u00f2rgans de govern, actualitat, serveis i molt m\u00e9s.","potentialAction":[{"@type":"SearchAction","target":{"@type":"EntryPoint","urlTemplate":"https:\/\/mont-roig.cat\/es\/?s={search_term_string}"},"query-input":{"@type":"PropertyValueSpecification","valueRequired":true,"valueName":"search_term_string"}}],"inLanguage":"es"},{"@type":"Person","@id":"https:\/\/mont-roig.cat\/es\/#\/schema\/person\/f2b111789f22b7d0c3bd6786c9128cba","name":"administrador","image":{"@type":"ImageObject","inLanguage":"es","@id":"https:\/\/secure.gravatar.com\/avatar\/9137aac6891e2595c9d3036fd83bcb653b4db3c946db4c7d9b9be193c3c944bb?s=96&d=mm&r=g","url":"https:\/\/secure.gravatar.com\/avatar\/9137aac6891e2595c9d3036fd83bcb653b4db3c946db4c7d9b9be193c3c944bb?s=96&d=mm&r=g","contentUrl":"https:\/\/secure.gravatar.com\/avatar\/9137aac6891e2595c9d3036fd83bcb653b4db3c946db4c7d9b9be193c3c944bb?s=96&d=mm&r=g","caption":"administrador"},"url":"https:\/\/mont-roig.cat\/es\/actualitat\/noticies\/author\/administrador\/"}]}},"_links":{"self":[{"href":"https:\/\/mont-roig.cat\/es\/wp-json\/wp\/v2\/posts\/31721","targetHints":{"allow":["GET"]}}],"collection":[{"href":"https:\/\/mont-roig.cat\/es\/wp-json\/wp\/v2\/posts"}],"about":[{"href":"https:\/\/mont-roig.cat\/es\/wp-json\/wp\/v2\/types\/post"}],"author":[{"embeddable":true,"href":"https:\/\/mont-roig.cat\/es\/wp-json\/wp\/v2\/users\/4"}],"replies":[{"embeddable":true,"href":"https:\/\/mont-roig.cat\/es\/wp-json\/wp\/v2\/comments?post=31721"}],"version-history":[{"count":2,"href":"https:\/\/mont-roig.cat\/es\/wp-json\/wp\/v2\/posts\/31721\/revisions"}],"predecessor-version":[{"id":32140,"href":"https:\/\/mont-roig.cat\/es\/wp-json\/wp\/v2\/posts\/31721\/revisions\/32140"}],"wp:featuredmedia":[{"embeddable":true,"href":"https:\/\/mont-roig.cat\/es\/wp-json\/wp\/v2\/media\/31679"}],"wp:attachment":[{"href":"https:\/\/mont-roig.cat\/es\/wp-json\/wp\/v2\/media?parent=31721"}],"wp:term":[{"taxonomy":"category","embeddable":true,"href":"https:\/\/mont-roig.cat\/es\/wp-json\/wp\/v2\/categories?post=31721"},{"taxonomy":"post_tag","embeddable":true,"href":"https:\/\/mont-roig.cat\/es\/wp-json\/wp\/v2\/tags?post=31721"}],"curies":[{"name":"wp","href":"https:\/\/api.w.org\/{rel}","templated":true}]}}