{"id":32549,"date":"2018-11-27T13:58:17","date_gmt":"2018-11-27T12:58:17","guid":{"rendered":"https:\/\/mont-roig.cat\/?p=32549"},"modified":"2018-11-27T13:58:17","modified_gmt":"2018-11-27T12:58:17","slug":"la-estudiante-de-la-urv-alba-font-obtiene-el-ii-premio-de-investigacion-campings-mont-roig-del-camp-miami-platja","status":"publish","type":"post","link":"https:\/\/mont-roig.cat\/es\/actualitat\/noticies\/la-estudiante-de-la-urv-alba-font-obtiene-el-ii-premio-de-investigacion-campings-mont-roig-del-camp-miami-platja\/","title":{"rendered":"La estudiante de la URV Alba Font obtiene el II Premio de investigaci\u00f3n &#8220;Campings Mont-roig del Camp &#8211; Miami Platja&#8221;"},"content":{"rendered":"<ul>\n<li><strong><span id=\"result_box\" class=\"\" lang=\"es\"><span title=\"La iniciativa \u00e9s fruit d\u2019un conveni entre l\u2019Ajuntament de Mont-roig del Camp i la Universitat Rovira i Virgili\n\">La iniciativa es fruto de un convenio entre el Ayuntamiento de Mont-roig del Camp y la Universidad Rovira i Virgili<br \/>\n<\/span><\/span><\/strong><\/li>\n<li><strong><span id=\"result_box\" class=\"\" lang=\"es\"><span title=\"L\u2019alumna dur\u00e0 a terme un treball de recerca sobre les tend\u00e8ncies i perfils dels clients d\u2019aquests establiments tur\u00edstics al municipi i presentar\u00e0 propostes d\u2019innovaci\u00f3\n\">La alumna llevar\u00e1 a cabo un trabajo de investigaci\u00f3n sobre las tendencias y perfiles de los clientes de estos establecimientos tur\u00edsticos en el municipio y presentar\u00e1 propuestas de innovaci\u00f3n<\/span><\/span><\/strong><\/li>\n<\/ul>\n<div id=\"attachment_32544\" style=\"width: 310px\" class=\"wp-caption alignright\"><a href=\"https:\/\/mont-roig.cat\/wp-content\/uploads\/Jurat-del-segon-premi-campings.jpg\"><img loading=\"lazy\" decoding=\"async\" aria-describedby=\"caption-attachment-32544\" class=\"wp-image-32544\" src=\"https:\/\/mont-roig.cat\/wp-content\/uploads\/Jurat-del-segon-premi-campings.jpg\" alt=\"\" width=\"300\" height=\"200\" srcset=\"https:\/\/mont-roig.cat\/wp-content\/uploads\/Jurat-del-segon-premi-campings.jpg 1920w, https:\/\/mont-roig.cat\/wp-content\/uploads\/Jurat-del-segon-premi-campings-500x333.jpg 500w, https:\/\/mont-roig.cat\/wp-content\/uploads\/Jurat-del-segon-premi-campings-768x512.jpg 768w, https:\/\/mont-roig.cat\/wp-content\/uploads\/Jurat-del-segon-premi-campings-1024x683.jpg 1024w\" sizes=\"auto, (max-width: 300px) 100vw, 300px\" \/><\/a><p id=\"caption-attachment-32544\" class=\"wp-caption-text\">Jurado del II Premio d\u2019investigaci\u00f3n \u201cCampings Mont-roig del Camp \u2013 Miami Platja\u201d<\/p><\/div>\n<p><span id=\"result_box\" class=\"\" lang=\"es\"><span title=\"L\u2019alumna dur\u00e0 a terme un treball de recerca sobre les tend\u00e8ncies i perfils dels clients d\u2019aquests establiments tur\u00edstics al municipi i presentar\u00e0 propostes d\u2019innovaci\u00f3\n\"><br \/>\n<\/span><span title=\"El jurat del II Premi d'investigaci\u00f3 \u201cC\u00e0mpings Mont-roig del Camp \u2013 Miami Platja\u201d, format per Yolanda P\u00e9rez, regidora de Turisme de l'Ajuntament de Mont-roig del Camp, Manel Vilajosana, president de l'Associaci\u00f3 de C\u00e0mpings de\">El jurado del II Premio de investigaci\u00f3n &#8220;Campings Mont-roig del Camp &#8211; Miami Platja&#8221;, formado por Yolanda P\u00e9rez, concejala de Turismo del Ayuntamiento de Mont-roig del Camp, Manel Vilajosana, presidente de la Asociaci\u00f3n de Campings de <\/span><span title=\"Mont-roig del Camp, Coia Domingo i Jordi Blay, responsables dels graus de Gesti\u00f3 en Turisme i Hoteleria i de Geografia, An\u00e0lisi Territorial i Sostenibilitat de la Facultat de Turisme i Geografia de la Universitat Rovira i Virgili ha atorgat a l'estudiant Alba Font\">Mont-roig del Camp, Coia Domingo y Jordi Blay, responsables de los grados de Gesti\u00f3n en Turismo y Hoteler\u00eda y de Geograf\u00eda, An\u00e1lisis Territorial y Sostenibilidad de la Facultad de Turismo y Geograf\u00eda de la Universidad Rovira i Virgili ha otorgado al estudiante Alba Font <\/span><span title=\"la concessi\u00f3 del segon premi d'investigaci\u00f3 sobre els c\u00e0mpings del municipi, dotat amb 2.000 euros.\n\">la concesi\u00f3n del segundo premio de investigaci\u00f3n sobre los campings del municipio, dotado con 2.000 euros.<\/span><\/span><\/p>\n<p><span id=\"result_box\" class=\"\" lang=\"es\"><span title=\"La convocat\u00f2ria \u00e9s fruit d\u2019un conveni de col\u00b7laboraci\u00f3 entre l\u2019Ajuntament de Mont-roig del Camp i la Universitat Rovira i Virgili.\">La convocatoria es fruto de un convenio de colaboraci\u00f3n entre el Ayuntamiento de Mont-roig del Camp y la Universidad Rovira i Virgili. <\/span><span title=\"El premi, que t\u00e9 una dotaci\u00f3 econ\u00f2mica de 2.000 euros, estava obert a les persones, matriculades en qualsevol dels estudis de grau o de m\u00e0ster de la Facultat de Turisme i Geografia de la URV.\n\">El premio, que tiene una dotaci\u00f3n econ\u00f3mica de 2.000 euros, estaba abierto a las personas, matriculadas en cualquiera de los estudios de grado o de m\u00e1ster de la Facultad de Turismo y Geograf\u00eda de la URV.<\/span><\/span><\/p>\n<p><span id=\"result_box\" class=\"\" lang=\"es\"><span title=\"Alba Font, alumna del M\u00e0ster en Gesti\u00f3 de Destinacions tur\u00edstiques de la URV ha presentat una mem\u00f2ria en qu\u00e8 proposa fer una recerca sobre les tend\u00e8ncies, prioritats i necessitats del sector del c\u00e0mping, centrant-se en el cas de Mont-roig del Camp.\">Alba Font, alumna del M\u00e1ster en Gesti\u00f3n de Destinos tur\u00edsticos de la URV ha presentado una memoria en la que propone hacer una investigaci\u00f3n sobre las tendencias, prioridades y necesidades del sector del camping, centr\u00e1ndose en el caso de Mont-roig del Camp. <\/span><span title=\"A l\u2019apartat de resultats presentar\u00e0 propostes d\u2019innovaci\u00f3 del sector del c\u00e0mping i de gesti\u00f3 del sector del turisme pel conjunt del municipi.\">En el apartado de resultados presentar\u00e1 propuestas de innovaci\u00f3n del sector del camping y de gesti\u00f3n del sector del turismo para el conjunto del municipio.<\/span><\/span><\/p>\n","protected":false},"excerpt":{"rendered":"<p>La iniciativa es fruto de un convenio entre el Ayuntamiento de Mont-roig del Camp y la Universidad Rovira i Virgili La alumna llevar\u00e1 a cabo un trabajo de investigaci\u00f3n sobre las tendencias y perfiles de los clientes de estos establecimientos tur\u00edsticos en el municipio y presentar\u00e1 propuestas de innovaci\u00f3n El jurado del II Premio de [&hellip;]<\/p>\n","protected":false},"author":4,"featured_media":32544,"comment_status":"closed","ping_status":"closed","sticky":false,"template":"","format":"standard","meta":{"inline_featured_image":false,"_monsterinsights_skip_tracking":false,"_monsterinsights_sitenote_active":false,"_monsterinsights_sitenote_note":"","_monsterinsights_sitenote_category":0,"footnotes":""},"categories":[115],"tags":[],"class_list":["post-32549","post","type-post","status-publish","format-standard","has-post-thumbnail","hentry","category-turismo"],"yoast_head":"<!-- This site is optimized with the Yoast SEO plugin v27.4 - https:\/\/yoast.com\/product\/yoast-seo-wordpress\/ -->\n<title>La estudiante de la URV Alba Font obtiene el II Premio de investigaci\u00f3n &quot;Campings Mont-roig del Camp - Miami Platja&quot; - Ajuntament de Mont-roig del Camp<\/title>\n<meta name=\"robots\" content=\"index, follow, max-snippet:-1, max-image-preview:large, max-video-preview:-1\" \/>\n<link rel=\"canonical\" href=\"https:\/\/mont-roig.cat\/es\/actualitat\/noticies\/la-estudiante-de-la-urv-alba-font-obtiene-el-ii-premio-de-investigacion-campings-mont-roig-del-camp-miami-platja\/\" \/>\n<meta property=\"og:locale\" content=\"es_ES\" \/>\n<meta property=\"og:type\" content=\"article\" \/>\n<meta property=\"og:title\" content=\"La estudiante de la URV Alba Font obtiene el II Premio de investigaci\u00f3n &quot;Campings Mont-roig del Camp - Miami Platja&quot; - Ajuntament de Mont-roig del Camp\" \/>\n<meta property=\"og:description\" content=\"La iniciativa es fruto de un convenio entre el Ayuntamiento de Mont-roig del Camp y la Universidad Rovira i Virgili La alumna llevar\u00e1 a cabo un trabajo de investigaci\u00f3n sobre las tendencias y perfiles de los clientes de estos establecimientos tur\u00edsticos en el municipio y presentar\u00e1 propuestas de innovaci\u00f3n El jurado del II Premio de [&hellip;]\" \/>\n<meta property=\"og:url\" content=\"https:\/\/mont-roig.cat\/es\/actualitat\/noticies\/la-estudiante-de-la-urv-alba-font-obtiene-el-ii-premio-de-investigacion-campings-mont-roig-del-camp-miami-platja\/\" \/>\n<meta property=\"og:site_name\" content=\"Ajuntament de Mont-roig del Camp\" \/>\n<meta property=\"article:published_time\" content=\"2018-11-27T12:58:17+00:00\" \/>\n<meta property=\"og:image\" content=\"https:\/\/mont-roig.cat\/wp-content\/uploads\/Jurat-del-segon-premi-campings.jpg\" \/>\n\t<meta property=\"og:image:width\" content=\"1920\" \/>\n\t<meta property=\"og:image:height\" content=\"1280\" \/>\n\t<meta property=\"og:image:type\" content=\"image\/jpeg\" \/>\n<meta name=\"author\" content=\"administrador\" \/>\n<meta name=\"twitter:card\" content=\"summary_large_image\" \/>\n<meta name=\"twitter:label1\" content=\"Escrito por\" \/>\n\t<meta name=\"twitter:data1\" content=\"administrador\" \/>\n\t<meta name=\"twitter:label2\" content=\"Tiempo de lectura\" \/>\n\t<meta name=\"twitter:data2\" content=\"2 minutos\" \/>\n<script type=\"application\/ld+json\" class=\"yoast-schema-graph\">{\"@context\":\"https:\\\/\\\/schema.org\",\"@graph\":[{\"@type\":\"Article\",\"@id\":\"https:\\\/\\\/mont-roig.cat\\\/es\\\/actualitat\\\/noticies\\\/la-estudiante-de-la-urv-alba-font-obtiene-el-ii-premio-de-investigacion-campings-mont-roig-del-camp-miami-platja\\\/#article\",\"isPartOf\":{\"@id\":\"https:\\\/\\\/mont-roig.cat\\\/es\\\/actualitat\\\/noticies\\\/la-estudiante-de-la-urv-alba-font-obtiene-el-ii-premio-de-investigacion-campings-mont-roig-del-camp-miami-platja\\\/\"},\"author\":{\"name\":\"administrador\",\"@id\":\"https:\\\/\\\/mont-roig.cat\\\/es\\\/#\\\/schema\\\/person\\\/f2b111789f22b7d0c3bd6786c9128cba\"},\"headline\":\"La estudiante de la URV Alba Font obtiene el II Premio de investigaci\u00f3n &#8220;Campings Mont-roig del Camp &#8211; Miami Platja&#8221;\",\"datePublished\":\"2018-11-27T12:58:17+00:00\",\"mainEntityOfPage\":{\"@id\":\"https:\\\/\\\/mont-roig.cat\\\/es\\\/actualitat\\\/noticies\\\/la-estudiante-de-la-urv-alba-font-obtiene-el-ii-premio-de-investigacion-campings-mont-roig-del-camp-miami-platja\\\/\"},\"wordCount\":334,\"image\":{\"@id\":\"https:\\\/\\\/mont-roig.cat\\\/es\\\/actualitat\\\/noticies\\\/la-estudiante-de-la-urv-alba-font-obtiene-el-ii-premio-de-investigacion-campings-mont-roig-del-camp-miami-platja\\\/#primaryimage\"},\"thumbnailUrl\":\"https:\\\/\\\/mont-roig.cat\\\/wp-content\\\/uploads\\\/Jurat-del-segon-premi-campings.jpg\",\"articleSection\":[\"Turismo\"],\"inLanguage\":\"es\"},{\"@type\":\"WebPage\",\"@id\":\"https:\\\/\\\/mont-roig.cat\\\/es\\\/actualitat\\\/noticies\\\/la-estudiante-de-la-urv-alba-font-obtiene-el-ii-premio-de-investigacion-campings-mont-roig-del-camp-miami-platja\\\/\",\"url\":\"https:\\\/\\\/mont-roig.cat\\\/es\\\/actualitat\\\/noticies\\\/la-estudiante-de-la-urv-alba-font-obtiene-el-ii-premio-de-investigacion-campings-mont-roig-del-camp-miami-platja\\\/\",\"name\":\"La estudiante de la URV Alba Font obtiene el II Premio de investigaci\u00f3n \\\"Campings Mont-roig del Camp - Miami Platja\\\" - Ajuntament de Mont-roig del Camp\",\"isPartOf\":{\"@id\":\"https:\\\/\\\/mont-roig.cat\\\/es\\\/#website\"},\"primaryImageOfPage\":{\"@id\":\"https:\\\/\\\/mont-roig.cat\\\/es\\\/actualitat\\\/noticies\\\/la-estudiante-de-la-urv-alba-font-obtiene-el-ii-premio-de-investigacion-campings-mont-roig-del-camp-miami-platja\\\/#primaryimage\"},\"image\":{\"@id\":\"https:\\\/\\\/mont-roig.cat\\\/es\\\/actualitat\\\/noticies\\\/la-estudiante-de-la-urv-alba-font-obtiene-el-ii-premio-de-investigacion-campings-mont-roig-del-camp-miami-platja\\\/#primaryimage\"},\"thumbnailUrl\":\"https:\\\/\\\/mont-roig.cat\\\/wp-content\\\/uploads\\\/Jurat-del-segon-premi-campings.jpg\",\"datePublished\":\"2018-11-27T12:58:17+00:00\",\"author\":{\"@id\":\"https:\\\/\\\/mont-roig.cat\\\/es\\\/#\\\/schema\\\/person\\\/f2b111789f22b7d0c3bd6786c9128cba\"},\"breadcrumb\":{\"@id\":\"https:\\\/\\\/mont-roig.cat\\\/es\\\/actualitat\\\/noticies\\\/la-estudiante-de-la-urv-alba-font-obtiene-el-ii-premio-de-investigacion-campings-mont-roig-del-camp-miami-platja\\\/#breadcrumb\"},\"inLanguage\":\"es\",\"potentialAction\":[{\"@type\":\"ReadAction\",\"target\":[\"https:\\\/\\\/mont-roig.cat\\\/es\\\/actualitat\\\/noticies\\\/la-estudiante-de-la-urv-alba-font-obtiene-el-ii-premio-de-investigacion-campings-mont-roig-del-camp-miami-platja\\\/\"]}]},{\"@type\":\"ImageObject\",\"inLanguage\":\"es\",\"@id\":\"https:\\\/\\\/mont-roig.cat\\\/es\\\/actualitat\\\/noticies\\\/la-estudiante-de-la-urv-alba-font-obtiene-el-ii-premio-de-investigacion-campings-mont-roig-del-camp-miami-platja\\\/#primaryimage\",\"url\":\"https:\\\/\\\/mont-roig.cat\\\/wp-content\\\/uploads\\\/Jurat-del-segon-premi-campings.jpg\",\"contentUrl\":\"https:\\\/\\\/mont-roig.cat\\\/wp-content\\\/uploads\\\/Jurat-del-segon-premi-campings.jpg\",\"width\":1920,\"height\":1280},{\"@type\":\"BreadcrumbList\",\"@id\":\"https:\\\/\\\/mont-roig.cat\\\/es\\\/actualitat\\\/noticies\\\/la-estudiante-de-la-urv-alba-font-obtiene-el-ii-premio-de-investigacion-campings-mont-roig-del-camp-miami-platja\\\/#breadcrumb\",\"itemListElement\":[{\"@type\":\"ListItem\",\"position\":1,\"name\":\"Inici\",\"item\":\"https:\\\/\\\/mont-roig.cat\\\/es\\\/pagina-de-inicio\\\/\"},{\"@type\":\"ListItem\",\"position\":2,\"name\":\"La estudiante de la URV Alba Font obtiene el II Premio de investigaci\u00f3n &#8220;Campings Mont-roig del Camp &#8211; Miami Platja&#8221;\"}]},{\"@type\":\"WebSite\",\"@id\":\"https:\\\/\\\/mont-roig.cat\\\/es\\\/#website\",\"url\":\"https:\\\/\\\/mont-roig.cat\\\/es\\\/\",\"name\":\"Ajuntament de Mont-roig del Camp\",\"description\":\"Tota la informaci\u00f3 sobre la instituci\u00f3, els seus \u00f2rgans de govern, actualitat, serveis i molt m\u00e9s.\",\"potentialAction\":[{\"@type\":\"SearchAction\",\"target\":{\"@type\":\"EntryPoint\",\"urlTemplate\":\"https:\\\/\\\/mont-roig.cat\\\/es\\\/?s={search_term_string}\"},\"query-input\":{\"@type\":\"PropertyValueSpecification\",\"valueRequired\":true,\"valueName\":\"search_term_string\"}}],\"inLanguage\":\"es\"},{\"@type\":\"Person\",\"@id\":\"https:\\\/\\\/mont-roig.cat\\\/es\\\/#\\\/schema\\\/person\\\/f2b111789f22b7d0c3bd6786c9128cba\",\"name\":\"administrador\",\"image\":{\"@type\":\"ImageObject\",\"inLanguage\":\"es\",\"@id\":\"https:\\\/\\\/secure.gravatar.com\\\/avatar\\\/9137aac6891e2595c9d3036fd83bcb653b4db3c946db4c7d9b9be193c3c944bb?s=96&d=mm&r=g\",\"url\":\"https:\\\/\\\/secure.gravatar.com\\\/avatar\\\/9137aac6891e2595c9d3036fd83bcb653b4db3c946db4c7d9b9be193c3c944bb?s=96&d=mm&r=g\",\"contentUrl\":\"https:\\\/\\\/secure.gravatar.com\\\/avatar\\\/9137aac6891e2595c9d3036fd83bcb653b4db3c946db4c7d9b9be193c3c944bb?s=96&d=mm&r=g\",\"caption\":\"administrador\"},\"url\":\"https:\\\/\\\/mont-roig.cat\\\/es\\\/actualitat\\\/noticies\\\/author\\\/administrador\\\/\"}]}<\/script>\n<!-- \/ Yoast SEO plugin. -->","yoast_head_json":{"title":"La estudiante de la URV Alba Font obtiene el II Premio de investigaci\u00f3n \"Campings Mont-roig del Camp - Miami Platja\" - Ajuntament de Mont-roig del Camp","robots":{"index":"index","follow":"follow","max-snippet":"max-snippet:-1","max-image-preview":"max-image-preview:large","max-video-preview":"max-video-preview:-1"},"canonical":"https:\/\/mont-roig.cat\/es\/actualitat\/noticies\/la-estudiante-de-la-urv-alba-font-obtiene-el-ii-premio-de-investigacion-campings-mont-roig-del-camp-miami-platja\/","og_locale":"es_ES","og_type":"article","og_title":"La estudiante de la URV Alba Font obtiene el II Premio de investigaci\u00f3n \"Campings Mont-roig del Camp - Miami Platja\" - Ajuntament de Mont-roig del Camp","og_description":"La iniciativa es fruto de un convenio entre el Ayuntamiento de Mont-roig del Camp y la Universidad Rovira i Virgili La alumna llevar\u00e1 a cabo un trabajo de investigaci\u00f3n sobre las tendencias y perfiles de los clientes de estos establecimientos tur\u00edsticos en el municipio y presentar\u00e1 propuestas de innovaci\u00f3n El jurado del II Premio de [&hellip;]","og_url":"https:\/\/mont-roig.cat\/es\/actualitat\/noticies\/la-estudiante-de-la-urv-alba-font-obtiene-el-ii-premio-de-investigacion-campings-mont-roig-del-camp-miami-platja\/","og_site_name":"Ajuntament de Mont-roig del Camp","article_published_time":"2018-11-27T12:58:17+00:00","og_image":[{"width":1920,"height":1280,"url":"https:\/\/mont-roig.cat\/wp-content\/uploads\/Jurat-del-segon-premi-campings.jpg","type":"image\/jpeg"}],"author":"administrador","twitter_card":"summary_large_image","twitter_misc":{"Escrito por":"administrador","Tiempo de lectura":"2 minutos"},"schema":{"@context":"https:\/\/schema.org","@graph":[{"@type":"Article","@id":"https:\/\/mont-roig.cat\/es\/actualitat\/noticies\/la-estudiante-de-la-urv-alba-font-obtiene-el-ii-premio-de-investigacion-campings-mont-roig-del-camp-miami-platja\/#article","isPartOf":{"@id":"https:\/\/mont-roig.cat\/es\/actualitat\/noticies\/la-estudiante-de-la-urv-alba-font-obtiene-el-ii-premio-de-investigacion-campings-mont-roig-del-camp-miami-platja\/"},"author":{"name":"administrador","@id":"https:\/\/mont-roig.cat\/es\/#\/schema\/person\/f2b111789f22b7d0c3bd6786c9128cba"},"headline":"La estudiante de la URV Alba Font obtiene el II Premio de investigaci\u00f3n &#8220;Campings Mont-roig del Camp &#8211; Miami Platja&#8221;","datePublished":"2018-11-27T12:58:17+00:00","mainEntityOfPage":{"@id":"https:\/\/mont-roig.cat\/es\/actualitat\/noticies\/la-estudiante-de-la-urv-alba-font-obtiene-el-ii-premio-de-investigacion-campings-mont-roig-del-camp-miami-platja\/"},"wordCount":334,"image":{"@id":"https:\/\/mont-roig.cat\/es\/actualitat\/noticies\/la-estudiante-de-la-urv-alba-font-obtiene-el-ii-premio-de-investigacion-campings-mont-roig-del-camp-miami-platja\/#primaryimage"},"thumbnailUrl":"https:\/\/mont-roig.cat\/wp-content\/uploads\/Jurat-del-segon-premi-campings.jpg","articleSection":["Turismo"],"inLanguage":"es"},{"@type":"WebPage","@id":"https:\/\/mont-roig.cat\/es\/actualitat\/noticies\/la-estudiante-de-la-urv-alba-font-obtiene-el-ii-premio-de-investigacion-campings-mont-roig-del-camp-miami-platja\/","url":"https:\/\/mont-roig.cat\/es\/actualitat\/noticies\/la-estudiante-de-la-urv-alba-font-obtiene-el-ii-premio-de-investigacion-campings-mont-roig-del-camp-miami-platja\/","name":"La estudiante de la URV Alba Font obtiene el II Premio de investigaci\u00f3n \"Campings Mont-roig del Camp - Miami Platja\" - Ajuntament de Mont-roig del Camp","isPartOf":{"@id":"https:\/\/mont-roig.cat\/es\/#website"},"primaryImageOfPage":{"@id":"https:\/\/mont-roig.cat\/es\/actualitat\/noticies\/la-estudiante-de-la-urv-alba-font-obtiene-el-ii-premio-de-investigacion-campings-mont-roig-del-camp-miami-platja\/#primaryimage"},"image":{"@id":"https:\/\/mont-roig.cat\/es\/actualitat\/noticies\/la-estudiante-de-la-urv-alba-font-obtiene-el-ii-premio-de-investigacion-campings-mont-roig-del-camp-miami-platja\/#primaryimage"},"thumbnailUrl":"https:\/\/mont-roig.cat\/wp-content\/uploads\/Jurat-del-segon-premi-campings.jpg","datePublished":"2018-11-27T12:58:17+00:00","author":{"@id":"https:\/\/mont-roig.cat\/es\/#\/schema\/person\/f2b111789f22b7d0c3bd6786c9128cba"},"breadcrumb":{"@id":"https:\/\/mont-roig.cat\/es\/actualitat\/noticies\/la-estudiante-de-la-urv-alba-font-obtiene-el-ii-premio-de-investigacion-campings-mont-roig-del-camp-miami-platja\/#breadcrumb"},"inLanguage":"es","potentialAction":[{"@type":"ReadAction","target":["https:\/\/mont-roig.cat\/es\/actualitat\/noticies\/la-estudiante-de-la-urv-alba-font-obtiene-el-ii-premio-de-investigacion-campings-mont-roig-del-camp-miami-platja\/"]}]},{"@type":"ImageObject","inLanguage":"es","@id":"https:\/\/mont-roig.cat\/es\/actualitat\/noticies\/la-estudiante-de-la-urv-alba-font-obtiene-el-ii-premio-de-investigacion-campings-mont-roig-del-camp-miami-platja\/#primaryimage","url":"https:\/\/mont-roig.cat\/wp-content\/uploads\/Jurat-del-segon-premi-campings.jpg","contentUrl":"https:\/\/mont-roig.cat\/wp-content\/uploads\/Jurat-del-segon-premi-campings.jpg","width":1920,"height":1280},{"@type":"BreadcrumbList","@id":"https:\/\/mont-roig.cat\/es\/actualitat\/noticies\/la-estudiante-de-la-urv-alba-font-obtiene-el-ii-premio-de-investigacion-campings-mont-roig-del-camp-miami-platja\/#breadcrumb","itemListElement":[{"@type":"ListItem","position":1,"name":"Inici","item":"https:\/\/mont-roig.cat\/es\/pagina-de-inicio\/"},{"@type":"ListItem","position":2,"name":"La estudiante de la URV Alba Font obtiene el II Premio de investigaci\u00f3n &#8220;Campings Mont-roig del Camp &#8211; Miami Platja&#8221;"}]},{"@type":"WebSite","@id":"https:\/\/mont-roig.cat\/es\/#website","url":"https:\/\/mont-roig.cat\/es\/","name":"Ajuntament de Mont-roig del Camp","description":"Tota la informaci\u00f3 sobre la instituci\u00f3, els seus \u00f2rgans de govern, actualitat, serveis i molt m\u00e9s.","potentialAction":[{"@type":"SearchAction","target":{"@type":"EntryPoint","urlTemplate":"https:\/\/mont-roig.cat\/es\/?s={search_term_string}"},"query-input":{"@type":"PropertyValueSpecification","valueRequired":true,"valueName":"search_term_string"}}],"inLanguage":"es"},{"@type":"Person","@id":"https:\/\/mont-roig.cat\/es\/#\/schema\/person\/f2b111789f22b7d0c3bd6786c9128cba","name":"administrador","image":{"@type":"ImageObject","inLanguage":"es","@id":"https:\/\/secure.gravatar.com\/avatar\/9137aac6891e2595c9d3036fd83bcb653b4db3c946db4c7d9b9be193c3c944bb?s=96&d=mm&r=g","url":"https:\/\/secure.gravatar.com\/avatar\/9137aac6891e2595c9d3036fd83bcb653b4db3c946db4c7d9b9be193c3c944bb?s=96&d=mm&r=g","contentUrl":"https:\/\/secure.gravatar.com\/avatar\/9137aac6891e2595c9d3036fd83bcb653b4db3c946db4c7d9b9be193c3c944bb?s=96&d=mm&r=g","caption":"administrador"},"url":"https:\/\/mont-roig.cat\/es\/actualitat\/noticies\/author\/administrador\/"}]}},"_links":{"self":[{"href":"https:\/\/mont-roig.cat\/es\/wp-json\/wp\/v2\/posts\/32549","targetHints":{"allow":["GET"]}}],"collection":[{"href":"https:\/\/mont-roig.cat\/es\/wp-json\/wp\/v2\/posts"}],"about":[{"href":"https:\/\/mont-roig.cat\/es\/wp-json\/wp\/v2\/types\/post"}],"author":[{"embeddable":true,"href":"https:\/\/mont-roig.cat\/es\/wp-json\/wp\/v2\/users\/4"}],"replies":[{"embeddable":true,"href":"https:\/\/mont-roig.cat\/es\/wp-json\/wp\/v2\/comments?post=32549"}],"version-history":[{"count":1,"href":"https:\/\/mont-roig.cat\/es\/wp-json\/wp\/v2\/posts\/32549\/revisions"}],"predecessor-version":[{"id":32550,"href":"https:\/\/mont-roig.cat\/es\/wp-json\/wp\/v2\/posts\/32549\/revisions\/32550"}],"wp:featuredmedia":[{"embeddable":true,"href":"https:\/\/mont-roig.cat\/es\/wp-json\/wp\/v2\/media\/32544"}],"wp:attachment":[{"href":"https:\/\/mont-roig.cat\/es\/wp-json\/wp\/v2\/media?parent=32549"}],"wp:term":[{"taxonomy":"category","embeddable":true,"href":"https:\/\/mont-roig.cat\/es\/wp-json\/wp\/v2\/categories?post=32549"},{"taxonomy":"post_tag","embeddable":true,"href":"https:\/\/mont-roig.cat\/es\/wp-json\/wp\/v2\/tags?post=32549"}],"curies":[{"name":"wp","href":"https:\/\/api.w.org\/{rel}","templated":true}]}}