{"id":32570,"date":"2018-11-28T08:09:05","date_gmt":"2018-11-28T07:09:05","guid":{"rendered":"https:\/\/mont-roig.cat\/?p=32570"},"modified":"2018-12-05T11:32:17","modified_gmt":"2018-12-05T10:32:17","slug":"mont-roig-y-miami-platja-luciran-la-navidad-a-partir-del-sabado","status":"publish","type":"post","link":"https:\/\/mont-roig.cat\/es\/actualitat\/noticies\/mont-roig-y-miami-platja-luciran-la-navidad-a-partir-del-sabado\/","title":{"rendered":"Mont-roig y Miami Platja lucir\u00e1n la Navidad a partir del s\u00e1bado"},"content":{"rendered":"<ul>\n<li><strong><span id=\"result_box\" class=\"\" lang=\"es\">Las encendidas del \u00e1rbol y las luces navide\u00f1as, que <span class=\"\">tendr\u00e1n lugar<\/span> los d\u00edas 1 y 2 de diciembre, servir\u00e1n para inaugurar la Navidad en el <span class=\"\">municipio<\/span><\/span><\/strong><\/li>\n<\/ul>\n<p><a href=\"https:\/\/mont-roig.cat\/wp-content\/uploads\/MM_ENCESA_MONTROIG-1.jpeg\"><img loading=\"lazy\" decoding=\"async\" class=\"alignright wp-image-32561\" src=\"https:\/\/mont-roig.cat\/wp-content\/uploads\/MM_ENCESA_MONTROIG-1.jpeg\" alt=\"\" width=\"200\" height=\"200\" srcset=\"https:\/\/mont-roig.cat\/wp-content\/uploads\/MM_ENCESA_MONTROIG-1.jpeg 960w, https:\/\/mont-roig.cat\/wp-content\/uploads\/MM_ENCESA_MONTROIG-1-50x50.jpeg 50w, https:\/\/mont-roig.cat\/wp-content\/uploads\/MM_ENCESA_MONTROIG-1-500x500.jpeg 500w, https:\/\/mont-roig.cat\/wp-content\/uploads\/MM_ENCESA_MONTROIG-1-768x768.jpeg 768w, https:\/\/mont-roig.cat\/wp-content\/uploads\/MM_ENCESA_MONTROIG-1-560x560.jpeg 560w, https:\/\/mont-roig.cat\/wp-content\/uploads\/MM_ENCESA_MONTROIG-1-367x367.jpeg 367w, https:\/\/mont-roig.cat\/wp-content\/uploads\/MM_ENCESA_MONTROIG-1-450x450.jpeg 450w, https:\/\/mont-roig.cat\/wp-content\/uploads\/MM_ENCESA_MONTROIG-1-85x85.jpeg 85w, https:\/\/mont-roig.cat\/wp-content\/uploads\/MM_ENCESA_MONTROIG-1-45x45.jpeg 45w\" sizes=\"auto, (max-width: 200px) 100vw, 200px\" \/><\/a><a href=\"https:\/\/mont-roig.cat\/wp-content\/uploads\/MM_ENCESA_MIAMI-1.jpeg\"><img loading=\"lazy\" decoding=\"async\" class=\"alignright wp-image-32559\" src=\"https:\/\/mont-roig.cat\/wp-content\/uploads\/MM_ENCESA_MIAMI-1.jpeg\" alt=\"\" width=\"200\" height=\"200\" srcset=\"https:\/\/mont-roig.cat\/wp-content\/uploads\/MM_ENCESA_MIAMI-1.jpeg 960w, https:\/\/mont-roig.cat\/wp-content\/uploads\/MM_ENCESA_MIAMI-1-50x50.jpeg 50w, https:\/\/mont-roig.cat\/wp-content\/uploads\/MM_ENCESA_MIAMI-1-500x500.jpeg 500w, https:\/\/mont-roig.cat\/wp-content\/uploads\/MM_ENCESA_MIAMI-1-768x768.jpeg 768w, https:\/\/mont-roig.cat\/wp-content\/uploads\/MM_ENCESA_MIAMI-1-560x560.jpeg 560w, https:\/\/mont-roig.cat\/wp-content\/uploads\/MM_ENCESA_MIAMI-1-367x367.jpeg 367w, https:\/\/mont-roig.cat\/wp-content\/uploads\/MM_ENCESA_MIAMI-1-450x450.jpeg 450w, https:\/\/mont-roig.cat\/wp-content\/uploads\/MM_ENCESA_MIAMI-1-85x85.jpeg 85w, https:\/\/mont-roig.cat\/wp-content\/uploads\/MM_ENCESA_MIAMI-1-45x45.jpeg 45w\" sizes=\"auto, (max-width: 200px) 100vw, 200px\" \/><\/a><span id=\"result_box\" class=\"\" lang=\"es\">La Navidad volver\u00e1 a lucir en Mont-roig y en Miami Platja a partir de este fin de semana con la puesta en marcha de la iluminaci\u00f3n navide\u00f1a. La programaci\u00f3n de actos <span class=\"\">se iniciar\u00e1 el s\u00e1bado<\/span> <span class=\"\">1 de diciembre<\/span><span class=\"\">, a las<\/span> <span class=\"\">19 h en la<\/span> plaza de Tarragona, con <span class=\"\">el encendido<\/span> <span class=\"\">del \u00e1rbol<\/span> en una propuesta que <span class=\"\">contar\u00e1<\/span> con la participaci\u00f3n del Coro Rociero Arena del Camino, el Club de R\u00edtmica de <span class=\"\">Miami<\/span> Platja y chocolate caliente. El acto de inauguraci\u00f3n de la Navidad se repetir\u00e1 <span class=\"\">el domingo, a<\/span> las 19 h en la plaza de Joan Mir\u00f3 que estar\u00e1 preparada para poner en marcha <span class=\"\">una<\/span> <span class=\"\">iluminaci\u00f3n<\/span> muy especial. El acto contar\u00e1 con la participaci\u00f3n del Aula de m\u00fasica <span class=\"\">Baptista<\/span> <span class=\"\">Nogu\u00e9s<\/span> y la Coral Sant Miquel de Mont-roig, adem\u00e1s de chocolate caliente <span class=\"\">para todos.<\/span><\/span><\/p>\n<p><span id=\"result_box\" class=\"\" lang=\"es\"><span class=\"\">Una<\/span> <span class=\"\">programaci\u00f3n en la que<\/span> destaca la cabalgata de Sus Majestades los Reyes Magos <span class=\"\">de Oriente<\/span>, que este a\u00f1o llegar\u00e1n con algunas novedades. Una de ellas son los caramelos, que ser\u00e1n blandos. Adem\u00e1s, las carrozas de Melchor, Gaspar y Baltasar de Miami Platja estar\u00e1n renovadas, despu\u00e9s de que el a\u00f1o pasado se renovaran tambi\u00e9n las de Mont-roig. En este caso el cortejo real contar\u00e1 con el acompa\u00f1amiento de personajes de fantas\u00eda. Todo ello para dar la bienvenida a los tres reyes y paje reales en una de las noches m\u00e1s m\u00e1gicas del a\u00f1o.<\/span><\/p>\n<p><span id=\"result_box\" class=\"\" lang=\"es\"><span class=\"\">Tambi\u00e9n es<\/span> <span class=\"\">novedad<\/span> que la tarde del 24 de diciembre Pap\u00e1 Noel pasar\u00e1 por Miami Platja y que el <span class=\"\">26 de diciembre<\/span> se programa cine infantil en el Centro Polivalente. Dos <span class=\"\">d\u00edas en los que<\/span> se ampl\u00eda <span class=\"\">la programaci\u00f3n<\/span> de este n\u00facleo consiguiendo que casi cada d\u00eda haya alguna propuesta, especialmente para <span class=\"\">los m\u00e1s peque\u00f1os de<\/span> <span class=\"\">casa<\/span><\/span>.<\/p>\n<p><span id=\"result_box\" class=\"\" lang=\"es\">En este sentido, algunas de las actividades pensadas principalmente para ellos son los parques infantiles, los talleres de cocina para peque\u00f1os chefs, espect\u00e1culos infantiles y musicales, t\u00edteres, as\u00ed como las recogidas de cartas, el ti\u00f3 popular o <span class=\"\">la llegada<\/span> <span class=\"\">de l&#8217;home dels nassos.<br \/>\n<\/span><\/span><\/p>\n<p><span id=\"result_box\" class=\"\" lang=\"es\">En cuanto a los j\u00f3venes tambi\u00e9n tienen una serie de actos para divertirse estas fiestas como un taller de reposter\u00eda navide\u00f1a, otro <span class=\"\">de<\/span> decoraci\u00f3n navide\u00f1a con productos reciclados y torneos de ping-pong y <span class=\"\">futbol\u00edn<\/span><\/span>.<\/p>\n<p><span id=\"result_box\" class=\"\" lang=\"es\">Adem\u00e1s, las bibliotecas municipales ponen en marcha una serie de sesiones <span class=\"\">de cuentos<\/span> de Navidad, recitales de poemas y talleres ambientados con <span class=\"\">estas fechas<\/span><\/span>.<\/p>\n<p><span id=\"result_box\" class=\"\" lang=\"es\">Tampoco faltar\u00e1n los mercados de Navidad y las iniciativas comerciales como La ruta del Caganer <span class=\"\">de Mont-roig <\/span>o el sorteo de 1.000 euros que har\u00e1n los comercios de Miami Platja. <span class=\"\">Una<\/span> <span class=\"\">programaci\u00f3n que<\/span> incluye tambi\u00e9n las verbenas de Fin de A\u00f1o y de Pre-<span class=\"\">Fin de A\u00f1o<\/span> para dar <span class=\"\">la bienvenida al<\/span> <span class=\"\">2019,<\/span> <span class=\"\">el primer<\/span> ba\u00f1o del a\u00f1o o la ya esperada <span class=\"\">carrera<\/span> <span class=\"\">Crema<\/span> <span class=\"\">Torrons <\/span>que <span class=\"\">servir\u00e1 para cerrar<\/span> m\u00e1s de setenta de actividades<\/span>.<\/p>\n<p><strong>La participaci\u00f3n de les entidades<\/strong><\/p>\n<p><span id=\"result_box\" class=\"\" lang=\"es\">Un a\u00f1o m\u00e1s, las entidades y asociaciones del municipio se han vuelto a implicar <span class=\"\">en la organizaci\u00f3n<\/span> <span class=\"\">de numerosas<\/span> actividades que se presentan esta Navidad. Fruto de este esfuerzo <span class=\"\">surgen<\/span> <span class=\"\">diferentes<\/span> <span class=\"\">actos<\/span>, como los festivales de Navidad, la cursa Gall Dindi, la cursa <span class=\"\">dels Nassos<\/span>, los <span class=\"\">belenes<\/span> vivientes, as\u00ed como actividades para recaudar fondos <span class=\"\">para la<\/span> Marat\u00f3 de TV3, <span class=\"\">entre otros<\/span><\/span>.<\/p>\n<p><strong>Concurso de Belenes<\/strong><\/p>\n<p><span id=\"result_box\" class=\"\" lang=\"es\"><span class=\"\">Y<\/span> como ya es tradicional desde el Ayuntamiento se invita a todos a participar en <span class=\"\">el Concurso<\/span> <span class=\"\">de Belenes.<\/span> Una iniciativa que premia los belenes familiares m\u00e1s originales, <span class=\"\">art\u00edsticos<\/span> y elaborados, as\u00ed como los belenes juveniles e infantiles. Las inscripciones ya est\u00e1n abiertas y se pueden hacer hasta el 12 de diciembre. La entrega de premios ser\u00e1 el 3 de enero<\/span>.<\/p>\n<p>Consulta toda la programaci\u00f3n clicando en las siguientes imagenes:<\/p>\n<p><a href=\"https:\/\/mont-roig.cat\/wp-content\/uploads\/Programa-Nadal-2018-Mont-roig.pdf\" target=\"_blank\" rel=\"noopener\"><img loading=\"lazy\" decoding=\"async\" class=\"alignnone wp-image-32565\" src=\"https:\/\/mont-roig.cat\/wp-content\/uploads\/Programa-Nadal-2018-Mont-roig_P\u00e1gina_1.jpg\" alt=\"\" width=\"200\" height=\"100\" srcset=\"https:\/\/mont-roig.cat\/wp-content\/uploads\/Programa-Nadal-2018-Mont-roig_P\u00e1gina_1.jpg 1654w, https:\/\/mont-roig.cat\/wp-content\/uploads\/Programa-Nadal-2018-Mont-roig_P\u00e1gina_1-500x250.jpg 500w, https:\/\/mont-roig.cat\/wp-content\/uploads\/Programa-Nadal-2018-Mont-roig_P\u00e1gina_1-768x384.jpg 768w, https:\/\/mont-roig.cat\/wp-content\/uploads\/Programa-Nadal-2018-Mont-roig_P\u00e1gina_1-1024x512.jpg 1024w\" sizes=\"auto, (max-width: 200px) 100vw, 200px\" \/><\/a> <a href=\"https:\/\/mont-roig.cat\/wp-content\/uploads\/Programa-Nadal-2018-Miami-Platja.pdf\" target=\"_blank\" rel=\"noopener\"><img loading=\"lazy\" decoding=\"async\" class=\"alignnone wp-image-32563\" src=\"https:\/\/mont-roig.cat\/wp-content\/uploads\/Programa-Nadal-2018-Miami-Platja_P\u00e1gina_1.jpg\" alt=\"\" width=\"200\" height=\"100\" srcset=\"https:\/\/mont-roig.cat\/wp-content\/uploads\/Programa-Nadal-2018-Miami-Platja_P\u00e1gina_1.jpg 1654w, https:\/\/mont-roig.cat\/wp-content\/uploads\/Programa-Nadal-2018-Miami-Platja_P\u00e1gina_1-500x250.jpg 500w, https:\/\/mont-roig.cat\/wp-content\/uploads\/Programa-Nadal-2018-Miami-Platja_P\u00e1gina_1-768x384.jpg 768w, https:\/\/mont-roig.cat\/wp-content\/uploads\/Programa-Nadal-2018-Miami-Platja_P\u00e1gina_1-1024x512.jpg 1024w\" sizes=\"auto, (max-width: 200px) 100vw, 200px\" \/><\/a><\/p>\n<p><u><a title=\"NADAL 2018\" href=\"https:\/\/mont-roig.cat\/wp-content\/uploads\/BASES-CONCURS-DE-PESSEBRES-2018.pdf\" target=\"_blank\" rel=\"noopener\" data-wpel-link=\"internal\">Bases Concurso de Belenes 2018<\/a><\/u><\/p>\n","protected":false},"excerpt":{"rendered":"<p>Las encendidas del \u00e1rbol y las luces navide\u00f1as, que tendr\u00e1n lugar los d\u00edas 1 y 2 de diciembre, servir\u00e1n para inaugurar la Navidad en el municipio La Navidad volver\u00e1 a lucir en Mont-roig y en Miami Platja a partir de este fin de semana con la puesta en marcha de la iluminaci\u00f3n navide\u00f1a. La programaci\u00f3n [&hellip;]<\/p>\n","protected":false},"author":4,"featured_media":32272,"comment_status":"closed","ping_status":"closed","sticky":false,"template":"","format":"standard","meta":{"inline_featured_image":false,"_monsterinsights_skip_tracking":false,"_monsterinsights_sitenote_active":false,"_monsterinsights_sitenote_note":"","_monsterinsights_sitenote_category":0,"footnotes":""},"categories":[71],"tags":[],"class_list":["post-32570","post","type-post","status-publish","format-standard","has-post-thumbnail","hentry","category-general-es"],"yoast_head":"<!-- This site is optimized with the Yoast SEO plugin v27.4 - https:\/\/yoast.com\/product\/yoast-seo-wordpress\/ -->\n<title>Mont-roig y Miami Platja lucir\u00e1n la Navidad a partir del s\u00e1bado - Ajuntament de Mont-roig del Camp<\/title>\n<meta name=\"robots\" content=\"index, follow, max-snippet:-1, max-image-preview:large, max-video-preview:-1\" \/>\n<link rel=\"canonical\" href=\"https:\/\/mont-roig.cat\/es\/actualitat\/noticies\/mont-roig-y-miami-platja-luciran-la-navidad-a-partir-del-sabado\/\" \/>\n<meta property=\"og:locale\" content=\"es_ES\" \/>\n<meta property=\"og:type\" content=\"article\" \/>\n<meta property=\"og:title\" content=\"Mont-roig y Miami Platja lucir\u00e1n la Navidad a partir del s\u00e1bado - Ajuntament de Mont-roig del Camp\" \/>\n<meta property=\"og:description\" content=\"Las encendidas del \u00e1rbol y las luces navide\u00f1as, que tendr\u00e1n lugar los d\u00edas 1 y 2 de diciembre, servir\u00e1n para inaugurar la Navidad en el municipio La Navidad volver\u00e1 a lucir en Mont-roig y en Miami Platja a partir de este fin de semana con la puesta en marcha de la iluminaci\u00f3n navide\u00f1a. La programaci\u00f3n [&hellip;]\" \/>\n<meta property=\"og:url\" content=\"https:\/\/mont-roig.cat\/es\/actualitat\/noticies\/mont-roig-y-miami-platja-luciran-la-navidad-a-partir-del-sabado\/\" \/>\n<meta property=\"og:site_name\" content=\"Ajuntament de Mont-roig del Camp\" \/>\n<meta property=\"article:published_time\" content=\"2018-11-28T07:09:05+00:00\" \/>\n<meta property=\"article:modified_time\" content=\"2018-12-05T10:32:17+00:00\" \/>\n<meta property=\"og:image\" content=\"https:\/\/mont-roig.cat\/wp-content\/uploads\/MM_GENERIC_NADAL2018.jpeg\" \/>\n\t<meta property=\"og:image:width\" content=\"960\" \/>\n\t<meta property=\"og:image:height\" content=\"960\" \/>\n\t<meta property=\"og:image:type\" content=\"image\/jpeg\" \/>\n<meta name=\"author\" content=\"administrador\" \/>\n<meta name=\"twitter:card\" content=\"summary_large_image\" \/>\n<meta name=\"twitter:label1\" content=\"Escrito por\" \/>\n\t<meta name=\"twitter:data1\" content=\"administrador\" \/>\n\t<meta name=\"twitter:label2\" content=\"Tiempo de lectura\" \/>\n\t<meta name=\"twitter:data2\" content=\"3 minutos\" \/>\n<script type=\"application\/ld+json\" class=\"yoast-schema-graph\">{\"@context\":\"https:\\\/\\\/schema.org\",\"@graph\":[{\"@type\":\"Article\",\"@id\":\"https:\\\/\\\/mont-roig.cat\\\/es\\\/actualitat\\\/noticies\\\/mont-roig-y-miami-platja-luciran-la-navidad-a-partir-del-sabado\\\/#article\",\"isPartOf\":{\"@id\":\"https:\\\/\\\/mont-roig.cat\\\/es\\\/actualitat\\\/noticies\\\/mont-roig-y-miami-platja-luciran-la-navidad-a-partir-del-sabado\\\/\"},\"author\":{\"name\":\"administrador\",\"@id\":\"https:\\\/\\\/mont-roig.cat\\\/es\\\/#\\\/schema\\\/person\\\/f2b111789f22b7d0c3bd6786c9128cba\"},\"headline\":\"Mont-roig y Miami Platja lucir\u00e1n la Navidad a partir del s\u00e1bado\",\"datePublished\":\"2018-11-28T07:09:05+00:00\",\"dateModified\":\"2018-12-05T10:32:17+00:00\",\"mainEntityOfPage\":{\"@id\":\"https:\\\/\\\/mont-roig.cat\\\/es\\\/actualitat\\\/noticies\\\/mont-roig-y-miami-platja-luciran-la-navidad-a-partir-del-sabado\\\/\"},\"wordCount\":694,\"image\":{\"@id\":\"https:\\\/\\\/mont-roig.cat\\\/es\\\/actualitat\\\/noticies\\\/mont-roig-y-miami-platja-luciran-la-navidad-a-partir-del-sabado\\\/#primaryimage\"},\"thumbnailUrl\":\"https:\\\/\\\/mont-roig.cat\\\/wp-content\\\/uploads\\\/MM_GENERIC_NADAL2018.jpeg\",\"articleSection\":[\"General\"],\"inLanguage\":\"es\"},{\"@type\":\"WebPage\",\"@id\":\"https:\\\/\\\/mont-roig.cat\\\/es\\\/actualitat\\\/noticies\\\/mont-roig-y-miami-platja-luciran-la-navidad-a-partir-del-sabado\\\/\",\"url\":\"https:\\\/\\\/mont-roig.cat\\\/es\\\/actualitat\\\/noticies\\\/mont-roig-y-miami-platja-luciran-la-navidad-a-partir-del-sabado\\\/\",\"name\":\"Mont-roig y Miami Platja lucir\u00e1n la Navidad a partir del s\u00e1bado - Ajuntament de Mont-roig del Camp\",\"isPartOf\":{\"@id\":\"https:\\\/\\\/mont-roig.cat\\\/es\\\/#website\"},\"primaryImageOfPage\":{\"@id\":\"https:\\\/\\\/mont-roig.cat\\\/es\\\/actualitat\\\/noticies\\\/mont-roig-y-miami-platja-luciran-la-navidad-a-partir-del-sabado\\\/#primaryimage\"},\"image\":{\"@id\":\"https:\\\/\\\/mont-roig.cat\\\/es\\\/actualitat\\\/noticies\\\/mont-roig-y-miami-platja-luciran-la-navidad-a-partir-del-sabado\\\/#primaryimage\"},\"thumbnailUrl\":\"https:\\\/\\\/mont-roig.cat\\\/wp-content\\\/uploads\\\/MM_GENERIC_NADAL2018.jpeg\",\"datePublished\":\"2018-11-28T07:09:05+00:00\",\"dateModified\":\"2018-12-05T10:32:17+00:00\",\"author\":{\"@id\":\"https:\\\/\\\/mont-roig.cat\\\/es\\\/#\\\/schema\\\/person\\\/f2b111789f22b7d0c3bd6786c9128cba\"},\"breadcrumb\":{\"@id\":\"https:\\\/\\\/mont-roig.cat\\\/es\\\/actualitat\\\/noticies\\\/mont-roig-y-miami-platja-luciran-la-navidad-a-partir-del-sabado\\\/#breadcrumb\"},\"inLanguage\":\"es\",\"potentialAction\":[{\"@type\":\"ReadAction\",\"target\":[\"https:\\\/\\\/mont-roig.cat\\\/es\\\/actualitat\\\/noticies\\\/mont-roig-y-miami-platja-luciran-la-navidad-a-partir-del-sabado\\\/\"]}]},{\"@type\":\"ImageObject\",\"inLanguage\":\"es\",\"@id\":\"https:\\\/\\\/mont-roig.cat\\\/es\\\/actualitat\\\/noticies\\\/mont-roig-y-miami-platja-luciran-la-navidad-a-partir-del-sabado\\\/#primaryimage\",\"url\":\"https:\\\/\\\/mont-roig.cat\\\/wp-content\\\/uploads\\\/MM_GENERIC_NADAL2018.jpeg\",\"contentUrl\":\"https:\\\/\\\/mont-roig.cat\\\/wp-content\\\/uploads\\\/MM_GENERIC_NADAL2018.jpeg\",\"width\":960,\"height\":960},{\"@type\":\"BreadcrumbList\",\"@id\":\"https:\\\/\\\/mont-roig.cat\\\/es\\\/actualitat\\\/noticies\\\/mont-roig-y-miami-platja-luciran-la-navidad-a-partir-del-sabado\\\/#breadcrumb\",\"itemListElement\":[{\"@type\":\"ListItem\",\"position\":1,\"name\":\"Inici\",\"item\":\"https:\\\/\\\/mont-roig.cat\\\/es\\\/pagina-de-inicio\\\/\"},{\"@type\":\"ListItem\",\"position\":2,\"name\":\"Mont-roig y Miami Platja lucir\u00e1n la Navidad a partir del s\u00e1bado\"}]},{\"@type\":\"WebSite\",\"@id\":\"https:\\\/\\\/mont-roig.cat\\\/es\\\/#website\",\"url\":\"https:\\\/\\\/mont-roig.cat\\\/es\\\/\",\"name\":\"Ajuntament de Mont-roig del Camp\",\"description\":\"Tota la informaci\u00f3 sobre la instituci\u00f3, els seus \u00f2rgans de govern, actualitat, serveis i molt m\u00e9s.\",\"potentialAction\":[{\"@type\":\"SearchAction\",\"target\":{\"@type\":\"EntryPoint\",\"urlTemplate\":\"https:\\\/\\\/mont-roig.cat\\\/es\\\/?s={search_term_string}\"},\"query-input\":{\"@type\":\"PropertyValueSpecification\",\"valueRequired\":true,\"valueName\":\"search_term_string\"}}],\"inLanguage\":\"es\"},{\"@type\":\"Person\",\"@id\":\"https:\\\/\\\/mont-roig.cat\\\/es\\\/#\\\/schema\\\/person\\\/f2b111789f22b7d0c3bd6786c9128cba\",\"name\":\"administrador\",\"image\":{\"@type\":\"ImageObject\",\"inLanguage\":\"es\",\"@id\":\"https:\\\/\\\/secure.gravatar.com\\\/avatar\\\/9137aac6891e2595c9d3036fd83bcb653b4db3c946db4c7d9b9be193c3c944bb?s=96&d=mm&r=g\",\"url\":\"https:\\\/\\\/secure.gravatar.com\\\/avatar\\\/9137aac6891e2595c9d3036fd83bcb653b4db3c946db4c7d9b9be193c3c944bb?s=96&d=mm&r=g\",\"contentUrl\":\"https:\\\/\\\/secure.gravatar.com\\\/avatar\\\/9137aac6891e2595c9d3036fd83bcb653b4db3c946db4c7d9b9be193c3c944bb?s=96&d=mm&r=g\",\"caption\":\"administrador\"},\"url\":\"https:\\\/\\\/mont-roig.cat\\\/es\\\/actualitat\\\/noticies\\\/author\\\/administrador\\\/\"}]}<\/script>\n<!-- \/ Yoast SEO plugin. -->","yoast_head_json":{"title":"Mont-roig y Miami Platja lucir\u00e1n la Navidad a partir del s\u00e1bado - Ajuntament de Mont-roig del Camp","robots":{"index":"index","follow":"follow","max-snippet":"max-snippet:-1","max-image-preview":"max-image-preview:large","max-video-preview":"max-video-preview:-1"},"canonical":"https:\/\/mont-roig.cat\/es\/actualitat\/noticies\/mont-roig-y-miami-platja-luciran-la-navidad-a-partir-del-sabado\/","og_locale":"es_ES","og_type":"article","og_title":"Mont-roig y Miami Platja lucir\u00e1n la Navidad a partir del s\u00e1bado - Ajuntament de Mont-roig del Camp","og_description":"Las encendidas del \u00e1rbol y las luces navide\u00f1as, que tendr\u00e1n lugar los d\u00edas 1 y 2 de diciembre, servir\u00e1n para inaugurar la Navidad en el municipio La Navidad volver\u00e1 a lucir en Mont-roig y en Miami Platja a partir de este fin de semana con la puesta en marcha de la iluminaci\u00f3n navide\u00f1a. La programaci\u00f3n [&hellip;]","og_url":"https:\/\/mont-roig.cat\/es\/actualitat\/noticies\/mont-roig-y-miami-platja-luciran-la-navidad-a-partir-del-sabado\/","og_site_name":"Ajuntament de Mont-roig del Camp","article_published_time":"2018-11-28T07:09:05+00:00","article_modified_time":"2018-12-05T10:32:17+00:00","og_image":[{"width":960,"height":960,"url":"https:\/\/mont-roig.cat\/wp-content\/uploads\/MM_GENERIC_NADAL2018.jpeg","type":"image\/jpeg"}],"author":"administrador","twitter_card":"summary_large_image","twitter_misc":{"Escrito por":"administrador","Tiempo de lectura":"3 minutos"},"schema":{"@context":"https:\/\/schema.org","@graph":[{"@type":"Article","@id":"https:\/\/mont-roig.cat\/es\/actualitat\/noticies\/mont-roig-y-miami-platja-luciran-la-navidad-a-partir-del-sabado\/#article","isPartOf":{"@id":"https:\/\/mont-roig.cat\/es\/actualitat\/noticies\/mont-roig-y-miami-platja-luciran-la-navidad-a-partir-del-sabado\/"},"author":{"name":"administrador","@id":"https:\/\/mont-roig.cat\/es\/#\/schema\/person\/f2b111789f22b7d0c3bd6786c9128cba"},"headline":"Mont-roig y Miami Platja lucir\u00e1n la Navidad a partir del s\u00e1bado","datePublished":"2018-11-28T07:09:05+00:00","dateModified":"2018-12-05T10:32:17+00:00","mainEntityOfPage":{"@id":"https:\/\/mont-roig.cat\/es\/actualitat\/noticies\/mont-roig-y-miami-platja-luciran-la-navidad-a-partir-del-sabado\/"},"wordCount":694,"image":{"@id":"https:\/\/mont-roig.cat\/es\/actualitat\/noticies\/mont-roig-y-miami-platja-luciran-la-navidad-a-partir-del-sabado\/#primaryimage"},"thumbnailUrl":"https:\/\/mont-roig.cat\/wp-content\/uploads\/MM_GENERIC_NADAL2018.jpeg","articleSection":["General"],"inLanguage":"es"},{"@type":"WebPage","@id":"https:\/\/mont-roig.cat\/es\/actualitat\/noticies\/mont-roig-y-miami-platja-luciran-la-navidad-a-partir-del-sabado\/","url":"https:\/\/mont-roig.cat\/es\/actualitat\/noticies\/mont-roig-y-miami-platja-luciran-la-navidad-a-partir-del-sabado\/","name":"Mont-roig y Miami Platja lucir\u00e1n la Navidad a partir del s\u00e1bado - Ajuntament de Mont-roig del Camp","isPartOf":{"@id":"https:\/\/mont-roig.cat\/es\/#website"},"primaryImageOfPage":{"@id":"https:\/\/mont-roig.cat\/es\/actualitat\/noticies\/mont-roig-y-miami-platja-luciran-la-navidad-a-partir-del-sabado\/#primaryimage"},"image":{"@id":"https:\/\/mont-roig.cat\/es\/actualitat\/noticies\/mont-roig-y-miami-platja-luciran-la-navidad-a-partir-del-sabado\/#primaryimage"},"thumbnailUrl":"https:\/\/mont-roig.cat\/wp-content\/uploads\/MM_GENERIC_NADAL2018.jpeg","datePublished":"2018-11-28T07:09:05+00:00","dateModified":"2018-12-05T10:32:17+00:00","author":{"@id":"https:\/\/mont-roig.cat\/es\/#\/schema\/person\/f2b111789f22b7d0c3bd6786c9128cba"},"breadcrumb":{"@id":"https:\/\/mont-roig.cat\/es\/actualitat\/noticies\/mont-roig-y-miami-platja-luciran-la-navidad-a-partir-del-sabado\/#breadcrumb"},"inLanguage":"es","potentialAction":[{"@type":"ReadAction","target":["https:\/\/mont-roig.cat\/es\/actualitat\/noticies\/mont-roig-y-miami-platja-luciran-la-navidad-a-partir-del-sabado\/"]}]},{"@type":"ImageObject","inLanguage":"es","@id":"https:\/\/mont-roig.cat\/es\/actualitat\/noticies\/mont-roig-y-miami-platja-luciran-la-navidad-a-partir-del-sabado\/#primaryimage","url":"https:\/\/mont-roig.cat\/wp-content\/uploads\/MM_GENERIC_NADAL2018.jpeg","contentUrl":"https:\/\/mont-roig.cat\/wp-content\/uploads\/MM_GENERIC_NADAL2018.jpeg","width":960,"height":960},{"@type":"BreadcrumbList","@id":"https:\/\/mont-roig.cat\/es\/actualitat\/noticies\/mont-roig-y-miami-platja-luciran-la-navidad-a-partir-del-sabado\/#breadcrumb","itemListElement":[{"@type":"ListItem","position":1,"name":"Inici","item":"https:\/\/mont-roig.cat\/es\/pagina-de-inicio\/"},{"@type":"ListItem","position":2,"name":"Mont-roig y Miami Platja lucir\u00e1n la Navidad a partir del s\u00e1bado"}]},{"@type":"WebSite","@id":"https:\/\/mont-roig.cat\/es\/#website","url":"https:\/\/mont-roig.cat\/es\/","name":"Ajuntament de Mont-roig del Camp","description":"Tota la informaci\u00f3 sobre la instituci\u00f3, els seus \u00f2rgans de govern, actualitat, serveis i molt m\u00e9s.","potentialAction":[{"@type":"SearchAction","target":{"@type":"EntryPoint","urlTemplate":"https:\/\/mont-roig.cat\/es\/?s={search_term_string}"},"query-input":{"@type":"PropertyValueSpecification","valueRequired":true,"valueName":"search_term_string"}}],"inLanguage":"es"},{"@type":"Person","@id":"https:\/\/mont-roig.cat\/es\/#\/schema\/person\/f2b111789f22b7d0c3bd6786c9128cba","name":"administrador","image":{"@type":"ImageObject","inLanguage":"es","@id":"https:\/\/secure.gravatar.com\/avatar\/9137aac6891e2595c9d3036fd83bcb653b4db3c946db4c7d9b9be193c3c944bb?s=96&d=mm&r=g","url":"https:\/\/secure.gravatar.com\/avatar\/9137aac6891e2595c9d3036fd83bcb653b4db3c946db4c7d9b9be193c3c944bb?s=96&d=mm&r=g","contentUrl":"https:\/\/secure.gravatar.com\/avatar\/9137aac6891e2595c9d3036fd83bcb653b4db3c946db4c7d9b9be193c3c944bb?s=96&d=mm&r=g","caption":"administrador"},"url":"https:\/\/mont-roig.cat\/es\/actualitat\/noticies\/author\/administrador\/"}]}},"_links":{"self":[{"href":"https:\/\/mont-roig.cat\/es\/wp-json\/wp\/v2\/posts\/32570","targetHints":{"allow":["GET"]}}],"collection":[{"href":"https:\/\/mont-roig.cat\/es\/wp-json\/wp\/v2\/posts"}],"about":[{"href":"https:\/\/mont-roig.cat\/es\/wp-json\/wp\/v2\/types\/post"}],"author":[{"embeddable":true,"href":"https:\/\/mont-roig.cat\/es\/wp-json\/wp\/v2\/users\/4"}],"replies":[{"embeddable":true,"href":"https:\/\/mont-roig.cat\/es\/wp-json\/wp\/v2\/comments?post=32570"}],"version-history":[{"count":4,"href":"https:\/\/mont-roig.cat\/es\/wp-json\/wp\/v2\/posts\/32570\/revisions"}],"predecessor-version":[{"id":32768,"href":"https:\/\/mont-roig.cat\/es\/wp-json\/wp\/v2\/posts\/32570\/revisions\/32768"}],"wp:featuredmedia":[{"embeddable":true,"href":"https:\/\/mont-roig.cat\/es\/wp-json\/wp\/v2\/media\/32272"}],"wp:attachment":[{"href":"https:\/\/mont-roig.cat\/es\/wp-json\/wp\/v2\/media?parent=32570"}],"wp:term":[{"taxonomy":"category","embeddable":true,"href":"https:\/\/mont-roig.cat\/es\/wp-json\/wp\/v2\/categories?post=32570"},{"taxonomy":"post_tag","embeddable":true,"href":"https:\/\/mont-roig.cat\/es\/wp-json\/wp\/v2\/tags?post=32570"}],"curies":[{"name":"wp","href":"https:\/\/api.w.org\/{rel}","templated":true}]}}