{"id":32709,"date":"2018-12-03T13:23:59","date_gmt":"2018-12-03T12:23:59","guid":{"rendered":"https:\/\/mont-roig.cat\/?p=32709"},"modified":"2018-12-03T13:23:59","modified_gmt":"2018-12-03T12:23:59","slug":"los-gegants-de-la-vila-roc-y-barbara-en-una-exposicion-en-sant-andreu-de-palomar-barcelona","status":"publish","type":"post","link":"https:\/\/mont-roig.cat\/es\/actualitat\/noticies\/los-gegants-de-la-vila-roc-y-barbara-en-una-exposicion-en-sant-andreu-de-palomar-barcelona\/","title":{"rendered":"Los Gegants de la Vila, Roc y B\u00e0rbara, en una exposici\u00f3n en Sant Andreu de Palomar (Barcelona)"},"content":{"rendered":"<ul>\n<li><strong><a href=\"https:\/\/mont-roig.cat\/wp-content\/uploads\/aa8d8d81-85b6-4b23-8a81-6be0d4830e5d.jpg\"><img loading=\"lazy\" decoding=\"async\" class=\"alignright wp-image-32707\" src=\"https:\/\/mont-roig.cat\/wp-content\/uploads\/aa8d8d81-85b6-4b23-8a81-6be0d4830e5d.jpg\" alt=\"\" width=\"313\" height=\"234\" srcset=\"https:\/\/mont-roig.cat\/wp-content\/uploads\/aa8d8d81-85b6-4b23-8a81-6be0d4830e5d.jpg 1334w, https:\/\/mont-roig.cat\/wp-content\/uploads\/aa8d8d81-85b6-4b23-8a81-6be0d4830e5d-500x375.jpg 500w, https:\/\/mont-roig.cat\/wp-content\/uploads\/aa8d8d81-85b6-4b23-8a81-6be0d4830e5d-768x576.jpg 768w, https:\/\/mont-roig.cat\/wp-content\/uploads\/aa8d8d81-85b6-4b23-8a81-6be0d4830e5d-1024x768.jpg 1024w, https:\/\/mont-roig.cat\/wp-content\/uploads\/aa8d8d81-85b6-4b23-8a81-6be0d4830e5d-463x348.jpg 463w\" sizes=\"auto, (max-width: 313px) 100vw, 313px\" \/><\/a>Hasta el pr\u00f3ximo d\u00eda 9 de diciembre se puede visitar la exposici\u00f3n sobre la trayectoria del Taller Ingenio y el escultor Llu\u00eds Sabadell, que construy\u00f3 las dos figuras.<\/strong><\/li>\n<\/ul>\n<p>La pareja de Gegants de la Vila de Mont-roig del Camp, Roc y B\u00e0rbara, forman parte de la exposici\u00f3n sobre la trayectoria del Taller Ingenio y especialmente sobre la figura del escultor Llu\u00eds Sabadell i Arnau que se inaugur\u00f3 el pasado jueves y que se podr\u00e1 ver hasta el pr\u00f3ximo jueves 9 de diciembre en el Espai Zero de la Fabra i Coats de Sant Andreu del Palomar, en el distrito de Sant Andreu de Barcelona.<\/p>\n\n\t\t<style type=\"text\/css\">\n\t\t\t#gallery-1 {\n\t\t\t\tmargin: auto;\n\t\t\t}\n\t\t\t#gallery-1 .gallery-item {\n\t\t\t\tfloat: left;\n\t\t\t\tmargin-top: 10px;\n\t\t\t\ttext-align: center;\n\t\t\t\twidth: 50%;\n\t\t\t}\n\t\t\t#gallery-1 img {\n\t\t\t\tborder: 2px solid #cfcfcf;\n\t\t\t}\n\t\t\t#gallery-1 .gallery-caption {\n\t\t\t\tmargin-left: 0;\n\t\t\t}\n\t\t\t\/* see gallery_shortcode() in wp-includes\/media.php *\/\n\t\t<\/style>\n\t\t<div id='gallery-1' class='gallery galleryid-32709 gallery-columns-2 gallery-size-medium'><dl class='gallery-item'>\n\t\t\t<dt class='gallery-icon landscape'>\n\t\t\t\t<a href='https:\/\/mont-roig.cat\/es\/actualitat\/noticies\/los-gegants-de-la-vila-roc-y-barbara-en-una-exposicion-en-sant-andreu-de-palomar-barcelona\/aa8d8d81-85b6-4b23-8a81-6be0d4830e5d-2\/'><img loading=\"lazy\" decoding=\"async\" width=\"500\" height=\"375\" src=\"https:\/\/mont-roig.cat\/wp-content\/uploads\/aa8d8d81-85b6-4b23-8a81-6be0d4830e5d-500x375.jpg\" class=\"attachment-medium size-medium\" alt=\"\" srcset=\"https:\/\/mont-roig.cat\/wp-content\/uploads\/aa8d8d81-85b6-4b23-8a81-6be0d4830e5d-500x375.jpg 500w, https:\/\/mont-roig.cat\/wp-content\/uploads\/aa8d8d81-85b6-4b23-8a81-6be0d4830e5d-768x576.jpg 768w, https:\/\/mont-roig.cat\/wp-content\/uploads\/aa8d8d81-85b6-4b23-8a81-6be0d4830e5d-1024x768.jpg 1024w, https:\/\/mont-roig.cat\/wp-content\/uploads\/aa8d8d81-85b6-4b23-8a81-6be0d4830e5d-463x348.jpg 463w, https:\/\/mont-roig.cat\/wp-content\/uploads\/aa8d8d81-85b6-4b23-8a81-6be0d4830e5d.jpg 1334w\" sizes=\"auto, (max-width: 500px) 100vw, 500px\" \/><\/a>\n\t\t\t<\/dt><\/dl><dl class='gallery-item'>\n\t\t\t<dt class='gallery-icon landscape'>\n\t\t\t\t<a href='https:\/\/mont-roig.cat\/es\/actualitat\/noticies\/los-gegants-de-la-vila-roc-y-barbara-en-una-exposicion-en-sant-andreu-de-palomar-barcelona\/cb7da972-8b02-47d4-a05e-1e2a3dd848c9-2\/'><img loading=\"lazy\" decoding=\"async\" width=\"500\" height=\"375\" src=\"https:\/\/mont-roig.cat\/wp-content\/uploads\/cb7da972-8b02-47d4-a05e-1e2a3dd848c9-500x375.jpg\" class=\"attachment-medium size-medium\" alt=\"\" srcset=\"https:\/\/mont-roig.cat\/wp-content\/uploads\/cb7da972-8b02-47d4-a05e-1e2a3dd848c9-500x375.jpg 500w, https:\/\/mont-roig.cat\/wp-content\/uploads\/cb7da972-8b02-47d4-a05e-1e2a3dd848c9-768x576.jpg 768w, https:\/\/mont-roig.cat\/wp-content\/uploads\/cb7da972-8b02-47d4-a05e-1e2a3dd848c9-1024x768.jpg 1024w, https:\/\/mont-roig.cat\/wp-content\/uploads\/cb7da972-8b02-47d4-a05e-1e2a3dd848c9-463x348.jpg 463w, https:\/\/mont-roig.cat\/wp-content\/uploads\/cb7da972-8b02-47d4-a05e-1e2a3dd848c9.jpg 1334w\" sizes=\"auto, (max-width: 500px) 100vw, 500px\" \/><\/a>\n\t\t\t<\/dt><\/dl><br style=\"clear: both\" \/><dl class='gallery-item'>\n\t\t\t<dt class='gallery-icon landscape'>\n\t\t\t\t<a href='https:\/\/mont-roig.cat\/es\/actualitat\/noticies\/los-gegants-de-la-vila-roc-y-barbara-en-una-exposicion-en-sant-andreu-de-palomar-barcelona\/39705bf3-929e-43e1-93ed-c7582d98f039-2\/'><img loading=\"lazy\" decoding=\"async\" width=\"500\" height=\"375\" src=\"https:\/\/mont-roig.cat\/wp-content\/uploads\/39705bf3-929e-43e1-93ed-c7582d98f039-500x375.jpg\" class=\"attachment-medium size-medium\" alt=\"\" srcset=\"https:\/\/mont-roig.cat\/wp-content\/uploads\/39705bf3-929e-43e1-93ed-c7582d98f039-500x375.jpg 500w, https:\/\/mont-roig.cat\/wp-content\/uploads\/39705bf3-929e-43e1-93ed-c7582d98f039-768x576.jpg 768w, https:\/\/mont-roig.cat\/wp-content\/uploads\/39705bf3-929e-43e1-93ed-c7582d98f039-1024x768.jpg 1024w, https:\/\/mont-roig.cat\/wp-content\/uploads\/39705bf3-929e-43e1-93ed-c7582d98f039-463x348.jpg 463w, https:\/\/mont-roig.cat\/wp-content\/uploads\/39705bf3-929e-43e1-93ed-c7582d98f039.jpg 1334w\" sizes=\"auto, (max-width: 500px) 100vw, 500px\" \/><\/a>\n\t\t\t<\/dt><\/dl><dl class='gallery-item'>\n\t\t\t<dt class='gallery-icon landscape'>\n\t\t\t\t<a href='https:\/\/mont-roig.cat\/es\/actualitat\/noticies\/los-gegants-de-la-vila-roc-y-barbara-en-una-exposicion-en-sant-andreu-de-palomar-barcelona\/59ed18bb-6142-4666-8166-cb78a3f34fdd-2-2\/'><img loading=\"lazy\" decoding=\"async\" width=\"500\" height=\"375\" src=\"https:\/\/mont-roig.cat\/wp-content\/uploads\/59ed18bb-6142-4666-8166-cb78a3f34fdd-1-500x375.jpg\" class=\"attachment-medium size-medium\" alt=\"\" srcset=\"https:\/\/mont-roig.cat\/wp-content\/uploads\/59ed18bb-6142-4666-8166-cb78a3f34fdd-1-500x375.jpg 500w, https:\/\/mont-roig.cat\/wp-content\/uploads\/59ed18bb-6142-4666-8166-cb78a3f34fdd-1-768x576.jpg 768w, https:\/\/mont-roig.cat\/wp-content\/uploads\/59ed18bb-6142-4666-8166-cb78a3f34fdd-1-1024x768.jpg 1024w, https:\/\/mont-roig.cat\/wp-content\/uploads\/59ed18bb-6142-4666-8166-cb78a3f34fdd-1-463x348.jpg 463w, https:\/\/mont-roig.cat\/wp-content\/uploads\/59ed18bb-6142-4666-8166-cb78a3f34fdd-1.jpg 1334w\" sizes=\"auto, (max-width: 500px) 100vw, 500px\" \/><\/a>\n\t\t\t<\/dt><\/dl><br style=\"clear: both\" \/><dl class='gallery-item'>\n\t\t\t<dt class='gallery-icon portrait'>\n\t\t\t\t<a href='https:\/\/mont-roig.cat\/es\/actualitat\/noticies\/los-gegants-de-la-vila-roc-y-barbara-en-una-exposicion-en-sant-andreu-de-palomar-barcelona\/1cad0e59-f3ef-4d54-b0dd-18183218cc2c-2\/'><img loading=\"lazy\" decoding=\"async\" width=\"375\" height=\"500\" src=\"https:\/\/mont-roig.cat\/wp-content\/uploads\/1cad0e59-f3ef-4d54-b0dd-18183218cc2c-375x500.jpg\" class=\"attachment-medium size-medium\" alt=\"\" srcset=\"https:\/\/mont-roig.cat\/wp-content\/uploads\/1cad0e59-f3ef-4d54-b0dd-18183218cc2c-375x500.jpg 375w, https:\/\/mont-roig.cat\/wp-content\/uploads\/1cad0e59-f3ef-4d54-b0dd-18183218cc2c-768x1024.jpg 768w, https:\/\/mont-roig.cat\/wp-content\/uploads\/1cad0e59-f3ef-4d54-b0dd-18183218cc2c.jpg 1001w\" sizes=\"auto, (max-width: 375px) 100vw, 375px\" \/><\/a>\n\t\t\t<\/dt><\/dl><dl class='gallery-item'>\n\t\t\t<dt class='gallery-icon portrait'>\n\t\t\t\t<a href='https:\/\/mont-roig.cat\/es\/actualitat\/noticies\/los-gegants-de-la-vila-roc-y-barbara-en-una-exposicion-en-sant-andreu-de-palomar-barcelona\/9a49a4f1-ae89-4341-90a7-eca3fe5a166a-2\/'><img loading=\"lazy\" decoding=\"async\" width=\"375\" height=\"500\" src=\"https:\/\/mont-roig.cat\/wp-content\/uploads\/9a49a4f1-ae89-4341-90a7-eca3fe5a166a-375x500.jpg\" class=\"attachment-medium size-medium\" alt=\"\" srcset=\"https:\/\/mont-roig.cat\/wp-content\/uploads\/9a49a4f1-ae89-4341-90a7-eca3fe5a166a-375x500.jpg 375w, https:\/\/mont-roig.cat\/wp-content\/uploads\/9a49a4f1-ae89-4341-90a7-eca3fe5a166a-768x1024.jpg 768w, https:\/\/mont-roig.cat\/wp-content\/uploads\/9a49a4f1-ae89-4341-90a7-eca3fe5a166a.jpg 1200w\" sizes=\"auto, (max-width: 375px) 100vw, 375px\" \/><\/a>\n\t\t\t<\/dt><\/dl><br style=\"clear: both\" \/><dl class='gallery-item'>\n\t\t\t<dt class='gallery-icon landscape'>\n\t\t\t\t<a href='https:\/\/mont-roig.cat\/es\/actualitat\/noticies\/los-gegants-de-la-vila-roc-y-barbara-en-una-exposicion-en-sant-andreu-de-palomar-barcelona\/59ed18bb-6142-4666-8166-cb78a3f34fdd-2\/'><img loading=\"lazy\" decoding=\"async\" width=\"500\" height=\"375\" src=\"https:\/\/mont-roig.cat\/wp-content\/uploads\/59ed18bb-6142-4666-8166-cb78a3f34fdd-500x375.jpg\" class=\"attachment-medium size-medium\" alt=\"\" srcset=\"https:\/\/mont-roig.cat\/wp-content\/uploads\/59ed18bb-6142-4666-8166-cb78a3f34fdd-500x375.jpg 500w, https:\/\/mont-roig.cat\/wp-content\/uploads\/59ed18bb-6142-4666-8166-cb78a3f34fdd-768x576.jpg 768w, https:\/\/mont-roig.cat\/wp-content\/uploads\/59ed18bb-6142-4666-8166-cb78a3f34fdd-1024x768.jpg 1024w, https:\/\/mont-roig.cat\/wp-content\/uploads\/59ed18bb-6142-4666-8166-cb78a3f34fdd-463x348.jpg 463w, https:\/\/mont-roig.cat\/wp-content\/uploads\/59ed18bb-6142-4666-8166-cb78a3f34fdd.jpg 1334w\" sizes=\"auto, (max-width: 500px) 100vw, 500px\" \/><\/a>\n\t\t\t<\/dt><\/dl>\n\t\t\t<br style='clear: both' \/>\n\t\t<\/div>\n\n<p>Llu\u00eds Sabadell fue un escultor que trabaj\u00f3 parael taller El Ingenio de Barcelona poco m\u00e1s de 5 a\u00f1os, pero su huella en el mundo de la cultura popular ha sido innegable e imborrable. A trav\u00e9s de su vida y su obra en imaginer\u00eda festiva, reunida al completo en esta exposici\u00f3n, se repasa los inicios de la historia de este taller m\u00e1gico y como su exitosa trayectoria se cruza con la historia de los Gegants de Sant Andreu de Palomar. La exposici\u00f3n cuenta con una selecci\u00f3n de gigantes, enanos, dragones, mulasses y muchos otros elementos de imaginer\u00eda festiva engendrados por el hist\u00f3rico taller barcelon\u00e9s. La exposici\u00f3n tambi\u00e9n cuenta con muchas de las piezas de imaginer\u00eda festiva construidas por el escultor Llu\u00eds Sabadell y Arnau, entre ellas, los Gigants de Mont-roig del Camp.<\/p>\n","protected":false},"excerpt":{"rendered":"<p>Hasta el pr\u00f3ximo d\u00eda 9 de diciembre se puede visitar la exposici\u00f3n sobre la trayectoria del Taller Ingenio y el escultor Llu\u00eds Sabadell, que construy\u00f3 las dos figuras. La pareja de Gegants de la Vila de Mont-roig del Camp, Roc y B\u00e0rbara, forman parte de la exposici\u00f3n sobre la trayectoria del Taller Ingenio y especialmente [&hellip;]<\/p>\n","protected":false},"author":4,"featured_media":32707,"comment_status":"closed","ping_status":"closed","sticky":false,"template":"","format":"standard","meta":{"inline_featured_image":false,"_monsterinsights_skip_tracking":false,"_monsterinsights_sitenote_active":false,"_monsterinsights_sitenote_note":"","_monsterinsights_sitenote_category":0,"footnotes":""},"categories":[98,101],"tags":[],"class_list":["post-32709","post","type-post","status-publish","format-standard","has-post-thumbnail","hentry","category-ayuntamiento","category-cultura-es"],"yoast_head":"<!-- This site is optimized with the Yoast SEO plugin v27.4 - https:\/\/yoast.com\/product\/yoast-seo-wordpress\/ -->\n<title>Los Gegants de la Vila, Roc y B\u00e0rbara, en una exposici\u00f3n en Sant Andreu de Palomar (Barcelona) - Ajuntament de Mont-roig del Camp<\/title>\n<meta name=\"robots\" content=\"index, follow, max-snippet:-1, max-image-preview:large, max-video-preview:-1\" \/>\n<link rel=\"canonical\" href=\"https:\/\/mont-roig.cat\/es\/actualitat\/noticies\/los-gegants-de-la-vila-roc-y-barbara-en-una-exposicion-en-sant-andreu-de-palomar-barcelona\/\" \/>\n<meta property=\"og:locale\" content=\"es_ES\" \/>\n<meta property=\"og:type\" content=\"article\" \/>\n<meta property=\"og:title\" content=\"Los Gegants de la Vila, Roc y B\u00e0rbara, en una exposici\u00f3n en Sant Andreu de Palomar (Barcelona) - Ajuntament de Mont-roig del Camp\" \/>\n<meta property=\"og:description\" content=\"Hasta el pr\u00f3ximo d\u00eda 9 de diciembre se puede visitar la exposici\u00f3n sobre la trayectoria del Taller Ingenio y el escultor Llu\u00eds Sabadell, que construy\u00f3 las dos figuras. La pareja de Gegants de la Vila de Mont-roig del Camp, Roc y B\u00e0rbara, forman parte de la exposici\u00f3n sobre la trayectoria del Taller Ingenio y especialmente [&hellip;]\" \/>\n<meta property=\"og:url\" content=\"https:\/\/mont-roig.cat\/es\/actualitat\/noticies\/los-gegants-de-la-vila-roc-y-barbara-en-una-exposicion-en-sant-andreu-de-palomar-barcelona\/\" \/>\n<meta property=\"og:site_name\" content=\"Ajuntament de Mont-roig del Camp\" \/>\n<meta property=\"article:published_time\" content=\"2018-12-03T12:23:59+00:00\" \/>\n<meta property=\"og:image\" content=\"https:\/\/mont-roig.cat\/wp-content\/uploads\/aa8d8d81-85b6-4b23-8a81-6be0d4830e5d.jpg\" \/>\n\t<meta property=\"og:image:width\" content=\"1334\" \/>\n\t<meta property=\"og:image:height\" content=\"1001\" \/>\n\t<meta property=\"og:image:type\" content=\"image\/jpeg\" \/>\n<meta name=\"author\" content=\"administrador\" \/>\n<meta name=\"twitter:card\" content=\"summary_large_image\" \/>\n<meta name=\"twitter:label1\" content=\"Escrito por\" \/>\n\t<meta name=\"twitter:data1\" content=\"administrador\" \/>\n\t<meta name=\"twitter:label2\" content=\"Tiempo de lectura\" \/>\n\t<meta name=\"twitter:data2\" content=\"1 minuto\" \/>\n<script type=\"application\/ld+json\" class=\"yoast-schema-graph\">{\"@context\":\"https:\\\/\\\/schema.org\",\"@graph\":[{\"@type\":\"Article\",\"@id\":\"https:\\\/\\\/mont-roig.cat\\\/es\\\/actualitat\\\/noticies\\\/los-gegants-de-la-vila-roc-y-barbara-en-una-exposicion-en-sant-andreu-de-palomar-barcelona\\\/#article\",\"isPartOf\":{\"@id\":\"https:\\\/\\\/mont-roig.cat\\\/es\\\/actualitat\\\/noticies\\\/los-gegants-de-la-vila-roc-y-barbara-en-una-exposicion-en-sant-andreu-de-palomar-barcelona\\\/\"},\"author\":{\"name\":\"administrador\",\"@id\":\"https:\\\/\\\/mont-roig.cat\\\/es\\\/#\\\/schema\\\/person\\\/f2b111789f22b7d0c3bd6786c9128cba\"},\"headline\":\"Los Gegants de la Vila, Roc y B\u00e0rbara, en una exposici\u00f3n en Sant Andreu de Palomar (Barcelona)\",\"datePublished\":\"2018-12-03T12:23:59+00:00\",\"mainEntityOfPage\":{\"@id\":\"https:\\\/\\\/mont-roig.cat\\\/es\\\/actualitat\\\/noticies\\\/los-gegants-de-la-vila-roc-y-barbara-en-una-exposicion-en-sant-andreu-de-palomar-barcelona\\\/\"},\"wordCount\":282,\"image\":{\"@id\":\"https:\\\/\\\/mont-roig.cat\\\/es\\\/actualitat\\\/noticies\\\/los-gegants-de-la-vila-roc-y-barbara-en-una-exposicion-en-sant-andreu-de-palomar-barcelona\\\/#primaryimage\"},\"thumbnailUrl\":\"https:\\\/\\\/mont-roig.cat\\\/wp-content\\\/uploads\\\/aa8d8d81-85b6-4b23-8a81-6be0d4830e5d.jpg\",\"articleSection\":[\"Ayuntamiento\",\"Cultura\"],\"inLanguage\":\"es\"},{\"@type\":\"WebPage\",\"@id\":\"https:\\\/\\\/mont-roig.cat\\\/es\\\/actualitat\\\/noticies\\\/los-gegants-de-la-vila-roc-y-barbara-en-una-exposicion-en-sant-andreu-de-palomar-barcelona\\\/\",\"url\":\"https:\\\/\\\/mont-roig.cat\\\/es\\\/actualitat\\\/noticies\\\/los-gegants-de-la-vila-roc-y-barbara-en-una-exposicion-en-sant-andreu-de-palomar-barcelona\\\/\",\"name\":\"Los Gegants de la Vila, Roc y B\u00e0rbara, en una exposici\u00f3n en Sant Andreu de Palomar (Barcelona) - Ajuntament de Mont-roig del Camp\",\"isPartOf\":{\"@id\":\"https:\\\/\\\/mont-roig.cat\\\/es\\\/#website\"},\"primaryImageOfPage\":{\"@id\":\"https:\\\/\\\/mont-roig.cat\\\/es\\\/actualitat\\\/noticies\\\/los-gegants-de-la-vila-roc-y-barbara-en-una-exposicion-en-sant-andreu-de-palomar-barcelona\\\/#primaryimage\"},\"image\":{\"@id\":\"https:\\\/\\\/mont-roig.cat\\\/es\\\/actualitat\\\/noticies\\\/los-gegants-de-la-vila-roc-y-barbara-en-una-exposicion-en-sant-andreu-de-palomar-barcelona\\\/#primaryimage\"},\"thumbnailUrl\":\"https:\\\/\\\/mont-roig.cat\\\/wp-content\\\/uploads\\\/aa8d8d81-85b6-4b23-8a81-6be0d4830e5d.jpg\",\"datePublished\":\"2018-12-03T12:23:59+00:00\",\"author\":{\"@id\":\"https:\\\/\\\/mont-roig.cat\\\/es\\\/#\\\/schema\\\/person\\\/f2b111789f22b7d0c3bd6786c9128cba\"},\"breadcrumb\":{\"@id\":\"https:\\\/\\\/mont-roig.cat\\\/es\\\/actualitat\\\/noticies\\\/los-gegants-de-la-vila-roc-y-barbara-en-una-exposicion-en-sant-andreu-de-palomar-barcelona\\\/#breadcrumb\"},\"inLanguage\":\"es\",\"potentialAction\":[{\"@type\":\"ReadAction\",\"target\":[\"https:\\\/\\\/mont-roig.cat\\\/es\\\/actualitat\\\/noticies\\\/los-gegants-de-la-vila-roc-y-barbara-en-una-exposicion-en-sant-andreu-de-palomar-barcelona\\\/\"]}]},{\"@type\":\"ImageObject\",\"inLanguage\":\"es\",\"@id\":\"https:\\\/\\\/mont-roig.cat\\\/es\\\/actualitat\\\/noticies\\\/los-gegants-de-la-vila-roc-y-barbara-en-una-exposicion-en-sant-andreu-de-palomar-barcelona\\\/#primaryimage\",\"url\":\"https:\\\/\\\/mont-roig.cat\\\/wp-content\\\/uploads\\\/aa8d8d81-85b6-4b23-8a81-6be0d4830e5d.jpg\",\"contentUrl\":\"https:\\\/\\\/mont-roig.cat\\\/wp-content\\\/uploads\\\/aa8d8d81-85b6-4b23-8a81-6be0d4830e5d.jpg\",\"width\":1334,\"height\":1001},{\"@type\":\"BreadcrumbList\",\"@id\":\"https:\\\/\\\/mont-roig.cat\\\/es\\\/actualitat\\\/noticies\\\/los-gegants-de-la-vila-roc-y-barbara-en-una-exposicion-en-sant-andreu-de-palomar-barcelona\\\/#breadcrumb\",\"itemListElement\":[{\"@type\":\"ListItem\",\"position\":1,\"name\":\"Inici\",\"item\":\"https:\\\/\\\/mont-roig.cat\\\/es\\\/pagina-de-inicio\\\/\"},{\"@type\":\"ListItem\",\"position\":2,\"name\":\"Los Gegants de la Vila, Roc y B\u00e0rbara, en una exposici\u00f3n en Sant Andreu de Palomar (Barcelona)\"}]},{\"@type\":\"WebSite\",\"@id\":\"https:\\\/\\\/mont-roig.cat\\\/es\\\/#website\",\"url\":\"https:\\\/\\\/mont-roig.cat\\\/es\\\/\",\"name\":\"Ajuntament de Mont-roig del Camp\",\"description\":\"Tota la informaci\u00f3 sobre la instituci\u00f3, els seus \u00f2rgans de govern, actualitat, serveis i molt m\u00e9s.\",\"potentialAction\":[{\"@type\":\"SearchAction\",\"target\":{\"@type\":\"EntryPoint\",\"urlTemplate\":\"https:\\\/\\\/mont-roig.cat\\\/es\\\/?s={search_term_string}\"},\"query-input\":{\"@type\":\"PropertyValueSpecification\",\"valueRequired\":true,\"valueName\":\"search_term_string\"}}],\"inLanguage\":\"es\"},{\"@type\":\"Person\",\"@id\":\"https:\\\/\\\/mont-roig.cat\\\/es\\\/#\\\/schema\\\/person\\\/f2b111789f22b7d0c3bd6786c9128cba\",\"name\":\"administrador\",\"image\":{\"@type\":\"ImageObject\",\"inLanguage\":\"es\",\"@id\":\"https:\\\/\\\/secure.gravatar.com\\\/avatar\\\/9137aac6891e2595c9d3036fd83bcb653b4db3c946db4c7d9b9be193c3c944bb?s=96&d=mm&r=g\",\"url\":\"https:\\\/\\\/secure.gravatar.com\\\/avatar\\\/9137aac6891e2595c9d3036fd83bcb653b4db3c946db4c7d9b9be193c3c944bb?s=96&d=mm&r=g\",\"contentUrl\":\"https:\\\/\\\/secure.gravatar.com\\\/avatar\\\/9137aac6891e2595c9d3036fd83bcb653b4db3c946db4c7d9b9be193c3c944bb?s=96&d=mm&r=g\",\"caption\":\"administrador\"},\"url\":\"https:\\\/\\\/mont-roig.cat\\\/es\\\/actualitat\\\/noticies\\\/author\\\/administrador\\\/\"}]}<\/script>\n<!-- \/ Yoast SEO plugin. -->","yoast_head_json":{"title":"Los Gegants de la Vila, Roc y B\u00e0rbara, en una exposici\u00f3n en Sant Andreu de Palomar (Barcelona) - Ajuntament de Mont-roig del Camp","robots":{"index":"index","follow":"follow","max-snippet":"max-snippet:-1","max-image-preview":"max-image-preview:large","max-video-preview":"max-video-preview:-1"},"canonical":"https:\/\/mont-roig.cat\/es\/actualitat\/noticies\/los-gegants-de-la-vila-roc-y-barbara-en-una-exposicion-en-sant-andreu-de-palomar-barcelona\/","og_locale":"es_ES","og_type":"article","og_title":"Los Gegants de la Vila, Roc y B\u00e0rbara, en una exposici\u00f3n en Sant Andreu de Palomar (Barcelona) - Ajuntament de Mont-roig del Camp","og_description":"Hasta el pr\u00f3ximo d\u00eda 9 de diciembre se puede visitar la exposici\u00f3n sobre la trayectoria del Taller Ingenio y el escultor Llu\u00eds Sabadell, que construy\u00f3 las dos figuras. La pareja de Gegants de la Vila de Mont-roig del Camp, Roc y B\u00e0rbara, forman parte de la exposici\u00f3n sobre la trayectoria del Taller Ingenio y especialmente [&hellip;]","og_url":"https:\/\/mont-roig.cat\/es\/actualitat\/noticies\/los-gegants-de-la-vila-roc-y-barbara-en-una-exposicion-en-sant-andreu-de-palomar-barcelona\/","og_site_name":"Ajuntament de Mont-roig del Camp","article_published_time":"2018-12-03T12:23:59+00:00","og_image":[{"width":1334,"height":1001,"url":"https:\/\/mont-roig.cat\/wp-content\/uploads\/aa8d8d81-85b6-4b23-8a81-6be0d4830e5d.jpg","type":"image\/jpeg"}],"author":"administrador","twitter_card":"summary_large_image","twitter_misc":{"Escrito por":"administrador","Tiempo de lectura":"1 minuto"},"schema":{"@context":"https:\/\/schema.org","@graph":[{"@type":"Article","@id":"https:\/\/mont-roig.cat\/es\/actualitat\/noticies\/los-gegants-de-la-vila-roc-y-barbara-en-una-exposicion-en-sant-andreu-de-palomar-barcelona\/#article","isPartOf":{"@id":"https:\/\/mont-roig.cat\/es\/actualitat\/noticies\/los-gegants-de-la-vila-roc-y-barbara-en-una-exposicion-en-sant-andreu-de-palomar-barcelona\/"},"author":{"name":"administrador","@id":"https:\/\/mont-roig.cat\/es\/#\/schema\/person\/f2b111789f22b7d0c3bd6786c9128cba"},"headline":"Los Gegants de la Vila, Roc y B\u00e0rbara, en una exposici\u00f3n en Sant Andreu de Palomar (Barcelona)","datePublished":"2018-12-03T12:23:59+00:00","mainEntityOfPage":{"@id":"https:\/\/mont-roig.cat\/es\/actualitat\/noticies\/los-gegants-de-la-vila-roc-y-barbara-en-una-exposicion-en-sant-andreu-de-palomar-barcelona\/"},"wordCount":282,"image":{"@id":"https:\/\/mont-roig.cat\/es\/actualitat\/noticies\/los-gegants-de-la-vila-roc-y-barbara-en-una-exposicion-en-sant-andreu-de-palomar-barcelona\/#primaryimage"},"thumbnailUrl":"https:\/\/mont-roig.cat\/wp-content\/uploads\/aa8d8d81-85b6-4b23-8a81-6be0d4830e5d.jpg","articleSection":["Ayuntamiento","Cultura"],"inLanguage":"es"},{"@type":"WebPage","@id":"https:\/\/mont-roig.cat\/es\/actualitat\/noticies\/los-gegants-de-la-vila-roc-y-barbara-en-una-exposicion-en-sant-andreu-de-palomar-barcelona\/","url":"https:\/\/mont-roig.cat\/es\/actualitat\/noticies\/los-gegants-de-la-vila-roc-y-barbara-en-una-exposicion-en-sant-andreu-de-palomar-barcelona\/","name":"Los Gegants de la Vila, Roc y B\u00e0rbara, en una exposici\u00f3n en Sant Andreu de Palomar (Barcelona) - Ajuntament de Mont-roig del Camp","isPartOf":{"@id":"https:\/\/mont-roig.cat\/es\/#website"},"primaryImageOfPage":{"@id":"https:\/\/mont-roig.cat\/es\/actualitat\/noticies\/los-gegants-de-la-vila-roc-y-barbara-en-una-exposicion-en-sant-andreu-de-palomar-barcelona\/#primaryimage"},"image":{"@id":"https:\/\/mont-roig.cat\/es\/actualitat\/noticies\/los-gegants-de-la-vila-roc-y-barbara-en-una-exposicion-en-sant-andreu-de-palomar-barcelona\/#primaryimage"},"thumbnailUrl":"https:\/\/mont-roig.cat\/wp-content\/uploads\/aa8d8d81-85b6-4b23-8a81-6be0d4830e5d.jpg","datePublished":"2018-12-03T12:23:59+00:00","author":{"@id":"https:\/\/mont-roig.cat\/es\/#\/schema\/person\/f2b111789f22b7d0c3bd6786c9128cba"},"breadcrumb":{"@id":"https:\/\/mont-roig.cat\/es\/actualitat\/noticies\/los-gegants-de-la-vila-roc-y-barbara-en-una-exposicion-en-sant-andreu-de-palomar-barcelona\/#breadcrumb"},"inLanguage":"es","potentialAction":[{"@type":"ReadAction","target":["https:\/\/mont-roig.cat\/es\/actualitat\/noticies\/los-gegants-de-la-vila-roc-y-barbara-en-una-exposicion-en-sant-andreu-de-palomar-barcelona\/"]}]},{"@type":"ImageObject","inLanguage":"es","@id":"https:\/\/mont-roig.cat\/es\/actualitat\/noticies\/los-gegants-de-la-vila-roc-y-barbara-en-una-exposicion-en-sant-andreu-de-palomar-barcelona\/#primaryimage","url":"https:\/\/mont-roig.cat\/wp-content\/uploads\/aa8d8d81-85b6-4b23-8a81-6be0d4830e5d.jpg","contentUrl":"https:\/\/mont-roig.cat\/wp-content\/uploads\/aa8d8d81-85b6-4b23-8a81-6be0d4830e5d.jpg","width":1334,"height":1001},{"@type":"BreadcrumbList","@id":"https:\/\/mont-roig.cat\/es\/actualitat\/noticies\/los-gegants-de-la-vila-roc-y-barbara-en-una-exposicion-en-sant-andreu-de-palomar-barcelona\/#breadcrumb","itemListElement":[{"@type":"ListItem","position":1,"name":"Inici","item":"https:\/\/mont-roig.cat\/es\/pagina-de-inicio\/"},{"@type":"ListItem","position":2,"name":"Los Gegants de la Vila, Roc y B\u00e0rbara, en una exposici\u00f3n en Sant Andreu de Palomar (Barcelona)"}]},{"@type":"WebSite","@id":"https:\/\/mont-roig.cat\/es\/#website","url":"https:\/\/mont-roig.cat\/es\/","name":"Ajuntament de Mont-roig del Camp","description":"Tota la informaci\u00f3 sobre la instituci\u00f3, els seus \u00f2rgans de govern, actualitat, serveis i molt m\u00e9s.","potentialAction":[{"@type":"SearchAction","target":{"@type":"EntryPoint","urlTemplate":"https:\/\/mont-roig.cat\/es\/?s={search_term_string}"},"query-input":{"@type":"PropertyValueSpecification","valueRequired":true,"valueName":"search_term_string"}}],"inLanguage":"es"},{"@type":"Person","@id":"https:\/\/mont-roig.cat\/es\/#\/schema\/person\/f2b111789f22b7d0c3bd6786c9128cba","name":"administrador","image":{"@type":"ImageObject","inLanguage":"es","@id":"https:\/\/secure.gravatar.com\/avatar\/9137aac6891e2595c9d3036fd83bcb653b4db3c946db4c7d9b9be193c3c944bb?s=96&d=mm&r=g","url":"https:\/\/secure.gravatar.com\/avatar\/9137aac6891e2595c9d3036fd83bcb653b4db3c946db4c7d9b9be193c3c944bb?s=96&d=mm&r=g","contentUrl":"https:\/\/secure.gravatar.com\/avatar\/9137aac6891e2595c9d3036fd83bcb653b4db3c946db4c7d9b9be193c3c944bb?s=96&d=mm&r=g","caption":"administrador"},"url":"https:\/\/mont-roig.cat\/es\/actualitat\/noticies\/author\/administrador\/"}]}},"_links":{"self":[{"href":"https:\/\/mont-roig.cat\/es\/wp-json\/wp\/v2\/posts\/32709","targetHints":{"allow":["GET"]}}],"collection":[{"href":"https:\/\/mont-roig.cat\/es\/wp-json\/wp\/v2\/posts"}],"about":[{"href":"https:\/\/mont-roig.cat\/es\/wp-json\/wp\/v2\/types\/post"}],"author":[{"embeddable":true,"href":"https:\/\/mont-roig.cat\/es\/wp-json\/wp\/v2\/users\/4"}],"replies":[{"embeddable":true,"href":"https:\/\/mont-roig.cat\/es\/wp-json\/wp\/v2\/comments?post=32709"}],"version-history":[{"count":1,"href":"https:\/\/mont-roig.cat\/es\/wp-json\/wp\/v2\/posts\/32709\/revisions"}],"predecessor-version":[{"id":32710,"href":"https:\/\/mont-roig.cat\/es\/wp-json\/wp\/v2\/posts\/32709\/revisions\/32710"}],"wp:featuredmedia":[{"embeddable":true,"href":"https:\/\/mont-roig.cat\/es\/wp-json\/wp\/v2\/media\/32707"}],"wp:attachment":[{"href":"https:\/\/mont-roig.cat\/es\/wp-json\/wp\/v2\/media?parent=32709"}],"wp:term":[{"taxonomy":"category","embeddable":true,"href":"https:\/\/mont-roig.cat\/es\/wp-json\/wp\/v2\/categories?post=32709"},{"taxonomy":"post_tag","embeddable":true,"href":"https:\/\/mont-roig.cat\/es\/wp-json\/wp\/v2\/tags?post=32709"}],"curies":[{"name":"wp","href":"https:\/\/api.w.org\/{rel}","templated":true}]}}