{"id":33010,"date":"2018-12-21T16:48:47","date_gmt":"2018-12-21T15:48:47","guid":{"rendered":"https:\/\/mont-roig.cat\/?p=33010"},"modified":"2018-12-21T16:48:47","modified_gmt":"2018-12-21T15:48:47","slug":"el-ayuntamiento-de-mont-roig-del-camp-aprueba-un-presupuesto-consolidado-de-205-m-e-para-el-2019","status":"publish","type":"post","link":"https:\/\/mont-roig.cat\/es\/actualitat\/noticies\/el-ayuntamiento-de-mont-roig-del-camp-aprueba-un-presupuesto-consolidado-de-205-m-e-para-el-2019\/","title":{"rendered":"El Ayuntamiento de Mont-roig del Camp aprueba un presupuesto consolidado de 20&#8217;5 M \u20ac para el 2019"},"content":{"rendered":"<div id=\"attachment_33007\" style=\"width: 360px\" class=\"wp-caption alignright\"><a href=\"https:\/\/mont-roig.cat\/wp-content\/uploads\/Ple-Ajuntament-Mont-roig-del-Camp-20-desembre.jpg\"><img loading=\"lazy\" decoding=\"async\" aria-describedby=\"caption-attachment-33007\" class=\"wp-image-33007\" src=\"https:\/\/mont-roig.cat\/wp-content\/uploads\/Ple-Ajuntament-Mont-roig-del-Camp-20-desembre.jpg\" alt=\"\" width=\"350\" height=\"263\" srcset=\"https:\/\/mont-roig.cat\/wp-content\/uploads\/Ple-Ajuntament-Mont-roig-del-Camp-20-desembre.jpg 1920w, https:\/\/mont-roig.cat\/wp-content\/uploads\/Ple-Ajuntament-Mont-roig-del-Camp-20-desembre-500x375.jpg 500w, https:\/\/mont-roig.cat\/wp-content\/uploads\/Ple-Ajuntament-Mont-roig-del-Camp-20-desembre-768x576.jpg 768w, https:\/\/mont-roig.cat\/wp-content\/uploads\/Ple-Ajuntament-Mont-roig-del-Camp-20-desembre-1024x768.jpg 1024w, https:\/\/mont-roig.cat\/wp-content\/uploads\/Ple-Ajuntament-Mont-roig-del-Camp-20-desembre-463x348.jpg 463w\" sizes=\"auto, (max-width: 350px) 100vw, 350px\" \/><\/a><p id=\"caption-attachment-33007\" class=\"wp-caption-text\">Pleno extraordinario de 20 de diciembre de 2018<\/p><\/div>\n<p>El Ayuntamiento de Mont-roig del Camp ha aprobado este jueves, en sesi\u00f3n plenaria extraordinaria, el Presupuesto Municipal para el ejercicio del 2019. El presupuesto consolidado, incorporando las cuentas del Ayuntamiento y la Entidad P\u00fablica Empresarial Nostreserveis prev\u00e9 unos ingresos y gastos que ascienden a 20.472.871,2 \u20ac.<\/p>\n<p>Las cuentas se han aprobado con los votos a favor del equipo de gobierno y la FIC y los votos en contra de Ciudadanos, PdCat y Esquerra.<\/p>\n<p>Se trata de un presupuesto, seg\u00fan explic\u00f3 el concejal de Hacienda Juan Gallardo, que responde a criterios de equilibrio y ortodoxia, y cumple todas las exigencias legales en materia de estabilidad y sostenibilidad financiera.<\/p>\n<p>El importe total supone una reducci\u00f3n del 4,56% respecto al a\u00f1o pasado, dado que se reduce el cap\u00edtulo de inversiones. Estas caen a 338.780 euros porque se presupuestan s\u00f3lo aquellas que se pueden financiar con recursos propios y poniendo como horizonte el \u00faltimo a\u00f1o de mandato como cierre de ciclo inversor. Hay que tener en cuenta que a\u00fan se encuentran en proceso de ejecuci\u00f3n algunas de las inversiones m\u00e1s importantes del mandato. En concreto las inversiones pendientes de ejecuci\u00f3n o que actualmente se est\u00e1n ejecutando ascienden a 5.344.243 euros.<\/p>\n<p>En cuanto a los ingresos estos incrementan en un 4%, y seg\u00fan informe de la Intervenci\u00f3n municipal son realistas y dan viabilidad econ\u00f3mica a las cuentas del Ayuntamiento.<\/p>\n<p>El presupuesto sigue una tendencia de contenci\u00f3n del gasto. Son pocas las \u00e1reas que crecen sustancialmente. Por el contrario, la mayor parte de partidas de gastos quedan contenidos, o moderadamente al alza o a la baja.<\/p>\n<p>Se siguen reforzando las pol\u00edticas de promoci\u00f3n econ\u00f3mica y apoyo al emprendimiento, y tambi\u00e9n se mantienen los programas de apoyo a personas y familias en riesgo de exclusi\u00f3n social, destacando una nueva l\u00ednea de subvenci\u00f3n al alquiler social.<\/p>\n<p>Los incrementos m\u00e1s significativos del presupuesto se centran en los gastos de personal, que prev\u00e9n los incrementos retributivos contemplados por normativa; el gasto en la recogida de residuos, que prev\u00e9 un plan de mejora e inversiones en contenedores y camiones; y la amortizaci\u00f3n de pr\u00e9stamos.<\/p>\n<p>Las \u00e1reas de gasto que m\u00e1s bajan son mayoritariamente aquellas que habitualmente soportan m\u00e1s inversi\u00f3n como son Servicios P\u00fablicos y V\u00eda P\u00fablica. Tambi\u00e9n bajan el pago de los intereses de la deuda (los intereses bancarios que tiene que pagar el Ayuntamiento); Urbanismo y Medio Ambiente. Cabe destacar el descenso en el gasto energ\u00e9tico, en 100.000 euros, gracias al cambio de alumbrado p\u00fablico y la adaptaci\u00f3n de potencias contratadas en los edificios municipales.<\/p>\n<p><strong>Un ayuntamiento saneado<\/strong><\/p>\n<p>En la presentaci\u00f3n del presupuesto el concejal hizo un an\u00e1lisis de la salud financiera del Ayuntamiento. Apoy\u00e1ndose tambi\u00e9n en el informe de la Intervenci\u00f3n municipal destac\u00f3 que todos los indicadores se encuentran en positivo (ratio endeudamiento, periodo medio de pago, ahorro neto, remanente de tesorer\u00eda &#8230;).<\/p>\n<p>Cabe destacar que en el presente mandato, incluyendo los meses que quedan hasta mayo, el Ayuntamiento de Mont-roig del Camp habr\u00e1 invertido m\u00e1s de 21 millones de euros, mientras que el ratio de endeudamiento a 31 de diciembre de 2019 se ha previsto al 64%, por debajo del 110% m\u00e1ximo permitido por ley.<\/p>\n<p><a href=\"https:\/\/mont-roig.cat\/wp-content\/uploads\/PRESSUPOST_2019_AJUNTAMENT-PLE.pdf\" target=\"_blank\" rel=\"noopener\">Presentaci\u00f3n del Presupuesto 2019<\/a><\/p>\n","protected":false},"excerpt":{"rendered":"<p>El Ayuntamiento de Mont-roig del Camp ha aprobado este jueves, en sesi\u00f3n plenaria extraordinaria, el Presupuesto Municipal para el ejercicio del 2019. El presupuesto consolidado, incorporando las cuentas del Ayuntamiento y la Entidad P\u00fablica Empresarial Nostreserveis prev\u00e9 unos ingresos y gastos que ascienden a 20.472.871,2 \u20ac. Las cuentas se han aprobado con los votos a [&hellip;]<\/p>\n","protected":false},"author":4,"featured_media":33008,"comment_status":"closed","ping_status":"closed","sticky":false,"template":"","format":"standard","meta":{"inline_featured_image":false,"_monsterinsights_skip_tracking":false,"_monsterinsights_sitenote_active":false,"_monsterinsights_sitenote_note":"","_monsterinsights_sitenote_category":0,"footnotes":""},"categories":[98],"tags":[],"class_list":["post-33010","post","type-post","status-publish","format-standard","has-post-thumbnail","hentry","category-ayuntamiento"],"yoast_head":"<!-- This site is optimized with the Yoast SEO plugin v27.4 - https:\/\/yoast.com\/product\/yoast-seo-wordpress\/ -->\n<title>El Ayuntamiento de Mont-roig del Camp aprueba un presupuesto consolidado de 20&#039;5 M \u20ac para el 2019 - Ajuntament de Mont-roig del Camp<\/title>\n<meta name=\"robots\" content=\"index, follow, max-snippet:-1, max-image-preview:large, max-video-preview:-1\" \/>\n<link rel=\"canonical\" href=\"https:\/\/mont-roig.cat\/es\/actualitat\/noticies\/el-ayuntamiento-de-mont-roig-del-camp-aprueba-un-presupuesto-consolidado-de-205-m-e-para-el-2019\/\" \/>\n<meta property=\"og:locale\" content=\"es_ES\" \/>\n<meta property=\"og:type\" content=\"article\" \/>\n<meta property=\"og:title\" content=\"El Ayuntamiento de Mont-roig del Camp aprueba un presupuesto consolidado de 20&#039;5 M \u20ac para el 2019 - Ajuntament de Mont-roig del Camp\" \/>\n<meta property=\"og:description\" content=\"El Ayuntamiento de Mont-roig del Camp ha aprobado este jueves, en sesi\u00f3n plenaria extraordinaria, el Presupuesto Municipal para el ejercicio del 2019. El presupuesto consolidado, incorporando las cuentas del Ayuntamiento y la Entidad P\u00fablica Empresarial Nostreserveis prev\u00e9 unos ingresos y gastos que ascienden a 20.472.871,2 \u20ac. Las cuentas se han aprobado con los votos a [&hellip;]\" \/>\n<meta property=\"og:url\" content=\"https:\/\/mont-roig.cat\/es\/actualitat\/noticies\/el-ayuntamiento-de-mont-roig-del-camp-aprueba-un-presupuesto-consolidado-de-205-m-e-para-el-2019\/\" \/>\n<meta property=\"og:site_name\" content=\"Ajuntament de Mont-roig del Camp\" \/>\n<meta property=\"article:published_time\" content=\"2018-12-21T15:48:47+00:00\" \/>\n<meta property=\"og:image\" content=\"https:\/\/mont-roig.cat\/wp-content\/uploads\/Ple-Ajuntament-Mont-roig-del-Camp-20-desembre.jpg\" \/>\n\t<meta property=\"og:image:width\" content=\"4032\" \/>\n\t<meta property=\"og:image:height\" content=\"3024\" \/>\n\t<meta property=\"og:image:type\" content=\"image\/jpeg\" \/>\n<meta name=\"author\" content=\"administrador\" \/>\n<meta name=\"twitter:card\" content=\"summary_large_image\" \/>\n<meta name=\"twitter:label1\" content=\"Escrito por\" \/>\n\t<meta name=\"twitter:data1\" content=\"administrador\" \/>\n\t<meta name=\"twitter:label2\" content=\"Tiempo de lectura\" \/>\n\t<meta name=\"twitter:data2\" content=\"3 minutos\" \/>\n<script type=\"application\/ld+json\" class=\"yoast-schema-graph\">{\"@context\":\"https:\\\/\\\/schema.org\",\"@graph\":[{\"@type\":\"Article\",\"@id\":\"https:\\\/\\\/mont-roig.cat\\\/es\\\/actualitat\\\/noticies\\\/el-ayuntamiento-de-mont-roig-del-camp-aprueba-un-presupuesto-consolidado-de-205-m-e-para-el-2019\\\/#article\",\"isPartOf\":{\"@id\":\"https:\\\/\\\/mont-roig.cat\\\/es\\\/actualitat\\\/noticies\\\/el-ayuntamiento-de-mont-roig-del-camp-aprueba-un-presupuesto-consolidado-de-205-m-e-para-el-2019\\\/\"},\"author\":{\"name\":\"administrador\",\"@id\":\"https:\\\/\\\/mont-roig.cat\\\/es\\\/#\\\/schema\\\/person\\\/f2b111789f22b7d0c3bd6786c9128cba\"},\"headline\":\"El Ayuntamiento de Mont-roig del Camp aprueba un presupuesto consolidado de 20&#8217;5 M \u20ac para el 2019\",\"datePublished\":\"2018-12-21T15:48:47+00:00\",\"mainEntityOfPage\":{\"@id\":\"https:\\\/\\\/mont-roig.cat\\\/es\\\/actualitat\\\/noticies\\\/el-ayuntamiento-de-mont-roig-del-camp-aprueba-un-presupuesto-consolidado-de-205-m-e-para-el-2019\\\/\"},\"wordCount\":581,\"image\":{\"@id\":\"https:\\\/\\\/mont-roig.cat\\\/es\\\/actualitat\\\/noticies\\\/el-ayuntamiento-de-mont-roig-del-camp-aprueba-un-presupuesto-consolidado-de-205-m-e-para-el-2019\\\/#primaryimage\"},\"thumbnailUrl\":\"https:\\\/\\\/mont-roig.cat\\\/wp-content\\\/uploads\\\/Ple-Ajuntament-Mont-roig-del-Camp-20-desembre.jpg\",\"articleSection\":[\"Ayuntamiento\"],\"inLanguage\":\"es\"},{\"@type\":\"WebPage\",\"@id\":\"https:\\\/\\\/mont-roig.cat\\\/es\\\/actualitat\\\/noticies\\\/el-ayuntamiento-de-mont-roig-del-camp-aprueba-un-presupuesto-consolidado-de-205-m-e-para-el-2019\\\/\",\"url\":\"https:\\\/\\\/mont-roig.cat\\\/es\\\/actualitat\\\/noticies\\\/el-ayuntamiento-de-mont-roig-del-camp-aprueba-un-presupuesto-consolidado-de-205-m-e-para-el-2019\\\/\",\"name\":\"El Ayuntamiento de Mont-roig del Camp aprueba un presupuesto consolidado de 20'5 M \u20ac para el 2019 - Ajuntament de Mont-roig del Camp\",\"isPartOf\":{\"@id\":\"https:\\\/\\\/mont-roig.cat\\\/es\\\/#website\"},\"primaryImageOfPage\":{\"@id\":\"https:\\\/\\\/mont-roig.cat\\\/es\\\/actualitat\\\/noticies\\\/el-ayuntamiento-de-mont-roig-del-camp-aprueba-un-presupuesto-consolidado-de-205-m-e-para-el-2019\\\/#primaryimage\"},\"image\":{\"@id\":\"https:\\\/\\\/mont-roig.cat\\\/es\\\/actualitat\\\/noticies\\\/el-ayuntamiento-de-mont-roig-del-camp-aprueba-un-presupuesto-consolidado-de-205-m-e-para-el-2019\\\/#primaryimage\"},\"thumbnailUrl\":\"https:\\\/\\\/mont-roig.cat\\\/wp-content\\\/uploads\\\/Ple-Ajuntament-Mont-roig-del-Camp-20-desembre.jpg\",\"datePublished\":\"2018-12-21T15:48:47+00:00\",\"author\":{\"@id\":\"https:\\\/\\\/mont-roig.cat\\\/es\\\/#\\\/schema\\\/person\\\/f2b111789f22b7d0c3bd6786c9128cba\"},\"breadcrumb\":{\"@id\":\"https:\\\/\\\/mont-roig.cat\\\/es\\\/actualitat\\\/noticies\\\/el-ayuntamiento-de-mont-roig-del-camp-aprueba-un-presupuesto-consolidado-de-205-m-e-para-el-2019\\\/#breadcrumb\"},\"inLanguage\":\"es\",\"potentialAction\":[{\"@type\":\"ReadAction\",\"target\":[\"https:\\\/\\\/mont-roig.cat\\\/es\\\/actualitat\\\/noticies\\\/el-ayuntamiento-de-mont-roig-del-camp-aprueba-un-presupuesto-consolidado-de-205-m-e-para-el-2019\\\/\"]}]},{\"@type\":\"ImageObject\",\"inLanguage\":\"es\",\"@id\":\"https:\\\/\\\/mont-roig.cat\\\/es\\\/actualitat\\\/noticies\\\/el-ayuntamiento-de-mont-roig-del-camp-aprueba-un-presupuesto-consolidado-de-205-m-e-para-el-2019\\\/#primaryimage\",\"url\":\"https:\\\/\\\/mont-roig.cat\\\/wp-content\\\/uploads\\\/Ple-Ajuntament-Mont-roig-del-Camp-20-desembre.jpg\",\"contentUrl\":\"https:\\\/\\\/mont-roig.cat\\\/wp-content\\\/uploads\\\/Ple-Ajuntament-Mont-roig-del-Camp-20-desembre.jpg\",\"width\":4032,\"height\":3024},{\"@type\":\"BreadcrumbList\",\"@id\":\"https:\\\/\\\/mont-roig.cat\\\/es\\\/actualitat\\\/noticies\\\/el-ayuntamiento-de-mont-roig-del-camp-aprueba-un-presupuesto-consolidado-de-205-m-e-para-el-2019\\\/#breadcrumb\",\"itemListElement\":[{\"@type\":\"ListItem\",\"position\":1,\"name\":\"Inici\",\"item\":\"https:\\\/\\\/mont-roig.cat\\\/es\\\/pagina-de-inicio\\\/\"},{\"@type\":\"ListItem\",\"position\":2,\"name\":\"El Ayuntamiento de Mont-roig del Camp aprueba un presupuesto consolidado de 20&#8217;5 M \u20ac para el 2019\"}]},{\"@type\":\"WebSite\",\"@id\":\"https:\\\/\\\/mont-roig.cat\\\/es\\\/#website\",\"url\":\"https:\\\/\\\/mont-roig.cat\\\/es\\\/\",\"name\":\"Ajuntament de Mont-roig del Camp\",\"description\":\"Tota la informaci\u00f3 sobre la instituci\u00f3, els seus \u00f2rgans de govern, actualitat, serveis i molt m\u00e9s.\",\"potentialAction\":[{\"@type\":\"SearchAction\",\"target\":{\"@type\":\"EntryPoint\",\"urlTemplate\":\"https:\\\/\\\/mont-roig.cat\\\/es\\\/?s={search_term_string}\"},\"query-input\":{\"@type\":\"PropertyValueSpecification\",\"valueRequired\":true,\"valueName\":\"search_term_string\"}}],\"inLanguage\":\"es\"},{\"@type\":\"Person\",\"@id\":\"https:\\\/\\\/mont-roig.cat\\\/es\\\/#\\\/schema\\\/person\\\/f2b111789f22b7d0c3bd6786c9128cba\",\"name\":\"administrador\",\"image\":{\"@type\":\"ImageObject\",\"inLanguage\":\"es\",\"@id\":\"https:\\\/\\\/secure.gravatar.com\\\/avatar\\\/9137aac6891e2595c9d3036fd83bcb653b4db3c946db4c7d9b9be193c3c944bb?s=96&d=mm&r=g\",\"url\":\"https:\\\/\\\/secure.gravatar.com\\\/avatar\\\/9137aac6891e2595c9d3036fd83bcb653b4db3c946db4c7d9b9be193c3c944bb?s=96&d=mm&r=g\",\"contentUrl\":\"https:\\\/\\\/secure.gravatar.com\\\/avatar\\\/9137aac6891e2595c9d3036fd83bcb653b4db3c946db4c7d9b9be193c3c944bb?s=96&d=mm&r=g\",\"caption\":\"administrador\"},\"url\":\"https:\\\/\\\/mont-roig.cat\\\/es\\\/actualitat\\\/noticies\\\/author\\\/administrador\\\/\"}]}<\/script>\n<!-- \/ Yoast SEO plugin. -->","yoast_head_json":{"title":"El Ayuntamiento de Mont-roig del Camp aprueba un presupuesto consolidado de 20'5 M \u20ac para el 2019 - Ajuntament de Mont-roig del Camp","robots":{"index":"index","follow":"follow","max-snippet":"max-snippet:-1","max-image-preview":"max-image-preview:large","max-video-preview":"max-video-preview:-1"},"canonical":"https:\/\/mont-roig.cat\/es\/actualitat\/noticies\/el-ayuntamiento-de-mont-roig-del-camp-aprueba-un-presupuesto-consolidado-de-205-m-e-para-el-2019\/","og_locale":"es_ES","og_type":"article","og_title":"El Ayuntamiento de Mont-roig del Camp aprueba un presupuesto consolidado de 20'5 M \u20ac para el 2019 - Ajuntament de Mont-roig del Camp","og_description":"El Ayuntamiento de Mont-roig del Camp ha aprobado este jueves, en sesi\u00f3n plenaria extraordinaria, el Presupuesto Municipal para el ejercicio del 2019. El presupuesto consolidado, incorporando las cuentas del Ayuntamiento y la Entidad P\u00fablica Empresarial Nostreserveis prev\u00e9 unos ingresos y gastos que ascienden a 20.472.871,2 \u20ac. Las cuentas se han aprobado con los votos a [&hellip;]","og_url":"https:\/\/mont-roig.cat\/es\/actualitat\/noticies\/el-ayuntamiento-de-mont-roig-del-camp-aprueba-un-presupuesto-consolidado-de-205-m-e-para-el-2019\/","og_site_name":"Ajuntament de Mont-roig del Camp","article_published_time":"2018-12-21T15:48:47+00:00","og_image":[{"width":4032,"height":3024,"url":"https:\/\/mont-roig.cat\/wp-content\/uploads\/Ple-Ajuntament-Mont-roig-del-Camp-20-desembre.jpg","type":"image\/jpeg"}],"author":"administrador","twitter_card":"summary_large_image","twitter_misc":{"Escrito por":"administrador","Tiempo de lectura":"3 minutos"},"schema":{"@context":"https:\/\/schema.org","@graph":[{"@type":"Article","@id":"https:\/\/mont-roig.cat\/es\/actualitat\/noticies\/el-ayuntamiento-de-mont-roig-del-camp-aprueba-un-presupuesto-consolidado-de-205-m-e-para-el-2019\/#article","isPartOf":{"@id":"https:\/\/mont-roig.cat\/es\/actualitat\/noticies\/el-ayuntamiento-de-mont-roig-del-camp-aprueba-un-presupuesto-consolidado-de-205-m-e-para-el-2019\/"},"author":{"name":"administrador","@id":"https:\/\/mont-roig.cat\/es\/#\/schema\/person\/f2b111789f22b7d0c3bd6786c9128cba"},"headline":"El Ayuntamiento de Mont-roig del Camp aprueba un presupuesto consolidado de 20&#8217;5 M \u20ac para el 2019","datePublished":"2018-12-21T15:48:47+00:00","mainEntityOfPage":{"@id":"https:\/\/mont-roig.cat\/es\/actualitat\/noticies\/el-ayuntamiento-de-mont-roig-del-camp-aprueba-un-presupuesto-consolidado-de-205-m-e-para-el-2019\/"},"wordCount":581,"image":{"@id":"https:\/\/mont-roig.cat\/es\/actualitat\/noticies\/el-ayuntamiento-de-mont-roig-del-camp-aprueba-un-presupuesto-consolidado-de-205-m-e-para-el-2019\/#primaryimage"},"thumbnailUrl":"https:\/\/mont-roig.cat\/wp-content\/uploads\/Ple-Ajuntament-Mont-roig-del-Camp-20-desembre.jpg","articleSection":["Ayuntamiento"],"inLanguage":"es"},{"@type":"WebPage","@id":"https:\/\/mont-roig.cat\/es\/actualitat\/noticies\/el-ayuntamiento-de-mont-roig-del-camp-aprueba-un-presupuesto-consolidado-de-205-m-e-para-el-2019\/","url":"https:\/\/mont-roig.cat\/es\/actualitat\/noticies\/el-ayuntamiento-de-mont-roig-del-camp-aprueba-un-presupuesto-consolidado-de-205-m-e-para-el-2019\/","name":"El Ayuntamiento de Mont-roig del Camp aprueba un presupuesto consolidado de 20'5 M \u20ac para el 2019 - Ajuntament de Mont-roig del Camp","isPartOf":{"@id":"https:\/\/mont-roig.cat\/es\/#website"},"primaryImageOfPage":{"@id":"https:\/\/mont-roig.cat\/es\/actualitat\/noticies\/el-ayuntamiento-de-mont-roig-del-camp-aprueba-un-presupuesto-consolidado-de-205-m-e-para-el-2019\/#primaryimage"},"image":{"@id":"https:\/\/mont-roig.cat\/es\/actualitat\/noticies\/el-ayuntamiento-de-mont-roig-del-camp-aprueba-un-presupuesto-consolidado-de-205-m-e-para-el-2019\/#primaryimage"},"thumbnailUrl":"https:\/\/mont-roig.cat\/wp-content\/uploads\/Ple-Ajuntament-Mont-roig-del-Camp-20-desembre.jpg","datePublished":"2018-12-21T15:48:47+00:00","author":{"@id":"https:\/\/mont-roig.cat\/es\/#\/schema\/person\/f2b111789f22b7d0c3bd6786c9128cba"},"breadcrumb":{"@id":"https:\/\/mont-roig.cat\/es\/actualitat\/noticies\/el-ayuntamiento-de-mont-roig-del-camp-aprueba-un-presupuesto-consolidado-de-205-m-e-para-el-2019\/#breadcrumb"},"inLanguage":"es","potentialAction":[{"@type":"ReadAction","target":["https:\/\/mont-roig.cat\/es\/actualitat\/noticies\/el-ayuntamiento-de-mont-roig-del-camp-aprueba-un-presupuesto-consolidado-de-205-m-e-para-el-2019\/"]}]},{"@type":"ImageObject","inLanguage":"es","@id":"https:\/\/mont-roig.cat\/es\/actualitat\/noticies\/el-ayuntamiento-de-mont-roig-del-camp-aprueba-un-presupuesto-consolidado-de-205-m-e-para-el-2019\/#primaryimage","url":"https:\/\/mont-roig.cat\/wp-content\/uploads\/Ple-Ajuntament-Mont-roig-del-Camp-20-desembre.jpg","contentUrl":"https:\/\/mont-roig.cat\/wp-content\/uploads\/Ple-Ajuntament-Mont-roig-del-Camp-20-desembre.jpg","width":4032,"height":3024},{"@type":"BreadcrumbList","@id":"https:\/\/mont-roig.cat\/es\/actualitat\/noticies\/el-ayuntamiento-de-mont-roig-del-camp-aprueba-un-presupuesto-consolidado-de-205-m-e-para-el-2019\/#breadcrumb","itemListElement":[{"@type":"ListItem","position":1,"name":"Inici","item":"https:\/\/mont-roig.cat\/es\/pagina-de-inicio\/"},{"@type":"ListItem","position":2,"name":"El Ayuntamiento de Mont-roig del Camp aprueba un presupuesto consolidado de 20&#8217;5 M \u20ac para el 2019"}]},{"@type":"WebSite","@id":"https:\/\/mont-roig.cat\/es\/#website","url":"https:\/\/mont-roig.cat\/es\/","name":"Ajuntament de Mont-roig del Camp","description":"Tota la informaci\u00f3 sobre la instituci\u00f3, els seus \u00f2rgans de govern, actualitat, serveis i molt m\u00e9s.","potentialAction":[{"@type":"SearchAction","target":{"@type":"EntryPoint","urlTemplate":"https:\/\/mont-roig.cat\/es\/?s={search_term_string}"},"query-input":{"@type":"PropertyValueSpecification","valueRequired":true,"valueName":"search_term_string"}}],"inLanguage":"es"},{"@type":"Person","@id":"https:\/\/mont-roig.cat\/es\/#\/schema\/person\/f2b111789f22b7d0c3bd6786c9128cba","name":"administrador","image":{"@type":"ImageObject","inLanguage":"es","@id":"https:\/\/secure.gravatar.com\/avatar\/9137aac6891e2595c9d3036fd83bcb653b4db3c946db4c7d9b9be193c3c944bb?s=96&d=mm&r=g","url":"https:\/\/secure.gravatar.com\/avatar\/9137aac6891e2595c9d3036fd83bcb653b4db3c946db4c7d9b9be193c3c944bb?s=96&d=mm&r=g","contentUrl":"https:\/\/secure.gravatar.com\/avatar\/9137aac6891e2595c9d3036fd83bcb653b4db3c946db4c7d9b9be193c3c944bb?s=96&d=mm&r=g","caption":"administrador"},"url":"https:\/\/mont-roig.cat\/es\/actualitat\/noticies\/author\/administrador\/"}]}},"_links":{"self":[{"href":"https:\/\/mont-roig.cat\/es\/wp-json\/wp\/v2\/posts\/33010","targetHints":{"allow":["GET"]}}],"collection":[{"href":"https:\/\/mont-roig.cat\/es\/wp-json\/wp\/v2\/posts"}],"about":[{"href":"https:\/\/mont-roig.cat\/es\/wp-json\/wp\/v2\/types\/post"}],"author":[{"embeddable":true,"href":"https:\/\/mont-roig.cat\/es\/wp-json\/wp\/v2\/users\/4"}],"replies":[{"embeddable":true,"href":"https:\/\/mont-roig.cat\/es\/wp-json\/wp\/v2\/comments?post=33010"}],"version-history":[{"count":2,"href":"https:\/\/mont-roig.cat\/es\/wp-json\/wp\/v2\/posts\/33010\/revisions"}],"predecessor-version":[{"id":33012,"href":"https:\/\/mont-roig.cat\/es\/wp-json\/wp\/v2\/posts\/33010\/revisions\/33012"}],"wp:featuredmedia":[{"embeddable":true,"href":"https:\/\/mont-roig.cat\/es\/wp-json\/wp\/v2\/media\/33008"}],"wp:attachment":[{"href":"https:\/\/mont-roig.cat\/es\/wp-json\/wp\/v2\/media?parent=33010"}],"wp:term":[{"taxonomy":"category","embeddable":true,"href":"https:\/\/mont-roig.cat\/es\/wp-json\/wp\/v2\/categories?post=33010"},{"taxonomy":"post_tag","embeddable":true,"href":"https:\/\/mont-roig.cat\/es\/wp-json\/wp\/v2\/tags?post=33010"}],"curies":[{"name":"wp","href":"https:\/\/api.w.org\/{rel}","templated":true}]}}