{"id":33200,"date":"2019-01-08T13:05:32","date_gmt":"2019-01-08T12:05:32","guid":{"rendered":"https:\/\/mont-roig.cat\/?p=33200"},"modified":"2019-01-08T13:05:32","modified_gmt":"2019-01-08T12:05:32","slug":"afectaciones-viarias-con-motivo-de-la-carrera-crema-torrons","status":"publish","type":"post","link":"https:\/\/mont-roig.cat\/es\/actualitat\/noticies\/afectaciones-viarias-con-motivo-de-la-carrera-crema-torrons\/","title":{"rendered":"Afectaciones viarias con motivo de la carrera Crema Torrons"},"content":{"rendered":"<p>En motivo de la carrera popular Crema Torrons y la Jornada Solidaria que se celebrar\u00e1 el pr\u00f3ximo domingo 13 de enero en Miami Platja habr\u00e1 diversas afectaciones de tr\u00e1fico. El paseo Mediterr\u00e1neo, el paseo Mar\u00edtimo as\u00ed como la bajada a la platja Cristall son algunos de los puntos que quedar\u00e1n cortadas al tr\u00e1fico durante la ma\u00f1ana.<\/p>\n<p>Consulte el mapa y los horarios.<\/p>\n<p>Disculpe las molestias.<\/p>\n<p><a href=\"https:\/\/mont-roig.cat\/wp-content\/uploads\/Crematorrons-2019.jpg\"><img loading=\"lazy\" decoding=\"async\" class=\"alignnone wp-image-33195\" src=\"https:\/\/mont-roig.cat\/wp-content\/uploads\/Crematorrons-2019.jpg\" alt=\"\" width=\"940\" height=\"664\" srcset=\"https:\/\/mont-roig.cat\/wp-content\/uploads\/Crematorrons-2019.jpg 1684w, https:\/\/mont-roig.cat\/wp-content\/uploads\/Crematorrons-2019-500x353.jpg 500w, https:\/\/mont-roig.cat\/wp-content\/uploads\/Crematorrons-2019-768x543.jpg 768w, https:\/\/mont-roig.cat\/wp-content\/uploads\/Crematorrons-2019-1024x724.jpg 1024w\" sizes=\"auto, (max-width: 940px) 100vw, 940px\" \/><\/a><\/p>\n","protected":false},"excerpt":{"rendered":"<p>En motivo de la carrera popular Crema Torrons y la Jornada Solidaria que se celebrar\u00e1 el pr\u00f3ximo domingo 13 de enero en Miami Platja habr\u00e1 diversas afectaciones de tr\u00e1fico. El paseo Mediterr\u00e1neo, el paseo Mar\u00edtimo as\u00ed como la bajada a la platja Cristall son algunos de los puntos que quedar\u00e1n cortadas al tr\u00e1fico durante la [&hellip;]<\/p>\n","protected":false},"author":4,"featured_media":33196,"comment_status":"closed","ping_status":"closed","sticky":false,"template":"","format":"standard","meta":{"inline_featured_image":false,"_monsterinsights_skip_tracking":false,"_monsterinsights_sitenote_active":false,"_monsterinsights_sitenote_note":"","_monsterinsights_sitenote_category":0,"footnotes":""},"categories":[71],"tags":[],"class_list":["post-33200","post","type-post","status-publish","format-standard","has-post-thumbnail","hentry","category-general-es"],"yoast_head":"<!-- This site is optimized with the Yoast SEO plugin v27.4 - https:\/\/yoast.com\/product\/yoast-seo-wordpress\/ -->\n<title>Afectaciones viarias con motivo de la carrera Crema Torrons - Ajuntament de Mont-roig del Camp<\/title>\n<meta name=\"robots\" content=\"index, follow, max-snippet:-1, max-image-preview:large, max-video-preview:-1\" \/>\n<link rel=\"canonical\" href=\"https:\/\/mont-roig.cat\/es\/actualitat\/noticies\/afectaciones-viarias-con-motivo-de-la-carrera-crema-torrons\/\" \/>\n<meta property=\"og:locale\" content=\"es_ES\" \/>\n<meta property=\"og:type\" content=\"article\" \/>\n<meta property=\"og:title\" content=\"Afectaciones viarias con motivo de la carrera Crema Torrons - Ajuntament de Mont-roig del Camp\" \/>\n<meta property=\"og:description\" content=\"En motivo de la carrera popular Crema Torrons y la Jornada Solidaria que se celebrar\u00e1 el pr\u00f3ximo domingo 13 de enero en Miami Platja habr\u00e1 diversas afectaciones de tr\u00e1fico. El paseo Mediterr\u00e1neo, el paseo Mar\u00edtimo as\u00ed como la bajada a la platja Cristall son algunos de los puntos que quedar\u00e1n cortadas al tr\u00e1fico durante la [&hellip;]\" \/>\n<meta property=\"og:url\" content=\"https:\/\/mont-roig.cat\/es\/actualitat\/noticies\/afectaciones-viarias-con-motivo-de-la-carrera-crema-torrons\/\" \/>\n<meta property=\"og:site_name\" content=\"Ajuntament de Mont-roig del Camp\" \/>\n<meta property=\"article:published_time\" content=\"2019-01-08T12:05:32+00:00\" \/>\n<meta property=\"og:image\" content=\"https:\/\/mont-roig.cat\/wp-content\/uploads\/Crematorrons-2019.jpg\" \/>\n\t<meta property=\"og:image:width\" content=\"1684\" \/>\n\t<meta property=\"og:image:height\" content=\"1190\" \/>\n\t<meta property=\"og:image:type\" content=\"image\/jpeg\" \/>\n<meta name=\"author\" content=\"administrador\" \/>\n<meta name=\"twitter:card\" content=\"summary_large_image\" \/>\n<meta name=\"twitter:label1\" content=\"Escrito por\" \/>\n\t<meta name=\"twitter:data1\" content=\"administrador\" \/>\n<script type=\"application\/ld+json\" class=\"yoast-schema-graph\">{\"@context\":\"https:\\\/\\\/schema.org\",\"@graph\":[{\"@type\":\"Article\",\"@id\":\"https:\\\/\\\/mont-roig.cat\\\/es\\\/actualitat\\\/noticies\\\/afectaciones-viarias-con-motivo-de-la-carrera-crema-torrons\\\/#article\",\"isPartOf\":{\"@id\":\"https:\\\/\\\/mont-roig.cat\\\/es\\\/actualitat\\\/noticies\\\/afectaciones-viarias-con-motivo-de-la-carrera-crema-torrons\\\/\"},\"author\":{\"name\":\"administrador\",\"@id\":\"https:\\\/\\\/mont-roig.cat\\\/es\\\/#\\\/schema\\\/person\\\/f2b111789f22b7d0c3bd6786c9128cba\"},\"headline\":\"Afectaciones viarias con motivo de la carrera Crema Torrons\",\"datePublished\":\"2019-01-08T12:05:32+00:00\",\"mainEntityOfPage\":{\"@id\":\"https:\\\/\\\/mont-roig.cat\\\/es\\\/actualitat\\\/noticies\\\/afectaciones-viarias-con-motivo-de-la-carrera-crema-torrons\\\/\"},\"wordCount\":80,\"image\":{\"@id\":\"https:\\\/\\\/mont-roig.cat\\\/es\\\/actualitat\\\/noticies\\\/afectaciones-viarias-con-motivo-de-la-carrera-crema-torrons\\\/#primaryimage\"},\"thumbnailUrl\":\"https:\\\/\\\/mont-roig.cat\\\/wp-content\\\/uploads\\\/Crematorrons-2019.jpg\",\"articleSection\":[\"General\"],\"inLanguage\":\"es\"},{\"@type\":\"WebPage\",\"@id\":\"https:\\\/\\\/mont-roig.cat\\\/es\\\/actualitat\\\/noticies\\\/afectaciones-viarias-con-motivo-de-la-carrera-crema-torrons\\\/\",\"url\":\"https:\\\/\\\/mont-roig.cat\\\/es\\\/actualitat\\\/noticies\\\/afectaciones-viarias-con-motivo-de-la-carrera-crema-torrons\\\/\",\"name\":\"Afectaciones viarias con motivo de la carrera Crema Torrons - Ajuntament de Mont-roig del Camp\",\"isPartOf\":{\"@id\":\"https:\\\/\\\/mont-roig.cat\\\/es\\\/#website\"},\"primaryImageOfPage\":{\"@id\":\"https:\\\/\\\/mont-roig.cat\\\/es\\\/actualitat\\\/noticies\\\/afectaciones-viarias-con-motivo-de-la-carrera-crema-torrons\\\/#primaryimage\"},\"image\":{\"@id\":\"https:\\\/\\\/mont-roig.cat\\\/es\\\/actualitat\\\/noticies\\\/afectaciones-viarias-con-motivo-de-la-carrera-crema-torrons\\\/#primaryimage\"},\"thumbnailUrl\":\"https:\\\/\\\/mont-roig.cat\\\/wp-content\\\/uploads\\\/Crematorrons-2019.jpg\",\"datePublished\":\"2019-01-08T12:05:32+00:00\",\"author\":{\"@id\":\"https:\\\/\\\/mont-roig.cat\\\/es\\\/#\\\/schema\\\/person\\\/f2b111789f22b7d0c3bd6786c9128cba\"},\"breadcrumb\":{\"@id\":\"https:\\\/\\\/mont-roig.cat\\\/es\\\/actualitat\\\/noticies\\\/afectaciones-viarias-con-motivo-de-la-carrera-crema-torrons\\\/#breadcrumb\"},\"inLanguage\":\"es\",\"potentialAction\":[{\"@type\":\"ReadAction\",\"target\":[\"https:\\\/\\\/mont-roig.cat\\\/es\\\/actualitat\\\/noticies\\\/afectaciones-viarias-con-motivo-de-la-carrera-crema-torrons\\\/\"]}]},{\"@type\":\"ImageObject\",\"inLanguage\":\"es\",\"@id\":\"https:\\\/\\\/mont-roig.cat\\\/es\\\/actualitat\\\/noticies\\\/afectaciones-viarias-con-motivo-de-la-carrera-crema-torrons\\\/#primaryimage\",\"url\":\"https:\\\/\\\/mont-roig.cat\\\/wp-content\\\/uploads\\\/Crematorrons-2019.jpg\",\"contentUrl\":\"https:\\\/\\\/mont-roig.cat\\\/wp-content\\\/uploads\\\/Crematorrons-2019.jpg\",\"width\":1684,\"height\":1190},{\"@type\":\"BreadcrumbList\",\"@id\":\"https:\\\/\\\/mont-roig.cat\\\/es\\\/actualitat\\\/noticies\\\/afectaciones-viarias-con-motivo-de-la-carrera-crema-torrons\\\/#breadcrumb\",\"itemListElement\":[{\"@type\":\"ListItem\",\"position\":1,\"name\":\"Inici\",\"item\":\"https:\\\/\\\/mont-roig.cat\\\/es\\\/pagina-de-inicio\\\/\"},{\"@type\":\"ListItem\",\"position\":2,\"name\":\"Afectaciones viarias con motivo de la carrera Crema Torrons\"}]},{\"@type\":\"WebSite\",\"@id\":\"https:\\\/\\\/mont-roig.cat\\\/es\\\/#website\",\"url\":\"https:\\\/\\\/mont-roig.cat\\\/es\\\/\",\"name\":\"Ajuntament de Mont-roig del Camp\",\"description\":\"Tota la informaci\u00f3 sobre la instituci\u00f3, els seus \u00f2rgans de govern, actualitat, serveis i molt m\u00e9s.\",\"potentialAction\":[{\"@type\":\"SearchAction\",\"target\":{\"@type\":\"EntryPoint\",\"urlTemplate\":\"https:\\\/\\\/mont-roig.cat\\\/es\\\/?s={search_term_string}\"},\"query-input\":{\"@type\":\"PropertyValueSpecification\",\"valueRequired\":true,\"valueName\":\"search_term_string\"}}],\"inLanguage\":\"es\"},{\"@type\":\"Person\",\"@id\":\"https:\\\/\\\/mont-roig.cat\\\/es\\\/#\\\/schema\\\/person\\\/f2b111789f22b7d0c3bd6786c9128cba\",\"name\":\"administrador\",\"image\":{\"@type\":\"ImageObject\",\"inLanguage\":\"es\",\"@id\":\"https:\\\/\\\/secure.gravatar.com\\\/avatar\\\/9137aac6891e2595c9d3036fd83bcb653b4db3c946db4c7d9b9be193c3c944bb?s=96&d=mm&r=g\",\"url\":\"https:\\\/\\\/secure.gravatar.com\\\/avatar\\\/9137aac6891e2595c9d3036fd83bcb653b4db3c946db4c7d9b9be193c3c944bb?s=96&d=mm&r=g\",\"contentUrl\":\"https:\\\/\\\/secure.gravatar.com\\\/avatar\\\/9137aac6891e2595c9d3036fd83bcb653b4db3c946db4c7d9b9be193c3c944bb?s=96&d=mm&r=g\",\"caption\":\"administrador\"},\"url\":\"https:\\\/\\\/mont-roig.cat\\\/es\\\/actualitat\\\/noticies\\\/author\\\/administrador\\\/\"}]}<\/script>\n<!-- \/ Yoast SEO plugin. -->","yoast_head_json":{"title":"Afectaciones viarias con motivo de la carrera Crema Torrons - Ajuntament de Mont-roig del Camp","robots":{"index":"index","follow":"follow","max-snippet":"max-snippet:-1","max-image-preview":"max-image-preview:large","max-video-preview":"max-video-preview:-1"},"canonical":"https:\/\/mont-roig.cat\/es\/actualitat\/noticies\/afectaciones-viarias-con-motivo-de-la-carrera-crema-torrons\/","og_locale":"es_ES","og_type":"article","og_title":"Afectaciones viarias con motivo de la carrera Crema Torrons - Ajuntament de Mont-roig del Camp","og_description":"En motivo de la carrera popular Crema Torrons y la Jornada Solidaria que se celebrar\u00e1 el pr\u00f3ximo domingo 13 de enero en Miami Platja habr\u00e1 diversas afectaciones de tr\u00e1fico. El paseo Mediterr\u00e1neo, el paseo Mar\u00edtimo as\u00ed como la bajada a la platja Cristall son algunos de los puntos que quedar\u00e1n cortadas al tr\u00e1fico durante la [&hellip;]","og_url":"https:\/\/mont-roig.cat\/es\/actualitat\/noticies\/afectaciones-viarias-con-motivo-de-la-carrera-crema-torrons\/","og_site_name":"Ajuntament de Mont-roig del Camp","article_published_time":"2019-01-08T12:05:32+00:00","og_image":[{"width":1684,"height":1190,"url":"https:\/\/mont-roig.cat\/wp-content\/uploads\/Crematorrons-2019.jpg","type":"image\/jpeg"}],"author":"administrador","twitter_card":"summary_large_image","twitter_misc":{"Escrito por":"administrador"},"schema":{"@context":"https:\/\/schema.org","@graph":[{"@type":"Article","@id":"https:\/\/mont-roig.cat\/es\/actualitat\/noticies\/afectaciones-viarias-con-motivo-de-la-carrera-crema-torrons\/#article","isPartOf":{"@id":"https:\/\/mont-roig.cat\/es\/actualitat\/noticies\/afectaciones-viarias-con-motivo-de-la-carrera-crema-torrons\/"},"author":{"name":"administrador","@id":"https:\/\/mont-roig.cat\/es\/#\/schema\/person\/f2b111789f22b7d0c3bd6786c9128cba"},"headline":"Afectaciones viarias con motivo de la carrera Crema Torrons","datePublished":"2019-01-08T12:05:32+00:00","mainEntityOfPage":{"@id":"https:\/\/mont-roig.cat\/es\/actualitat\/noticies\/afectaciones-viarias-con-motivo-de-la-carrera-crema-torrons\/"},"wordCount":80,"image":{"@id":"https:\/\/mont-roig.cat\/es\/actualitat\/noticies\/afectaciones-viarias-con-motivo-de-la-carrera-crema-torrons\/#primaryimage"},"thumbnailUrl":"https:\/\/mont-roig.cat\/wp-content\/uploads\/Crematorrons-2019.jpg","articleSection":["General"],"inLanguage":"es"},{"@type":"WebPage","@id":"https:\/\/mont-roig.cat\/es\/actualitat\/noticies\/afectaciones-viarias-con-motivo-de-la-carrera-crema-torrons\/","url":"https:\/\/mont-roig.cat\/es\/actualitat\/noticies\/afectaciones-viarias-con-motivo-de-la-carrera-crema-torrons\/","name":"Afectaciones viarias con motivo de la carrera Crema Torrons - Ajuntament de Mont-roig del Camp","isPartOf":{"@id":"https:\/\/mont-roig.cat\/es\/#website"},"primaryImageOfPage":{"@id":"https:\/\/mont-roig.cat\/es\/actualitat\/noticies\/afectaciones-viarias-con-motivo-de-la-carrera-crema-torrons\/#primaryimage"},"image":{"@id":"https:\/\/mont-roig.cat\/es\/actualitat\/noticies\/afectaciones-viarias-con-motivo-de-la-carrera-crema-torrons\/#primaryimage"},"thumbnailUrl":"https:\/\/mont-roig.cat\/wp-content\/uploads\/Crematorrons-2019.jpg","datePublished":"2019-01-08T12:05:32+00:00","author":{"@id":"https:\/\/mont-roig.cat\/es\/#\/schema\/person\/f2b111789f22b7d0c3bd6786c9128cba"},"breadcrumb":{"@id":"https:\/\/mont-roig.cat\/es\/actualitat\/noticies\/afectaciones-viarias-con-motivo-de-la-carrera-crema-torrons\/#breadcrumb"},"inLanguage":"es","potentialAction":[{"@type":"ReadAction","target":["https:\/\/mont-roig.cat\/es\/actualitat\/noticies\/afectaciones-viarias-con-motivo-de-la-carrera-crema-torrons\/"]}]},{"@type":"ImageObject","inLanguage":"es","@id":"https:\/\/mont-roig.cat\/es\/actualitat\/noticies\/afectaciones-viarias-con-motivo-de-la-carrera-crema-torrons\/#primaryimage","url":"https:\/\/mont-roig.cat\/wp-content\/uploads\/Crematorrons-2019.jpg","contentUrl":"https:\/\/mont-roig.cat\/wp-content\/uploads\/Crematorrons-2019.jpg","width":1684,"height":1190},{"@type":"BreadcrumbList","@id":"https:\/\/mont-roig.cat\/es\/actualitat\/noticies\/afectaciones-viarias-con-motivo-de-la-carrera-crema-torrons\/#breadcrumb","itemListElement":[{"@type":"ListItem","position":1,"name":"Inici","item":"https:\/\/mont-roig.cat\/es\/pagina-de-inicio\/"},{"@type":"ListItem","position":2,"name":"Afectaciones viarias con motivo de la carrera Crema Torrons"}]},{"@type":"WebSite","@id":"https:\/\/mont-roig.cat\/es\/#website","url":"https:\/\/mont-roig.cat\/es\/","name":"Ajuntament de Mont-roig del Camp","description":"Tota la informaci\u00f3 sobre la instituci\u00f3, els seus \u00f2rgans de govern, actualitat, serveis i molt m\u00e9s.","potentialAction":[{"@type":"SearchAction","target":{"@type":"EntryPoint","urlTemplate":"https:\/\/mont-roig.cat\/es\/?s={search_term_string}"},"query-input":{"@type":"PropertyValueSpecification","valueRequired":true,"valueName":"search_term_string"}}],"inLanguage":"es"},{"@type":"Person","@id":"https:\/\/mont-roig.cat\/es\/#\/schema\/person\/f2b111789f22b7d0c3bd6786c9128cba","name":"administrador","image":{"@type":"ImageObject","inLanguage":"es","@id":"https:\/\/secure.gravatar.com\/avatar\/9137aac6891e2595c9d3036fd83bcb653b4db3c946db4c7d9b9be193c3c944bb?s=96&d=mm&r=g","url":"https:\/\/secure.gravatar.com\/avatar\/9137aac6891e2595c9d3036fd83bcb653b4db3c946db4c7d9b9be193c3c944bb?s=96&d=mm&r=g","contentUrl":"https:\/\/secure.gravatar.com\/avatar\/9137aac6891e2595c9d3036fd83bcb653b4db3c946db4c7d9b9be193c3c944bb?s=96&d=mm&r=g","caption":"administrador"},"url":"https:\/\/mont-roig.cat\/es\/actualitat\/noticies\/author\/administrador\/"}]}},"_links":{"self":[{"href":"https:\/\/mont-roig.cat\/es\/wp-json\/wp\/v2\/posts\/33200","targetHints":{"allow":["GET"]}}],"collection":[{"href":"https:\/\/mont-roig.cat\/es\/wp-json\/wp\/v2\/posts"}],"about":[{"href":"https:\/\/mont-roig.cat\/es\/wp-json\/wp\/v2\/types\/post"}],"author":[{"embeddable":true,"href":"https:\/\/mont-roig.cat\/es\/wp-json\/wp\/v2\/users\/4"}],"replies":[{"embeddable":true,"href":"https:\/\/mont-roig.cat\/es\/wp-json\/wp\/v2\/comments?post=33200"}],"version-history":[{"count":1,"href":"https:\/\/mont-roig.cat\/es\/wp-json\/wp\/v2\/posts\/33200\/revisions"}],"predecessor-version":[{"id":33201,"href":"https:\/\/mont-roig.cat\/es\/wp-json\/wp\/v2\/posts\/33200\/revisions\/33201"}],"wp:featuredmedia":[{"embeddable":true,"href":"https:\/\/mont-roig.cat\/es\/wp-json\/wp\/v2\/media\/33196"}],"wp:attachment":[{"href":"https:\/\/mont-roig.cat\/es\/wp-json\/wp\/v2\/media?parent=33200"}],"wp:term":[{"taxonomy":"category","embeddable":true,"href":"https:\/\/mont-roig.cat\/es\/wp-json\/wp\/v2\/categories?post=33200"},{"taxonomy":"post_tag","embeddable":true,"href":"https:\/\/mont-roig.cat\/es\/wp-json\/wp\/v2\/tags?post=33200"}],"curies":[{"name":"wp","href":"https:\/\/api.w.org\/{rel}","templated":true}]}}