{"id":33255,"date":"2019-01-10T15:54:33","date_gmt":"2019-01-10T14:54:33","guid":{"rendered":"https:\/\/mont-roig.cat\/?p=33255"},"modified":"2019-01-10T15:54:33","modified_gmt":"2019-01-10T14:54:33","slug":"ultimos-dias-para-presentar-los-dibujos-de-la-mascota-infantil","status":"publish","type":"post","link":"https:\/\/mont-roig.cat\/es\/actualitat\/noticies\/ultimos-dias-para-presentar-los-dibujos-de-la-mascota-infantil\/","title":{"rendered":"\u00daltimos d\u00edas para presentar los dibujos de la mascota infantil"},"content":{"rendered":"<p><strong>\u2022 Se trata de un concurso dirigido a los alumnos de 4\u00ba, 5\u00ba y 6\u00ba de las tres escuelas del municipio a fin de crear una mascota destinada a ser la imagen representativa de los ni\u00f1os y ni\u00f1as del municipio<\/strong><br \/>\n<strong>\u2022 El voto popular de las obras finalistas se podr\u00e1 emitir del 18 al 26 de enero<\/strong><\/p>\n<div id=\"attachment_33250\" style=\"width: 310px\" class=\"wp-caption alignright\"><a href=\"https:\/\/mont-roig.cat\/wp-content\/uploads\/children-cute-drawing-159823.jpg\"><img loading=\"lazy\" decoding=\"async\" aria-describedby=\"caption-attachment-33250\" class=\"wp-image-33250\" src=\"https:\/\/mont-roig.cat\/wp-content\/uploads\/children-cute-drawing-159823.jpg\" alt=\"\" width=\"300\" height=\"200\" srcset=\"https:\/\/mont-roig.cat\/wp-content\/uploads\/children-cute-drawing-159823.jpg 1920w, https:\/\/mont-roig.cat\/wp-content\/uploads\/children-cute-drawing-159823-500x333.jpg 500w, https:\/\/mont-roig.cat\/wp-content\/uploads\/children-cute-drawing-159823-768x512.jpg 768w, https:\/\/mont-roig.cat\/wp-content\/uploads\/children-cute-drawing-159823-1024x683.jpg 1024w\" sizes=\"auto, (max-width: 300px) 100vw, 300px\" \/><\/a><p id=\"caption-attachment-33250\" class=\"wp-caption-text\">Los dibujos se pueden presentar en las escuelas hasta el 11 de enero<\/p><\/div>\n<p>El Ayuntamiento de Mont-roig del Camp, en colaboraci\u00f3n con el Plan Educativo de Entorno, ha puesto en marcha un concurso de dibujo para crear una mascota destinada a ser la imagen que identifique a los ni\u00f1os y ni\u00f1as del municipio. La funci\u00f3n principal de esta mascota ser\u00e1 la de dinamizar los actos institucionales del Ayuntamiento de diversa tipolog\u00eda, especialmente aquellos destinados al p\u00fablico infantil.<\/p>\n<p>El concurso est\u00e1 dirigido a los alumnos de 4\u00ba, 5\u00ba y 6\u00ba de primaria de los tres centros educativos del municipio. Cada participante puede hacer entrega de una \u00fanica propuesta. El dibujo de la mascota se podr\u00e1 elaborar con cualquier t\u00e9cnica (acuarela, l\u00e1pices, ceras, t\u00e9mperas, etc.). Se recomienda utilizar un m\u00e1ximo de 4 colores. El dibujo se presentar\u00e1 en la hoja normalizada facilitada al alumnado. En esta hoja es importante llenar los datos que se piden (seud\u00f3nimo, nombre de la mascota, tel\u00e9fono de contacto, nombre de la escuela que pertenece, curso y breve descripci\u00f3n). Los ni\u00f1os y ni\u00f1as que quieran participar tienen tiempo hasta el 11 de enero para presentar los dibujos en la correspondiente escuela.<\/p>\n<p>El premio ser\u00e1 el reconocimiento y la utilizaci\u00f3n del dibujo del ganador\/a para dise\u00f1ar la mascota del municipio y un vale de 200 euros para canjear por material escolar y juguetes.<\/p>\n<p><strong>El voto popular decidir\u00e1 el dibujo ganador de entre 3 propuestas finalistas<\/strong><\/p>\n<p>De todas las obras presentadas un jurado formado por t\u00e9cnicos y representantes de las escuelas del municipio escoger\u00e1 tres, que ser\u00e1n las mascotas finalistas. De las tres mascotas elegidas por el jurado se llevar\u00e1 a cabo una votaci\u00f3n popular para decidir el ganador &#8211; ganadora del concurso.<\/p>\n<p>Los dibujos escogidos estar\u00e1n expuestos a las Bibliotecas municipales de Mont-roig y de Miami Platja entre el 18 y el 26 de enero de 2019 (ambos inclusive). En este plazo la ciudadan\u00eda podr\u00e1 emitir su voto en las mismas bibliotecas o a trav\u00e9s del perfil p\u00fablico del Ayuntamiento de Mont-roig del Camp de la red social Facebook.<\/p>\n<p><a href=\"https:\/\/mont-roig.cat\/wp-content\/uploads\/Bases-concurs-mascota.pdf\" target=\"_blank\" rel=\"noopener\">Consulta las Bases del Concurso de la mascota infantil<\/a><\/p>\n","protected":false},"excerpt":{"rendered":"<p>\u2022 Se trata de un concurso dirigido a los alumnos de 4\u00ba, 5\u00ba y 6\u00ba de las tres escuelas del municipio a fin de crear una mascota destinada a ser la imagen representativa de los ni\u00f1os y ni\u00f1as del municipio \u2022 El voto popular de las obras finalistas se podr\u00e1 emitir del 18 al 26 [&hellip;]<\/p>\n","protected":false},"author":4,"featured_media":33251,"comment_status":"closed","ping_status":"closed","sticky":false,"template":"","format":"standard","meta":{"inline_featured_image":false,"_monsterinsights_skip_tracking":false,"_monsterinsights_sitenote_active":false,"_monsterinsights_sitenote_note":"","_monsterinsights_sitenote_category":0,"footnotes":""},"categories":[98,103],"tags":[],"class_list":["post-33255","post","type-post","status-publish","format-standard","has-post-thumbnail","hentry","category-ayuntamiento","category-educacion"],"yoast_head":"<!-- This site is optimized with the Yoast SEO plugin v27.4 - https:\/\/yoast.com\/product\/yoast-seo-wordpress\/ -->\n<title>\u00daltimos d\u00edas para presentar los dibujos de la mascota infantil - Ajuntament de Mont-roig del Camp<\/title>\n<meta name=\"robots\" content=\"index, follow, max-snippet:-1, max-image-preview:large, max-video-preview:-1\" \/>\n<link rel=\"canonical\" href=\"https:\/\/mont-roig.cat\/es\/actualitat\/noticies\/ultimos-dias-para-presentar-los-dibujos-de-la-mascota-infantil\/\" \/>\n<meta property=\"og:locale\" content=\"es_ES\" \/>\n<meta property=\"og:type\" content=\"article\" \/>\n<meta property=\"og:title\" content=\"\u00daltimos d\u00edas para presentar los dibujos de la mascota infantil - Ajuntament de Mont-roig del Camp\" \/>\n<meta property=\"og:description\" content=\"\u2022 Se trata de un concurso dirigido a los alumnos de 4\u00ba, 5\u00ba y 6\u00ba de las tres escuelas del municipio a fin de crear una mascota destinada a ser la imagen representativa de los ni\u00f1os y ni\u00f1as del municipio \u2022 El voto popular de las obras finalistas se podr\u00e1 emitir del 18 al 26 [&hellip;]\" \/>\n<meta property=\"og:url\" content=\"https:\/\/mont-roig.cat\/es\/actualitat\/noticies\/ultimos-dias-para-presentar-los-dibujos-de-la-mascota-infantil\/\" \/>\n<meta property=\"og:site_name\" content=\"Ajuntament de Mont-roig del Camp\" \/>\n<meta property=\"article:published_time\" content=\"2019-01-10T14:54:33+00:00\" \/>\n<meta property=\"og:image\" content=\"https:\/\/mont-roig.cat\/wp-content\/uploads\/children-cute-drawing-159823.jpg\" \/>\n\t<meta property=\"og:image:width\" content=\"5184\" \/>\n\t<meta property=\"og:image:height\" content=\"3456\" \/>\n\t<meta property=\"og:image:type\" content=\"image\/jpeg\" \/>\n<meta name=\"author\" content=\"administrador\" \/>\n<meta name=\"twitter:card\" content=\"summary_large_image\" \/>\n<meta name=\"twitter:label1\" content=\"Escrito por\" \/>\n\t<meta name=\"twitter:data1\" content=\"administrador\" \/>\n\t<meta name=\"twitter:label2\" content=\"Tiempo de lectura\" \/>\n\t<meta name=\"twitter:data2\" content=\"2 minutos\" \/>\n<script type=\"application\/ld+json\" class=\"yoast-schema-graph\">{\"@context\":\"https:\\\/\\\/schema.org\",\"@graph\":[{\"@type\":\"Article\",\"@id\":\"https:\\\/\\\/mont-roig.cat\\\/es\\\/actualitat\\\/noticies\\\/ultimos-dias-para-presentar-los-dibujos-de-la-mascota-infantil\\\/#article\",\"isPartOf\":{\"@id\":\"https:\\\/\\\/mont-roig.cat\\\/es\\\/actualitat\\\/noticies\\\/ultimos-dias-para-presentar-los-dibujos-de-la-mascota-infantil\\\/\"},\"author\":{\"name\":\"administrador\",\"@id\":\"https:\\\/\\\/mont-roig.cat\\\/es\\\/#\\\/schema\\\/person\\\/f2b111789f22b7d0c3bd6786c9128cba\"},\"headline\":\"\u00daltimos d\u00edas para presentar los dibujos de la mascota infantil\",\"datePublished\":\"2019-01-10T14:54:33+00:00\",\"mainEntityOfPage\":{\"@id\":\"https:\\\/\\\/mont-roig.cat\\\/es\\\/actualitat\\\/noticies\\\/ultimos-dias-para-presentar-los-dibujos-de-la-mascota-infantil\\\/\"},\"wordCount\":433,\"image\":{\"@id\":\"https:\\\/\\\/mont-roig.cat\\\/es\\\/actualitat\\\/noticies\\\/ultimos-dias-para-presentar-los-dibujos-de-la-mascota-infantil\\\/#primaryimage\"},\"thumbnailUrl\":\"https:\\\/\\\/mont-roig.cat\\\/wp-content\\\/uploads\\\/children-cute-drawing-159823.jpg\",\"articleSection\":[\"Ayuntamiento\",\"Educaci\u00f3n\"],\"inLanguage\":\"es\"},{\"@type\":\"WebPage\",\"@id\":\"https:\\\/\\\/mont-roig.cat\\\/es\\\/actualitat\\\/noticies\\\/ultimos-dias-para-presentar-los-dibujos-de-la-mascota-infantil\\\/\",\"url\":\"https:\\\/\\\/mont-roig.cat\\\/es\\\/actualitat\\\/noticies\\\/ultimos-dias-para-presentar-los-dibujos-de-la-mascota-infantil\\\/\",\"name\":\"\u00daltimos d\u00edas para presentar los dibujos de la mascota infantil - Ajuntament de Mont-roig del Camp\",\"isPartOf\":{\"@id\":\"https:\\\/\\\/mont-roig.cat\\\/es\\\/#website\"},\"primaryImageOfPage\":{\"@id\":\"https:\\\/\\\/mont-roig.cat\\\/es\\\/actualitat\\\/noticies\\\/ultimos-dias-para-presentar-los-dibujos-de-la-mascota-infantil\\\/#primaryimage\"},\"image\":{\"@id\":\"https:\\\/\\\/mont-roig.cat\\\/es\\\/actualitat\\\/noticies\\\/ultimos-dias-para-presentar-los-dibujos-de-la-mascota-infantil\\\/#primaryimage\"},\"thumbnailUrl\":\"https:\\\/\\\/mont-roig.cat\\\/wp-content\\\/uploads\\\/children-cute-drawing-159823.jpg\",\"datePublished\":\"2019-01-10T14:54:33+00:00\",\"author\":{\"@id\":\"https:\\\/\\\/mont-roig.cat\\\/es\\\/#\\\/schema\\\/person\\\/f2b111789f22b7d0c3bd6786c9128cba\"},\"breadcrumb\":{\"@id\":\"https:\\\/\\\/mont-roig.cat\\\/es\\\/actualitat\\\/noticies\\\/ultimos-dias-para-presentar-los-dibujos-de-la-mascota-infantil\\\/#breadcrumb\"},\"inLanguage\":\"es\",\"potentialAction\":[{\"@type\":\"ReadAction\",\"target\":[\"https:\\\/\\\/mont-roig.cat\\\/es\\\/actualitat\\\/noticies\\\/ultimos-dias-para-presentar-los-dibujos-de-la-mascota-infantil\\\/\"]}]},{\"@type\":\"ImageObject\",\"inLanguage\":\"es\",\"@id\":\"https:\\\/\\\/mont-roig.cat\\\/es\\\/actualitat\\\/noticies\\\/ultimos-dias-para-presentar-los-dibujos-de-la-mascota-infantil\\\/#primaryimage\",\"url\":\"https:\\\/\\\/mont-roig.cat\\\/wp-content\\\/uploads\\\/children-cute-drawing-159823.jpg\",\"contentUrl\":\"https:\\\/\\\/mont-roig.cat\\\/wp-content\\\/uploads\\\/children-cute-drawing-159823.jpg\",\"width\":5184,\"height\":3456},{\"@type\":\"BreadcrumbList\",\"@id\":\"https:\\\/\\\/mont-roig.cat\\\/es\\\/actualitat\\\/noticies\\\/ultimos-dias-para-presentar-los-dibujos-de-la-mascota-infantil\\\/#breadcrumb\",\"itemListElement\":[{\"@type\":\"ListItem\",\"position\":1,\"name\":\"Inici\",\"item\":\"https:\\\/\\\/mont-roig.cat\\\/es\\\/pagina-de-inicio\\\/\"},{\"@type\":\"ListItem\",\"position\":2,\"name\":\"\u00daltimos d\u00edas para presentar los dibujos de la mascota infantil\"}]},{\"@type\":\"WebSite\",\"@id\":\"https:\\\/\\\/mont-roig.cat\\\/es\\\/#website\",\"url\":\"https:\\\/\\\/mont-roig.cat\\\/es\\\/\",\"name\":\"Ajuntament de Mont-roig del Camp\",\"description\":\"Tota la informaci\u00f3 sobre la instituci\u00f3, els seus \u00f2rgans de govern, actualitat, serveis i molt m\u00e9s.\",\"potentialAction\":[{\"@type\":\"SearchAction\",\"target\":{\"@type\":\"EntryPoint\",\"urlTemplate\":\"https:\\\/\\\/mont-roig.cat\\\/es\\\/?s={search_term_string}\"},\"query-input\":{\"@type\":\"PropertyValueSpecification\",\"valueRequired\":true,\"valueName\":\"search_term_string\"}}],\"inLanguage\":\"es\"},{\"@type\":\"Person\",\"@id\":\"https:\\\/\\\/mont-roig.cat\\\/es\\\/#\\\/schema\\\/person\\\/f2b111789f22b7d0c3bd6786c9128cba\",\"name\":\"administrador\",\"image\":{\"@type\":\"ImageObject\",\"inLanguage\":\"es\",\"@id\":\"https:\\\/\\\/secure.gravatar.com\\\/avatar\\\/9137aac6891e2595c9d3036fd83bcb653b4db3c946db4c7d9b9be193c3c944bb?s=96&d=mm&r=g\",\"url\":\"https:\\\/\\\/secure.gravatar.com\\\/avatar\\\/9137aac6891e2595c9d3036fd83bcb653b4db3c946db4c7d9b9be193c3c944bb?s=96&d=mm&r=g\",\"contentUrl\":\"https:\\\/\\\/secure.gravatar.com\\\/avatar\\\/9137aac6891e2595c9d3036fd83bcb653b4db3c946db4c7d9b9be193c3c944bb?s=96&d=mm&r=g\",\"caption\":\"administrador\"},\"url\":\"https:\\\/\\\/mont-roig.cat\\\/es\\\/actualitat\\\/noticies\\\/author\\\/administrador\\\/\"}]}<\/script>\n<!-- \/ Yoast SEO plugin. -->","yoast_head_json":{"title":"\u00daltimos d\u00edas para presentar los dibujos de la mascota infantil - Ajuntament de Mont-roig del Camp","robots":{"index":"index","follow":"follow","max-snippet":"max-snippet:-1","max-image-preview":"max-image-preview:large","max-video-preview":"max-video-preview:-1"},"canonical":"https:\/\/mont-roig.cat\/es\/actualitat\/noticies\/ultimos-dias-para-presentar-los-dibujos-de-la-mascota-infantil\/","og_locale":"es_ES","og_type":"article","og_title":"\u00daltimos d\u00edas para presentar los dibujos de la mascota infantil - Ajuntament de Mont-roig del Camp","og_description":"\u2022 Se trata de un concurso dirigido a los alumnos de 4\u00ba, 5\u00ba y 6\u00ba de las tres escuelas del municipio a fin de crear una mascota destinada a ser la imagen representativa de los ni\u00f1os y ni\u00f1as del municipio \u2022 El voto popular de las obras finalistas se podr\u00e1 emitir del 18 al 26 [&hellip;]","og_url":"https:\/\/mont-roig.cat\/es\/actualitat\/noticies\/ultimos-dias-para-presentar-los-dibujos-de-la-mascota-infantil\/","og_site_name":"Ajuntament de Mont-roig del Camp","article_published_time":"2019-01-10T14:54:33+00:00","og_image":[{"width":5184,"height":3456,"url":"https:\/\/mont-roig.cat\/wp-content\/uploads\/children-cute-drawing-159823.jpg","type":"image\/jpeg"}],"author":"administrador","twitter_card":"summary_large_image","twitter_misc":{"Escrito por":"administrador","Tiempo de lectura":"2 minutos"},"schema":{"@context":"https:\/\/schema.org","@graph":[{"@type":"Article","@id":"https:\/\/mont-roig.cat\/es\/actualitat\/noticies\/ultimos-dias-para-presentar-los-dibujos-de-la-mascota-infantil\/#article","isPartOf":{"@id":"https:\/\/mont-roig.cat\/es\/actualitat\/noticies\/ultimos-dias-para-presentar-los-dibujos-de-la-mascota-infantil\/"},"author":{"name":"administrador","@id":"https:\/\/mont-roig.cat\/es\/#\/schema\/person\/f2b111789f22b7d0c3bd6786c9128cba"},"headline":"\u00daltimos d\u00edas para presentar los dibujos de la mascota infantil","datePublished":"2019-01-10T14:54:33+00:00","mainEntityOfPage":{"@id":"https:\/\/mont-roig.cat\/es\/actualitat\/noticies\/ultimos-dias-para-presentar-los-dibujos-de-la-mascota-infantil\/"},"wordCount":433,"image":{"@id":"https:\/\/mont-roig.cat\/es\/actualitat\/noticies\/ultimos-dias-para-presentar-los-dibujos-de-la-mascota-infantil\/#primaryimage"},"thumbnailUrl":"https:\/\/mont-roig.cat\/wp-content\/uploads\/children-cute-drawing-159823.jpg","articleSection":["Ayuntamiento","Educaci\u00f3n"],"inLanguage":"es"},{"@type":"WebPage","@id":"https:\/\/mont-roig.cat\/es\/actualitat\/noticies\/ultimos-dias-para-presentar-los-dibujos-de-la-mascota-infantil\/","url":"https:\/\/mont-roig.cat\/es\/actualitat\/noticies\/ultimos-dias-para-presentar-los-dibujos-de-la-mascota-infantil\/","name":"\u00daltimos d\u00edas para presentar los dibujos de la mascota infantil - Ajuntament de Mont-roig del Camp","isPartOf":{"@id":"https:\/\/mont-roig.cat\/es\/#website"},"primaryImageOfPage":{"@id":"https:\/\/mont-roig.cat\/es\/actualitat\/noticies\/ultimos-dias-para-presentar-los-dibujos-de-la-mascota-infantil\/#primaryimage"},"image":{"@id":"https:\/\/mont-roig.cat\/es\/actualitat\/noticies\/ultimos-dias-para-presentar-los-dibujos-de-la-mascota-infantil\/#primaryimage"},"thumbnailUrl":"https:\/\/mont-roig.cat\/wp-content\/uploads\/children-cute-drawing-159823.jpg","datePublished":"2019-01-10T14:54:33+00:00","author":{"@id":"https:\/\/mont-roig.cat\/es\/#\/schema\/person\/f2b111789f22b7d0c3bd6786c9128cba"},"breadcrumb":{"@id":"https:\/\/mont-roig.cat\/es\/actualitat\/noticies\/ultimos-dias-para-presentar-los-dibujos-de-la-mascota-infantil\/#breadcrumb"},"inLanguage":"es","potentialAction":[{"@type":"ReadAction","target":["https:\/\/mont-roig.cat\/es\/actualitat\/noticies\/ultimos-dias-para-presentar-los-dibujos-de-la-mascota-infantil\/"]}]},{"@type":"ImageObject","inLanguage":"es","@id":"https:\/\/mont-roig.cat\/es\/actualitat\/noticies\/ultimos-dias-para-presentar-los-dibujos-de-la-mascota-infantil\/#primaryimage","url":"https:\/\/mont-roig.cat\/wp-content\/uploads\/children-cute-drawing-159823.jpg","contentUrl":"https:\/\/mont-roig.cat\/wp-content\/uploads\/children-cute-drawing-159823.jpg","width":5184,"height":3456},{"@type":"BreadcrumbList","@id":"https:\/\/mont-roig.cat\/es\/actualitat\/noticies\/ultimos-dias-para-presentar-los-dibujos-de-la-mascota-infantil\/#breadcrumb","itemListElement":[{"@type":"ListItem","position":1,"name":"Inici","item":"https:\/\/mont-roig.cat\/es\/pagina-de-inicio\/"},{"@type":"ListItem","position":2,"name":"\u00daltimos d\u00edas para presentar los dibujos de la mascota infantil"}]},{"@type":"WebSite","@id":"https:\/\/mont-roig.cat\/es\/#website","url":"https:\/\/mont-roig.cat\/es\/","name":"Ajuntament de Mont-roig del Camp","description":"Tota la informaci\u00f3 sobre la instituci\u00f3, els seus \u00f2rgans de govern, actualitat, serveis i molt m\u00e9s.","potentialAction":[{"@type":"SearchAction","target":{"@type":"EntryPoint","urlTemplate":"https:\/\/mont-roig.cat\/es\/?s={search_term_string}"},"query-input":{"@type":"PropertyValueSpecification","valueRequired":true,"valueName":"search_term_string"}}],"inLanguage":"es"},{"@type":"Person","@id":"https:\/\/mont-roig.cat\/es\/#\/schema\/person\/f2b111789f22b7d0c3bd6786c9128cba","name":"administrador","image":{"@type":"ImageObject","inLanguage":"es","@id":"https:\/\/secure.gravatar.com\/avatar\/9137aac6891e2595c9d3036fd83bcb653b4db3c946db4c7d9b9be193c3c944bb?s=96&d=mm&r=g","url":"https:\/\/secure.gravatar.com\/avatar\/9137aac6891e2595c9d3036fd83bcb653b4db3c946db4c7d9b9be193c3c944bb?s=96&d=mm&r=g","contentUrl":"https:\/\/secure.gravatar.com\/avatar\/9137aac6891e2595c9d3036fd83bcb653b4db3c946db4c7d9b9be193c3c944bb?s=96&d=mm&r=g","caption":"administrador"},"url":"https:\/\/mont-roig.cat\/es\/actualitat\/noticies\/author\/administrador\/"}]}},"_links":{"self":[{"href":"https:\/\/mont-roig.cat\/es\/wp-json\/wp\/v2\/posts\/33255","targetHints":{"allow":["GET"]}}],"collection":[{"href":"https:\/\/mont-roig.cat\/es\/wp-json\/wp\/v2\/posts"}],"about":[{"href":"https:\/\/mont-roig.cat\/es\/wp-json\/wp\/v2\/types\/post"}],"author":[{"embeddable":true,"href":"https:\/\/mont-roig.cat\/es\/wp-json\/wp\/v2\/users\/4"}],"replies":[{"embeddable":true,"href":"https:\/\/mont-roig.cat\/es\/wp-json\/wp\/v2\/comments?post=33255"}],"version-history":[{"count":2,"href":"https:\/\/mont-roig.cat\/es\/wp-json\/wp\/v2\/posts\/33255\/revisions"}],"predecessor-version":[{"id":33257,"href":"https:\/\/mont-roig.cat\/es\/wp-json\/wp\/v2\/posts\/33255\/revisions\/33257"}],"wp:featuredmedia":[{"embeddable":true,"href":"https:\/\/mont-roig.cat\/es\/wp-json\/wp\/v2\/media\/33251"}],"wp:attachment":[{"href":"https:\/\/mont-roig.cat\/es\/wp-json\/wp\/v2\/media?parent=33255"}],"wp:term":[{"taxonomy":"category","embeddable":true,"href":"https:\/\/mont-roig.cat\/es\/wp-json\/wp\/v2\/categories?post=33255"},{"taxonomy":"post_tag","embeddable":true,"href":"https:\/\/mont-roig.cat\/es\/wp-json\/wp\/v2\/tags?post=33255"}],"curies":[{"name":"wp","href":"https:\/\/api.w.org\/{rel}","templated":true}]}}