{"id":33380,"date":"2019-01-16T14:49:02","date_gmt":"2019-01-16T13:49:02","guid":{"rendered":"https:\/\/mont-roig.cat\/?p=33380"},"modified":"2019-01-16T14:49:02","modified_gmt":"2019-01-16T13:49:02","slug":"las-agentes-civicas-vuelven-al-barrio-de-la-florida","status":"publish","type":"post","link":"https:\/\/mont-roig.cat\/es\/actualitat\/noticies\/las-agentes-civicas-vuelven-al-barrio-de-la-florida\/","title":{"rendered":"Las agentes c\u00edvicas vuelven al barrio de La Florida"},"content":{"rendered":"<ul>\n<li><strong><a href=\"https:\/\/mont-roig.cat\/wp-content\/uploads\/Agents-c\u00edviques-Barri-La-Florida.jpg\"><img loading=\"lazy\" decoding=\"async\" class=\"alignright wp-image-33376\" src=\"https:\/\/mont-roig.cat\/wp-content\/uploads\/Agents-c\u00edviques-Barri-La-Florida.jpg\" alt=\"\" width=\"350\" height=\"263\" srcset=\"https:\/\/mont-roig.cat\/wp-content\/uploads\/Agents-c\u00edviques-Barri-La-Florida.jpg 1920w, https:\/\/mont-roig.cat\/wp-content\/uploads\/Agents-c\u00edviques-Barri-La-Florida-500x375.jpg 500w, https:\/\/mont-roig.cat\/wp-content\/uploads\/Agents-c\u00edviques-Barri-La-Florida-768x576.jpg 768w, https:\/\/mont-roig.cat\/wp-content\/uploads\/Agents-c\u00edviques-Barri-La-Florida-1024x768.jpg 1024w, https:\/\/mont-roig.cat\/wp-content\/uploads\/Agents-c\u00edviques-Barri-La-Florida-463x348.jpg 463w\" sizes=\"auto, (max-width: 350px) 100vw, 350px\" \/><\/a><\/strong><strong><span class=\"tlid-translation translation\"><span title=\"\">Algunos<\/span> <span title=\"\">de sus objetivos<\/span> <span title=\"\">son<\/span> <span title=\"\">mejorar la<\/span> <span title=\"\">convivencia en el barrio<\/span> <span title=\"\">e inculcar<\/span> <span title=\"\">h\u00e1bitos m\u00e1s<\/span> <span class=\"\" title=\"\">sostenibles<\/span><\/span><\/strong><\/li>\n<\/ul>\n<p><span class=\"tlid-translation translation\">El barrio de La Florida de Miami Platja vuelve a tener la figura de las agentes c\u00edvicas. Tras la buena acogida del a\u00f1o pasado y la solicitud hecha por el Pla de Barris, el Servei d&#8217;Ocupaci\u00f3 de Catalunya ha vuelto a otorgar una subvenci\u00f3n para la contrataci\u00f3n de 6 agentes c\u00edvicas y una coordinadora, en este caso, por una duraci\u00f3n de 9 meses.<\/p>\n<p>Despu\u00e9s de un periodo de formaci\u00f3n sobre aspectos como el medio ambiente, la comunicaci\u00f3n o las ordenanzas municipales, este mi\u00e9rcoles han comenzado a pisar la calle y desarrollar sus tareas de contacto directo con la ciudadan\u00eda.<\/p>\n<p>La figura del agente c\u00edvica dentro del barrio se convierte en el perfil m\u00e1s id\u00f3neo para llevar a cabo el desarrollo de campa\u00f1as de sensibilizaci\u00f3n ambiental incluidas en el marco de la Llei de Barris. Todo ello con el fin de mejorar la convivencia, conseguir inculcar h\u00e1bitos m\u00e1s sostenibles y reducir el nivel de desempleo de las mujeres del barrio, facilitando tambi\u00e9n la reinserci\u00f3n en el mundo laboral de personas desempleadas de larga duraci\u00f3n.<\/p>\n<p>Sus funciones est\u00e1n distribuidas en 4 grandes bloques: residuos dom\u00e9sticos y comerciales, movilidad, espacios p\u00fablicos y medio ambiente. As\u00ed, por ejemplo algunas de las acciones que realizar\u00e1n son la de sensibilizar a la poblaci\u00f3n sobre la recogida selectiva y separar residuos. Ayudar\u00e1n a las personas mayores y con movilidad reducida a transitar con seguridad y concienciar\u00e1n a los conductores y ni\u00f1os de la necesidad de extremar las medidas de precauci\u00f3n en las entradas y salidas de las escuelas. Tambi\u00e9n incidir\u00e1n en mantener el buen estado del mobiliario urbano o informar\u00e1n sobre las ordenanzas p\u00fablicas. Adem\u00e1s atender\u00e1n las dudas, quejas y sugerencias de la ciudadan\u00eda y participar\u00e1n en la organizaci\u00f3n de las campa\u00f1as de civismo. Al mismo tiempo, notificar\u00e1n y describir\u00e1n las acciones poco respetuosas detectadas, sin tener, pero capacidad sancionadora<\/span>.<\/p>\n<p><em><strong>\u00a0<\/strong><\/em><\/p>\n<p><strong>Reducci\u00f3n del paro femenino<\/strong><\/p>\n<p><span class=\"tlid-translation translation\"><span class=\"\" title=\"\">Para la<\/span> <span class=\"\" title=\"\">contrataci\u00f3n<\/span> <span title=\"\">de las personas que<\/span> <span title=\"\">han<\/span> <span title=\"\">de<\/span> <span class=\"\" title=\"\">desarrollar el programa<\/span><span title=\"\">,<\/span> <span title=\"\">se ha pensado<\/span> <span title=\"\">prioritariamente<\/span> <span title=\"\">en las mujeres<\/span><span title=\"\">, el colectivo<\/span> <span title=\"\">que sufre<\/span> <span title=\"\">un porcentaje<\/span> <span title=\"\">de paro<\/span> <span title=\"\">y<\/span> <span title=\"\">riesgo de exclusi\u00f3n<\/span> <span title=\"\">social m\u00e1s<\/span> <span title=\"\">alto<\/span><span title=\"\">.<\/span> <span title=\"\">De este modo<\/span><span title=\"\">, adem\u00e1s<\/span> <span title=\"\">de fomentar la<\/span> <span title=\"\">reincorporaci\u00f3n<\/span> <span title=\"\">de personas en situaci\u00f3n<\/span> <span title=\"\">de paro<\/span> <span title=\"\">de larga<\/span> <span title=\"\">duraci\u00f3n<\/span> <span title=\"\">del barrio<\/span><span title=\"\">, se consigue<\/span> <span title=\"\">reducir<\/span><span title=\"\">, aunque sea<\/span> <span title=\"\">modestamente<\/span><span title=\"\">, el desequilibrio<\/span> <span title=\"\">que existe entre la<\/span> <span title=\"\">tasa<\/span> <span title=\"\">de paro<\/span> <span title=\"\">masculina<\/span> <span title=\"\">y<\/span> <span title=\"\">femenina<\/span> <span title=\"\">en el municipio de<\/span> <span title=\"\">Mont<\/span><span title=\"\">-roig del Camp<\/span><span title=\"\">.<\/span> <span title=\"\">Las<\/span> <span title=\"\">incorporaciones<\/span> <span title=\"\">tambi\u00e9n<\/span> <span title=\"\">fomentan<\/span> <span title=\"\">los objetivos<\/span> <span title=\"\">recogidos<\/span> <span title=\"\">en el programa &#8216;<\/span><span title=\"\">Mujeres y<\/span> <span title=\"\">Cooperativismo<\/span><span title=\"\">&#8216;<\/span> <span title=\"\">que trata<\/span> <span title=\"\">de informar<\/span><span title=\"\">,<\/span> <span title=\"\">sensibilizar<\/span> <span title=\"\">y animar<\/span> <span title=\"\">al colectivo de mujeres<\/span> <span title=\"\">del \u00e1mbito<\/span> <span title=\"\">del barrio de<\/span> <span title=\"\">la<\/span> <span title=\"\">Florida<\/span> <span title=\"\">de<\/span> <span title=\"\">Miami<\/span> <span title=\"\">Platja<\/span><span title=\"\">,<\/span> <span title=\"\">como emprendedoras<\/span> <span title=\"\">o bien como<\/span> <span title=\"\">trabajadoras<\/span><\/span>.<\/p>\n","protected":false},"excerpt":{"rendered":"<p>Algunos de sus objetivos son mejorar la convivencia en el barrio e inculcar h\u00e1bitos m\u00e1s sostenibles El barrio de La Florida de Miami Platja vuelve a tener la figura de las agentes c\u00edvicas. Tras la buena acogida del a\u00f1o pasado y la solicitud hecha por el Pla de Barris, el Servei d&#8217;Ocupaci\u00f3 de Catalunya ha [&hellip;]<\/p>\n","protected":false},"author":4,"featured_media":33377,"comment_status":"closed","ping_status":"closed","sticky":false,"template":"","format":"standard","meta":{"inline_featured_image":false,"_monsterinsights_skip_tracking":false,"_monsterinsights_sitenote_active":false,"_monsterinsights_sitenote_note":"","_monsterinsights_sitenote_category":0,"footnotes":""},"categories":[135],"tags":[],"class_list":["post-33380","post","type-post","status-publish","format-standard","has-post-thumbnail","hentry","category-plan-de-barrios-es"],"yoast_head":"<!-- This site is optimized with the Yoast SEO plugin v27.4 - https:\/\/yoast.com\/product\/yoast-seo-wordpress\/ -->\n<title>Las agentes c\u00edvicas vuelven al barrio de La Florida - Ajuntament de Mont-roig del Camp<\/title>\n<meta name=\"robots\" content=\"index, follow, max-snippet:-1, max-image-preview:large, max-video-preview:-1\" \/>\n<link rel=\"canonical\" href=\"https:\/\/mont-roig.cat\/es\/actualitat\/noticies\/las-agentes-civicas-vuelven-al-barrio-de-la-florida\/\" \/>\n<meta property=\"og:locale\" content=\"es_ES\" \/>\n<meta property=\"og:type\" content=\"article\" \/>\n<meta property=\"og:title\" content=\"Las agentes c\u00edvicas vuelven al barrio de La Florida - Ajuntament de Mont-roig del Camp\" \/>\n<meta property=\"og:description\" content=\"Algunos de sus objetivos son mejorar la convivencia en el barrio e inculcar h\u00e1bitos m\u00e1s sostenibles El barrio de La Florida de Miami Platja vuelve a tener la figura de las agentes c\u00edvicas. Tras la buena acogida del a\u00f1o pasado y la solicitud hecha por el Pla de Barris, el Servei d&#8217;Ocupaci\u00f3 de Catalunya ha [&hellip;]\" \/>\n<meta property=\"og:url\" content=\"https:\/\/mont-roig.cat\/es\/actualitat\/noticies\/las-agentes-civicas-vuelven-al-barrio-de-la-florida\/\" \/>\n<meta property=\"og:site_name\" content=\"Ajuntament de Mont-roig del Camp\" \/>\n<meta property=\"article:published_time\" content=\"2019-01-16T13:49:02+00:00\" \/>\n<meta property=\"og:image\" content=\"https:\/\/mont-roig.cat\/wp-content\/uploads\/Agents-c\u00edviques-Barri-La-Florida.jpg\" \/>\n\t<meta property=\"og:image:width\" content=\"3264\" \/>\n\t<meta property=\"og:image:height\" content=\"2448\" \/>\n\t<meta property=\"og:image:type\" content=\"image\/jpeg\" \/>\n<meta name=\"author\" content=\"administrador\" \/>\n<meta name=\"twitter:card\" content=\"summary_large_image\" \/>\n<meta name=\"twitter:label1\" content=\"Escrito por\" \/>\n\t<meta name=\"twitter:data1\" content=\"administrador\" \/>\n\t<meta name=\"twitter:label2\" content=\"Tiempo de lectura\" \/>\n\t<meta name=\"twitter:data2\" content=\"2 minutos\" \/>\n<script type=\"application\/ld+json\" class=\"yoast-schema-graph\">{\"@context\":\"https:\\\/\\\/schema.org\",\"@graph\":[{\"@type\":\"Article\",\"@id\":\"https:\\\/\\\/mont-roig.cat\\\/es\\\/actualitat\\\/noticies\\\/las-agentes-civicas-vuelven-al-barrio-de-la-florida\\\/#article\",\"isPartOf\":{\"@id\":\"https:\\\/\\\/mont-roig.cat\\\/es\\\/actualitat\\\/noticies\\\/las-agentes-civicas-vuelven-al-barrio-de-la-florida\\\/\"},\"author\":{\"name\":\"administrador\",\"@id\":\"https:\\\/\\\/mont-roig.cat\\\/es\\\/#\\\/schema\\\/person\\\/f2b111789f22b7d0c3bd6786c9128cba\"},\"headline\":\"Las agentes c\u00edvicas vuelven al barrio de La Florida\",\"datePublished\":\"2019-01-16T13:49:02+00:00\",\"mainEntityOfPage\":{\"@id\":\"https:\\\/\\\/mont-roig.cat\\\/es\\\/actualitat\\\/noticies\\\/las-agentes-civicas-vuelven-al-barrio-de-la-florida\\\/\"},\"wordCount\":504,\"image\":{\"@id\":\"https:\\\/\\\/mont-roig.cat\\\/es\\\/actualitat\\\/noticies\\\/las-agentes-civicas-vuelven-al-barrio-de-la-florida\\\/#primaryimage\"},\"thumbnailUrl\":\"https:\\\/\\\/mont-roig.cat\\\/wp-content\\\/uploads\\\/Agents-c\u00edviques-Barri-La-Florida.jpg\",\"articleSection\":[\"Pla de Barris\"],\"inLanguage\":\"es\"},{\"@type\":\"WebPage\",\"@id\":\"https:\\\/\\\/mont-roig.cat\\\/es\\\/actualitat\\\/noticies\\\/las-agentes-civicas-vuelven-al-barrio-de-la-florida\\\/\",\"url\":\"https:\\\/\\\/mont-roig.cat\\\/es\\\/actualitat\\\/noticies\\\/las-agentes-civicas-vuelven-al-barrio-de-la-florida\\\/\",\"name\":\"Las agentes c\u00edvicas vuelven al barrio de La Florida - Ajuntament de Mont-roig del Camp\",\"isPartOf\":{\"@id\":\"https:\\\/\\\/mont-roig.cat\\\/es\\\/#website\"},\"primaryImageOfPage\":{\"@id\":\"https:\\\/\\\/mont-roig.cat\\\/es\\\/actualitat\\\/noticies\\\/las-agentes-civicas-vuelven-al-barrio-de-la-florida\\\/#primaryimage\"},\"image\":{\"@id\":\"https:\\\/\\\/mont-roig.cat\\\/es\\\/actualitat\\\/noticies\\\/las-agentes-civicas-vuelven-al-barrio-de-la-florida\\\/#primaryimage\"},\"thumbnailUrl\":\"https:\\\/\\\/mont-roig.cat\\\/wp-content\\\/uploads\\\/Agents-c\u00edviques-Barri-La-Florida.jpg\",\"datePublished\":\"2019-01-16T13:49:02+00:00\",\"author\":{\"@id\":\"https:\\\/\\\/mont-roig.cat\\\/es\\\/#\\\/schema\\\/person\\\/f2b111789f22b7d0c3bd6786c9128cba\"},\"breadcrumb\":{\"@id\":\"https:\\\/\\\/mont-roig.cat\\\/es\\\/actualitat\\\/noticies\\\/las-agentes-civicas-vuelven-al-barrio-de-la-florida\\\/#breadcrumb\"},\"inLanguage\":\"es\",\"potentialAction\":[{\"@type\":\"ReadAction\",\"target\":[\"https:\\\/\\\/mont-roig.cat\\\/es\\\/actualitat\\\/noticies\\\/las-agentes-civicas-vuelven-al-barrio-de-la-florida\\\/\"]}]},{\"@type\":\"ImageObject\",\"inLanguage\":\"es\",\"@id\":\"https:\\\/\\\/mont-roig.cat\\\/es\\\/actualitat\\\/noticies\\\/las-agentes-civicas-vuelven-al-barrio-de-la-florida\\\/#primaryimage\",\"url\":\"https:\\\/\\\/mont-roig.cat\\\/wp-content\\\/uploads\\\/Agents-c\u00edviques-Barri-La-Florida.jpg\",\"contentUrl\":\"https:\\\/\\\/mont-roig.cat\\\/wp-content\\\/uploads\\\/Agents-c\u00edviques-Barri-La-Florida.jpg\",\"width\":3264,\"height\":2448},{\"@type\":\"BreadcrumbList\",\"@id\":\"https:\\\/\\\/mont-roig.cat\\\/es\\\/actualitat\\\/noticies\\\/las-agentes-civicas-vuelven-al-barrio-de-la-florida\\\/#breadcrumb\",\"itemListElement\":[{\"@type\":\"ListItem\",\"position\":1,\"name\":\"Inici\",\"item\":\"https:\\\/\\\/mont-roig.cat\\\/es\\\/pagina-de-inicio\\\/\"},{\"@type\":\"ListItem\",\"position\":2,\"name\":\"Las agentes c\u00edvicas vuelven al barrio de La Florida\"}]},{\"@type\":\"WebSite\",\"@id\":\"https:\\\/\\\/mont-roig.cat\\\/es\\\/#website\",\"url\":\"https:\\\/\\\/mont-roig.cat\\\/es\\\/\",\"name\":\"Ajuntament de Mont-roig del Camp\",\"description\":\"Tota la informaci\u00f3 sobre la instituci\u00f3, els seus \u00f2rgans de govern, actualitat, serveis i molt m\u00e9s.\",\"potentialAction\":[{\"@type\":\"SearchAction\",\"target\":{\"@type\":\"EntryPoint\",\"urlTemplate\":\"https:\\\/\\\/mont-roig.cat\\\/es\\\/?s={search_term_string}\"},\"query-input\":{\"@type\":\"PropertyValueSpecification\",\"valueRequired\":true,\"valueName\":\"search_term_string\"}}],\"inLanguage\":\"es\"},{\"@type\":\"Person\",\"@id\":\"https:\\\/\\\/mont-roig.cat\\\/es\\\/#\\\/schema\\\/person\\\/f2b111789f22b7d0c3bd6786c9128cba\",\"name\":\"administrador\",\"image\":{\"@type\":\"ImageObject\",\"inLanguage\":\"es\",\"@id\":\"https:\\\/\\\/secure.gravatar.com\\\/avatar\\\/9137aac6891e2595c9d3036fd83bcb653b4db3c946db4c7d9b9be193c3c944bb?s=96&d=mm&r=g\",\"url\":\"https:\\\/\\\/secure.gravatar.com\\\/avatar\\\/9137aac6891e2595c9d3036fd83bcb653b4db3c946db4c7d9b9be193c3c944bb?s=96&d=mm&r=g\",\"contentUrl\":\"https:\\\/\\\/secure.gravatar.com\\\/avatar\\\/9137aac6891e2595c9d3036fd83bcb653b4db3c946db4c7d9b9be193c3c944bb?s=96&d=mm&r=g\",\"caption\":\"administrador\"},\"url\":\"https:\\\/\\\/mont-roig.cat\\\/es\\\/actualitat\\\/noticies\\\/author\\\/administrador\\\/\"}]}<\/script>\n<!-- \/ Yoast SEO plugin. -->","yoast_head_json":{"title":"Las agentes c\u00edvicas vuelven al barrio de La Florida - Ajuntament de Mont-roig del Camp","robots":{"index":"index","follow":"follow","max-snippet":"max-snippet:-1","max-image-preview":"max-image-preview:large","max-video-preview":"max-video-preview:-1"},"canonical":"https:\/\/mont-roig.cat\/es\/actualitat\/noticies\/las-agentes-civicas-vuelven-al-barrio-de-la-florida\/","og_locale":"es_ES","og_type":"article","og_title":"Las agentes c\u00edvicas vuelven al barrio de La Florida - Ajuntament de Mont-roig del Camp","og_description":"Algunos de sus objetivos son mejorar la convivencia en el barrio e inculcar h\u00e1bitos m\u00e1s sostenibles El barrio de La Florida de Miami Platja vuelve a tener la figura de las agentes c\u00edvicas. Tras la buena acogida del a\u00f1o pasado y la solicitud hecha por el Pla de Barris, el Servei d&#8217;Ocupaci\u00f3 de Catalunya ha [&hellip;]","og_url":"https:\/\/mont-roig.cat\/es\/actualitat\/noticies\/las-agentes-civicas-vuelven-al-barrio-de-la-florida\/","og_site_name":"Ajuntament de Mont-roig del Camp","article_published_time":"2019-01-16T13:49:02+00:00","og_image":[{"width":3264,"height":2448,"url":"https:\/\/mont-roig.cat\/wp-content\/uploads\/Agents-c\u00edviques-Barri-La-Florida.jpg","type":"image\/jpeg"}],"author":"administrador","twitter_card":"summary_large_image","twitter_misc":{"Escrito por":"administrador","Tiempo de lectura":"2 minutos"},"schema":{"@context":"https:\/\/schema.org","@graph":[{"@type":"Article","@id":"https:\/\/mont-roig.cat\/es\/actualitat\/noticies\/las-agentes-civicas-vuelven-al-barrio-de-la-florida\/#article","isPartOf":{"@id":"https:\/\/mont-roig.cat\/es\/actualitat\/noticies\/las-agentes-civicas-vuelven-al-barrio-de-la-florida\/"},"author":{"name":"administrador","@id":"https:\/\/mont-roig.cat\/es\/#\/schema\/person\/f2b111789f22b7d0c3bd6786c9128cba"},"headline":"Las agentes c\u00edvicas vuelven al barrio de La Florida","datePublished":"2019-01-16T13:49:02+00:00","mainEntityOfPage":{"@id":"https:\/\/mont-roig.cat\/es\/actualitat\/noticies\/las-agentes-civicas-vuelven-al-barrio-de-la-florida\/"},"wordCount":504,"image":{"@id":"https:\/\/mont-roig.cat\/es\/actualitat\/noticies\/las-agentes-civicas-vuelven-al-barrio-de-la-florida\/#primaryimage"},"thumbnailUrl":"https:\/\/mont-roig.cat\/wp-content\/uploads\/Agents-c\u00edviques-Barri-La-Florida.jpg","articleSection":["Pla de Barris"],"inLanguage":"es"},{"@type":"WebPage","@id":"https:\/\/mont-roig.cat\/es\/actualitat\/noticies\/las-agentes-civicas-vuelven-al-barrio-de-la-florida\/","url":"https:\/\/mont-roig.cat\/es\/actualitat\/noticies\/las-agentes-civicas-vuelven-al-barrio-de-la-florida\/","name":"Las agentes c\u00edvicas vuelven al barrio de La Florida - Ajuntament de Mont-roig del Camp","isPartOf":{"@id":"https:\/\/mont-roig.cat\/es\/#website"},"primaryImageOfPage":{"@id":"https:\/\/mont-roig.cat\/es\/actualitat\/noticies\/las-agentes-civicas-vuelven-al-barrio-de-la-florida\/#primaryimage"},"image":{"@id":"https:\/\/mont-roig.cat\/es\/actualitat\/noticies\/las-agentes-civicas-vuelven-al-barrio-de-la-florida\/#primaryimage"},"thumbnailUrl":"https:\/\/mont-roig.cat\/wp-content\/uploads\/Agents-c\u00edviques-Barri-La-Florida.jpg","datePublished":"2019-01-16T13:49:02+00:00","author":{"@id":"https:\/\/mont-roig.cat\/es\/#\/schema\/person\/f2b111789f22b7d0c3bd6786c9128cba"},"breadcrumb":{"@id":"https:\/\/mont-roig.cat\/es\/actualitat\/noticies\/las-agentes-civicas-vuelven-al-barrio-de-la-florida\/#breadcrumb"},"inLanguage":"es","potentialAction":[{"@type":"ReadAction","target":["https:\/\/mont-roig.cat\/es\/actualitat\/noticies\/las-agentes-civicas-vuelven-al-barrio-de-la-florida\/"]}]},{"@type":"ImageObject","inLanguage":"es","@id":"https:\/\/mont-roig.cat\/es\/actualitat\/noticies\/las-agentes-civicas-vuelven-al-barrio-de-la-florida\/#primaryimage","url":"https:\/\/mont-roig.cat\/wp-content\/uploads\/Agents-c\u00edviques-Barri-La-Florida.jpg","contentUrl":"https:\/\/mont-roig.cat\/wp-content\/uploads\/Agents-c\u00edviques-Barri-La-Florida.jpg","width":3264,"height":2448},{"@type":"BreadcrumbList","@id":"https:\/\/mont-roig.cat\/es\/actualitat\/noticies\/las-agentes-civicas-vuelven-al-barrio-de-la-florida\/#breadcrumb","itemListElement":[{"@type":"ListItem","position":1,"name":"Inici","item":"https:\/\/mont-roig.cat\/es\/pagina-de-inicio\/"},{"@type":"ListItem","position":2,"name":"Las agentes c\u00edvicas vuelven al barrio de La Florida"}]},{"@type":"WebSite","@id":"https:\/\/mont-roig.cat\/es\/#website","url":"https:\/\/mont-roig.cat\/es\/","name":"Ajuntament de Mont-roig del Camp","description":"Tota la informaci\u00f3 sobre la instituci\u00f3, els seus \u00f2rgans de govern, actualitat, serveis i molt m\u00e9s.","potentialAction":[{"@type":"SearchAction","target":{"@type":"EntryPoint","urlTemplate":"https:\/\/mont-roig.cat\/es\/?s={search_term_string}"},"query-input":{"@type":"PropertyValueSpecification","valueRequired":true,"valueName":"search_term_string"}}],"inLanguage":"es"},{"@type":"Person","@id":"https:\/\/mont-roig.cat\/es\/#\/schema\/person\/f2b111789f22b7d0c3bd6786c9128cba","name":"administrador","image":{"@type":"ImageObject","inLanguage":"es","@id":"https:\/\/secure.gravatar.com\/avatar\/9137aac6891e2595c9d3036fd83bcb653b4db3c946db4c7d9b9be193c3c944bb?s=96&d=mm&r=g","url":"https:\/\/secure.gravatar.com\/avatar\/9137aac6891e2595c9d3036fd83bcb653b4db3c946db4c7d9b9be193c3c944bb?s=96&d=mm&r=g","contentUrl":"https:\/\/secure.gravatar.com\/avatar\/9137aac6891e2595c9d3036fd83bcb653b4db3c946db4c7d9b9be193c3c944bb?s=96&d=mm&r=g","caption":"administrador"},"url":"https:\/\/mont-roig.cat\/es\/actualitat\/noticies\/author\/administrador\/"}]}},"_links":{"self":[{"href":"https:\/\/mont-roig.cat\/es\/wp-json\/wp\/v2\/posts\/33380","targetHints":{"allow":["GET"]}}],"collection":[{"href":"https:\/\/mont-roig.cat\/es\/wp-json\/wp\/v2\/posts"}],"about":[{"href":"https:\/\/mont-roig.cat\/es\/wp-json\/wp\/v2\/types\/post"}],"author":[{"embeddable":true,"href":"https:\/\/mont-roig.cat\/es\/wp-json\/wp\/v2\/users\/4"}],"replies":[{"embeddable":true,"href":"https:\/\/mont-roig.cat\/es\/wp-json\/wp\/v2\/comments?post=33380"}],"version-history":[{"count":1,"href":"https:\/\/mont-roig.cat\/es\/wp-json\/wp\/v2\/posts\/33380\/revisions"}],"predecessor-version":[{"id":33381,"href":"https:\/\/mont-roig.cat\/es\/wp-json\/wp\/v2\/posts\/33380\/revisions\/33381"}],"wp:featuredmedia":[{"embeddable":true,"href":"https:\/\/mont-roig.cat\/es\/wp-json\/wp\/v2\/media\/33377"}],"wp:attachment":[{"href":"https:\/\/mont-roig.cat\/es\/wp-json\/wp\/v2\/media?parent=33380"}],"wp:term":[{"taxonomy":"category","embeddable":true,"href":"https:\/\/mont-roig.cat\/es\/wp-json\/wp\/v2\/categories?post=33380"},{"taxonomy":"post_tag","embeddable":true,"href":"https:\/\/mont-roig.cat\/es\/wp-json\/wp\/v2\/tags?post=33380"}],"curies":[{"name":"wp","href":"https:\/\/api.w.org\/{rel}","templated":true}]}}