{"id":33540,"date":"2019-01-21T08:25:19","date_gmt":"2019-01-21T07:25:19","guid":{"rendered":"https:\/\/mont-roig.cat\/?p=33540"},"modified":"2019-01-21T08:28:46","modified_gmt":"2019-01-21T07:28:46","slug":"la-esquiada-joven-agota-las-plazas-el-dia-de-abrir-las-inscripciones","status":"publish","type":"post","link":"https:\/\/mont-roig.cat\/es\/actualitat\/noticies\/la-esquiada-joven-agota-las-plazas-el-dia-de-abrir-las-inscripciones\/","title":{"rendered":"La esquiada joven agota las plazas el d\u00eda de abrir las inscripciones"},"content":{"rendered":"<ul>\n<li><strong><span class=\"tlid-translation translation\"> <span class=\"\" title=\"\">Se trata<\/span> <span title=\"\">de la actividad<\/span> <span title=\"\">estrella<\/span> <span title=\"\">del programa<\/span> <span title=\"\">Tok&#8217;l2<\/span> <span title=\"\">que ofrece<\/span> <span class=\"\" title=\"\">salidas<\/span> <span title=\"\">mensuales<\/span> <span title=\"\">para los j\u00f3venes<\/span> <span title=\"\">de Mont<\/span><span title=\"\">-roig,<\/span> <span title=\"\">Miami<\/span> <span title=\"\">Platja<\/span><span title=\"\">,<\/span> <span title=\"\">Vandell\u00f2s y <\/span><span title=\"\">Hospitalet de l&#8217;Infant<br \/>\n<\/span><\/span><\/strong><\/li>\n<\/ul>\n<div class=\"text-wrap tlid-copy-target\">\n<div class=\"result-shield-container tlid-copy-target\">\n<p><span class=\"tlid-translation translation\"><a href=\"https:\/\/mont-roig.cat\/wp-content\/uploads\/Esquiada-jove-2018.jpg\"><img loading=\"lazy\" decoding=\"async\" class=\"alignright wp-image-33537\" src=\"https:\/\/mont-roig.cat\/wp-content\/uploads\/Esquiada-jove-2018.jpg\" alt=\"\" width=\"350\" height=\"263\" srcset=\"https:\/\/mont-roig.cat\/wp-content\/uploads\/Esquiada-jove-2018.jpg 1920w, https:\/\/mont-roig.cat\/wp-content\/uploads\/Esquiada-jove-2018-500x375.jpg 500w, https:\/\/mont-roig.cat\/wp-content\/uploads\/Esquiada-jove-2018-768x576.jpg 768w, https:\/\/mont-roig.cat\/wp-content\/uploads\/Esquiada-jove-2018-1024x768.jpg 1024w, https:\/\/mont-roig.cat\/wp-content\/uploads\/Esquiada-jove-2018-463x348.jpg 463w\" sizes=\"auto, (max-width: 350px) 100vw, 350px\" \/><\/a>El programa del primer semestre de Tok&#8217;l2, que organizan conjuntamente las concejal\u00edas de Juventut del Ayuntamiento de Mont-roig del Camp y de Vandell\u00f2s i Hospitalet de l&#8217;Infant, ya tiene completas las inscripciones para la esquiada joven. Se trata de una de las propuestas que tiene m\u00e1s \u00e9xito de esta iniciativa, que pone al alcance del colectivo joven de ambos municipios una salida cada mes, a unos precios muy asequibles.<\/span><\/p>\n<p><strong>La esquiada joven<\/strong>, que se har\u00e1 en Andorra, tendr\u00e1 lugar los d\u00edas 8, 9 y 10 de marzo. En esta propuesta los j\u00f3venes pueden disfrutar de alojamiento, media pensi\u00f3n, forfait, transporte y seguro por 144 euros. Esta es una de las salidas m\u00e1s esperadas por los chicos y chicas, tanto es as\u00ed que el mismo d\u00eda de abrir las inscripciones ya se cubrieron todas las plazas, en los dos municipios.<\/p>\n<p>La programaci\u00f3n, sin embargo, cuenta con otras propuestas igual de interesantes, como la salida al <strong>Skating on ice del F\u00fatbol Club Barcelona y el Museu Blau<\/strong>, que tendr\u00e1 lugar el pr\u00f3ximo s\u00e1bado 26 de enero y que servir\u00e1 para iniciar el programa del 2019. La siguiente actividad es una salida al teatro en Barcelona, \u200b\u200bel s\u00e1bado 16 de febrero. Los j\u00f3venes podr\u00e1n disfrutar de la obra <strong>La tendresa de Dagoll Dagom<\/strong>, una de las comedias rom\u00e1nticas del momento.<\/p>\n<p>Con respecto al mes de abril, se ha organizado una visita al <strong>Sal\u00f3n del C\u00f3mic<\/strong>, otro de los cl\u00e1sicos de la programaci\u00f3n. Se trata de una gran oportunidad para los aficionados del mundo del c\u00f3mic, manga y videojuegos que les permite conocer todas las novedades. Ser\u00e1 el d\u00eda 6 de abril y la salida, que incluye transporte, entrada y seguro, tendr\u00e1 un precio de 12 euros.<\/p>\n<p>Este a\u00f1o se vuelve a organizar una salida a la <strong>Ciudad de las Artes y las Ciencias de Valencia<\/strong>, el d\u00eda 4 de mayo, despu\u00e9s de que en 2013 hicieran tambi\u00e9n una excursi\u00f3n en este espacio que permite visitar el Hemisf\u00e8ric, un cine de \u00faltima generaci\u00f3n, el Museo de la Ciencia y el Oceanogr\u00e1fico.<\/p>\n<p>Cierra el programa una <strong>sesi\u00f3n de paintball<\/strong>, que se vuelve a ofrecer para ser tambi\u00e9n otra de las propuestas que m\u00e1s piden los j\u00f3venes. Esta salida se realizar\u00e1 el 15 de junio y tiene un precio de 18 euros.<\/p>\n<p>Las salidas est\u00e1n destinadas al colectivo de j\u00f3venes de los dos municipios (chicos y chicas hasta 35 a\u00f1os) con propuestas para las diversas franjas de edad. En caso de quedar plazas disponibles tambi\u00e9n se puede apuntar el resto de la poblaci\u00f3n.<\/p>\n<p>M\u00e1s informaci\u00f3n e inscripciones en los Casals de Joves de Mont-roig y Miami Platja: 977 17 25 36 y <a href=\"mailto:joventut@mont-roig.cat\" target=\"_blank\" rel=\"noopener\">joventut@mont-roig.cat<\/a> y de Vandell\u00f2s i l&#8217;Hospitalet de l&#8217;Infant: 977 56 90 26 y <a href=\"mailto:joventut@vandellos-hospitalet.cat\" target=\"_blank\" rel=\"noopener\">joventut@vandellos-hospitalet.cat<\/a>.<\/p>\n<\/div>\n<div><\/div>\n<\/div>\n<div class=\"tlid-transliteration-content transliteration-content full\"><a href=\"https:\/\/mont-roig.cat\/wp-content\/uploads\/Tokl2_2019_1semestre.pdf\" target=\"_blank\" rel=\"noopener\">Programa Tok&#8217;l2 2019<\/a><\/div>\n","protected":false},"excerpt":{"rendered":"<p>Se trata de la actividad estrella del programa Tok&#8217;l2 que ofrece salidas mensuales para los j\u00f3venes de Mont-roig, Miami Platja, Vandell\u00f2s y Hospitalet de l&#8217;Infant El programa del primer semestre de Tok&#8217;l2, que organizan conjuntamente las concejal\u00edas de Juventut del Ayuntamiento de Mont-roig del Camp y de Vandell\u00f2s i Hospitalet de l&#8217;Infant, ya tiene completas [&hellip;]<\/p>\n","protected":false},"author":4,"featured_media":33538,"comment_status":"closed","ping_status":"closed","sticky":false,"template":"","format":"standard","meta":{"inline_featured_image":false,"_monsterinsights_skip_tracking":false,"_monsterinsights_sitenote_active":false,"_monsterinsights_sitenote_note":"","_monsterinsights_sitenote_category":0,"footnotes":""},"categories":[106],"tags":[],"class_list":["post-33540","post","type-post","status-publish","format-standard","has-post-thumbnail","hentry","category-juventud"],"yoast_head":"<!-- This site is optimized with the Yoast SEO plugin v27.4 - https:\/\/yoast.com\/product\/yoast-seo-wordpress\/ -->\n<title>La esquiada joven agota las plazas el d\u00eda de abrir las inscripciones - Ajuntament de Mont-roig del Camp<\/title>\n<meta name=\"robots\" content=\"index, follow, max-snippet:-1, max-image-preview:large, max-video-preview:-1\" \/>\n<link rel=\"canonical\" href=\"https:\/\/mont-roig.cat\/es\/actualitat\/noticies\/la-esquiada-joven-agota-las-plazas-el-dia-de-abrir-las-inscripciones\/\" \/>\n<meta property=\"og:locale\" content=\"es_ES\" \/>\n<meta property=\"og:type\" content=\"article\" \/>\n<meta property=\"og:title\" content=\"La esquiada joven agota las plazas el d\u00eda de abrir las inscripciones - Ajuntament de Mont-roig del Camp\" \/>\n<meta property=\"og:description\" content=\"Se trata de la actividad estrella del programa Tok&#8217;l2 que ofrece salidas mensuales para los j\u00f3venes de Mont-roig, Miami Platja, Vandell\u00f2s y Hospitalet de l&#8217;Infant El programa del primer semestre de Tok&#8217;l2, que organizan conjuntamente las concejal\u00edas de Juventut del Ayuntamiento de Mont-roig del Camp y de Vandell\u00f2s i Hospitalet de l&#8217;Infant, ya tiene completas [&hellip;]\" \/>\n<meta property=\"og:url\" content=\"https:\/\/mont-roig.cat\/es\/actualitat\/noticies\/la-esquiada-joven-agota-las-plazas-el-dia-de-abrir-las-inscripciones\/\" \/>\n<meta property=\"og:site_name\" content=\"Ajuntament de Mont-roig del Camp\" \/>\n<meta property=\"article:published_time\" content=\"2019-01-21T07:25:19+00:00\" \/>\n<meta property=\"article:modified_time\" content=\"2019-01-21T07:28:46+00:00\" \/>\n<meta property=\"og:image\" content=\"https:\/\/mont-roig.cat\/wp-content\/uploads\/Esquiada-jove-2018.jpg\" \/>\n\t<meta property=\"og:image:width\" content=\"4128\" \/>\n\t<meta property=\"og:image:height\" content=\"3096\" \/>\n\t<meta property=\"og:image:type\" content=\"image\/jpeg\" \/>\n<meta name=\"author\" content=\"administrador\" \/>\n<meta name=\"twitter:card\" content=\"summary_large_image\" \/>\n<meta name=\"twitter:label1\" content=\"Escrito por\" \/>\n\t<meta name=\"twitter:data1\" content=\"administrador\" \/>\n\t<meta name=\"twitter:label2\" content=\"Tiempo de lectura\" \/>\n\t<meta name=\"twitter:data2\" content=\"3 minutos\" \/>\n<script type=\"application\/ld+json\" class=\"yoast-schema-graph\">{\"@context\":\"https:\\\/\\\/schema.org\",\"@graph\":[{\"@type\":\"Article\",\"@id\":\"https:\\\/\\\/mont-roig.cat\\\/es\\\/actualitat\\\/noticies\\\/la-esquiada-joven-agota-las-plazas-el-dia-de-abrir-las-inscripciones\\\/#article\",\"isPartOf\":{\"@id\":\"https:\\\/\\\/mont-roig.cat\\\/es\\\/actualitat\\\/noticies\\\/la-esquiada-joven-agota-las-plazas-el-dia-de-abrir-las-inscripciones\\\/\"},\"author\":{\"name\":\"administrador\",\"@id\":\"https:\\\/\\\/mont-roig.cat\\\/es\\\/#\\\/schema\\\/person\\\/f2b111789f22b7d0c3bd6786c9128cba\"},\"headline\":\"La esquiada joven agota las plazas el d\u00eda de abrir las inscripciones\",\"datePublished\":\"2019-01-21T07:25:19+00:00\",\"dateModified\":\"2019-01-21T07:28:46+00:00\",\"mainEntityOfPage\":{\"@id\":\"https:\\\/\\\/mont-roig.cat\\\/es\\\/actualitat\\\/noticies\\\/la-esquiada-joven-agota-las-plazas-el-dia-de-abrir-las-inscripciones\\\/\"},\"wordCount\":519,\"image\":{\"@id\":\"https:\\\/\\\/mont-roig.cat\\\/es\\\/actualitat\\\/noticies\\\/la-esquiada-joven-agota-las-plazas-el-dia-de-abrir-las-inscripciones\\\/#primaryimage\"},\"thumbnailUrl\":\"https:\\\/\\\/mont-roig.cat\\\/wp-content\\\/uploads\\\/Esquiada-jove-2018.jpg\",\"articleSection\":[\"Juventud\"],\"inLanguage\":\"es\"},{\"@type\":\"WebPage\",\"@id\":\"https:\\\/\\\/mont-roig.cat\\\/es\\\/actualitat\\\/noticies\\\/la-esquiada-joven-agota-las-plazas-el-dia-de-abrir-las-inscripciones\\\/\",\"url\":\"https:\\\/\\\/mont-roig.cat\\\/es\\\/actualitat\\\/noticies\\\/la-esquiada-joven-agota-las-plazas-el-dia-de-abrir-las-inscripciones\\\/\",\"name\":\"La esquiada joven agota las plazas el d\u00eda de abrir las inscripciones - Ajuntament de Mont-roig del Camp\",\"isPartOf\":{\"@id\":\"https:\\\/\\\/mont-roig.cat\\\/es\\\/#website\"},\"primaryImageOfPage\":{\"@id\":\"https:\\\/\\\/mont-roig.cat\\\/es\\\/actualitat\\\/noticies\\\/la-esquiada-joven-agota-las-plazas-el-dia-de-abrir-las-inscripciones\\\/#primaryimage\"},\"image\":{\"@id\":\"https:\\\/\\\/mont-roig.cat\\\/es\\\/actualitat\\\/noticies\\\/la-esquiada-joven-agota-las-plazas-el-dia-de-abrir-las-inscripciones\\\/#primaryimage\"},\"thumbnailUrl\":\"https:\\\/\\\/mont-roig.cat\\\/wp-content\\\/uploads\\\/Esquiada-jove-2018.jpg\",\"datePublished\":\"2019-01-21T07:25:19+00:00\",\"dateModified\":\"2019-01-21T07:28:46+00:00\",\"author\":{\"@id\":\"https:\\\/\\\/mont-roig.cat\\\/es\\\/#\\\/schema\\\/person\\\/f2b111789f22b7d0c3bd6786c9128cba\"},\"breadcrumb\":{\"@id\":\"https:\\\/\\\/mont-roig.cat\\\/es\\\/actualitat\\\/noticies\\\/la-esquiada-joven-agota-las-plazas-el-dia-de-abrir-las-inscripciones\\\/#breadcrumb\"},\"inLanguage\":\"es\",\"potentialAction\":[{\"@type\":\"ReadAction\",\"target\":[\"https:\\\/\\\/mont-roig.cat\\\/es\\\/actualitat\\\/noticies\\\/la-esquiada-joven-agota-las-plazas-el-dia-de-abrir-las-inscripciones\\\/\"]}]},{\"@type\":\"ImageObject\",\"inLanguage\":\"es\",\"@id\":\"https:\\\/\\\/mont-roig.cat\\\/es\\\/actualitat\\\/noticies\\\/la-esquiada-joven-agota-las-plazas-el-dia-de-abrir-las-inscripciones\\\/#primaryimage\",\"url\":\"https:\\\/\\\/mont-roig.cat\\\/wp-content\\\/uploads\\\/Esquiada-jove-2018.jpg\",\"contentUrl\":\"https:\\\/\\\/mont-roig.cat\\\/wp-content\\\/uploads\\\/Esquiada-jove-2018.jpg\",\"width\":4128,\"height\":3096},{\"@type\":\"BreadcrumbList\",\"@id\":\"https:\\\/\\\/mont-roig.cat\\\/es\\\/actualitat\\\/noticies\\\/la-esquiada-joven-agota-las-plazas-el-dia-de-abrir-las-inscripciones\\\/#breadcrumb\",\"itemListElement\":[{\"@type\":\"ListItem\",\"position\":1,\"name\":\"Inici\",\"item\":\"https:\\\/\\\/mont-roig.cat\\\/es\\\/pagina-de-inicio\\\/\"},{\"@type\":\"ListItem\",\"position\":2,\"name\":\"La esquiada joven agota las plazas el d\u00eda de abrir las inscripciones\"}]},{\"@type\":\"WebSite\",\"@id\":\"https:\\\/\\\/mont-roig.cat\\\/es\\\/#website\",\"url\":\"https:\\\/\\\/mont-roig.cat\\\/es\\\/\",\"name\":\"Ajuntament de Mont-roig del Camp\",\"description\":\"Tota la informaci\u00f3 sobre la instituci\u00f3, els seus \u00f2rgans de govern, actualitat, serveis i molt m\u00e9s.\",\"potentialAction\":[{\"@type\":\"SearchAction\",\"target\":{\"@type\":\"EntryPoint\",\"urlTemplate\":\"https:\\\/\\\/mont-roig.cat\\\/es\\\/?s={search_term_string}\"},\"query-input\":{\"@type\":\"PropertyValueSpecification\",\"valueRequired\":true,\"valueName\":\"search_term_string\"}}],\"inLanguage\":\"es\"},{\"@type\":\"Person\",\"@id\":\"https:\\\/\\\/mont-roig.cat\\\/es\\\/#\\\/schema\\\/person\\\/f2b111789f22b7d0c3bd6786c9128cba\",\"name\":\"administrador\",\"image\":{\"@type\":\"ImageObject\",\"inLanguage\":\"es\",\"@id\":\"https:\\\/\\\/secure.gravatar.com\\\/avatar\\\/9137aac6891e2595c9d3036fd83bcb653b4db3c946db4c7d9b9be193c3c944bb?s=96&d=mm&r=g\",\"url\":\"https:\\\/\\\/secure.gravatar.com\\\/avatar\\\/9137aac6891e2595c9d3036fd83bcb653b4db3c946db4c7d9b9be193c3c944bb?s=96&d=mm&r=g\",\"contentUrl\":\"https:\\\/\\\/secure.gravatar.com\\\/avatar\\\/9137aac6891e2595c9d3036fd83bcb653b4db3c946db4c7d9b9be193c3c944bb?s=96&d=mm&r=g\",\"caption\":\"administrador\"},\"url\":\"https:\\\/\\\/mont-roig.cat\\\/es\\\/actualitat\\\/noticies\\\/author\\\/administrador\\\/\"}]}<\/script>\n<!-- \/ Yoast SEO plugin. -->","yoast_head_json":{"title":"La esquiada joven agota las plazas el d\u00eda de abrir las inscripciones - Ajuntament de Mont-roig del Camp","robots":{"index":"index","follow":"follow","max-snippet":"max-snippet:-1","max-image-preview":"max-image-preview:large","max-video-preview":"max-video-preview:-1"},"canonical":"https:\/\/mont-roig.cat\/es\/actualitat\/noticies\/la-esquiada-joven-agota-las-plazas-el-dia-de-abrir-las-inscripciones\/","og_locale":"es_ES","og_type":"article","og_title":"La esquiada joven agota las plazas el d\u00eda de abrir las inscripciones - Ajuntament de Mont-roig del Camp","og_description":"Se trata de la actividad estrella del programa Tok&#8217;l2 que ofrece salidas mensuales para los j\u00f3venes de Mont-roig, Miami Platja, Vandell\u00f2s y Hospitalet de l&#8217;Infant El programa del primer semestre de Tok&#8217;l2, que organizan conjuntamente las concejal\u00edas de Juventut del Ayuntamiento de Mont-roig del Camp y de Vandell\u00f2s i Hospitalet de l&#8217;Infant, ya tiene completas [&hellip;]","og_url":"https:\/\/mont-roig.cat\/es\/actualitat\/noticies\/la-esquiada-joven-agota-las-plazas-el-dia-de-abrir-las-inscripciones\/","og_site_name":"Ajuntament de Mont-roig del Camp","article_published_time":"2019-01-21T07:25:19+00:00","article_modified_time":"2019-01-21T07:28:46+00:00","og_image":[{"width":4128,"height":3096,"url":"https:\/\/mont-roig.cat\/wp-content\/uploads\/Esquiada-jove-2018.jpg","type":"image\/jpeg"}],"author":"administrador","twitter_card":"summary_large_image","twitter_misc":{"Escrito por":"administrador","Tiempo de lectura":"3 minutos"},"schema":{"@context":"https:\/\/schema.org","@graph":[{"@type":"Article","@id":"https:\/\/mont-roig.cat\/es\/actualitat\/noticies\/la-esquiada-joven-agota-las-plazas-el-dia-de-abrir-las-inscripciones\/#article","isPartOf":{"@id":"https:\/\/mont-roig.cat\/es\/actualitat\/noticies\/la-esquiada-joven-agota-las-plazas-el-dia-de-abrir-las-inscripciones\/"},"author":{"name":"administrador","@id":"https:\/\/mont-roig.cat\/es\/#\/schema\/person\/f2b111789f22b7d0c3bd6786c9128cba"},"headline":"La esquiada joven agota las plazas el d\u00eda de abrir las inscripciones","datePublished":"2019-01-21T07:25:19+00:00","dateModified":"2019-01-21T07:28:46+00:00","mainEntityOfPage":{"@id":"https:\/\/mont-roig.cat\/es\/actualitat\/noticies\/la-esquiada-joven-agota-las-plazas-el-dia-de-abrir-las-inscripciones\/"},"wordCount":519,"image":{"@id":"https:\/\/mont-roig.cat\/es\/actualitat\/noticies\/la-esquiada-joven-agota-las-plazas-el-dia-de-abrir-las-inscripciones\/#primaryimage"},"thumbnailUrl":"https:\/\/mont-roig.cat\/wp-content\/uploads\/Esquiada-jove-2018.jpg","articleSection":["Juventud"],"inLanguage":"es"},{"@type":"WebPage","@id":"https:\/\/mont-roig.cat\/es\/actualitat\/noticies\/la-esquiada-joven-agota-las-plazas-el-dia-de-abrir-las-inscripciones\/","url":"https:\/\/mont-roig.cat\/es\/actualitat\/noticies\/la-esquiada-joven-agota-las-plazas-el-dia-de-abrir-las-inscripciones\/","name":"La esquiada joven agota las plazas el d\u00eda de abrir las inscripciones - Ajuntament de Mont-roig del Camp","isPartOf":{"@id":"https:\/\/mont-roig.cat\/es\/#website"},"primaryImageOfPage":{"@id":"https:\/\/mont-roig.cat\/es\/actualitat\/noticies\/la-esquiada-joven-agota-las-plazas-el-dia-de-abrir-las-inscripciones\/#primaryimage"},"image":{"@id":"https:\/\/mont-roig.cat\/es\/actualitat\/noticies\/la-esquiada-joven-agota-las-plazas-el-dia-de-abrir-las-inscripciones\/#primaryimage"},"thumbnailUrl":"https:\/\/mont-roig.cat\/wp-content\/uploads\/Esquiada-jove-2018.jpg","datePublished":"2019-01-21T07:25:19+00:00","dateModified":"2019-01-21T07:28:46+00:00","author":{"@id":"https:\/\/mont-roig.cat\/es\/#\/schema\/person\/f2b111789f22b7d0c3bd6786c9128cba"},"breadcrumb":{"@id":"https:\/\/mont-roig.cat\/es\/actualitat\/noticies\/la-esquiada-joven-agota-las-plazas-el-dia-de-abrir-las-inscripciones\/#breadcrumb"},"inLanguage":"es","potentialAction":[{"@type":"ReadAction","target":["https:\/\/mont-roig.cat\/es\/actualitat\/noticies\/la-esquiada-joven-agota-las-plazas-el-dia-de-abrir-las-inscripciones\/"]}]},{"@type":"ImageObject","inLanguage":"es","@id":"https:\/\/mont-roig.cat\/es\/actualitat\/noticies\/la-esquiada-joven-agota-las-plazas-el-dia-de-abrir-las-inscripciones\/#primaryimage","url":"https:\/\/mont-roig.cat\/wp-content\/uploads\/Esquiada-jove-2018.jpg","contentUrl":"https:\/\/mont-roig.cat\/wp-content\/uploads\/Esquiada-jove-2018.jpg","width":4128,"height":3096},{"@type":"BreadcrumbList","@id":"https:\/\/mont-roig.cat\/es\/actualitat\/noticies\/la-esquiada-joven-agota-las-plazas-el-dia-de-abrir-las-inscripciones\/#breadcrumb","itemListElement":[{"@type":"ListItem","position":1,"name":"Inici","item":"https:\/\/mont-roig.cat\/es\/pagina-de-inicio\/"},{"@type":"ListItem","position":2,"name":"La esquiada joven agota las plazas el d\u00eda de abrir las inscripciones"}]},{"@type":"WebSite","@id":"https:\/\/mont-roig.cat\/es\/#website","url":"https:\/\/mont-roig.cat\/es\/","name":"Ajuntament de Mont-roig del Camp","description":"Tota la informaci\u00f3 sobre la instituci\u00f3, els seus \u00f2rgans de govern, actualitat, serveis i molt m\u00e9s.","potentialAction":[{"@type":"SearchAction","target":{"@type":"EntryPoint","urlTemplate":"https:\/\/mont-roig.cat\/es\/?s={search_term_string}"},"query-input":{"@type":"PropertyValueSpecification","valueRequired":true,"valueName":"search_term_string"}}],"inLanguage":"es"},{"@type":"Person","@id":"https:\/\/mont-roig.cat\/es\/#\/schema\/person\/f2b111789f22b7d0c3bd6786c9128cba","name":"administrador","image":{"@type":"ImageObject","inLanguage":"es","@id":"https:\/\/secure.gravatar.com\/avatar\/9137aac6891e2595c9d3036fd83bcb653b4db3c946db4c7d9b9be193c3c944bb?s=96&d=mm&r=g","url":"https:\/\/secure.gravatar.com\/avatar\/9137aac6891e2595c9d3036fd83bcb653b4db3c946db4c7d9b9be193c3c944bb?s=96&d=mm&r=g","contentUrl":"https:\/\/secure.gravatar.com\/avatar\/9137aac6891e2595c9d3036fd83bcb653b4db3c946db4c7d9b9be193c3c944bb?s=96&d=mm&r=g","caption":"administrador"},"url":"https:\/\/mont-roig.cat\/es\/actualitat\/noticies\/author\/administrador\/"}]}},"_links":{"self":[{"href":"https:\/\/mont-roig.cat\/es\/wp-json\/wp\/v2\/posts\/33540","targetHints":{"allow":["GET"]}}],"collection":[{"href":"https:\/\/mont-roig.cat\/es\/wp-json\/wp\/v2\/posts"}],"about":[{"href":"https:\/\/mont-roig.cat\/es\/wp-json\/wp\/v2\/types\/post"}],"author":[{"embeddable":true,"href":"https:\/\/mont-roig.cat\/es\/wp-json\/wp\/v2\/users\/4"}],"replies":[{"embeddable":true,"href":"https:\/\/mont-roig.cat\/es\/wp-json\/wp\/v2\/comments?post=33540"}],"version-history":[{"count":3,"href":"https:\/\/mont-roig.cat\/es\/wp-json\/wp\/v2\/posts\/33540\/revisions"}],"predecessor-version":[{"id":33545,"href":"https:\/\/mont-roig.cat\/es\/wp-json\/wp\/v2\/posts\/33540\/revisions\/33545"}],"wp:featuredmedia":[{"embeddable":true,"href":"https:\/\/mont-roig.cat\/es\/wp-json\/wp\/v2\/media\/33538"}],"wp:attachment":[{"href":"https:\/\/mont-roig.cat\/es\/wp-json\/wp\/v2\/media?parent=33540"}],"wp:term":[{"taxonomy":"category","embeddable":true,"href":"https:\/\/mont-roig.cat\/es\/wp-json\/wp\/v2\/categories?post=33540"},{"taxonomy":"post_tag","embeddable":true,"href":"https:\/\/mont-roig.cat\/es\/wp-json\/wp\/v2\/tags?post=33540"}],"curies":[{"name":"wp","href":"https:\/\/api.w.org\/{rel}","templated":true}]}}