{"id":33996,"date":"2019-02-05T13:10:44","date_gmt":"2019-02-05T12:10:44","guid":{"rendered":"https:\/\/mont-roig.cat\/?p=33996"},"modified":"2019-04-09T12:09:04","modified_gmt":"2019-04-09T10:09:04","slug":"la-programacion-cultural-del-primer-semestre-del-2019-llevara-una-docena-de-propuestas-para-disfrutar-de-las-artes-escenicas-en-el-municipio","status":"publish","type":"post","link":"https:\/\/mont-roig.cat\/es\/actualitat\/noticies\/la-programacion-cultural-del-primer-semestre-del-2019-llevara-una-docena-de-propuestas-para-disfrutar-de-las-artes-escenicas-en-el-municipio\/","title":{"rendered":"La programaci\u00f3n cultural del primer semestre del 2019 llevar\u00e1 una docena de propuestas para disfrutar de las artes esc\u00e9nicas en el municipio"},"content":{"rendered":"<ul>\n<li><strong><span class=\"tlid-translation translation\"><span title=\"\">El espect\u00e1culo de<\/span> <span title=\"\">magia<\/span> <span title=\"\">con Melanie<\/span><span title=\"\">,<\/span> <span title=\"\">el concierto<\/span> <span title=\"\">del cantautor<\/span> <span title=\"\">Fito<\/span> <span title=\"\">Luri<\/span><span title=\"\">, un espect\u00e1culo<\/span> <span title=\"\">de la compa\u00f1\u00eda<\/span> <span title=\"\">Passabarret<\/span> <span title=\"\">o<\/span> <span title=\"\">una obra<\/span> <span title=\"\">para beb\u00e9s<\/span><span title=\"\">,<\/span> <span title=\"\">entre<\/span> <span title=\"\">las propuestas<\/span> <span title=\"\">destacadas<\/span><br \/>\n<\/span><\/strong><\/li>\n<li><strong><span class=\"tlid-translation translation\"><span title=\"\">La iniciativa<\/span> <span title=\"\">volver\u00e1 a<\/span> <span title=\"\">llevar al alumnado<\/span> <span title=\"\">de<\/span> <span title=\"\">5\u00ba y 6\u00ba<\/span> <span title=\"\">de las tres<\/span> <span title=\"\">escuelas<\/span> <span title=\"\">del municipio<\/span> <span class=\"\" title=\"\">al teatro<\/span><\/span><\/strong><\/li>\n<\/ul>\n<p><span class=\"tlid-translation translation\"><a href=\"https:\/\/mont-roig.cat\/wp-content\/uploads\/Sumari_CicleTeatre_1r_Semestre_2019-3.jpg\"><img loading=\"lazy\" decoding=\"async\" class=\"alignright wp-image-35499\" src=\"https:\/\/mont-roig.cat\/wp-content\/uploads\/Sumari_CicleTeatre_1r_Semestre_2019-3.jpg\" alt=\"\" width=\"250\" height=\"446\" srcset=\"https:\/\/mont-roig.cat\/wp-content\/uploads\/Sumari_CicleTeatre_1r_Semestre_2019-3.jpg 1191w, https:\/\/mont-roig.cat\/wp-content\/uploads\/Sumari_CicleTeatre_1r_Semestre_2019-3-280x500.jpg 280w, https:\/\/mont-roig.cat\/wp-content\/uploads\/Sumari_CicleTeatre_1r_Semestre_2019-3-768x1371.jpg 768w, https:\/\/mont-roig.cat\/wp-content\/uploads\/Sumari_CicleTeatre_1r_Semestre_2019-3-574x1024.jpg 574w\" sizes=\"auto, (max-width: 250px) 100vw, 250px\" \/><\/a>El espect\u00e1culo de magia de Melanie, una de las promesas del mundo del ilusionismo, inicia este s\u00e1bado la nueva programaci\u00f3n cultural del Ayuntamiento de Mont-roig del Camp. La concejal\u00eda de Cultura ha preparado hasta 12 propuestas para disfrutar de la m\u00fasica, el teatro, la magia, el circo o el humor durante el primer semestre del 2019.<\/span><\/p>\n<p>Se trata de una programaci\u00f3n pensada para todos los p\u00fablicos, que incluye desde un concierto con el cantautor reusense Fito Luri o un espect\u00e1culo de circo de la compa\u00f1\u00eda Passabarret, hasta una propuesta teatral para beb\u00e9s. Adem\u00e1s, tambi\u00e9n se vuelve a programar una sesi\u00f3n de teatro para las escuelas, a fin de fomentar la cultura teatral entre los ni\u00f1os y ni\u00f1as del municipio.<\/p>\n<p>La programaci\u00f3n para la temporada de invierno-primavera se inicia con el espect\u00e1culo Enchant\u00e9e, de la joven Melanie, que pondr\u00e1 sobre el escenario todo su talento femenino en una funci\u00f3n dirigida por el conocido mago Lari. Ser\u00e1 este s\u00e1bado 9 de febrero, a las 7 de la tarde en el Centro Polivalente de Miami Platja.<\/p>\n<p><strong>Programaci\u00f3n en el renovado Centre Cultural Esg\u00e9sia Vella<\/strong><\/p>\n<p>El Centre Cultural Esgl\u00e9sia Vella (CCEV) de Mont-roig acoger\u00e1 3 de las propuestas de este semestre. La primera ser\u00e1 el espect\u00e1culo de t\u00edteres Paz. La vida de Pau Casals, a cargo de Forani Teatro. Se trata de una de las obras m\u00e1s aplaudidas de esta compa\u00f1\u00eda, que ha estado presente en diferentes festivales y muestras. Destacan por haber recibido, precisamente, los Premios Butaca 2012 por este espect\u00e1culo Pau. La vida de Pau Casals, que llevar\u00e1n en Mont-roig el 16 de febrero a las 7 de la tarde.<\/p>\n<p>Otra propuesta muy especial que acoger\u00e1 el CCEV, es Baby Esf\u00e8ric. Se trata de una representaci\u00f3n singular que tendr\u00e1 lugar el 6 de abril a las 6 de la tarde y que est\u00e1 pensada para atrapar a los ni\u00f1os de los 6 meses a 3 a\u00f1os, a trav\u00e9s de divertidas y sensibles historias sobre la magia del planeta Tierra.<\/p>\n<p>El concierto de Fito Luri, el 7 de abril, es otra de las propuestas destacadas de esta programaci\u00f3n, que tambi\u00e9n tendr\u00e1 lugar en el CCEV. El cantautor reusense presentar\u00e1 su nuevo disco Cru, con una und\u00e9cima de canciones de car\u00e1cter introspectivo, acompa\u00f1ado de Pau Romero.<\/p>\n<p><strong>Fomento del teatro en las escuelas<\/strong><\/p>\n<p>Una de las iniciativas que ya se ha llevado a cabo en otras ocasiones y que se vuelve a programar es la escuela va al teatro. Una sesi\u00f3n teatral exclusiva para los alumnos de 5\u00ba y 6\u00ba de las tres escuelas del municipio, Mare de D\u00e9u de la Roca, Marcel\u00b7l\u00ed Esquius i Joan Mir\u00f3, que tendr\u00e1 lugar el 21 de marzo en el Centro Polivalente de Miami Platja.<\/p>\n<p><strong>Espect\u00e1culos infantiles, pero tambi\u00e9n para adultos<\/strong><\/p>\n<p>Los espect\u00e1culos para adultos tambi\u00e9n tienen lugar en esta programaci\u00f3n. Se trata del espect\u00e1culo musical y de mon\u00f3logos Seven Swing Cabaret con Maria Bravo, en el teatro del Polivalent el 23 de marzo y Impro Acatomba show, un espect\u00e1culo de humor 100% improvisado donde el p\u00fablico decide y participa en el show en todo momento. Ser\u00e1 el 13 de abril a las 8 de la tarde tambi\u00e9n en el Teatro del Polivalente de Miami Platja.<\/p>\n<p>Para la Diada de Sant Jordi, adem\u00e1s de las tradicionales paradas de libros y rosas, as\u00ed como la participaci\u00f3n de diversas entidades locales, se han programado dos espect\u00e1culos de animaci\u00f3n infantil, que combinan juegos y danzas. Por un lado, frente al Centro Polivalente de Miami Platja, a las 6 de la tarde de la mano de la compa\u00f1\u00eda Farsa de Farsants y por otro, en el aparcamiento de la Casa de Cultura, a las 18 h tambi\u00e9n, en este caso a cargo de la compa\u00f1\u00eda Set de so.<\/p>\n<p>Ya en el mes de junio, la compa\u00f1\u00eda Passabarret llevar\u00e1 su espect\u00e1culo Rodolfo y Rita en el Centro Polivalente de Miami Platja, el d\u00eda 1 de junio. Acrobacia, ilusionismo, malabares, humor y mucho m\u00e1s en una funci\u00f3n familiar, de payasos y circo. Tambi\u00e9n el mes de junio, s\u00e1bado d\u00eda 8, les Coves de Roure de Costa Z\u00e8fir, ser\u00e1n escenario, por cuarto a\u00f1o consecutivo, de un espect\u00e1culo de animaci\u00f3n infantil y de un concierto de m\u00fasica al aire libre.<\/p>\n<p>La programaci\u00f3n del primer semestre finalizar\u00e1 el 28 de junio, en el casco antiguo de Mont-roig con el Liceo al aire libre. En esta ocasi\u00f3n se retransmitir\u00e1 en directo la \u00f3pera La Tosca desde el gran teatro del Liceo. Una iniciativa que tiene el objetivo de difundir la m\u00fasica y la \u00f3pera a toda la poblaci\u00f3n ampliando as\u00ed la cultura oper\u00edstica.<\/p>\n<p>Todos los espect\u00e1culos son gratuitos. Las sesiones en el Centro Cultural Esgl\u00e9sia Vella tienen un aforo limitado a 100 personas.<\/p>\n<p>Consulta <a href=\"https:\/\/mont-roig.cat\/wp-content\/uploads\/CicleTeatre_1r_Semestre_2019-1.pdf\" target=\"_blank\" rel=\"noopener\">aqu\u00ed<\/a> todo el programa.<\/p>\n","protected":false},"excerpt":{"rendered":"<p>El espect\u00e1culo de magia con Melanie, el concierto del cantautor Fito Luri, un espect\u00e1culo de la compa\u00f1\u00eda Passabarret o una obra para beb\u00e9s, entre las propuestas destacadas La iniciativa volver\u00e1 a llevar al alumnado de 5\u00ba y 6\u00ba de las tres escuelas del municipio al teatro El espect\u00e1culo de magia de Melanie, una de las [&hellip;]<\/p>\n","protected":false},"author":4,"featured_media":33981,"comment_status":"closed","ping_status":"closed","sticky":false,"template":"","format":"standard","meta":{"inline_featured_image":false,"_monsterinsights_skip_tracking":false,"_monsterinsights_sitenote_active":false,"_monsterinsights_sitenote_note":"","_monsterinsights_sitenote_category":0,"footnotes":""},"categories":[101,71],"tags":[],"class_list":["post-33996","post","type-post","status-publish","format-standard","has-post-thumbnail","hentry","category-cultura-es","category-general-es"],"yoast_head":"<!-- This site is optimized with the Yoast SEO plugin v27.4 - https:\/\/yoast.com\/product\/yoast-seo-wordpress\/ -->\n<title>La programaci\u00f3n cultural del primer semestre del 2019 llevar\u00e1 una docena de propuestas para disfrutar de las artes esc\u00e9nicas en el municipio - Ajuntament de Mont-roig del Camp<\/title>\n<meta name=\"robots\" content=\"index, follow, max-snippet:-1, max-image-preview:large, max-video-preview:-1\" \/>\n<link rel=\"canonical\" href=\"https:\/\/mont-roig.cat\/es\/actualitat\/noticies\/la-programacion-cultural-del-primer-semestre-del-2019-llevara-una-docena-de-propuestas-para-disfrutar-de-las-artes-escenicas-en-el-municipio\/\" \/>\n<meta property=\"og:locale\" content=\"es_ES\" \/>\n<meta property=\"og:type\" content=\"article\" \/>\n<meta property=\"og:title\" content=\"La programaci\u00f3n cultural del primer semestre del 2019 llevar\u00e1 una docena de propuestas para disfrutar de las artes esc\u00e9nicas en el municipio - Ajuntament de Mont-roig del Camp\" \/>\n<meta property=\"og:description\" content=\"El espect\u00e1culo de magia con Melanie, el concierto del cantautor Fito Luri, un espect\u00e1culo de la compa\u00f1\u00eda Passabarret o una obra para beb\u00e9s, entre las propuestas destacadas La iniciativa volver\u00e1 a llevar al alumnado de 5\u00ba y 6\u00ba de las tres escuelas del municipio al teatro El espect\u00e1culo de magia de Melanie, una de las [&hellip;]\" \/>\n<meta property=\"og:url\" content=\"https:\/\/mont-roig.cat\/es\/actualitat\/noticies\/la-programacion-cultural-del-primer-semestre-del-2019-llevara-una-docena-de-propuestas-para-disfrutar-de-las-artes-escenicas-en-el-municipio\/\" \/>\n<meta property=\"og:site_name\" content=\"Ajuntament de Mont-roig del Camp\" \/>\n<meta property=\"article:published_time\" content=\"2019-02-05T12:10:44+00:00\" \/>\n<meta property=\"article:modified_time\" content=\"2019-04-09T10:09:04+00:00\" \/>\n<meta property=\"og:image\" content=\"https:\/\/mont-roig.cat\/wp-content\/uploads\/CicleTeatre_1r_Semestre_2019.jpg\" \/>\n\t<meta property=\"og:image:width\" content=\"1654\" \/>\n\t<meta property=\"og:image:height\" content=\"864\" \/>\n\t<meta property=\"og:image:type\" content=\"image\/jpeg\" \/>\n<meta name=\"author\" content=\"administrador\" \/>\n<meta name=\"twitter:card\" content=\"summary_large_image\" \/>\n<meta name=\"twitter:label1\" content=\"Escrito por\" \/>\n\t<meta name=\"twitter:data1\" content=\"administrador\" \/>\n\t<meta name=\"twitter:label2\" content=\"Tiempo de lectura\" \/>\n\t<meta name=\"twitter:data2\" content=\"4 minutos\" \/>\n<script type=\"application\/ld+json\" class=\"yoast-schema-graph\">{\"@context\":\"https:\\\/\\\/schema.org\",\"@graph\":[{\"@type\":\"Article\",\"@id\":\"https:\\\/\\\/mont-roig.cat\\\/es\\\/actualitat\\\/noticies\\\/la-programacion-cultural-del-primer-semestre-del-2019-llevara-una-docena-de-propuestas-para-disfrutar-de-las-artes-escenicas-en-el-municipio\\\/#article\",\"isPartOf\":{\"@id\":\"https:\\\/\\\/mont-roig.cat\\\/es\\\/actualitat\\\/noticies\\\/la-programacion-cultural-del-primer-semestre-del-2019-llevara-una-docena-de-propuestas-para-disfrutar-de-las-artes-escenicas-en-el-municipio\\\/\"},\"author\":{\"name\":\"administrador\",\"@id\":\"https:\\\/\\\/mont-roig.cat\\\/es\\\/#\\\/schema\\\/person\\\/f2b111789f22b7d0c3bd6786c9128cba\"},\"headline\":\"La programaci\u00f3n cultural del primer semestre del 2019 llevar\u00e1 una docena de propuestas para disfrutar de las artes esc\u00e9nicas en el municipio\",\"datePublished\":\"2019-02-05T12:10:44+00:00\",\"dateModified\":\"2019-04-09T10:09:04+00:00\",\"mainEntityOfPage\":{\"@id\":\"https:\\\/\\\/mont-roig.cat\\\/es\\\/actualitat\\\/noticies\\\/la-programacion-cultural-del-primer-semestre-del-2019-llevara-una-docena-de-propuestas-para-disfrutar-de-las-artes-escenicas-en-el-municipio\\\/\"},\"wordCount\":904,\"image\":{\"@id\":\"https:\\\/\\\/mont-roig.cat\\\/es\\\/actualitat\\\/noticies\\\/la-programacion-cultural-del-primer-semestre-del-2019-llevara-una-docena-de-propuestas-para-disfrutar-de-las-artes-escenicas-en-el-municipio\\\/#primaryimage\"},\"thumbnailUrl\":\"https:\\\/\\\/mont-roig.cat\\\/wp-content\\\/uploads\\\/CicleTeatre_1r_Semestre_2019.jpg\",\"articleSection\":[\"Cultura\",\"General\"],\"inLanguage\":\"es\"},{\"@type\":\"WebPage\",\"@id\":\"https:\\\/\\\/mont-roig.cat\\\/es\\\/actualitat\\\/noticies\\\/la-programacion-cultural-del-primer-semestre-del-2019-llevara-una-docena-de-propuestas-para-disfrutar-de-las-artes-escenicas-en-el-municipio\\\/\",\"url\":\"https:\\\/\\\/mont-roig.cat\\\/es\\\/actualitat\\\/noticies\\\/la-programacion-cultural-del-primer-semestre-del-2019-llevara-una-docena-de-propuestas-para-disfrutar-de-las-artes-escenicas-en-el-municipio\\\/\",\"name\":\"La programaci\u00f3n cultural del primer semestre del 2019 llevar\u00e1 una docena de propuestas para disfrutar de las artes esc\u00e9nicas en el municipio - Ajuntament de Mont-roig del Camp\",\"isPartOf\":{\"@id\":\"https:\\\/\\\/mont-roig.cat\\\/es\\\/#website\"},\"primaryImageOfPage\":{\"@id\":\"https:\\\/\\\/mont-roig.cat\\\/es\\\/actualitat\\\/noticies\\\/la-programacion-cultural-del-primer-semestre-del-2019-llevara-una-docena-de-propuestas-para-disfrutar-de-las-artes-escenicas-en-el-municipio\\\/#primaryimage\"},\"image\":{\"@id\":\"https:\\\/\\\/mont-roig.cat\\\/es\\\/actualitat\\\/noticies\\\/la-programacion-cultural-del-primer-semestre-del-2019-llevara-una-docena-de-propuestas-para-disfrutar-de-las-artes-escenicas-en-el-municipio\\\/#primaryimage\"},\"thumbnailUrl\":\"https:\\\/\\\/mont-roig.cat\\\/wp-content\\\/uploads\\\/CicleTeatre_1r_Semestre_2019.jpg\",\"datePublished\":\"2019-02-05T12:10:44+00:00\",\"dateModified\":\"2019-04-09T10:09:04+00:00\",\"author\":{\"@id\":\"https:\\\/\\\/mont-roig.cat\\\/es\\\/#\\\/schema\\\/person\\\/f2b111789f22b7d0c3bd6786c9128cba\"},\"breadcrumb\":{\"@id\":\"https:\\\/\\\/mont-roig.cat\\\/es\\\/actualitat\\\/noticies\\\/la-programacion-cultural-del-primer-semestre-del-2019-llevara-una-docena-de-propuestas-para-disfrutar-de-las-artes-escenicas-en-el-municipio\\\/#breadcrumb\"},\"inLanguage\":\"es\",\"potentialAction\":[{\"@type\":\"ReadAction\",\"target\":[\"https:\\\/\\\/mont-roig.cat\\\/es\\\/actualitat\\\/noticies\\\/la-programacion-cultural-del-primer-semestre-del-2019-llevara-una-docena-de-propuestas-para-disfrutar-de-las-artes-escenicas-en-el-municipio\\\/\"]}]},{\"@type\":\"ImageObject\",\"inLanguage\":\"es\",\"@id\":\"https:\\\/\\\/mont-roig.cat\\\/es\\\/actualitat\\\/noticies\\\/la-programacion-cultural-del-primer-semestre-del-2019-llevara-una-docena-de-propuestas-para-disfrutar-de-las-artes-escenicas-en-el-municipio\\\/#primaryimage\",\"url\":\"https:\\\/\\\/mont-roig.cat\\\/wp-content\\\/uploads\\\/CicleTeatre_1r_Semestre_2019.jpg\",\"contentUrl\":\"https:\\\/\\\/mont-roig.cat\\\/wp-content\\\/uploads\\\/CicleTeatre_1r_Semestre_2019.jpg\",\"width\":1654,\"height\":864},{\"@type\":\"BreadcrumbList\",\"@id\":\"https:\\\/\\\/mont-roig.cat\\\/es\\\/actualitat\\\/noticies\\\/la-programacion-cultural-del-primer-semestre-del-2019-llevara-una-docena-de-propuestas-para-disfrutar-de-las-artes-escenicas-en-el-municipio\\\/#breadcrumb\",\"itemListElement\":[{\"@type\":\"ListItem\",\"position\":1,\"name\":\"Inici\",\"item\":\"https:\\\/\\\/mont-roig.cat\\\/es\\\/pagina-de-inicio\\\/\"},{\"@type\":\"ListItem\",\"position\":2,\"name\":\"La programaci\u00f3n cultural del primer semestre del 2019 llevar\u00e1 una docena de propuestas para disfrutar de las artes esc\u00e9nicas en el municipio\"}]},{\"@type\":\"WebSite\",\"@id\":\"https:\\\/\\\/mont-roig.cat\\\/es\\\/#website\",\"url\":\"https:\\\/\\\/mont-roig.cat\\\/es\\\/\",\"name\":\"Ajuntament de Mont-roig del Camp\",\"description\":\"Tota la informaci\u00f3 sobre la instituci\u00f3, els seus \u00f2rgans de govern, actualitat, serveis i molt m\u00e9s.\",\"potentialAction\":[{\"@type\":\"SearchAction\",\"target\":{\"@type\":\"EntryPoint\",\"urlTemplate\":\"https:\\\/\\\/mont-roig.cat\\\/es\\\/?s={search_term_string}\"},\"query-input\":{\"@type\":\"PropertyValueSpecification\",\"valueRequired\":true,\"valueName\":\"search_term_string\"}}],\"inLanguage\":\"es\"},{\"@type\":\"Person\",\"@id\":\"https:\\\/\\\/mont-roig.cat\\\/es\\\/#\\\/schema\\\/person\\\/f2b111789f22b7d0c3bd6786c9128cba\",\"name\":\"administrador\",\"image\":{\"@type\":\"ImageObject\",\"inLanguage\":\"es\",\"@id\":\"https:\\\/\\\/secure.gravatar.com\\\/avatar\\\/9137aac6891e2595c9d3036fd83bcb653b4db3c946db4c7d9b9be193c3c944bb?s=96&d=mm&r=g\",\"url\":\"https:\\\/\\\/secure.gravatar.com\\\/avatar\\\/9137aac6891e2595c9d3036fd83bcb653b4db3c946db4c7d9b9be193c3c944bb?s=96&d=mm&r=g\",\"contentUrl\":\"https:\\\/\\\/secure.gravatar.com\\\/avatar\\\/9137aac6891e2595c9d3036fd83bcb653b4db3c946db4c7d9b9be193c3c944bb?s=96&d=mm&r=g\",\"caption\":\"administrador\"},\"url\":\"https:\\\/\\\/mont-roig.cat\\\/es\\\/actualitat\\\/noticies\\\/author\\\/administrador\\\/\"}]}<\/script>\n<!-- \/ Yoast SEO plugin. -->","yoast_head_json":{"title":"La programaci\u00f3n cultural del primer semestre del 2019 llevar\u00e1 una docena de propuestas para disfrutar de las artes esc\u00e9nicas en el municipio - Ajuntament de Mont-roig del Camp","robots":{"index":"index","follow":"follow","max-snippet":"max-snippet:-1","max-image-preview":"max-image-preview:large","max-video-preview":"max-video-preview:-1"},"canonical":"https:\/\/mont-roig.cat\/es\/actualitat\/noticies\/la-programacion-cultural-del-primer-semestre-del-2019-llevara-una-docena-de-propuestas-para-disfrutar-de-las-artes-escenicas-en-el-municipio\/","og_locale":"es_ES","og_type":"article","og_title":"La programaci\u00f3n cultural del primer semestre del 2019 llevar\u00e1 una docena de propuestas para disfrutar de las artes esc\u00e9nicas en el municipio - Ajuntament de Mont-roig del Camp","og_description":"El espect\u00e1culo de magia con Melanie, el concierto del cantautor Fito Luri, un espect\u00e1culo de la compa\u00f1\u00eda Passabarret o una obra para beb\u00e9s, entre las propuestas destacadas La iniciativa volver\u00e1 a llevar al alumnado de 5\u00ba y 6\u00ba de las tres escuelas del municipio al teatro El espect\u00e1culo de magia de Melanie, una de las [&hellip;]","og_url":"https:\/\/mont-roig.cat\/es\/actualitat\/noticies\/la-programacion-cultural-del-primer-semestre-del-2019-llevara-una-docena-de-propuestas-para-disfrutar-de-las-artes-escenicas-en-el-municipio\/","og_site_name":"Ajuntament de Mont-roig del Camp","article_published_time":"2019-02-05T12:10:44+00:00","article_modified_time":"2019-04-09T10:09:04+00:00","og_image":[{"width":1654,"height":864,"url":"https:\/\/mont-roig.cat\/wp-content\/uploads\/CicleTeatre_1r_Semestre_2019.jpg","type":"image\/jpeg"}],"author":"administrador","twitter_card":"summary_large_image","twitter_misc":{"Escrito por":"administrador","Tiempo de lectura":"4 minutos"},"schema":{"@context":"https:\/\/schema.org","@graph":[{"@type":"Article","@id":"https:\/\/mont-roig.cat\/es\/actualitat\/noticies\/la-programacion-cultural-del-primer-semestre-del-2019-llevara-una-docena-de-propuestas-para-disfrutar-de-las-artes-escenicas-en-el-municipio\/#article","isPartOf":{"@id":"https:\/\/mont-roig.cat\/es\/actualitat\/noticies\/la-programacion-cultural-del-primer-semestre-del-2019-llevara-una-docena-de-propuestas-para-disfrutar-de-las-artes-escenicas-en-el-municipio\/"},"author":{"name":"administrador","@id":"https:\/\/mont-roig.cat\/es\/#\/schema\/person\/f2b111789f22b7d0c3bd6786c9128cba"},"headline":"La programaci\u00f3n cultural del primer semestre del 2019 llevar\u00e1 una docena de propuestas para disfrutar de las artes esc\u00e9nicas en el municipio","datePublished":"2019-02-05T12:10:44+00:00","dateModified":"2019-04-09T10:09:04+00:00","mainEntityOfPage":{"@id":"https:\/\/mont-roig.cat\/es\/actualitat\/noticies\/la-programacion-cultural-del-primer-semestre-del-2019-llevara-una-docena-de-propuestas-para-disfrutar-de-las-artes-escenicas-en-el-municipio\/"},"wordCount":904,"image":{"@id":"https:\/\/mont-roig.cat\/es\/actualitat\/noticies\/la-programacion-cultural-del-primer-semestre-del-2019-llevara-una-docena-de-propuestas-para-disfrutar-de-las-artes-escenicas-en-el-municipio\/#primaryimage"},"thumbnailUrl":"https:\/\/mont-roig.cat\/wp-content\/uploads\/CicleTeatre_1r_Semestre_2019.jpg","articleSection":["Cultura","General"],"inLanguage":"es"},{"@type":"WebPage","@id":"https:\/\/mont-roig.cat\/es\/actualitat\/noticies\/la-programacion-cultural-del-primer-semestre-del-2019-llevara-una-docena-de-propuestas-para-disfrutar-de-las-artes-escenicas-en-el-municipio\/","url":"https:\/\/mont-roig.cat\/es\/actualitat\/noticies\/la-programacion-cultural-del-primer-semestre-del-2019-llevara-una-docena-de-propuestas-para-disfrutar-de-las-artes-escenicas-en-el-municipio\/","name":"La programaci\u00f3n cultural del primer semestre del 2019 llevar\u00e1 una docena de propuestas para disfrutar de las artes esc\u00e9nicas en el municipio - Ajuntament de Mont-roig del Camp","isPartOf":{"@id":"https:\/\/mont-roig.cat\/es\/#website"},"primaryImageOfPage":{"@id":"https:\/\/mont-roig.cat\/es\/actualitat\/noticies\/la-programacion-cultural-del-primer-semestre-del-2019-llevara-una-docena-de-propuestas-para-disfrutar-de-las-artes-escenicas-en-el-municipio\/#primaryimage"},"image":{"@id":"https:\/\/mont-roig.cat\/es\/actualitat\/noticies\/la-programacion-cultural-del-primer-semestre-del-2019-llevara-una-docena-de-propuestas-para-disfrutar-de-las-artes-escenicas-en-el-municipio\/#primaryimage"},"thumbnailUrl":"https:\/\/mont-roig.cat\/wp-content\/uploads\/CicleTeatre_1r_Semestre_2019.jpg","datePublished":"2019-02-05T12:10:44+00:00","dateModified":"2019-04-09T10:09:04+00:00","author":{"@id":"https:\/\/mont-roig.cat\/es\/#\/schema\/person\/f2b111789f22b7d0c3bd6786c9128cba"},"breadcrumb":{"@id":"https:\/\/mont-roig.cat\/es\/actualitat\/noticies\/la-programacion-cultural-del-primer-semestre-del-2019-llevara-una-docena-de-propuestas-para-disfrutar-de-las-artes-escenicas-en-el-municipio\/#breadcrumb"},"inLanguage":"es","potentialAction":[{"@type":"ReadAction","target":["https:\/\/mont-roig.cat\/es\/actualitat\/noticies\/la-programacion-cultural-del-primer-semestre-del-2019-llevara-una-docena-de-propuestas-para-disfrutar-de-las-artes-escenicas-en-el-municipio\/"]}]},{"@type":"ImageObject","inLanguage":"es","@id":"https:\/\/mont-roig.cat\/es\/actualitat\/noticies\/la-programacion-cultural-del-primer-semestre-del-2019-llevara-una-docena-de-propuestas-para-disfrutar-de-las-artes-escenicas-en-el-municipio\/#primaryimage","url":"https:\/\/mont-roig.cat\/wp-content\/uploads\/CicleTeatre_1r_Semestre_2019.jpg","contentUrl":"https:\/\/mont-roig.cat\/wp-content\/uploads\/CicleTeatre_1r_Semestre_2019.jpg","width":1654,"height":864},{"@type":"BreadcrumbList","@id":"https:\/\/mont-roig.cat\/es\/actualitat\/noticies\/la-programacion-cultural-del-primer-semestre-del-2019-llevara-una-docena-de-propuestas-para-disfrutar-de-las-artes-escenicas-en-el-municipio\/#breadcrumb","itemListElement":[{"@type":"ListItem","position":1,"name":"Inici","item":"https:\/\/mont-roig.cat\/es\/pagina-de-inicio\/"},{"@type":"ListItem","position":2,"name":"La programaci\u00f3n cultural del primer semestre del 2019 llevar\u00e1 una docena de propuestas para disfrutar de las artes esc\u00e9nicas en el municipio"}]},{"@type":"WebSite","@id":"https:\/\/mont-roig.cat\/es\/#website","url":"https:\/\/mont-roig.cat\/es\/","name":"Ajuntament de Mont-roig del Camp","description":"Tota la informaci\u00f3 sobre la instituci\u00f3, els seus \u00f2rgans de govern, actualitat, serveis i molt m\u00e9s.","potentialAction":[{"@type":"SearchAction","target":{"@type":"EntryPoint","urlTemplate":"https:\/\/mont-roig.cat\/es\/?s={search_term_string}"},"query-input":{"@type":"PropertyValueSpecification","valueRequired":true,"valueName":"search_term_string"}}],"inLanguage":"es"},{"@type":"Person","@id":"https:\/\/mont-roig.cat\/es\/#\/schema\/person\/f2b111789f22b7d0c3bd6786c9128cba","name":"administrador","image":{"@type":"ImageObject","inLanguage":"es","@id":"https:\/\/secure.gravatar.com\/avatar\/9137aac6891e2595c9d3036fd83bcb653b4db3c946db4c7d9b9be193c3c944bb?s=96&d=mm&r=g","url":"https:\/\/secure.gravatar.com\/avatar\/9137aac6891e2595c9d3036fd83bcb653b4db3c946db4c7d9b9be193c3c944bb?s=96&d=mm&r=g","contentUrl":"https:\/\/secure.gravatar.com\/avatar\/9137aac6891e2595c9d3036fd83bcb653b4db3c946db4c7d9b9be193c3c944bb?s=96&d=mm&r=g","caption":"administrador"},"url":"https:\/\/mont-roig.cat\/es\/actualitat\/noticies\/author\/administrador\/"}]}},"_links":{"self":[{"href":"https:\/\/mont-roig.cat\/es\/wp-json\/wp\/v2\/posts\/33996","targetHints":{"allow":["GET"]}}],"collection":[{"href":"https:\/\/mont-roig.cat\/es\/wp-json\/wp\/v2\/posts"}],"about":[{"href":"https:\/\/mont-roig.cat\/es\/wp-json\/wp\/v2\/types\/post"}],"author":[{"embeddable":true,"href":"https:\/\/mont-roig.cat\/es\/wp-json\/wp\/v2\/users\/4"}],"replies":[{"embeddable":true,"href":"https:\/\/mont-roig.cat\/es\/wp-json\/wp\/v2\/comments?post=33996"}],"version-history":[{"count":3,"href":"https:\/\/mont-roig.cat\/es\/wp-json\/wp\/v2\/posts\/33996\/revisions"}],"predecessor-version":[{"id":35506,"href":"https:\/\/mont-roig.cat\/es\/wp-json\/wp\/v2\/posts\/33996\/revisions\/35506"}],"wp:featuredmedia":[{"embeddable":true,"href":"https:\/\/mont-roig.cat\/es\/wp-json\/wp\/v2\/media\/33981"}],"wp:attachment":[{"href":"https:\/\/mont-roig.cat\/es\/wp-json\/wp\/v2\/media?parent=33996"}],"wp:term":[{"taxonomy":"category","embeddable":true,"href":"https:\/\/mont-roig.cat\/es\/wp-json\/wp\/v2\/categories?post=33996"},{"taxonomy":"post_tag","embeddable":true,"href":"https:\/\/mont-roig.cat\/es\/wp-json\/wp\/v2\/tags?post=33996"}],"curies":[{"name":"wp","href":"https:\/\/api.w.org\/{rel}","templated":true}]}}