{"id":34204,"date":"2019-02-12T14:29:52","date_gmt":"2019-02-12T13:29:52","guid":{"rendered":"https:\/\/mont-roig.cat\/?p=34204"},"modified":"2019-02-12T14:33:24","modified_gmt":"2019-02-12T13:33:24","slug":"evolucion-de-las-obras-de-la-avenida-de-barcelona-8","status":"publish","type":"post","link":"https:\/\/mont-roig.cat\/es\/actualitat\/noticies\/evolucion-de-las-obras-de-la-avenida-de-barcelona-8\/","title":{"rendered":"Evoluci\u00f3n de las obras de la avenida de Barcelona"},"content":{"rendered":"<div id=\"attachment_34201\" style=\"width: 310px\" class=\"wp-caption alignright\"><a href=\"https:\/\/mont-roig.cat\/wp-content\/uploads\/IMG_20190125_110001_505.jpg\"><img loading=\"lazy\" decoding=\"async\" aria-describedby=\"caption-attachment-34201\" class=\"wp-image-34201\" src=\"https:\/\/mont-roig.cat\/wp-content\/uploads\/IMG_20190125_110001_505.jpg\" alt=\"\" width=\"300\" height=\"225\" srcset=\"https:\/\/mont-roig.cat\/wp-content\/uploads\/IMG_20190125_110001_505.jpg 1920w, https:\/\/mont-roig.cat\/wp-content\/uploads\/IMG_20190125_110001_505-500x375.jpg 500w, https:\/\/mont-roig.cat\/wp-content\/uploads\/IMG_20190125_110001_505-768x576.jpg 768w, https:\/\/mont-roig.cat\/wp-content\/uploads\/IMG_20190125_110001_505-1024x768.jpg 1024w, https:\/\/mont-roig.cat\/wp-content\/uploads\/IMG_20190125_110001_505-463x348.jpg 463w\" sizes=\"auto, (max-width: 300px) 100vw, 300px\" \/><\/a><p id=\"caption-attachment-34201\" class=\"wp-caption-text\">Operarios preparando el parterre que, en este caso, se encuentra situado entre la acera pavimentada con asfalto (izquierda) y el carril bici (derecha)<\/p><\/div>\n<p>El Ayuntamiento de Mont-roig del Camp informa de las novedades en relaci\u00f3n a la obra de renovaci\u00f3n y mejora de los servicios urbanos y pavimentaci\u00f3n de cerca de un kil\u00f3metro de la avenida de Barcelona.<\/p>\n<ul>\n<li>Una vez terminados los trabajos de mayor complejidad de la obra, correspondientes a las diferentes redes de servicios como alcantarillado, agua potable, telecomunicaciones o gas, en estos momentos se est\u00e1n ejecutando tareas de pavimentaci\u00f3n, alumbrado p\u00fablico y jardiner\u00eda, que forman parte de la recta final de las obras.<\/li>\n<li>M\u00e1s concretamente, en el tramo comprendido entre plaza de Tarragona y avenida de California se est\u00e1n llevando a cabo los trabajos previos de jardiner\u00eda (preparaci\u00f3n de los parterres, montaje de la red de riego, hoyos de plantaci\u00f3n&#8230;), colocaci\u00f3n de farolas y la ejecuci\u00f3n de los fundamentos del mobiliario urbano (bancos, papeleras, marquesinas, juegos infantiles &#8230;)<\/li>\n<li>Los pr\u00f3ximos d\u00edas, en este tramo, est\u00e1 previsto tambi\u00e9n el comienzo del asfaltado de la segunda capa de las aceras y del carril bici. Una vez terminada esta pavimentaci\u00f3n se colocar\u00e1 el mobiliario urbano y la se\u00f1alizaci\u00f3n viaria.<\/li>\n<li>En cuanto al tramo entre avenida de California y avenida de C\u00e1diz, se est\u00e1n terminando los trabajos de colocaci\u00f3n de la losa de las aceras. Por otra parte, esta semana se prev\u00e9n realizar los fundamentos de las farolas, la colocaci\u00f3n de la chapa de hierro corten del carril bici, as\u00ed como la creaci\u00f3n de los parterres.<\/li>\n<li>En relaci\u00f3n a la circulaci\u00f3n de veh\u00edculos, esta semana se ha abierto al tr\u00e1fico el cruce de la avenida de Viena, que ya quedar\u00e1 transitable hasta final de obra. Por otra parte, desde este lunes y durante una semana el cruce de la avenida de California queda cerrado al tr\u00e1fico.<\/li>\n<\/ul>\n","protected":false},"excerpt":{"rendered":"<p>El Ayuntamiento de Mont-roig del Camp informa de las novedades en relaci\u00f3n a la obra de renovaci\u00f3n y mejora de los servicios urbanos y pavimentaci\u00f3n de cerca de un kil\u00f3metro de la avenida de Barcelona. Una vez terminados los trabajos de mayor complejidad de la obra, correspondientes a las diferentes redes de servicios como alcantarillado, [&hellip;]<\/p>\n","protected":false},"author":4,"featured_media":34202,"comment_status":"closed","ping_status":"closed","sticky":false,"template":"","format":"standard","meta":{"inline_featured_image":false,"_monsterinsights_skip_tracking":false,"_monsterinsights_sitenote_active":false,"_monsterinsights_sitenote_note":"","_monsterinsights_sitenote_category":0,"footnotes":""},"categories":[116],"tags":[],"class_list":["post-34204","post","type-post","status-publish","format-standard","has-post-thumbnail","hentry","category-urbanismo-y-obras"],"yoast_head":"<!-- This site is optimized with the Yoast SEO plugin v27.4 - https:\/\/yoast.com\/product\/yoast-seo-wordpress\/ -->\n<title>Evoluci\u00f3n de las obras de la avenida de Barcelona - Ajuntament de Mont-roig del Camp<\/title>\n<meta name=\"robots\" content=\"index, follow, max-snippet:-1, max-image-preview:large, max-video-preview:-1\" \/>\n<link rel=\"canonical\" href=\"https:\/\/mont-roig.cat\/es\/actualitat\/noticies\/evolucion-de-las-obras-de-la-avenida-de-barcelona-8\/\" \/>\n<meta property=\"og:locale\" content=\"es_ES\" \/>\n<meta property=\"og:type\" content=\"article\" \/>\n<meta property=\"og:title\" content=\"Evoluci\u00f3n de las obras de la avenida de Barcelona - Ajuntament de Mont-roig del Camp\" \/>\n<meta property=\"og:description\" content=\"El Ayuntamiento de Mont-roig del Camp informa de las novedades en relaci\u00f3n a la obra de renovaci\u00f3n y mejora de los servicios urbanos y pavimentaci\u00f3n de cerca de un kil\u00f3metro de la avenida de Barcelona. Una vez terminados los trabajos de mayor complejidad de la obra, correspondientes a las diferentes redes de servicios como alcantarillado, [&hellip;]\" \/>\n<meta property=\"og:url\" content=\"https:\/\/mont-roig.cat\/es\/actualitat\/noticies\/evolucion-de-las-obras-de-la-avenida-de-barcelona-8\/\" \/>\n<meta property=\"og:site_name\" content=\"Ajuntament de Mont-roig del Camp\" \/>\n<meta property=\"article:published_time\" content=\"2019-02-12T13:29:52+00:00\" \/>\n<meta property=\"article:modified_time\" content=\"2019-02-12T13:33:24+00:00\" \/>\n<meta property=\"og:image\" content=\"https:\/\/mont-roig.cat\/wp-content\/uploads\/IMG_20190125_110001_505.jpg\" \/>\n\t<meta property=\"og:image:width\" content=\"3264\" \/>\n\t<meta property=\"og:image:height\" content=\"2448\" \/>\n\t<meta property=\"og:image:type\" content=\"image\/jpeg\" \/>\n<meta name=\"author\" content=\"administrador\" \/>\n<meta name=\"twitter:card\" content=\"summary_large_image\" \/>\n<meta name=\"twitter:label1\" content=\"Escrito por\" \/>\n\t<meta name=\"twitter:data1\" content=\"administrador\" \/>\n\t<meta name=\"twitter:label2\" content=\"Tiempo de lectura\" \/>\n\t<meta name=\"twitter:data2\" content=\"2 minutos\" \/>\n<script type=\"application\/ld+json\" class=\"yoast-schema-graph\">{\"@context\":\"https:\\\/\\\/schema.org\",\"@graph\":[{\"@type\":\"Article\",\"@id\":\"https:\\\/\\\/mont-roig.cat\\\/es\\\/actualitat\\\/noticies\\\/evolucion-de-las-obras-de-la-avenida-de-barcelona-8\\\/#article\",\"isPartOf\":{\"@id\":\"https:\\\/\\\/mont-roig.cat\\\/es\\\/actualitat\\\/noticies\\\/evolucion-de-las-obras-de-la-avenida-de-barcelona-8\\\/\"},\"author\":{\"name\":\"administrador\",\"@id\":\"https:\\\/\\\/mont-roig.cat\\\/es\\\/#\\\/schema\\\/person\\\/f2b111789f22b7d0c3bd6786c9128cba\"},\"headline\":\"Evoluci\u00f3n de las obras de la avenida de Barcelona\",\"datePublished\":\"2019-02-12T13:29:52+00:00\",\"dateModified\":\"2019-02-12T13:33:24+00:00\",\"mainEntityOfPage\":{\"@id\":\"https:\\\/\\\/mont-roig.cat\\\/es\\\/actualitat\\\/noticies\\\/evolucion-de-las-obras-de-la-avenida-de-barcelona-8\\\/\"},\"wordCount\":353,\"image\":{\"@id\":\"https:\\\/\\\/mont-roig.cat\\\/es\\\/actualitat\\\/noticies\\\/evolucion-de-las-obras-de-la-avenida-de-barcelona-8\\\/#primaryimage\"},\"thumbnailUrl\":\"https:\\\/\\\/mont-roig.cat\\\/wp-content\\\/uploads\\\/IMG_20190125_110001_505.jpg\",\"articleSection\":[\"Urbanismo y obras\"],\"inLanguage\":\"es\"},{\"@type\":\"WebPage\",\"@id\":\"https:\\\/\\\/mont-roig.cat\\\/es\\\/actualitat\\\/noticies\\\/evolucion-de-las-obras-de-la-avenida-de-barcelona-8\\\/\",\"url\":\"https:\\\/\\\/mont-roig.cat\\\/es\\\/actualitat\\\/noticies\\\/evolucion-de-las-obras-de-la-avenida-de-barcelona-8\\\/\",\"name\":\"Evoluci\u00f3n de las obras de la avenida de Barcelona - Ajuntament de Mont-roig del Camp\",\"isPartOf\":{\"@id\":\"https:\\\/\\\/mont-roig.cat\\\/es\\\/#website\"},\"primaryImageOfPage\":{\"@id\":\"https:\\\/\\\/mont-roig.cat\\\/es\\\/actualitat\\\/noticies\\\/evolucion-de-las-obras-de-la-avenida-de-barcelona-8\\\/#primaryimage\"},\"image\":{\"@id\":\"https:\\\/\\\/mont-roig.cat\\\/es\\\/actualitat\\\/noticies\\\/evolucion-de-las-obras-de-la-avenida-de-barcelona-8\\\/#primaryimage\"},\"thumbnailUrl\":\"https:\\\/\\\/mont-roig.cat\\\/wp-content\\\/uploads\\\/IMG_20190125_110001_505.jpg\",\"datePublished\":\"2019-02-12T13:29:52+00:00\",\"dateModified\":\"2019-02-12T13:33:24+00:00\",\"author\":{\"@id\":\"https:\\\/\\\/mont-roig.cat\\\/es\\\/#\\\/schema\\\/person\\\/f2b111789f22b7d0c3bd6786c9128cba\"},\"breadcrumb\":{\"@id\":\"https:\\\/\\\/mont-roig.cat\\\/es\\\/actualitat\\\/noticies\\\/evolucion-de-las-obras-de-la-avenida-de-barcelona-8\\\/#breadcrumb\"},\"inLanguage\":\"es\",\"potentialAction\":[{\"@type\":\"ReadAction\",\"target\":[\"https:\\\/\\\/mont-roig.cat\\\/es\\\/actualitat\\\/noticies\\\/evolucion-de-las-obras-de-la-avenida-de-barcelona-8\\\/\"]}]},{\"@type\":\"ImageObject\",\"inLanguage\":\"es\",\"@id\":\"https:\\\/\\\/mont-roig.cat\\\/es\\\/actualitat\\\/noticies\\\/evolucion-de-las-obras-de-la-avenida-de-barcelona-8\\\/#primaryimage\",\"url\":\"https:\\\/\\\/mont-roig.cat\\\/wp-content\\\/uploads\\\/IMG_20190125_110001_505.jpg\",\"contentUrl\":\"https:\\\/\\\/mont-roig.cat\\\/wp-content\\\/uploads\\\/IMG_20190125_110001_505.jpg\",\"width\":3264,\"height\":2448},{\"@type\":\"BreadcrumbList\",\"@id\":\"https:\\\/\\\/mont-roig.cat\\\/es\\\/actualitat\\\/noticies\\\/evolucion-de-las-obras-de-la-avenida-de-barcelona-8\\\/#breadcrumb\",\"itemListElement\":[{\"@type\":\"ListItem\",\"position\":1,\"name\":\"Inici\",\"item\":\"https:\\\/\\\/mont-roig.cat\\\/es\\\/pagina-de-inicio\\\/\"},{\"@type\":\"ListItem\",\"position\":2,\"name\":\"Evoluci\u00f3n de las obras de la avenida de Barcelona\"}]},{\"@type\":\"WebSite\",\"@id\":\"https:\\\/\\\/mont-roig.cat\\\/es\\\/#website\",\"url\":\"https:\\\/\\\/mont-roig.cat\\\/es\\\/\",\"name\":\"Ajuntament de Mont-roig del Camp\",\"description\":\"Tota la informaci\u00f3 sobre la instituci\u00f3, els seus \u00f2rgans de govern, actualitat, serveis i molt m\u00e9s.\",\"potentialAction\":[{\"@type\":\"SearchAction\",\"target\":{\"@type\":\"EntryPoint\",\"urlTemplate\":\"https:\\\/\\\/mont-roig.cat\\\/es\\\/?s={search_term_string}\"},\"query-input\":{\"@type\":\"PropertyValueSpecification\",\"valueRequired\":true,\"valueName\":\"search_term_string\"}}],\"inLanguage\":\"es\"},{\"@type\":\"Person\",\"@id\":\"https:\\\/\\\/mont-roig.cat\\\/es\\\/#\\\/schema\\\/person\\\/f2b111789f22b7d0c3bd6786c9128cba\",\"name\":\"administrador\",\"image\":{\"@type\":\"ImageObject\",\"inLanguage\":\"es\",\"@id\":\"https:\\\/\\\/secure.gravatar.com\\\/avatar\\\/9137aac6891e2595c9d3036fd83bcb653b4db3c946db4c7d9b9be193c3c944bb?s=96&d=mm&r=g\",\"url\":\"https:\\\/\\\/secure.gravatar.com\\\/avatar\\\/9137aac6891e2595c9d3036fd83bcb653b4db3c946db4c7d9b9be193c3c944bb?s=96&d=mm&r=g\",\"contentUrl\":\"https:\\\/\\\/secure.gravatar.com\\\/avatar\\\/9137aac6891e2595c9d3036fd83bcb653b4db3c946db4c7d9b9be193c3c944bb?s=96&d=mm&r=g\",\"caption\":\"administrador\"},\"url\":\"https:\\\/\\\/mont-roig.cat\\\/es\\\/actualitat\\\/noticies\\\/author\\\/administrador\\\/\"}]}<\/script>\n<!-- \/ Yoast SEO plugin. -->","yoast_head_json":{"title":"Evoluci\u00f3n de las obras de la avenida de Barcelona - Ajuntament de Mont-roig del Camp","robots":{"index":"index","follow":"follow","max-snippet":"max-snippet:-1","max-image-preview":"max-image-preview:large","max-video-preview":"max-video-preview:-1"},"canonical":"https:\/\/mont-roig.cat\/es\/actualitat\/noticies\/evolucion-de-las-obras-de-la-avenida-de-barcelona-8\/","og_locale":"es_ES","og_type":"article","og_title":"Evoluci\u00f3n de las obras de la avenida de Barcelona - Ajuntament de Mont-roig del Camp","og_description":"El Ayuntamiento de Mont-roig del Camp informa de las novedades en relaci\u00f3n a la obra de renovaci\u00f3n y mejora de los servicios urbanos y pavimentaci\u00f3n de cerca de un kil\u00f3metro de la avenida de Barcelona. Una vez terminados los trabajos de mayor complejidad de la obra, correspondientes a las diferentes redes de servicios como alcantarillado, [&hellip;]","og_url":"https:\/\/mont-roig.cat\/es\/actualitat\/noticies\/evolucion-de-las-obras-de-la-avenida-de-barcelona-8\/","og_site_name":"Ajuntament de Mont-roig del Camp","article_published_time":"2019-02-12T13:29:52+00:00","article_modified_time":"2019-02-12T13:33:24+00:00","og_image":[{"width":3264,"height":2448,"url":"https:\/\/mont-roig.cat\/wp-content\/uploads\/IMG_20190125_110001_505.jpg","type":"image\/jpeg"}],"author":"administrador","twitter_card":"summary_large_image","twitter_misc":{"Escrito por":"administrador","Tiempo de lectura":"2 minutos"},"schema":{"@context":"https:\/\/schema.org","@graph":[{"@type":"Article","@id":"https:\/\/mont-roig.cat\/es\/actualitat\/noticies\/evolucion-de-las-obras-de-la-avenida-de-barcelona-8\/#article","isPartOf":{"@id":"https:\/\/mont-roig.cat\/es\/actualitat\/noticies\/evolucion-de-las-obras-de-la-avenida-de-barcelona-8\/"},"author":{"name":"administrador","@id":"https:\/\/mont-roig.cat\/es\/#\/schema\/person\/f2b111789f22b7d0c3bd6786c9128cba"},"headline":"Evoluci\u00f3n de las obras de la avenida de Barcelona","datePublished":"2019-02-12T13:29:52+00:00","dateModified":"2019-02-12T13:33:24+00:00","mainEntityOfPage":{"@id":"https:\/\/mont-roig.cat\/es\/actualitat\/noticies\/evolucion-de-las-obras-de-la-avenida-de-barcelona-8\/"},"wordCount":353,"image":{"@id":"https:\/\/mont-roig.cat\/es\/actualitat\/noticies\/evolucion-de-las-obras-de-la-avenida-de-barcelona-8\/#primaryimage"},"thumbnailUrl":"https:\/\/mont-roig.cat\/wp-content\/uploads\/IMG_20190125_110001_505.jpg","articleSection":["Urbanismo y obras"],"inLanguage":"es"},{"@type":"WebPage","@id":"https:\/\/mont-roig.cat\/es\/actualitat\/noticies\/evolucion-de-las-obras-de-la-avenida-de-barcelona-8\/","url":"https:\/\/mont-roig.cat\/es\/actualitat\/noticies\/evolucion-de-las-obras-de-la-avenida-de-barcelona-8\/","name":"Evoluci\u00f3n de las obras de la avenida de Barcelona - Ajuntament de Mont-roig del Camp","isPartOf":{"@id":"https:\/\/mont-roig.cat\/es\/#website"},"primaryImageOfPage":{"@id":"https:\/\/mont-roig.cat\/es\/actualitat\/noticies\/evolucion-de-las-obras-de-la-avenida-de-barcelona-8\/#primaryimage"},"image":{"@id":"https:\/\/mont-roig.cat\/es\/actualitat\/noticies\/evolucion-de-las-obras-de-la-avenida-de-barcelona-8\/#primaryimage"},"thumbnailUrl":"https:\/\/mont-roig.cat\/wp-content\/uploads\/IMG_20190125_110001_505.jpg","datePublished":"2019-02-12T13:29:52+00:00","dateModified":"2019-02-12T13:33:24+00:00","author":{"@id":"https:\/\/mont-roig.cat\/es\/#\/schema\/person\/f2b111789f22b7d0c3bd6786c9128cba"},"breadcrumb":{"@id":"https:\/\/mont-roig.cat\/es\/actualitat\/noticies\/evolucion-de-las-obras-de-la-avenida-de-barcelona-8\/#breadcrumb"},"inLanguage":"es","potentialAction":[{"@type":"ReadAction","target":["https:\/\/mont-roig.cat\/es\/actualitat\/noticies\/evolucion-de-las-obras-de-la-avenida-de-barcelona-8\/"]}]},{"@type":"ImageObject","inLanguage":"es","@id":"https:\/\/mont-roig.cat\/es\/actualitat\/noticies\/evolucion-de-las-obras-de-la-avenida-de-barcelona-8\/#primaryimage","url":"https:\/\/mont-roig.cat\/wp-content\/uploads\/IMG_20190125_110001_505.jpg","contentUrl":"https:\/\/mont-roig.cat\/wp-content\/uploads\/IMG_20190125_110001_505.jpg","width":3264,"height":2448},{"@type":"BreadcrumbList","@id":"https:\/\/mont-roig.cat\/es\/actualitat\/noticies\/evolucion-de-las-obras-de-la-avenida-de-barcelona-8\/#breadcrumb","itemListElement":[{"@type":"ListItem","position":1,"name":"Inici","item":"https:\/\/mont-roig.cat\/es\/pagina-de-inicio\/"},{"@type":"ListItem","position":2,"name":"Evoluci\u00f3n de las obras de la avenida de Barcelona"}]},{"@type":"WebSite","@id":"https:\/\/mont-roig.cat\/es\/#website","url":"https:\/\/mont-roig.cat\/es\/","name":"Ajuntament de Mont-roig del Camp","description":"Tota la informaci\u00f3 sobre la instituci\u00f3, els seus \u00f2rgans de govern, actualitat, serveis i molt m\u00e9s.","potentialAction":[{"@type":"SearchAction","target":{"@type":"EntryPoint","urlTemplate":"https:\/\/mont-roig.cat\/es\/?s={search_term_string}"},"query-input":{"@type":"PropertyValueSpecification","valueRequired":true,"valueName":"search_term_string"}}],"inLanguage":"es"},{"@type":"Person","@id":"https:\/\/mont-roig.cat\/es\/#\/schema\/person\/f2b111789f22b7d0c3bd6786c9128cba","name":"administrador","image":{"@type":"ImageObject","inLanguage":"es","@id":"https:\/\/secure.gravatar.com\/avatar\/9137aac6891e2595c9d3036fd83bcb653b4db3c946db4c7d9b9be193c3c944bb?s=96&d=mm&r=g","url":"https:\/\/secure.gravatar.com\/avatar\/9137aac6891e2595c9d3036fd83bcb653b4db3c946db4c7d9b9be193c3c944bb?s=96&d=mm&r=g","contentUrl":"https:\/\/secure.gravatar.com\/avatar\/9137aac6891e2595c9d3036fd83bcb653b4db3c946db4c7d9b9be193c3c944bb?s=96&d=mm&r=g","caption":"administrador"},"url":"https:\/\/mont-roig.cat\/es\/actualitat\/noticies\/author\/administrador\/"}]}},"_links":{"self":[{"href":"https:\/\/mont-roig.cat\/es\/wp-json\/wp\/v2\/posts\/34204","targetHints":{"allow":["GET"]}}],"collection":[{"href":"https:\/\/mont-roig.cat\/es\/wp-json\/wp\/v2\/posts"}],"about":[{"href":"https:\/\/mont-roig.cat\/es\/wp-json\/wp\/v2\/types\/post"}],"author":[{"embeddable":true,"href":"https:\/\/mont-roig.cat\/es\/wp-json\/wp\/v2\/users\/4"}],"replies":[{"embeddable":true,"href":"https:\/\/mont-roig.cat\/es\/wp-json\/wp\/v2\/comments?post=34204"}],"version-history":[{"count":3,"href":"https:\/\/mont-roig.cat\/es\/wp-json\/wp\/v2\/posts\/34204\/revisions"}],"predecessor-version":[{"id":34209,"href":"https:\/\/mont-roig.cat\/es\/wp-json\/wp\/v2\/posts\/34204\/revisions\/34209"}],"wp:featuredmedia":[{"embeddable":true,"href":"https:\/\/mont-roig.cat\/es\/wp-json\/wp\/v2\/media\/34202"}],"wp:attachment":[{"href":"https:\/\/mont-roig.cat\/es\/wp-json\/wp\/v2\/media?parent=34204"}],"wp:term":[{"taxonomy":"category","embeddable":true,"href":"https:\/\/mont-roig.cat\/es\/wp-json\/wp\/v2\/categories?post=34204"},{"taxonomy":"post_tag","embeddable":true,"href":"https:\/\/mont-roig.cat\/es\/wp-json\/wp\/v2\/tags?post=34204"}],"curies":[{"name":"wp","href":"https:\/\/api.w.org\/{rel}","templated":true}]}}