{"id":34321,"date":"2019-02-14T15:53:07","date_gmt":"2019-02-14T14:53:07","guid":{"rendered":"https:\/\/mont-roig.cat\/?p=34321"},"modified":"2019-02-14T15:53:07","modified_gmt":"2019-02-14T14:53:07","slug":"comienzan-las-ii-jornadas-gastronomicas-del-calcot","status":"publish","type":"post","link":"https:\/\/mont-roig.cat\/es\/actualitat\/noticies\/comienzan-las-ii-jornadas-gastronomicas-del-calcot\/","title":{"rendered":"Comienzan las II Jornadas Gastron\u00f3micas del Cal\u00e7ot"},"content":{"rendered":"<p><strong>Del 15 de febrero al 3 de marzo, nueve establecimientos de restauraci\u00f3n ofrecer\u00e1n tapas, platos, men\u00fas y <em>cal\u00e7otades<\/em> para degustar los <em>cal\u00e7ots<\/em> que se producen en el municipio<\/strong><\/p>\n<div id=\"attachment_34301\" style=\"width: 310px\" class=\"wp-caption alignright\"><a href=\"https:\/\/mont-roig.cat\/wp-content\/uploads\/IMG_6662.jpg\"><img loading=\"lazy\" decoding=\"async\" aria-describedby=\"caption-attachment-34301\" class=\"wp-image-34301\" src=\"https:\/\/mont-roig.cat\/wp-content\/uploads\/IMG_6662.jpg\" alt=\"\" width=\"300\" height=\"225\" srcset=\"https:\/\/mont-roig.cat\/wp-content\/uploads\/IMG_6662.jpg 1920w, https:\/\/mont-roig.cat\/wp-content\/uploads\/IMG_6662-500x375.jpg 500w, https:\/\/mont-roig.cat\/wp-content\/uploads\/IMG_6662-768x576.jpg 768w, https:\/\/mont-roig.cat\/wp-content\/uploads\/IMG_6662-1024x768.jpg 1024w, https:\/\/mont-roig.cat\/wp-content\/uploads\/IMG_6662-463x348.jpg 463w\" sizes=\"auto, (max-width: 300px) 100vw, 300px\" \/><\/a><p id=\"caption-attachment-34301\" class=\"wp-caption-text\"><strong>Fotografia de fam\u00edlia amb els restauradors, productors locals i membres de l&#8217;Ajuntament.<\/strong><\/p><\/div>\n<p>La cebolla que se cultiva en el t\u00e9rmino municipal de Mont-roig del Camp vuelve a ser la protagonista de las Jornadas Gastron\u00f3micas del <em>Cal\u00e7ot<\/em>, que se celebrar\u00e1n del 15 de febrero al 3 de marzo en el municipio. Un total de nueve restaurantes ofrecer\u00e1n durante estos d\u00edas tapas, platos, men\u00fas y <em>cal\u00e7otades,<\/em> con esta cebolla como ingrediente protagonista. Las jornadas est\u00e1n organizadas por el \u00c1rea de Turismo del Ayuntamiento de Mont-roig del Camp para continuar atrayendo visitantes m\u00e1s all\u00e1 del verano, pero sobre todo para potenciar el sector de la restauraci\u00f3n y la agricultura local con un producto de temporada y km 0.<\/p>\n<p>La finca de uno de los productores locales donde se cultivan <em>cal\u00e7ots<\/em> ha servido esta ma\u00f1ana, para presentar la iniciativa en la que ha participado el alcalde Fran Morancho, la concejal de Turismo Yolanda P\u00e9rez, varios concejales del Ayuntamiento, as\u00ed como los restaurantes participantes y los agricultores que producen la materia prima de los platos.<\/p>\n<p>Se calcula que Mont-roig del Camp produce alrededor de 30 millones de <em>cal\u00e7ots<\/em>, una cifra que se quiere hacer valer a trav\u00e9s de este tipo de iniciativas que a su vez sirven tambi\u00e9n para dar a conocer la buena oferta gastron\u00f3mica local.<\/p>\n<p>La iniciativa tiene la singularidad que permite disfrutar de m\u00faltiples formas de cocinar los <em>cal\u00e7ots<\/em>. Son ejemplos el bacalao confitado con emulsi\u00f3n de romesco y mermelada de <em>cal\u00e7ots,<\/em> la caldereta de sepia con <em>cal\u00e7ots<\/em>, el rissoto de <em>cal\u00e7ot<\/em> a la catalana, las croquetas de <em>cal\u00e7ot<\/em> o el pat\u00e9 de <em>cal\u00e7ot,<\/em> entre otras propuestas que se podr\u00e1n degustar estos d\u00edas en los varios establecimientos de restauraci\u00f3n de Mont-roig y Miami Platja.<\/p>\n<p>En cuanto a los precios, hay opciones para todos los bolsillos, desde los 3 euros la tapa, los 6- 10 euros el plato, los 20-25 los men\u00fas y los 30 euros de las <em>cal\u00e7otades<\/em>, aproximadamente.<\/p>\n<p>Consulta los restaurantes participantes y sus propuestas gastron\u00f3micas.<a href=\"https:\/\/mont-roig.cat\/wp-content\/uploads\/II-jornades-gastron\u00f2miques-del-cal\u00e7ot-1.jpg\"><img loading=\"lazy\" decoding=\"async\" class=\"wp-image-33931 alignleft\" src=\"https:\/\/mont-roig.cat\/wp-content\/uploads\/II-jornades-gastron\u00f2miques-del-cal\u00e7ot-1.jpg\" alt=\"\" width=\"250\" height=\"355\" srcset=\"https:\/\/mont-roig.cat\/wp-content\/uploads\/II-jornades-gastron\u00f2miques-del-cal\u00e7ot-1.jpg 1789w, https:\/\/mont-roig.cat\/wp-content\/uploads\/II-jornades-gastron\u00f2miques-del-cal\u00e7ot-1-352x500.jpg 352w, https:\/\/mont-roig.cat\/wp-content\/uploads\/II-jornades-gastron\u00f2miques-del-cal\u00e7ot-1-768x1090.jpg 768w, https:\/\/mont-roig.cat\/wp-content\/uploads\/II-jornades-gastron\u00f2miques-del-cal\u00e7ot-1-722x1024.jpg 722w\" sizes=\"auto, (max-width: 250px) 100vw, 250px\" \/><\/a><\/p>\n<p><a href=\"https:\/\/mont-roig.cat\/wp-content\/uploads\/Programa-II-jornades-gastron\u00f2miques-del-cal\u00e7ot.pdf\" target=\"_blank\" rel=\"noopener\">II Jornadas Gastron\u00f3micas del Cal\u00e7ot<\/a><\/p>\n\n\t\t<style type=\"text\/css\">\n\t\t\t#gallery-1 {\n\t\t\t\tmargin: auto;\n\t\t\t}\n\t\t\t#gallery-1 .gallery-item {\n\t\t\t\tfloat: left;\n\t\t\t\tmargin-top: 10px;\n\t\t\t\ttext-align: center;\n\t\t\t\twidth: 33%;\n\t\t\t}\n\t\t\t#gallery-1 img {\n\t\t\t\tborder: 2px solid #cfcfcf;\n\t\t\t}\n\t\t\t#gallery-1 .gallery-caption {\n\t\t\t\tmargin-left: 0;\n\t\t\t}\n\t\t\t\/* see gallery_shortcode() in wp-includes\/media.php *\/\n\t\t<\/style>\n\t\t<div id='gallery-1' class='gallery galleryid-34321 gallery-columns-3 gallery-size-thumbnail'><dl class='gallery-item'>\n\t\t\t<dt class='gallery-icon landscape'>\n\t\t\t\t<a href='https:\/\/mont-roig.cat\/wp-content\/uploads\/IMG_6667.jpg'><img loading=\"lazy\" decoding=\"async\" width=\"50\" height=\"50\" src=\"https:\/\/mont-roig.cat\/wp-content\/uploads\/IMG_6667-50x50.jpg\" class=\"attachment-thumbnail size-thumbnail\" alt=\"\" srcset=\"https:\/\/mont-roig.cat\/wp-content\/uploads\/IMG_6667-50x50.jpg 50w, https:\/\/mont-roig.cat\/wp-content\/uploads\/IMG_6667-560x560.jpg 560w, https:\/\/mont-roig.cat\/wp-content\/uploads\/IMG_6667-367x367.jpg 367w, https:\/\/mont-roig.cat\/wp-content\/uploads\/IMG_6667-450x450.jpg 450w, https:\/\/mont-roig.cat\/wp-content\/uploads\/IMG_6667-85x85.jpg 85w, https:\/\/mont-roig.cat\/wp-content\/uploads\/IMG_6667-45x45.jpg 45w\" sizes=\"auto, (max-width: 50px) 100vw, 50px\" \/><\/a>\n\t\t\t<\/dt><\/dl><dl class='gallery-item'>\n\t\t\t<dt class='gallery-icon landscape'>\n\t\t\t\t<a href='https:\/\/mont-roig.cat\/wp-content\/uploads\/IMG_6655.jpg'><img loading=\"lazy\" decoding=\"async\" width=\"50\" height=\"50\" src=\"https:\/\/mont-roig.cat\/wp-content\/uploads\/IMG_6655-50x50.jpg\" class=\"attachment-thumbnail size-thumbnail\" alt=\"\" srcset=\"https:\/\/mont-roig.cat\/wp-content\/uploads\/IMG_6655-50x50.jpg 50w, https:\/\/mont-roig.cat\/wp-content\/uploads\/IMG_6655-560x560.jpg 560w, https:\/\/mont-roig.cat\/wp-content\/uploads\/IMG_6655-367x367.jpg 367w, https:\/\/mont-roig.cat\/wp-content\/uploads\/IMG_6655-450x450.jpg 450w, https:\/\/mont-roig.cat\/wp-content\/uploads\/IMG_6655-85x85.jpg 85w, https:\/\/mont-roig.cat\/wp-content\/uploads\/IMG_6655-45x45.jpg 45w\" sizes=\"auto, (max-width: 50px) 100vw, 50px\" \/><\/a>\n\t\t\t<\/dt><\/dl><dl class='gallery-item'>\n\t\t\t<dt class='gallery-icon landscape'>\n\t\t\t\t<a href='https:\/\/mont-roig.cat\/wp-content\/uploads\/IMG_6650.jpg'><img loading=\"lazy\" decoding=\"async\" width=\"50\" height=\"50\" src=\"https:\/\/mont-roig.cat\/wp-content\/uploads\/IMG_6650-50x50.jpg\" class=\"attachment-thumbnail size-thumbnail\" alt=\"\" srcset=\"https:\/\/mont-roig.cat\/wp-content\/uploads\/IMG_6650-50x50.jpg 50w, https:\/\/mont-roig.cat\/wp-content\/uploads\/IMG_6650-560x560.jpg 560w, https:\/\/mont-roig.cat\/wp-content\/uploads\/IMG_6650-367x367.jpg 367w, https:\/\/mont-roig.cat\/wp-content\/uploads\/IMG_6650-450x450.jpg 450w, https:\/\/mont-roig.cat\/wp-content\/uploads\/IMG_6650-85x85.jpg 85w, https:\/\/mont-roig.cat\/wp-content\/uploads\/IMG_6650-45x45.jpg 45w\" sizes=\"auto, (max-width: 50px) 100vw, 50px\" \/><\/a>\n\t\t\t<\/dt><\/dl><br style=\"clear: both\" \/><dl class='gallery-item'>\n\t\t\t<dt class='gallery-icon landscape'>\n\t\t\t\t<a href='https:\/\/mont-roig.cat\/wp-content\/uploads\/IMG_6673.jpg'><img loading=\"lazy\" decoding=\"async\" width=\"50\" height=\"50\" src=\"https:\/\/mont-roig.cat\/wp-content\/uploads\/IMG_6673-50x50.jpg\" class=\"attachment-thumbnail size-thumbnail\" alt=\"\" srcset=\"https:\/\/mont-roig.cat\/wp-content\/uploads\/IMG_6673-50x50.jpg 50w, https:\/\/mont-roig.cat\/wp-content\/uploads\/IMG_6673-560x560.jpg 560w, https:\/\/mont-roig.cat\/wp-content\/uploads\/IMG_6673-367x367.jpg 367w, https:\/\/mont-roig.cat\/wp-content\/uploads\/IMG_6673-450x450.jpg 450w, https:\/\/mont-roig.cat\/wp-content\/uploads\/IMG_6673-85x85.jpg 85w, https:\/\/mont-roig.cat\/wp-content\/uploads\/IMG_6673-45x45.jpg 45w\" sizes=\"auto, (max-width: 50px) 100vw, 50px\" \/><\/a>\n\t\t\t<\/dt><\/dl><dl class='gallery-item'>\n\t\t\t<dt class='gallery-icon landscape'>\n\t\t\t\t<a href='https:\/\/mont-roig.cat\/wp-content\/uploads\/IMG_6693.jpg'><img loading=\"lazy\" decoding=\"async\" width=\"50\" height=\"50\" src=\"https:\/\/mont-roig.cat\/wp-content\/uploads\/IMG_6693-50x50.jpg\" class=\"attachment-thumbnail size-thumbnail\" alt=\"\" srcset=\"https:\/\/mont-roig.cat\/wp-content\/uploads\/IMG_6693-50x50.jpg 50w, https:\/\/mont-roig.cat\/wp-content\/uploads\/IMG_6693-560x560.jpg 560w, https:\/\/mont-roig.cat\/wp-content\/uploads\/IMG_6693-367x367.jpg 367w, https:\/\/mont-roig.cat\/wp-content\/uploads\/IMG_6693-450x450.jpg 450w, https:\/\/mont-roig.cat\/wp-content\/uploads\/IMG_6693-85x85.jpg 85w, https:\/\/mont-roig.cat\/wp-content\/uploads\/IMG_6693-45x45.jpg 45w\" sizes=\"auto, (max-width: 50px) 100vw, 50px\" \/><\/a>\n\t\t\t<\/dt><\/dl>\n\t\t\t<br style='clear: both' \/>\n\t\t<\/div>\n\n<p>&nbsp;<\/p>\n","protected":false},"excerpt":{"rendered":"<p>Del 15 de febrero al 3 de marzo, nueve establecimientos de restauraci\u00f3n ofrecer\u00e1n tapas, platos, men\u00fas y cal\u00e7otades para degustar los cal\u00e7ots que se producen en el municipio La cebolla que se cultiva en el t\u00e9rmino municipal de Mont-roig del Camp vuelve a ser la protagonista de las Jornadas Gastron\u00f3micas del Cal\u00e7ot, que se celebrar\u00e1n [&hellip;]<\/p>\n","protected":false},"author":4,"featured_media":34301,"comment_status":"closed","ping_status":"closed","sticky":false,"template":"","format":"standard","meta":{"inline_featured_image":false,"_monsterinsights_skip_tracking":false,"_monsterinsights_sitenote_active":false,"_monsterinsights_sitenote_note":"","_monsterinsights_sitenote_category":0,"footnotes":""},"categories":[115],"tags":[],"class_list":["post-34321","post","type-post","status-publish","format-standard","has-post-thumbnail","hentry","category-turismo"],"yoast_head":"<!-- This site is optimized with the Yoast SEO plugin v27.4 - https:\/\/yoast.com\/product\/yoast-seo-wordpress\/ -->\n<title>Comienzan las II Jornadas Gastron\u00f3micas del Cal\u00e7ot - Ajuntament de Mont-roig del Camp<\/title>\n<meta name=\"robots\" content=\"index, follow, max-snippet:-1, max-image-preview:large, max-video-preview:-1\" \/>\n<link rel=\"canonical\" href=\"https:\/\/mont-roig.cat\/es\/actualitat\/noticies\/comienzan-las-ii-jornadas-gastronomicas-del-calcot\/\" \/>\n<meta property=\"og:locale\" content=\"es_ES\" \/>\n<meta property=\"og:type\" content=\"article\" \/>\n<meta property=\"og:title\" content=\"Comienzan las II Jornadas Gastron\u00f3micas del Cal\u00e7ot - Ajuntament de Mont-roig del Camp\" \/>\n<meta property=\"og:description\" content=\"Del 15 de febrero al 3 de marzo, nueve establecimientos de restauraci\u00f3n ofrecer\u00e1n tapas, platos, men\u00fas y cal\u00e7otades para degustar los cal\u00e7ots que se producen en el municipio La cebolla que se cultiva en el t\u00e9rmino municipal de Mont-roig del Camp vuelve a ser la protagonista de las Jornadas Gastron\u00f3micas del Cal\u00e7ot, que se celebrar\u00e1n [&hellip;]\" \/>\n<meta property=\"og:url\" content=\"https:\/\/mont-roig.cat\/es\/actualitat\/noticies\/comienzan-las-ii-jornadas-gastronomicas-del-calcot\/\" \/>\n<meta property=\"og:site_name\" content=\"Ajuntament de Mont-roig del Camp\" \/>\n<meta property=\"article:published_time\" content=\"2019-02-14T14:53:07+00:00\" \/>\n<meta property=\"og:image\" content=\"https:\/\/mont-roig.cat\/wp-content\/uploads\/IMG_6662.jpg\" \/>\n\t<meta property=\"og:image:width\" content=\"1920\" \/>\n\t<meta property=\"og:image:height\" content=\"1440\" \/>\n\t<meta property=\"og:image:type\" content=\"image\/jpeg\" \/>\n<meta name=\"author\" content=\"administrador\" \/>\n<meta name=\"twitter:card\" content=\"summary_large_image\" \/>\n<meta name=\"twitter:label1\" content=\"Escrito por\" \/>\n\t<meta name=\"twitter:data1\" content=\"administrador\" \/>\n\t<meta name=\"twitter:label2\" content=\"Tiempo de lectura\" \/>\n\t<meta name=\"twitter:data2\" content=\"2 minutos\" \/>\n<script type=\"application\/ld+json\" class=\"yoast-schema-graph\">{\"@context\":\"https:\\\/\\\/schema.org\",\"@graph\":[{\"@type\":\"Article\",\"@id\":\"https:\\\/\\\/mont-roig.cat\\\/es\\\/actualitat\\\/noticies\\\/comienzan-las-ii-jornadas-gastronomicas-del-calcot\\\/#article\",\"isPartOf\":{\"@id\":\"https:\\\/\\\/mont-roig.cat\\\/es\\\/actualitat\\\/noticies\\\/comienzan-las-ii-jornadas-gastronomicas-del-calcot\\\/\"},\"author\":{\"name\":\"administrador\",\"@id\":\"https:\\\/\\\/mont-roig.cat\\\/es\\\/#\\\/schema\\\/person\\\/f2b111789f22b7d0c3bd6786c9128cba\"},\"headline\":\"Comienzan las II Jornadas Gastron\u00f3micas del Cal\u00e7ot\",\"datePublished\":\"2019-02-14T14:53:07+00:00\",\"mainEntityOfPage\":{\"@id\":\"https:\\\/\\\/mont-roig.cat\\\/es\\\/actualitat\\\/noticies\\\/comienzan-las-ii-jornadas-gastronomicas-del-calcot\\\/\"},\"wordCount\":412,\"image\":{\"@id\":\"https:\\\/\\\/mont-roig.cat\\\/es\\\/actualitat\\\/noticies\\\/comienzan-las-ii-jornadas-gastronomicas-del-calcot\\\/#primaryimage\"},\"thumbnailUrl\":\"https:\\\/\\\/mont-roig.cat\\\/wp-content\\\/uploads\\\/IMG_6662.jpg\",\"articleSection\":[\"Turismo\"],\"inLanguage\":\"es\"},{\"@type\":\"WebPage\",\"@id\":\"https:\\\/\\\/mont-roig.cat\\\/es\\\/actualitat\\\/noticies\\\/comienzan-las-ii-jornadas-gastronomicas-del-calcot\\\/\",\"url\":\"https:\\\/\\\/mont-roig.cat\\\/es\\\/actualitat\\\/noticies\\\/comienzan-las-ii-jornadas-gastronomicas-del-calcot\\\/\",\"name\":\"Comienzan las II Jornadas Gastron\u00f3micas del Cal\u00e7ot - Ajuntament de Mont-roig del Camp\",\"isPartOf\":{\"@id\":\"https:\\\/\\\/mont-roig.cat\\\/es\\\/#website\"},\"primaryImageOfPage\":{\"@id\":\"https:\\\/\\\/mont-roig.cat\\\/es\\\/actualitat\\\/noticies\\\/comienzan-las-ii-jornadas-gastronomicas-del-calcot\\\/#primaryimage\"},\"image\":{\"@id\":\"https:\\\/\\\/mont-roig.cat\\\/es\\\/actualitat\\\/noticies\\\/comienzan-las-ii-jornadas-gastronomicas-del-calcot\\\/#primaryimage\"},\"thumbnailUrl\":\"https:\\\/\\\/mont-roig.cat\\\/wp-content\\\/uploads\\\/IMG_6662.jpg\",\"datePublished\":\"2019-02-14T14:53:07+00:00\",\"author\":{\"@id\":\"https:\\\/\\\/mont-roig.cat\\\/es\\\/#\\\/schema\\\/person\\\/f2b111789f22b7d0c3bd6786c9128cba\"},\"breadcrumb\":{\"@id\":\"https:\\\/\\\/mont-roig.cat\\\/es\\\/actualitat\\\/noticies\\\/comienzan-las-ii-jornadas-gastronomicas-del-calcot\\\/#breadcrumb\"},\"inLanguage\":\"es\",\"potentialAction\":[{\"@type\":\"ReadAction\",\"target\":[\"https:\\\/\\\/mont-roig.cat\\\/es\\\/actualitat\\\/noticies\\\/comienzan-las-ii-jornadas-gastronomicas-del-calcot\\\/\"]}]},{\"@type\":\"ImageObject\",\"inLanguage\":\"es\",\"@id\":\"https:\\\/\\\/mont-roig.cat\\\/es\\\/actualitat\\\/noticies\\\/comienzan-las-ii-jornadas-gastronomicas-del-calcot\\\/#primaryimage\",\"url\":\"https:\\\/\\\/mont-roig.cat\\\/wp-content\\\/uploads\\\/IMG_6662.jpg\",\"contentUrl\":\"https:\\\/\\\/mont-roig.cat\\\/wp-content\\\/uploads\\\/IMG_6662.jpg\",\"width\":1920,\"height\":1440},{\"@type\":\"BreadcrumbList\",\"@id\":\"https:\\\/\\\/mont-roig.cat\\\/es\\\/actualitat\\\/noticies\\\/comienzan-las-ii-jornadas-gastronomicas-del-calcot\\\/#breadcrumb\",\"itemListElement\":[{\"@type\":\"ListItem\",\"position\":1,\"name\":\"Inici\",\"item\":\"https:\\\/\\\/mont-roig.cat\\\/es\\\/pagina-de-inicio\\\/\"},{\"@type\":\"ListItem\",\"position\":2,\"name\":\"Comienzan las II Jornadas Gastron\u00f3micas del Cal\u00e7ot\"}]},{\"@type\":\"WebSite\",\"@id\":\"https:\\\/\\\/mont-roig.cat\\\/es\\\/#website\",\"url\":\"https:\\\/\\\/mont-roig.cat\\\/es\\\/\",\"name\":\"Ajuntament de Mont-roig del Camp\",\"description\":\"Tota la informaci\u00f3 sobre la instituci\u00f3, els seus \u00f2rgans de govern, actualitat, serveis i molt m\u00e9s.\",\"potentialAction\":[{\"@type\":\"SearchAction\",\"target\":{\"@type\":\"EntryPoint\",\"urlTemplate\":\"https:\\\/\\\/mont-roig.cat\\\/es\\\/?s={search_term_string}\"},\"query-input\":{\"@type\":\"PropertyValueSpecification\",\"valueRequired\":true,\"valueName\":\"search_term_string\"}}],\"inLanguage\":\"es\"},{\"@type\":\"Person\",\"@id\":\"https:\\\/\\\/mont-roig.cat\\\/es\\\/#\\\/schema\\\/person\\\/f2b111789f22b7d0c3bd6786c9128cba\",\"name\":\"administrador\",\"image\":{\"@type\":\"ImageObject\",\"inLanguage\":\"es\",\"@id\":\"https:\\\/\\\/secure.gravatar.com\\\/avatar\\\/9137aac6891e2595c9d3036fd83bcb653b4db3c946db4c7d9b9be193c3c944bb?s=96&d=mm&r=g\",\"url\":\"https:\\\/\\\/secure.gravatar.com\\\/avatar\\\/9137aac6891e2595c9d3036fd83bcb653b4db3c946db4c7d9b9be193c3c944bb?s=96&d=mm&r=g\",\"contentUrl\":\"https:\\\/\\\/secure.gravatar.com\\\/avatar\\\/9137aac6891e2595c9d3036fd83bcb653b4db3c946db4c7d9b9be193c3c944bb?s=96&d=mm&r=g\",\"caption\":\"administrador\"},\"url\":\"https:\\\/\\\/mont-roig.cat\\\/es\\\/actualitat\\\/noticies\\\/author\\\/administrador\\\/\"}]}<\/script>\n<!-- \/ Yoast SEO plugin. -->","yoast_head_json":{"title":"Comienzan las II Jornadas Gastron\u00f3micas del Cal\u00e7ot - Ajuntament de Mont-roig del Camp","robots":{"index":"index","follow":"follow","max-snippet":"max-snippet:-1","max-image-preview":"max-image-preview:large","max-video-preview":"max-video-preview:-1"},"canonical":"https:\/\/mont-roig.cat\/es\/actualitat\/noticies\/comienzan-las-ii-jornadas-gastronomicas-del-calcot\/","og_locale":"es_ES","og_type":"article","og_title":"Comienzan las II Jornadas Gastron\u00f3micas del Cal\u00e7ot - Ajuntament de Mont-roig del Camp","og_description":"Del 15 de febrero al 3 de marzo, nueve establecimientos de restauraci\u00f3n ofrecer\u00e1n tapas, platos, men\u00fas y cal\u00e7otades para degustar los cal\u00e7ots que se producen en el municipio La cebolla que se cultiva en el t\u00e9rmino municipal de Mont-roig del Camp vuelve a ser la protagonista de las Jornadas Gastron\u00f3micas del Cal\u00e7ot, que se celebrar\u00e1n [&hellip;]","og_url":"https:\/\/mont-roig.cat\/es\/actualitat\/noticies\/comienzan-las-ii-jornadas-gastronomicas-del-calcot\/","og_site_name":"Ajuntament de Mont-roig del Camp","article_published_time":"2019-02-14T14:53:07+00:00","og_image":[{"width":1920,"height":1440,"url":"https:\/\/mont-roig.cat\/wp-content\/uploads\/IMG_6662.jpg","type":"image\/jpeg"}],"author":"administrador","twitter_card":"summary_large_image","twitter_misc":{"Escrito por":"administrador","Tiempo de lectura":"2 minutos"},"schema":{"@context":"https:\/\/schema.org","@graph":[{"@type":"Article","@id":"https:\/\/mont-roig.cat\/es\/actualitat\/noticies\/comienzan-las-ii-jornadas-gastronomicas-del-calcot\/#article","isPartOf":{"@id":"https:\/\/mont-roig.cat\/es\/actualitat\/noticies\/comienzan-las-ii-jornadas-gastronomicas-del-calcot\/"},"author":{"name":"administrador","@id":"https:\/\/mont-roig.cat\/es\/#\/schema\/person\/f2b111789f22b7d0c3bd6786c9128cba"},"headline":"Comienzan las II Jornadas Gastron\u00f3micas del Cal\u00e7ot","datePublished":"2019-02-14T14:53:07+00:00","mainEntityOfPage":{"@id":"https:\/\/mont-roig.cat\/es\/actualitat\/noticies\/comienzan-las-ii-jornadas-gastronomicas-del-calcot\/"},"wordCount":412,"image":{"@id":"https:\/\/mont-roig.cat\/es\/actualitat\/noticies\/comienzan-las-ii-jornadas-gastronomicas-del-calcot\/#primaryimage"},"thumbnailUrl":"https:\/\/mont-roig.cat\/wp-content\/uploads\/IMG_6662.jpg","articleSection":["Turismo"],"inLanguage":"es"},{"@type":"WebPage","@id":"https:\/\/mont-roig.cat\/es\/actualitat\/noticies\/comienzan-las-ii-jornadas-gastronomicas-del-calcot\/","url":"https:\/\/mont-roig.cat\/es\/actualitat\/noticies\/comienzan-las-ii-jornadas-gastronomicas-del-calcot\/","name":"Comienzan las II Jornadas Gastron\u00f3micas del Cal\u00e7ot - Ajuntament de Mont-roig del Camp","isPartOf":{"@id":"https:\/\/mont-roig.cat\/es\/#website"},"primaryImageOfPage":{"@id":"https:\/\/mont-roig.cat\/es\/actualitat\/noticies\/comienzan-las-ii-jornadas-gastronomicas-del-calcot\/#primaryimage"},"image":{"@id":"https:\/\/mont-roig.cat\/es\/actualitat\/noticies\/comienzan-las-ii-jornadas-gastronomicas-del-calcot\/#primaryimage"},"thumbnailUrl":"https:\/\/mont-roig.cat\/wp-content\/uploads\/IMG_6662.jpg","datePublished":"2019-02-14T14:53:07+00:00","author":{"@id":"https:\/\/mont-roig.cat\/es\/#\/schema\/person\/f2b111789f22b7d0c3bd6786c9128cba"},"breadcrumb":{"@id":"https:\/\/mont-roig.cat\/es\/actualitat\/noticies\/comienzan-las-ii-jornadas-gastronomicas-del-calcot\/#breadcrumb"},"inLanguage":"es","potentialAction":[{"@type":"ReadAction","target":["https:\/\/mont-roig.cat\/es\/actualitat\/noticies\/comienzan-las-ii-jornadas-gastronomicas-del-calcot\/"]}]},{"@type":"ImageObject","inLanguage":"es","@id":"https:\/\/mont-roig.cat\/es\/actualitat\/noticies\/comienzan-las-ii-jornadas-gastronomicas-del-calcot\/#primaryimage","url":"https:\/\/mont-roig.cat\/wp-content\/uploads\/IMG_6662.jpg","contentUrl":"https:\/\/mont-roig.cat\/wp-content\/uploads\/IMG_6662.jpg","width":1920,"height":1440},{"@type":"BreadcrumbList","@id":"https:\/\/mont-roig.cat\/es\/actualitat\/noticies\/comienzan-las-ii-jornadas-gastronomicas-del-calcot\/#breadcrumb","itemListElement":[{"@type":"ListItem","position":1,"name":"Inici","item":"https:\/\/mont-roig.cat\/es\/pagina-de-inicio\/"},{"@type":"ListItem","position":2,"name":"Comienzan las II Jornadas Gastron\u00f3micas del Cal\u00e7ot"}]},{"@type":"WebSite","@id":"https:\/\/mont-roig.cat\/es\/#website","url":"https:\/\/mont-roig.cat\/es\/","name":"Ajuntament de Mont-roig del Camp","description":"Tota la informaci\u00f3 sobre la instituci\u00f3, els seus \u00f2rgans de govern, actualitat, serveis i molt m\u00e9s.","potentialAction":[{"@type":"SearchAction","target":{"@type":"EntryPoint","urlTemplate":"https:\/\/mont-roig.cat\/es\/?s={search_term_string}"},"query-input":{"@type":"PropertyValueSpecification","valueRequired":true,"valueName":"search_term_string"}}],"inLanguage":"es"},{"@type":"Person","@id":"https:\/\/mont-roig.cat\/es\/#\/schema\/person\/f2b111789f22b7d0c3bd6786c9128cba","name":"administrador","image":{"@type":"ImageObject","inLanguage":"es","@id":"https:\/\/secure.gravatar.com\/avatar\/9137aac6891e2595c9d3036fd83bcb653b4db3c946db4c7d9b9be193c3c944bb?s=96&d=mm&r=g","url":"https:\/\/secure.gravatar.com\/avatar\/9137aac6891e2595c9d3036fd83bcb653b4db3c946db4c7d9b9be193c3c944bb?s=96&d=mm&r=g","contentUrl":"https:\/\/secure.gravatar.com\/avatar\/9137aac6891e2595c9d3036fd83bcb653b4db3c946db4c7d9b9be193c3c944bb?s=96&d=mm&r=g","caption":"administrador"},"url":"https:\/\/mont-roig.cat\/es\/actualitat\/noticies\/author\/administrador\/"}]}},"_links":{"self":[{"href":"https:\/\/mont-roig.cat\/es\/wp-json\/wp\/v2\/posts\/34321","targetHints":{"allow":["GET"]}}],"collection":[{"href":"https:\/\/mont-roig.cat\/es\/wp-json\/wp\/v2\/posts"}],"about":[{"href":"https:\/\/mont-roig.cat\/es\/wp-json\/wp\/v2\/types\/post"}],"author":[{"embeddable":true,"href":"https:\/\/mont-roig.cat\/es\/wp-json\/wp\/v2\/users\/4"}],"replies":[{"embeddable":true,"href":"https:\/\/mont-roig.cat\/es\/wp-json\/wp\/v2\/comments?post=34321"}],"version-history":[{"count":2,"href":"https:\/\/mont-roig.cat\/es\/wp-json\/wp\/v2\/posts\/34321\/revisions"}],"predecessor-version":[{"id":34323,"href":"https:\/\/mont-roig.cat\/es\/wp-json\/wp\/v2\/posts\/34321\/revisions\/34323"}],"wp:featuredmedia":[{"embeddable":true,"href":"https:\/\/mont-roig.cat\/es\/wp-json\/wp\/v2\/media\/34301"}],"wp:attachment":[{"href":"https:\/\/mont-roig.cat\/es\/wp-json\/wp\/v2\/media?parent=34321"}],"wp:term":[{"taxonomy":"category","embeddable":true,"href":"https:\/\/mont-roig.cat\/es\/wp-json\/wp\/v2\/categories?post=34321"},{"taxonomy":"post_tag","embeddable":true,"href":"https:\/\/mont-roig.cat\/es\/wp-json\/wp\/v2\/tags?post=34321"}],"curies":[{"name":"wp","href":"https:\/\/api.w.org\/{rel}","templated":true}]}}