{"id":34330,"date":"2019-02-15T12:57:33","date_gmt":"2019-02-15T11:57:33","guid":{"rendered":"https:\/\/mont-roig.cat\/?p=34330"},"modified":"2019-02-15T13:03:59","modified_gmt":"2019-02-15T12:03:59","slug":"los-programas-cafes-con-el-alcalde-y-la-comision-de-recursos-humanos-municipales-reciben-el-reconocimiento-de-la-fmc-y-la-fundacio-pi-i-sunyer","status":"publish","type":"post","link":"https:\/\/mont-roig.cat\/es\/actualitat\/noticies\/los-programas-cafes-con-el-alcalde-y-la-comision-de-recursos-humanos-municipales-reciben-el-reconocimiento-de-la-fmc-y-la-fundacio-pi-i-sunyer\/","title":{"rendered":"Los programas Caf\u00e9s con el alcalde y la Comisi\u00f3n de Recursos Humanos Municipales reciben el reconocimiento de la FMC y la Fundaci\u00f3 Pi i Sunyer"},"content":{"rendered":"<ul>\n<li><strong><img loading=\"lazy\" decoding=\"async\" class=\" wp-image-34328 alignright\" src=\"https:\/\/mont-roig.cat\/wp-content\/uploads\/morancho-2.jpg\" alt=\"\" width=\"382\" height=\"284\" srcset=\"https:\/\/mont-roig.cat\/wp-content\/uploads\/morancho-2.jpg 540w, https:\/\/mont-roig.cat\/wp-content\/uploads\/morancho-2-500x371.jpg 500w\" sizes=\"auto, (max-width: 382px) 100vw, 382px\" \/>El alcalde de Mont-roig del Camp, Fran Morancho, recibi\u00f3 el reconocimiento por estas dos actuaciones que han sido reconocidas y recogidas en el Banco de Buenas Pr\u00e1cticas entre 2014 y 2018<br \/>\n<\/strong><\/li>\n<\/ul>\n<p>&nbsp;<\/p>\n<p>El alcalde de Mont-roig del Camp, Fran Morancho, recogi\u00f3 este jueves por la tarde en el Auditorio Axa de Barcelona de manos del presidente de la Federaci\u00f3n de Municipios de Catalu\u00f1a (FMC), Xavier Amor, dos de los reconocimientos que se entregan a los ayuntamientos catalanes que han puesto en marcha actuaciones que han sido reconocidas y recogidas en el Banco de Buenas Pr\u00e1cticas (BBP) entre los a\u00f1os 2014 y 2018. En concreto el Ayuntamiento de Mont-roig del Camp ha obtenido la Certificaci\u00f3n de Buena Pr\u00e1ctica por los programas &#8216;Caf\u00e9s con el alcalde&#8217; y por la &#8216;Comisi\u00f3n de Recursos Humanos Municipales&#8217;.<br \/>\nEl acto, en el que participaron m\u00e1s de 450 expertos y autoridades locales, cont\u00f3 con la presencia de Xavier Cadoret, vicepresidente de la Mesa del Congreso de Poderes Locales y Regionales del Consejo de Europa; Roland Ries, alcalde de Estrasburgo; Jutta G\u00fctzkow, jefe de la Divisi\u00f3n de Buen Gobierno en el Consejo de Europa; Carlos Mart\u00ednez, miembro de la Comisi\u00f3n Ejecutiva de la Federaci\u00f3n Espa\u00f1ola de Municipios y Provincias (FEMP), vicepresidente del CMRE, vicepresidente de CGLU y alcalde de Soria; \u00c0ngel Garcia Fontanet, presidente de la Fundaci\u00f3n Carles Pi i Sunyer de Estudios Auton\u00f3micos y Locales; y Xavier Amor, presidente de la Federaci\u00f3n de Municipios de Catalu\u00f1a y alcalde de Pineda de Mar.<\/p>\n<p><strong>Los dos reconocimientos<\/strong><br \/>\nEl BBP ha valorado esta propuesta de participaci\u00f3n ciudadana &#8216;Caf\u00e9s con el alcade&#8217; y lo incluy\u00f3 hace dos a\u00f1os en su cat\u00e1logo por el hecho de tratarse de una aportaci\u00f3n innovadora y de calidad que puede servir de referencia para otros ayuntamientos o entidades locales. Desde su puesta en marcha, en enero de 2016, el alcalde de Mont-roig del Camp, Fran Morancho ha realizado una quincena de encuentros con los vecinos y vecinas del municipio. Estas, que se realizan en bares y cafeter\u00edas de Mont-roig y de Miami Platja, permiten tratar de una forma distendida, cercana y sin formalismos cuestiones de inter\u00e9s municipal, quejas o sugerencias con los ciudadanos. Los encuentros, que son una forma de incentivar la participaci\u00f3n ciudadana y el rendimiento de cuentas, permiten la vez sondear la opini\u00f3n p\u00fablica municipal.<br \/>\nEsta fue la segunda iniciativa del Ayuntamiento de Mont-roig del Camp que se incluye en el BBP. La experiencia &#8220;Comisi\u00f3n de Recursos Humanos Municipales. Selecci\u00f3n de personal con participaci\u00f3n ciudadana &#8220;tambi\u00e9n fue seleccionada como una Buena Pr\u00e1ctica y entr\u00f3 a formar parte de este cat\u00e1logo. Recordemos que la Comisi\u00f3n de Recursos Humanos Municipales se cre\u00f3 en septiembre de 2015 para valorar las propuestas relativas a recursos humanos del Ayuntamiento, la empresa p\u00fablica municipal Nostreserveis y el ente p\u00fablico empresarial Nostraigua.<br \/>\nEl objetivo de esta iniciativa pionera es fomentar la transparencia de la selecci\u00f3n de los recursos humanos y canalizar la participaci\u00f3n de los ciudadanos y de los grupos municipales de la oposici\u00f3n en la toma de decisiones de esta materia, como medidas destinadas a una mejora global de la gesti\u00f3n p\u00fablica municipal. Se trata pues, de un mecanismo de prevenci\u00f3n saludable, di\u00e1fano y de fomento del gobierno abierto.<br \/>\nEl Banco de Buenas Pr\u00e1cticas de los gobiernos locales es un servicio impulsado por la Federaci\u00f3n de Municipios de Catalu\u00f1a, la Fundaci\u00f3 Carles Pi i Sunyer de estudios auton\u00f3micos y locales y los ayuntamientos de m\u00e1s de cinco mil habitantes de Catalu\u00f1a que identifica y difunde experiencias innovadoras de gobierno y gesti\u00f3n municipal.<\/p>\n","protected":false},"excerpt":{"rendered":"<p>El alcalde de Mont-roig del Camp, Fran Morancho, recibi\u00f3 el reconocimiento por estas dos actuaciones que han sido reconocidas y recogidas en el Banco de Buenas Pr\u00e1cticas entre 2014 y 2018 &nbsp; El alcalde de Mont-roig del Camp, Fran Morancho, recogi\u00f3 este jueves por la tarde en el Auditorio Axa de Barcelona de manos del [&hellip;]<\/p>\n","protected":false},"author":4,"featured_media":34328,"comment_status":"closed","ping_status":"closed","sticky":false,"template":"","format":"standard","meta":{"inline_featured_image":false,"_monsterinsights_skip_tracking":false,"_monsterinsights_sitenote_active":false,"_monsterinsights_sitenote_note":"","_monsterinsights_sitenote_category":0,"footnotes":""},"categories":[152,156,98],"tags":[],"class_list":["post-34330","post","type-post","status-publish","format-standard","has-post-thumbnail","hentry","category-alcalde-2","category-alcalde-es","category-ayuntamiento"],"yoast_head":"<!-- This site is optimized with the Yoast SEO plugin v27.4 - https:\/\/yoast.com\/product\/yoast-seo-wordpress\/ -->\n<title>Los programas Caf\u00e9s con el alcalde y la Comisi\u00f3n de Recursos Humanos Municipales reciben el reconocimiento de la FMC y la Fundaci\u00f3 Pi i Sunyer - Ajuntament de Mont-roig del Camp<\/title>\n<meta name=\"robots\" content=\"index, follow, max-snippet:-1, max-image-preview:large, max-video-preview:-1\" \/>\n<link rel=\"canonical\" href=\"https:\/\/mont-roig.cat\/es\/actualitat\/noticies\/los-programas-cafes-con-el-alcalde-y-la-comision-de-recursos-humanos-municipales-reciben-el-reconocimiento-de-la-fmc-y-la-fundacio-pi-i-sunyer\/\" \/>\n<meta property=\"og:locale\" content=\"es_ES\" \/>\n<meta property=\"og:type\" content=\"article\" \/>\n<meta property=\"og:title\" content=\"Los programas Caf\u00e9s con el alcalde y la Comisi\u00f3n de Recursos Humanos Municipales reciben el reconocimiento de la FMC y la Fundaci\u00f3 Pi i Sunyer - Ajuntament de Mont-roig del Camp\" \/>\n<meta property=\"og:description\" content=\"El alcalde de Mont-roig del Camp, Fran Morancho, recibi\u00f3 el reconocimiento por estas dos actuaciones que han sido reconocidas y recogidas en el Banco de Buenas Pr\u00e1cticas entre 2014 y 2018 &nbsp; El alcalde de Mont-roig del Camp, Fran Morancho, recogi\u00f3 este jueves por la tarde en el Auditorio Axa de Barcelona de manos del [&hellip;]\" \/>\n<meta property=\"og:url\" content=\"https:\/\/mont-roig.cat\/es\/actualitat\/noticies\/los-programas-cafes-con-el-alcalde-y-la-comision-de-recursos-humanos-municipales-reciben-el-reconocimiento-de-la-fmc-y-la-fundacio-pi-i-sunyer\/\" \/>\n<meta property=\"og:site_name\" content=\"Ajuntament de Mont-roig del Camp\" \/>\n<meta property=\"article:published_time\" content=\"2019-02-15T11:57:33+00:00\" \/>\n<meta property=\"article:modified_time\" content=\"2019-02-15T12:03:59+00:00\" \/>\n<meta property=\"og:image\" content=\"https:\/\/mont-roig.cat\/wp-content\/uploads\/morancho-2.jpg\" \/>\n\t<meta property=\"og:image:width\" content=\"540\" \/>\n\t<meta property=\"og:image:height\" content=\"401\" \/>\n\t<meta property=\"og:image:type\" content=\"image\/jpeg\" \/>\n<meta name=\"author\" content=\"administrador\" \/>\n<meta name=\"twitter:card\" content=\"summary_large_image\" \/>\n<meta name=\"twitter:label1\" content=\"Escrito por\" \/>\n\t<meta name=\"twitter:data1\" content=\"administrador\" \/>\n\t<meta name=\"twitter:label2\" content=\"Tiempo de lectura\" \/>\n\t<meta name=\"twitter:data2\" content=\"3 minutos\" \/>\n<script type=\"application\/ld+json\" class=\"yoast-schema-graph\">{\"@context\":\"https:\\\/\\\/schema.org\",\"@graph\":[{\"@type\":\"Article\",\"@id\":\"https:\\\/\\\/mont-roig.cat\\\/es\\\/actualitat\\\/noticies\\\/los-programas-cafes-con-el-alcalde-y-la-comision-de-recursos-humanos-municipales-reciben-el-reconocimiento-de-la-fmc-y-la-fundacio-pi-i-sunyer\\\/#article\",\"isPartOf\":{\"@id\":\"https:\\\/\\\/mont-roig.cat\\\/es\\\/actualitat\\\/noticies\\\/los-programas-cafes-con-el-alcalde-y-la-comision-de-recursos-humanos-municipales-reciben-el-reconocimiento-de-la-fmc-y-la-fundacio-pi-i-sunyer\\\/\"},\"author\":{\"name\":\"administrador\",\"@id\":\"https:\\\/\\\/mont-roig.cat\\\/es\\\/#\\\/schema\\\/person\\\/f2b111789f22b7d0c3bd6786c9128cba\"},\"headline\":\"Los programas Caf\u00e9s con el alcalde y la Comisi\u00f3n de Recursos Humanos Municipales reciben el reconocimiento de la FMC y la Fundaci\u00f3 Pi i Sunyer\",\"datePublished\":\"2019-02-15T11:57:33+00:00\",\"dateModified\":\"2019-02-15T12:03:59+00:00\",\"mainEntityOfPage\":{\"@id\":\"https:\\\/\\\/mont-roig.cat\\\/es\\\/actualitat\\\/noticies\\\/los-programas-cafes-con-el-alcalde-y-la-comision-de-recursos-humanos-municipales-reciben-el-reconocimiento-de-la-fmc-y-la-fundacio-pi-i-sunyer\\\/\"},\"wordCount\":655,\"image\":{\"@id\":\"https:\\\/\\\/mont-roig.cat\\\/es\\\/actualitat\\\/noticies\\\/los-programas-cafes-con-el-alcalde-y-la-comision-de-recursos-humanos-municipales-reciben-el-reconocimiento-de-la-fmc-y-la-fundacio-pi-i-sunyer\\\/#primaryimage\"},\"thumbnailUrl\":\"https:\\\/\\\/mont-roig.cat\\\/wp-content\\\/uploads\\\/morancho-2.jpg\",\"articleSection\":[\"Alcalde\",\"Alcalde\",\"Ayuntamiento\"],\"inLanguage\":\"es\"},{\"@type\":\"WebPage\",\"@id\":\"https:\\\/\\\/mont-roig.cat\\\/es\\\/actualitat\\\/noticies\\\/los-programas-cafes-con-el-alcalde-y-la-comision-de-recursos-humanos-municipales-reciben-el-reconocimiento-de-la-fmc-y-la-fundacio-pi-i-sunyer\\\/\",\"url\":\"https:\\\/\\\/mont-roig.cat\\\/es\\\/actualitat\\\/noticies\\\/los-programas-cafes-con-el-alcalde-y-la-comision-de-recursos-humanos-municipales-reciben-el-reconocimiento-de-la-fmc-y-la-fundacio-pi-i-sunyer\\\/\",\"name\":\"Los programas Caf\u00e9s con el alcalde y la Comisi\u00f3n de Recursos Humanos Municipales reciben el reconocimiento de la FMC y la Fundaci\u00f3 Pi i Sunyer - Ajuntament de Mont-roig del Camp\",\"isPartOf\":{\"@id\":\"https:\\\/\\\/mont-roig.cat\\\/es\\\/#website\"},\"primaryImageOfPage\":{\"@id\":\"https:\\\/\\\/mont-roig.cat\\\/es\\\/actualitat\\\/noticies\\\/los-programas-cafes-con-el-alcalde-y-la-comision-de-recursos-humanos-municipales-reciben-el-reconocimiento-de-la-fmc-y-la-fundacio-pi-i-sunyer\\\/#primaryimage\"},\"image\":{\"@id\":\"https:\\\/\\\/mont-roig.cat\\\/es\\\/actualitat\\\/noticies\\\/los-programas-cafes-con-el-alcalde-y-la-comision-de-recursos-humanos-municipales-reciben-el-reconocimiento-de-la-fmc-y-la-fundacio-pi-i-sunyer\\\/#primaryimage\"},\"thumbnailUrl\":\"https:\\\/\\\/mont-roig.cat\\\/wp-content\\\/uploads\\\/morancho-2.jpg\",\"datePublished\":\"2019-02-15T11:57:33+00:00\",\"dateModified\":\"2019-02-15T12:03:59+00:00\",\"author\":{\"@id\":\"https:\\\/\\\/mont-roig.cat\\\/es\\\/#\\\/schema\\\/person\\\/f2b111789f22b7d0c3bd6786c9128cba\"},\"breadcrumb\":{\"@id\":\"https:\\\/\\\/mont-roig.cat\\\/es\\\/actualitat\\\/noticies\\\/los-programas-cafes-con-el-alcalde-y-la-comision-de-recursos-humanos-municipales-reciben-el-reconocimiento-de-la-fmc-y-la-fundacio-pi-i-sunyer\\\/#breadcrumb\"},\"inLanguage\":\"es\",\"potentialAction\":[{\"@type\":\"ReadAction\",\"target\":[\"https:\\\/\\\/mont-roig.cat\\\/es\\\/actualitat\\\/noticies\\\/los-programas-cafes-con-el-alcalde-y-la-comision-de-recursos-humanos-municipales-reciben-el-reconocimiento-de-la-fmc-y-la-fundacio-pi-i-sunyer\\\/\"]}]},{\"@type\":\"ImageObject\",\"inLanguage\":\"es\",\"@id\":\"https:\\\/\\\/mont-roig.cat\\\/es\\\/actualitat\\\/noticies\\\/los-programas-cafes-con-el-alcalde-y-la-comision-de-recursos-humanos-municipales-reciben-el-reconocimiento-de-la-fmc-y-la-fundacio-pi-i-sunyer\\\/#primaryimage\",\"url\":\"https:\\\/\\\/mont-roig.cat\\\/wp-content\\\/uploads\\\/morancho-2.jpg\",\"contentUrl\":\"https:\\\/\\\/mont-roig.cat\\\/wp-content\\\/uploads\\\/morancho-2.jpg\",\"width\":540,\"height\":401},{\"@type\":\"BreadcrumbList\",\"@id\":\"https:\\\/\\\/mont-roig.cat\\\/es\\\/actualitat\\\/noticies\\\/los-programas-cafes-con-el-alcalde-y-la-comision-de-recursos-humanos-municipales-reciben-el-reconocimiento-de-la-fmc-y-la-fundacio-pi-i-sunyer\\\/#breadcrumb\",\"itemListElement\":[{\"@type\":\"ListItem\",\"position\":1,\"name\":\"Inici\",\"item\":\"https:\\\/\\\/mont-roig.cat\\\/es\\\/pagina-de-inicio\\\/\"},{\"@type\":\"ListItem\",\"position\":2,\"name\":\"Los programas Caf\u00e9s con el alcalde y la Comisi\u00f3n de Recursos Humanos Municipales reciben el reconocimiento de la FMC y la Fundaci\u00f3 Pi i Sunyer\"}]},{\"@type\":\"WebSite\",\"@id\":\"https:\\\/\\\/mont-roig.cat\\\/es\\\/#website\",\"url\":\"https:\\\/\\\/mont-roig.cat\\\/es\\\/\",\"name\":\"Ajuntament de Mont-roig del Camp\",\"description\":\"Tota la informaci\u00f3 sobre la instituci\u00f3, els seus \u00f2rgans de govern, actualitat, serveis i molt m\u00e9s.\",\"potentialAction\":[{\"@type\":\"SearchAction\",\"target\":{\"@type\":\"EntryPoint\",\"urlTemplate\":\"https:\\\/\\\/mont-roig.cat\\\/es\\\/?s={search_term_string}\"},\"query-input\":{\"@type\":\"PropertyValueSpecification\",\"valueRequired\":true,\"valueName\":\"search_term_string\"}}],\"inLanguage\":\"es\"},{\"@type\":\"Person\",\"@id\":\"https:\\\/\\\/mont-roig.cat\\\/es\\\/#\\\/schema\\\/person\\\/f2b111789f22b7d0c3bd6786c9128cba\",\"name\":\"administrador\",\"image\":{\"@type\":\"ImageObject\",\"inLanguage\":\"es\",\"@id\":\"https:\\\/\\\/secure.gravatar.com\\\/avatar\\\/9137aac6891e2595c9d3036fd83bcb653b4db3c946db4c7d9b9be193c3c944bb?s=96&d=mm&r=g\",\"url\":\"https:\\\/\\\/secure.gravatar.com\\\/avatar\\\/9137aac6891e2595c9d3036fd83bcb653b4db3c946db4c7d9b9be193c3c944bb?s=96&d=mm&r=g\",\"contentUrl\":\"https:\\\/\\\/secure.gravatar.com\\\/avatar\\\/9137aac6891e2595c9d3036fd83bcb653b4db3c946db4c7d9b9be193c3c944bb?s=96&d=mm&r=g\",\"caption\":\"administrador\"},\"url\":\"https:\\\/\\\/mont-roig.cat\\\/es\\\/actualitat\\\/noticies\\\/author\\\/administrador\\\/\"}]}<\/script>\n<!-- \/ Yoast SEO plugin. -->","yoast_head_json":{"title":"Los programas Caf\u00e9s con el alcalde y la Comisi\u00f3n de Recursos Humanos Municipales reciben el reconocimiento de la FMC y la Fundaci\u00f3 Pi i Sunyer - Ajuntament de Mont-roig del Camp","robots":{"index":"index","follow":"follow","max-snippet":"max-snippet:-1","max-image-preview":"max-image-preview:large","max-video-preview":"max-video-preview:-1"},"canonical":"https:\/\/mont-roig.cat\/es\/actualitat\/noticies\/los-programas-cafes-con-el-alcalde-y-la-comision-de-recursos-humanos-municipales-reciben-el-reconocimiento-de-la-fmc-y-la-fundacio-pi-i-sunyer\/","og_locale":"es_ES","og_type":"article","og_title":"Los programas Caf\u00e9s con el alcalde y la Comisi\u00f3n de Recursos Humanos Municipales reciben el reconocimiento de la FMC y la Fundaci\u00f3 Pi i Sunyer - Ajuntament de Mont-roig del Camp","og_description":"El alcalde de Mont-roig del Camp, Fran Morancho, recibi\u00f3 el reconocimiento por estas dos actuaciones que han sido reconocidas y recogidas en el Banco de Buenas Pr\u00e1cticas entre 2014 y 2018 &nbsp; El alcalde de Mont-roig del Camp, Fran Morancho, recogi\u00f3 este jueves por la tarde en el Auditorio Axa de Barcelona de manos del [&hellip;]","og_url":"https:\/\/mont-roig.cat\/es\/actualitat\/noticies\/los-programas-cafes-con-el-alcalde-y-la-comision-de-recursos-humanos-municipales-reciben-el-reconocimiento-de-la-fmc-y-la-fundacio-pi-i-sunyer\/","og_site_name":"Ajuntament de Mont-roig del Camp","article_published_time":"2019-02-15T11:57:33+00:00","article_modified_time":"2019-02-15T12:03:59+00:00","og_image":[{"width":540,"height":401,"url":"https:\/\/mont-roig.cat\/wp-content\/uploads\/morancho-2.jpg","type":"image\/jpeg"}],"author":"administrador","twitter_card":"summary_large_image","twitter_misc":{"Escrito por":"administrador","Tiempo de lectura":"3 minutos"},"schema":{"@context":"https:\/\/schema.org","@graph":[{"@type":"Article","@id":"https:\/\/mont-roig.cat\/es\/actualitat\/noticies\/los-programas-cafes-con-el-alcalde-y-la-comision-de-recursos-humanos-municipales-reciben-el-reconocimiento-de-la-fmc-y-la-fundacio-pi-i-sunyer\/#article","isPartOf":{"@id":"https:\/\/mont-roig.cat\/es\/actualitat\/noticies\/los-programas-cafes-con-el-alcalde-y-la-comision-de-recursos-humanos-municipales-reciben-el-reconocimiento-de-la-fmc-y-la-fundacio-pi-i-sunyer\/"},"author":{"name":"administrador","@id":"https:\/\/mont-roig.cat\/es\/#\/schema\/person\/f2b111789f22b7d0c3bd6786c9128cba"},"headline":"Los programas Caf\u00e9s con el alcalde y la Comisi\u00f3n de Recursos Humanos Municipales reciben el reconocimiento de la FMC y la Fundaci\u00f3 Pi i Sunyer","datePublished":"2019-02-15T11:57:33+00:00","dateModified":"2019-02-15T12:03:59+00:00","mainEntityOfPage":{"@id":"https:\/\/mont-roig.cat\/es\/actualitat\/noticies\/los-programas-cafes-con-el-alcalde-y-la-comision-de-recursos-humanos-municipales-reciben-el-reconocimiento-de-la-fmc-y-la-fundacio-pi-i-sunyer\/"},"wordCount":655,"image":{"@id":"https:\/\/mont-roig.cat\/es\/actualitat\/noticies\/los-programas-cafes-con-el-alcalde-y-la-comision-de-recursos-humanos-municipales-reciben-el-reconocimiento-de-la-fmc-y-la-fundacio-pi-i-sunyer\/#primaryimage"},"thumbnailUrl":"https:\/\/mont-roig.cat\/wp-content\/uploads\/morancho-2.jpg","articleSection":["Alcalde","Alcalde","Ayuntamiento"],"inLanguage":"es"},{"@type":"WebPage","@id":"https:\/\/mont-roig.cat\/es\/actualitat\/noticies\/los-programas-cafes-con-el-alcalde-y-la-comision-de-recursos-humanos-municipales-reciben-el-reconocimiento-de-la-fmc-y-la-fundacio-pi-i-sunyer\/","url":"https:\/\/mont-roig.cat\/es\/actualitat\/noticies\/los-programas-cafes-con-el-alcalde-y-la-comision-de-recursos-humanos-municipales-reciben-el-reconocimiento-de-la-fmc-y-la-fundacio-pi-i-sunyer\/","name":"Los programas Caf\u00e9s con el alcalde y la Comisi\u00f3n de Recursos Humanos Municipales reciben el reconocimiento de la FMC y la Fundaci\u00f3 Pi i Sunyer - Ajuntament de Mont-roig del Camp","isPartOf":{"@id":"https:\/\/mont-roig.cat\/es\/#website"},"primaryImageOfPage":{"@id":"https:\/\/mont-roig.cat\/es\/actualitat\/noticies\/los-programas-cafes-con-el-alcalde-y-la-comision-de-recursos-humanos-municipales-reciben-el-reconocimiento-de-la-fmc-y-la-fundacio-pi-i-sunyer\/#primaryimage"},"image":{"@id":"https:\/\/mont-roig.cat\/es\/actualitat\/noticies\/los-programas-cafes-con-el-alcalde-y-la-comision-de-recursos-humanos-municipales-reciben-el-reconocimiento-de-la-fmc-y-la-fundacio-pi-i-sunyer\/#primaryimage"},"thumbnailUrl":"https:\/\/mont-roig.cat\/wp-content\/uploads\/morancho-2.jpg","datePublished":"2019-02-15T11:57:33+00:00","dateModified":"2019-02-15T12:03:59+00:00","author":{"@id":"https:\/\/mont-roig.cat\/es\/#\/schema\/person\/f2b111789f22b7d0c3bd6786c9128cba"},"breadcrumb":{"@id":"https:\/\/mont-roig.cat\/es\/actualitat\/noticies\/los-programas-cafes-con-el-alcalde-y-la-comision-de-recursos-humanos-municipales-reciben-el-reconocimiento-de-la-fmc-y-la-fundacio-pi-i-sunyer\/#breadcrumb"},"inLanguage":"es","potentialAction":[{"@type":"ReadAction","target":["https:\/\/mont-roig.cat\/es\/actualitat\/noticies\/los-programas-cafes-con-el-alcalde-y-la-comision-de-recursos-humanos-municipales-reciben-el-reconocimiento-de-la-fmc-y-la-fundacio-pi-i-sunyer\/"]}]},{"@type":"ImageObject","inLanguage":"es","@id":"https:\/\/mont-roig.cat\/es\/actualitat\/noticies\/los-programas-cafes-con-el-alcalde-y-la-comision-de-recursos-humanos-municipales-reciben-el-reconocimiento-de-la-fmc-y-la-fundacio-pi-i-sunyer\/#primaryimage","url":"https:\/\/mont-roig.cat\/wp-content\/uploads\/morancho-2.jpg","contentUrl":"https:\/\/mont-roig.cat\/wp-content\/uploads\/morancho-2.jpg","width":540,"height":401},{"@type":"BreadcrumbList","@id":"https:\/\/mont-roig.cat\/es\/actualitat\/noticies\/los-programas-cafes-con-el-alcalde-y-la-comision-de-recursos-humanos-municipales-reciben-el-reconocimiento-de-la-fmc-y-la-fundacio-pi-i-sunyer\/#breadcrumb","itemListElement":[{"@type":"ListItem","position":1,"name":"Inici","item":"https:\/\/mont-roig.cat\/es\/pagina-de-inicio\/"},{"@type":"ListItem","position":2,"name":"Los programas Caf\u00e9s con el alcalde y la Comisi\u00f3n de Recursos Humanos Municipales reciben el reconocimiento de la FMC y la Fundaci\u00f3 Pi i Sunyer"}]},{"@type":"WebSite","@id":"https:\/\/mont-roig.cat\/es\/#website","url":"https:\/\/mont-roig.cat\/es\/","name":"Ajuntament de Mont-roig del Camp","description":"Tota la informaci\u00f3 sobre la instituci\u00f3, els seus \u00f2rgans de govern, actualitat, serveis i molt m\u00e9s.","potentialAction":[{"@type":"SearchAction","target":{"@type":"EntryPoint","urlTemplate":"https:\/\/mont-roig.cat\/es\/?s={search_term_string}"},"query-input":{"@type":"PropertyValueSpecification","valueRequired":true,"valueName":"search_term_string"}}],"inLanguage":"es"},{"@type":"Person","@id":"https:\/\/mont-roig.cat\/es\/#\/schema\/person\/f2b111789f22b7d0c3bd6786c9128cba","name":"administrador","image":{"@type":"ImageObject","inLanguage":"es","@id":"https:\/\/secure.gravatar.com\/avatar\/9137aac6891e2595c9d3036fd83bcb653b4db3c946db4c7d9b9be193c3c944bb?s=96&d=mm&r=g","url":"https:\/\/secure.gravatar.com\/avatar\/9137aac6891e2595c9d3036fd83bcb653b4db3c946db4c7d9b9be193c3c944bb?s=96&d=mm&r=g","contentUrl":"https:\/\/secure.gravatar.com\/avatar\/9137aac6891e2595c9d3036fd83bcb653b4db3c946db4c7d9b9be193c3c944bb?s=96&d=mm&r=g","caption":"administrador"},"url":"https:\/\/mont-roig.cat\/es\/actualitat\/noticies\/author\/administrador\/"}]}},"_links":{"self":[{"href":"https:\/\/mont-roig.cat\/es\/wp-json\/wp\/v2\/posts\/34330","targetHints":{"allow":["GET"]}}],"collection":[{"href":"https:\/\/mont-roig.cat\/es\/wp-json\/wp\/v2\/posts"}],"about":[{"href":"https:\/\/mont-roig.cat\/es\/wp-json\/wp\/v2\/types\/post"}],"author":[{"embeddable":true,"href":"https:\/\/mont-roig.cat\/es\/wp-json\/wp\/v2\/users\/4"}],"replies":[{"embeddable":true,"href":"https:\/\/mont-roig.cat\/es\/wp-json\/wp\/v2\/comments?post=34330"}],"version-history":[{"count":5,"href":"https:\/\/mont-roig.cat\/es\/wp-json\/wp\/v2\/posts\/34330\/revisions"}],"predecessor-version":[{"id":34337,"href":"https:\/\/mont-roig.cat\/es\/wp-json\/wp\/v2\/posts\/34330\/revisions\/34337"}],"wp:featuredmedia":[{"embeddable":true,"href":"https:\/\/mont-roig.cat\/es\/wp-json\/wp\/v2\/media\/34328"}],"wp:attachment":[{"href":"https:\/\/mont-roig.cat\/es\/wp-json\/wp\/v2\/media?parent=34330"}],"wp:term":[{"taxonomy":"category","embeddable":true,"href":"https:\/\/mont-roig.cat\/es\/wp-json\/wp\/v2\/categories?post=34330"},{"taxonomy":"post_tag","embeddable":true,"href":"https:\/\/mont-roig.cat\/es\/wp-json\/wp\/v2\/tags?post=34330"}],"curies":[{"name":"wp","href":"https:\/\/api.w.org\/{rel}","templated":true}]}}