{"id":34467,"date":"2019-02-20T13:35:28","date_gmt":"2019-02-20T12:35:28","guid":{"rendered":"https:\/\/mont-roig.cat\/?p=34467"},"modified":"2019-02-20T13:40:47","modified_gmt":"2019-02-20T12:40:47","slug":"mont-roig-estrena-nueva-zona-de-juegos-infantiles-junto-a-la-escuela-mare-de-deu-de-la-roca","status":"publish","type":"post","link":"https:\/\/mont-roig.cat\/es\/actualitat\/noticies\/mont-roig-estrena-nueva-zona-de-juegos-infantiles-junto-a-la-escuela-mare-de-deu-de-la-roca\/","title":{"rendered":"Mont-roig estrena nueva zona de juegos infantiles junto a la escuela Mare de D\u00e9u de la Roca"},"content":{"rendered":"<ul>\n<li><strong><span class=\"tlid-translation translation\"><span title=\"\">El espacio<\/span> <span title=\"\">se ha arreglado<\/span> <span title=\"\">mediante<\/span> <span title=\"\">la pavimentaci\u00f3n de la<\/span> <span title=\"\">acera y<\/span> <span title=\"\">la instalaci\u00f3n de<\/span> <span title=\"\">mobiliario<\/span> <span title=\"\">urbano<\/span><span title=\"\">, entre<\/span> <span title=\"\">otras actuaciones<\/span><\/span><\/strong><\/li>\n<li><strong><span class=\"tlid-translation translation\"><span title=\"\">Tres<\/span> <span title=\"\">\u00e1reas<\/span> <span title=\"\">infantiles<\/span> <span title=\"\">del municipio<\/span> <span title=\"\">disponen<\/span> <span title=\"\">de juegos<\/span> <span title=\"\">accesibles y<\/span> <span class=\"\" title=\"\">adaptados<\/span><\/span><\/strong><\/li>\n<\/ul>\n<p><span class=\"tlid-translation translation\"><span class=\"\" title=\"\">Mont<\/span><span title=\"\">&#8211;<\/span><span title=\"\">roig del<\/span> <span title=\"\">Camp cuenta<\/span><span title=\"\">,<\/span> <span title=\"\">desde hace unos<\/span> <span title=\"\">d\u00edas<\/span><span title=\"\">, con una<\/span> <span class=\"\" title=\"\">nueva zona<\/span> <span title=\"\">de juegos<\/span> <span title=\"\">infantiles<\/span> <span title=\"\">ubicada en la carretera<\/span> <span title=\"\">de Colldejou<\/span><span title=\"\">, junto a<\/span> <span class=\"\" title=\"\">la escuela<\/span> <span title=\"\">Mare de D\u00e9u de la Roca<\/span><span title=\"\">.<\/span> <span title=\"\">El Ayuntamiento<\/span> <span title=\"\">y<\/span> <span title=\"\">Nostreserveis<\/span> <span title=\"\">han<\/span> <span class=\"\" title=\"\">arreglado<\/span> <span title=\"\">este espacio<\/span> <span title=\"\">con la instalaci\u00f3n<\/span> <span title=\"\">de elementos<\/span> <span title=\"\">de juego<\/span> <span class=\"\" title=\"\">en forma de<\/span> <span title=\"\">barco<\/span><span title=\"\">,<\/span> <span title=\"\">pavimento<\/span> <span title=\"\">de caucho<\/span> <span title=\"\">de colores y<\/span> <span title=\"\">una valla de<\/span> <span title=\"\">colores para<\/span> <span title=\"\">delimitar<\/span> <span title=\"\">esta nueva<\/span> <span title=\"\">\u00e1rea<\/span> <span title=\"\">infantil.<\/span> <span title=\"\">La actuaci\u00f3n<\/span> <span title=\"\">ha<\/span> <span title=\"\">contemplado<\/span> <span title=\"\">tambi\u00e9n<\/span> <span title=\"\">la pavimentaci\u00f3n<\/span> <span title=\"\">de toda la<\/span> <span title=\"\">acera<\/span> <span title=\"\">del lado<\/span> <span title=\"\">de la escuela<\/span><span title=\"\">,<\/span> <span title=\"\">as\u00ed como<\/span> <span title=\"\">la colocaci\u00f3n de nuevo<\/span> <span title=\"\">mobiliario<\/span> <span title=\"\">urbano<\/span><span title=\"\">:<\/span> <span title=\"\">bancos,<\/span> <span title=\"\">papeleras,<\/span> <span title=\"\">una fuente<\/span><span title=\"\">,<\/span> <span title=\"\">nuevo<\/span> <span title=\"\">alumbrado<\/span> <span title=\"\">y arbolado<\/span><span title=\"\">.<\/span> <span title=\"\">Adem\u00e1s, se han<\/span> <span title=\"\">eliminado<\/span> <span title=\"\">los contenedores<\/span> <span title=\"\">de basura soterrados<\/span> <span title=\"\">que estaban<\/span> <span title=\"\">situados<\/span> <span title=\"\">en la actual zona<\/span> <span title=\"\">infantil y<\/span> <span title=\"\">se han reubicado<\/span> <span title=\"\">en la calle<\/span> <span title=\"\">de al lado.<\/span><br \/>\n<\/span><\/p>\n<p><span class=\"tlid-translation translation\"><span title=\"\">Por otra parte,<\/span> <span title=\"\">y mediante<\/span> <span title=\"\">un acuerdo con<\/span> <span title=\"\">carreteras<\/span> <span title=\"\">de la Generalitat<\/span><span title=\"\">, se han podido<\/span> <span title=\"\">ejecutar las<\/span> <span title=\"\">cunetas<\/span> <span title=\"\">de este tramo y<\/span> <span title=\"\">construir<\/span> <span title=\"\">un paso<\/span> <span title=\"\">elevado que<\/span> <span title=\"\">comunica<\/span> <span title=\"\">la nueva<\/span> <span title=\"\">acera<\/span> <span title=\"\">con el aparcamiento<\/span> <span title=\"\">del ayuntamiento,<\/span> <span title=\"\">aportando<\/span> <span title=\"\">seguridad<\/span> <span title=\"\">en la zona<\/span><span title=\"\">.<\/span><\/span><\/p>\n<div id=\"attachment_34450\" style=\"width: 210px\" class=\"wp-caption alignleft\"><a href=\"https:\/\/mont-roig.cat\/wp-content\/uploads\/Nova-zona-de-jocs-infantils-de-Mont-roig.jpg\"><img loading=\"lazy\" decoding=\"async\" aria-describedby=\"caption-attachment-34450\" class=\"wp-image-34450\" src=\"https:\/\/mont-roig.cat\/wp-content\/uploads\/Nova-zona-de-jocs-infantils-de-Mont-roig.jpg\" alt=\"\" width=\"200\" height=\"150\" srcset=\"https:\/\/mont-roig.cat\/wp-content\/uploads\/Nova-zona-de-jocs-infantils-de-Mont-roig.jpg 1600w, https:\/\/mont-roig.cat\/wp-content\/uploads\/Nova-zona-de-jocs-infantils-de-Mont-roig-500x375.jpg 500w, https:\/\/mont-roig.cat\/wp-content\/uploads\/Nova-zona-de-jocs-infantils-de-Mont-roig-768x576.jpg 768w, https:\/\/mont-roig.cat\/wp-content\/uploads\/Nova-zona-de-jocs-infantils-de-Mont-roig-1024x768.jpg 1024w, https:\/\/mont-roig.cat\/wp-content\/uploads\/Nova-zona-de-jocs-infantils-de-Mont-roig-463x348.jpg 463w\" sizes=\"auto, (max-width: 200px) 100vw, 200px\" \/><\/a><p id=\"caption-attachment-34450\" class=\"wp-caption-text\">La zona infantil cuenta con pavimento de caucho<\/p><\/div>\n<div id=\"attachment_34454\" style=\"width: 210px\" class=\"wp-caption alignleft\"><a href=\"https:\/\/mont-roig.cat\/wp-content\/uploads\/Nova-zona-de-jocs-infantils.jpg\"><img loading=\"lazy\" decoding=\"async\" aria-describedby=\"caption-attachment-34454\" class=\"wp-image-34454\" src=\"https:\/\/mont-roig.cat\/wp-content\/uploads\/Nova-zona-de-jocs-infantils.jpg\" alt=\"\" width=\"200\" height=\"150\" srcset=\"https:\/\/mont-roig.cat\/wp-content\/uploads\/Nova-zona-de-jocs-infantils.jpg 1600w, https:\/\/mont-roig.cat\/wp-content\/uploads\/Nova-zona-de-jocs-infantils-500x375.jpg 500w, https:\/\/mont-roig.cat\/wp-content\/uploads\/Nova-zona-de-jocs-infantils-768x576.jpg 768w, https:\/\/mont-roig.cat\/wp-content\/uploads\/Nova-zona-de-jocs-infantils-1024x768.jpg 1024w, https:\/\/mont-roig.cat\/wp-content\/uploads\/Nova-zona-de-jocs-infantils-463x348.jpg 463w\" sizes=\"auto, (max-width: 200px) 100vw, 200px\" \/><\/a><p id=\"caption-attachment-34454\" class=\"wp-caption-text\">Los elementos instalados tienen forma de barco<\/p><\/div>\n<div id=\"attachment_34456\" style=\"width: 210px\" class=\"wp-caption alignleft\"><a href=\"https:\/\/mont-roig.cat\/wp-content\/uploads\/Carrer-nova-zona-de-jocs-infantils-Mont-roig.jpg\"><img loading=\"lazy\" decoding=\"async\" aria-describedby=\"caption-attachment-34456\" class=\"wp-image-34456\" src=\"https:\/\/mont-roig.cat\/wp-content\/uploads\/Carrer-nova-zona-de-jocs-infantils-Mont-roig.jpg\" alt=\"\" width=\"200\" height=\"150\" srcset=\"https:\/\/mont-roig.cat\/wp-content\/uploads\/Carrer-nova-zona-de-jocs-infantils-Mont-roig.jpg 1600w, https:\/\/mont-roig.cat\/wp-content\/uploads\/Carrer-nova-zona-de-jocs-infantils-Mont-roig-500x375.jpg 500w, https:\/\/mont-roig.cat\/wp-content\/uploads\/Carrer-nova-zona-de-jocs-infantils-Mont-roig-768x576.jpg 768w, https:\/\/mont-roig.cat\/wp-content\/uploads\/Carrer-nova-zona-de-jocs-infantils-Mont-roig-1024x768.jpg 1024w, https:\/\/mont-roig.cat\/wp-content\/uploads\/Carrer-nova-zona-de-jocs-infantils-Mont-roig-463x348.jpg 463w\" sizes=\"auto, (max-width: 200px) 100vw, 200px\" \/><\/a><p id=\"caption-attachment-34456\" class=\"wp-caption-text\">Se ha pavimentado toda la acera de la escuela Mare de D\u00e9u de la Roca<\/p><\/div>\n<p>&nbsp;<\/p>\n<p>&nbsp;<\/p>\n<p>&nbsp;<\/p>\n<p>&nbsp;<\/p>\n<p>&nbsp;<\/p>\n<p>&nbsp;<\/p>\n<p><strong>Parques infantiles con juegos adaptados<\/strong><\/p>\n<p><span class=\"tlid-translation translation\"><span title=\"\">Tres<\/span> <span title=\"\">de los parques<\/span> <span title=\"\">infantiles<\/span> <span title=\"\">del municipio<\/span> <span title=\"\">cuentan<\/span> <span title=\"\">desde hace unos<\/span> <span title=\"\">meses<\/span> <span title=\"\">con<\/span> <span title=\"\">juegos<\/span> <span title=\"\">adaptados<\/span> <span title=\"\">para ni\u00f1os<\/span> <span title=\"\">con discapacidad<\/span> <span title=\"\">o<\/span> <span title=\"\">movilidad<\/span> <span title=\"\">reducida<\/span><span title=\"\">.<\/span> <span title=\"\">Se trata<\/span> <span title=\"\">de columpios<\/span> <span title=\"\">con<\/span> <span title=\"\">asiento<\/span> <span title=\"\">integral<\/span> <span title=\"\">con<\/span> <span title=\"\">arn\u00e9s<\/span><span title=\"\">,<\/span> <span title=\"\">as\u00ed como<\/span> <span title=\"\">muelles<\/span> <span title=\"\">adaptados<\/span><span title=\"\">.<\/span> <span title=\"\">Tambi\u00e9n se han<\/span> <span title=\"\">adecuado<\/span> <span title=\"\">rampas<\/span> <span title=\"\">de acceso a<\/span> <span class=\"\" title=\"\">estos espacios<\/span><span title=\"\">.<\/span><\/span><\/p>\n<p><span class=\"tlid-translation translation\"><span title=\"\">Los<\/span> <span title=\"\">parques<\/span> <span class=\"\" title=\"\">que disponen de<\/span> <span title=\"\">juegos<\/span> <span title=\"\">adaptados<\/span> <span title=\"\">son: el<\/span> <span title=\"\">parque<\/span> <span title=\"\">infantil<\/span> <span title=\"\">de la playa<\/span> <span title=\"\">Cristal de<\/span> <span title=\"\">Miami<\/span> <span title=\"\">Platja<\/span><span title=\"\">,<\/span> <span title=\"\">el parque<\/span> <span title=\"\">Maria<\/span> <span title=\"\">Martori<\/span> <span title=\"\">y<\/span> <span title=\"\">el parque<\/span> <span class=\"\" title=\"\">de la calle<\/span> <span title=\"\">Agust\u00ed Sard\u00e0<\/span> <span title=\"\">de Mont<\/span><span title=\"\">-roig.<\/span> <span title=\"\">Las actuaciones<\/span> <span title=\"\">tienen el objetivo<\/span> <span title=\"\">de convertir<\/span> <span title=\"\">las \u00e1reas<\/span> <span title=\"\">infantiles<\/span> <span title=\"\">en espacios<\/span> <span title=\"\">inclusivos<\/span><span class=\"\" title=\"\">, accesibles<\/span> <span title=\"\">e integradores<\/span><span title=\"\">,<\/span> <span title=\"\">al alcance<\/span> <span title=\"\">de todos los ni\u00f1os<\/span> <span title=\"\">y ni\u00f1as<\/span><span title=\"\">.<\/span><\/span><\/p>\n<div id=\"attachment_34460\" style=\"width: 210px\" class=\"wp-caption alignleft\"><a href=\"https:\/\/mont-roig.cat\/wp-content\/uploads\/Nova-zona-de-jocs-infantils-Miami_2.jpg\"><img loading=\"lazy\" decoding=\"async\" aria-describedby=\"caption-attachment-34460\" class=\"wp-image-34460\" src=\"https:\/\/mont-roig.cat\/wp-content\/uploads\/Nova-zona-de-jocs-infantils-Miami_2.jpg\" alt=\"\" width=\"200\" height=\"150\" srcset=\"https:\/\/mont-roig.cat\/wp-content\/uploads\/Nova-zona-de-jocs-infantils-Miami_2.jpg 1920w, https:\/\/mont-roig.cat\/wp-content\/uploads\/Nova-zona-de-jocs-infantils-Miami_2-500x375.jpg 500w, https:\/\/mont-roig.cat\/wp-content\/uploads\/Nova-zona-de-jocs-infantils-Miami_2-768x576.jpg 768w, https:\/\/mont-roig.cat\/wp-content\/uploads\/Nova-zona-de-jocs-infantils-Miami_2-1024x768.jpg 1024w, https:\/\/mont-roig.cat\/wp-content\/uploads\/Nova-zona-de-jocs-infantils-Miami_2-463x348.jpg 463w\" sizes=\"auto, (max-width: 200px) 100vw, 200px\" \/><\/a><p id=\"caption-attachment-34460\" class=\"wp-caption-text\">Zona de juegos adaptados del parque infantil en la Platja Cristall<\/p><\/div>\n<div id=\"attachment_34458\" style=\"width: 210px\" class=\"wp-caption alignleft\"><a href=\"https:\/\/mont-roig.cat\/wp-content\/uploads\/Nova-zona-de-jocs-infantils-Miami.jpg\"><img loading=\"lazy\" decoding=\"async\" aria-describedby=\"caption-attachment-34458\" class=\"wp-image-34458\" src=\"https:\/\/mont-roig.cat\/wp-content\/uploads\/Nova-zona-de-jocs-infantils-Miami.jpg\" alt=\"\" width=\"200\" height=\"150\" srcset=\"https:\/\/mont-roig.cat\/wp-content\/uploads\/Nova-zona-de-jocs-infantils-Miami.jpg 1920w, https:\/\/mont-roig.cat\/wp-content\/uploads\/Nova-zona-de-jocs-infantils-Miami-500x375.jpg 500w, https:\/\/mont-roig.cat\/wp-content\/uploads\/Nova-zona-de-jocs-infantils-Miami-768x576.jpg 768w, https:\/\/mont-roig.cat\/wp-content\/uploads\/Nova-zona-de-jocs-infantils-Miami-1024x768.jpg 1024w, https:\/\/mont-roig.cat\/wp-content\/uploads\/Nova-zona-de-jocs-infantils-Miami-463x348.jpg 463w\" sizes=\"auto, (max-width: 200px) 100vw, 200px\" \/><\/a><p id=\"caption-attachment-34458\" class=\"wp-caption-text\">Los nuevos elementos permiten que todos los ni\u00f1os y ni\u00f1as puedan disfrutar de este espacio<\/p><\/div>\n<p>&nbsp;<\/p>\n","protected":false},"excerpt":{"rendered":"<p>El espacio se ha arreglado mediante la pavimentaci\u00f3n de la acera y la instalaci\u00f3n de mobiliario urbano, entre otras actuaciones Tres \u00e1reas infantiles del municipio disponen de juegos accesibles y adaptados Mont&#8211;roig del Camp cuenta, desde hace unos d\u00edas, con una nueva zona de juegos infantiles ubicada en la carretera de Colldejou, junto a la [&hellip;]<\/p>\n","protected":false},"author":4,"featured_media":34450,"comment_status":"closed","ping_status":"closed","sticky":false,"template":"","format":"standard","meta":{"inline_featured_image":false,"_monsterinsights_skip_tracking":false,"_monsterinsights_sitenote_active":false,"_monsterinsights_sitenote_note":"","_monsterinsights_sitenote_category":0,"footnotes":""},"categories":[116],"tags":[],"class_list":["post-34467","post","type-post","status-publish","format-standard","has-post-thumbnail","hentry","category-urbanismo-y-obras"],"yoast_head":"<!-- This site is optimized with the Yoast SEO plugin v27.4 - https:\/\/yoast.com\/product\/yoast-seo-wordpress\/ -->\n<title>Mont-roig estrena nueva zona de juegos infantiles junto a la escuela Mare de D\u00e9u de la Roca - Ajuntament de Mont-roig del Camp<\/title>\n<meta name=\"robots\" content=\"index, follow, max-snippet:-1, max-image-preview:large, max-video-preview:-1\" \/>\n<link rel=\"canonical\" href=\"https:\/\/mont-roig.cat\/es\/actualitat\/noticies\/mont-roig-estrena-nueva-zona-de-juegos-infantiles-junto-a-la-escuela-mare-de-deu-de-la-roca\/\" \/>\n<meta property=\"og:locale\" content=\"es_ES\" \/>\n<meta property=\"og:type\" content=\"article\" \/>\n<meta property=\"og:title\" content=\"Mont-roig estrena nueva zona de juegos infantiles junto a la escuela Mare de D\u00e9u de la Roca - Ajuntament de Mont-roig del Camp\" \/>\n<meta property=\"og:description\" content=\"El espacio se ha arreglado mediante la pavimentaci\u00f3n de la acera y la instalaci\u00f3n de mobiliario urbano, entre otras actuaciones Tres \u00e1reas infantiles del municipio disponen de juegos accesibles y adaptados Mont&#8211;roig del Camp cuenta, desde hace unos d\u00edas, con una nueva zona de juegos infantiles ubicada en la carretera de Colldejou, junto a la [&hellip;]\" \/>\n<meta property=\"og:url\" content=\"https:\/\/mont-roig.cat\/es\/actualitat\/noticies\/mont-roig-estrena-nueva-zona-de-juegos-infantiles-junto-a-la-escuela-mare-de-deu-de-la-roca\/\" \/>\n<meta property=\"og:site_name\" content=\"Ajuntament de Mont-roig del Camp\" \/>\n<meta property=\"article:published_time\" content=\"2019-02-20T12:35:28+00:00\" \/>\n<meta property=\"article:modified_time\" content=\"2019-02-20T12:40:47+00:00\" \/>\n<meta property=\"og:image\" content=\"https:\/\/mont-roig.cat\/wp-content\/uploads\/Nova-zona-de-jocs-infantils-de-Mont-roig.jpg\" \/>\n\t<meta property=\"og:image:width\" content=\"1600\" \/>\n\t<meta property=\"og:image:height\" content=\"1200\" \/>\n\t<meta property=\"og:image:type\" content=\"image\/jpeg\" \/>\n<meta name=\"author\" content=\"administrador\" \/>\n<meta name=\"twitter:card\" content=\"summary_large_image\" \/>\n<meta name=\"twitter:label1\" content=\"Escrito por\" \/>\n\t<meta name=\"twitter:data1\" content=\"administrador\" \/>\n\t<meta name=\"twitter:label2\" content=\"Tiempo de lectura\" \/>\n\t<meta name=\"twitter:data2\" content=\"2 minutos\" \/>\n<script type=\"application\/ld+json\" class=\"yoast-schema-graph\">{\"@context\":\"https:\\\/\\\/schema.org\",\"@graph\":[{\"@type\":\"Article\",\"@id\":\"https:\\\/\\\/mont-roig.cat\\\/es\\\/actualitat\\\/noticies\\\/mont-roig-estrena-nueva-zona-de-juegos-infantiles-junto-a-la-escuela-mare-de-deu-de-la-roca\\\/#article\",\"isPartOf\":{\"@id\":\"https:\\\/\\\/mont-roig.cat\\\/es\\\/actualitat\\\/noticies\\\/mont-roig-estrena-nueva-zona-de-juegos-infantiles-junto-a-la-escuela-mare-de-deu-de-la-roca\\\/\"},\"author\":{\"name\":\"administrador\",\"@id\":\"https:\\\/\\\/mont-roig.cat\\\/es\\\/#\\\/schema\\\/person\\\/f2b111789f22b7d0c3bd6786c9128cba\"},\"headline\":\"Mont-roig estrena nueva zona de juegos infantiles junto a la escuela Mare de D\u00e9u de la Roca\",\"datePublished\":\"2019-02-20T12:35:28+00:00\",\"dateModified\":\"2019-02-20T12:40:47+00:00\",\"mainEntityOfPage\":{\"@id\":\"https:\\\/\\\/mont-roig.cat\\\/es\\\/actualitat\\\/noticies\\\/mont-roig-estrena-nueva-zona-de-juegos-infantiles-junto-a-la-escuela-mare-de-deu-de-la-roca\\\/\"},\"wordCount\":440,\"image\":{\"@id\":\"https:\\\/\\\/mont-roig.cat\\\/es\\\/actualitat\\\/noticies\\\/mont-roig-estrena-nueva-zona-de-juegos-infantiles-junto-a-la-escuela-mare-de-deu-de-la-roca\\\/#primaryimage\"},\"thumbnailUrl\":\"https:\\\/\\\/mont-roig.cat\\\/wp-content\\\/uploads\\\/Nova-zona-de-jocs-infantils-de-Mont-roig.jpg\",\"articleSection\":[\"Urbanismo y obras\"],\"inLanguage\":\"es\"},{\"@type\":\"WebPage\",\"@id\":\"https:\\\/\\\/mont-roig.cat\\\/es\\\/actualitat\\\/noticies\\\/mont-roig-estrena-nueva-zona-de-juegos-infantiles-junto-a-la-escuela-mare-de-deu-de-la-roca\\\/\",\"url\":\"https:\\\/\\\/mont-roig.cat\\\/es\\\/actualitat\\\/noticies\\\/mont-roig-estrena-nueva-zona-de-juegos-infantiles-junto-a-la-escuela-mare-de-deu-de-la-roca\\\/\",\"name\":\"Mont-roig estrena nueva zona de juegos infantiles junto a la escuela Mare de D\u00e9u de la Roca - Ajuntament de Mont-roig del Camp\",\"isPartOf\":{\"@id\":\"https:\\\/\\\/mont-roig.cat\\\/es\\\/#website\"},\"primaryImageOfPage\":{\"@id\":\"https:\\\/\\\/mont-roig.cat\\\/es\\\/actualitat\\\/noticies\\\/mont-roig-estrena-nueva-zona-de-juegos-infantiles-junto-a-la-escuela-mare-de-deu-de-la-roca\\\/#primaryimage\"},\"image\":{\"@id\":\"https:\\\/\\\/mont-roig.cat\\\/es\\\/actualitat\\\/noticies\\\/mont-roig-estrena-nueva-zona-de-juegos-infantiles-junto-a-la-escuela-mare-de-deu-de-la-roca\\\/#primaryimage\"},\"thumbnailUrl\":\"https:\\\/\\\/mont-roig.cat\\\/wp-content\\\/uploads\\\/Nova-zona-de-jocs-infantils-de-Mont-roig.jpg\",\"datePublished\":\"2019-02-20T12:35:28+00:00\",\"dateModified\":\"2019-02-20T12:40:47+00:00\",\"author\":{\"@id\":\"https:\\\/\\\/mont-roig.cat\\\/es\\\/#\\\/schema\\\/person\\\/f2b111789f22b7d0c3bd6786c9128cba\"},\"breadcrumb\":{\"@id\":\"https:\\\/\\\/mont-roig.cat\\\/es\\\/actualitat\\\/noticies\\\/mont-roig-estrena-nueva-zona-de-juegos-infantiles-junto-a-la-escuela-mare-de-deu-de-la-roca\\\/#breadcrumb\"},\"inLanguage\":\"es\",\"potentialAction\":[{\"@type\":\"ReadAction\",\"target\":[\"https:\\\/\\\/mont-roig.cat\\\/es\\\/actualitat\\\/noticies\\\/mont-roig-estrena-nueva-zona-de-juegos-infantiles-junto-a-la-escuela-mare-de-deu-de-la-roca\\\/\"]}]},{\"@type\":\"ImageObject\",\"inLanguage\":\"es\",\"@id\":\"https:\\\/\\\/mont-roig.cat\\\/es\\\/actualitat\\\/noticies\\\/mont-roig-estrena-nueva-zona-de-juegos-infantiles-junto-a-la-escuela-mare-de-deu-de-la-roca\\\/#primaryimage\",\"url\":\"https:\\\/\\\/mont-roig.cat\\\/wp-content\\\/uploads\\\/Nova-zona-de-jocs-infantils-de-Mont-roig.jpg\",\"contentUrl\":\"https:\\\/\\\/mont-roig.cat\\\/wp-content\\\/uploads\\\/Nova-zona-de-jocs-infantils-de-Mont-roig.jpg\",\"width\":1600,\"height\":1200},{\"@type\":\"BreadcrumbList\",\"@id\":\"https:\\\/\\\/mont-roig.cat\\\/es\\\/actualitat\\\/noticies\\\/mont-roig-estrena-nueva-zona-de-juegos-infantiles-junto-a-la-escuela-mare-de-deu-de-la-roca\\\/#breadcrumb\",\"itemListElement\":[{\"@type\":\"ListItem\",\"position\":1,\"name\":\"Inici\",\"item\":\"https:\\\/\\\/mont-roig.cat\\\/es\\\/pagina-de-inicio\\\/\"},{\"@type\":\"ListItem\",\"position\":2,\"name\":\"Mont-roig estrena nueva zona de juegos infantiles junto a la escuela Mare de D\u00e9u de la Roca\"}]},{\"@type\":\"WebSite\",\"@id\":\"https:\\\/\\\/mont-roig.cat\\\/es\\\/#website\",\"url\":\"https:\\\/\\\/mont-roig.cat\\\/es\\\/\",\"name\":\"Ajuntament de Mont-roig del Camp\",\"description\":\"Tota la informaci\u00f3 sobre la instituci\u00f3, els seus \u00f2rgans de govern, actualitat, serveis i molt m\u00e9s.\",\"potentialAction\":[{\"@type\":\"SearchAction\",\"target\":{\"@type\":\"EntryPoint\",\"urlTemplate\":\"https:\\\/\\\/mont-roig.cat\\\/es\\\/?s={search_term_string}\"},\"query-input\":{\"@type\":\"PropertyValueSpecification\",\"valueRequired\":true,\"valueName\":\"search_term_string\"}}],\"inLanguage\":\"es\"},{\"@type\":\"Person\",\"@id\":\"https:\\\/\\\/mont-roig.cat\\\/es\\\/#\\\/schema\\\/person\\\/f2b111789f22b7d0c3bd6786c9128cba\",\"name\":\"administrador\",\"image\":{\"@type\":\"ImageObject\",\"inLanguage\":\"es\",\"@id\":\"https:\\\/\\\/secure.gravatar.com\\\/avatar\\\/9137aac6891e2595c9d3036fd83bcb653b4db3c946db4c7d9b9be193c3c944bb?s=96&d=mm&r=g\",\"url\":\"https:\\\/\\\/secure.gravatar.com\\\/avatar\\\/9137aac6891e2595c9d3036fd83bcb653b4db3c946db4c7d9b9be193c3c944bb?s=96&d=mm&r=g\",\"contentUrl\":\"https:\\\/\\\/secure.gravatar.com\\\/avatar\\\/9137aac6891e2595c9d3036fd83bcb653b4db3c946db4c7d9b9be193c3c944bb?s=96&d=mm&r=g\",\"caption\":\"administrador\"},\"url\":\"https:\\\/\\\/mont-roig.cat\\\/es\\\/actualitat\\\/noticies\\\/author\\\/administrador\\\/\"}]}<\/script>\n<!-- \/ Yoast SEO plugin. -->","yoast_head_json":{"title":"Mont-roig estrena nueva zona de juegos infantiles junto a la escuela Mare de D\u00e9u de la Roca - Ajuntament de Mont-roig del Camp","robots":{"index":"index","follow":"follow","max-snippet":"max-snippet:-1","max-image-preview":"max-image-preview:large","max-video-preview":"max-video-preview:-1"},"canonical":"https:\/\/mont-roig.cat\/es\/actualitat\/noticies\/mont-roig-estrena-nueva-zona-de-juegos-infantiles-junto-a-la-escuela-mare-de-deu-de-la-roca\/","og_locale":"es_ES","og_type":"article","og_title":"Mont-roig estrena nueva zona de juegos infantiles junto a la escuela Mare de D\u00e9u de la Roca - Ajuntament de Mont-roig del Camp","og_description":"El espacio se ha arreglado mediante la pavimentaci\u00f3n de la acera y la instalaci\u00f3n de mobiliario urbano, entre otras actuaciones Tres \u00e1reas infantiles del municipio disponen de juegos accesibles y adaptados Mont&#8211;roig del Camp cuenta, desde hace unos d\u00edas, con una nueva zona de juegos infantiles ubicada en la carretera de Colldejou, junto a la [&hellip;]","og_url":"https:\/\/mont-roig.cat\/es\/actualitat\/noticies\/mont-roig-estrena-nueva-zona-de-juegos-infantiles-junto-a-la-escuela-mare-de-deu-de-la-roca\/","og_site_name":"Ajuntament de Mont-roig del Camp","article_published_time":"2019-02-20T12:35:28+00:00","article_modified_time":"2019-02-20T12:40:47+00:00","og_image":[{"width":1600,"height":1200,"url":"https:\/\/mont-roig.cat\/wp-content\/uploads\/Nova-zona-de-jocs-infantils-de-Mont-roig.jpg","type":"image\/jpeg"}],"author":"administrador","twitter_card":"summary_large_image","twitter_misc":{"Escrito por":"administrador","Tiempo de lectura":"2 minutos"},"schema":{"@context":"https:\/\/schema.org","@graph":[{"@type":"Article","@id":"https:\/\/mont-roig.cat\/es\/actualitat\/noticies\/mont-roig-estrena-nueva-zona-de-juegos-infantiles-junto-a-la-escuela-mare-de-deu-de-la-roca\/#article","isPartOf":{"@id":"https:\/\/mont-roig.cat\/es\/actualitat\/noticies\/mont-roig-estrena-nueva-zona-de-juegos-infantiles-junto-a-la-escuela-mare-de-deu-de-la-roca\/"},"author":{"name":"administrador","@id":"https:\/\/mont-roig.cat\/es\/#\/schema\/person\/f2b111789f22b7d0c3bd6786c9128cba"},"headline":"Mont-roig estrena nueva zona de juegos infantiles junto a la escuela Mare de D\u00e9u de la Roca","datePublished":"2019-02-20T12:35:28+00:00","dateModified":"2019-02-20T12:40:47+00:00","mainEntityOfPage":{"@id":"https:\/\/mont-roig.cat\/es\/actualitat\/noticies\/mont-roig-estrena-nueva-zona-de-juegos-infantiles-junto-a-la-escuela-mare-de-deu-de-la-roca\/"},"wordCount":440,"image":{"@id":"https:\/\/mont-roig.cat\/es\/actualitat\/noticies\/mont-roig-estrena-nueva-zona-de-juegos-infantiles-junto-a-la-escuela-mare-de-deu-de-la-roca\/#primaryimage"},"thumbnailUrl":"https:\/\/mont-roig.cat\/wp-content\/uploads\/Nova-zona-de-jocs-infantils-de-Mont-roig.jpg","articleSection":["Urbanismo y obras"],"inLanguage":"es"},{"@type":"WebPage","@id":"https:\/\/mont-roig.cat\/es\/actualitat\/noticies\/mont-roig-estrena-nueva-zona-de-juegos-infantiles-junto-a-la-escuela-mare-de-deu-de-la-roca\/","url":"https:\/\/mont-roig.cat\/es\/actualitat\/noticies\/mont-roig-estrena-nueva-zona-de-juegos-infantiles-junto-a-la-escuela-mare-de-deu-de-la-roca\/","name":"Mont-roig estrena nueva zona de juegos infantiles junto a la escuela Mare de D\u00e9u de la Roca - Ajuntament de Mont-roig del Camp","isPartOf":{"@id":"https:\/\/mont-roig.cat\/es\/#website"},"primaryImageOfPage":{"@id":"https:\/\/mont-roig.cat\/es\/actualitat\/noticies\/mont-roig-estrena-nueva-zona-de-juegos-infantiles-junto-a-la-escuela-mare-de-deu-de-la-roca\/#primaryimage"},"image":{"@id":"https:\/\/mont-roig.cat\/es\/actualitat\/noticies\/mont-roig-estrena-nueva-zona-de-juegos-infantiles-junto-a-la-escuela-mare-de-deu-de-la-roca\/#primaryimage"},"thumbnailUrl":"https:\/\/mont-roig.cat\/wp-content\/uploads\/Nova-zona-de-jocs-infantils-de-Mont-roig.jpg","datePublished":"2019-02-20T12:35:28+00:00","dateModified":"2019-02-20T12:40:47+00:00","author":{"@id":"https:\/\/mont-roig.cat\/es\/#\/schema\/person\/f2b111789f22b7d0c3bd6786c9128cba"},"breadcrumb":{"@id":"https:\/\/mont-roig.cat\/es\/actualitat\/noticies\/mont-roig-estrena-nueva-zona-de-juegos-infantiles-junto-a-la-escuela-mare-de-deu-de-la-roca\/#breadcrumb"},"inLanguage":"es","potentialAction":[{"@type":"ReadAction","target":["https:\/\/mont-roig.cat\/es\/actualitat\/noticies\/mont-roig-estrena-nueva-zona-de-juegos-infantiles-junto-a-la-escuela-mare-de-deu-de-la-roca\/"]}]},{"@type":"ImageObject","inLanguage":"es","@id":"https:\/\/mont-roig.cat\/es\/actualitat\/noticies\/mont-roig-estrena-nueva-zona-de-juegos-infantiles-junto-a-la-escuela-mare-de-deu-de-la-roca\/#primaryimage","url":"https:\/\/mont-roig.cat\/wp-content\/uploads\/Nova-zona-de-jocs-infantils-de-Mont-roig.jpg","contentUrl":"https:\/\/mont-roig.cat\/wp-content\/uploads\/Nova-zona-de-jocs-infantils-de-Mont-roig.jpg","width":1600,"height":1200},{"@type":"BreadcrumbList","@id":"https:\/\/mont-roig.cat\/es\/actualitat\/noticies\/mont-roig-estrena-nueva-zona-de-juegos-infantiles-junto-a-la-escuela-mare-de-deu-de-la-roca\/#breadcrumb","itemListElement":[{"@type":"ListItem","position":1,"name":"Inici","item":"https:\/\/mont-roig.cat\/es\/pagina-de-inicio\/"},{"@type":"ListItem","position":2,"name":"Mont-roig estrena nueva zona de juegos infantiles junto a la escuela Mare de D\u00e9u de la Roca"}]},{"@type":"WebSite","@id":"https:\/\/mont-roig.cat\/es\/#website","url":"https:\/\/mont-roig.cat\/es\/","name":"Ajuntament de Mont-roig del Camp","description":"Tota la informaci\u00f3 sobre la instituci\u00f3, els seus \u00f2rgans de govern, actualitat, serveis i molt m\u00e9s.","potentialAction":[{"@type":"SearchAction","target":{"@type":"EntryPoint","urlTemplate":"https:\/\/mont-roig.cat\/es\/?s={search_term_string}"},"query-input":{"@type":"PropertyValueSpecification","valueRequired":true,"valueName":"search_term_string"}}],"inLanguage":"es"},{"@type":"Person","@id":"https:\/\/mont-roig.cat\/es\/#\/schema\/person\/f2b111789f22b7d0c3bd6786c9128cba","name":"administrador","image":{"@type":"ImageObject","inLanguage":"es","@id":"https:\/\/secure.gravatar.com\/avatar\/9137aac6891e2595c9d3036fd83bcb653b4db3c946db4c7d9b9be193c3c944bb?s=96&d=mm&r=g","url":"https:\/\/secure.gravatar.com\/avatar\/9137aac6891e2595c9d3036fd83bcb653b4db3c946db4c7d9b9be193c3c944bb?s=96&d=mm&r=g","contentUrl":"https:\/\/secure.gravatar.com\/avatar\/9137aac6891e2595c9d3036fd83bcb653b4db3c946db4c7d9b9be193c3c944bb?s=96&d=mm&r=g","caption":"administrador"},"url":"https:\/\/mont-roig.cat\/es\/actualitat\/noticies\/author\/administrador\/"}]}},"_links":{"self":[{"href":"https:\/\/mont-roig.cat\/es\/wp-json\/wp\/v2\/posts\/34467","targetHints":{"allow":["GET"]}}],"collection":[{"href":"https:\/\/mont-roig.cat\/es\/wp-json\/wp\/v2\/posts"}],"about":[{"href":"https:\/\/mont-roig.cat\/es\/wp-json\/wp\/v2\/types\/post"}],"author":[{"embeddable":true,"href":"https:\/\/mont-roig.cat\/es\/wp-json\/wp\/v2\/users\/4"}],"replies":[{"embeddable":true,"href":"https:\/\/mont-roig.cat\/es\/wp-json\/wp\/v2\/comments?post=34467"}],"version-history":[{"count":4,"href":"https:\/\/mont-roig.cat\/es\/wp-json\/wp\/v2\/posts\/34467\/revisions"}],"predecessor-version":[{"id":34474,"href":"https:\/\/mont-roig.cat\/es\/wp-json\/wp\/v2\/posts\/34467\/revisions\/34474"}],"wp:featuredmedia":[{"embeddable":true,"href":"https:\/\/mont-roig.cat\/es\/wp-json\/wp\/v2\/media\/34450"}],"wp:attachment":[{"href":"https:\/\/mont-roig.cat\/es\/wp-json\/wp\/v2\/media?parent=34467"}],"wp:term":[{"taxonomy":"category","embeddable":true,"href":"https:\/\/mont-roig.cat\/es\/wp-json\/wp\/v2\/categories?post=34467"},{"taxonomy":"post_tag","embeddable":true,"href":"https:\/\/mont-roig.cat\/es\/wp-json\/wp\/v2\/tags?post=34467"}],"curies":[{"name":"wp","href":"https:\/\/api.w.org\/{rel}","templated":true}]}}