{"id":35157,"date":"2019-03-26T14:51:12","date_gmt":"2019-03-26T13:51:12","guid":{"rendered":"https:\/\/mont-roig.cat\/?p=35157"},"modified":"2019-03-26T14:51:12","modified_gmt":"2019-03-26T13:51:12","slug":"el-ayuntamiento-se-suma-este-sabado-a-la-iniciativa-la-hora-del-planeta-contra-el-calentamiento-global","status":"publish","type":"post","link":"https:\/\/mont-roig.cat\/es\/actualitat\/noticies\/el-ayuntamiento-se-suma-este-sabado-a-la-iniciativa-la-hora-del-planeta-contra-el-calentamiento-global\/","title":{"rendered":"El Ayuntamiento se suma este s\u00e1bado a la iniciativa la Hora del Planeta, contra el calentamiento global"},"content":{"rendered":"<ul>\n<li><strong><a href=\"https:\/\/mont-roig.cat\/wp-content\/uploads\/Cartel_HP-2019.jpg\"><img loading=\"lazy\" decoding=\"async\" class=\"wp-image-35155 alignright\" src=\"https:\/\/mont-roig.cat\/wp-content\/uploads\/Cartel_HP-2019.jpg\" alt=\"\" width=\"250\" height=\"354\" srcset=\"https:\/\/mont-roig.cat\/wp-content\/uploads\/Cartel_HP-2019.jpg 1123w, https:\/\/mont-roig.cat\/wp-content\/uploads\/Cartel_HP-2019-354x500.jpg 354w, https:\/\/mont-roig.cat\/wp-content\/uploads\/Cartel_HP-2019-768x1086.jpg 768w, https:\/\/mont-roig.cat\/wp-content\/uploads\/Cartel_HP-2019-724x1024.jpg 724w\" sizes=\"auto, (max-width: 250px) 100vw, 250px\" \/><\/a>Del mismo modo que en ediciones anteriores, este s\u00e1bado 30 de marzo apagar\u00e1 la iluminaci\u00f3n durante una hora de algunos de los edificios y puntos singulares del municipio en el marco de esta campa\u00f1a mundial de sensibilizaci\u00f3n ambiental<\/strong><\/li>\n<\/ul>\n<p>El Ayuntamiento de Mont-roig del Camp se ha vuelto a adherir este 2019 a la iniciativa mundial de la Hora del Planeta y apagar\u00e1 este s\u00e1bado 30 de marzo, de 20.30 a 21.30 h la iluminaci\u00f3n de varios puntos singulares del municipio. Se trata de la Iglesia de Sant Miquel Arc\u00e0ngel, el campanario de la Esgl\u00e9sia Vella, la Ermita de la Mare de D\u00e9u de la Roca, el Torre\u00f3n de Miami Platja y las letras de la rotonda de la urbanizaci\u00f3n Costa Z\u00e8fir.<\/p>\n<p>La Hora del Planeta, promovida por el Fondo Mundial para la Naturaleza (WWF), naci\u00f3 hace m\u00e1s de una d\u00e9cada en Sydney como gesto simb\u00f3lico para llamar la atenci\u00f3n sobre el problema del cambio clim\u00e1tico y hoy ya suma a millones de personas en todo el mundo.<\/p>\n<p>El a\u00f1o pasado participaron miles de ciudades de 188 pa\u00edses del mundo que apagaron m\u00e1s de 12.000 monumentos y edificios ic\u00f3nicos.<\/p>\n<p>Desde WWF, recalcan que la Hora del Planeta es mucho m\u00e1s que un apag\u00f3n de un d\u00eda, es un s\u00edmbolo que quiere expandir su mensaje todo el a\u00f1o. Adem\u00e1s, animan a toda la ciudadan\u00eda a sumarse a otros retos que contribuyen a conservar el medio ambiente: #RetoD\u00edaSinPl\u00e1stico, #RetoD\u00edaSinCarne, #RetoD\u00edaSinEmisiones. M\u00e1s informaci\u00f3n:\u00a0<a href=\"https:\/\/www.horadelplaneta.es\/retos\/\">https:\/\/www.horadelplaneta.es\/retos\/<\/a><\/p>\n","protected":false},"excerpt":{"rendered":"<p>Del mismo modo que en ediciones anteriores, este s\u00e1bado 30 de marzo apagar\u00e1 la iluminaci\u00f3n durante una hora de algunos de los edificios y puntos singulares del municipio en el marco de esta campa\u00f1a mundial de sensibilizaci\u00f3n ambiental El Ayuntamiento de Mont-roig del Camp se ha vuelto a adherir este 2019 a la iniciativa mundial [&hellip;]<\/p>\n","protected":false},"author":4,"featured_media":35155,"comment_status":"closed","ping_status":"closed","sticky":false,"template":"","format":"standard","meta":{"inline_featured_image":false,"_monsterinsights_skip_tracking":false,"_monsterinsights_sitenote_active":false,"_monsterinsights_sitenote_note":"","_monsterinsights_sitenote_category":0,"footnotes":""},"categories":[107],"tags":[],"class_list":["post-35157","post","type-post","status-publish","format-standard","has-post-thumbnail","hentry","category-medio-ambiente"],"yoast_head":"<!-- This site is optimized with the Yoast SEO plugin v27.4 - https:\/\/yoast.com\/product\/yoast-seo-wordpress\/ -->\n<title>El Ayuntamiento se suma este s\u00e1bado a la iniciativa la Hora del Planeta, contra el calentamiento global - Ajuntament de Mont-roig del Camp<\/title>\n<meta name=\"robots\" content=\"index, follow, max-snippet:-1, max-image-preview:large, max-video-preview:-1\" \/>\n<link rel=\"canonical\" href=\"https:\/\/mont-roig.cat\/es\/actualitat\/noticies\/el-ayuntamiento-se-suma-este-sabado-a-la-iniciativa-la-hora-del-planeta-contra-el-calentamiento-global\/\" \/>\n<meta property=\"og:locale\" content=\"es_ES\" \/>\n<meta property=\"og:type\" content=\"article\" \/>\n<meta property=\"og:title\" content=\"El Ayuntamiento se suma este s\u00e1bado a la iniciativa la Hora del Planeta, contra el calentamiento global - Ajuntament de Mont-roig del Camp\" \/>\n<meta property=\"og:description\" content=\"Del mismo modo que en ediciones anteriores, este s\u00e1bado 30 de marzo apagar\u00e1 la iluminaci\u00f3n durante una hora de algunos de los edificios y puntos singulares del municipio en el marco de esta campa\u00f1a mundial de sensibilizaci\u00f3n ambiental El Ayuntamiento de Mont-roig del Camp se ha vuelto a adherir este 2019 a la iniciativa mundial [&hellip;]\" \/>\n<meta property=\"og:url\" content=\"https:\/\/mont-roig.cat\/es\/actualitat\/noticies\/el-ayuntamiento-se-suma-este-sabado-a-la-iniciativa-la-hora-del-planeta-contra-el-calentamiento-global\/\" \/>\n<meta property=\"og:site_name\" content=\"Ajuntament de Mont-roig del Camp\" \/>\n<meta property=\"article:published_time\" content=\"2019-03-26T13:51:12+00:00\" \/>\n<meta property=\"og:image\" content=\"https:\/\/mont-roig.cat\/wp-content\/uploads\/Cartel_HP-2019.jpg\" \/>\n\t<meta property=\"og:image:width\" content=\"1123\" \/>\n\t<meta property=\"og:image:height\" content=\"1588\" \/>\n\t<meta property=\"og:image:type\" content=\"image\/jpeg\" \/>\n<meta name=\"author\" content=\"administrador\" \/>\n<meta name=\"twitter:card\" content=\"summary_large_image\" \/>\n<meta name=\"twitter:label1\" content=\"Escrito por\" \/>\n\t<meta name=\"twitter:data1\" content=\"administrador\" \/>\n\t<meta name=\"twitter:label2\" content=\"Tiempo de lectura\" \/>\n\t<meta name=\"twitter:data2\" content=\"1 minuto\" \/>\n<script type=\"application\/ld+json\" class=\"yoast-schema-graph\">{\"@context\":\"https:\\\/\\\/schema.org\",\"@graph\":[{\"@type\":\"Article\",\"@id\":\"https:\\\/\\\/mont-roig.cat\\\/es\\\/actualitat\\\/noticies\\\/el-ayuntamiento-se-suma-este-sabado-a-la-iniciativa-la-hora-del-planeta-contra-el-calentamiento-global\\\/#article\",\"isPartOf\":{\"@id\":\"https:\\\/\\\/mont-roig.cat\\\/es\\\/actualitat\\\/noticies\\\/el-ayuntamiento-se-suma-este-sabado-a-la-iniciativa-la-hora-del-planeta-contra-el-calentamiento-global\\\/\"},\"author\":{\"name\":\"administrador\",\"@id\":\"https:\\\/\\\/mont-roig.cat\\\/es\\\/#\\\/schema\\\/person\\\/f2b111789f22b7d0c3bd6786c9128cba\"},\"headline\":\"El Ayuntamiento se suma este s\u00e1bado a la iniciativa la Hora del Planeta, contra el calentamiento global\",\"datePublished\":\"2019-03-26T13:51:12+00:00\",\"mainEntityOfPage\":{\"@id\":\"https:\\\/\\\/mont-roig.cat\\\/es\\\/actualitat\\\/noticies\\\/el-ayuntamiento-se-suma-este-sabado-a-la-iniciativa-la-hora-del-planeta-contra-el-calentamiento-global\\\/\"},\"wordCount\":289,\"image\":{\"@id\":\"https:\\\/\\\/mont-roig.cat\\\/es\\\/actualitat\\\/noticies\\\/el-ayuntamiento-se-suma-este-sabado-a-la-iniciativa-la-hora-del-planeta-contra-el-calentamiento-global\\\/#primaryimage\"},\"thumbnailUrl\":\"https:\\\/\\\/mont-roig.cat\\\/wp-content\\\/uploads\\\/Cartel_HP-2019.jpg\",\"articleSection\":[\"Medio Ambiente\"],\"inLanguage\":\"es\"},{\"@type\":\"WebPage\",\"@id\":\"https:\\\/\\\/mont-roig.cat\\\/es\\\/actualitat\\\/noticies\\\/el-ayuntamiento-se-suma-este-sabado-a-la-iniciativa-la-hora-del-planeta-contra-el-calentamiento-global\\\/\",\"url\":\"https:\\\/\\\/mont-roig.cat\\\/es\\\/actualitat\\\/noticies\\\/el-ayuntamiento-se-suma-este-sabado-a-la-iniciativa-la-hora-del-planeta-contra-el-calentamiento-global\\\/\",\"name\":\"El Ayuntamiento se suma este s\u00e1bado a la iniciativa la Hora del Planeta, contra el calentamiento global - Ajuntament de Mont-roig del Camp\",\"isPartOf\":{\"@id\":\"https:\\\/\\\/mont-roig.cat\\\/es\\\/#website\"},\"primaryImageOfPage\":{\"@id\":\"https:\\\/\\\/mont-roig.cat\\\/es\\\/actualitat\\\/noticies\\\/el-ayuntamiento-se-suma-este-sabado-a-la-iniciativa-la-hora-del-planeta-contra-el-calentamiento-global\\\/#primaryimage\"},\"image\":{\"@id\":\"https:\\\/\\\/mont-roig.cat\\\/es\\\/actualitat\\\/noticies\\\/el-ayuntamiento-se-suma-este-sabado-a-la-iniciativa-la-hora-del-planeta-contra-el-calentamiento-global\\\/#primaryimage\"},\"thumbnailUrl\":\"https:\\\/\\\/mont-roig.cat\\\/wp-content\\\/uploads\\\/Cartel_HP-2019.jpg\",\"datePublished\":\"2019-03-26T13:51:12+00:00\",\"author\":{\"@id\":\"https:\\\/\\\/mont-roig.cat\\\/es\\\/#\\\/schema\\\/person\\\/f2b111789f22b7d0c3bd6786c9128cba\"},\"breadcrumb\":{\"@id\":\"https:\\\/\\\/mont-roig.cat\\\/es\\\/actualitat\\\/noticies\\\/el-ayuntamiento-se-suma-este-sabado-a-la-iniciativa-la-hora-del-planeta-contra-el-calentamiento-global\\\/#breadcrumb\"},\"inLanguage\":\"es\",\"potentialAction\":[{\"@type\":\"ReadAction\",\"target\":[\"https:\\\/\\\/mont-roig.cat\\\/es\\\/actualitat\\\/noticies\\\/el-ayuntamiento-se-suma-este-sabado-a-la-iniciativa-la-hora-del-planeta-contra-el-calentamiento-global\\\/\"]}]},{\"@type\":\"ImageObject\",\"inLanguage\":\"es\",\"@id\":\"https:\\\/\\\/mont-roig.cat\\\/es\\\/actualitat\\\/noticies\\\/el-ayuntamiento-se-suma-este-sabado-a-la-iniciativa-la-hora-del-planeta-contra-el-calentamiento-global\\\/#primaryimage\",\"url\":\"https:\\\/\\\/mont-roig.cat\\\/wp-content\\\/uploads\\\/Cartel_HP-2019.jpg\",\"contentUrl\":\"https:\\\/\\\/mont-roig.cat\\\/wp-content\\\/uploads\\\/Cartel_HP-2019.jpg\",\"width\":1123,\"height\":1588},{\"@type\":\"BreadcrumbList\",\"@id\":\"https:\\\/\\\/mont-roig.cat\\\/es\\\/actualitat\\\/noticies\\\/el-ayuntamiento-se-suma-este-sabado-a-la-iniciativa-la-hora-del-planeta-contra-el-calentamiento-global\\\/#breadcrumb\",\"itemListElement\":[{\"@type\":\"ListItem\",\"position\":1,\"name\":\"Inici\",\"item\":\"https:\\\/\\\/mont-roig.cat\\\/es\\\/pagina-de-inicio\\\/\"},{\"@type\":\"ListItem\",\"position\":2,\"name\":\"El Ayuntamiento se suma este s\u00e1bado a la iniciativa la Hora del Planeta, contra el calentamiento global\"}]},{\"@type\":\"WebSite\",\"@id\":\"https:\\\/\\\/mont-roig.cat\\\/es\\\/#website\",\"url\":\"https:\\\/\\\/mont-roig.cat\\\/es\\\/\",\"name\":\"Ajuntament de Mont-roig del Camp\",\"description\":\"Tota la informaci\u00f3 sobre la instituci\u00f3, els seus \u00f2rgans de govern, actualitat, serveis i molt m\u00e9s.\",\"potentialAction\":[{\"@type\":\"SearchAction\",\"target\":{\"@type\":\"EntryPoint\",\"urlTemplate\":\"https:\\\/\\\/mont-roig.cat\\\/es\\\/?s={search_term_string}\"},\"query-input\":{\"@type\":\"PropertyValueSpecification\",\"valueRequired\":true,\"valueName\":\"search_term_string\"}}],\"inLanguage\":\"es\"},{\"@type\":\"Person\",\"@id\":\"https:\\\/\\\/mont-roig.cat\\\/es\\\/#\\\/schema\\\/person\\\/f2b111789f22b7d0c3bd6786c9128cba\",\"name\":\"administrador\",\"image\":{\"@type\":\"ImageObject\",\"inLanguage\":\"es\",\"@id\":\"https:\\\/\\\/secure.gravatar.com\\\/avatar\\\/9137aac6891e2595c9d3036fd83bcb653b4db3c946db4c7d9b9be193c3c944bb?s=96&d=mm&r=g\",\"url\":\"https:\\\/\\\/secure.gravatar.com\\\/avatar\\\/9137aac6891e2595c9d3036fd83bcb653b4db3c946db4c7d9b9be193c3c944bb?s=96&d=mm&r=g\",\"contentUrl\":\"https:\\\/\\\/secure.gravatar.com\\\/avatar\\\/9137aac6891e2595c9d3036fd83bcb653b4db3c946db4c7d9b9be193c3c944bb?s=96&d=mm&r=g\",\"caption\":\"administrador\"},\"url\":\"https:\\\/\\\/mont-roig.cat\\\/es\\\/actualitat\\\/noticies\\\/author\\\/administrador\\\/\"}]}<\/script>\n<!-- \/ Yoast SEO plugin. -->","yoast_head_json":{"title":"El Ayuntamiento se suma este s\u00e1bado a la iniciativa la Hora del Planeta, contra el calentamiento global - Ajuntament de Mont-roig del Camp","robots":{"index":"index","follow":"follow","max-snippet":"max-snippet:-1","max-image-preview":"max-image-preview:large","max-video-preview":"max-video-preview:-1"},"canonical":"https:\/\/mont-roig.cat\/es\/actualitat\/noticies\/el-ayuntamiento-se-suma-este-sabado-a-la-iniciativa-la-hora-del-planeta-contra-el-calentamiento-global\/","og_locale":"es_ES","og_type":"article","og_title":"El Ayuntamiento se suma este s\u00e1bado a la iniciativa la Hora del Planeta, contra el calentamiento global - Ajuntament de Mont-roig del Camp","og_description":"Del mismo modo que en ediciones anteriores, este s\u00e1bado 30 de marzo apagar\u00e1 la iluminaci\u00f3n durante una hora de algunos de los edificios y puntos singulares del municipio en el marco de esta campa\u00f1a mundial de sensibilizaci\u00f3n ambiental El Ayuntamiento de Mont-roig del Camp se ha vuelto a adherir este 2019 a la iniciativa mundial [&hellip;]","og_url":"https:\/\/mont-roig.cat\/es\/actualitat\/noticies\/el-ayuntamiento-se-suma-este-sabado-a-la-iniciativa-la-hora-del-planeta-contra-el-calentamiento-global\/","og_site_name":"Ajuntament de Mont-roig del Camp","article_published_time":"2019-03-26T13:51:12+00:00","og_image":[{"width":1123,"height":1588,"url":"https:\/\/mont-roig.cat\/wp-content\/uploads\/Cartel_HP-2019.jpg","type":"image\/jpeg"}],"author":"administrador","twitter_card":"summary_large_image","twitter_misc":{"Escrito por":"administrador","Tiempo de lectura":"1 minuto"},"schema":{"@context":"https:\/\/schema.org","@graph":[{"@type":"Article","@id":"https:\/\/mont-roig.cat\/es\/actualitat\/noticies\/el-ayuntamiento-se-suma-este-sabado-a-la-iniciativa-la-hora-del-planeta-contra-el-calentamiento-global\/#article","isPartOf":{"@id":"https:\/\/mont-roig.cat\/es\/actualitat\/noticies\/el-ayuntamiento-se-suma-este-sabado-a-la-iniciativa-la-hora-del-planeta-contra-el-calentamiento-global\/"},"author":{"name":"administrador","@id":"https:\/\/mont-roig.cat\/es\/#\/schema\/person\/f2b111789f22b7d0c3bd6786c9128cba"},"headline":"El Ayuntamiento se suma este s\u00e1bado a la iniciativa la Hora del Planeta, contra el calentamiento global","datePublished":"2019-03-26T13:51:12+00:00","mainEntityOfPage":{"@id":"https:\/\/mont-roig.cat\/es\/actualitat\/noticies\/el-ayuntamiento-se-suma-este-sabado-a-la-iniciativa-la-hora-del-planeta-contra-el-calentamiento-global\/"},"wordCount":289,"image":{"@id":"https:\/\/mont-roig.cat\/es\/actualitat\/noticies\/el-ayuntamiento-se-suma-este-sabado-a-la-iniciativa-la-hora-del-planeta-contra-el-calentamiento-global\/#primaryimage"},"thumbnailUrl":"https:\/\/mont-roig.cat\/wp-content\/uploads\/Cartel_HP-2019.jpg","articleSection":["Medio Ambiente"],"inLanguage":"es"},{"@type":"WebPage","@id":"https:\/\/mont-roig.cat\/es\/actualitat\/noticies\/el-ayuntamiento-se-suma-este-sabado-a-la-iniciativa-la-hora-del-planeta-contra-el-calentamiento-global\/","url":"https:\/\/mont-roig.cat\/es\/actualitat\/noticies\/el-ayuntamiento-se-suma-este-sabado-a-la-iniciativa-la-hora-del-planeta-contra-el-calentamiento-global\/","name":"El Ayuntamiento se suma este s\u00e1bado a la iniciativa la Hora del Planeta, contra el calentamiento global - Ajuntament de Mont-roig del Camp","isPartOf":{"@id":"https:\/\/mont-roig.cat\/es\/#website"},"primaryImageOfPage":{"@id":"https:\/\/mont-roig.cat\/es\/actualitat\/noticies\/el-ayuntamiento-se-suma-este-sabado-a-la-iniciativa-la-hora-del-planeta-contra-el-calentamiento-global\/#primaryimage"},"image":{"@id":"https:\/\/mont-roig.cat\/es\/actualitat\/noticies\/el-ayuntamiento-se-suma-este-sabado-a-la-iniciativa-la-hora-del-planeta-contra-el-calentamiento-global\/#primaryimage"},"thumbnailUrl":"https:\/\/mont-roig.cat\/wp-content\/uploads\/Cartel_HP-2019.jpg","datePublished":"2019-03-26T13:51:12+00:00","author":{"@id":"https:\/\/mont-roig.cat\/es\/#\/schema\/person\/f2b111789f22b7d0c3bd6786c9128cba"},"breadcrumb":{"@id":"https:\/\/mont-roig.cat\/es\/actualitat\/noticies\/el-ayuntamiento-se-suma-este-sabado-a-la-iniciativa-la-hora-del-planeta-contra-el-calentamiento-global\/#breadcrumb"},"inLanguage":"es","potentialAction":[{"@type":"ReadAction","target":["https:\/\/mont-roig.cat\/es\/actualitat\/noticies\/el-ayuntamiento-se-suma-este-sabado-a-la-iniciativa-la-hora-del-planeta-contra-el-calentamiento-global\/"]}]},{"@type":"ImageObject","inLanguage":"es","@id":"https:\/\/mont-roig.cat\/es\/actualitat\/noticies\/el-ayuntamiento-se-suma-este-sabado-a-la-iniciativa-la-hora-del-planeta-contra-el-calentamiento-global\/#primaryimage","url":"https:\/\/mont-roig.cat\/wp-content\/uploads\/Cartel_HP-2019.jpg","contentUrl":"https:\/\/mont-roig.cat\/wp-content\/uploads\/Cartel_HP-2019.jpg","width":1123,"height":1588},{"@type":"BreadcrumbList","@id":"https:\/\/mont-roig.cat\/es\/actualitat\/noticies\/el-ayuntamiento-se-suma-este-sabado-a-la-iniciativa-la-hora-del-planeta-contra-el-calentamiento-global\/#breadcrumb","itemListElement":[{"@type":"ListItem","position":1,"name":"Inici","item":"https:\/\/mont-roig.cat\/es\/pagina-de-inicio\/"},{"@type":"ListItem","position":2,"name":"El Ayuntamiento se suma este s\u00e1bado a la iniciativa la Hora del Planeta, contra el calentamiento global"}]},{"@type":"WebSite","@id":"https:\/\/mont-roig.cat\/es\/#website","url":"https:\/\/mont-roig.cat\/es\/","name":"Ajuntament de Mont-roig del Camp","description":"Tota la informaci\u00f3 sobre la instituci\u00f3, els seus \u00f2rgans de govern, actualitat, serveis i molt m\u00e9s.","potentialAction":[{"@type":"SearchAction","target":{"@type":"EntryPoint","urlTemplate":"https:\/\/mont-roig.cat\/es\/?s={search_term_string}"},"query-input":{"@type":"PropertyValueSpecification","valueRequired":true,"valueName":"search_term_string"}}],"inLanguage":"es"},{"@type":"Person","@id":"https:\/\/mont-roig.cat\/es\/#\/schema\/person\/f2b111789f22b7d0c3bd6786c9128cba","name":"administrador","image":{"@type":"ImageObject","inLanguage":"es","@id":"https:\/\/secure.gravatar.com\/avatar\/9137aac6891e2595c9d3036fd83bcb653b4db3c946db4c7d9b9be193c3c944bb?s=96&d=mm&r=g","url":"https:\/\/secure.gravatar.com\/avatar\/9137aac6891e2595c9d3036fd83bcb653b4db3c946db4c7d9b9be193c3c944bb?s=96&d=mm&r=g","contentUrl":"https:\/\/secure.gravatar.com\/avatar\/9137aac6891e2595c9d3036fd83bcb653b4db3c946db4c7d9b9be193c3c944bb?s=96&d=mm&r=g","caption":"administrador"},"url":"https:\/\/mont-roig.cat\/es\/actualitat\/noticies\/author\/administrador\/"}]}},"_links":{"self":[{"href":"https:\/\/mont-roig.cat\/es\/wp-json\/wp\/v2\/posts\/35157","targetHints":{"allow":["GET"]}}],"collection":[{"href":"https:\/\/mont-roig.cat\/es\/wp-json\/wp\/v2\/posts"}],"about":[{"href":"https:\/\/mont-roig.cat\/es\/wp-json\/wp\/v2\/types\/post"}],"author":[{"embeddable":true,"href":"https:\/\/mont-roig.cat\/es\/wp-json\/wp\/v2\/users\/4"}],"replies":[{"embeddable":true,"href":"https:\/\/mont-roig.cat\/es\/wp-json\/wp\/v2\/comments?post=35157"}],"version-history":[{"count":2,"href":"https:\/\/mont-roig.cat\/es\/wp-json\/wp\/v2\/posts\/35157\/revisions"}],"predecessor-version":[{"id":35159,"href":"https:\/\/mont-roig.cat\/es\/wp-json\/wp\/v2\/posts\/35157\/revisions\/35159"}],"wp:featuredmedia":[{"embeddable":true,"href":"https:\/\/mont-roig.cat\/es\/wp-json\/wp\/v2\/media\/35155"}],"wp:attachment":[{"href":"https:\/\/mont-roig.cat\/es\/wp-json\/wp\/v2\/media?parent=35157"}],"wp:term":[{"taxonomy":"category","embeddable":true,"href":"https:\/\/mont-roig.cat\/es\/wp-json\/wp\/v2\/categories?post=35157"},{"taxonomy":"post_tag","embeddable":true,"href":"https:\/\/mont-roig.cat\/es\/wp-json\/wp\/v2\/tags?post=35157"}],"curies":[{"name":"wp","href":"https:\/\/api.w.org\/{rel}","templated":true}]}}