{"id":36938,"date":"2019-06-13T10:34:47","date_gmt":"2019-06-13T08:34:47","guid":{"rendered":"https:\/\/mont-roig.cat\/?p=36938"},"modified":"2019-06-13T14:51:11","modified_gmt":"2019-06-13T12:51:11","slug":"las-inscripciones-para-el-transporte-escolar-comienzan-el-lunes-17-de-junio","status":"publish","type":"post","link":"https:\/\/mont-roig.cat\/es\/actualitat\/noticies\/las-inscripciones-para-el-transporte-escolar-comienzan-el-lunes-17-de-junio\/","title":{"rendered":"Las inscripciones para el transporte escolar comienzan el lunes 17 de junio"},"content":{"rendered":"<ul>\n<li><strong>Para presentar las solicitudes es imprescindible pedir hora en el tel\u00e9fono del departamento de Educaci\u00f3n al 977172865 o tambi\u00e9n a trav\u00e9s del\u00a0 <a href=\"https:\/\/citaprevia.mont-roig.cat\/mont-roig\/#nbb\" data-wpel-link=\"external\">sistema de cita previa de las OMAC.\u00a0<\/a><\/strong><\/li>\n<\/ul>\n<div id=\"attachment_36933\" style=\"width: 310px\" class=\"wp-caption alignright\"><a href=\"https:\/\/mont-roig.cat\/wp-content\/uploads\/bus-30603_1280.png\"><img loading=\"lazy\" decoding=\"async\" aria-describedby=\"caption-attachment-36933\" class=\"wp-image-36933\" src=\"https:\/\/mont-roig.cat\/wp-content\/uploads\/bus-30603_1280.png\" alt=\"\" width=\"300\" height=\"169\" \/><\/a><p id=\"caption-attachment-36933\" class=\"wp-caption-text\">El Ayuntamiento y el Consell Comarcal del Baix Camp ofrecen el transporte escolar<\/p><\/div>\n<p>El Ayuntamiento de Mont-roig del Camp y el Consell Comarcal del Baix Camp gestionan el servicio de transporte escolar con el objetivo de facilitar el acceso de los alumnos a los centros p\u00fablicos existentes en el t\u00e9rmino municipal, dadas las especiales caracter\u00edsticas de dispersi\u00f3n de la asentamiento y la trama urbana de la poblaci\u00f3n.<\/p>\n<p>El periodo de inscripciones comienza este lunes 17 de junio y finalizar\u00e1 el d\u00eda 31 de julio. La admisi\u00f3n de usuarios fuera de este periodo, quedar\u00e1 sometida a la disponibilidad de plazas vac\u00edas al servicio de transporte. Para presentar las solicitudes es imprescindible pedir cita previa a trav\u00e9s del tel\u00e9fono del departamento de Educaci\u00f3n (977 172 865) o tambi\u00e9n a trav\u00e9s del <a href=\"https:\/\/citaprevia.mont-roig.cat\/mont-roig\/#nbb\" target=\"_blank\" rel=\"noopener\">sistema de cita previa de las OMAC<\/a>. (Educaci\u00f3n- Inscripci\u00f3n transporte escolar)<\/p>\n<p>Las rutas de transporte escolar destinadas al alumnado matriculado en la Escuela Mare de D\u00e9u de la Roca y el alumnado del Instituto Antoni Ballester que cursa ense\u00f1anzas postobligatorias, las gestiona directamente el Ayuntamiento mediante el servicio de transporte p\u00fablico municipal de viajeros. Por otra parte, las rutas del servicio de transporte escolar destinadas al alumnado matriculado en la Escuela Joan Mir\u00f3, la Escuela Marcel\u00b7l\u00ed Esquius y el alumnado de ESO del Instituto Antoni Ballester las gestiona el Consell Comarcal del Baix Camp.<\/p>\n<p>En el siguiente enlace encontrar\u00e9is especificadas las autorizaciones y la documentaci\u00f3n a aportar seg\u00fan el centro educativo del alumno.<\/p>\n<p><a href=\"https:\/\/mont-roig.cat\/es\/ayuntamiento\/areas\/educacion\/servicio-de-transporte-escolar\/\" data-wpel-link=\"internal\">http:\/\/mont-roig.cat\/lajuntament\/arees\/educacio\/servei-transport-escolar\/<\/a><\/p>\n","protected":false},"excerpt":{"rendered":"<p>Para presentar las solicitudes es imprescindible pedir hora en el tel\u00e9fono del departamento de Educaci\u00f3n al 977172865 o tambi\u00e9n a trav\u00e9s del\u00a0 sistema de cita previa de las OMAC.\u00a0 El Ayuntamiento de Mont-roig del Camp y el Consell Comarcal del Baix Camp gestionan el servicio de transporte escolar con el objetivo de facilitar el acceso [&hellip;]<\/p>\n","protected":false},"author":4,"featured_media":36934,"comment_status":"closed","ping_status":"closed","sticky":false,"template":"","format":"standard","meta":{"inline_featured_image":false,"_monsterinsights_skip_tracking":false,"_monsterinsights_sitenote_active":false,"_monsterinsights_sitenote_note":"","_monsterinsights_sitenote_category":0,"footnotes":""},"categories":[103],"tags":[],"class_list":["post-36938","post","type-post","status-publish","format-standard","has-post-thumbnail","hentry","category-educacion"],"yoast_head":"<!-- This site is optimized with the Yoast SEO plugin v27.4 - https:\/\/yoast.com\/product\/yoast-seo-wordpress\/ -->\n<title>Las inscripciones para el transporte escolar comienzan el lunes 17 de junio - Ajuntament de Mont-roig del Camp<\/title>\n<meta name=\"robots\" content=\"index, follow, max-snippet:-1, max-image-preview:large, max-video-preview:-1\" \/>\n<link rel=\"canonical\" href=\"https:\/\/mont-roig.cat\/es\/actualitat\/noticies\/las-inscripciones-para-el-transporte-escolar-comienzan-el-lunes-17-de-junio\/\" \/>\n<meta property=\"og:locale\" content=\"es_ES\" \/>\n<meta property=\"og:type\" content=\"article\" \/>\n<meta property=\"og:title\" content=\"Las inscripciones para el transporte escolar comienzan el lunes 17 de junio - Ajuntament de Mont-roig del Camp\" \/>\n<meta property=\"og:description\" content=\"Para presentar las solicitudes es imprescindible pedir hora en el tel\u00e9fono del departamento de Educaci\u00f3n al 977172865 o tambi\u00e9n a trav\u00e9s del\u00a0 sistema de cita previa de las OMAC.\u00a0 El Ayuntamiento de Mont-roig del Camp y el Consell Comarcal del Baix Camp gestionan el servicio de transporte escolar con el objetivo de facilitar el acceso [&hellip;]\" \/>\n<meta property=\"og:url\" content=\"https:\/\/mont-roig.cat\/es\/actualitat\/noticies\/las-inscripciones-para-el-transporte-escolar-comienzan-el-lunes-17-de-junio\/\" \/>\n<meta property=\"og:site_name\" content=\"Ajuntament de Mont-roig del Camp\" \/>\n<meta property=\"article:published_time\" content=\"2019-06-13T08:34:47+00:00\" \/>\n<meta property=\"article:modified_time\" content=\"2019-06-13T12:51:11+00:00\" \/>\n<meta property=\"og:image\" content=\"https:\/\/mont-roig.cat\/wp-content\/uploads\/bus-30603_1280.png\" \/>\n\t<meta property=\"og:image:width\" content=\"1280\" \/>\n\t<meta property=\"og:image:height\" content=\"720\" \/>\n\t<meta property=\"og:image:type\" content=\"image\/png\" \/>\n<meta name=\"author\" content=\"administrador\" \/>\n<meta name=\"twitter:card\" content=\"summary_large_image\" \/>\n<meta name=\"twitter:label1\" content=\"Escrito por\" \/>\n\t<meta name=\"twitter:data1\" content=\"administrador\" \/>\n\t<meta name=\"twitter:label2\" content=\"Tiempo de lectura\" \/>\n\t<meta name=\"twitter:data2\" content=\"2 minutos\" \/>\n<script type=\"application\/ld+json\" class=\"yoast-schema-graph\">{\"@context\":\"https:\\\/\\\/schema.org\",\"@graph\":[{\"@type\":\"Article\",\"@id\":\"https:\\\/\\\/mont-roig.cat\\\/es\\\/actualitat\\\/noticies\\\/las-inscripciones-para-el-transporte-escolar-comienzan-el-lunes-17-de-junio\\\/#article\",\"isPartOf\":{\"@id\":\"https:\\\/\\\/mont-roig.cat\\\/es\\\/actualitat\\\/noticies\\\/las-inscripciones-para-el-transporte-escolar-comienzan-el-lunes-17-de-junio\\\/\"},\"author\":{\"name\":\"administrador\",\"@id\":\"https:\\\/\\\/mont-roig.cat\\\/es\\\/#\\\/schema\\\/person\\\/f2b111789f22b7d0c3bd6786c9128cba\"},\"headline\":\"Las inscripciones para el transporte escolar comienzan el lunes 17 de junio\",\"datePublished\":\"2019-06-13T08:34:47+00:00\",\"dateModified\":\"2019-06-13T12:51:11+00:00\",\"mainEntityOfPage\":{\"@id\":\"https:\\\/\\\/mont-roig.cat\\\/es\\\/actualitat\\\/noticies\\\/las-inscripciones-para-el-transporte-escolar-comienzan-el-lunes-17-de-junio\\\/\"},\"wordCount\":316,\"image\":{\"@id\":\"https:\\\/\\\/mont-roig.cat\\\/es\\\/actualitat\\\/noticies\\\/las-inscripciones-para-el-transporte-escolar-comienzan-el-lunes-17-de-junio\\\/#primaryimage\"},\"thumbnailUrl\":\"https:\\\/\\\/mont-roig.cat\\\/wp-content\\\/uploads\\\/bus-30603_1280.png\",\"articleSection\":[\"Educaci\u00f3n\"],\"inLanguage\":\"es\"},{\"@type\":\"WebPage\",\"@id\":\"https:\\\/\\\/mont-roig.cat\\\/es\\\/actualitat\\\/noticies\\\/las-inscripciones-para-el-transporte-escolar-comienzan-el-lunes-17-de-junio\\\/\",\"url\":\"https:\\\/\\\/mont-roig.cat\\\/es\\\/actualitat\\\/noticies\\\/las-inscripciones-para-el-transporte-escolar-comienzan-el-lunes-17-de-junio\\\/\",\"name\":\"Las inscripciones para el transporte escolar comienzan el lunes 17 de junio - Ajuntament de Mont-roig del Camp\",\"isPartOf\":{\"@id\":\"https:\\\/\\\/mont-roig.cat\\\/es\\\/#website\"},\"primaryImageOfPage\":{\"@id\":\"https:\\\/\\\/mont-roig.cat\\\/es\\\/actualitat\\\/noticies\\\/las-inscripciones-para-el-transporte-escolar-comienzan-el-lunes-17-de-junio\\\/#primaryimage\"},\"image\":{\"@id\":\"https:\\\/\\\/mont-roig.cat\\\/es\\\/actualitat\\\/noticies\\\/las-inscripciones-para-el-transporte-escolar-comienzan-el-lunes-17-de-junio\\\/#primaryimage\"},\"thumbnailUrl\":\"https:\\\/\\\/mont-roig.cat\\\/wp-content\\\/uploads\\\/bus-30603_1280.png\",\"datePublished\":\"2019-06-13T08:34:47+00:00\",\"dateModified\":\"2019-06-13T12:51:11+00:00\",\"author\":{\"@id\":\"https:\\\/\\\/mont-roig.cat\\\/es\\\/#\\\/schema\\\/person\\\/f2b111789f22b7d0c3bd6786c9128cba\"},\"breadcrumb\":{\"@id\":\"https:\\\/\\\/mont-roig.cat\\\/es\\\/actualitat\\\/noticies\\\/las-inscripciones-para-el-transporte-escolar-comienzan-el-lunes-17-de-junio\\\/#breadcrumb\"},\"inLanguage\":\"es\",\"potentialAction\":[{\"@type\":\"ReadAction\",\"target\":[\"https:\\\/\\\/mont-roig.cat\\\/es\\\/actualitat\\\/noticies\\\/las-inscripciones-para-el-transporte-escolar-comienzan-el-lunes-17-de-junio\\\/\"]}]},{\"@type\":\"ImageObject\",\"inLanguage\":\"es\",\"@id\":\"https:\\\/\\\/mont-roig.cat\\\/es\\\/actualitat\\\/noticies\\\/las-inscripciones-para-el-transporte-escolar-comienzan-el-lunes-17-de-junio\\\/#primaryimage\",\"url\":\"https:\\\/\\\/mont-roig.cat\\\/wp-content\\\/uploads\\\/bus-30603_1280.png\",\"contentUrl\":\"https:\\\/\\\/mont-roig.cat\\\/wp-content\\\/uploads\\\/bus-30603_1280.png\",\"width\":1280,\"height\":720},{\"@type\":\"BreadcrumbList\",\"@id\":\"https:\\\/\\\/mont-roig.cat\\\/es\\\/actualitat\\\/noticies\\\/las-inscripciones-para-el-transporte-escolar-comienzan-el-lunes-17-de-junio\\\/#breadcrumb\",\"itemListElement\":[{\"@type\":\"ListItem\",\"position\":1,\"name\":\"Inici\",\"item\":\"https:\\\/\\\/mont-roig.cat\\\/es\\\/pagina-de-inicio\\\/\"},{\"@type\":\"ListItem\",\"position\":2,\"name\":\"Las inscripciones para el transporte escolar comienzan el lunes 17 de junio\"}]},{\"@type\":\"WebSite\",\"@id\":\"https:\\\/\\\/mont-roig.cat\\\/es\\\/#website\",\"url\":\"https:\\\/\\\/mont-roig.cat\\\/es\\\/\",\"name\":\"Ajuntament de Mont-roig del Camp\",\"description\":\"Tota la informaci\u00f3 sobre la instituci\u00f3, els seus \u00f2rgans de govern, actualitat, serveis i molt m\u00e9s.\",\"potentialAction\":[{\"@type\":\"SearchAction\",\"target\":{\"@type\":\"EntryPoint\",\"urlTemplate\":\"https:\\\/\\\/mont-roig.cat\\\/es\\\/?s={search_term_string}\"},\"query-input\":{\"@type\":\"PropertyValueSpecification\",\"valueRequired\":true,\"valueName\":\"search_term_string\"}}],\"inLanguage\":\"es\"},{\"@type\":\"Person\",\"@id\":\"https:\\\/\\\/mont-roig.cat\\\/es\\\/#\\\/schema\\\/person\\\/f2b111789f22b7d0c3bd6786c9128cba\",\"name\":\"administrador\",\"image\":{\"@type\":\"ImageObject\",\"inLanguage\":\"es\",\"@id\":\"https:\\\/\\\/secure.gravatar.com\\\/avatar\\\/9137aac6891e2595c9d3036fd83bcb653b4db3c946db4c7d9b9be193c3c944bb?s=96&d=mm&r=g\",\"url\":\"https:\\\/\\\/secure.gravatar.com\\\/avatar\\\/9137aac6891e2595c9d3036fd83bcb653b4db3c946db4c7d9b9be193c3c944bb?s=96&d=mm&r=g\",\"contentUrl\":\"https:\\\/\\\/secure.gravatar.com\\\/avatar\\\/9137aac6891e2595c9d3036fd83bcb653b4db3c946db4c7d9b9be193c3c944bb?s=96&d=mm&r=g\",\"caption\":\"administrador\"},\"url\":\"https:\\\/\\\/mont-roig.cat\\\/es\\\/actualitat\\\/noticies\\\/author\\\/administrador\\\/\"}]}<\/script>\n<!-- \/ Yoast SEO plugin. -->","yoast_head_json":{"title":"Las inscripciones para el transporte escolar comienzan el lunes 17 de junio - Ajuntament de Mont-roig del Camp","robots":{"index":"index","follow":"follow","max-snippet":"max-snippet:-1","max-image-preview":"max-image-preview:large","max-video-preview":"max-video-preview:-1"},"canonical":"https:\/\/mont-roig.cat\/es\/actualitat\/noticies\/las-inscripciones-para-el-transporte-escolar-comienzan-el-lunes-17-de-junio\/","og_locale":"es_ES","og_type":"article","og_title":"Las inscripciones para el transporte escolar comienzan el lunes 17 de junio - Ajuntament de Mont-roig del Camp","og_description":"Para presentar las solicitudes es imprescindible pedir hora en el tel\u00e9fono del departamento de Educaci\u00f3n al 977172865 o tambi\u00e9n a trav\u00e9s del\u00a0 sistema de cita previa de las OMAC.\u00a0 El Ayuntamiento de Mont-roig del Camp y el Consell Comarcal del Baix Camp gestionan el servicio de transporte escolar con el objetivo de facilitar el acceso [&hellip;]","og_url":"https:\/\/mont-roig.cat\/es\/actualitat\/noticies\/las-inscripciones-para-el-transporte-escolar-comienzan-el-lunes-17-de-junio\/","og_site_name":"Ajuntament de Mont-roig del Camp","article_published_time":"2019-06-13T08:34:47+00:00","article_modified_time":"2019-06-13T12:51:11+00:00","og_image":[{"width":1280,"height":720,"url":"https:\/\/mont-roig.cat\/wp-content\/uploads\/bus-30603_1280.png","type":"image\/png"}],"author":"administrador","twitter_card":"summary_large_image","twitter_misc":{"Escrito por":"administrador","Tiempo de lectura":"2 minutos"},"schema":{"@context":"https:\/\/schema.org","@graph":[{"@type":"Article","@id":"https:\/\/mont-roig.cat\/es\/actualitat\/noticies\/las-inscripciones-para-el-transporte-escolar-comienzan-el-lunes-17-de-junio\/#article","isPartOf":{"@id":"https:\/\/mont-roig.cat\/es\/actualitat\/noticies\/las-inscripciones-para-el-transporte-escolar-comienzan-el-lunes-17-de-junio\/"},"author":{"name":"administrador","@id":"https:\/\/mont-roig.cat\/es\/#\/schema\/person\/f2b111789f22b7d0c3bd6786c9128cba"},"headline":"Las inscripciones para el transporte escolar comienzan el lunes 17 de junio","datePublished":"2019-06-13T08:34:47+00:00","dateModified":"2019-06-13T12:51:11+00:00","mainEntityOfPage":{"@id":"https:\/\/mont-roig.cat\/es\/actualitat\/noticies\/las-inscripciones-para-el-transporte-escolar-comienzan-el-lunes-17-de-junio\/"},"wordCount":316,"image":{"@id":"https:\/\/mont-roig.cat\/es\/actualitat\/noticies\/las-inscripciones-para-el-transporte-escolar-comienzan-el-lunes-17-de-junio\/#primaryimage"},"thumbnailUrl":"https:\/\/mont-roig.cat\/wp-content\/uploads\/bus-30603_1280.png","articleSection":["Educaci\u00f3n"],"inLanguage":"es"},{"@type":"WebPage","@id":"https:\/\/mont-roig.cat\/es\/actualitat\/noticies\/las-inscripciones-para-el-transporte-escolar-comienzan-el-lunes-17-de-junio\/","url":"https:\/\/mont-roig.cat\/es\/actualitat\/noticies\/las-inscripciones-para-el-transporte-escolar-comienzan-el-lunes-17-de-junio\/","name":"Las inscripciones para el transporte escolar comienzan el lunes 17 de junio - Ajuntament de Mont-roig del Camp","isPartOf":{"@id":"https:\/\/mont-roig.cat\/es\/#website"},"primaryImageOfPage":{"@id":"https:\/\/mont-roig.cat\/es\/actualitat\/noticies\/las-inscripciones-para-el-transporte-escolar-comienzan-el-lunes-17-de-junio\/#primaryimage"},"image":{"@id":"https:\/\/mont-roig.cat\/es\/actualitat\/noticies\/las-inscripciones-para-el-transporte-escolar-comienzan-el-lunes-17-de-junio\/#primaryimage"},"thumbnailUrl":"https:\/\/mont-roig.cat\/wp-content\/uploads\/bus-30603_1280.png","datePublished":"2019-06-13T08:34:47+00:00","dateModified":"2019-06-13T12:51:11+00:00","author":{"@id":"https:\/\/mont-roig.cat\/es\/#\/schema\/person\/f2b111789f22b7d0c3bd6786c9128cba"},"breadcrumb":{"@id":"https:\/\/mont-roig.cat\/es\/actualitat\/noticies\/las-inscripciones-para-el-transporte-escolar-comienzan-el-lunes-17-de-junio\/#breadcrumb"},"inLanguage":"es","potentialAction":[{"@type":"ReadAction","target":["https:\/\/mont-roig.cat\/es\/actualitat\/noticies\/las-inscripciones-para-el-transporte-escolar-comienzan-el-lunes-17-de-junio\/"]}]},{"@type":"ImageObject","inLanguage":"es","@id":"https:\/\/mont-roig.cat\/es\/actualitat\/noticies\/las-inscripciones-para-el-transporte-escolar-comienzan-el-lunes-17-de-junio\/#primaryimage","url":"https:\/\/mont-roig.cat\/wp-content\/uploads\/bus-30603_1280.png","contentUrl":"https:\/\/mont-roig.cat\/wp-content\/uploads\/bus-30603_1280.png","width":1280,"height":720},{"@type":"BreadcrumbList","@id":"https:\/\/mont-roig.cat\/es\/actualitat\/noticies\/las-inscripciones-para-el-transporte-escolar-comienzan-el-lunes-17-de-junio\/#breadcrumb","itemListElement":[{"@type":"ListItem","position":1,"name":"Inici","item":"https:\/\/mont-roig.cat\/es\/pagina-de-inicio\/"},{"@type":"ListItem","position":2,"name":"Las inscripciones para el transporte escolar comienzan el lunes 17 de junio"}]},{"@type":"WebSite","@id":"https:\/\/mont-roig.cat\/es\/#website","url":"https:\/\/mont-roig.cat\/es\/","name":"Ajuntament de Mont-roig del Camp","description":"Tota la informaci\u00f3 sobre la instituci\u00f3, els seus \u00f2rgans de govern, actualitat, serveis i molt m\u00e9s.","potentialAction":[{"@type":"SearchAction","target":{"@type":"EntryPoint","urlTemplate":"https:\/\/mont-roig.cat\/es\/?s={search_term_string}"},"query-input":{"@type":"PropertyValueSpecification","valueRequired":true,"valueName":"search_term_string"}}],"inLanguage":"es"},{"@type":"Person","@id":"https:\/\/mont-roig.cat\/es\/#\/schema\/person\/f2b111789f22b7d0c3bd6786c9128cba","name":"administrador","image":{"@type":"ImageObject","inLanguage":"es","@id":"https:\/\/secure.gravatar.com\/avatar\/9137aac6891e2595c9d3036fd83bcb653b4db3c946db4c7d9b9be193c3c944bb?s=96&d=mm&r=g","url":"https:\/\/secure.gravatar.com\/avatar\/9137aac6891e2595c9d3036fd83bcb653b4db3c946db4c7d9b9be193c3c944bb?s=96&d=mm&r=g","contentUrl":"https:\/\/secure.gravatar.com\/avatar\/9137aac6891e2595c9d3036fd83bcb653b4db3c946db4c7d9b9be193c3c944bb?s=96&d=mm&r=g","caption":"administrador"},"url":"https:\/\/mont-roig.cat\/es\/actualitat\/noticies\/author\/administrador\/"}]}},"_links":{"self":[{"href":"https:\/\/mont-roig.cat\/es\/wp-json\/wp\/v2\/posts\/36938","targetHints":{"allow":["GET"]}}],"collection":[{"href":"https:\/\/mont-roig.cat\/es\/wp-json\/wp\/v2\/posts"}],"about":[{"href":"https:\/\/mont-roig.cat\/es\/wp-json\/wp\/v2\/types\/post"}],"author":[{"embeddable":true,"href":"https:\/\/mont-roig.cat\/es\/wp-json\/wp\/v2\/users\/4"}],"replies":[{"embeddable":true,"href":"https:\/\/mont-roig.cat\/es\/wp-json\/wp\/v2\/comments?post=36938"}],"version-history":[{"count":3,"href":"https:\/\/mont-roig.cat\/es\/wp-json\/wp\/v2\/posts\/36938\/revisions"}],"predecessor-version":[{"id":36943,"href":"https:\/\/mont-roig.cat\/es\/wp-json\/wp\/v2\/posts\/36938\/revisions\/36943"}],"wp:featuredmedia":[{"embeddable":true,"href":"https:\/\/mont-roig.cat\/es\/wp-json\/wp\/v2\/media\/36934"}],"wp:attachment":[{"href":"https:\/\/mont-roig.cat\/es\/wp-json\/wp\/v2\/media?parent=36938"}],"wp:term":[{"taxonomy":"category","embeddable":true,"href":"https:\/\/mont-roig.cat\/es\/wp-json\/wp\/v2\/categories?post=36938"},{"taxonomy":"post_tag","embeddable":true,"href":"https:\/\/mont-roig.cat\/es\/wp-json\/wp\/v2\/tags?post=36938"}],"curies":[{"name":"wp","href":"https:\/\/api.w.org\/{rel}","templated":true}]}}