{"id":37083,"date":"2019-06-18T13:43:16","date_gmt":"2019-06-18T11:43:16","guid":{"rendered":"https:\/\/mont-roig.cat\/?p=37083"},"modified":"2019-06-18T13:43:16","modified_gmt":"2019-06-18T11:43:16","slug":"comienza-la-accion-comercial-encuentra-el-error-en-el-escaparate","status":"publish","type":"post","link":"https:\/\/mont-roig.cat\/es\/actualitat\/noticies\/comienza-la-accion-comercial-encuentra-el-error-en-el-escaparate\/","title":{"rendered":"Comienza la acci\u00f3n comercial Encuentra el error en el escaparate"},"content":{"rendered":"<ul>\n<li><strong><strong><a href=\"https:\/\/mont-roig.cat\/wp-content\/uploads\/Troba-lerror-a-laparador.jpg\"><img loading=\"lazy\" decoding=\"async\" class=\"alignright wp-image-37075\" src=\"https:\/\/mont-roig.cat\/wp-content\/uploads\/Troba-lerror-a-laparador.jpg\" alt=\"\" width=\"300\" height=\"424\" srcset=\"https:\/\/mont-roig.cat\/wp-content\/uploads\/Troba-lerror-a-laparador.jpg 1920w, https:\/\/mont-roig.cat\/wp-content\/uploads\/Troba-lerror-a-laparador-353x500.jpg 353w, https:\/\/mont-roig.cat\/wp-content\/uploads\/Troba-lerror-a-laparador-768x1086.jpg 768w, https:\/\/mont-roig.cat\/wp-content\/uploads\/Troba-lerror-a-laparador-724x1024.jpg 724w\" sizes=\"auto, (max-width: 300px) 100vw, 300px\" \/><\/a><\/strong><\/strong><strong>La iniciativa forma parte del Plan de Dinamizaci\u00f3n Comercial de la avenida de Barcelona y su \u00e1rea de influencia y cuenta con la participaci\u00f3n de cerca de 50 establecimientos<\/strong><\/li>\n<li><strong>Las personas que encuentren el error y compren en los establecimientos se llevar\u00e1n una bolsa de regalo<\/strong><\/li>\n<\/ul>\n<p>El Ayuntamiento de Mont-roig del Camp ha puesto en marcha una nueva acci\u00f3n comercial con el objetivo de dinamizar el comercio local, en el marco del Plan de Dinamizaci\u00f3n de la Avenida Barcelona y su \u00e1rea de influencia.<\/p>\n<p>Se trata de la campa\u00f1a Encuentra el error en el escaparate, una iniciativa que ha comenzado este semana y se alargar\u00e1 hasta el 23 de junio. En total participan 50 establecimientos de comercio y restauraci\u00f3n de Miami Platja que han infiltrado en sus escaparates un art\u00edculo distinto del que venden normalmente y que no tiene nada que ver con el resto del escaparate.<\/p>\n<p>Por ejemplo, en el escaparate de una tienda de moda infantil, podremos encontrar unas gafas de sol de adulto. El error a encontrar son las gafas de sol de adulto.<\/p>\n<p>Los clientes, en el momento de hacer la compra, deben decir cu\u00e1l creen que es el error. Si aciertan se llevar\u00e1n una bolsa de ropa de la campa\u00f1a Aqu\u00ed hay comercio.<\/p>\n","protected":false},"excerpt":{"rendered":"<p>La iniciativa forma parte del Plan de Dinamizaci\u00f3n Comercial de la avenida de Barcelona y su \u00e1rea de influencia y cuenta con la participaci\u00f3n de cerca de 50 establecimientos Las personas que encuentren el error y compren en los establecimientos se llevar\u00e1n una bolsa de regalo El Ayuntamiento de Mont-roig del Camp ha puesto en [&hellip;]<\/p>\n","protected":false},"author":4,"featured_media":37079,"comment_status":"closed","ping_status":"closed","sticky":false,"template":"","format":"standard","meta":{"inline_featured_image":false,"_monsterinsights_skip_tracking":false,"_monsterinsights_sitenote_active":false,"_monsterinsights_sitenote_note":"","_monsterinsights_sitenote_category":0,"footnotes":""},"categories":[155],"tags":[],"class_list":["post-37083","post","type-post","status-publish","format-standard","has-post-thumbnail","hentry","category-impulso-economico-y-ocupacion"],"yoast_head":"<!-- This site is optimized with the Yoast SEO plugin v27.4 - https:\/\/yoast.com\/product\/yoast-seo-wordpress\/ -->\n<title>Comienza la acci\u00f3n comercial Encuentra el error en el escaparate - Ajuntament de Mont-roig del Camp<\/title>\n<meta name=\"robots\" content=\"index, follow, max-snippet:-1, max-image-preview:large, max-video-preview:-1\" \/>\n<link rel=\"canonical\" href=\"https:\/\/mont-roig.cat\/es\/actualitat\/noticies\/comienza-la-accion-comercial-encuentra-el-error-en-el-escaparate\/\" \/>\n<meta property=\"og:locale\" content=\"es_ES\" \/>\n<meta property=\"og:type\" content=\"article\" \/>\n<meta property=\"og:title\" content=\"Comienza la acci\u00f3n comercial Encuentra el error en el escaparate - Ajuntament de Mont-roig del Camp\" \/>\n<meta property=\"og:description\" content=\"La iniciativa forma parte del Plan de Dinamizaci\u00f3n Comercial de la avenida de Barcelona y su \u00e1rea de influencia y cuenta con la participaci\u00f3n de cerca de 50 establecimientos Las personas que encuentren el error y compren en los establecimientos se llevar\u00e1n una bolsa de regalo El Ayuntamiento de Mont-roig del Camp ha puesto en [&hellip;]\" \/>\n<meta property=\"og:url\" content=\"https:\/\/mont-roig.cat\/es\/actualitat\/noticies\/comienza-la-accion-comercial-encuentra-el-error-en-el-escaparate\/\" \/>\n<meta property=\"og:site_name\" content=\"Ajuntament de Mont-roig del Camp\" \/>\n<meta property=\"article:published_time\" content=\"2019-06-18T11:43:16+00:00\" \/>\n<meta property=\"og:image\" content=\"https:\/\/mont-roig.cat\/wp-content\/uploads\/Troba-lerror-a-laparador_.jpg\" \/>\n\t<meta property=\"og:image:width\" content=\"960\" \/>\n\t<meta property=\"og:image:height\" content=\"960\" \/>\n\t<meta property=\"og:image:type\" content=\"image\/jpeg\" \/>\n<meta name=\"author\" content=\"administrador\" \/>\n<meta name=\"twitter:card\" content=\"summary_large_image\" \/>\n<meta name=\"twitter:label1\" content=\"Escrito por\" \/>\n\t<meta name=\"twitter:data1\" content=\"administrador\" \/>\n\t<meta name=\"twitter:label2\" content=\"Tiempo de lectura\" \/>\n\t<meta name=\"twitter:data2\" content=\"1 minuto\" \/>\n<script type=\"application\/ld+json\" class=\"yoast-schema-graph\">{\"@context\":\"https:\\\/\\\/schema.org\",\"@graph\":[{\"@type\":\"Article\",\"@id\":\"https:\\\/\\\/mont-roig.cat\\\/es\\\/actualitat\\\/noticies\\\/comienza-la-accion-comercial-encuentra-el-error-en-el-escaparate\\\/#article\",\"isPartOf\":{\"@id\":\"https:\\\/\\\/mont-roig.cat\\\/es\\\/actualitat\\\/noticies\\\/comienza-la-accion-comercial-encuentra-el-error-en-el-escaparate\\\/\"},\"author\":{\"name\":\"administrador\",\"@id\":\"https:\\\/\\\/mont-roig.cat\\\/es\\\/#\\\/schema\\\/person\\\/f2b111789f22b7d0c3bd6786c9128cba\"},\"headline\":\"Comienza la acci\u00f3n comercial Encuentra el error en el escaparate\",\"datePublished\":\"2019-06-18T11:43:16+00:00\",\"mainEntityOfPage\":{\"@id\":\"https:\\\/\\\/mont-roig.cat\\\/es\\\/actualitat\\\/noticies\\\/comienza-la-accion-comercial-encuentra-el-error-en-el-escaparate\\\/\"},\"wordCount\":227,\"image\":{\"@id\":\"https:\\\/\\\/mont-roig.cat\\\/es\\\/actualitat\\\/noticies\\\/comienza-la-accion-comercial-encuentra-el-error-en-el-escaparate\\\/#primaryimage\"},\"thumbnailUrl\":\"https:\\\/\\\/mont-roig.cat\\\/wp-content\\\/uploads\\\/Troba-lerror-a-laparador_.jpg\",\"articleSection\":[\"Impulso Econ\u00f3mico y Ocupaci\u00f3n\"],\"inLanguage\":\"es\"},{\"@type\":\"WebPage\",\"@id\":\"https:\\\/\\\/mont-roig.cat\\\/es\\\/actualitat\\\/noticies\\\/comienza-la-accion-comercial-encuentra-el-error-en-el-escaparate\\\/\",\"url\":\"https:\\\/\\\/mont-roig.cat\\\/es\\\/actualitat\\\/noticies\\\/comienza-la-accion-comercial-encuentra-el-error-en-el-escaparate\\\/\",\"name\":\"Comienza la acci\u00f3n comercial Encuentra el error en el escaparate - Ajuntament de Mont-roig del Camp\",\"isPartOf\":{\"@id\":\"https:\\\/\\\/mont-roig.cat\\\/es\\\/#website\"},\"primaryImageOfPage\":{\"@id\":\"https:\\\/\\\/mont-roig.cat\\\/es\\\/actualitat\\\/noticies\\\/comienza-la-accion-comercial-encuentra-el-error-en-el-escaparate\\\/#primaryimage\"},\"image\":{\"@id\":\"https:\\\/\\\/mont-roig.cat\\\/es\\\/actualitat\\\/noticies\\\/comienza-la-accion-comercial-encuentra-el-error-en-el-escaparate\\\/#primaryimage\"},\"thumbnailUrl\":\"https:\\\/\\\/mont-roig.cat\\\/wp-content\\\/uploads\\\/Troba-lerror-a-laparador_.jpg\",\"datePublished\":\"2019-06-18T11:43:16+00:00\",\"author\":{\"@id\":\"https:\\\/\\\/mont-roig.cat\\\/es\\\/#\\\/schema\\\/person\\\/f2b111789f22b7d0c3bd6786c9128cba\"},\"breadcrumb\":{\"@id\":\"https:\\\/\\\/mont-roig.cat\\\/es\\\/actualitat\\\/noticies\\\/comienza-la-accion-comercial-encuentra-el-error-en-el-escaparate\\\/#breadcrumb\"},\"inLanguage\":\"es\",\"potentialAction\":[{\"@type\":\"ReadAction\",\"target\":[\"https:\\\/\\\/mont-roig.cat\\\/es\\\/actualitat\\\/noticies\\\/comienza-la-accion-comercial-encuentra-el-error-en-el-escaparate\\\/\"]}]},{\"@type\":\"ImageObject\",\"inLanguage\":\"es\",\"@id\":\"https:\\\/\\\/mont-roig.cat\\\/es\\\/actualitat\\\/noticies\\\/comienza-la-accion-comercial-encuentra-el-error-en-el-escaparate\\\/#primaryimage\",\"url\":\"https:\\\/\\\/mont-roig.cat\\\/wp-content\\\/uploads\\\/Troba-lerror-a-laparador_.jpg\",\"contentUrl\":\"https:\\\/\\\/mont-roig.cat\\\/wp-content\\\/uploads\\\/Troba-lerror-a-laparador_.jpg\",\"width\":960,\"height\":960},{\"@type\":\"BreadcrumbList\",\"@id\":\"https:\\\/\\\/mont-roig.cat\\\/es\\\/actualitat\\\/noticies\\\/comienza-la-accion-comercial-encuentra-el-error-en-el-escaparate\\\/#breadcrumb\",\"itemListElement\":[{\"@type\":\"ListItem\",\"position\":1,\"name\":\"Inici\",\"item\":\"https:\\\/\\\/mont-roig.cat\\\/es\\\/pagina-de-inicio\\\/\"},{\"@type\":\"ListItem\",\"position\":2,\"name\":\"Comienza la acci\u00f3n comercial Encuentra el error en el escaparate\"}]},{\"@type\":\"WebSite\",\"@id\":\"https:\\\/\\\/mont-roig.cat\\\/es\\\/#website\",\"url\":\"https:\\\/\\\/mont-roig.cat\\\/es\\\/\",\"name\":\"Ajuntament de Mont-roig del Camp\",\"description\":\"Tota la informaci\u00f3 sobre la instituci\u00f3, els seus \u00f2rgans de govern, actualitat, serveis i molt m\u00e9s.\",\"potentialAction\":[{\"@type\":\"SearchAction\",\"target\":{\"@type\":\"EntryPoint\",\"urlTemplate\":\"https:\\\/\\\/mont-roig.cat\\\/es\\\/?s={search_term_string}\"},\"query-input\":{\"@type\":\"PropertyValueSpecification\",\"valueRequired\":true,\"valueName\":\"search_term_string\"}}],\"inLanguage\":\"es\"},{\"@type\":\"Person\",\"@id\":\"https:\\\/\\\/mont-roig.cat\\\/es\\\/#\\\/schema\\\/person\\\/f2b111789f22b7d0c3bd6786c9128cba\",\"name\":\"administrador\",\"image\":{\"@type\":\"ImageObject\",\"inLanguage\":\"es\",\"@id\":\"https:\\\/\\\/secure.gravatar.com\\\/avatar\\\/9137aac6891e2595c9d3036fd83bcb653b4db3c946db4c7d9b9be193c3c944bb?s=96&d=mm&r=g\",\"url\":\"https:\\\/\\\/secure.gravatar.com\\\/avatar\\\/9137aac6891e2595c9d3036fd83bcb653b4db3c946db4c7d9b9be193c3c944bb?s=96&d=mm&r=g\",\"contentUrl\":\"https:\\\/\\\/secure.gravatar.com\\\/avatar\\\/9137aac6891e2595c9d3036fd83bcb653b4db3c946db4c7d9b9be193c3c944bb?s=96&d=mm&r=g\",\"caption\":\"administrador\"},\"url\":\"https:\\\/\\\/mont-roig.cat\\\/es\\\/actualitat\\\/noticies\\\/author\\\/administrador\\\/\"}]}<\/script>\n<!-- \/ Yoast SEO plugin. -->","yoast_head_json":{"title":"Comienza la acci\u00f3n comercial Encuentra el error en el escaparate - Ajuntament de Mont-roig del Camp","robots":{"index":"index","follow":"follow","max-snippet":"max-snippet:-1","max-image-preview":"max-image-preview:large","max-video-preview":"max-video-preview:-1"},"canonical":"https:\/\/mont-roig.cat\/es\/actualitat\/noticies\/comienza-la-accion-comercial-encuentra-el-error-en-el-escaparate\/","og_locale":"es_ES","og_type":"article","og_title":"Comienza la acci\u00f3n comercial Encuentra el error en el escaparate - Ajuntament de Mont-roig del Camp","og_description":"La iniciativa forma parte del Plan de Dinamizaci\u00f3n Comercial de la avenida de Barcelona y su \u00e1rea de influencia y cuenta con la participaci\u00f3n de cerca de 50 establecimientos Las personas que encuentren el error y compren en los establecimientos se llevar\u00e1n una bolsa de regalo El Ayuntamiento de Mont-roig del Camp ha puesto en [&hellip;]","og_url":"https:\/\/mont-roig.cat\/es\/actualitat\/noticies\/comienza-la-accion-comercial-encuentra-el-error-en-el-escaparate\/","og_site_name":"Ajuntament de Mont-roig del Camp","article_published_time":"2019-06-18T11:43:16+00:00","og_image":[{"width":960,"height":960,"url":"https:\/\/mont-roig.cat\/wp-content\/uploads\/Troba-lerror-a-laparador_.jpg","type":"image\/jpeg"}],"author":"administrador","twitter_card":"summary_large_image","twitter_misc":{"Escrito por":"administrador","Tiempo de lectura":"1 minuto"},"schema":{"@context":"https:\/\/schema.org","@graph":[{"@type":"Article","@id":"https:\/\/mont-roig.cat\/es\/actualitat\/noticies\/comienza-la-accion-comercial-encuentra-el-error-en-el-escaparate\/#article","isPartOf":{"@id":"https:\/\/mont-roig.cat\/es\/actualitat\/noticies\/comienza-la-accion-comercial-encuentra-el-error-en-el-escaparate\/"},"author":{"name":"administrador","@id":"https:\/\/mont-roig.cat\/es\/#\/schema\/person\/f2b111789f22b7d0c3bd6786c9128cba"},"headline":"Comienza la acci\u00f3n comercial Encuentra el error en el escaparate","datePublished":"2019-06-18T11:43:16+00:00","mainEntityOfPage":{"@id":"https:\/\/mont-roig.cat\/es\/actualitat\/noticies\/comienza-la-accion-comercial-encuentra-el-error-en-el-escaparate\/"},"wordCount":227,"image":{"@id":"https:\/\/mont-roig.cat\/es\/actualitat\/noticies\/comienza-la-accion-comercial-encuentra-el-error-en-el-escaparate\/#primaryimage"},"thumbnailUrl":"https:\/\/mont-roig.cat\/wp-content\/uploads\/Troba-lerror-a-laparador_.jpg","articleSection":["Impulso Econ\u00f3mico y Ocupaci\u00f3n"],"inLanguage":"es"},{"@type":"WebPage","@id":"https:\/\/mont-roig.cat\/es\/actualitat\/noticies\/comienza-la-accion-comercial-encuentra-el-error-en-el-escaparate\/","url":"https:\/\/mont-roig.cat\/es\/actualitat\/noticies\/comienza-la-accion-comercial-encuentra-el-error-en-el-escaparate\/","name":"Comienza la acci\u00f3n comercial Encuentra el error en el escaparate - Ajuntament de Mont-roig del Camp","isPartOf":{"@id":"https:\/\/mont-roig.cat\/es\/#website"},"primaryImageOfPage":{"@id":"https:\/\/mont-roig.cat\/es\/actualitat\/noticies\/comienza-la-accion-comercial-encuentra-el-error-en-el-escaparate\/#primaryimage"},"image":{"@id":"https:\/\/mont-roig.cat\/es\/actualitat\/noticies\/comienza-la-accion-comercial-encuentra-el-error-en-el-escaparate\/#primaryimage"},"thumbnailUrl":"https:\/\/mont-roig.cat\/wp-content\/uploads\/Troba-lerror-a-laparador_.jpg","datePublished":"2019-06-18T11:43:16+00:00","author":{"@id":"https:\/\/mont-roig.cat\/es\/#\/schema\/person\/f2b111789f22b7d0c3bd6786c9128cba"},"breadcrumb":{"@id":"https:\/\/mont-roig.cat\/es\/actualitat\/noticies\/comienza-la-accion-comercial-encuentra-el-error-en-el-escaparate\/#breadcrumb"},"inLanguage":"es","potentialAction":[{"@type":"ReadAction","target":["https:\/\/mont-roig.cat\/es\/actualitat\/noticies\/comienza-la-accion-comercial-encuentra-el-error-en-el-escaparate\/"]}]},{"@type":"ImageObject","inLanguage":"es","@id":"https:\/\/mont-roig.cat\/es\/actualitat\/noticies\/comienza-la-accion-comercial-encuentra-el-error-en-el-escaparate\/#primaryimage","url":"https:\/\/mont-roig.cat\/wp-content\/uploads\/Troba-lerror-a-laparador_.jpg","contentUrl":"https:\/\/mont-roig.cat\/wp-content\/uploads\/Troba-lerror-a-laparador_.jpg","width":960,"height":960},{"@type":"BreadcrumbList","@id":"https:\/\/mont-roig.cat\/es\/actualitat\/noticies\/comienza-la-accion-comercial-encuentra-el-error-en-el-escaparate\/#breadcrumb","itemListElement":[{"@type":"ListItem","position":1,"name":"Inici","item":"https:\/\/mont-roig.cat\/es\/pagina-de-inicio\/"},{"@type":"ListItem","position":2,"name":"Comienza la acci\u00f3n comercial Encuentra el error en el escaparate"}]},{"@type":"WebSite","@id":"https:\/\/mont-roig.cat\/es\/#website","url":"https:\/\/mont-roig.cat\/es\/","name":"Ajuntament de Mont-roig del Camp","description":"Tota la informaci\u00f3 sobre la instituci\u00f3, els seus \u00f2rgans de govern, actualitat, serveis i molt m\u00e9s.","potentialAction":[{"@type":"SearchAction","target":{"@type":"EntryPoint","urlTemplate":"https:\/\/mont-roig.cat\/es\/?s={search_term_string}"},"query-input":{"@type":"PropertyValueSpecification","valueRequired":true,"valueName":"search_term_string"}}],"inLanguage":"es"},{"@type":"Person","@id":"https:\/\/mont-roig.cat\/es\/#\/schema\/person\/f2b111789f22b7d0c3bd6786c9128cba","name":"administrador","image":{"@type":"ImageObject","inLanguage":"es","@id":"https:\/\/secure.gravatar.com\/avatar\/9137aac6891e2595c9d3036fd83bcb653b4db3c946db4c7d9b9be193c3c944bb?s=96&d=mm&r=g","url":"https:\/\/secure.gravatar.com\/avatar\/9137aac6891e2595c9d3036fd83bcb653b4db3c946db4c7d9b9be193c3c944bb?s=96&d=mm&r=g","contentUrl":"https:\/\/secure.gravatar.com\/avatar\/9137aac6891e2595c9d3036fd83bcb653b4db3c946db4c7d9b9be193c3c944bb?s=96&d=mm&r=g","caption":"administrador"},"url":"https:\/\/mont-roig.cat\/es\/actualitat\/noticies\/author\/administrador\/"}]}},"_links":{"self":[{"href":"https:\/\/mont-roig.cat\/es\/wp-json\/wp\/v2\/posts\/37083","targetHints":{"allow":["GET"]}}],"collection":[{"href":"https:\/\/mont-roig.cat\/es\/wp-json\/wp\/v2\/posts"}],"about":[{"href":"https:\/\/mont-roig.cat\/es\/wp-json\/wp\/v2\/types\/post"}],"author":[{"embeddable":true,"href":"https:\/\/mont-roig.cat\/es\/wp-json\/wp\/v2\/users\/4"}],"replies":[{"embeddable":true,"href":"https:\/\/mont-roig.cat\/es\/wp-json\/wp\/v2\/comments?post=37083"}],"version-history":[{"count":2,"href":"https:\/\/mont-roig.cat\/es\/wp-json\/wp\/v2\/posts\/37083\/revisions"}],"predecessor-version":[{"id":37091,"href":"https:\/\/mont-roig.cat\/es\/wp-json\/wp\/v2\/posts\/37083\/revisions\/37091"}],"wp:featuredmedia":[{"embeddable":true,"href":"https:\/\/mont-roig.cat\/es\/wp-json\/wp\/v2\/media\/37079"}],"wp:attachment":[{"href":"https:\/\/mont-roig.cat\/es\/wp-json\/wp\/v2\/media?parent=37083"}],"wp:term":[{"taxonomy":"category","embeddable":true,"href":"https:\/\/mont-roig.cat\/es\/wp-json\/wp\/v2\/categories?post=37083"},{"taxonomy":"post_tag","embeddable":true,"href":"https:\/\/mont-roig.cat\/es\/wp-json\/wp\/v2\/tags?post=37083"}],"curies":[{"name":"wp","href":"https:\/\/api.w.org\/{rel}","templated":true}]}}