{"id":37118,"date":"2019-06-18T14:33:11","date_gmt":"2019-06-18T12:33:11","guid":{"rendered":"https:\/\/mont-roig.cat\/?p=37118"},"modified":"2019-06-18T14:33:11","modified_gmt":"2019-06-18T12:33:11","slug":"el-momi-participa-en-el-tercer-encuentro-ludico-deportivo-de-las-escuelas-del-municipio","status":"publish","type":"post","link":"https:\/\/mont-roig.cat\/es\/actualitat\/noticies\/el-momi-participa-en-el-tercer-encuentro-ludico-deportivo-de-las-escuelas-del-municipio\/","title":{"rendered":"El Momi participa en el tercer Encuentro L\u00fadico deportivo de las escuelas del municipio"},"content":{"rendered":"<ul>\n<li><strong>La actividad cont\u00f3 con la participaci\u00f3n de 126 alumnos de 4\u00ba de primaria<\/strong><\/li>\n<\/ul>\n<p>El tercer Encuentro L\u00fadico deportivo organizado por las tres escuelas del municipio cont\u00f3 con la participaci\u00f3n de 126 alumnos de 4\u00ba de primaria y el Momi, la mascota infantil del municipio.<\/p>\n<p>Esta edici\u00f3n, celebrada el pasado viernes 14 de junio en el polideportivo de Mont-roig, volvi\u00f3 a reunir a los ni\u00f1os y ni\u00f1as de las escuelas Mare de D\u00e9u de la Roca, Joan Mir\u00f3 y Marcel\u00b7l\u00ed Esquius, en una jornada pensada para compartir juegos tradicionales y deportivos.<\/p>\n<p>De hecho, la iniciativa, naci\u00f3 hace tres a\u00f1os con el objetivo de potenciar la cohesi\u00f3n de grupo, el trabajo cooperativo y la inclusi\u00f3n los ni\u00f1os y ni\u00f1as de las tres escuelas, crear v\u00ednculos entre los ni\u00f1os y fomentar la relaci\u00f3n del alumnado los tres centros. El Plan Educativo de Entorno ha apoyado el encuentro, que se convierte a\u00f1o tras a\u00f1o en una gran oportunidad para fortalecer y promocionar la red entre los centros educativos del municipio.<\/p>\n\n\t\t<style type=\"text\/css\">\n\t\t\t#gallery-1 {\n\t\t\t\tmargin: auto;\n\t\t\t}\n\t\t\t#gallery-1 .gallery-item {\n\t\t\t\tfloat: left;\n\t\t\t\tmargin-top: 10px;\n\t\t\t\ttext-align: center;\n\t\t\t\twidth: 25%;\n\t\t\t}\n\t\t\t#gallery-1 img {\n\t\t\t\tborder: 2px solid #cfcfcf;\n\t\t\t}\n\t\t\t#gallery-1 .gallery-caption {\n\t\t\t\tmargin-left: 0;\n\t\t\t}\n\t\t\t\/* see gallery_shortcode() in wp-includes\/media.php *\/\n\t\t<\/style>\n\t\t<div id='gallery-1' class='gallery galleryid-37118 gallery-columns-4 gallery-size-medium'><dl class='gallery-item'>\n\t\t\t<dt class='gallery-icon landscape'>\n\t\t\t\t<a href='https:\/\/mont-roig.cat\/wp-content\/uploads\/Foto-de-grup.jpg'><img loading=\"lazy\" decoding=\"async\" width=\"500\" height=\"275\" src=\"https:\/\/mont-roig.cat\/wp-content\/uploads\/Foto-de-grup-500x275.jpg\" class=\"attachment-medium size-medium\" alt=\"\" srcset=\"https:\/\/mont-roig.cat\/wp-content\/uploads\/Foto-de-grup-500x275.jpg 500w, https:\/\/mont-roig.cat\/wp-content\/uploads\/Foto-de-grup-768x422.jpg 768w, https:\/\/mont-roig.cat\/wp-content\/uploads\/Foto-de-grup-1024x563.jpg 1024w\" sizes=\"auto, (max-width: 500px) 100vw, 500px\" \/><\/a>\n\t\t\t<\/dt><\/dl><dl class='gallery-item'>\n\t\t\t<dt class='gallery-icon landscape'>\n\t\t\t\t<a href='https:\/\/mont-roig.cat\/wp-content\/uploads\/El-Momi-a-la-trobada-esportiva.jpg'><img loading=\"lazy\" decoding=\"async\" width=\"500\" height=\"375\" src=\"https:\/\/mont-roig.cat\/wp-content\/uploads\/El-Momi-a-la-trobada-esportiva-500x375.jpg\" class=\"attachment-medium size-medium\" alt=\"\" srcset=\"https:\/\/mont-roig.cat\/wp-content\/uploads\/El-Momi-a-la-trobada-esportiva-500x375.jpg 500w, https:\/\/mont-roig.cat\/wp-content\/uploads\/El-Momi-a-la-trobada-esportiva-768x576.jpg 768w, https:\/\/mont-roig.cat\/wp-content\/uploads\/El-Momi-a-la-trobada-esportiva-1024x768.jpg 1024w, https:\/\/mont-roig.cat\/wp-content\/uploads\/El-Momi-a-la-trobada-esportiva-463x348.jpg 463w\" sizes=\"auto, (max-width: 500px) 100vw, 500px\" \/><\/a>\n\t\t\t<\/dt><\/dl><dl class='gallery-item'>\n\t\t\t<dt class='gallery-icon landscape'>\n\t\t\t\t<a href='https:\/\/mont-roig.cat\/wp-content\/uploads\/Activitats-esportives-1.jpg'><img loading=\"lazy\" decoding=\"async\" width=\"500\" height=\"375\" src=\"https:\/\/mont-roig.cat\/wp-content\/uploads\/Activitats-esportives-1-500x375.jpg\" class=\"attachment-medium size-medium\" alt=\"\" srcset=\"https:\/\/mont-roig.cat\/wp-content\/uploads\/Activitats-esportives-1-500x375.jpg 500w, https:\/\/mont-roig.cat\/wp-content\/uploads\/Activitats-esportives-1-768x576.jpg 768w, https:\/\/mont-roig.cat\/wp-content\/uploads\/Activitats-esportives-1-1024x768.jpg 1024w, https:\/\/mont-roig.cat\/wp-content\/uploads\/Activitats-esportives-1-463x348.jpg 463w\" sizes=\"auto, (max-width: 500px) 100vw, 500px\" \/><\/a>\n\t\t\t<\/dt><\/dl><dl class='gallery-item'>\n\t\t\t<dt class='gallery-icon landscape'>\n\t\t\t\t<a href='https:\/\/mont-roig.cat\/wp-content\/uploads\/Activitats-esportives_2.jpg'><img loading=\"lazy\" decoding=\"async\" width=\"500\" height=\"324\" src=\"https:\/\/mont-roig.cat\/wp-content\/uploads\/Activitats-esportives_2-500x324.jpg\" class=\"attachment-medium size-medium\" alt=\"\" srcset=\"https:\/\/mont-roig.cat\/wp-content\/uploads\/Activitats-esportives_2-500x324.jpg 500w, https:\/\/mont-roig.cat\/wp-content\/uploads\/Activitats-esportives_2-768x498.jpg 768w, https:\/\/mont-roig.cat\/wp-content\/uploads\/Activitats-esportives_2-1024x663.jpg 1024w\" sizes=\"auto, (max-width: 500px) 100vw, 500px\" \/><\/a>\n\t\t\t<\/dt><\/dl><br style=\"clear: both\" \/>\n\t\t<\/div>\n\n","protected":false},"excerpt":{"rendered":"<p>La actividad cont\u00f3 con la participaci\u00f3n de 126 alumnos de 4\u00ba de primaria El tercer Encuentro L\u00fadico deportivo organizado por las tres escuelas del municipio cont\u00f3 con la participaci\u00f3n de 126 alumnos de 4\u00ba de primaria y el Momi, la mascota infantil del municipio. Esta edici\u00f3n, celebrada el pasado viernes 14 de junio en el [&hellip;]<\/p>\n","protected":false},"author":4,"featured_media":37114,"comment_status":"closed","ping_status":"closed","sticky":false,"template":"","format":"standard","meta":{"inline_featured_image":false,"_monsterinsights_skip_tracking":false,"_monsterinsights_sitenote_active":false,"_monsterinsights_sitenote_note":"","_monsterinsights_sitenote_category":0,"footnotes":""},"categories":[104,103],"tags":[],"class_list":["post-37118","post","type-post","status-publish","format-standard","has-post-thumbnail","hentry","category-deportes","category-educacion"],"yoast_head":"<!-- This site is optimized with the Yoast SEO plugin v27.4 - https:\/\/yoast.com\/product\/yoast-seo-wordpress\/ -->\n<title>El Momi participa en el tercer Encuentro L\u00fadico deportivo de las escuelas del municipio - Ajuntament de Mont-roig del Camp<\/title>\n<meta name=\"robots\" content=\"index, follow, max-snippet:-1, max-image-preview:large, max-video-preview:-1\" \/>\n<link rel=\"canonical\" href=\"https:\/\/mont-roig.cat\/es\/actualitat\/noticies\/el-momi-participa-en-el-tercer-encuentro-ludico-deportivo-de-las-escuelas-del-municipio\/\" \/>\n<meta property=\"og:locale\" content=\"es_ES\" \/>\n<meta property=\"og:type\" content=\"article\" \/>\n<meta property=\"og:title\" content=\"El Momi participa en el tercer Encuentro L\u00fadico deportivo de las escuelas del municipio - Ajuntament de Mont-roig del Camp\" \/>\n<meta property=\"og:description\" content=\"La actividad cont\u00f3 con la participaci\u00f3n de 126 alumnos de 4\u00ba de primaria El tercer Encuentro L\u00fadico deportivo organizado por las tres escuelas del municipio cont\u00f3 con la participaci\u00f3n de 126 alumnos de 4\u00ba de primaria y el Momi, la mascota infantil del municipio. Esta edici\u00f3n, celebrada el pasado viernes 14 de junio en el [&hellip;]\" \/>\n<meta property=\"og:url\" content=\"https:\/\/mont-roig.cat\/es\/actualitat\/noticies\/el-momi-participa-en-el-tercer-encuentro-ludico-deportivo-de-las-escuelas-del-municipio\/\" \/>\n<meta property=\"og:site_name\" content=\"Ajuntament de Mont-roig del Camp\" \/>\n<meta property=\"article:published_time\" content=\"2019-06-18T12:33:11+00:00\" \/>\n<meta property=\"og:image\" content=\"https:\/\/mont-roig.cat\/wp-content\/uploads\/El-Momi-a-la-trobada-esportiva.jpg\" \/>\n\t<meta property=\"og:image:width\" content=\"4032\" \/>\n\t<meta property=\"og:image:height\" content=\"3024\" \/>\n\t<meta property=\"og:image:type\" content=\"image\/jpeg\" \/>\n<meta name=\"author\" content=\"administrador\" \/>\n<meta name=\"twitter:card\" content=\"summary_large_image\" \/>\n<meta name=\"twitter:label1\" content=\"Escrito por\" \/>\n\t<meta name=\"twitter:data1\" content=\"administrador\" \/>\n\t<meta name=\"twitter:label2\" content=\"Tiempo de lectura\" \/>\n\t<meta name=\"twitter:data2\" content=\"1 minuto\" \/>\n<script type=\"application\/ld+json\" class=\"yoast-schema-graph\">{\"@context\":\"https:\\\/\\\/schema.org\",\"@graph\":[{\"@type\":\"Article\",\"@id\":\"https:\\\/\\\/mont-roig.cat\\\/es\\\/actualitat\\\/noticies\\\/el-momi-participa-en-el-tercer-encuentro-ludico-deportivo-de-las-escuelas-del-municipio\\\/#article\",\"isPartOf\":{\"@id\":\"https:\\\/\\\/mont-roig.cat\\\/es\\\/actualitat\\\/noticies\\\/el-momi-participa-en-el-tercer-encuentro-ludico-deportivo-de-las-escuelas-del-municipio\\\/\"},\"author\":{\"name\":\"administrador\",\"@id\":\"https:\\\/\\\/mont-roig.cat\\\/es\\\/#\\\/schema\\\/person\\\/f2b111789f22b7d0c3bd6786c9128cba\"},\"headline\":\"El Momi participa en el tercer Encuentro L\u00fadico deportivo de las escuelas del municipio\",\"datePublished\":\"2019-06-18T12:33:11+00:00\",\"mainEntityOfPage\":{\"@id\":\"https:\\\/\\\/mont-roig.cat\\\/es\\\/actualitat\\\/noticies\\\/el-momi-participa-en-el-tercer-encuentro-ludico-deportivo-de-las-escuelas-del-municipio\\\/\"},\"wordCount\":203,\"image\":{\"@id\":\"https:\\\/\\\/mont-roig.cat\\\/es\\\/actualitat\\\/noticies\\\/el-momi-participa-en-el-tercer-encuentro-ludico-deportivo-de-las-escuelas-del-municipio\\\/#primaryimage\"},\"thumbnailUrl\":\"https:\\\/\\\/mont-roig.cat\\\/wp-content\\\/uploads\\\/El-Momi-a-la-trobada-esportiva.jpg\",\"articleSection\":[\"Deportes\",\"Educaci\u00f3n\"],\"inLanguage\":\"es\"},{\"@type\":\"WebPage\",\"@id\":\"https:\\\/\\\/mont-roig.cat\\\/es\\\/actualitat\\\/noticies\\\/el-momi-participa-en-el-tercer-encuentro-ludico-deportivo-de-las-escuelas-del-municipio\\\/\",\"url\":\"https:\\\/\\\/mont-roig.cat\\\/es\\\/actualitat\\\/noticies\\\/el-momi-participa-en-el-tercer-encuentro-ludico-deportivo-de-las-escuelas-del-municipio\\\/\",\"name\":\"El Momi participa en el tercer Encuentro L\u00fadico deportivo de las escuelas del municipio - Ajuntament de Mont-roig del Camp\",\"isPartOf\":{\"@id\":\"https:\\\/\\\/mont-roig.cat\\\/es\\\/#website\"},\"primaryImageOfPage\":{\"@id\":\"https:\\\/\\\/mont-roig.cat\\\/es\\\/actualitat\\\/noticies\\\/el-momi-participa-en-el-tercer-encuentro-ludico-deportivo-de-las-escuelas-del-municipio\\\/#primaryimage\"},\"image\":{\"@id\":\"https:\\\/\\\/mont-roig.cat\\\/es\\\/actualitat\\\/noticies\\\/el-momi-participa-en-el-tercer-encuentro-ludico-deportivo-de-las-escuelas-del-municipio\\\/#primaryimage\"},\"thumbnailUrl\":\"https:\\\/\\\/mont-roig.cat\\\/wp-content\\\/uploads\\\/El-Momi-a-la-trobada-esportiva.jpg\",\"datePublished\":\"2019-06-18T12:33:11+00:00\",\"author\":{\"@id\":\"https:\\\/\\\/mont-roig.cat\\\/es\\\/#\\\/schema\\\/person\\\/f2b111789f22b7d0c3bd6786c9128cba\"},\"breadcrumb\":{\"@id\":\"https:\\\/\\\/mont-roig.cat\\\/es\\\/actualitat\\\/noticies\\\/el-momi-participa-en-el-tercer-encuentro-ludico-deportivo-de-las-escuelas-del-municipio\\\/#breadcrumb\"},\"inLanguage\":\"es\",\"potentialAction\":[{\"@type\":\"ReadAction\",\"target\":[\"https:\\\/\\\/mont-roig.cat\\\/es\\\/actualitat\\\/noticies\\\/el-momi-participa-en-el-tercer-encuentro-ludico-deportivo-de-las-escuelas-del-municipio\\\/\"]}]},{\"@type\":\"ImageObject\",\"inLanguage\":\"es\",\"@id\":\"https:\\\/\\\/mont-roig.cat\\\/es\\\/actualitat\\\/noticies\\\/el-momi-participa-en-el-tercer-encuentro-ludico-deportivo-de-las-escuelas-del-municipio\\\/#primaryimage\",\"url\":\"https:\\\/\\\/mont-roig.cat\\\/wp-content\\\/uploads\\\/El-Momi-a-la-trobada-esportiva.jpg\",\"contentUrl\":\"https:\\\/\\\/mont-roig.cat\\\/wp-content\\\/uploads\\\/El-Momi-a-la-trobada-esportiva.jpg\",\"width\":4032,\"height\":3024},{\"@type\":\"BreadcrumbList\",\"@id\":\"https:\\\/\\\/mont-roig.cat\\\/es\\\/actualitat\\\/noticies\\\/el-momi-participa-en-el-tercer-encuentro-ludico-deportivo-de-las-escuelas-del-municipio\\\/#breadcrumb\",\"itemListElement\":[{\"@type\":\"ListItem\",\"position\":1,\"name\":\"Inici\",\"item\":\"https:\\\/\\\/mont-roig.cat\\\/es\\\/pagina-de-inicio\\\/\"},{\"@type\":\"ListItem\",\"position\":2,\"name\":\"El Momi participa en el tercer Encuentro L\u00fadico deportivo de las escuelas del municipio\"}]},{\"@type\":\"WebSite\",\"@id\":\"https:\\\/\\\/mont-roig.cat\\\/es\\\/#website\",\"url\":\"https:\\\/\\\/mont-roig.cat\\\/es\\\/\",\"name\":\"Ajuntament de Mont-roig del Camp\",\"description\":\"Tota la informaci\u00f3 sobre la instituci\u00f3, els seus \u00f2rgans de govern, actualitat, serveis i molt m\u00e9s.\",\"potentialAction\":[{\"@type\":\"SearchAction\",\"target\":{\"@type\":\"EntryPoint\",\"urlTemplate\":\"https:\\\/\\\/mont-roig.cat\\\/es\\\/?s={search_term_string}\"},\"query-input\":{\"@type\":\"PropertyValueSpecification\",\"valueRequired\":true,\"valueName\":\"search_term_string\"}}],\"inLanguage\":\"es\"},{\"@type\":\"Person\",\"@id\":\"https:\\\/\\\/mont-roig.cat\\\/es\\\/#\\\/schema\\\/person\\\/f2b111789f22b7d0c3bd6786c9128cba\",\"name\":\"administrador\",\"image\":{\"@type\":\"ImageObject\",\"inLanguage\":\"es\",\"@id\":\"https:\\\/\\\/secure.gravatar.com\\\/avatar\\\/9137aac6891e2595c9d3036fd83bcb653b4db3c946db4c7d9b9be193c3c944bb?s=96&d=mm&r=g\",\"url\":\"https:\\\/\\\/secure.gravatar.com\\\/avatar\\\/9137aac6891e2595c9d3036fd83bcb653b4db3c946db4c7d9b9be193c3c944bb?s=96&d=mm&r=g\",\"contentUrl\":\"https:\\\/\\\/secure.gravatar.com\\\/avatar\\\/9137aac6891e2595c9d3036fd83bcb653b4db3c946db4c7d9b9be193c3c944bb?s=96&d=mm&r=g\",\"caption\":\"administrador\"},\"url\":\"https:\\\/\\\/mont-roig.cat\\\/es\\\/actualitat\\\/noticies\\\/author\\\/administrador\\\/\"}]}<\/script>\n<!-- \/ Yoast SEO plugin. -->","yoast_head_json":{"title":"El Momi participa en el tercer Encuentro L\u00fadico deportivo de las escuelas del municipio - Ajuntament de Mont-roig del Camp","robots":{"index":"index","follow":"follow","max-snippet":"max-snippet:-1","max-image-preview":"max-image-preview:large","max-video-preview":"max-video-preview:-1"},"canonical":"https:\/\/mont-roig.cat\/es\/actualitat\/noticies\/el-momi-participa-en-el-tercer-encuentro-ludico-deportivo-de-las-escuelas-del-municipio\/","og_locale":"es_ES","og_type":"article","og_title":"El Momi participa en el tercer Encuentro L\u00fadico deportivo de las escuelas del municipio - Ajuntament de Mont-roig del Camp","og_description":"La actividad cont\u00f3 con la participaci\u00f3n de 126 alumnos de 4\u00ba de primaria El tercer Encuentro L\u00fadico deportivo organizado por las tres escuelas del municipio cont\u00f3 con la participaci\u00f3n de 126 alumnos de 4\u00ba de primaria y el Momi, la mascota infantil del municipio. Esta edici\u00f3n, celebrada el pasado viernes 14 de junio en el [&hellip;]","og_url":"https:\/\/mont-roig.cat\/es\/actualitat\/noticies\/el-momi-participa-en-el-tercer-encuentro-ludico-deportivo-de-las-escuelas-del-municipio\/","og_site_name":"Ajuntament de Mont-roig del Camp","article_published_time":"2019-06-18T12:33:11+00:00","og_image":[{"width":4032,"height":3024,"url":"https:\/\/mont-roig.cat\/wp-content\/uploads\/El-Momi-a-la-trobada-esportiva.jpg","type":"image\/jpeg"}],"author":"administrador","twitter_card":"summary_large_image","twitter_misc":{"Escrito por":"administrador","Tiempo de lectura":"1 minuto"},"schema":{"@context":"https:\/\/schema.org","@graph":[{"@type":"Article","@id":"https:\/\/mont-roig.cat\/es\/actualitat\/noticies\/el-momi-participa-en-el-tercer-encuentro-ludico-deportivo-de-las-escuelas-del-municipio\/#article","isPartOf":{"@id":"https:\/\/mont-roig.cat\/es\/actualitat\/noticies\/el-momi-participa-en-el-tercer-encuentro-ludico-deportivo-de-las-escuelas-del-municipio\/"},"author":{"name":"administrador","@id":"https:\/\/mont-roig.cat\/es\/#\/schema\/person\/f2b111789f22b7d0c3bd6786c9128cba"},"headline":"El Momi participa en el tercer Encuentro L\u00fadico deportivo de las escuelas del municipio","datePublished":"2019-06-18T12:33:11+00:00","mainEntityOfPage":{"@id":"https:\/\/mont-roig.cat\/es\/actualitat\/noticies\/el-momi-participa-en-el-tercer-encuentro-ludico-deportivo-de-las-escuelas-del-municipio\/"},"wordCount":203,"image":{"@id":"https:\/\/mont-roig.cat\/es\/actualitat\/noticies\/el-momi-participa-en-el-tercer-encuentro-ludico-deportivo-de-las-escuelas-del-municipio\/#primaryimage"},"thumbnailUrl":"https:\/\/mont-roig.cat\/wp-content\/uploads\/El-Momi-a-la-trobada-esportiva.jpg","articleSection":["Deportes","Educaci\u00f3n"],"inLanguage":"es"},{"@type":"WebPage","@id":"https:\/\/mont-roig.cat\/es\/actualitat\/noticies\/el-momi-participa-en-el-tercer-encuentro-ludico-deportivo-de-las-escuelas-del-municipio\/","url":"https:\/\/mont-roig.cat\/es\/actualitat\/noticies\/el-momi-participa-en-el-tercer-encuentro-ludico-deportivo-de-las-escuelas-del-municipio\/","name":"El Momi participa en el tercer Encuentro L\u00fadico deportivo de las escuelas del municipio - Ajuntament de Mont-roig del Camp","isPartOf":{"@id":"https:\/\/mont-roig.cat\/es\/#website"},"primaryImageOfPage":{"@id":"https:\/\/mont-roig.cat\/es\/actualitat\/noticies\/el-momi-participa-en-el-tercer-encuentro-ludico-deportivo-de-las-escuelas-del-municipio\/#primaryimage"},"image":{"@id":"https:\/\/mont-roig.cat\/es\/actualitat\/noticies\/el-momi-participa-en-el-tercer-encuentro-ludico-deportivo-de-las-escuelas-del-municipio\/#primaryimage"},"thumbnailUrl":"https:\/\/mont-roig.cat\/wp-content\/uploads\/El-Momi-a-la-trobada-esportiva.jpg","datePublished":"2019-06-18T12:33:11+00:00","author":{"@id":"https:\/\/mont-roig.cat\/es\/#\/schema\/person\/f2b111789f22b7d0c3bd6786c9128cba"},"breadcrumb":{"@id":"https:\/\/mont-roig.cat\/es\/actualitat\/noticies\/el-momi-participa-en-el-tercer-encuentro-ludico-deportivo-de-las-escuelas-del-municipio\/#breadcrumb"},"inLanguage":"es","potentialAction":[{"@type":"ReadAction","target":["https:\/\/mont-roig.cat\/es\/actualitat\/noticies\/el-momi-participa-en-el-tercer-encuentro-ludico-deportivo-de-las-escuelas-del-municipio\/"]}]},{"@type":"ImageObject","inLanguage":"es","@id":"https:\/\/mont-roig.cat\/es\/actualitat\/noticies\/el-momi-participa-en-el-tercer-encuentro-ludico-deportivo-de-las-escuelas-del-municipio\/#primaryimage","url":"https:\/\/mont-roig.cat\/wp-content\/uploads\/El-Momi-a-la-trobada-esportiva.jpg","contentUrl":"https:\/\/mont-roig.cat\/wp-content\/uploads\/El-Momi-a-la-trobada-esportiva.jpg","width":4032,"height":3024},{"@type":"BreadcrumbList","@id":"https:\/\/mont-roig.cat\/es\/actualitat\/noticies\/el-momi-participa-en-el-tercer-encuentro-ludico-deportivo-de-las-escuelas-del-municipio\/#breadcrumb","itemListElement":[{"@type":"ListItem","position":1,"name":"Inici","item":"https:\/\/mont-roig.cat\/es\/pagina-de-inicio\/"},{"@type":"ListItem","position":2,"name":"El Momi participa en el tercer Encuentro L\u00fadico deportivo de las escuelas del municipio"}]},{"@type":"WebSite","@id":"https:\/\/mont-roig.cat\/es\/#website","url":"https:\/\/mont-roig.cat\/es\/","name":"Ajuntament de Mont-roig del Camp","description":"Tota la informaci\u00f3 sobre la instituci\u00f3, els seus \u00f2rgans de govern, actualitat, serveis i molt m\u00e9s.","potentialAction":[{"@type":"SearchAction","target":{"@type":"EntryPoint","urlTemplate":"https:\/\/mont-roig.cat\/es\/?s={search_term_string}"},"query-input":{"@type":"PropertyValueSpecification","valueRequired":true,"valueName":"search_term_string"}}],"inLanguage":"es"},{"@type":"Person","@id":"https:\/\/mont-roig.cat\/es\/#\/schema\/person\/f2b111789f22b7d0c3bd6786c9128cba","name":"administrador","image":{"@type":"ImageObject","inLanguage":"es","@id":"https:\/\/secure.gravatar.com\/avatar\/9137aac6891e2595c9d3036fd83bcb653b4db3c946db4c7d9b9be193c3c944bb?s=96&d=mm&r=g","url":"https:\/\/secure.gravatar.com\/avatar\/9137aac6891e2595c9d3036fd83bcb653b4db3c946db4c7d9b9be193c3c944bb?s=96&d=mm&r=g","contentUrl":"https:\/\/secure.gravatar.com\/avatar\/9137aac6891e2595c9d3036fd83bcb653b4db3c946db4c7d9b9be193c3c944bb?s=96&d=mm&r=g","caption":"administrador"},"url":"https:\/\/mont-roig.cat\/es\/actualitat\/noticies\/author\/administrador\/"}]}},"_links":{"self":[{"href":"https:\/\/mont-roig.cat\/es\/wp-json\/wp\/v2\/posts\/37118","targetHints":{"allow":["GET"]}}],"collection":[{"href":"https:\/\/mont-roig.cat\/es\/wp-json\/wp\/v2\/posts"}],"about":[{"href":"https:\/\/mont-roig.cat\/es\/wp-json\/wp\/v2\/types\/post"}],"author":[{"embeddable":true,"href":"https:\/\/mont-roig.cat\/es\/wp-json\/wp\/v2\/users\/4"}],"replies":[{"embeddable":true,"href":"https:\/\/mont-roig.cat\/es\/wp-json\/wp\/v2\/comments?post=37118"}],"version-history":[{"count":2,"href":"https:\/\/mont-roig.cat\/es\/wp-json\/wp\/v2\/posts\/37118\/revisions"}],"predecessor-version":[{"id":37120,"href":"https:\/\/mont-roig.cat\/es\/wp-json\/wp\/v2\/posts\/37118\/revisions\/37120"}],"wp:featuredmedia":[{"embeddable":true,"href":"https:\/\/mont-roig.cat\/es\/wp-json\/wp\/v2\/media\/37114"}],"wp:attachment":[{"href":"https:\/\/mont-roig.cat\/es\/wp-json\/wp\/v2\/media?parent=37118"}],"wp:term":[{"taxonomy":"category","embeddable":true,"href":"https:\/\/mont-roig.cat\/es\/wp-json\/wp\/v2\/categories?post=37118"},{"taxonomy":"post_tag","embeddable":true,"href":"https:\/\/mont-roig.cat\/es\/wp-json\/wp\/v2\/tags?post=37118"}],"curies":[{"name":"wp","href":"https:\/\/api.w.org\/{rel}","templated":true}]}}