{"id":38317,"date":"2019-07-30T14:51:22","date_gmt":"2019-07-30T12:51:22","guid":{"rendered":"https:\/\/mont-roig.cat\/?p=38317"},"modified":"2019-07-30T14:51:22","modified_gmt":"2019-07-30T12:51:22","slug":"la-138-fira-de-mont-roig-del-camp-arranca-el-jueves-con-la-ruta-la-tapafira","status":"publish","type":"post","link":"https:\/\/mont-roig.cat\/es\/actualitat\/noticies\/la-138-fira-de-mont-roig-del-camp-arranca-el-jueves-con-la-ruta-la-tapafira\/","title":{"rendered":"La 138 Fira de Mont-roig del Camp arranca el jueves con la ruta La TapaFira"},"content":{"rendered":"<ul>\n<li><strong>Esta es la principal novedad de una de las ferias con m\u00e1s tradici\u00f3n del territorio que tendr\u00e1 lugar del 1 al 4 de agosto y que contar\u00e1 con un recinto ferial dedicado a la gastronom\u00eda y zona multisectorial, adem\u00e1s de diversas actividades festivas y l\u00fadicas para todos los p\u00fablicos<\/strong><\/li>\n<\/ul>\n<div id=\"attachment_38143\" style=\"width: 260px\" class=\"wp-caption alignright\"><a href=\"https:\/\/mont-roig.cat\/wp-content\/uploads\/Cartell-Fira-de-Mont-roig-del-Camp-2019.png\"><img loading=\"lazy\" decoding=\"async\" aria-describedby=\"caption-attachment-38143\" class=\"wp-image-38143\" src=\"https:\/\/mont-roig.cat\/wp-content\/uploads\/Cartell-Fira-de-Mont-roig-del-Camp-2019.png\" alt=\"\" width=\"250\" height=\"353\" srcset=\"https:\/\/mont-roig.cat\/wp-content\/uploads\/Cartell-Fira-de-Mont-roig-del-Camp-2019.png 605w, https:\/\/mont-roig.cat\/wp-content\/uploads\/Cartell-Fira-de-Mont-roig-del-Camp-2019-354x500.png 354w\" sizes=\"auto, (max-width: 250px) 100vw, 250px\" \/><\/a><p id=\"caption-attachment-38143\" class=\"wp-caption-text\">Cartell 138a Fira de Mont-roig del Camp<\/p><\/div>\n<p>La ruta de tapas La TapaFira es una de las novedades de la 138 Fira de Mont-roig del Camp, que arranca este jueves d\u00eda 1 y se alargar\u00e1 hasta el domingo 4 de agosto. Una de las ferias con m\u00e1s trayectoria del territorio volver\u00e1 a ofrecer un amplio programa de actividades festivas y l\u00fadicas para todos los p\u00fablicos y un recinto ferial dedicado a la alimentaci\u00f3n, con el espacio gastron\u00f3mico La Cullerada, adem\u00e1s de una zona multisectorial, otra de las novedades de esta edici\u00f3n.<\/p>\n<ul>\n<li><strong><a href=\"https:\/\/mont-roig.cat\/wp-content\/uploads\/Fira-de-Mont-roig-del-Camp.pdf\" target=\"_blank\" rel=\"noopener noreferrer\">Programa de actividades de la Fira de Mont-roig del Camp 2019<\/a><\/strong><\/li>\n<\/ul>\n<p>La TapaFira, que hasta ahora se llevaba a cabo en el recinto ferial, cambia de formato y se convierte en una ruta de tapas por el n\u00facleo de Mont-roig, con el objetivo de dinamizar los establecimientos de restauraci\u00f3n y dar a conocer su oferta gastron\u00f3mica y sus locales. As\u00ed lo ha explicado la concejal de Impulso Econ\u00f3mico y Turismo del Ayuntamiento de Mont-roig del Camp, Yolanda P\u00e9rez, durante el acto de presentaci\u00f3n de La TapaFira, que ha tenido lugar este martes al mediod\u00eda en la plaza de Miramar de Mont-roig. Los 9 establecimientos que participan en la iniciativa han dado a conocer las tapas que ofrecer\u00e1n durante estos cuatro d\u00edas (al precio de 2,5 euros tapa + bebida). El alcalde de Mont-roig del Camp, Fran Morancho, que tambi\u00e9n ha asistido al acto, ha agradecido a los participantes que se hayan querido adherir a la propuesta que permite ampliar el programa de la Fira y a la vez contribuye a posicionar el municipio, tambi\u00e9n en el \u00e1mbito de la gastronom\u00eda.<\/p>\n<p>Las personas que hagan 5 tapas o m\u00e1s de la ruta tendr\u00e1n premio directo. Adem\u00e1s, llenando los boletos que encontrar\u00e1n en los locales participantes podr\u00e1n entrar en el sorteo de 9 comidas para dos personas en los establecimientos de La TapaFira.<\/p>\n<ul>\n<li><a href=\"https:\/\/mont-roig.cat\/wp-content\/uploads\/TapaFira-2019.pdf\" target=\"_blank\" rel=\"noopener noreferrer\">Folleto informativo ruta La TapaFira 2019<\/a><\/li>\n<\/ul>\n\n\t\t<style type=\"text\/css\">\n\t\t\t#gallery-1 {\n\t\t\t\tmargin: auto;\n\t\t\t}\n\t\t\t#gallery-1 .gallery-item {\n\t\t\t\tfloat: left;\n\t\t\t\tmargin-top: 10px;\n\t\t\t\ttext-align: center;\n\t\t\t\twidth: 33%;\n\t\t\t}\n\t\t\t#gallery-1 img {\n\t\t\t\tborder: 2px solid #cfcfcf;\n\t\t\t}\n\t\t\t#gallery-1 .gallery-caption {\n\t\t\t\tmargin-left: 0;\n\t\t\t}\n\t\t\t\/* see gallery_shortcode() in wp-includes\/media.php *\/\n\t\t<\/style>\n\t\t<div id='gallery-1' class='gallery galleryid-38317 gallery-columns-3 gallery-size-medium'><dl class='gallery-item'>\n\t\t\t<dt class='gallery-icon landscape'>\n\t\t\t\t<a href='https:\/\/mont-roig.cat\/wp-content\/uploads\/Presentaci\u00f3-La-TapaFira.jpg'><img loading=\"lazy\" decoding=\"async\" width=\"500\" height=\"375\" src=\"https:\/\/mont-roig.cat\/wp-content\/uploads\/Presentaci\u00f3-La-TapaFira-500x375.jpg\" class=\"attachment-medium size-medium\" alt=\"\" srcset=\"https:\/\/mont-roig.cat\/wp-content\/uploads\/Presentaci\u00f3-La-TapaFira-500x375.jpg 500w, https:\/\/mont-roig.cat\/wp-content\/uploads\/Presentaci\u00f3-La-TapaFira-768x576.jpg 768w, https:\/\/mont-roig.cat\/wp-content\/uploads\/Presentaci\u00f3-La-TapaFira-1024x768.jpg 1024w, https:\/\/mont-roig.cat\/wp-content\/uploads\/Presentaci\u00f3-La-TapaFira-463x348.jpg 463w\" sizes=\"auto, (max-width: 500px) 100vw, 500px\" \/><\/a>\n\t\t\t<\/dt><\/dl><dl class='gallery-item'>\n\t\t\t<dt class='gallery-icon landscape'>\n\t\t\t\t<a href='https:\/\/mont-roig.cat\/wp-content\/uploads\/La-TapaFira.jpg'><img loading=\"lazy\" decoding=\"async\" width=\"500\" height=\"375\" src=\"https:\/\/mont-roig.cat\/wp-content\/uploads\/La-TapaFira-500x375.jpg\" class=\"attachment-medium size-medium\" alt=\"\" srcset=\"https:\/\/mont-roig.cat\/wp-content\/uploads\/La-TapaFira-500x375.jpg 500w, https:\/\/mont-roig.cat\/wp-content\/uploads\/La-TapaFira-768x576.jpg 768w, https:\/\/mont-roig.cat\/wp-content\/uploads\/La-TapaFira-1024x768.jpg 1024w, https:\/\/mont-roig.cat\/wp-content\/uploads\/La-TapaFira-463x348.jpg 463w\" sizes=\"auto, (max-width: 500px) 100vw, 500px\" \/><\/a>\n\t\t\t<\/dt><\/dl><dl class='gallery-item'>\n\t\t\t<dt class='gallery-icon landscape'>\n\t\t\t\t<a href='https:\/\/mont-roig.cat\/wp-content\/uploads\/La-TapaFira_3.jpg'><img loading=\"lazy\" decoding=\"async\" width=\"500\" height=\"375\" src=\"https:\/\/mont-roig.cat\/wp-content\/uploads\/La-TapaFira_3-500x375.jpg\" class=\"attachment-medium size-medium\" alt=\"\" srcset=\"https:\/\/mont-roig.cat\/wp-content\/uploads\/La-TapaFira_3-500x375.jpg 500w, https:\/\/mont-roig.cat\/wp-content\/uploads\/La-TapaFira_3-768x576.jpg 768w, https:\/\/mont-roig.cat\/wp-content\/uploads\/La-TapaFira_3-1024x768.jpg 1024w, https:\/\/mont-roig.cat\/wp-content\/uploads\/La-TapaFira_3-463x348.jpg 463w\" sizes=\"auto, (max-width: 500px) 100vw, 500px\" \/><\/a>\n\t\t\t<\/dt><\/dl><br style=\"clear: both\" \/><dl class='gallery-item'>\n\t\t\t<dt class='gallery-icon landscape'>\n\t\t\t\t<a href='https:\/\/mont-roig.cat\/wp-content\/uploads\/La-TapaFira_6.jpg'><img loading=\"lazy\" decoding=\"async\" width=\"500\" height=\"375\" src=\"https:\/\/mont-roig.cat\/wp-content\/uploads\/La-TapaFira_6-500x375.jpg\" class=\"attachment-medium size-medium\" alt=\"\" srcset=\"https:\/\/mont-roig.cat\/wp-content\/uploads\/La-TapaFira_6-500x375.jpg 500w, https:\/\/mont-roig.cat\/wp-content\/uploads\/La-TapaFira_6-768x576.jpg 768w, https:\/\/mont-roig.cat\/wp-content\/uploads\/La-TapaFira_6-1024x768.jpg 1024w, https:\/\/mont-roig.cat\/wp-content\/uploads\/La-TapaFira_6-463x348.jpg 463w\" sizes=\"auto, (max-width: 500px) 100vw, 500px\" \/><\/a>\n\t\t\t<\/dt><\/dl><dl class='gallery-item'>\n\t\t\t<dt class='gallery-icon landscape'>\n\t\t\t\t<a href='https:\/\/mont-roig.cat\/wp-content\/uploads\/La-TapaFira_4.jpg'><img loading=\"lazy\" decoding=\"async\" width=\"500\" height=\"375\" src=\"https:\/\/mont-roig.cat\/wp-content\/uploads\/La-TapaFira_4-500x375.jpg\" class=\"attachment-medium size-medium\" alt=\"\" srcset=\"https:\/\/mont-roig.cat\/wp-content\/uploads\/La-TapaFira_4-500x375.jpg 500w, https:\/\/mont-roig.cat\/wp-content\/uploads\/La-TapaFira_4-768x576.jpg 768w, https:\/\/mont-roig.cat\/wp-content\/uploads\/La-TapaFira_4-1024x768.jpg 1024w, https:\/\/mont-roig.cat\/wp-content\/uploads\/La-TapaFira_4-463x348.jpg 463w\" sizes=\"auto, (max-width: 500px) 100vw, 500px\" \/><\/a>\n\t\t\t<\/dt><\/dl><dl class='gallery-item'>\n\t\t\t<dt class='gallery-icon landscape'>\n\t\t\t\t<a href='https:\/\/mont-roig.cat\/wp-content\/uploads\/La-TapaFira_7.jpg'><img loading=\"lazy\" decoding=\"async\" width=\"500\" height=\"375\" src=\"https:\/\/mont-roig.cat\/wp-content\/uploads\/La-TapaFira_7-500x375.jpg\" class=\"attachment-medium size-medium\" alt=\"\" srcset=\"https:\/\/mont-roig.cat\/wp-content\/uploads\/La-TapaFira_7-500x375.jpg 500w, https:\/\/mont-roig.cat\/wp-content\/uploads\/La-TapaFira_7-768x576.jpg 768w, https:\/\/mont-roig.cat\/wp-content\/uploads\/La-TapaFira_7-1024x768.jpg 1024w, https:\/\/mont-roig.cat\/wp-content\/uploads\/La-TapaFira_7-463x348.jpg 463w\" sizes=\"auto, (max-width: 500px) 100vw, 500px\" \/><\/a>\n\t\t\t<\/dt><\/dl><br style=\"clear: both\" \/>\n\t\t<\/div>\n\n<p>&nbsp;<\/p>\n<p><strong>Recinto ferial con espacio gastron\u00f3mico, zona multisectorial y concurso de cocina<\/strong><\/p>\n<p>El recinto ferial, abierto los d\u00edas 2,3 y 4 y ubicado en la calle Aureli M. Escarr\u00e9, contar\u00e1 con el espacio gastron\u00f3mico La Cullerada, donde se podr\u00e1n degustar y comprar diversos productos de alimentaci\u00f3n, as\u00ed como disfrutar de m\u00fasica en directo. Tambi\u00e9n, como novedad, se habilitar\u00e1 una zona multisectorial que contar\u00e1 con otras empresas de la zona y establecimientos locales que tambi\u00e9n dar\u00e1n a conocer sus productos.<\/p>\n<p>Adem\u00e1s, por segundo a\u00f1o consecutivo se organiza el concurso de cocina de la Fira. El jurado, formado por miembros del asociacionismo local, degustar\u00e1 las propuestas presentadas el domingo 4 de agosto a las 7 de la tarde, seleccionar\u00e1 el mejor plato teniendo en cuenta la receta, la t\u00e9cnica, los productos y la presentaci\u00f3n. Adem\u00e1s, durante el concurso habr\u00e1 un taller de cocina a cargo de la cocinera reusense Mariona Quadrada. Las inscripciones para participar en el concurso se pueden hacer hasta el viernes en las Oficinas Municipales de Atenci\u00f3n a la Ciudadan\u00eda y en la oficina del Espai.<\/p>\n<p><strong>Concierto con la orquesta Costa Brava y teatro con la comedia Oh Mami!<\/strong><\/p>\n<div id=\"attachment_38221\" style=\"width: 410px\" class=\"wp-caption alignright\"><a href=\"https:\/\/mont-roig.cat\/wp-content\/uploads\/oh-mami.jpg\"><img loading=\"lazy\" decoding=\"async\" aria-describedby=\"caption-attachment-38221\" class=\"wp-image-38221\" src=\"https:\/\/mont-roig.cat\/wp-content\/uploads\/oh-mami.jpg\" alt=\"\" width=\"400\" height=\"178\" srcset=\"https:\/\/mont-roig.cat\/wp-content\/uploads\/oh-mami.jpg 720w, https:\/\/mont-roig.cat\/wp-content\/uploads\/oh-mami-500x222.jpg 500w\" sizes=\"auto, (max-width: 400px) 100vw, 400px\" \/><\/a><p id=\"caption-attachment-38221\" class=\"wp-caption-text\">La comedia Oh Mami! servir\u00e1 para cerrar su 138 Fira de Mont-roig del Camp<\/p><\/div>\n<p>La Feria es, sin duda, una gran fiesta para Mont-roig. As\u00ed, durante estos d\u00edas, desde el departamento de Fiestas del Ayuntamiento y con la especial colaboraci\u00f3n de las entidades del municipio, se organizan tambi\u00e9n diversas actividades festivas. Dos de las propuestas m\u00e1s esperadas son el concierto y baile, este a\u00f1o, de nuevo, con la orquesta Costa Brava, as\u00ed como el teatro, con la comedia de enredos Oh Mami!, protagonizada por Anna Barrachina (venta de entradas anticipadas a: entradium.com y en las OMAC).<\/p>\n<p>Adem\u00e1s, el programa festivo ofrece otros actos destacados como las habaneras con el grupo Mar Endins, la fiesta joven con el show de Men\u00e9alo On tour y M\u00e1s &amp; M\u00e1s, con espuma, burbujas y animaci\u00f3n. El castillo de fuegos artificiales, el tobog\u00e1n acu\u00e1tico, la batalla de batucadas y el correfoc son otras actividades programadas que se completan con los actos que han preparado las entidades locales como la Garrofang, los <em>gegants<\/em>, exposiciones, discoteca m\u00f3vil o las competiciones de billar, baloncesto y f\u00fatbol.<\/p>\n<p>El certamen tambi\u00e9n contar\u00e1 con las habituales atracciones, as\u00ed como con servicio de bus gratuito entre Miami Platja y el recinto ferial.<\/p>\n<p>Y para todos aquellos amantes de la gastronom\u00eda, las fiestas y la fotograf\u00eda hay que recordar que se vuelve a poner en marcha un concurso de Instagram y Facebook. Las fotograf\u00edas m\u00e1s representativas de las actividades que utilicen la etiqueta #FiraMontroig19 podr\u00e1n optar a varios premios.<\/p>\n<p>Bases concurso de cocina y de fotograf\u00edas:<\/p>\n<ul>\n<li><a href=\"https:\/\/mont-roig.cat\/wp-content\/uploads\/Bases-Concurs-de-Cuina-de-la-Fira-2019.pdf\" target=\"_blank\" rel=\"noopener noreferrer\">Bases Concurso de Cocina de la Fira 2019<\/a><\/li>\n<li><a href=\"https:\/\/mont-roig.cat\/wp-content\/uploads\/Formulari-inscripci\u00f3-Concurs-de-Cuina-de-la-Fira-2019.pdf\" target=\"_blank\" rel=\"noopener noreferrer\">Formulario inscripci\u00f3n Concurso de Cocina de la Fira 2019<\/a><\/li>\n<li><a href=\"https:\/\/mont-roig.cat\/wp-content\/uploads\/Bases-Concurs-Instagram-i-Facebook-La-Fira-2019.pdf\" target=\"_blank\" rel=\"noopener noreferrer\">Bases Concurso Instagram y Facebook La Fira 2019<\/a><\/li>\n<\/ul>\n","protected":false},"excerpt":{"rendered":"<p>Esta es la principal novedad de una de las ferias con m\u00e1s tradici\u00f3n del territorio que tendr\u00e1 lugar del 1 al 4 de agosto y que contar\u00e1 con un recinto ferial dedicado a la gastronom\u00eda y zona multisectorial, adem\u00e1s de diversas actividades festivas y l\u00fadicas para todos los p\u00fablicos La ruta de tapas La TapaFira [&hellip;]<\/p>\n","protected":false},"author":4,"featured_media":38306,"comment_status":"closed","ping_status":"closed","sticky":false,"template":"","format":"standard","meta":{"inline_featured_image":false,"_monsterinsights_skip_tracking":false,"_monsterinsights_sitenote_active":false,"_monsterinsights_sitenote_note":"","_monsterinsights_sitenote_category":0,"footnotes":""},"categories":[105,155],"tags":[],"class_list":["post-38317","post","type-post","status-publish","format-standard","has-post-thumbnail","hentry","category-fiestas","category-impulso-economico-y-ocupacion"],"yoast_head":"<!-- This site is optimized with the Yoast SEO plugin v27.4 - https:\/\/yoast.com\/product\/yoast-seo-wordpress\/ -->\n<title>La 138 Fira de Mont-roig del Camp arranca el jueves con la ruta La TapaFira - Ajuntament de Mont-roig del Camp<\/title>\n<meta name=\"robots\" content=\"index, follow, max-snippet:-1, max-image-preview:large, max-video-preview:-1\" \/>\n<link rel=\"canonical\" href=\"https:\/\/mont-roig.cat\/es\/actualitat\/noticies\/la-138-fira-de-mont-roig-del-camp-arranca-el-jueves-con-la-ruta-la-tapafira\/\" \/>\n<meta property=\"og:locale\" content=\"es_ES\" \/>\n<meta property=\"og:type\" content=\"article\" \/>\n<meta property=\"og:title\" content=\"La 138 Fira de Mont-roig del Camp arranca el jueves con la ruta La TapaFira - Ajuntament de Mont-roig del Camp\" \/>\n<meta property=\"og:description\" content=\"Esta es la principal novedad de una de las ferias con m\u00e1s tradici\u00f3n del territorio que tendr\u00e1 lugar del 1 al 4 de agosto y que contar\u00e1 con un recinto ferial dedicado a la gastronom\u00eda y zona multisectorial, adem\u00e1s de diversas actividades festivas y l\u00fadicas para todos los p\u00fablicos La ruta de tapas La TapaFira [&hellip;]\" \/>\n<meta property=\"og:url\" content=\"https:\/\/mont-roig.cat\/es\/actualitat\/noticies\/la-138-fira-de-mont-roig-del-camp-arranca-el-jueves-con-la-ruta-la-tapafira\/\" \/>\n<meta property=\"og:site_name\" content=\"Ajuntament de Mont-roig del Camp\" \/>\n<meta property=\"article:published_time\" content=\"2019-07-30T12:51:22+00:00\" \/>\n<meta property=\"og:image\" content=\"https:\/\/mont-roig.cat\/wp-content\/uploads\/Presentaci\u00f3-La-TapaFira.jpg\" \/>\n\t<meta property=\"og:image:width\" content=\"3993\" \/>\n\t<meta property=\"og:image:height\" content=\"2994\" \/>\n\t<meta property=\"og:image:type\" content=\"image\/jpeg\" \/>\n<meta name=\"author\" content=\"administrador\" \/>\n<meta name=\"twitter:card\" content=\"summary_large_image\" \/>\n<meta name=\"twitter:label1\" content=\"Escrito por\" \/>\n\t<meta name=\"twitter:data1\" content=\"administrador\" \/>\n\t<meta name=\"twitter:label2\" content=\"Tiempo de lectura\" \/>\n\t<meta name=\"twitter:data2\" content=\"5 minutos\" \/>\n<script type=\"application\/ld+json\" class=\"yoast-schema-graph\">{\"@context\":\"https:\\\/\\\/schema.org\",\"@graph\":[{\"@type\":\"Article\",\"@id\":\"https:\\\/\\\/mont-roig.cat\\\/es\\\/actualitat\\\/noticies\\\/la-138-fira-de-mont-roig-del-camp-arranca-el-jueves-con-la-ruta-la-tapafira\\\/#article\",\"isPartOf\":{\"@id\":\"https:\\\/\\\/mont-roig.cat\\\/es\\\/actualitat\\\/noticies\\\/la-138-fira-de-mont-roig-del-camp-arranca-el-jueves-con-la-ruta-la-tapafira\\\/\"},\"author\":{\"name\":\"administrador\",\"@id\":\"https:\\\/\\\/mont-roig.cat\\\/es\\\/#\\\/schema\\\/person\\\/f2b111789f22b7d0c3bd6786c9128cba\"},\"headline\":\"La 138 Fira de Mont-roig del Camp arranca el jueves con la ruta La TapaFira\",\"datePublished\":\"2019-07-30T12:51:22+00:00\",\"mainEntityOfPage\":{\"@id\":\"https:\\\/\\\/mont-roig.cat\\\/es\\\/actualitat\\\/noticies\\\/la-138-fira-de-mont-roig-del-camp-arranca-el-jueves-con-la-ruta-la-tapafira\\\/\"},\"wordCount\":925,\"image\":{\"@id\":\"https:\\\/\\\/mont-roig.cat\\\/es\\\/actualitat\\\/noticies\\\/la-138-fira-de-mont-roig-del-camp-arranca-el-jueves-con-la-ruta-la-tapafira\\\/#primaryimage\"},\"thumbnailUrl\":\"https:\\\/\\\/mont-roig.cat\\\/wp-content\\\/uploads\\\/Presentaci\u00f3-La-TapaFira.jpg\",\"articleSection\":[\"Festes\",\"Impulso Econ\u00f3mico y Ocupaci\u00f3n\"],\"inLanguage\":\"es\"},{\"@type\":\"WebPage\",\"@id\":\"https:\\\/\\\/mont-roig.cat\\\/es\\\/actualitat\\\/noticies\\\/la-138-fira-de-mont-roig-del-camp-arranca-el-jueves-con-la-ruta-la-tapafira\\\/\",\"url\":\"https:\\\/\\\/mont-roig.cat\\\/es\\\/actualitat\\\/noticies\\\/la-138-fira-de-mont-roig-del-camp-arranca-el-jueves-con-la-ruta-la-tapafira\\\/\",\"name\":\"La 138 Fira de Mont-roig del Camp arranca el jueves con la ruta La TapaFira - Ajuntament de Mont-roig del Camp\",\"isPartOf\":{\"@id\":\"https:\\\/\\\/mont-roig.cat\\\/es\\\/#website\"},\"primaryImageOfPage\":{\"@id\":\"https:\\\/\\\/mont-roig.cat\\\/es\\\/actualitat\\\/noticies\\\/la-138-fira-de-mont-roig-del-camp-arranca-el-jueves-con-la-ruta-la-tapafira\\\/#primaryimage\"},\"image\":{\"@id\":\"https:\\\/\\\/mont-roig.cat\\\/es\\\/actualitat\\\/noticies\\\/la-138-fira-de-mont-roig-del-camp-arranca-el-jueves-con-la-ruta-la-tapafira\\\/#primaryimage\"},\"thumbnailUrl\":\"https:\\\/\\\/mont-roig.cat\\\/wp-content\\\/uploads\\\/Presentaci\u00f3-La-TapaFira.jpg\",\"datePublished\":\"2019-07-30T12:51:22+00:00\",\"author\":{\"@id\":\"https:\\\/\\\/mont-roig.cat\\\/es\\\/#\\\/schema\\\/person\\\/f2b111789f22b7d0c3bd6786c9128cba\"},\"breadcrumb\":{\"@id\":\"https:\\\/\\\/mont-roig.cat\\\/es\\\/actualitat\\\/noticies\\\/la-138-fira-de-mont-roig-del-camp-arranca-el-jueves-con-la-ruta-la-tapafira\\\/#breadcrumb\"},\"inLanguage\":\"es\",\"potentialAction\":[{\"@type\":\"ReadAction\",\"target\":[\"https:\\\/\\\/mont-roig.cat\\\/es\\\/actualitat\\\/noticies\\\/la-138-fira-de-mont-roig-del-camp-arranca-el-jueves-con-la-ruta-la-tapafira\\\/\"]}]},{\"@type\":\"ImageObject\",\"inLanguage\":\"es\",\"@id\":\"https:\\\/\\\/mont-roig.cat\\\/es\\\/actualitat\\\/noticies\\\/la-138-fira-de-mont-roig-del-camp-arranca-el-jueves-con-la-ruta-la-tapafira\\\/#primaryimage\",\"url\":\"https:\\\/\\\/mont-roig.cat\\\/wp-content\\\/uploads\\\/Presentaci\u00f3-La-TapaFira.jpg\",\"contentUrl\":\"https:\\\/\\\/mont-roig.cat\\\/wp-content\\\/uploads\\\/Presentaci\u00f3-La-TapaFira.jpg\",\"width\":3993,\"height\":2994},{\"@type\":\"BreadcrumbList\",\"@id\":\"https:\\\/\\\/mont-roig.cat\\\/es\\\/actualitat\\\/noticies\\\/la-138-fira-de-mont-roig-del-camp-arranca-el-jueves-con-la-ruta-la-tapafira\\\/#breadcrumb\",\"itemListElement\":[{\"@type\":\"ListItem\",\"position\":1,\"name\":\"Inici\",\"item\":\"https:\\\/\\\/mont-roig.cat\\\/es\\\/pagina-de-inicio\\\/\"},{\"@type\":\"ListItem\",\"position\":2,\"name\":\"La 138 Fira de Mont-roig del Camp arranca el jueves con la ruta La TapaFira\"}]},{\"@type\":\"WebSite\",\"@id\":\"https:\\\/\\\/mont-roig.cat\\\/es\\\/#website\",\"url\":\"https:\\\/\\\/mont-roig.cat\\\/es\\\/\",\"name\":\"Ajuntament de Mont-roig del Camp\",\"description\":\"Tota la informaci\u00f3 sobre la instituci\u00f3, els seus \u00f2rgans de govern, actualitat, serveis i molt m\u00e9s.\",\"potentialAction\":[{\"@type\":\"SearchAction\",\"target\":{\"@type\":\"EntryPoint\",\"urlTemplate\":\"https:\\\/\\\/mont-roig.cat\\\/es\\\/?s={search_term_string}\"},\"query-input\":{\"@type\":\"PropertyValueSpecification\",\"valueRequired\":true,\"valueName\":\"search_term_string\"}}],\"inLanguage\":\"es\"},{\"@type\":\"Person\",\"@id\":\"https:\\\/\\\/mont-roig.cat\\\/es\\\/#\\\/schema\\\/person\\\/f2b111789f22b7d0c3bd6786c9128cba\",\"name\":\"administrador\",\"image\":{\"@type\":\"ImageObject\",\"inLanguage\":\"es\",\"@id\":\"https:\\\/\\\/secure.gravatar.com\\\/avatar\\\/9137aac6891e2595c9d3036fd83bcb653b4db3c946db4c7d9b9be193c3c944bb?s=96&d=mm&r=g\",\"url\":\"https:\\\/\\\/secure.gravatar.com\\\/avatar\\\/9137aac6891e2595c9d3036fd83bcb653b4db3c946db4c7d9b9be193c3c944bb?s=96&d=mm&r=g\",\"contentUrl\":\"https:\\\/\\\/secure.gravatar.com\\\/avatar\\\/9137aac6891e2595c9d3036fd83bcb653b4db3c946db4c7d9b9be193c3c944bb?s=96&d=mm&r=g\",\"caption\":\"administrador\"},\"url\":\"https:\\\/\\\/mont-roig.cat\\\/es\\\/actualitat\\\/noticies\\\/author\\\/administrador\\\/\"}]}<\/script>\n<!-- \/ Yoast SEO plugin. -->","yoast_head_json":{"title":"La 138 Fira de Mont-roig del Camp arranca el jueves con la ruta La TapaFira - Ajuntament de Mont-roig del Camp","robots":{"index":"index","follow":"follow","max-snippet":"max-snippet:-1","max-image-preview":"max-image-preview:large","max-video-preview":"max-video-preview:-1"},"canonical":"https:\/\/mont-roig.cat\/es\/actualitat\/noticies\/la-138-fira-de-mont-roig-del-camp-arranca-el-jueves-con-la-ruta-la-tapafira\/","og_locale":"es_ES","og_type":"article","og_title":"La 138 Fira de Mont-roig del Camp arranca el jueves con la ruta La TapaFira - Ajuntament de Mont-roig del Camp","og_description":"Esta es la principal novedad de una de las ferias con m\u00e1s tradici\u00f3n del territorio que tendr\u00e1 lugar del 1 al 4 de agosto y que contar\u00e1 con un recinto ferial dedicado a la gastronom\u00eda y zona multisectorial, adem\u00e1s de diversas actividades festivas y l\u00fadicas para todos los p\u00fablicos La ruta de tapas La TapaFira [&hellip;]","og_url":"https:\/\/mont-roig.cat\/es\/actualitat\/noticies\/la-138-fira-de-mont-roig-del-camp-arranca-el-jueves-con-la-ruta-la-tapafira\/","og_site_name":"Ajuntament de Mont-roig del Camp","article_published_time":"2019-07-30T12:51:22+00:00","og_image":[{"width":3993,"height":2994,"url":"https:\/\/mont-roig.cat\/wp-content\/uploads\/Presentaci\u00f3-La-TapaFira.jpg","type":"image\/jpeg"}],"author":"administrador","twitter_card":"summary_large_image","twitter_misc":{"Escrito por":"administrador","Tiempo de lectura":"5 minutos"},"schema":{"@context":"https:\/\/schema.org","@graph":[{"@type":"Article","@id":"https:\/\/mont-roig.cat\/es\/actualitat\/noticies\/la-138-fira-de-mont-roig-del-camp-arranca-el-jueves-con-la-ruta-la-tapafira\/#article","isPartOf":{"@id":"https:\/\/mont-roig.cat\/es\/actualitat\/noticies\/la-138-fira-de-mont-roig-del-camp-arranca-el-jueves-con-la-ruta-la-tapafira\/"},"author":{"name":"administrador","@id":"https:\/\/mont-roig.cat\/es\/#\/schema\/person\/f2b111789f22b7d0c3bd6786c9128cba"},"headline":"La 138 Fira de Mont-roig del Camp arranca el jueves con la ruta La TapaFira","datePublished":"2019-07-30T12:51:22+00:00","mainEntityOfPage":{"@id":"https:\/\/mont-roig.cat\/es\/actualitat\/noticies\/la-138-fira-de-mont-roig-del-camp-arranca-el-jueves-con-la-ruta-la-tapafira\/"},"wordCount":925,"image":{"@id":"https:\/\/mont-roig.cat\/es\/actualitat\/noticies\/la-138-fira-de-mont-roig-del-camp-arranca-el-jueves-con-la-ruta-la-tapafira\/#primaryimage"},"thumbnailUrl":"https:\/\/mont-roig.cat\/wp-content\/uploads\/Presentaci\u00f3-La-TapaFira.jpg","articleSection":["Festes","Impulso Econ\u00f3mico y Ocupaci\u00f3n"],"inLanguage":"es"},{"@type":"WebPage","@id":"https:\/\/mont-roig.cat\/es\/actualitat\/noticies\/la-138-fira-de-mont-roig-del-camp-arranca-el-jueves-con-la-ruta-la-tapafira\/","url":"https:\/\/mont-roig.cat\/es\/actualitat\/noticies\/la-138-fira-de-mont-roig-del-camp-arranca-el-jueves-con-la-ruta-la-tapafira\/","name":"La 138 Fira de Mont-roig del Camp arranca el jueves con la ruta La TapaFira - Ajuntament de Mont-roig del Camp","isPartOf":{"@id":"https:\/\/mont-roig.cat\/es\/#website"},"primaryImageOfPage":{"@id":"https:\/\/mont-roig.cat\/es\/actualitat\/noticies\/la-138-fira-de-mont-roig-del-camp-arranca-el-jueves-con-la-ruta-la-tapafira\/#primaryimage"},"image":{"@id":"https:\/\/mont-roig.cat\/es\/actualitat\/noticies\/la-138-fira-de-mont-roig-del-camp-arranca-el-jueves-con-la-ruta-la-tapafira\/#primaryimage"},"thumbnailUrl":"https:\/\/mont-roig.cat\/wp-content\/uploads\/Presentaci\u00f3-La-TapaFira.jpg","datePublished":"2019-07-30T12:51:22+00:00","author":{"@id":"https:\/\/mont-roig.cat\/es\/#\/schema\/person\/f2b111789f22b7d0c3bd6786c9128cba"},"breadcrumb":{"@id":"https:\/\/mont-roig.cat\/es\/actualitat\/noticies\/la-138-fira-de-mont-roig-del-camp-arranca-el-jueves-con-la-ruta-la-tapafira\/#breadcrumb"},"inLanguage":"es","potentialAction":[{"@type":"ReadAction","target":["https:\/\/mont-roig.cat\/es\/actualitat\/noticies\/la-138-fira-de-mont-roig-del-camp-arranca-el-jueves-con-la-ruta-la-tapafira\/"]}]},{"@type":"ImageObject","inLanguage":"es","@id":"https:\/\/mont-roig.cat\/es\/actualitat\/noticies\/la-138-fira-de-mont-roig-del-camp-arranca-el-jueves-con-la-ruta-la-tapafira\/#primaryimage","url":"https:\/\/mont-roig.cat\/wp-content\/uploads\/Presentaci\u00f3-La-TapaFira.jpg","contentUrl":"https:\/\/mont-roig.cat\/wp-content\/uploads\/Presentaci\u00f3-La-TapaFira.jpg","width":3993,"height":2994},{"@type":"BreadcrumbList","@id":"https:\/\/mont-roig.cat\/es\/actualitat\/noticies\/la-138-fira-de-mont-roig-del-camp-arranca-el-jueves-con-la-ruta-la-tapafira\/#breadcrumb","itemListElement":[{"@type":"ListItem","position":1,"name":"Inici","item":"https:\/\/mont-roig.cat\/es\/pagina-de-inicio\/"},{"@type":"ListItem","position":2,"name":"La 138 Fira de Mont-roig del Camp arranca el jueves con la ruta La TapaFira"}]},{"@type":"WebSite","@id":"https:\/\/mont-roig.cat\/es\/#website","url":"https:\/\/mont-roig.cat\/es\/","name":"Ajuntament de Mont-roig del Camp","description":"Tota la informaci\u00f3 sobre la instituci\u00f3, els seus \u00f2rgans de govern, actualitat, serveis i molt m\u00e9s.","potentialAction":[{"@type":"SearchAction","target":{"@type":"EntryPoint","urlTemplate":"https:\/\/mont-roig.cat\/es\/?s={search_term_string}"},"query-input":{"@type":"PropertyValueSpecification","valueRequired":true,"valueName":"search_term_string"}}],"inLanguage":"es"},{"@type":"Person","@id":"https:\/\/mont-roig.cat\/es\/#\/schema\/person\/f2b111789f22b7d0c3bd6786c9128cba","name":"administrador","image":{"@type":"ImageObject","inLanguage":"es","@id":"https:\/\/secure.gravatar.com\/avatar\/9137aac6891e2595c9d3036fd83bcb653b4db3c946db4c7d9b9be193c3c944bb?s=96&d=mm&r=g","url":"https:\/\/secure.gravatar.com\/avatar\/9137aac6891e2595c9d3036fd83bcb653b4db3c946db4c7d9b9be193c3c944bb?s=96&d=mm&r=g","contentUrl":"https:\/\/secure.gravatar.com\/avatar\/9137aac6891e2595c9d3036fd83bcb653b4db3c946db4c7d9b9be193c3c944bb?s=96&d=mm&r=g","caption":"administrador"},"url":"https:\/\/mont-roig.cat\/es\/actualitat\/noticies\/author\/administrador\/"}]}},"_links":{"self":[{"href":"https:\/\/mont-roig.cat\/es\/wp-json\/wp\/v2\/posts\/38317","targetHints":{"allow":["GET"]}}],"collection":[{"href":"https:\/\/mont-roig.cat\/es\/wp-json\/wp\/v2\/posts"}],"about":[{"href":"https:\/\/mont-roig.cat\/es\/wp-json\/wp\/v2\/types\/post"}],"author":[{"embeddable":true,"href":"https:\/\/mont-roig.cat\/es\/wp-json\/wp\/v2\/users\/4"}],"replies":[{"embeddable":true,"href":"https:\/\/mont-roig.cat\/es\/wp-json\/wp\/v2\/comments?post=38317"}],"version-history":[{"count":2,"href":"https:\/\/mont-roig.cat\/es\/wp-json\/wp\/v2\/posts\/38317\/revisions"}],"predecessor-version":[{"id":38320,"href":"https:\/\/mont-roig.cat\/es\/wp-json\/wp\/v2\/posts\/38317\/revisions\/38320"}],"wp:featuredmedia":[{"embeddable":true,"href":"https:\/\/mont-roig.cat\/es\/wp-json\/wp\/v2\/media\/38306"}],"wp:attachment":[{"href":"https:\/\/mont-roig.cat\/es\/wp-json\/wp\/v2\/media?parent=38317"}],"wp:term":[{"taxonomy":"category","embeddable":true,"href":"https:\/\/mont-roig.cat\/es\/wp-json\/wp\/v2\/categories?post=38317"},{"taxonomy":"post_tag","embeddable":true,"href":"https:\/\/mont-roig.cat\/es\/wp-json\/wp\/v2\/tags?post=38317"}],"curies":[{"name":"wp","href":"https:\/\/api.w.org\/{rel}","templated":true}]}}