{"id":3867,"date":"2015-10-28T13:13:00","date_gmt":"2015-10-28T13:13:00","guid":{"rendered":""},"modified":"2015-10-28T13:13:00","modified_gmt":"2015-10-28T13:13:00","slug":"los-alumnos-de-tercero-de-la-escuela-mare-de-deu-de-la-roca-visitan-el-ayuntamiento","status":"publish","type":"post","link":"https:\/\/mont-roig.cat\/es\/actualitat\/noticies\/los-alumnos-de-tercero-de-la-escuela-mare-de-deu-de-la-roca-visitan-el-ayuntamiento\/","title":{"rendered":"Los alumnos de tercero de la Escuela Mare de D\u00e9u de la Roca visitan el Ayuntamiento"},"content":{"rendered":"<div class=\"body\">\n<div>\n<p><img decoding=\"async\" alt=\"Alumnos de tercero de primaria de la Escuela Mare de D\u00e9u de la Roca \" class=\"requadre\" src=\"http:\/\/mont-roig.cat\/wp-content\/uploads\/22515503196_1ac826a530_o.jpg\" style=\"width: 300px; height: 225px; margin: 10px; float: right;\" title=\"Alumnos de tercero de primaria de la Escuela Mare de D\u00e9u de la Roca \" \/>Sesenta alumnos de tercero de primaria de la Escuela Mare de D\u00e9u de la Roca han visitado esta ma\u00f1ana el Ayuntamiento de Mont-roig del Camp. El alcalde, Fran Morancho y el concejal de Educaci\u00f3n, Enrique L\u00f3pez les han recibido y les han invitado a conocer el personal t\u00e9cnico y administrativo que trabaja en el consistorio.<\/p>\n<p>La visita forma parte de las actividades curriculares de los alumnos de tercero de primaria que est\u00e1n estudiando el funcionamiento de las administraciones locales.<\/p>\n<p>Los ni\u00f1os y ni\u00f1as han podido ver c\u00f3mo se organiza internamente el Ayuntamiento y cu\u00e1les son las tareas que se realizan en los departamentos. As\u00ed pues, los alumnos han visitado secretar\u00eda, contrataci\u00f3n, inform\u00e1tica, intervenci\u00f3n y la OMAC y los mismos trabajadores municipales les han explicado cu\u00e1l es su trabajo. Los ni\u00f1os tambi\u00e9n han podido ver por dentro un coche patrulla de la Polic\u00eda Local.<\/p>\n<p>La visita ha finalizado en el despacho de alcald\u00eda donde los alumnos han podido hacer preguntas al Alcalde y repasar todo lo aprendido durante el recorrido. Fran Moranho les ha hecho entrega de un pin con el escudo del municipio y un diploma de recuerdo de la visita.<\/p>\n<\/div>\n<\/div>\n<div class=\"field_noticia_img_portada\">\n<div>Imatge portada<\/div>\n<p><img decoding=\"async\" src=\"http:\/\/mont-roig.cat\/wp-content\/uploads\/22515503196_1ac826a530_o.jpg\" title=\"22515503196_1ac826a530_o.jpg\" alt=\"22515503196_1ac826a530_o.jpg\" \/><\/div>\n","protected":false},"excerpt":{"rendered":"<p>Sesenta alumnos de tercero de primaria de la Escuela Mare de D\u00e9u de la Roca han visitado esta ma\u00f1ana el Ayuntamiento de Mont-roig del Camp. El alcalde, Fran Morancho y el concejal de Educaci\u00f3n, Enrique L\u00f3pez les han recibido y les han invitado a conocer el personal t\u00e9cnico y administrativo que trabaja en el consistorio. [&hellip;]<\/p>\n","protected":false},"author":4,"featured_media":7164,"comment_status":"open","ping_status":"open","sticky":false,"template":"","format":"standard","meta":{"inline_featured_image":false,"_monsterinsights_skip_tracking":false,"_monsterinsights_sitenote_active":false,"_monsterinsights_sitenote_note":"","_monsterinsights_sitenote_category":0,"footnotes":""},"categories":[103],"tags":[],"class_list":["post-3867","post","type-post","status-publish","format-standard","has-post-thumbnail","hentry","category-educacion"],"yoast_head":"<!-- This site is optimized with the Yoast SEO plugin v27.4 - https:\/\/yoast.com\/product\/yoast-seo-wordpress\/ -->\n<title>Los alumnos de tercero de la Escuela Mare de D\u00e9u de la Roca visitan el Ayuntamiento - Ajuntament de Mont-roig del Camp<\/title>\n<meta name=\"robots\" content=\"index, follow, max-snippet:-1, max-image-preview:large, max-video-preview:-1\" \/>\n<link rel=\"canonical\" href=\"https:\/\/mont-roig.cat\/es\/actualitat\/noticies\/los-alumnos-de-tercero-de-la-escuela-mare-de-deu-de-la-roca-visitan-el-ayuntamiento\/\" \/>\n<meta property=\"og:locale\" content=\"es_ES\" \/>\n<meta property=\"og:type\" content=\"article\" \/>\n<meta property=\"og:title\" content=\"Los alumnos de tercero de la Escuela Mare de D\u00e9u de la Roca visitan el Ayuntamiento - Ajuntament de Mont-roig del Camp\" \/>\n<meta property=\"og:description\" content=\"Sesenta alumnos de tercero de primaria de la Escuela Mare de D\u00e9u de la Roca han visitado esta ma\u00f1ana el Ayuntamiento de Mont-roig del Camp. El alcalde, Fran Morancho y el concejal de Educaci\u00f3n, Enrique L\u00f3pez les han recibido y les han invitado a conocer el personal t\u00e9cnico y administrativo que trabaja en el consistorio. [&hellip;]\" \/>\n<meta property=\"og:url\" content=\"https:\/\/mont-roig.cat\/es\/actualitat\/noticies\/los-alumnos-de-tercero-de-la-escuela-mare-de-deu-de-la-roca-visitan-el-ayuntamiento\/\" \/>\n<meta property=\"og:site_name\" content=\"Ajuntament de Mont-roig del Camp\" \/>\n<meta property=\"article:published_time\" content=\"2015-10-28T13:13:00+00:00\" \/>\n<meta property=\"og:image\" content=\"https:\/\/mont-roig.cat\/wp-content\/uploads\/22515503196_1ac826a530_o.jpg\" \/>\n\t<meta property=\"og:image:width\" content=\"3264\" \/>\n\t<meta property=\"og:image:height\" content=\"2448\" \/>\n\t<meta property=\"og:image:type\" content=\"image\/jpeg\" \/>\n<meta name=\"author\" content=\"administrador\" \/>\n<meta name=\"twitter:card\" content=\"summary_large_image\" \/>\n<meta name=\"twitter:label1\" content=\"Escrito por\" \/>\n\t<meta name=\"twitter:data1\" content=\"administrador\" \/>\n\t<meta name=\"twitter:label2\" content=\"Tiempo de lectura\" \/>\n\t<meta name=\"twitter:data2\" content=\"1 minuto\" \/>\n<script type=\"application\/ld+json\" class=\"yoast-schema-graph\">{\"@context\":\"https:\\\/\\\/schema.org\",\"@graph\":[{\"@type\":\"Article\",\"@id\":\"https:\\\/\\\/mont-roig.cat\\\/es\\\/actualitat\\\/noticies\\\/los-alumnos-de-tercero-de-la-escuela-mare-de-deu-de-la-roca-visitan-el-ayuntamiento\\\/#article\",\"isPartOf\":{\"@id\":\"https:\\\/\\\/mont-roig.cat\\\/es\\\/actualitat\\\/noticies\\\/los-alumnos-de-tercero-de-la-escuela-mare-de-deu-de-la-roca-visitan-el-ayuntamiento\\\/\"},\"author\":{\"name\":\"administrador\",\"@id\":\"https:\\\/\\\/mont-roig.cat\\\/es\\\/#\\\/schema\\\/person\\\/f2b111789f22b7d0c3bd6786c9128cba\"},\"headline\":\"Los alumnos de tercero de la Escuela Mare de D\u00e9u de la Roca visitan el Ayuntamiento\",\"datePublished\":\"2015-10-28T13:13:00+00:00\",\"mainEntityOfPage\":{\"@id\":\"https:\\\/\\\/mont-roig.cat\\\/es\\\/actualitat\\\/noticies\\\/los-alumnos-de-tercero-de-la-escuela-mare-de-deu-de-la-roca-visitan-el-ayuntamiento\\\/\"},\"wordCount\":229,\"commentCount\":0,\"image\":{\"@id\":\"https:\\\/\\\/mont-roig.cat\\\/es\\\/actualitat\\\/noticies\\\/los-alumnos-de-tercero-de-la-escuela-mare-de-deu-de-la-roca-visitan-el-ayuntamiento\\\/#primaryimage\"},\"thumbnailUrl\":\"https:\\\/\\\/mont-roig.cat\\\/wp-content\\\/uploads\\\/22515503196_1ac826a530_o.jpg\",\"articleSection\":[\"Educaci\u00f3n\"],\"inLanguage\":\"es\"},{\"@type\":\"WebPage\",\"@id\":\"https:\\\/\\\/mont-roig.cat\\\/es\\\/actualitat\\\/noticies\\\/los-alumnos-de-tercero-de-la-escuela-mare-de-deu-de-la-roca-visitan-el-ayuntamiento\\\/\",\"url\":\"https:\\\/\\\/mont-roig.cat\\\/es\\\/actualitat\\\/noticies\\\/los-alumnos-de-tercero-de-la-escuela-mare-de-deu-de-la-roca-visitan-el-ayuntamiento\\\/\",\"name\":\"Los alumnos de tercero de la Escuela Mare de D\u00e9u de la Roca visitan el Ayuntamiento - Ajuntament de Mont-roig del Camp\",\"isPartOf\":{\"@id\":\"https:\\\/\\\/mont-roig.cat\\\/es\\\/#website\"},\"primaryImageOfPage\":{\"@id\":\"https:\\\/\\\/mont-roig.cat\\\/es\\\/actualitat\\\/noticies\\\/los-alumnos-de-tercero-de-la-escuela-mare-de-deu-de-la-roca-visitan-el-ayuntamiento\\\/#primaryimage\"},\"image\":{\"@id\":\"https:\\\/\\\/mont-roig.cat\\\/es\\\/actualitat\\\/noticies\\\/los-alumnos-de-tercero-de-la-escuela-mare-de-deu-de-la-roca-visitan-el-ayuntamiento\\\/#primaryimage\"},\"thumbnailUrl\":\"https:\\\/\\\/mont-roig.cat\\\/wp-content\\\/uploads\\\/22515503196_1ac826a530_o.jpg\",\"datePublished\":\"2015-10-28T13:13:00+00:00\",\"author\":{\"@id\":\"https:\\\/\\\/mont-roig.cat\\\/es\\\/#\\\/schema\\\/person\\\/f2b111789f22b7d0c3bd6786c9128cba\"},\"breadcrumb\":{\"@id\":\"https:\\\/\\\/mont-roig.cat\\\/es\\\/actualitat\\\/noticies\\\/los-alumnos-de-tercero-de-la-escuela-mare-de-deu-de-la-roca-visitan-el-ayuntamiento\\\/#breadcrumb\"},\"inLanguage\":\"es\",\"potentialAction\":[{\"@type\":\"ReadAction\",\"target\":[\"https:\\\/\\\/mont-roig.cat\\\/es\\\/actualitat\\\/noticies\\\/los-alumnos-de-tercero-de-la-escuela-mare-de-deu-de-la-roca-visitan-el-ayuntamiento\\\/\"]}]},{\"@type\":\"ImageObject\",\"inLanguage\":\"es\",\"@id\":\"https:\\\/\\\/mont-roig.cat\\\/es\\\/actualitat\\\/noticies\\\/los-alumnos-de-tercero-de-la-escuela-mare-de-deu-de-la-roca-visitan-el-ayuntamiento\\\/#primaryimage\",\"url\":\"https:\\\/\\\/mont-roig.cat\\\/wp-content\\\/uploads\\\/22515503196_1ac826a530_o.jpg\",\"contentUrl\":\"https:\\\/\\\/mont-roig.cat\\\/wp-content\\\/uploads\\\/22515503196_1ac826a530_o.jpg\",\"width\":3264,\"height\":2448},{\"@type\":\"BreadcrumbList\",\"@id\":\"https:\\\/\\\/mont-roig.cat\\\/es\\\/actualitat\\\/noticies\\\/los-alumnos-de-tercero-de-la-escuela-mare-de-deu-de-la-roca-visitan-el-ayuntamiento\\\/#breadcrumb\",\"itemListElement\":[{\"@type\":\"ListItem\",\"position\":1,\"name\":\"Inici\",\"item\":\"https:\\\/\\\/mont-roig.cat\\\/es\\\/pagina-de-inicio\\\/\"},{\"@type\":\"ListItem\",\"position\":2,\"name\":\"Los alumnos de tercero de la Escuela Mare de D\u00e9u de la Roca visitan el Ayuntamiento\"}]},{\"@type\":\"WebSite\",\"@id\":\"https:\\\/\\\/mont-roig.cat\\\/es\\\/#website\",\"url\":\"https:\\\/\\\/mont-roig.cat\\\/es\\\/\",\"name\":\"Ajuntament de Mont-roig del Camp\",\"description\":\"Tota la informaci\u00f3 sobre la instituci\u00f3, els seus \u00f2rgans de govern, actualitat, serveis i molt m\u00e9s.\",\"potentialAction\":[{\"@type\":\"SearchAction\",\"target\":{\"@type\":\"EntryPoint\",\"urlTemplate\":\"https:\\\/\\\/mont-roig.cat\\\/es\\\/?s={search_term_string}\"},\"query-input\":{\"@type\":\"PropertyValueSpecification\",\"valueRequired\":true,\"valueName\":\"search_term_string\"}}],\"inLanguage\":\"es\"},{\"@type\":\"Person\",\"@id\":\"https:\\\/\\\/mont-roig.cat\\\/es\\\/#\\\/schema\\\/person\\\/f2b111789f22b7d0c3bd6786c9128cba\",\"name\":\"administrador\",\"image\":{\"@type\":\"ImageObject\",\"inLanguage\":\"es\",\"@id\":\"https:\\\/\\\/secure.gravatar.com\\\/avatar\\\/9137aac6891e2595c9d3036fd83bcb653b4db3c946db4c7d9b9be193c3c944bb?s=96&d=mm&r=g\",\"url\":\"https:\\\/\\\/secure.gravatar.com\\\/avatar\\\/9137aac6891e2595c9d3036fd83bcb653b4db3c946db4c7d9b9be193c3c944bb?s=96&d=mm&r=g\",\"contentUrl\":\"https:\\\/\\\/secure.gravatar.com\\\/avatar\\\/9137aac6891e2595c9d3036fd83bcb653b4db3c946db4c7d9b9be193c3c944bb?s=96&d=mm&r=g\",\"caption\":\"administrador\"},\"url\":\"https:\\\/\\\/mont-roig.cat\\\/es\\\/actualitat\\\/noticies\\\/author\\\/administrador\\\/\"}]}<\/script>\n<!-- \/ Yoast SEO plugin. -->","yoast_head_json":{"title":"Los alumnos de tercero de la Escuela Mare de D\u00e9u de la Roca visitan el Ayuntamiento - Ajuntament de Mont-roig del Camp","robots":{"index":"index","follow":"follow","max-snippet":"max-snippet:-1","max-image-preview":"max-image-preview:large","max-video-preview":"max-video-preview:-1"},"canonical":"https:\/\/mont-roig.cat\/es\/actualitat\/noticies\/los-alumnos-de-tercero-de-la-escuela-mare-de-deu-de-la-roca-visitan-el-ayuntamiento\/","og_locale":"es_ES","og_type":"article","og_title":"Los alumnos de tercero de la Escuela Mare de D\u00e9u de la Roca visitan el Ayuntamiento - Ajuntament de Mont-roig del Camp","og_description":"Sesenta alumnos de tercero de primaria de la Escuela Mare de D\u00e9u de la Roca han visitado esta ma\u00f1ana el Ayuntamiento de Mont-roig del Camp. El alcalde, Fran Morancho y el concejal de Educaci\u00f3n, Enrique L\u00f3pez les han recibido y les han invitado a conocer el personal t\u00e9cnico y administrativo que trabaja en el consistorio. [&hellip;]","og_url":"https:\/\/mont-roig.cat\/es\/actualitat\/noticies\/los-alumnos-de-tercero-de-la-escuela-mare-de-deu-de-la-roca-visitan-el-ayuntamiento\/","og_site_name":"Ajuntament de Mont-roig del Camp","article_published_time":"2015-10-28T13:13:00+00:00","og_image":[{"width":3264,"height":2448,"url":"https:\/\/mont-roig.cat\/wp-content\/uploads\/22515503196_1ac826a530_o.jpg","type":"image\/jpeg"}],"author":"administrador","twitter_card":"summary_large_image","twitter_misc":{"Escrito por":"administrador","Tiempo de lectura":"1 minuto"},"schema":{"@context":"https:\/\/schema.org","@graph":[{"@type":"Article","@id":"https:\/\/mont-roig.cat\/es\/actualitat\/noticies\/los-alumnos-de-tercero-de-la-escuela-mare-de-deu-de-la-roca-visitan-el-ayuntamiento\/#article","isPartOf":{"@id":"https:\/\/mont-roig.cat\/es\/actualitat\/noticies\/los-alumnos-de-tercero-de-la-escuela-mare-de-deu-de-la-roca-visitan-el-ayuntamiento\/"},"author":{"name":"administrador","@id":"https:\/\/mont-roig.cat\/es\/#\/schema\/person\/f2b111789f22b7d0c3bd6786c9128cba"},"headline":"Los alumnos de tercero de la Escuela Mare de D\u00e9u de la Roca visitan el Ayuntamiento","datePublished":"2015-10-28T13:13:00+00:00","mainEntityOfPage":{"@id":"https:\/\/mont-roig.cat\/es\/actualitat\/noticies\/los-alumnos-de-tercero-de-la-escuela-mare-de-deu-de-la-roca-visitan-el-ayuntamiento\/"},"wordCount":229,"commentCount":0,"image":{"@id":"https:\/\/mont-roig.cat\/es\/actualitat\/noticies\/los-alumnos-de-tercero-de-la-escuela-mare-de-deu-de-la-roca-visitan-el-ayuntamiento\/#primaryimage"},"thumbnailUrl":"https:\/\/mont-roig.cat\/wp-content\/uploads\/22515503196_1ac826a530_o.jpg","articleSection":["Educaci\u00f3n"],"inLanguage":"es"},{"@type":"WebPage","@id":"https:\/\/mont-roig.cat\/es\/actualitat\/noticies\/los-alumnos-de-tercero-de-la-escuela-mare-de-deu-de-la-roca-visitan-el-ayuntamiento\/","url":"https:\/\/mont-roig.cat\/es\/actualitat\/noticies\/los-alumnos-de-tercero-de-la-escuela-mare-de-deu-de-la-roca-visitan-el-ayuntamiento\/","name":"Los alumnos de tercero de la Escuela Mare de D\u00e9u de la Roca visitan el Ayuntamiento - Ajuntament de Mont-roig del Camp","isPartOf":{"@id":"https:\/\/mont-roig.cat\/es\/#website"},"primaryImageOfPage":{"@id":"https:\/\/mont-roig.cat\/es\/actualitat\/noticies\/los-alumnos-de-tercero-de-la-escuela-mare-de-deu-de-la-roca-visitan-el-ayuntamiento\/#primaryimage"},"image":{"@id":"https:\/\/mont-roig.cat\/es\/actualitat\/noticies\/los-alumnos-de-tercero-de-la-escuela-mare-de-deu-de-la-roca-visitan-el-ayuntamiento\/#primaryimage"},"thumbnailUrl":"https:\/\/mont-roig.cat\/wp-content\/uploads\/22515503196_1ac826a530_o.jpg","datePublished":"2015-10-28T13:13:00+00:00","author":{"@id":"https:\/\/mont-roig.cat\/es\/#\/schema\/person\/f2b111789f22b7d0c3bd6786c9128cba"},"breadcrumb":{"@id":"https:\/\/mont-roig.cat\/es\/actualitat\/noticies\/los-alumnos-de-tercero-de-la-escuela-mare-de-deu-de-la-roca-visitan-el-ayuntamiento\/#breadcrumb"},"inLanguage":"es","potentialAction":[{"@type":"ReadAction","target":["https:\/\/mont-roig.cat\/es\/actualitat\/noticies\/los-alumnos-de-tercero-de-la-escuela-mare-de-deu-de-la-roca-visitan-el-ayuntamiento\/"]}]},{"@type":"ImageObject","inLanguage":"es","@id":"https:\/\/mont-roig.cat\/es\/actualitat\/noticies\/los-alumnos-de-tercero-de-la-escuela-mare-de-deu-de-la-roca-visitan-el-ayuntamiento\/#primaryimage","url":"https:\/\/mont-roig.cat\/wp-content\/uploads\/22515503196_1ac826a530_o.jpg","contentUrl":"https:\/\/mont-roig.cat\/wp-content\/uploads\/22515503196_1ac826a530_o.jpg","width":3264,"height":2448},{"@type":"BreadcrumbList","@id":"https:\/\/mont-roig.cat\/es\/actualitat\/noticies\/los-alumnos-de-tercero-de-la-escuela-mare-de-deu-de-la-roca-visitan-el-ayuntamiento\/#breadcrumb","itemListElement":[{"@type":"ListItem","position":1,"name":"Inici","item":"https:\/\/mont-roig.cat\/es\/pagina-de-inicio\/"},{"@type":"ListItem","position":2,"name":"Los alumnos de tercero de la Escuela Mare de D\u00e9u de la Roca visitan el Ayuntamiento"}]},{"@type":"WebSite","@id":"https:\/\/mont-roig.cat\/es\/#website","url":"https:\/\/mont-roig.cat\/es\/","name":"Ajuntament de Mont-roig del Camp","description":"Tota la informaci\u00f3 sobre la instituci\u00f3, els seus \u00f2rgans de govern, actualitat, serveis i molt m\u00e9s.","potentialAction":[{"@type":"SearchAction","target":{"@type":"EntryPoint","urlTemplate":"https:\/\/mont-roig.cat\/es\/?s={search_term_string}"},"query-input":{"@type":"PropertyValueSpecification","valueRequired":true,"valueName":"search_term_string"}}],"inLanguage":"es"},{"@type":"Person","@id":"https:\/\/mont-roig.cat\/es\/#\/schema\/person\/f2b111789f22b7d0c3bd6786c9128cba","name":"administrador","image":{"@type":"ImageObject","inLanguage":"es","@id":"https:\/\/secure.gravatar.com\/avatar\/9137aac6891e2595c9d3036fd83bcb653b4db3c946db4c7d9b9be193c3c944bb?s=96&d=mm&r=g","url":"https:\/\/secure.gravatar.com\/avatar\/9137aac6891e2595c9d3036fd83bcb653b4db3c946db4c7d9b9be193c3c944bb?s=96&d=mm&r=g","contentUrl":"https:\/\/secure.gravatar.com\/avatar\/9137aac6891e2595c9d3036fd83bcb653b4db3c946db4c7d9b9be193c3c944bb?s=96&d=mm&r=g","caption":"administrador"},"url":"https:\/\/mont-roig.cat\/es\/actualitat\/noticies\/author\/administrador\/"}]}},"_links":{"self":[{"href":"https:\/\/mont-roig.cat\/es\/wp-json\/wp\/v2\/posts\/3867","targetHints":{"allow":["GET"]}}],"collection":[{"href":"https:\/\/mont-roig.cat\/es\/wp-json\/wp\/v2\/posts"}],"about":[{"href":"https:\/\/mont-roig.cat\/es\/wp-json\/wp\/v2\/types\/post"}],"author":[{"embeddable":true,"href":"https:\/\/mont-roig.cat\/es\/wp-json\/wp\/v2\/users\/4"}],"replies":[{"embeddable":true,"href":"https:\/\/mont-roig.cat\/es\/wp-json\/wp\/v2\/comments?post=3867"}],"version-history":[{"count":0,"href":"https:\/\/mont-roig.cat\/es\/wp-json\/wp\/v2\/posts\/3867\/revisions"}],"wp:featuredmedia":[{"embeddable":true,"href":"https:\/\/mont-roig.cat\/es\/wp-json\/wp\/v2\/media\/7164"}],"wp:attachment":[{"href":"https:\/\/mont-roig.cat\/es\/wp-json\/wp\/v2\/media?parent=3867"}],"wp:term":[{"taxonomy":"category","embeddable":true,"href":"https:\/\/mont-roig.cat\/es\/wp-json\/wp\/v2\/categories?post=3867"},{"taxonomy":"post_tag","embeddable":true,"href":"https:\/\/mont-roig.cat\/es\/wp-json\/wp\/v2\/tags?post=3867"}],"curies":[{"name":"wp","href":"https:\/\/api.w.org\/{rel}","templated":true}]}}