{"id":38984,"date":"2019-09-20T09:23:32","date_gmt":"2019-09-20T07:23:32","guid":{"rendered":"https:\/\/mont-roig.cat\/?p=38984"},"modified":"2019-09-20T09:23:32","modified_gmt":"2019-09-20T07:23:32","slug":"los-trabajos-previos-de-las-obras-de-la-plaza-miramar-empezaran-el-lunes","status":"publish","type":"post","link":"https:\/\/mont-roig.cat\/es\/actualitat\/noticies\/los-trabajos-previos-de-las-obras-de-la-plaza-miramar-empezaran-el-lunes\/","title":{"rendered":"Los trabajos previos de las obras de la plaza Miramar empezar\u00e1n el lunes"},"content":{"rendered":"<div id=\"attachment_35595\" style=\"width: 310px\" class=\"wp-caption alignright\"><a href=\"https:\/\/mont-roig.cat\/wp-content\/uploads\/Infografia-Pla\u00e7a-de-Miramar-Mont-roig_3.jpg\"><img loading=\"lazy\" decoding=\"async\" aria-describedby=\"caption-attachment-35595\" class=\"wp-image-35595\" src=\"https:\/\/mont-roig.cat\/wp-content\/uploads\/Infografia-Pla\u00e7a-de-Miramar-Mont-roig_3.jpg\" alt=\"\" width=\"300\" height=\"184\" srcset=\"https:\/\/mont-roig.cat\/wp-content\/uploads\/Infografia-Pla\u00e7a-de-Miramar-Mont-roig_3.jpg 1024w, https:\/\/mont-roig.cat\/wp-content\/uploads\/Infografia-Pla\u00e7a-de-Miramar-Mont-roig_3-500x307.jpg 500w, https:\/\/mont-roig.cat\/wp-content\/uploads\/Infografia-Pla\u00e7a-de-Miramar-Mont-roig_3-768x472.jpg 768w\" sizes=\"auto, (max-width: 300px) 100vw, 300px\" \/><\/a><p id=\"caption-attachment-35595\" class=\"wp-caption-text\">Representaci\u00f3n gr\u00e1fica de la futura plaza Miramar<\/p><\/div>\n<ul>\n<li><strong>El Ayuntamiento convoca el vecindario y comerciantes a una reuni\u00f3n informativa sobre la planificaci\u00f3n de las obras y las afectaciones, lunes 23 de septiembre, a las 20.30 h en la Casa de Cultura<\/strong><\/li>\n<\/ul>\n<p>Las obras de la plaza de Miramar se iniciar\u00e1n el pr\u00f3ximo lunes d\u00eda 23 de septiembre. Durante la pr\u00f3xima semana se har\u00e1n varios trabajos previos consistentes en el desmontaje del mobiliario urbano, la adecuaci\u00f3n del follaje de los \u00e1rboles para protegerlos de los trabajos, as\u00ed como la instalaci\u00f3n de los servicios provisionales de obra, la se\u00f1alizaci\u00f3n, el emplazamiento de las casetas de obras y el acopio de material.<\/p>\n<p>Durante los trabajos previos, y hasta el 1 de octubre, no se prev\u00e9n cortes de circulaci\u00f3n de veh\u00edculos, si bien quedar\u00e1n inhabilitadas algunas plazas de aparcamiento, que ser\u00e1n ocupadas por el material de obra. Por otra parte, la primera semana de octubre est\u00e1 previsto que se corten las calles Riba i Mestre (tramo final) y del Sol. Las obras comenzar\u00e1n por esta zona con demoliciones y trabajos en la capa inferior.<\/p>\n<p><strong>Reuni\u00f3n informativa, lunes a las 20.30 h<\/strong><\/p>\n<p>Con el fin de explicar a los vecinos\/as y comerciantes estas afectaciones, as\u00ed como la planificaci\u00f3n de las obras, que tienen una duraci\u00f3n prevista de 4 meses, el Ayuntamiento ofrecer\u00e1 una reuni\u00f3n informativa el mismo lunes d\u00eda 23, a las 20.30 h en la Casa de Cultura Agust\u00ed Sard\u00e0.<\/p>\n","protected":false},"excerpt":{"rendered":"<p>El Ayuntamiento convoca el vecindario y comerciantes a una reuni\u00f3n informativa sobre la planificaci\u00f3n de las obras y las afectaciones, lunes 23 de septiembre, a las 20.30 h en la Casa de Cultura Las obras de la plaza de Miramar se iniciar\u00e1n el pr\u00f3ximo lunes d\u00eda 23 de septiembre. Durante la pr\u00f3xima semana se har\u00e1n [&hellip;]<\/p>\n","protected":false},"author":4,"featured_media":35596,"comment_status":"closed","ping_status":"closed","sticky":false,"template":"","format":"standard","meta":{"inline_featured_image":false,"_monsterinsights_skip_tracking":false,"_monsterinsights_sitenote_active":false,"_monsterinsights_sitenote_note":"","_monsterinsights_sitenote_category":0,"footnotes":""},"categories":[116],"tags":[],"class_list":["post-38984","post","type-post","status-publish","format-standard","has-post-thumbnail","hentry","category-urbanismo-y-obras"],"yoast_head":"<!-- This site is optimized with the Yoast SEO plugin v27.4 - https:\/\/yoast.com\/product\/yoast-seo-wordpress\/ -->\n<title>Los trabajos previos de las obras de la plaza Miramar empezar\u00e1n el lunes - Ajuntament de Mont-roig del Camp<\/title>\n<meta name=\"robots\" content=\"index, follow, max-snippet:-1, max-image-preview:large, max-video-preview:-1\" \/>\n<link rel=\"canonical\" href=\"https:\/\/mont-roig.cat\/es\/actualitat\/noticies\/los-trabajos-previos-de-las-obras-de-la-plaza-miramar-empezaran-el-lunes\/\" \/>\n<meta property=\"og:locale\" content=\"es_ES\" \/>\n<meta property=\"og:type\" content=\"article\" \/>\n<meta property=\"og:title\" content=\"Los trabajos previos de las obras de la plaza Miramar empezar\u00e1n el lunes - Ajuntament de Mont-roig del Camp\" \/>\n<meta property=\"og:description\" content=\"El Ayuntamiento convoca el vecindario y comerciantes a una reuni\u00f3n informativa sobre la planificaci\u00f3n de las obras y las afectaciones, lunes 23 de septiembre, a las 20.30 h en la Casa de Cultura Las obras de la plaza de Miramar se iniciar\u00e1n el pr\u00f3ximo lunes d\u00eda 23 de septiembre. Durante la pr\u00f3xima semana se har\u00e1n [&hellip;]\" \/>\n<meta property=\"og:url\" content=\"https:\/\/mont-roig.cat\/es\/actualitat\/noticies\/los-trabajos-previos-de-las-obras-de-la-plaza-miramar-empezaran-el-lunes\/\" \/>\n<meta property=\"og:site_name\" content=\"Ajuntament de Mont-roig del Camp\" \/>\n<meta property=\"article:published_time\" content=\"2019-09-20T07:23:32+00:00\" \/>\n<meta property=\"og:image\" content=\"https:\/\/mont-roig.cat\/wp-content\/uploads\/Infografia-Pla\u00e7a-de-Miramar-Mont-roig_3.jpg\" \/>\n\t<meta property=\"og:image:width\" content=\"1024\" \/>\n\t<meta property=\"og:image:height\" content=\"629\" \/>\n\t<meta property=\"og:image:type\" content=\"image\/jpeg\" \/>\n<meta name=\"author\" content=\"administrador\" \/>\n<meta name=\"twitter:card\" content=\"summary_large_image\" \/>\n<meta name=\"twitter:label1\" content=\"Escrito por\" \/>\n\t<meta name=\"twitter:data1\" content=\"administrador\" \/>\n\t<meta name=\"twitter:label2\" content=\"Tiempo de lectura\" \/>\n\t<meta name=\"twitter:data2\" content=\"1 minuto\" \/>\n<script type=\"application\/ld+json\" class=\"yoast-schema-graph\">{\"@context\":\"https:\\\/\\\/schema.org\",\"@graph\":[{\"@type\":\"Article\",\"@id\":\"https:\\\/\\\/mont-roig.cat\\\/es\\\/actualitat\\\/noticies\\\/los-trabajos-previos-de-las-obras-de-la-plaza-miramar-empezaran-el-lunes\\\/#article\",\"isPartOf\":{\"@id\":\"https:\\\/\\\/mont-roig.cat\\\/es\\\/actualitat\\\/noticies\\\/los-trabajos-previos-de-las-obras-de-la-plaza-miramar-empezaran-el-lunes\\\/\"},\"author\":{\"name\":\"administrador\",\"@id\":\"https:\\\/\\\/mont-roig.cat\\\/es\\\/#\\\/schema\\\/person\\\/f2b111789f22b7d0c3bd6786c9128cba\"},\"headline\":\"Los trabajos previos de las obras de la plaza Miramar empezar\u00e1n el lunes\",\"datePublished\":\"2019-09-20T07:23:32+00:00\",\"mainEntityOfPage\":{\"@id\":\"https:\\\/\\\/mont-roig.cat\\\/es\\\/actualitat\\\/noticies\\\/los-trabajos-previos-de-las-obras-de-la-plaza-miramar-empezaran-el-lunes\\\/\"},\"wordCount\":273,\"image\":{\"@id\":\"https:\\\/\\\/mont-roig.cat\\\/es\\\/actualitat\\\/noticies\\\/los-trabajos-previos-de-las-obras-de-la-plaza-miramar-empezaran-el-lunes\\\/#primaryimage\"},\"thumbnailUrl\":\"https:\\\/\\\/mont-roig.cat\\\/wp-content\\\/uploads\\\/Infografia-Pla\u00e7a-de-Miramar-Mont-roig_3.jpg\",\"articleSection\":[\"Urbanismo y obras\"],\"inLanguage\":\"es\"},{\"@type\":\"WebPage\",\"@id\":\"https:\\\/\\\/mont-roig.cat\\\/es\\\/actualitat\\\/noticies\\\/los-trabajos-previos-de-las-obras-de-la-plaza-miramar-empezaran-el-lunes\\\/\",\"url\":\"https:\\\/\\\/mont-roig.cat\\\/es\\\/actualitat\\\/noticies\\\/los-trabajos-previos-de-las-obras-de-la-plaza-miramar-empezaran-el-lunes\\\/\",\"name\":\"Los trabajos previos de las obras de la plaza Miramar empezar\u00e1n el lunes - Ajuntament de Mont-roig del Camp\",\"isPartOf\":{\"@id\":\"https:\\\/\\\/mont-roig.cat\\\/es\\\/#website\"},\"primaryImageOfPage\":{\"@id\":\"https:\\\/\\\/mont-roig.cat\\\/es\\\/actualitat\\\/noticies\\\/los-trabajos-previos-de-las-obras-de-la-plaza-miramar-empezaran-el-lunes\\\/#primaryimage\"},\"image\":{\"@id\":\"https:\\\/\\\/mont-roig.cat\\\/es\\\/actualitat\\\/noticies\\\/los-trabajos-previos-de-las-obras-de-la-plaza-miramar-empezaran-el-lunes\\\/#primaryimage\"},\"thumbnailUrl\":\"https:\\\/\\\/mont-roig.cat\\\/wp-content\\\/uploads\\\/Infografia-Pla\u00e7a-de-Miramar-Mont-roig_3.jpg\",\"datePublished\":\"2019-09-20T07:23:32+00:00\",\"author\":{\"@id\":\"https:\\\/\\\/mont-roig.cat\\\/es\\\/#\\\/schema\\\/person\\\/f2b111789f22b7d0c3bd6786c9128cba\"},\"breadcrumb\":{\"@id\":\"https:\\\/\\\/mont-roig.cat\\\/es\\\/actualitat\\\/noticies\\\/los-trabajos-previos-de-las-obras-de-la-plaza-miramar-empezaran-el-lunes\\\/#breadcrumb\"},\"inLanguage\":\"es\",\"potentialAction\":[{\"@type\":\"ReadAction\",\"target\":[\"https:\\\/\\\/mont-roig.cat\\\/es\\\/actualitat\\\/noticies\\\/los-trabajos-previos-de-las-obras-de-la-plaza-miramar-empezaran-el-lunes\\\/\"]}]},{\"@type\":\"ImageObject\",\"inLanguage\":\"es\",\"@id\":\"https:\\\/\\\/mont-roig.cat\\\/es\\\/actualitat\\\/noticies\\\/los-trabajos-previos-de-las-obras-de-la-plaza-miramar-empezaran-el-lunes\\\/#primaryimage\",\"url\":\"https:\\\/\\\/mont-roig.cat\\\/wp-content\\\/uploads\\\/Infografia-Pla\u00e7a-de-Miramar-Mont-roig_3.jpg\",\"contentUrl\":\"https:\\\/\\\/mont-roig.cat\\\/wp-content\\\/uploads\\\/Infografia-Pla\u00e7a-de-Miramar-Mont-roig_3.jpg\",\"width\":1024,\"height\":629,\"caption\":\"Plaza Miramar\"},{\"@type\":\"BreadcrumbList\",\"@id\":\"https:\\\/\\\/mont-roig.cat\\\/es\\\/actualitat\\\/noticies\\\/los-trabajos-previos-de-las-obras-de-la-plaza-miramar-empezaran-el-lunes\\\/#breadcrumb\",\"itemListElement\":[{\"@type\":\"ListItem\",\"position\":1,\"name\":\"Inici\",\"item\":\"https:\\\/\\\/mont-roig.cat\\\/es\\\/pagina-de-inicio\\\/\"},{\"@type\":\"ListItem\",\"position\":2,\"name\":\"Los trabajos previos de las obras de la plaza Miramar empezar\u00e1n el lunes\"}]},{\"@type\":\"WebSite\",\"@id\":\"https:\\\/\\\/mont-roig.cat\\\/es\\\/#website\",\"url\":\"https:\\\/\\\/mont-roig.cat\\\/es\\\/\",\"name\":\"Ajuntament de Mont-roig del Camp\",\"description\":\"Tota la informaci\u00f3 sobre la instituci\u00f3, els seus \u00f2rgans de govern, actualitat, serveis i molt m\u00e9s.\",\"potentialAction\":[{\"@type\":\"SearchAction\",\"target\":{\"@type\":\"EntryPoint\",\"urlTemplate\":\"https:\\\/\\\/mont-roig.cat\\\/es\\\/?s={search_term_string}\"},\"query-input\":{\"@type\":\"PropertyValueSpecification\",\"valueRequired\":true,\"valueName\":\"search_term_string\"}}],\"inLanguage\":\"es\"},{\"@type\":\"Person\",\"@id\":\"https:\\\/\\\/mont-roig.cat\\\/es\\\/#\\\/schema\\\/person\\\/f2b111789f22b7d0c3bd6786c9128cba\",\"name\":\"administrador\",\"image\":{\"@type\":\"ImageObject\",\"inLanguage\":\"es\",\"@id\":\"https:\\\/\\\/secure.gravatar.com\\\/avatar\\\/9137aac6891e2595c9d3036fd83bcb653b4db3c946db4c7d9b9be193c3c944bb?s=96&d=mm&r=g\",\"url\":\"https:\\\/\\\/secure.gravatar.com\\\/avatar\\\/9137aac6891e2595c9d3036fd83bcb653b4db3c946db4c7d9b9be193c3c944bb?s=96&d=mm&r=g\",\"contentUrl\":\"https:\\\/\\\/secure.gravatar.com\\\/avatar\\\/9137aac6891e2595c9d3036fd83bcb653b4db3c946db4c7d9b9be193c3c944bb?s=96&d=mm&r=g\",\"caption\":\"administrador\"},\"url\":\"https:\\\/\\\/mont-roig.cat\\\/es\\\/actualitat\\\/noticies\\\/author\\\/administrador\\\/\"}]}<\/script>\n<!-- \/ Yoast SEO plugin. -->","yoast_head_json":{"title":"Los trabajos previos de las obras de la plaza Miramar empezar\u00e1n el lunes - Ajuntament de Mont-roig del Camp","robots":{"index":"index","follow":"follow","max-snippet":"max-snippet:-1","max-image-preview":"max-image-preview:large","max-video-preview":"max-video-preview:-1"},"canonical":"https:\/\/mont-roig.cat\/es\/actualitat\/noticies\/los-trabajos-previos-de-las-obras-de-la-plaza-miramar-empezaran-el-lunes\/","og_locale":"es_ES","og_type":"article","og_title":"Los trabajos previos de las obras de la plaza Miramar empezar\u00e1n el lunes - Ajuntament de Mont-roig del Camp","og_description":"El Ayuntamiento convoca el vecindario y comerciantes a una reuni\u00f3n informativa sobre la planificaci\u00f3n de las obras y las afectaciones, lunes 23 de septiembre, a las 20.30 h en la Casa de Cultura Las obras de la plaza de Miramar se iniciar\u00e1n el pr\u00f3ximo lunes d\u00eda 23 de septiembre. Durante la pr\u00f3xima semana se har\u00e1n [&hellip;]","og_url":"https:\/\/mont-roig.cat\/es\/actualitat\/noticies\/los-trabajos-previos-de-las-obras-de-la-plaza-miramar-empezaran-el-lunes\/","og_site_name":"Ajuntament de Mont-roig del Camp","article_published_time":"2019-09-20T07:23:32+00:00","og_image":[{"width":1024,"height":629,"url":"https:\/\/mont-roig.cat\/wp-content\/uploads\/Infografia-Pla\u00e7a-de-Miramar-Mont-roig_3.jpg","type":"image\/jpeg"}],"author":"administrador","twitter_card":"summary_large_image","twitter_misc":{"Escrito por":"administrador","Tiempo de lectura":"1 minuto"},"schema":{"@context":"https:\/\/schema.org","@graph":[{"@type":"Article","@id":"https:\/\/mont-roig.cat\/es\/actualitat\/noticies\/los-trabajos-previos-de-las-obras-de-la-plaza-miramar-empezaran-el-lunes\/#article","isPartOf":{"@id":"https:\/\/mont-roig.cat\/es\/actualitat\/noticies\/los-trabajos-previos-de-las-obras-de-la-plaza-miramar-empezaran-el-lunes\/"},"author":{"name":"administrador","@id":"https:\/\/mont-roig.cat\/es\/#\/schema\/person\/f2b111789f22b7d0c3bd6786c9128cba"},"headline":"Los trabajos previos de las obras de la plaza Miramar empezar\u00e1n el lunes","datePublished":"2019-09-20T07:23:32+00:00","mainEntityOfPage":{"@id":"https:\/\/mont-roig.cat\/es\/actualitat\/noticies\/los-trabajos-previos-de-las-obras-de-la-plaza-miramar-empezaran-el-lunes\/"},"wordCount":273,"image":{"@id":"https:\/\/mont-roig.cat\/es\/actualitat\/noticies\/los-trabajos-previos-de-las-obras-de-la-plaza-miramar-empezaran-el-lunes\/#primaryimage"},"thumbnailUrl":"https:\/\/mont-roig.cat\/wp-content\/uploads\/Infografia-Pla\u00e7a-de-Miramar-Mont-roig_3.jpg","articleSection":["Urbanismo y obras"],"inLanguage":"es"},{"@type":"WebPage","@id":"https:\/\/mont-roig.cat\/es\/actualitat\/noticies\/los-trabajos-previos-de-las-obras-de-la-plaza-miramar-empezaran-el-lunes\/","url":"https:\/\/mont-roig.cat\/es\/actualitat\/noticies\/los-trabajos-previos-de-las-obras-de-la-plaza-miramar-empezaran-el-lunes\/","name":"Los trabajos previos de las obras de la plaza Miramar empezar\u00e1n el lunes - Ajuntament de Mont-roig del Camp","isPartOf":{"@id":"https:\/\/mont-roig.cat\/es\/#website"},"primaryImageOfPage":{"@id":"https:\/\/mont-roig.cat\/es\/actualitat\/noticies\/los-trabajos-previos-de-las-obras-de-la-plaza-miramar-empezaran-el-lunes\/#primaryimage"},"image":{"@id":"https:\/\/mont-roig.cat\/es\/actualitat\/noticies\/los-trabajos-previos-de-las-obras-de-la-plaza-miramar-empezaran-el-lunes\/#primaryimage"},"thumbnailUrl":"https:\/\/mont-roig.cat\/wp-content\/uploads\/Infografia-Pla\u00e7a-de-Miramar-Mont-roig_3.jpg","datePublished":"2019-09-20T07:23:32+00:00","author":{"@id":"https:\/\/mont-roig.cat\/es\/#\/schema\/person\/f2b111789f22b7d0c3bd6786c9128cba"},"breadcrumb":{"@id":"https:\/\/mont-roig.cat\/es\/actualitat\/noticies\/los-trabajos-previos-de-las-obras-de-la-plaza-miramar-empezaran-el-lunes\/#breadcrumb"},"inLanguage":"es","potentialAction":[{"@type":"ReadAction","target":["https:\/\/mont-roig.cat\/es\/actualitat\/noticies\/los-trabajos-previos-de-las-obras-de-la-plaza-miramar-empezaran-el-lunes\/"]}]},{"@type":"ImageObject","inLanguage":"es","@id":"https:\/\/mont-roig.cat\/es\/actualitat\/noticies\/los-trabajos-previos-de-las-obras-de-la-plaza-miramar-empezaran-el-lunes\/#primaryimage","url":"https:\/\/mont-roig.cat\/wp-content\/uploads\/Infografia-Pla\u00e7a-de-Miramar-Mont-roig_3.jpg","contentUrl":"https:\/\/mont-roig.cat\/wp-content\/uploads\/Infografia-Pla\u00e7a-de-Miramar-Mont-roig_3.jpg","width":1024,"height":629,"caption":"Plaza Miramar"},{"@type":"BreadcrumbList","@id":"https:\/\/mont-roig.cat\/es\/actualitat\/noticies\/los-trabajos-previos-de-las-obras-de-la-plaza-miramar-empezaran-el-lunes\/#breadcrumb","itemListElement":[{"@type":"ListItem","position":1,"name":"Inici","item":"https:\/\/mont-roig.cat\/es\/pagina-de-inicio\/"},{"@type":"ListItem","position":2,"name":"Los trabajos previos de las obras de la plaza Miramar empezar\u00e1n el lunes"}]},{"@type":"WebSite","@id":"https:\/\/mont-roig.cat\/es\/#website","url":"https:\/\/mont-roig.cat\/es\/","name":"Ajuntament de Mont-roig del Camp","description":"Tota la informaci\u00f3 sobre la instituci\u00f3, els seus \u00f2rgans de govern, actualitat, serveis i molt m\u00e9s.","potentialAction":[{"@type":"SearchAction","target":{"@type":"EntryPoint","urlTemplate":"https:\/\/mont-roig.cat\/es\/?s={search_term_string}"},"query-input":{"@type":"PropertyValueSpecification","valueRequired":true,"valueName":"search_term_string"}}],"inLanguage":"es"},{"@type":"Person","@id":"https:\/\/mont-roig.cat\/es\/#\/schema\/person\/f2b111789f22b7d0c3bd6786c9128cba","name":"administrador","image":{"@type":"ImageObject","inLanguage":"es","@id":"https:\/\/secure.gravatar.com\/avatar\/9137aac6891e2595c9d3036fd83bcb653b4db3c946db4c7d9b9be193c3c944bb?s=96&d=mm&r=g","url":"https:\/\/secure.gravatar.com\/avatar\/9137aac6891e2595c9d3036fd83bcb653b4db3c946db4c7d9b9be193c3c944bb?s=96&d=mm&r=g","contentUrl":"https:\/\/secure.gravatar.com\/avatar\/9137aac6891e2595c9d3036fd83bcb653b4db3c946db4c7d9b9be193c3c944bb?s=96&d=mm&r=g","caption":"administrador"},"url":"https:\/\/mont-roig.cat\/es\/actualitat\/noticies\/author\/administrador\/"}]}},"_links":{"self":[{"href":"https:\/\/mont-roig.cat\/es\/wp-json\/wp\/v2\/posts\/38984","targetHints":{"allow":["GET"]}}],"collection":[{"href":"https:\/\/mont-roig.cat\/es\/wp-json\/wp\/v2\/posts"}],"about":[{"href":"https:\/\/mont-roig.cat\/es\/wp-json\/wp\/v2\/types\/post"}],"author":[{"embeddable":true,"href":"https:\/\/mont-roig.cat\/es\/wp-json\/wp\/v2\/users\/4"}],"replies":[{"embeddable":true,"href":"https:\/\/mont-roig.cat\/es\/wp-json\/wp\/v2\/comments?post=38984"}],"version-history":[{"count":2,"href":"https:\/\/mont-roig.cat\/es\/wp-json\/wp\/v2\/posts\/38984\/revisions"}],"predecessor-version":[{"id":38986,"href":"https:\/\/mont-roig.cat\/es\/wp-json\/wp\/v2\/posts\/38984\/revisions\/38986"}],"wp:featuredmedia":[{"embeddable":true,"href":"https:\/\/mont-roig.cat\/es\/wp-json\/wp\/v2\/media\/35596"}],"wp:attachment":[{"href":"https:\/\/mont-roig.cat\/es\/wp-json\/wp\/v2\/media?parent=38984"}],"wp:term":[{"taxonomy":"category","embeddable":true,"href":"https:\/\/mont-roig.cat\/es\/wp-json\/wp\/v2\/categories?post=38984"},{"taxonomy":"post_tag","embeddable":true,"href":"https:\/\/mont-roig.cat\/es\/wp-json\/wp\/v2\/tags?post=38984"}],"curies":[{"name":"wp","href":"https:\/\/api.w.org\/{rel}","templated":true}]}}