{"id":39138,"date":"2019-09-25T23:49:09","date_gmt":"2019-09-25T21:49:09","guid":{"rendered":"https:\/\/mont-roig.cat\/?p=39138"},"modified":"2019-09-26T09:37:36","modified_gmt":"2019-09-26T07:37:36","slug":"campana-de-concienciacion-para-evitar-colillas-en-la-via-publica","status":"publish","type":"post","link":"https:\/\/mont-roig.cat\/es\/actualitat\/noticies\/campana-de-concienciacion-para-evitar-colillas-en-la-via-publica\/","title":{"rendered":"Campa\u00f1a de concienciaci\u00f3n para evitar colillas en la v\u00eda p\u00fablica"},"content":{"rendered":"<ul>\n<li><strong>El Ayuntamiento de Mont-roig del Camp, conjuntamente con las Agentes C\u00edvicas del Barri de la Florida y la Polic\u00eda local, han puesto en marcha una nueva campa\u00f1a de sensibilizaci\u00f3n ambiental &#8216;No ens fumis&#8217; para concienciar a la poblaci\u00f3n de los perjuicios que supone tirar las colillas del tabaco en la v\u00eda p\u00fablica. Adem\u00e1s, se intensifica la vigilancia y el control y se recuerda a la poblaci\u00f3n fumadora sus obligaciones en materia de tabaquismo<br \/>\n<\/strong><\/li>\n<\/ul>\n<p><strong><a href=\"https:\/\/mont-roig.cat\/wp-content\/uploads\/IMG_8528.jpg\"><img loading=\"lazy\" decoding=\"async\" class=\"wp-image-39148 alignright\" src=\"https:\/\/mont-roig.cat\/wp-content\/uploads\/IMG_8528.jpg\" alt=\"\" width=\"250\" height=\"333\" srcset=\"https:\/\/mont-roig.cat\/wp-content\/uploads\/IMG_8528.jpg 1920w, https:\/\/mont-roig.cat\/wp-content\/uploads\/IMG_8528-375x500.jpg 375w, https:\/\/mont-roig.cat\/wp-content\/uploads\/IMG_8528-768x1024.jpg 768w\" sizes=\"auto, (max-width: 250px) 100vw, 250px\" \/><\/a><\/strong><a href=\"https:\/\/mont-roig.cat\/wp-content\/uploads\/IMG_8533.jpg\"><img loading=\"lazy\" decoding=\"async\" class=\"wp-image-39131 alignright\" src=\"https:\/\/mont-roig.cat\/wp-content\/uploads\/IMG_8533.jpg\" alt=\"\" width=\"250\" height=\"333\" srcset=\"https:\/\/mont-roig.cat\/wp-content\/uploads\/IMG_8533.jpg 1920w, https:\/\/mont-roig.cat\/wp-content\/uploads\/IMG_8533-375x500.jpg 375w, https:\/\/mont-roig.cat\/wp-content\/uploads\/IMG_8533-768x1024.jpg 768w\" sizes=\"auto, (max-width: 250px) 100vw, 250px\" \/><\/a>La campa\u00f1a recuerda que la ceniza y las colillas del tabaco apagadas se depositar\u00e1n en el contenedor gris de desechos no org\u00e1nicos. Desde esta ma\u00f1ana, las agentes c\u00edvicas de Miami Platja regalan ceniceros donde depositar las colillas y tambi\u00e9n reparten flyers con informaci\u00f3n de la campa\u00f1a.<\/p>\n<p>La campa\u00f1a recuerda que tirar las colillas en la v\u00eda p\u00fablica es una actitud inc\u00edvica que perjudica la imagen de nuestro municipio y requiere un gran gasto en servicios de limpieza. Estas conductas inc\u00edvicas pueden conllevar una sanci\u00f3n econ\u00f3mica de hasta 400 euros seg\u00fan la ordenanza municipal de residuos.<\/p>\n<p>Adem\u00e1s, hay que recordar que est\u00e1 prohibido fumar en parques infantiles y en \u00e1reas de juegos para la infancia. No se permite fumar en las cercan\u00edas de los centros sanitarios y de los centros de ense\u00f1anza; todos los espacios cerrados de uso p\u00fablico son libres de humo y, por \u00faltimo, fumar perjudica gravemente a la salud de los ciudadanos y de las personas de su alrededor. El incumplimiento de estas obligaciones implica sanciones de hasta 10.000 euros seg\u00fan la Ley del Tabaco.<\/p>\n<p><a href=\"https:\/\/mont-roig.cat\/wp-content\/uploads\/Campanya-civisme_burilles-tabac_2.jpg\"><img loading=\"lazy\" decoding=\"async\" class=\"alignleft wp-image-39144\" src=\"https:\/\/mont-roig.cat\/wp-content\/uploads\/Campanya-civisme_burilles-tabac_2.jpg\" alt=\"\" width=\"250\" height=\"347\" srcset=\"https:\/\/mont-roig.cat\/wp-content\/uploads\/Campanya-civisme_burilles-tabac_2.jpg 1920w, https:\/\/mont-roig.cat\/wp-content\/uploads\/Campanya-civisme_burilles-tabac_2-360x500.jpg 360w, https:\/\/mont-roig.cat\/wp-content\/uploads\/Campanya-civisme_burilles-tabac_2-768x1066.jpg 768w, https:\/\/mont-roig.cat\/wp-content\/uploads\/Campanya-civisme_burilles-tabac_2-737x1024.jpg 737w\" sizes=\"auto, (max-width: 250px) 100vw, 250px\" \/><\/a><a href=\"https:\/\/mont-roig.cat\/wp-content\/uploads\/Campanya-civisme_burilles-tabac_1.jpg\"><img loading=\"lazy\" decoding=\"async\" class=\"alignleft wp-image-39133\" src=\"https:\/\/mont-roig.cat\/wp-content\/uploads\/Campanya-civisme_burilles-tabac_1.jpg\" alt=\"\" width=\"250\" height=\"354\" srcset=\"https:\/\/mont-roig.cat\/wp-content\/uploads\/Campanya-civisme_burilles-tabac_1.jpg 1777w, https:\/\/mont-roig.cat\/wp-content\/uploads\/Campanya-civisme_burilles-tabac_1-354x500.jpg 354w, https:\/\/mont-roig.cat\/wp-content\/uploads\/Campanya-civisme_burilles-tabac_1-768x1086.jpg 768w, https:\/\/mont-roig.cat\/wp-content\/uploads\/Campanya-civisme_burilles-tabac_1-724x1024.jpg 724w\" sizes=\"auto, (max-width: 250px) 100vw, 250px\" \/><\/a><\/p>\n","protected":false},"excerpt":{"rendered":"<p>El Ayuntamiento de Mont-roig del Camp, conjuntamente con las Agentes C\u00edvicas del Barri de la Florida y la Polic\u00eda local, han puesto en marcha una nueva campa\u00f1a de sensibilizaci\u00f3n ambiental &#8216;No ens fumis&#8217; para concienciar a la poblaci\u00f3n de los perjuicios que supone tirar las colillas del tabaco en la v\u00eda p\u00fablica. Adem\u00e1s, se intensifica [&hellip;]<\/p>\n","protected":false},"author":4,"featured_media":39132,"comment_status":"closed","ping_status":"closed","sticky":false,"template":"","format":"standard","meta":{"inline_featured_image":false,"_monsterinsights_skip_tracking":false,"_monsterinsights_sitenote_active":false,"_monsterinsights_sitenote_note":"","_monsterinsights_sitenote_category":0,"footnotes":""},"categories":[98,135],"tags":[],"class_list":["post-39138","post","type-post","status-publish","format-standard","has-post-thumbnail","hentry","category-ayuntamiento","category-plan-de-barrios-es"],"yoast_head":"<!-- This site is optimized with the Yoast SEO plugin v27.4 - https:\/\/yoast.com\/product\/yoast-seo-wordpress\/ -->\n<title>Campa\u00f1a de concienciaci\u00f3n para evitar colillas en la v\u00eda p\u00fablica - Ajuntament de Mont-roig del Camp<\/title>\n<meta name=\"robots\" content=\"index, follow, max-snippet:-1, max-image-preview:large, max-video-preview:-1\" \/>\n<link rel=\"canonical\" href=\"https:\/\/mont-roig.cat\/es\/actualitat\/noticies\/campana-de-concienciacion-para-evitar-colillas-en-la-via-publica\/\" \/>\n<meta property=\"og:locale\" content=\"es_ES\" \/>\n<meta property=\"og:type\" content=\"article\" \/>\n<meta property=\"og:title\" content=\"Campa\u00f1a de concienciaci\u00f3n para evitar colillas en la v\u00eda p\u00fablica - Ajuntament de Mont-roig del Camp\" \/>\n<meta property=\"og:description\" content=\"El Ayuntamiento de Mont-roig del Camp, conjuntamente con las Agentes C\u00edvicas del Barri de la Florida y la Polic\u00eda local, han puesto en marcha una nueva campa\u00f1a de sensibilizaci\u00f3n ambiental &#8216;No ens fumis&#8217; para concienciar a la poblaci\u00f3n de los perjuicios que supone tirar las colillas del tabaco en la v\u00eda p\u00fablica. Adem\u00e1s, se intensifica [&hellip;]\" \/>\n<meta property=\"og:url\" content=\"https:\/\/mont-roig.cat\/es\/actualitat\/noticies\/campana-de-concienciacion-para-evitar-colillas-en-la-via-publica\/\" \/>\n<meta property=\"og:site_name\" content=\"Ajuntament de Mont-roig del Camp\" \/>\n<meta property=\"article:published_time\" content=\"2019-09-25T21:49:09+00:00\" \/>\n<meta property=\"article:modified_time\" content=\"2019-09-26T07:37:36+00:00\" \/>\n<meta property=\"og:image\" content=\"https:\/\/mont-roig.cat\/wp-content\/uploads\/IMG_8533.jpg\" \/>\n\t<meta property=\"og:image:width\" content=\"3024\" \/>\n\t<meta property=\"og:image:height\" content=\"4032\" \/>\n\t<meta property=\"og:image:type\" content=\"image\/jpeg\" \/>\n<meta name=\"author\" content=\"administrador\" \/>\n<meta name=\"twitter:card\" content=\"summary_large_image\" \/>\n<meta name=\"twitter:label1\" content=\"Escrito por\" \/>\n\t<meta name=\"twitter:data1\" content=\"administrador\" \/>\n\t<meta name=\"twitter:label2\" content=\"Tiempo de lectura\" \/>\n\t<meta name=\"twitter:data2\" content=\"1 minuto\" \/>\n<script type=\"application\/ld+json\" class=\"yoast-schema-graph\">{\"@context\":\"https:\\\/\\\/schema.org\",\"@graph\":[{\"@type\":\"Article\",\"@id\":\"https:\\\/\\\/mont-roig.cat\\\/es\\\/actualitat\\\/noticies\\\/campana-de-concienciacion-para-evitar-colillas-en-la-via-publica\\\/#article\",\"isPartOf\":{\"@id\":\"https:\\\/\\\/mont-roig.cat\\\/es\\\/actualitat\\\/noticies\\\/campana-de-concienciacion-para-evitar-colillas-en-la-via-publica\\\/\"},\"author\":{\"name\":\"administrador\",\"@id\":\"https:\\\/\\\/mont-roig.cat\\\/es\\\/#\\\/schema\\\/person\\\/f2b111789f22b7d0c3bd6786c9128cba\"},\"headline\":\"Campa\u00f1a de concienciaci\u00f3n para evitar colillas en la v\u00eda p\u00fablica\",\"datePublished\":\"2019-09-25T21:49:09+00:00\",\"dateModified\":\"2019-09-26T07:37:36+00:00\",\"mainEntityOfPage\":{\"@id\":\"https:\\\/\\\/mont-roig.cat\\\/es\\\/actualitat\\\/noticies\\\/campana-de-concienciacion-para-evitar-colillas-en-la-via-publica\\\/\"},\"wordCount\":292,\"image\":{\"@id\":\"https:\\\/\\\/mont-roig.cat\\\/es\\\/actualitat\\\/noticies\\\/campana-de-concienciacion-para-evitar-colillas-en-la-via-publica\\\/#primaryimage\"},\"thumbnailUrl\":\"https:\\\/\\\/mont-roig.cat\\\/wp-content\\\/uploads\\\/IMG_8533.jpg\",\"articleSection\":[\"Ayuntamiento\",\"Pla de Barris\"],\"inLanguage\":\"es\"},{\"@type\":\"WebPage\",\"@id\":\"https:\\\/\\\/mont-roig.cat\\\/es\\\/actualitat\\\/noticies\\\/campana-de-concienciacion-para-evitar-colillas-en-la-via-publica\\\/\",\"url\":\"https:\\\/\\\/mont-roig.cat\\\/es\\\/actualitat\\\/noticies\\\/campana-de-concienciacion-para-evitar-colillas-en-la-via-publica\\\/\",\"name\":\"Campa\u00f1a de concienciaci\u00f3n para evitar colillas en la v\u00eda p\u00fablica - Ajuntament de Mont-roig del Camp\",\"isPartOf\":{\"@id\":\"https:\\\/\\\/mont-roig.cat\\\/es\\\/#website\"},\"primaryImageOfPage\":{\"@id\":\"https:\\\/\\\/mont-roig.cat\\\/es\\\/actualitat\\\/noticies\\\/campana-de-concienciacion-para-evitar-colillas-en-la-via-publica\\\/#primaryimage\"},\"image\":{\"@id\":\"https:\\\/\\\/mont-roig.cat\\\/es\\\/actualitat\\\/noticies\\\/campana-de-concienciacion-para-evitar-colillas-en-la-via-publica\\\/#primaryimage\"},\"thumbnailUrl\":\"https:\\\/\\\/mont-roig.cat\\\/wp-content\\\/uploads\\\/IMG_8533.jpg\",\"datePublished\":\"2019-09-25T21:49:09+00:00\",\"dateModified\":\"2019-09-26T07:37:36+00:00\",\"author\":{\"@id\":\"https:\\\/\\\/mont-roig.cat\\\/es\\\/#\\\/schema\\\/person\\\/f2b111789f22b7d0c3bd6786c9128cba\"},\"breadcrumb\":{\"@id\":\"https:\\\/\\\/mont-roig.cat\\\/es\\\/actualitat\\\/noticies\\\/campana-de-concienciacion-para-evitar-colillas-en-la-via-publica\\\/#breadcrumb\"},\"inLanguage\":\"es\",\"potentialAction\":[{\"@type\":\"ReadAction\",\"target\":[\"https:\\\/\\\/mont-roig.cat\\\/es\\\/actualitat\\\/noticies\\\/campana-de-concienciacion-para-evitar-colillas-en-la-via-publica\\\/\"]}]},{\"@type\":\"ImageObject\",\"inLanguage\":\"es\",\"@id\":\"https:\\\/\\\/mont-roig.cat\\\/es\\\/actualitat\\\/noticies\\\/campana-de-concienciacion-para-evitar-colillas-en-la-via-publica\\\/#primaryimage\",\"url\":\"https:\\\/\\\/mont-roig.cat\\\/wp-content\\\/uploads\\\/IMG_8533.jpg\",\"contentUrl\":\"https:\\\/\\\/mont-roig.cat\\\/wp-content\\\/uploads\\\/IMG_8533.jpg\",\"width\":3024,\"height\":4032},{\"@type\":\"BreadcrumbList\",\"@id\":\"https:\\\/\\\/mont-roig.cat\\\/es\\\/actualitat\\\/noticies\\\/campana-de-concienciacion-para-evitar-colillas-en-la-via-publica\\\/#breadcrumb\",\"itemListElement\":[{\"@type\":\"ListItem\",\"position\":1,\"name\":\"Inici\",\"item\":\"https:\\\/\\\/mont-roig.cat\\\/es\\\/pagina-de-inicio\\\/\"},{\"@type\":\"ListItem\",\"position\":2,\"name\":\"Campa\u00f1a de concienciaci\u00f3n para evitar colillas en la v\u00eda p\u00fablica\"}]},{\"@type\":\"WebSite\",\"@id\":\"https:\\\/\\\/mont-roig.cat\\\/es\\\/#website\",\"url\":\"https:\\\/\\\/mont-roig.cat\\\/es\\\/\",\"name\":\"Ajuntament de Mont-roig del Camp\",\"description\":\"Tota la informaci\u00f3 sobre la instituci\u00f3, els seus \u00f2rgans de govern, actualitat, serveis i molt m\u00e9s.\",\"potentialAction\":[{\"@type\":\"SearchAction\",\"target\":{\"@type\":\"EntryPoint\",\"urlTemplate\":\"https:\\\/\\\/mont-roig.cat\\\/es\\\/?s={search_term_string}\"},\"query-input\":{\"@type\":\"PropertyValueSpecification\",\"valueRequired\":true,\"valueName\":\"search_term_string\"}}],\"inLanguage\":\"es\"},{\"@type\":\"Person\",\"@id\":\"https:\\\/\\\/mont-roig.cat\\\/es\\\/#\\\/schema\\\/person\\\/f2b111789f22b7d0c3bd6786c9128cba\",\"name\":\"administrador\",\"image\":{\"@type\":\"ImageObject\",\"inLanguage\":\"es\",\"@id\":\"https:\\\/\\\/secure.gravatar.com\\\/avatar\\\/9137aac6891e2595c9d3036fd83bcb653b4db3c946db4c7d9b9be193c3c944bb?s=96&d=mm&r=g\",\"url\":\"https:\\\/\\\/secure.gravatar.com\\\/avatar\\\/9137aac6891e2595c9d3036fd83bcb653b4db3c946db4c7d9b9be193c3c944bb?s=96&d=mm&r=g\",\"contentUrl\":\"https:\\\/\\\/secure.gravatar.com\\\/avatar\\\/9137aac6891e2595c9d3036fd83bcb653b4db3c946db4c7d9b9be193c3c944bb?s=96&d=mm&r=g\",\"caption\":\"administrador\"},\"url\":\"https:\\\/\\\/mont-roig.cat\\\/es\\\/actualitat\\\/noticies\\\/author\\\/administrador\\\/\"}]}<\/script>\n<!-- \/ Yoast SEO plugin. -->","yoast_head_json":{"title":"Campa\u00f1a de concienciaci\u00f3n para evitar colillas en la v\u00eda p\u00fablica - Ajuntament de Mont-roig del Camp","robots":{"index":"index","follow":"follow","max-snippet":"max-snippet:-1","max-image-preview":"max-image-preview:large","max-video-preview":"max-video-preview:-1"},"canonical":"https:\/\/mont-roig.cat\/es\/actualitat\/noticies\/campana-de-concienciacion-para-evitar-colillas-en-la-via-publica\/","og_locale":"es_ES","og_type":"article","og_title":"Campa\u00f1a de concienciaci\u00f3n para evitar colillas en la v\u00eda p\u00fablica - Ajuntament de Mont-roig del Camp","og_description":"El Ayuntamiento de Mont-roig del Camp, conjuntamente con las Agentes C\u00edvicas del Barri de la Florida y la Polic\u00eda local, han puesto en marcha una nueva campa\u00f1a de sensibilizaci\u00f3n ambiental &#8216;No ens fumis&#8217; para concienciar a la poblaci\u00f3n de los perjuicios que supone tirar las colillas del tabaco en la v\u00eda p\u00fablica. Adem\u00e1s, se intensifica [&hellip;]","og_url":"https:\/\/mont-roig.cat\/es\/actualitat\/noticies\/campana-de-concienciacion-para-evitar-colillas-en-la-via-publica\/","og_site_name":"Ajuntament de Mont-roig del Camp","article_published_time":"2019-09-25T21:49:09+00:00","article_modified_time":"2019-09-26T07:37:36+00:00","og_image":[{"width":3024,"height":4032,"url":"https:\/\/mont-roig.cat\/wp-content\/uploads\/IMG_8533.jpg","type":"image\/jpeg"}],"author":"administrador","twitter_card":"summary_large_image","twitter_misc":{"Escrito por":"administrador","Tiempo de lectura":"1 minuto"},"schema":{"@context":"https:\/\/schema.org","@graph":[{"@type":"Article","@id":"https:\/\/mont-roig.cat\/es\/actualitat\/noticies\/campana-de-concienciacion-para-evitar-colillas-en-la-via-publica\/#article","isPartOf":{"@id":"https:\/\/mont-roig.cat\/es\/actualitat\/noticies\/campana-de-concienciacion-para-evitar-colillas-en-la-via-publica\/"},"author":{"name":"administrador","@id":"https:\/\/mont-roig.cat\/es\/#\/schema\/person\/f2b111789f22b7d0c3bd6786c9128cba"},"headline":"Campa\u00f1a de concienciaci\u00f3n para evitar colillas en la v\u00eda p\u00fablica","datePublished":"2019-09-25T21:49:09+00:00","dateModified":"2019-09-26T07:37:36+00:00","mainEntityOfPage":{"@id":"https:\/\/mont-roig.cat\/es\/actualitat\/noticies\/campana-de-concienciacion-para-evitar-colillas-en-la-via-publica\/"},"wordCount":292,"image":{"@id":"https:\/\/mont-roig.cat\/es\/actualitat\/noticies\/campana-de-concienciacion-para-evitar-colillas-en-la-via-publica\/#primaryimage"},"thumbnailUrl":"https:\/\/mont-roig.cat\/wp-content\/uploads\/IMG_8533.jpg","articleSection":["Ayuntamiento","Pla de Barris"],"inLanguage":"es"},{"@type":"WebPage","@id":"https:\/\/mont-roig.cat\/es\/actualitat\/noticies\/campana-de-concienciacion-para-evitar-colillas-en-la-via-publica\/","url":"https:\/\/mont-roig.cat\/es\/actualitat\/noticies\/campana-de-concienciacion-para-evitar-colillas-en-la-via-publica\/","name":"Campa\u00f1a de concienciaci\u00f3n para evitar colillas en la v\u00eda p\u00fablica - Ajuntament de Mont-roig del Camp","isPartOf":{"@id":"https:\/\/mont-roig.cat\/es\/#website"},"primaryImageOfPage":{"@id":"https:\/\/mont-roig.cat\/es\/actualitat\/noticies\/campana-de-concienciacion-para-evitar-colillas-en-la-via-publica\/#primaryimage"},"image":{"@id":"https:\/\/mont-roig.cat\/es\/actualitat\/noticies\/campana-de-concienciacion-para-evitar-colillas-en-la-via-publica\/#primaryimage"},"thumbnailUrl":"https:\/\/mont-roig.cat\/wp-content\/uploads\/IMG_8533.jpg","datePublished":"2019-09-25T21:49:09+00:00","dateModified":"2019-09-26T07:37:36+00:00","author":{"@id":"https:\/\/mont-roig.cat\/es\/#\/schema\/person\/f2b111789f22b7d0c3bd6786c9128cba"},"breadcrumb":{"@id":"https:\/\/mont-roig.cat\/es\/actualitat\/noticies\/campana-de-concienciacion-para-evitar-colillas-en-la-via-publica\/#breadcrumb"},"inLanguage":"es","potentialAction":[{"@type":"ReadAction","target":["https:\/\/mont-roig.cat\/es\/actualitat\/noticies\/campana-de-concienciacion-para-evitar-colillas-en-la-via-publica\/"]}]},{"@type":"ImageObject","inLanguage":"es","@id":"https:\/\/mont-roig.cat\/es\/actualitat\/noticies\/campana-de-concienciacion-para-evitar-colillas-en-la-via-publica\/#primaryimage","url":"https:\/\/mont-roig.cat\/wp-content\/uploads\/IMG_8533.jpg","contentUrl":"https:\/\/mont-roig.cat\/wp-content\/uploads\/IMG_8533.jpg","width":3024,"height":4032},{"@type":"BreadcrumbList","@id":"https:\/\/mont-roig.cat\/es\/actualitat\/noticies\/campana-de-concienciacion-para-evitar-colillas-en-la-via-publica\/#breadcrumb","itemListElement":[{"@type":"ListItem","position":1,"name":"Inici","item":"https:\/\/mont-roig.cat\/es\/pagina-de-inicio\/"},{"@type":"ListItem","position":2,"name":"Campa\u00f1a de concienciaci\u00f3n para evitar colillas en la v\u00eda p\u00fablica"}]},{"@type":"WebSite","@id":"https:\/\/mont-roig.cat\/es\/#website","url":"https:\/\/mont-roig.cat\/es\/","name":"Ajuntament de Mont-roig del Camp","description":"Tota la informaci\u00f3 sobre la instituci\u00f3, els seus \u00f2rgans de govern, actualitat, serveis i molt m\u00e9s.","potentialAction":[{"@type":"SearchAction","target":{"@type":"EntryPoint","urlTemplate":"https:\/\/mont-roig.cat\/es\/?s={search_term_string}"},"query-input":{"@type":"PropertyValueSpecification","valueRequired":true,"valueName":"search_term_string"}}],"inLanguage":"es"},{"@type":"Person","@id":"https:\/\/mont-roig.cat\/es\/#\/schema\/person\/f2b111789f22b7d0c3bd6786c9128cba","name":"administrador","image":{"@type":"ImageObject","inLanguage":"es","@id":"https:\/\/secure.gravatar.com\/avatar\/9137aac6891e2595c9d3036fd83bcb653b4db3c946db4c7d9b9be193c3c944bb?s=96&d=mm&r=g","url":"https:\/\/secure.gravatar.com\/avatar\/9137aac6891e2595c9d3036fd83bcb653b4db3c946db4c7d9b9be193c3c944bb?s=96&d=mm&r=g","contentUrl":"https:\/\/secure.gravatar.com\/avatar\/9137aac6891e2595c9d3036fd83bcb653b4db3c946db4c7d9b9be193c3c944bb?s=96&d=mm&r=g","caption":"administrador"},"url":"https:\/\/mont-roig.cat\/es\/actualitat\/noticies\/author\/administrador\/"}]}},"_links":{"self":[{"href":"https:\/\/mont-roig.cat\/es\/wp-json\/wp\/v2\/posts\/39138","targetHints":{"allow":["GET"]}}],"collection":[{"href":"https:\/\/mont-roig.cat\/es\/wp-json\/wp\/v2\/posts"}],"about":[{"href":"https:\/\/mont-roig.cat\/es\/wp-json\/wp\/v2\/types\/post"}],"author":[{"embeddable":true,"href":"https:\/\/mont-roig.cat\/es\/wp-json\/wp\/v2\/users\/4"}],"replies":[{"embeddable":true,"href":"https:\/\/mont-roig.cat\/es\/wp-json\/wp\/v2\/comments?post=39138"}],"version-history":[{"count":4,"href":"https:\/\/mont-roig.cat\/es\/wp-json\/wp\/v2\/posts\/39138\/revisions"}],"predecessor-version":[{"id":39152,"href":"https:\/\/mont-roig.cat\/es\/wp-json\/wp\/v2\/posts\/39138\/revisions\/39152"}],"wp:featuredmedia":[{"embeddable":true,"href":"https:\/\/mont-roig.cat\/es\/wp-json\/wp\/v2\/media\/39132"}],"wp:attachment":[{"href":"https:\/\/mont-roig.cat\/es\/wp-json\/wp\/v2\/media?parent=39138"}],"wp:term":[{"taxonomy":"category","embeddable":true,"href":"https:\/\/mont-roig.cat\/es\/wp-json\/wp\/v2\/categories?post=39138"},{"taxonomy":"post_tag","embeddable":true,"href":"https:\/\/mont-roig.cat\/es\/wp-json\/wp\/v2\/tags?post=39138"}],"curies":[{"name":"wp","href":"https:\/\/api.w.org\/{rel}","templated":true}]}}