{"id":3924,"date":"2015-11-27T08:55:15","date_gmt":"2015-11-27T08:55:15","guid":{"rendered":""},"modified":"2015-11-27T08:55:15","modified_gmt":"2015-11-27T08:55:15","slug":"mont-roig-acoge-el-sabado-la-final-interclub-intercomarcal-de-patinaje-artistico","status":"publish","type":"post","link":"https:\/\/mont-roig.cat\/es\/actualitat\/noticies\/mont-roig-acoge-el-sabado-la-final-interclub-intercomarcal-de-patinaje-artistico\/","title":{"rendered":"Mont-roig acoge el s\u00e1bado la Final Interclub Intercomarcal de patinaje art\u00edstico"},"content":{"rendered":"<div class=\"body\">\n<div>\n<p><strong><img decoding=\"async\" alt=\"Agrupaci\u00f3 de Patinatge de Mont-roig \" class=\"requadre\" src=\"http:\/\/mont-roig.cat\/wp-content\/uploads\/2014_12_14_festival_patinatge_021.jpg\" style=\"line-height: 1.42857; height: 225px; width: 300px; margin: 10px; float: right;\" title=\"Agrupaci\u00f3 de Patinatge de Mont-roig \" \/><\/strong><\/p>\n<p><strong>La competici\u00f3n, que est\u00e1 organizada por la Agrupaci\u00f3 de Patinatge de Mont-roig, acoger\u00e1 a m\u00e1s de setenta participantes de varios clubes del Camp de Tarragona<\/strong><\/p>\n<p>El pabell\u00f3n municipal de deportes acoger\u00e1 este s\u00e1bado 28 de noviembre, de 9 a 13h, la Final Interclub Intercomarcal de patinaje art\u00edstico. La Agrupaci\u00f3 de Patinatge de Mont-roig organiza la competici\u00f3n en la que tambi\u00e9n participar\u00e1n los clubes de patinaje de Valls, la Espluga de Francol\u00ed, El Pla de Santa Mar\u00eda y El Vendrell. El certamen cuenta con la colaboraci\u00f3n de la concejal\u00eda de Deportes del Ayuntamiento de Mont-roig del Camp.<\/p>\n<p>En la Final Interclub competir\u00e1n los patinadores y patinadoras que a lo largo del a\u00f1o han conseguido hacer podio y que, por tanto, se han clasificado para esta final. De hecho, durante el a\u00f1o se organizan 5 interclubes, uno en cada localidad de los clubes participantes, y la celebraci\u00f3n del s\u00e1bado es la \u00faltima. En estas competiciones participan desde los patinadores de la categor\u00eda Base hasta los de categor\u00eda Senior.<\/p>\n<p>La Agrupaci\u00f3n de Patinaje de Mont-roig quiere acercar el patinaje a todos los vecinos y vecinas y por ello invita a todos a disfrutar de estas competiciones que permiten ver los esfuerzos y progresos de todos los participantes.<\/p>\n<\/div>\n<\/div>\n<div class=\"field_noticia_img_portada\">\n<div>Imatge portada<\/div>\n<p><img decoding=\"async\" src=\"http:\/\/mont-roig.cat\/wp-content\/uploads\/2014_12_14_festival_patinatge_021_0.jpg\" title=\"2014_12_14_festival_patinatge_021.jpg\" alt=\"2014_12_14_festival_patinatge_021.jpg\" \/><\/div>\n","protected":false},"excerpt":{"rendered":"<p>La competici\u00f3n, que est\u00e1 organizada por la Agrupaci\u00f3 de Patinatge de Mont-roig, acoger\u00e1 a m\u00e1s de setenta participantes de varios clubes del Camp de Tarragona El pabell\u00f3n municipal de deportes acoger\u00e1 este s\u00e1bado 28 de noviembre, de 9 a 13h, la Final Interclub Intercomarcal de patinaje art\u00edstico. La Agrupaci\u00f3 de Patinatge de Mont-roig organiza la [&hellip;]<\/p>\n","protected":false},"author":4,"featured_media":7273,"comment_status":"open","ping_status":"open","sticky":false,"template":"","format":"standard","meta":{"inline_featured_image":false,"_monsterinsights_skip_tracking":false,"_monsterinsights_sitenote_active":false,"_monsterinsights_sitenote_note":"","_monsterinsights_sitenote_category":0,"footnotes":""},"categories":[104],"tags":[],"class_list":["post-3924","post","type-post","status-publish","format-standard","has-post-thumbnail","hentry","category-deportes"],"yoast_head":"<!-- This site is optimized with the Yoast SEO plugin v27.4 - https:\/\/yoast.com\/product\/yoast-seo-wordpress\/ -->\n<title>Mont-roig acoge el s\u00e1bado la Final Interclub Intercomarcal de patinaje art\u00edstico - Ajuntament de Mont-roig del Camp<\/title>\n<meta name=\"robots\" content=\"index, follow, max-snippet:-1, max-image-preview:large, max-video-preview:-1\" \/>\n<link rel=\"canonical\" href=\"https:\/\/mont-roig.cat\/es\/actualitat\/noticies\/mont-roig-acoge-el-sabado-la-final-interclub-intercomarcal-de-patinaje-artistico\/\" \/>\n<meta property=\"og:locale\" content=\"es_ES\" \/>\n<meta property=\"og:type\" content=\"article\" \/>\n<meta property=\"og:title\" content=\"Mont-roig acoge el s\u00e1bado la Final Interclub Intercomarcal de patinaje art\u00edstico - Ajuntament de Mont-roig del Camp\" \/>\n<meta property=\"og:description\" content=\"La competici\u00f3n, que est\u00e1 organizada por la Agrupaci\u00f3 de Patinatge de Mont-roig, acoger\u00e1 a m\u00e1s de setenta participantes de varios clubes del Camp de Tarragona El pabell\u00f3n municipal de deportes acoger\u00e1 este s\u00e1bado 28 de noviembre, de 9 a 13h, la Final Interclub Intercomarcal de patinaje art\u00edstico. La Agrupaci\u00f3 de Patinatge de Mont-roig organiza la [&hellip;]\" \/>\n<meta property=\"og:url\" content=\"https:\/\/mont-roig.cat\/es\/actualitat\/noticies\/mont-roig-acoge-el-sabado-la-final-interclub-intercomarcal-de-patinaje-artistico\/\" \/>\n<meta property=\"og:site_name\" content=\"Ajuntament de Mont-roig del Camp\" \/>\n<meta property=\"article:published_time\" content=\"2015-11-27T08:55:15+00:00\" \/>\n<meta property=\"og:image\" content=\"https:\/\/mont-roig.cat\/wp-content\/uploads\/2014_12_14_festival_patinatge_021.jpg\" \/>\n\t<meta property=\"og:image:width\" content=\"3264\" \/>\n\t<meta property=\"og:image:height\" content=\"2448\" \/>\n\t<meta property=\"og:image:type\" content=\"image\/jpeg\" \/>\n<meta name=\"author\" content=\"administrador\" \/>\n<meta name=\"twitter:card\" content=\"summary_large_image\" \/>\n<meta name=\"twitter:label1\" content=\"Escrito por\" \/>\n\t<meta name=\"twitter:data1\" content=\"administrador\" \/>\n\t<meta name=\"twitter:label2\" content=\"Tiempo de lectura\" \/>\n\t<meta name=\"twitter:data2\" content=\"1 minuto\" \/>\n<script type=\"application\/ld+json\" class=\"yoast-schema-graph\">{\"@context\":\"https:\\\/\\\/schema.org\",\"@graph\":[{\"@type\":\"Article\",\"@id\":\"https:\\\/\\\/mont-roig.cat\\\/es\\\/actualitat\\\/noticies\\\/mont-roig-acoge-el-sabado-la-final-interclub-intercomarcal-de-patinaje-artistico\\\/#article\",\"isPartOf\":{\"@id\":\"https:\\\/\\\/mont-roig.cat\\\/es\\\/actualitat\\\/noticies\\\/mont-roig-acoge-el-sabado-la-final-interclub-intercomarcal-de-patinaje-artistico\\\/\"},\"author\":{\"name\":\"administrador\",\"@id\":\"https:\\\/\\\/mont-roig.cat\\\/es\\\/#\\\/schema\\\/person\\\/f2b111789f22b7d0c3bd6786c9128cba\"},\"headline\":\"Mont-roig acoge el s\u00e1bado la Final Interclub Intercomarcal de patinaje art\u00edstico\",\"datePublished\":\"2015-11-27T08:55:15+00:00\",\"mainEntityOfPage\":{\"@id\":\"https:\\\/\\\/mont-roig.cat\\\/es\\\/actualitat\\\/noticies\\\/mont-roig-acoge-el-sabado-la-final-interclub-intercomarcal-de-patinaje-artistico\\\/\"},\"wordCount\":235,\"commentCount\":0,\"image\":{\"@id\":\"https:\\\/\\\/mont-roig.cat\\\/es\\\/actualitat\\\/noticies\\\/mont-roig-acoge-el-sabado-la-final-interclub-intercomarcal-de-patinaje-artistico\\\/#primaryimage\"},\"thumbnailUrl\":\"https:\\\/\\\/mont-roig.cat\\\/wp-content\\\/uploads\\\/2014_12_14_festival_patinatge_021.jpg\",\"articleSection\":[\"Deportes\"],\"inLanguage\":\"es\"},{\"@type\":\"WebPage\",\"@id\":\"https:\\\/\\\/mont-roig.cat\\\/es\\\/actualitat\\\/noticies\\\/mont-roig-acoge-el-sabado-la-final-interclub-intercomarcal-de-patinaje-artistico\\\/\",\"url\":\"https:\\\/\\\/mont-roig.cat\\\/es\\\/actualitat\\\/noticies\\\/mont-roig-acoge-el-sabado-la-final-interclub-intercomarcal-de-patinaje-artistico\\\/\",\"name\":\"Mont-roig acoge el s\u00e1bado la Final Interclub Intercomarcal de patinaje art\u00edstico - Ajuntament de Mont-roig del Camp\",\"isPartOf\":{\"@id\":\"https:\\\/\\\/mont-roig.cat\\\/es\\\/#website\"},\"primaryImageOfPage\":{\"@id\":\"https:\\\/\\\/mont-roig.cat\\\/es\\\/actualitat\\\/noticies\\\/mont-roig-acoge-el-sabado-la-final-interclub-intercomarcal-de-patinaje-artistico\\\/#primaryimage\"},\"image\":{\"@id\":\"https:\\\/\\\/mont-roig.cat\\\/es\\\/actualitat\\\/noticies\\\/mont-roig-acoge-el-sabado-la-final-interclub-intercomarcal-de-patinaje-artistico\\\/#primaryimage\"},\"thumbnailUrl\":\"https:\\\/\\\/mont-roig.cat\\\/wp-content\\\/uploads\\\/2014_12_14_festival_patinatge_021.jpg\",\"datePublished\":\"2015-11-27T08:55:15+00:00\",\"author\":{\"@id\":\"https:\\\/\\\/mont-roig.cat\\\/es\\\/#\\\/schema\\\/person\\\/f2b111789f22b7d0c3bd6786c9128cba\"},\"breadcrumb\":{\"@id\":\"https:\\\/\\\/mont-roig.cat\\\/es\\\/actualitat\\\/noticies\\\/mont-roig-acoge-el-sabado-la-final-interclub-intercomarcal-de-patinaje-artistico\\\/#breadcrumb\"},\"inLanguage\":\"es\",\"potentialAction\":[{\"@type\":\"ReadAction\",\"target\":[\"https:\\\/\\\/mont-roig.cat\\\/es\\\/actualitat\\\/noticies\\\/mont-roig-acoge-el-sabado-la-final-interclub-intercomarcal-de-patinaje-artistico\\\/\"]}]},{\"@type\":\"ImageObject\",\"inLanguage\":\"es\",\"@id\":\"https:\\\/\\\/mont-roig.cat\\\/es\\\/actualitat\\\/noticies\\\/mont-roig-acoge-el-sabado-la-final-interclub-intercomarcal-de-patinaje-artistico\\\/#primaryimage\",\"url\":\"https:\\\/\\\/mont-roig.cat\\\/wp-content\\\/uploads\\\/2014_12_14_festival_patinatge_021.jpg\",\"contentUrl\":\"https:\\\/\\\/mont-roig.cat\\\/wp-content\\\/uploads\\\/2014_12_14_festival_patinatge_021.jpg\",\"width\":3264,\"height\":2448},{\"@type\":\"BreadcrumbList\",\"@id\":\"https:\\\/\\\/mont-roig.cat\\\/es\\\/actualitat\\\/noticies\\\/mont-roig-acoge-el-sabado-la-final-interclub-intercomarcal-de-patinaje-artistico\\\/#breadcrumb\",\"itemListElement\":[{\"@type\":\"ListItem\",\"position\":1,\"name\":\"Inici\",\"item\":\"https:\\\/\\\/mont-roig.cat\\\/es\\\/pagina-de-inicio\\\/\"},{\"@type\":\"ListItem\",\"position\":2,\"name\":\"Mont-roig acoge el s\u00e1bado la Final Interclub Intercomarcal de patinaje art\u00edstico\"}]},{\"@type\":\"WebSite\",\"@id\":\"https:\\\/\\\/mont-roig.cat\\\/es\\\/#website\",\"url\":\"https:\\\/\\\/mont-roig.cat\\\/es\\\/\",\"name\":\"Ajuntament de Mont-roig del Camp\",\"description\":\"Tota la informaci\u00f3 sobre la instituci\u00f3, els seus \u00f2rgans de govern, actualitat, serveis i molt m\u00e9s.\",\"potentialAction\":[{\"@type\":\"SearchAction\",\"target\":{\"@type\":\"EntryPoint\",\"urlTemplate\":\"https:\\\/\\\/mont-roig.cat\\\/es\\\/?s={search_term_string}\"},\"query-input\":{\"@type\":\"PropertyValueSpecification\",\"valueRequired\":true,\"valueName\":\"search_term_string\"}}],\"inLanguage\":\"es\"},{\"@type\":\"Person\",\"@id\":\"https:\\\/\\\/mont-roig.cat\\\/es\\\/#\\\/schema\\\/person\\\/f2b111789f22b7d0c3bd6786c9128cba\",\"name\":\"administrador\",\"image\":{\"@type\":\"ImageObject\",\"inLanguage\":\"es\",\"@id\":\"https:\\\/\\\/secure.gravatar.com\\\/avatar\\\/9137aac6891e2595c9d3036fd83bcb653b4db3c946db4c7d9b9be193c3c944bb?s=96&d=mm&r=g\",\"url\":\"https:\\\/\\\/secure.gravatar.com\\\/avatar\\\/9137aac6891e2595c9d3036fd83bcb653b4db3c946db4c7d9b9be193c3c944bb?s=96&d=mm&r=g\",\"contentUrl\":\"https:\\\/\\\/secure.gravatar.com\\\/avatar\\\/9137aac6891e2595c9d3036fd83bcb653b4db3c946db4c7d9b9be193c3c944bb?s=96&d=mm&r=g\",\"caption\":\"administrador\"},\"url\":\"https:\\\/\\\/mont-roig.cat\\\/es\\\/actualitat\\\/noticies\\\/author\\\/administrador\\\/\"}]}<\/script>\n<!-- \/ Yoast SEO plugin. -->","yoast_head_json":{"title":"Mont-roig acoge el s\u00e1bado la Final Interclub Intercomarcal de patinaje art\u00edstico - Ajuntament de Mont-roig del Camp","robots":{"index":"index","follow":"follow","max-snippet":"max-snippet:-1","max-image-preview":"max-image-preview:large","max-video-preview":"max-video-preview:-1"},"canonical":"https:\/\/mont-roig.cat\/es\/actualitat\/noticies\/mont-roig-acoge-el-sabado-la-final-interclub-intercomarcal-de-patinaje-artistico\/","og_locale":"es_ES","og_type":"article","og_title":"Mont-roig acoge el s\u00e1bado la Final Interclub Intercomarcal de patinaje art\u00edstico - Ajuntament de Mont-roig del Camp","og_description":"La competici\u00f3n, que est\u00e1 organizada por la Agrupaci\u00f3 de Patinatge de Mont-roig, acoger\u00e1 a m\u00e1s de setenta participantes de varios clubes del Camp de Tarragona El pabell\u00f3n municipal de deportes acoger\u00e1 este s\u00e1bado 28 de noviembre, de 9 a 13h, la Final Interclub Intercomarcal de patinaje art\u00edstico. La Agrupaci\u00f3 de Patinatge de Mont-roig organiza la [&hellip;]","og_url":"https:\/\/mont-roig.cat\/es\/actualitat\/noticies\/mont-roig-acoge-el-sabado-la-final-interclub-intercomarcal-de-patinaje-artistico\/","og_site_name":"Ajuntament de Mont-roig del Camp","article_published_time":"2015-11-27T08:55:15+00:00","og_image":[{"width":3264,"height":2448,"url":"https:\/\/mont-roig.cat\/wp-content\/uploads\/2014_12_14_festival_patinatge_021.jpg","type":"image\/jpeg"}],"author":"administrador","twitter_card":"summary_large_image","twitter_misc":{"Escrito por":"administrador","Tiempo de lectura":"1 minuto"},"schema":{"@context":"https:\/\/schema.org","@graph":[{"@type":"Article","@id":"https:\/\/mont-roig.cat\/es\/actualitat\/noticies\/mont-roig-acoge-el-sabado-la-final-interclub-intercomarcal-de-patinaje-artistico\/#article","isPartOf":{"@id":"https:\/\/mont-roig.cat\/es\/actualitat\/noticies\/mont-roig-acoge-el-sabado-la-final-interclub-intercomarcal-de-patinaje-artistico\/"},"author":{"name":"administrador","@id":"https:\/\/mont-roig.cat\/es\/#\/schema\/person\/f2b111789f22b7d0c3bd6786c9128cba"},"headline":"Mont-roig acoge el s\u00e1bado la Final Interclub Intercomarcal de patinaje art\u00edstico","datePublished":"2015-11-27T08:55:15+00:00","mainEntityOfPage":{"@id":"https:\/\/mont-roig.cat\/es\/actualitat\/noticies\/mont-roig-acoge-el-sabado-la-final-interclub-intercomarcal-de-patinaje-artistico\/"},"wordCount":235,"commentCount":0,"image":{"@id":"https:\/\/mont-roig.cat\/es\/actualitat\/noticies\/mont-roig-acoge-el-sabado-la-final-interclub-intercomarcal-de-patinaje-artistico\/#primaryimage"},"thumbnailUrl":"https:\/\/mont-roig.cat\/wp-content\/uploads\/2014_12_14_festival_patinatge_021.jpg","articleSection":["Deportes"],"inLanguage":"es"},{"@type":"WebPage","@id":"https:\/\/mont-roig.cat\/es\/actualitat\/noticies\/mont-roig-acoge-el-sabado-la-final-interclub-intercomarcal-de-patinaje-artistico\/","url":"https:\/\/mont-roig.cat\/es\/actualitat\/noticies\/mont-roig-acoge-el-sabado-la-final-interclub-intercomarcal-de-patinaje-artistico\/","name":"Mont-roig acoge el s\u00e1bado la Final Interclub Intercomarcal de patinaje art\u00edstico - Ajuntament de Mont-roig del Camp","isPartOf":{"@id":"https:\/\/mont-roig.cat\/es\/#website"},"primaryImageOfPage":{"@id":"https:\/\/mont-roig.cat\/es\/actualitat\/noticies\/mont-roig-acoge-el-sabado-la-final-interclub-intercomarcal-de-patinaje-artistico\/#primaryimage"},"image":{"@id":"https:\/\/mont-roig.cat\/es\/actualitat\/noticies\/mont-roig-acoge-el-sabado-la-final-interclub-intercomarcal-de-patinaje-artistico\/#primaryimage"},"thumbnailUrl":"https:\/\/mont-roig.cat\/wp-content\/uploads\/2014_12_14_festival_patinatge_021.jpg","datePublished":"2015-11-27T08:55:15+00:00","author":{"@id":"https:\/\/mont-roig.cat\/es\/#\/schema\/person\/f2b111789f22b7d0c3bd6786c9128cba"},"breadcrumb":{"@id":"https:\/\/mont-roig.cat\/es\/actualitat\/noticies\/mont-roig-acoge-el-sabado-la-final-interclub-intercomarcal-de-patinaje-artistico\/#breadcrumb"},"inLanguage":"es","potentialAction":[{"@type":"ReadAction","target":["https:\/\/mont-roig.cat\/es\/actualitat\/noticies\/mont-roig-acoge-el-sabado-la-final-interclub-intercomarcal-de-patinaje-artistico\/"]}]},{"@type":"ImageObject","inLanguage":"es","@id":"https:\/\/mont-roig.cat\/es\/actualitat\/noticies\/mont-roig-acoge-el-sabado-la-final-interclub-intercomarcal-de-patinaje-artistico\/#primaryimage","url":"https:\/\/mont-roig.cat\/wp-content\/uploads\/2014_12_14_festival_patinatge_021.jpg","contentUrl":"https:\/\/mont-roig.cat\/wp-content\/uploads\/2014_12_14_festival_patinatge_021.jpg","width":3264,"height":2448},{"@type":"BreadcrumbList","@id":"https:\/\/mont-roig.cat\/es\/actualitat\/noticies\/mont-roig-acoge-el-sabado-la-final-interclub-intercomarcal-de-patinaje-artistico\/#breadcrumb","itemListElement":[{"@type":"ListItem","position":1,"name":"Inici","item":"https:\/\/mont-roig.cat\/es\/pagina-de-inicio\/"},{"@type":"ListItem","position":2,"name":"Mont-roig acoge el s\u00e1bado la Final Interclub Intercomarcal de patinaje art\u00edstico"}]},{"@type":"WebSite","@id":"https:\/\/mont-roig.cat\/es\/#website","url":"https:\/\/mont-roig.cat\/es\/","name":"Ajuntament de Mont-roig del Camp","description":"Tota la informaci\u00f3 sobre la instituci\u00f3, els seus \u00f2rgans de govern, actualitat, serveis i molt m\u00e9s.","potentialAction":[{"@type":"SearchAction","target":{"@type":"EntryPoint","urlTemplate":"https:\/\/mont-roig.cat\/es\/?s={search_term_string}"},"query-input":{"@type":"PropertyValueSpecification","valueRequired":true,"valueName":"search_term_string"}}],"inLanguage":"es"},{"@type":"Person","@id":"https:\/\/mont-roig.cat\/es\/#\/schema\/person\/f2b111789f22b7d0c3bd6786c9128cba","name":"administrador","image":{"@type":"ImageObject","inLanguage":"es","@id":"https:\/\/secure.gravatar.com\/avatar\/9137aac6891e2595c9d3036fd83bcb653b4db3c946db4c7d9b9be193c3c944bb?s=96&d=mm&r=g","url":"https:\/\/secure.gravatar.com\/avatar\/9137aac6891e2595c9d3036fd83bcb653b4db3c946db4c7d9b9be193c3c944bb?s=96&d=mm&r=g","contentUrl":"https:\/\/secure.gravatar.com\/avatar\/9137aac6891e2595c9d3036fd83bcb653b4db3c946db4c7d9b9be193c3c944bb?s=96&d=mm&r=g","caption":"administrador"},"url":"https:\/\/mont-roig.cat\/es\/actualitat\/noticies\/author\/administrador\/"}]}},"_links":{"self":[{"href":"https:\/\/mont-roig.cat\/es\/wp-json\/wp\/v2\/posts\/3924","targetHints":{"allow":["GET"]}}],"collection":[{"href":"https:\/\/mont-roig.cat\/es\/wp-json\/wp\/v2\/posts"}],"about":[{"href":"https:\/\/mont-roig.cat\/es\/wp-json\/wp\/v2\/types\/post"}],"author":[{"embeddable":true,"href":"https:\/\/mont-roig.cat\/es\/wp-json\/wp\/v2\/users\/4"}],"replies":[{"embeddable":true,"href":"https:\/\/mont-roig.cat\/es\/wp-json\/wp\/v2\/comments?post=3924"}],"version-history":[{"count":0,"href":"https:\/\/mont-roig.cat\/es\/wp-json\/wp\/v2\/posts\/3924\/revisions"}],"wp:featuredmedia":[{"embeddable":true,"href":"https:\/\/mont-roig.cat\/es\/wp-json\/wp\/v2\/media\/7273"}],"wp:attachment":[{"href":"https:\/\/mont-roig.cat\/es\/wp-json\/wp\/v2\/media?parent=3924"}],"wp:term":[{"taxonomy":"category","embeddable":true,"href":"https:\/\/mont-roig.cat\/es\/wp-json\/wp\/v2\/categories?post=3924"},{"taxonomy":"post_tag","embeddable":true,"href":"https:\/\/mont-roig.cat\/es\/wp-json\/wp\/v2\/tags?post=3924"}],"curies":[{"name":"wp","href":"https:\/\/api.w.org\/{rel}","templated":true}]}}