{"id":3929,"date":"2015-11-27T12:51:09","date_gmt":"2015-11-27T12:51:09","guid":{"rendered":""},"modified":"2015-11-27T12:51:09","modified_gmt":"2015-11-27T12:51:09","slug":"el-ayuntamiento-instala-reductores-de-velocidad-al-acceso-de-masos-den-blader","status":"publish","type":"post","link":"https:\/\/mont-roig.cat\/es\/actualitat\/noticies\/el-ayuntamiento-instala-reductores-de-velocidad-al-acceso-de-masos-den-blader\/","title":{"rendered":"El Ayuntamiento instala reductores de velocidad al acceso de Masos d&#8217;en Blader"},"content":{"rendered":"<div class=\"body\">\n<div>\n<p><strong><img decoding=\"async\" alt=\"Medidas de reducci\u00f3n de la velocidad y mejora de la seguridad en Masos d'en Blader\" class=\"requadre\" src=\"http:\/\/mont-roig.cat\/wp-content\/uploads\/dscn7828_0.jpg\" style=\"line-height: 1.42857; height: 225px; width: 300px; margin: 10px; float: right;\" title=\"Mesures de reducci\u00f3 de la velocitat i millora de la seguretat a Masos d'en Blader \" \/><\/strong><\/p>\n<div><strong>La actuaci\u00f3n tambi\u00e9n incluye se\u00f1alizaci\u00f3n vertical y horizontal para mejorar la seguridad de la urbanizaci\u00f3n<\/strong><\/div>\n<div>&nbsp;<\/div>\n<p>El Ayuntamiento de Mont-roig del Camp ha instalado esta semana reductores de velocidad al acceso de Masos d&#8217;en Blader. Con esta medida se modifica el trazado de la calzada y se obliga a los conductores que se incorporan a la urbanizaci\u00f3n desde la N-340 a reducir la velocidad de su veh\u00edculo. La actuaci\u00f3n debe servir para disminuir la peligrosidad de esta v\u00eda de entrada y mejorar la seguridad de la zona residencial.<\/p>\n<p>Las acciones tambi\u00e9n incluyen se\u00f1alizaci\u00f3n horizontal y vertical. En este sentido, se han llevado a cabo trabajos de pintura para marcar pasos de peatones y limitar la calzada. En cuanto a la se\u00f1alizaci\u00f3n vertical destaca la instalaci\u00f3n de 2 paneles de zona residencial. Estas se\u00f1ales indican que la velocidad m\u00e1xima de los veh\u00edculos est\u00e1 fijada en 20 km\/h y que los conductores deben conceder prioridad a los peatones. Adem\u00e1s, los peatones pueden utilizar toda la zona de circulaci\u00f3n. Los juegos y los deportes est\u00e1n autorizados. Por otro lado tambi\u00e9n se han instalado se\u00f1ales de aviso de paso de peatones y bandas reductoras.<\/p>\n<p>Las actuaciones dan respuesta a la petici\u00f3n de la asociaci\u00f3n de vecinos. La entidad ped\u00eda medidas de reducci\u00f3n de velocidad dado que hasta ahora, los veh\u00edculos que se incorporaban a la entrada de la urbanizaci\u00f3n desde la N-340, lo hac\u00edan a velocidad excesiva.<\/p>\n<\/div>\n<\/div>\n<div class=\"field_noticia_img_portada\">\n<div>Imatge portada<\/div>\n<p><img decoding=\"async\" src=\"http:\/\/mont-roig.cat\/wp-content\/uploads\/dscn7828.jpg\" title=\"dscn7828.jpg\" alt=\"dscn7828.jpg\" \/><\/div>\n<div class=\"field_noticia_imatge\">\n<div>Imatges<\/div>\n<p><img decoding=\"async\" src=\"http:\/\/mont-roig.cat\/wp-content\/uploads\/img-20151124-wa0003.jpg\" title=\"img-20151124-wa0003.jpg\" alt=\"img-20151124-wa0003.jpg\" \/><\/div>\n<div class=\"field_noticia_imatge\">\n<div>Imatges<\/div>\n<p><img decoding=\"async\" src=\"http:\/\/mont-roig.cat\/wp-content\/uploads\/dscn7835.jpg\" title=\"dscn7835.jpg\" alt=\"dscn7835.jpg\" \/><\/div>\n<div class=\"field_noticia_imatge\">\n<div>Imatges<\/div>\n<p><img decoding=\"async\" src=\"http:\/\/mont-roig.cat\/wp-content\/uploads\/dscn7837.jpg\" title=\"dscn7837.jpg\" alt=\"dscn7837.jpg\" \/><\/div>\n<div class=\"field_noticia_imatge\">\n<div>Imatges<\/div>\n<p><img decoding=\"async\" src=\"http:\/\/mont-roig.cat\/wp-content\/uploads\/dscn7842.jpg\" title=\"dscn7842.jpg\" alt=\"dscn7842.jpg\" \/><\/div>\n","protected":false},"excerpt":{"rendered":"<p>La actuaci\u00f3n tambi\u00e9n incluye se\u00f1alizaci\u00f3n vertical y horizontal para mejorar la seguridad de la urbanizaci\u00f3n &nbsp; El Ayuntamiento de Mont-roig del Camp ha instalado esta semana reductores de velocidad al acceso de Masos d&#8217;en Blader. Con esta medida se modifica el trazado de la calzada y se obliga a los conductores que se incorporan a [&hellip;]<\/p>\n","protected":false},"author":4,"featured_media":7282,"comment_status":"open","ping_status":"open","sticky":false,"template":"","format":"standard","meta":{"inline_featured_image":false,"_monsterinsights_skip_tracking":false,"_monsterinsights_sitenote_active":false,"_monsterinsights_sitenote_note":"","_monsterinsights_sitenote_category":0,"footnotes":""},"categories":[108],"tags":[],"class_list":["post-3929","post","type-post","status-publish","format-standard","has-post-thumbnail","hentry","category-movilidad-y-transporte"],"yoast_head":"<!-- This site is optimized with the Yoast SEO plugin v27.4 - https:\/\/yoast.com\/product\/yoast-seo-wordpress\/ -->\n<title>El Ayuntamiento instala reductores de velocidad al acceso de Masos d&#039;en Blader - Ajuntament de Mont-roig del Camp<\/title>\n<meta name=\"robots\" content=\"index, follow, max-snippet:-1, max-image-preview:large, max-video-preview:-1\" \/>\n<link rel=\"canonical\" href=\"https:\/\/mont-roig.cat\/es\/actualitat\/noticies\/el-ayuntamiento-instala-reductores-de-velocidad-al-acceso-de-masos-den-blader\/\" \/>\n<meta property=\"og:locale\" content=\"es_ES\" \/>\n<meta property=\"og:type\" content=\"article\" \/>\n<meta property=\"og:title\" content=\"El Ayuntamiento instala reductores de velocidad al acceso de Masos d&#039;en Blader - Ajuntament de Mont-roig del Camp\" \/>\n<meta property=\"og:description\" content=\"La actuaci\u00f3n tambi\u00e9n incluye se\u00f1alizaci\u00f3n vertical y horizontal para mejorar la seguridad de la urbanizaci\u00f3n &nbsp; El Ayuntamiento de Mont-roig del Camp ha instalado esta semana reductores de velocidad al acceso de Masos d&#8217;en Blader. Con esta medida se modifica el trazado de la calzada y se obliga a los conductores que se incorporan a [&hellip;]\" \/>\n<meta property=\"og:url\" content=\"https:\/\/mont-roig.cat\/es\/actualitat\/noticies\/el-ayuntamiento-instala-reductores-de-velocidad-al-acceso-de-masos-den-blader\/\" \/>\n<meta property=\"og:site_name\" content=\"Ajuntament de Mont-roig del Camp\" \/>\n<meta property=\"article:published_time\" content=\"2015-11-27T12:51:09+00:00\" \/>\n<meta property=\"og:image\" content=\"https:\/\/mont-roig.cat\/wp-content\/uploads\/dscn7828_0.jpg\" \/>\n\t<meta property=\"og:image:width\" content=\"3264\" \/>\n\t<meta property=\"og:image:height\" content=\"2448\" \/>\n\t<meta property=\"og:image:type\" content=\"image\/jpeg\" \/>\n<meta name=\"author\" content=\"administrador\" \/>\n<meta name=\"twitter:card\" content=\"summary_large_image\" \/>\n<meta name=\"twitter:label1\" content=\"Escrito por\" \/>\n\t<meta name=\"twitter:data1\" content=\"administrador\" \/>\n\t<meta name=\"twitter:label2\" content=\"Tiempo de lectura\" \/>\n\t<meta name=\"twitter:data2\" content=\"1 minuto\" \/>\n<script type=\"application\/ld+json\" class=\"yoast-schema-graph\">{\"@context\":\"https:\\\/\\\/schema.org\",\"@graph\":[{\"@type\":\"Article\",\"@id\":\"https:\\\/\\\/mont-roig.cat\\\/es\\\/actualitat\\\/noticies\\\/el-ayuntamiento-instala-reductores-de-velocidad-al-acceso-de-masos-den-blader\\\/#article\",\"isPartOf\":{\"@id\":\"https:\\\/\\\/mont-roig.cat\\\/es\\\/actualitat\\\/noticies\\\/el-ayuntamiento-instala-reductores-de-velocidad-al-acceso-de-masos-den-blader\\\/\"},\"author\":{\"name\":\"administrador\",\"@id\":\"https:\\\/\\\/mont-roig.cat\\\/es\\\/#\\\/schema\\\/person\\\/f2b111789f22b7d0c3bd6786c9128cba\"},\"headline\":\"El Ayuntamiento instala reductores de velocidad al acceso de Masos d&#8217;en Blader\",\"datePublished\":\"2015-11-27T12:51:09+00:00\",\"mainEntityOfPage\":{\"@id\":\"https:\\\/\\\/mont-roig.cat\\\/es\\\/actualitat\\\/noticies\\\/el-ayuntamiento-instala-reductores-de-velocidad-al-acceso-de-masos-den-blader\\\/\"},\"wordCount\":280,\"commentCount\":0,\"image\":{\"@id\":\"https:\\\/\\\/mont-roig.cat\\\/es\\\/actualitat\\\/noticies\\\/el-ayuntamiento-instala-reductores-de-velocidad-al-acceso-de-masos-den-blader\\\/#primaryimage\"},\"thumbnailUrl\":\"https:\\\/\\\/mont-roig.cat\\\/wp-content\\\/uploads\\\/dscn7828_0.jpg\",\"articleSection\":[\"Movilidad y transporte\"],\"inLanguage\":\"es\"},{\"@type\":\"WebPage\",\"@id\":\"https:\\\/\\\/mont-roig.cat\\\/es\\\/actualitat\\\/noticies\\\/el-ayuntamiento-instala-reductores-de-velocidad-al-acceso-de-masos-den-blader\\\/\",\"url\":\"https:\\\/\\\/mont-roig.cat\\\/es\\\/actualitat\\\/noticies\\\/el-ayuntamiento-instala-reductores-de-velocidad-al-acceso-de-masos-den-blader\\\/\",\"name\":\"El Ayuntamiento instala reductores de velocidad al acceso de Masos d'en Blader - Ajuntament de Mont-roig del Camp\",\"isPartOf\":{\"@id\":\"https:\\\/\\\/mont-roig.cat\\\/es\\\/#website\"},\"primaryImageOfPage\":{\"@id\":\"https:\\\/\\\/mont-roig.cat\\\/es\\\/actualitat\\\/noticies\\\/el-ayuntamiento-instala-reductores-de-velocidad-al-acceso-de-masos-den-blader\\\/#primaryimage\"},\"image\":{\"@id\":\"https:\\\/\\\/mont-roig.cat\\\/es\\\/actualitat\\\/noticies\\\/el-ayuntamiento-instala-reductores-de-velocidad-al-acceso-de-masos-den-blader\\\/#primaryimage\"},\"thumbnailUrl\":\"https:\\\/\\\/mont-roig.cat\\\/wp-content\\\/uploads\\\/dscn7828_0.jpg\",\"datePublished\":\"2015-11-27T12:51:09+00:00\",\"author\":{\"@id\":\"https:\\\/\\\/mont-roig.cat\\\/es\\\/#\\\/schema\\\/person\\\/f2b111789f22b7d0c3bd6786c9128cba\"},\"breadcrumb\":{\"@id\":\"https:\\\/\\\/mont-roig.cat\\\/es\\\/actualitat\\\/noticies\\\/el-ayuntamiento-instala-reductores-de-velocidad-al-acceso-de-masos-den-blader\\\/#breadcrumb\"},\"inLanguage\":\"es\",\"potentialAction\":[{\"@type\":\"ReadAction\",\"target\":[\"https:\\\/\\\/mont-roig.cat\\\/es\\\/actualitat\\\/noticies\\\/el-ayuntamiento-instala-reductores-de-velocidad-al-acceso-de-masos-den-blader\\\/\"]}]},{\"@type\":\"ImageObject\",\"inLanguage\":\"es\",\"@id\":\"https:\\\/\\\/mont-roig.cat\\\/es\\\/actualitat\\\/noticies\\\/el-ayuntamiento-instala-reductores-de-velocidad-al-acceso-de-masos-den-blader\\\/#primaryimage\",\"url\":\"https:\\\/\\\/mont-roig.cat\\\/wp-content\\\/uploads\\\/dscn7828_0.jpg\",\"contentUrl\":\"https:\\\/\\\/mont-roig.cat\\\/wp-content\\\/uploads\\\/dscn7828_0.jpg\",\"width\":3264,\"height\":2448},{\"@type\":\"BreadcrumbList\",\"@id\":\"https:\\\/\\\/mont-roig.cat\\\/es\\\/actualitat\\\/noticies\\\/el-ayuntamiento-instala-reductores-de-velocidad-al-acceso-de-masos-den-blader\\\/#breadcrumb\",\"itemListElement\":[{\"@type\":\"ListItem\",\"position\":1,\"name\":\"Inici\",\"item\":\"https:\\\/\\\/mont-roig.cat\\\/es\\\/pagina-de-inicio\\\/\"},{\"@type\":\"ListItem\",\"position\":2,\"name\":\"El Ayuntamiento instala reductores de velocidad al acceso de Masos d&#8217;en Blader\"}]},{\"@type\":\"WebSite\",\"@id\":\"https:\\\/\\\/mont-roig.cat\\\/es\\\/#website\",\"url\":\"https:\\\/\\\/mont-roig.cat\\\/es\\\/\",\"name\":\"Ajuntament de Mont-roig del Camp\",\"description\":\"Tota la informaci\u00f3 sobre la instituci\u00f3, els seus \u00f2rgans de govern, actualitat, serveis i molt m\u00e9s.\",\"potentialAction\":[{\"@type\":\"SearchAction\",\"target\":{\"@type\":\"EntryPoint\",\"urlTemplate\":\"https:\\\/\\\/mont-roig.cat\\\/es\\\/?s={search_term_string}\"},\"query-input\":{\"@type\":\"PropertyValueSpecification\",\"valueRequired\":true,\"valueName\":\"search_term_string\"}}],\"inLanguage\":\"es\"},{\"@type\":\"Person\",\"@id\":\"https:\\\/\\\/mont-roig.cat\\\/es\\\/#\\\/schema\\\/person\\\/f2b111789f22b7d0c3bd6786c9128cba\",\"name\":\"administrador\",\"image\":{\"@type\":\"ImageObject\",\"inLanguage\":\"es\",\"@id\":\"https:\\\/\\\/secure.gravatar.com\\\/avatar\\\/9137aac6891e2595c9d3036fd83bcb653b4db3c946db4c7d9b9be193c3c944bb?s=96&d=mm&r=g\",\"url\":\"https:\\\/\\\/secure.gravatar.com\\\/avatar\\\/9137aac6891e2595c9d3036fd83bcb653b4db3c946db4c7d9b9be193c3c944bb?s=96&d=mm&r=g\",\"contentUrl\":\"https:\\\/\\\/secure.gravatar.com\\\/avatar\\\/9137aac6891e2595c9d3036fd83bcb653b4db3c946db4c7d9b9be193c3c944bb?s=96&d=mm&r=g\",\"caption\":\"administrador\"},\"url\":\"https:\\\/\\\/mont-roig.cat\\\/es\\\/actualitat\\\/noticies\\\/author\\\/administrador\\\/\"}]}<\/script>\n<!-- \/ Yoast SEO plugin. -->","yoast_head_json":{"title":"El Ayuntamiento instala reductores de velocidad al acceso de Masos d'en Blader - Ajuntament de Mont-roig del Camp","robots":{"index":"index","follow":"follow","max-snippet":"max-snippet:-1","max-image-preview":"max-image-preview:large","max-video-preview":"max-video-preview:-1"},"canonical":"https:\/\/mont-roig.cat\/es\/actualitat\/noticies\/el-ayuntamiento-instala-reductores-de-velocidad-al-acceso-de-masos-den-blader\/","og_locale":"es_ES","og_type":"article","og_title":"El Ayuntamiento instala reductores de velocidad al acceso de Masos d'en Blader - Ajuntament de Mont-roig del Camp","og_description":"La actuaci\u00f3n tambi\u00e9n incluye se\u00f1alizaci\u00f3n vertical y horizontal para mejorar la seguridad de la urbanizaci\u00f3n &nbsp; El Ayuntamiento de Mont-roig del Camp ha instalado esta semana reductores de velocidad al acceso de Masos d&#8217;en Blader. Con esta medida se modifica el trazado de la calzada y se obliga a los conductores que se incorporan a [&hellip;]","og_url":"https:\/\/mont-roig.cat\/es\/actualitat\/noticies\/el-ayuntamiento-instala-reductores-de-velocidad-al-acceso-de-masos-den-blader\/","og_site_name":"Ajuntament de Mont-roig del Camp","article_published_time":"2015-11-27T12:51:09+00:00","og_image":[{"width":3264,"height":2448,"url":"https:\/\/mont-roig.cat\/wp-content\/uploads\/dscn7828_0.jpg","type":"image\/jpeg"}],"author":"administrador","twitter_card":"summary_large_image","twitter_misc":{"Escrito por":"administrador","Tiempo de lectura":"1 minuto"},"schema":{"@context":"https:\/\/schema.org","@graph":[{"@type":"Article","@id":"https:\/\/mont-roig.cat\/es\/actualitat\/noticies\/el-ayuntamiento-instala-reductores-de-velocidad-al-acceso-de-masos-den-blader\/#article","isPartOf":{"@id":"https:\/\/mont-roig.cat\/es\/actualitat\/noticies\/el-ayuntamiento-instala-reductores-de-velocidad-al-acceso-de-masos-den-blader\/"},"author":{"name":"administrador","@id":"https:\/\/mont-roig.cat\/es\/#\/schema\/person\/f2b111789f22b7d0c3bd6786c9128cba"},"headline":"El Ayuntamiento instala reductores de velocidad al acceso de Masos d&#8217;en Blader","datePublished":"2015-11-27T12:51:09+00:00","mainEntityOfPage":{"@id":"https:\/\/mont-roig.cat\/es\/actualitat\/noticies\/el-ayuntamiento-instala-reductores-de-velocidad-al-acceso-de-masos-den-blader\/"},"wordCount":280,"commentCount":0,"image":{"@id":"https:\/\/mont-roig.cat\/es\/actualitat\/noticies\/el-ayuntamiento-instala-reductores-de-velocidad-al-acceso-de-masos-den-blader\/#primaryimage"},"thumbnailUrl":"https:\/\/mont-roig.cat\/wp-content\/uploads\/dscn7828_0.jpg","articleSection":["Movilidad y transporte"],"inLanguage":"es"},{"@type":"WebPage","@id":"https:\/\/mont-roig.cat\/es\/actualitat\/noticies\/el-ayuntamiento-instala-reductores-de-velocidad-al-acceso-de-masos-den-blader\/","url":"https:\/\/mont-roig.cat\/es\/actualitat\/noticies\/el-ayuntamiento-instala-reductores-de-velocidad-al-acceso-de-masos-den-blader\/","name":"El Ayuntamiento instala reductores de velocidad al acceso de Masos d'en Blader - Ajuntament de Mont-roig del Camp","isPartOf":{"@id":"https:\/\/mont-roig.cat\/es\/#website"},"primaryImageOfPage":{"@id":"https:\/\/mont-roig.cat\/es\/actualitat\/noticies\/el-ayuntamiento-instala-reductores-de-velocidad-al-acceso-de-masos-den-blader\/#primaryimage"},"image":{"@id":"https:\/\/mont-roig.cat\/es\/actualitat\/noticies\/el-ayuntamiento-instala-reductores-de-velocidad-al-acceso-de-masos-den-blader\/#primaryimage"},"thumbnailUrl":"https:\/\/mont-roig.cat\/wp-content\/uploads\/dscn7828_0.jpg","datePublished":"2015-11-27T12:51:09+00:00","author":{"@id":"https:\/\/mont-roig.cat\/es\/#\/schema\/person\/f2b111789f22b7d0c3bd6786c9128cba"},"breadcrumb":{"@id":"https:\/\/mont-roig.cat\/es\/actualitat\/noticies\/el-ayuntamiento-instala-reductores-de-velocidad-al-acceso-de-masos-den-blader\/#breadcrumb"},"inLanguage":"es","potentialAction":[{"@type":"ReadAction","target":["https:\/\/mont-roig.cat\/es\/actualitat\/noticies\/el-ayuntamiento-instala-reductores-de-velocidad-al-acceso-de-masos-den-blader\/"]}]},{"@type":"ImageObject","inLanguage":"es","@id":"https:\/\/mont-roig.cat\/es\/actualitat\/noticies\/el-ayuntamiento-instala-reductores-de-velocidad-al-acceso-de-masos-den-blader\/#primaryimage","url":"https:\/\/mont-roig.cat\/wp-content\/uploads\/dscn7828_0.jpg","contentUrl":"https:\/\/mont-roig.cat\/wp-content\/uploads\/dscn7828_0.jpg","width":3264,"height":2448},{"@type":"BreadcrumbList","@id":"https:\/\/mont-roig.cat\/es\/actualitat\/noticies\/el-ayuntamiento-instala-reductores-de-velocidad-al-acceso-de-masos-den-blader\/#breadcrumb","itemListElement":[{"@type":"ListItem","position":1,"name":"Inici","item":"https:\/\/mont-roig.cat\/es\/pagina-de-inicio\/"},{"@type":"ListItem","position":2,"name":"El Ayuntamiento instala reductores de velocidad al acceso de Masos d&#8217;en Blader"}]},{"@type":"WebSite","@id":"https:\/\/mont-roig.cat\/es\/#website","url":"https:\/\/mont-roig.cat\/es\/","name":"Ajuntament de Mont-roig del Camp","description":"Tota la informaci\u00f3 sobre la instituci\u00f3, els seus \u00f2rgans de govern, actualitat, serveis i molt m\u00e9s.","potentialAction":[{"@type":"SearchAction","target":{"@type":"EntryPoint","urlTemplate":"https:\/\/mont-roig.cat\/es\/?s={search_term_string}"},"query-input":{"@type":"PropertyValueSpecification","valueRequired":true,"valueName":"search_term_string"}}],"inLanguage":"es"},{"@type":"Person","@id":"https:\/\/mont-roig.cat\/es\/#\/schema\/person\/f2b111789f22b7d0c3bd6786c9128cba","name":"administrador","image":{"@type":"ImageObject","inLanguage":"es","@id":"https:\/\/secure.gravatar.com\/avatar\/9137aac6891e2595c9d3036fd83bcb653b4db3c946db4c7d9b9be193c3c944bb?s=96&d=mm&r=g","url":"https:\/\/secure.gravatar.com\/avatar\/9137aac6891e2595c9d3036fd83bcb653b4db3c946db4c7d9b9be193c3c944bb?s=96&d=mm&r=g","contentUrl":"https:\/\/secure.gravatar.com\/avatar\/9137aac6891e2595c9d3036fd83bcb653b4db3c946db4c7d9b9be193c3c944bb?s=96&d=mm&r=g","caption":"administrador"},"url":"https:\/\/mont-roig.cat\/es\/actualitat\/noticies\/author\/administrador\/"}]}},"_links":{"self":[{"href":"https:\/\/mont-roig.cat\/es\/wp-json\/wp\/v2\/posts\/3929","targetHints":{"allow":["GET"]}}],"collection":[{"href":"https:\/\/mont-roig.cat\/es\/wp-json\/wp\/v2\/posts"}],"about":[{"href":"https:\/\/mont-roig.cat\/es\/wp-json\/wp\/v2\/types\/post"}],"author":[{"embeddable":true,"href":"https:\/\/mont-roig.cat\/es\/wp-json\/wp\/v2\/users\/4"}],"replies":[{"embeddable":true,"href":"https:\/\/mont-roig.cat\/es\/wp-json\/wp\/v2\/comments?post=3929"}],"version-history":[{"count":0,"href":"https:\/\/mont-roig.cat\/es\/wp-json\/wp\/v2\/posts\/3929\/revisions"}],"wp:featuredmedia":[{"embeddable":true,"href":"https:\/\/mont-roig.cat\/es\/wp-json\/wp\/v2\/media\/7282"}],"wp:attachment":[{"href":"https:\/\/mont-roig.cat\/es\/wp-json\/wp\/v2\/media?parent=3929"}],"wp:term":[{"taxonomy":"category","embeddable":true,"href":"https:\/\/mont-roig.cat\/es\/wp-json\/wp\/v2\/categories?post=3929"},{"taxonomy":"post_tag","embeddable":true,"href":"https:\/\/mont-roig.cat\/es\/wp-json\/wp\/v2\/tags?post=3929"}],"curies":[{"name":"wp","href":"https:\/\/api.w.org\/{rel}","templated":true}]}}