{"id":3945,"date":"2015-06-23T08:45:34","date_gmt":"2015-06-23T08:45:34","guid":{"rendered":""},"modified":"2016-07-12T08:36:27","modified_gmt":"2016-07-12T06:36:27","slug":"sons-de-nit-en-la-ermita","status":"publish","type":"post","link":"https:\/\/mont-roig.cat\/es\/actualitat\/noticies\/sons-de-nit-en-la-ermita\/","title":{"rendered":"Sons de Nit en la Ermita"},"content":{"rendered":"<div class=\"body\">\n<div>\n<p><strong>El cantautor Jes\u00fas Fust\u00e9 actuar\u00e1 el pr\u00f3ximo s\u00e1bado 27 de junio<img decoding=\"async\" class=\"requadre\" style=\"width: 200px; height: 283px; margin: 10px; float: right;\" title=\"Sons de Nit 2015\" src=\"http:\/\/mont-roig.cat\/wp-content\/uploads\/27_juny_-_jesus_fuste_1.png\" alt=\"Sons de Nit 2015\" \/><\/strong><\/p>\n<p>La Ermita de la <em>Mare de D\u00e9u de la Roca<\/em> ser\u00e1 el escenario de una nueva edici\u00f3n del ciclo Sons de Nit. Una propuesta pensada para que todos aquellos que lo deseen puedan disfrutar de la m\u00fasica, en un lugar entra\u00f1able del municipio.<\/p>\n<p>El primer concierto es el que ofrecer\u00e1 el cantautor Jes\u00fas Fust\u00e9, el pr\u00f3ximo s\u00e1bado 27 de junio a las 22:30h. \u00a0Fust\u00e9 es autor de los trabajos discogr\u00e1ficos, <em>Lletres d&#8217;aigua<\/em> y <em>Vine amb mi (hi ha un altre cel)<\/em>. Recientemente ha publicado <em>Cru\u00eflles<\/em>. Comprometido con la lengua, la cultura, la memoria hist\u00f3rica y las causas sociales y humanitarias, compone y fusiona una gran variedad de estilos musicales como jazz, jota, espiritual negro o blues.<\/p>\n<p>El pr\u00f3ximo concierto del Sons de Nit ir\u00e1 a cargo de Xavier Pi\u00e9 Tr\u00edo, el pr\u00f3ximo 8 de agosto.<\/p>\n<\/div>\n<\/div>\n<div class=\"field_noticia_img_portada\"><\/div>\n","protected":false},"excerpt":{"rendered":"<p>El cantautor Jes\u00fas Fust\u00e9 actuar\u00e1 el pr\u00f3ximo s\u00e1bado 27 de junio La Ermita de la Mare de D\u00e9u de la Roca ser\u00e1 el escenario de una nueva edici\u00f3n del ciclo Sons de Nit. Una propuesta pensada para que todos aquellos que lo deseen puedan disfrutar de la m\u00fasica, en un lugar entra\u00f1able del municipio. El [&hellip;]<\/p>\n","protected":false},"author":4,"featured_media":6833,"comment_status":"closed","ping_status":"closed","sticky":false,"template":"","format":"standard","meta":{"inline_featured_image":false,"_monsterinsights_skip_tracking":false,"_monsterinsights_sitenote_active":false,"_monsterinsights_sitenote_note":"","_monsterinsights_sitenote_category":0,"footnotes":""},"categories":[101],"tags":[],"class_list":["post-3945","post","type-post","status-publish","format-standard","has-post-thumbnail","hentry","category-cultura-es"],"yoast_head":"<!-- This site is optimized with the Yoast SEO plugin v27.4 - https:\/\/yoast.com\/product\/yoast-seo-wordpress\/ -->\n<title>Sons de Nit en la Ermita - Ajuntament de Mont-roig del Camp<\/title>\n<meta name=\"robots\" content=\"index, follow, max-snippet:-1, max-image-preview:large, max-video-preview:-1\" \/>\n<link rel=\"canonical\" href=\"https:\/\/mont-roig.cat\/es\/actualitat\/noticies\/sons-de-nit-en-la-ermita\/\" \/>\n<meta property=\"og:locale\" content=\"es_ES\" \/>\n<meta property=\"og:type\" content=\"article\" \/>\n<meta property=\"og:title\" content=\"Sons de Nit en la Ermita - Ajuntament de Mont-roig del Camp\" \/>\n<meta property=\"og:description\" content=\"El cantautor Jes\u00fas Fust\u00e9 actuar\u00e1 el pr\u00f3ximo s\u00e1bado 27 de junio La Ermita de la Mare de D\u00e9u de la Roca ser\u00e1 el escenario de una nueva edici\u00f3n del ciclo Sons de Nit. Una propuesta pensada para que todos aquellos que lo deseen puedan disfrutar de la m\u00fasica, en un lugar entra\u00f1able del municipio. El [&hellip;]\" \/>\n<meta property=\"og:url\" content=\"https:\/\/mont-roig.cat\/es\/actualitat\/noticies\/sons-de-nit-en-la-ermita\/\" \/>\n<meta property=\"og:site_name\" content=\"Ajuntament de Mont-roig del Camp\" \/>\n<meta property=\"article:published_time\" content=\"2015-06-23T08:45:34+00:00\" \/>\n<meta property=\"article:modified_time\" content=\"2016-07-12T06:36:27+00:00\" \/>\n<meta property=\"og:image\" content=\"https:\/\/mont-roig.cat\/wp-content\/uploads\/27_juny_-_jesus_fuste_1.png\" \/>\n\t<meta property=\"og:image:width\" content=\"1587\" \/>\n\t<meta property=\"og:image:height\" content=\"2245\" \/>\n\t<meta property=\"og:image:type\" content=\"image\/png\" \/>\n<meta name=\"author\" content=\"administrador\" \/>\n<meta name=\"twitter:card\" content=\"summary_large_image\" \/>\n<meta name=\"twitter:label1\" content=\"Escrito por\" \/>\n\t<meta name=\"twitter:data1\" content=\"administrador\" \/>\n\t<meta name=\"twitter:label2\" content=\"Tiempo de lectura\" \/>\n\t<meta name=\"twitter:data2\" content=\"1 minuto\" \/>\n<script type=\"application\/ld+json\" class=\"yoast-schema-graph\">{\"@context\":\"https:\\\/\\\/schema.org\",\"@graph\":[{\"@type\":\"Article\",\"@id\":\"https:\\\/\\\/mont-roig.cat\\\/es\\\/actualitat\\\/noticies\\\/sons-de-nit-en-la-ermita\\\/#article\",\"isPartOf\":{\"@id\":\"https:\\\/\\\/mont-roig.cat\\\/es\\\/actualitat\\\/noticies\\\/sons-de-nit-en-la-ermita\\\/\"},\"author\":{\"name\":\"administrador\",\"@id\":\"https:\\\/\\\/mont-roig.cat\\\/es\\\/#\\\/schema\\\/person\\\/f2b111789f22b7d0c3bd6786c9128cba\"},\"headline\":\"Sons de Nit en la Ermita\",\"datePublished\":\"2015-06-23T08:45:34+00:00\",\"dateModified\":\"2016-07-12T06:36:27+00:00\",\"mainEntityOfPage\":{\"@id\":\"https:\\\/\\\/mont-roig.cat\\\/es\\\/actualitat\\\/noticies\\\/sons-de-nit-en-la-ermita\\\/\"},\"wordCount\":165,\"image\":{\"@id\":\"https:\\\/\\\/mont-roig.cat\\\/es\\\/actualitat\\\/noticies\\\/sons-de-nit-en-la-ermita\\\/#primaryimage\"},\"thumbnailUrl\":\"https:\\\/\\\/mont-roig.cat\\\/wp-content\\\/uploads\\\/27_juny_-_jesus_fuste_1.png\",\"articleSection\":[\"Cultura\"],\"inLanguage\":\"es\"},{\"@type\":\"WebPage\",\"@id\":\"https:\\\/\\\/mont-roig.cat\\\/es\\\/actualitat\\\/noticies\\\/sons-de-nit-en-la-ermita\\\/\",\"url\":\"https:\\\/\\\/mont-roig.cat\\\/es\\\/actualitat\\\/noticies\\\/sons-de-nit-en-la-ermita\\\/\",\"name\":\"Sons de Nit en la Ermita - Ajuntament de Mont-roig del Camp\",\"isPartOf\":{\"@id\":\"https:\\\/\\\/mont-roig.cat\\\/es\\\/#website\"},\"primaryImageOfPage\":{\"@id\":\"https:\\\/\\\/mont-roig.cat\\\/es\\\/actualitat\\\/noticies\\\/sons-de-nit-en-la-ermita\\\/#primaryimage\"},\"image\":{\"@id\":\"https:\\\/\\\/mont-roig.cat\\\/es\\\/actualitat\\\/noticies\\\/sons-de-nit-en-la-ermita\\\/#primaryimage\"},\"thumbnailUrl\":\"https:\\\/\\\/mont-roig.cat\\\/wp-content\\\/uploads\\\/27_juny_-_jesus_fuste_1.png\",\"datePublished\":\"2015-06-23T08:45:34+00:00\",\"dateModified\":\"2016-07-12T06:36:27+00:00\",\"author\":{\"@id\":\"https:\\\/\\\/mont-roig.cat\\\/es\\\/#\\\/schema\\\/person\\\/f2b111789f22b7d0c3bd6786c9128cba\"},\"breadcrumb\":{\"@id\":\"https:\\\/\\\/mont-roig.cat\\\/es\\\/actualitat\\\/noticies\\\/sons-de-nit-en-la-ermita\\\/#breadcrumb\"},\"inLanguage\":\"es\",\"potentialAction\":[{\"@type\":\"ReadAction\",\"target\":[\"https:\\\/\\\/mont-roig.cat\\\/es\\\/actualitat\\\/noticies\\\/sons-de-nit-en-la-ermita\\\/\"]}]},{\"@type\":\"ImageObject\",\"inLanguage\":\"es\",\"@id\":\"https:\\\/\\\/mont-roig.cat\\\/es\\\/actualitat\\\/noticies\\\/sons-de-nit-en-la-ermita\\\/#primaryimage\",\"url\":\"https:\\\/\\\/mont-roig.cat\\\/wp-content\\\/uploads\\\/27_juny_-_jesus_fuste_1.png\",\"contentUrl\":\"https:\\\/\\\/mont-roig.cat\\\/wp-content\\\/uploads\\\/27_juny_-_jesus_fuste_1.png\",\"width\":1587,\"height\":2245},{\"@type\":\"BreadcrumbList\",\"@id\":\"https:\\\/\\\/mont-roig.cat\\\/es\\\/actualitat\\\/noticies\\\/sons-de-nit-en-la-ermita\\\/#breadcrumb\",\"itemListElement\":[{\"@type\":\"ListItem\",\"position\":1,\"name\":\"Inici\",\"item\":\"https:\\\/\\\/mont-roig.cat\\\/es\\\/pagina-de-inicio\\\/\"},{\"@type\":\"ListItem\",\"position\":2,\"name\":\"Sons de Nit en la Ermita\"}]},{\"@type\":\"WebSite\",\"@id\":\"https:\\\/\\\/mont-roig.cat\\\/es\\\/#website\",\"url\":\"https:\\\/\\\/mont-roig.cat\\\/es\\\/\",\"name\":\"Ajuntament de Mont-roig del Camp\",\"description\":\"Tota la informaci\u00f3 sobre la instituci\u00f3, els seus \u00f2rgans de govern, actualitat, serveis i molt m\u00e9s.\",\"potentialAction\":[{\"@type\":\"SearchAction\",\"target\":{\"@type\":\"EntryPoint\",\"urlTemplate\":\"https:\\\/\\\/mont-roig.cat\\\/es\\\/?s={search_term_string}\"},\"query-input\":{\"@type\":\"PropertyValueSpecification\",\"valueRequired\":true,\"valueName\":\"search_term_string\"}}],\"inLanguage\":\"es\"},{\"@type\":\"Person\",\"@id\":\"https:\\\/\\\/mont-roig.cat\\\/es\\\/#\\\/schema\\\/person\\\/f2b111789f22b7d0c3bd6786c9128cba\",\"name\":\"administrador\",\"image\":{\"@type\":\"ImageObject\",\"inLanguage\":\"es\",\"@id\":\"https:\\\/\\\/secure.gravatar.com\\\/avatar\\\/9137aac6891e2595c9d3036fd83bcb653b4db3c946db4c7d9b9be193c3c944bb?s=96&d=mm&r=g\",\"url\":\"https:\\\/\\\/secure.gravatar.com\\\/avatar\\\/9137aac6891e2595c9d3036fd83bcb653b4db3c946db4c7d9b9be193c3c944bb?s=96&d=mm&r=g\",\"contentUrl\":\"https:\\\/\\\/secure.gravatar.com\\\/avatar\\\/9137aac6891e2595c9d3036fd83bcb653b4db3c946db4c7d9b9be193c3c944bb?s=96&d=mm&r=g\",\"caption\":\"administrador\"},\"url\":\"https:\\\/\\\/mont-roig.cat\\\/es\\\/actualitat\\\/noticies\\\/author\\\/administrador\\\/\"}]}<\/script>\n<!-- \/ Yoast SEO plugin. -->","yoast_head_json":{"title":"Sons de Nit en la Ermita - Ajuntament de Mont-roig del Camp","robots":{"index":"index","follow":"follow","max-snippet":"max-snippet:-1","max-image-preview":"max-image-preview:large","max-video-preview":"max-video-preview:-1"},"canonical":"https:\/\/mont-roig.cat\/es\/actualitat\/noticies\/sons-de-nit-en-la-ermita\/","og_locale":"es_ES","og_type":"article","og_title":"Sons de Nit en la Ermita - Ajuntament de Mont-roig del Camp","og_description":"El cantautor Jes\u00fas Fust\u00e9 actuar\u00e1 el pr\u00f3ximo s\u00e1bado 27 de junio La Ermita de la Mare de D\u00e9u de la Roca ser\u00e1 el escenario de una nueva edici\u00f3n del ciclo Sons de Nit. Una propuesta pensada para que todos aquellos que lo deseen puedan disfrutar de la m\u00fasica, en un lugar entra\u00f1able del municipio. El [&hellip;]","og_url":"https:\/\/mont-roig.cat\/es\/actualitat\/noticies\/sons-de-nit-en-la-ermita\/","og_site_name":"Ajuntament de Mont-roig del Camp","article_published_time":"2015-06-23T08:45:34+00:00","article_modified_time":"2016-07-12T06:36:27+00:00","og_image":[{"width":1587,"height":2245,"url":"https:\/\/mont-roig.cat\/wp-content\/uploads\/27_juny_-_jesus_fuste_1.png","type":"image\/png"}],"author":"administrador","twitter_card":"summary_large_image","twitter_misc":{"Escrito por":"administrador","Tiempo de lectura":"1 minuto"},"schema":{"@context":"https:\/\/schema.org","@graph":[{"@type":"Article","@id":"https:\/\/mont-roig.cat\/es\/actualitat\/noticies\/sons-de-nit-en-la-ermita\/#article","isPartOf":{"@id":"https:\/\/mont-roig.cat\/es\/actualitat\/noticies\/sons-de-nit-en-la-ermita\/"},"author":{"name":"administrador","@id":"https:\/\/mont-roig.cat\/es\/#\/schema\/person\/f2b111789f22b7d0c3bd6786c9128cba"},"headline":"Sons de Nit en la Ermita","datePublished":"2015-06-23T08:45:34+00:00","dateModified":"2016-07-12T06:36:27+00:00","mainEntityOfPage":{"@id":"https:\/\/mont-roig.cat\/es\/actualitat\/noticies\/sons-de-nit-en-la-ermita\/"},"wordCount":165,"image":{"@id":"https:\/\/mont-roig.cat\/es\/actualitat\/noticies\/sons-de-nit-en-la-ermita\/#primaryimage"},"thumbnailUrl":"https:\/\/mont-roig.cat\/wp-content\/uploads\/27_juny_-_jesus_fuste_1.png","articleSection":["Cultura"],"inLanguage":"es"},{"@type":"WebPage","@id":"https:\/\/mont-roig.cat\/es\/actualitat\/noticies\/sons-de-nit-en-la-ermita\/","url":"https:\/\/mont-roig.cat\/es\/actualitat\/noticies\/sons-de-nit-en-la-ermita\/","name":"Sons de Nit en la Ermita - Ajuntament de Mont-roig del Camp","isPartOf":{"@id":"https:\/\/mont-roig.cat\/es\/#website"},"primaryImageOfPage":{"@id":"https:\/\/mont-roig.cat\/es\/actualitat\/noticies\/sons-de-nit-en-la-ermita\/#primaryimage"},"image":{"@id":"https:\/\/mont-roig.cat\/es\/actualitat\/noticies\/sons-de-nit-en-la-ermita\/#primaryimage"},"thumbnailUrl":"https:\/\/mont-roig.cat\/wp-content\/uploads\/27_juny_-_jesus_fuste_1.png","datePublished":"2015-06-23T08:45:34+00:00","dateModified":"2016-07-12T06:36:27+00:00","author":{"@id":"https:\/\/mont-roig.cat\/es\/#\/schema\/person\/f2b111789f22b7d0c3bd6786c9128cba"},"breadcrumb":{"@id":"https:\/\/mont-roig.cat\/es\/actualitat\/noticies\/sons-de-nit-en-la-ermita\/#breadcrumb"},"inLanguage":"es","potentialAction":[{"@type":"ReadAction","target":["https:\/\/mont-roig.cat\/es\/actualitat\/noticies\/sons-de-nit-en-la-ermita\/"]}]},{"@type":"ImageObject","inLanguage":"es","@id":"https:\/\/mont-roig.cat\/es\/actualitat\/noticies\/sons-de-nit-en-la-ermita\/#primaryimage","url":"https:\/\/mont-roig.cat\/wp-content\/uploads\/27_juny_-_jesus_fuste_1.png","contentUrl":"https:\/\/mont-roig.cat\/wp-content\/uploads\/27_juny_-_jesus_fuste_1.png","width":1587,"height":2245},{"@type":"BreadcrumbList","@id":"https:\/\/mont-roig.cat\/es\/actualitat\/noticies\/sons-de-nit-en-la-ermita\/#breadcrumb","itemListElement":[{"@type":"ListItem","position":1,"name":"Inici","item":"https:\/\/mont-roig.cat\/es\/pagina-de-inicio\/"},{"@type":"ListItem","position":2,"name":"Sons de Nit en la Ermita"}]},{"@type":"WebSite","@id":"https:\/\/mont-roig.cat\/es\/#website","url":"https:\/\/mont-roig.cat\/es\/","name":"Ajuntament de Mont-roig del Camp","description":"Tota la informaci\u00f3 sobre la instituci\u00f3, els seus \u00f2rgans de govern, actualitat, serveis i molt m\u00e9s.","potentialAction":[{"@type":"SearchAction","target":{"@type":"EntryPoint","urlTemplate":"https:\/\/mont-roig.cat\/es\/?s={search_term_string}"},"query-input":{"@type":"PropertyValueSpecification","valueRequired":true,"valueName":"search_term_string"}}],"inLanguage":"es"},{"@type":"Person","@id":"https:\/\/mont-roig.cat\/es\/#\/schema\/person\/f2b111789f22b7d0c3bd6786c9128cba","name":"administrador","image":{"@type":"ImageObject","inLanguage":"es","@id":"https:\/\/secure.gravatar.com\/avatar\/9137aac6891e2595c9d3036fd83bcb653b4db3c946db4c7d9b9be193c3c944bb?s=96&d=mm&r=g","url":"https:\/\/secure.gravatar.com\/avatar\/9137aac6891e2595c9d3036fd83bcb653b4db3c946db4c7d9b9be193c3c944bb?s=96&d=mm&r=g","contentUrl":"https:\/\/secure.gravatar.com\/avatar\/9137aac6891e2595c9d3036fd83bcb653b4db3c946db4c7d9b9be193c3c944bb?s=96&d=mm&r=g","caption":"administrador"},"url":"https:\/\/mont-roig.cat\/es\/actualitat\/noticies\/author\/administrador\/"}]}},"_links":{"self":[{"href":"https:\/\/mont-roig.cat\/es\/wp-json\/wp\/v2\/posts\/3945","targetHints":{"allow":["GET"]}}],"collection":[{"href":"https:\/\/mont-roig.cat\/es\/wp-json\/wp\/v2\/posts"}],"about":[{"href":"https:\/\/mont-roig.cat\/es\/wp-json\/wp\/v2\/types\/post"}],"author":[{"embeddable":true,"href":"https:\/\/mont-roig.cat\/es\/wp-json\/wp\/v2\/users\/4"}],"replies":[{"embeddable":true,"href":"https:\/\/mont-roig.cat\/es\/wp-json\/wp\/v2\/comments?post=3945"}],"version-history":[{"count":0,"href":"https:\/\/mont-roig.cat\/es\/wp-json\/wp\/v2\/posts\/3945\/revisions"}],"wp:featuredmedia":[{"embeddable":true,"href":"https:\/\/mont-roig.cat\/es\/wp-json\/wp\/v2\/media\/6833"}],"wp:attachment":[{"href":"https:\/\/mont-roig.cat\/es\/wp-json\/wp\/v2\/media?parent=3945"}],"wp:term":[{"taxonomy":"category","embeddable":true,"href":"https:\/\/mont-roig.cat\/es\/wp-json\/wp\/v2\/categories?post=3945"},{"taxonomy":"post_tag","embeddable":true,"href":"https:\/\/mont-roig.cat\/es\/wp-json\/wp\/v2\/tags?post=3945"}],"curies":[{"name":"wp","href":"https:\/\/api.w.org\/{rel}","templated":true}]}}