{"id":39503,"date":"2019-10-08T10:28:57","date_gmt":"2019-10-08T08:28:57","guid":{"rendered":"https:\/\/mont-roig.cat\/?p=39503"},"modified":"2019-10-08T10:28:57","modified_gmt":"2019-10-08T08:28:57","slug":"las-calles-del-sol-y-de-riba-i-mestre-se-cortan-este-jueves-con-motivo-de-las-obras-de-la-plaza-de-miramar","status":"publish","type":"post","link":"https:\/\/mont-roig.cat\/es\/actualitat\/noticies\/las-calles-del-sol-y-de-riba-i-mestre-se-cortan-este-jueves-con-motivo-de-las-obras-de-la-plaza-de-miramar\/","title":{"rendered":"Las calles del Sol y de Riba i Mestre se cortan este jueves con motivo de las obras de la plaza de Miramar"},"content":{"rendered":"<ul>\n<li><strong>Antes de los cortes de circulaci\u00f3n de estas dos calles y la prohibici\u00f3n de estacionar en la plaza, ma\u00f1ana mi\u00e9rcoles se abrir\u00e1 el aparcamiento disuasorio situado entre las calles Pobla d&#8217;en Taudell y Vinyols<\/strong><\/li>\n<\/ul>\n<div id=\"attachment_39490\" style=\"width: 310px\" class=\"wp-caption alignright\"><a href=\"https:\/\/mont-roig.cat\/wp-content\/uploads\/Aparcament-dissuasiu.jpeg\"><img loading=\"lazy\" decoding=\"async\" aria-describedby=\"caption-attachment-39490\" class=\"wp-image-39490\" src=\"https:\/\/mont-roig.cat\/wp-content\/uploads\/Aparcament-dissuasiu.jpeg\" alt=\"\" width=\"300\" height=\"180\" srcset=\"https:\/\/mont-roig.cat\/wp-content\/uploads\/Aparcament-dissuasiu.jpeg 1600w, https:\/\/mont-roig.cat\/wp-content\/uploads\/Aparcament-dissuasiu-500x300.jpeg 500w, https:\/\/mont-roig.cat\/wp-content\/uploads\/Aparcament-dissuasiu-768x461.jpeg 768w, https:\/\/mont-roig.cat\/wp-content\/uploads\/Aparcament-dissuasiu-1024x614.jpeg 1024w\" sizes=\"auto, (max-width: 300px) 100vw, 300px\" \/><\/a><p id=\"caption-attachment-39490\" class=\"wp-caption-text\">Se ha habilitado una nueva zona de aparcamiento con capacidad para 70 plazas.<\/p><\/div>\n<p>Una vez efectuados los trabajos previos de preparaci\u00f3n de las obras de la plaza Miramar, este jueves 10 de octubre se cortar\u00e1 la circulaci\u00f3n de la calle del Sol y la calle Riba i Mestre, junto a la plaza. Ser\u00e1 a partir de este d\u00eda que comenzar\u00e1n las demoliciones del firme, por lo que los vecinos y vecinas de estas calles no podr\u00e1n acceder con veh\u00edculos a los garajes particulares.<\/p>\n<p><strong>Mi\u00e9rcoles abre el aparcamiento disuasorio<\/strong><\/p>\n<p>Antes de que se produzcan los cortes de circulaci\u00f3n de estas dos calles, ma\u00f1ana mi\u00e9rcoles se abrir\u00e1 el aparcamiento disuasorio que se ha habilitado entre la calle Pobla d&#8217;en Taudell y calle Vinyols. Por encargo del Ayuntamiento, Nostreserveis ha trabajado para acondicionar esta nueva zona que tendr\u00e1 capacidad para 70 veh\u00edculos y que ya se podr\u00e1 utilizar en su totalidad, a la espera de que se acaben de terminar los trabajos complementarios de se\u00f1alizaci\u00f3n y delimitaci\u00f3n de las plazas.<\/p>\n<p>Una vez efectuada la apertura de esta nueva zona de aparcamiento, a partir del jueves est\u00e1 previsto que se restrinja todo el estacionamiento en la plaza de Miramar, a fin de facilitar el paso de maquinaria de las obras. Sin embargo, de momento, el tr\u00e1fico rodado por la plaza seguir\u00e1 abierto.<\/p>\n<p><a href=\"https:\/\/mont-roig.cat\/wp-content\/uploads\/Aparcament-dissuasiu-2.jpeg\"><img loading=\"lazy\" decoding=\"async\" class=\"alignleft wp-image-39495\" src=\"https:\/\/mont-roig.cat\/wp-content\/uploads\/Aparcament-dissuasiu-2.jpeg\" alt=\"\" width=\"240\" height=\"135\" srcset=\"https:\/\/mont-roig.cat\/wp-content\/uploads\/Aparcament-dissuasiu-2.jpeg 1920w, https:\/\/mont-roig.cat\/wp-content\/uploads\/Aparcament-dissuasiu-2-500x281.jpeg 500w, https:\/\/mont-roig.cat\/wp-content\/uploads\/Aparcament-dissuasiu-2-768x432.jpeg 768w, https:\/\/mont-roig.cat\/wp-content\/uploads\/Aparcament-dissuasiu-2-1024x576.jpeg 1024w\" sizes=\"auto, (max-width: 240px) 100vw, 240px\" \/><\/a><a href=\"https:\/\/mont-roig.cat\/wp-content\/uploads\/Aparcament-dissuasiu-3.jpeg\"><img loading=\"lazy\" decoding=\"async\" class=\"alignleft wp-image-39497\" src=\"https:\/\/mont-roig.cat\/wp-content\/uploads\/Aparcament-dissuasiu-3.jpeg\" alt=\"\" width=\"240\" height=\"135\" srcset=\"https:\/\/mont-roig.cat\/wp-content\/uploads\/Aparcament-dissuasiu-3.jpeg 1920w, https:\/\/mont-roig.cat\/wp-content\/uploads\/Aparcament-dissuasiu-3-500x281.jpeg 500w, https:\/\/mont-roig.cat\/wp-content\/uploads\/Aparcament-dissuasiu-3-768x432.jpeg 768w, https:\/\/mont-roig.cat\/wp-content\/uploads\/Aparcament-dissuasiu-3-1024x576.jpeg 1024w\" sizes=\"auto, (max-width: 240px) 100vw, 240px\" \/><\/a><a href=\"https:\/\/mont-roig.cat\/wp-content\/uploads\/Aparcament-dissuasiu-4.jpeg\"><img loading=\"lazy\" decoding=\"async\" class=\"alignleft wp-image-39499\" src=\"https:\/\/mont-roig.cat\/wp-content\/uploads\/Aparcament-dissuasiu-4.jpeg\" alt=\"\" width=\"240\" height=\"135\" srcset=\"https:\/\/mont-roig.cat\/wp-content\/uploads\/Aparcament-dissuasiu-4.jpeg 1920w, https:\/\/mont-roig.cat\/wp-content\/uploads\/Aparcament-dissuasiu-4-500x281.jpeg 500w, https:\/\/mont-roig.cat\/wp-content\/uploads\/Aparcament-dissuasiu-4-768x432.jpeg 768w, https:\/\/mont-roig.cat\/wp-content\/uploads\/Aparcament-dissuasiu-4-1024x576.jpeg 1024w\" sizes=\"auto, (max-width: 240px) 100vw, 240px\" \/><\/a><\/p>\n","protected":false},"excerpt":{"rendered":"<p>Antes de los cortes de circulaci\u00f3n de estas dos calles y la prohibici\u00f3n de estacionar en la plaza, ma\u00f1ana mi\u00e9rcoles se abrir\u00e1 el aparcamiento disuasorio situado entre las calles Pobla d&#8217;en Taudell y Vinyols Una vez efectuados los trabajos previos de preparaci\u00f3n de las obras de la plaza Miramar, este jueves 10 de octubre se [&hellip;]<\/p>\n","protected":false},"author":4,"featured_media":39491,"comment_status":"closed","ping_status":"closed","sticky":false,"template":"","format":"standard","meta":{"inline_featured_image":false,"_monsterinsights_skip_tracking":false,"_monsterinsights_sitenote_active":false,"_monsterinsights_sitenote_note":"","_monsterinsights_sitenote_category":0,"footnotes":""},"categories":[116],"tags":[],"class_list":["post-39503","post","type-post","status-publish","format-standard","has-post-thumbnail","hentry","category-urbanismo-y-obras"],"yoast_head":"<!-- This site is optimized with the Yoast SEO plugin v27.4 - https:\/\/yoast.com\/product\/yoast-seo-wordpress\/ -->\n<title>Las calles del Sol y de Riba i Mestre se cortan este jueves con motivo de las obras de la plaza de Miramar - Ajuntament de Mont-roig del Camp<\/title>\n<meta name=\"robots\" content=\"index, follow, max-snippet:-1, max-image-preview:large, max-video-preview:-1\" \/>\n<link rel=\"canonical\" href=\"https:\/\/mont-roig.cat\/es\/actualitat\/noticies\/las-calles-del-sol-y-de-riba-i-mestre-se-cortan-este-jueves-con-motivo-de-las-obras-de-la-plaza-de-miramar\/\" \/>\n<meta property=\"og:locale\" content=\"es_ES\" \/>\n<meta property=\"og:type\" content=\"article\" \/>\n<meta property=\"og:title\" content=\"Las calles del Sol y de Riba i Mestre se cortan este jueves con motivo de las obras de la plaza de Miramar - Ajuntament de Mont-roig del Camp\" \/>\n<meta property=\"og:description\" content=\"Antes de los cortes de circulaci\u00f3n de estas dos calles y la prohibici\u00f3n de estacionar en la plaza, ma\u00f1ana mi\u00e9rcoles se abrir\u00e1 el aparcamiento disuasorio situado entre las calles Pobla d&#8217;en Taudell y Vinyols Una vez efectuados los trabajos previos de preparaci\u00f3n de las obras de la plaza Miramar, este jueves 10 de octubre se [&hellip;]\" \/>\n<meta property=\"og:url\" content=\"https:\/\/mont-roig.cat\/es\/actualitat\/noticies\/las-calles-del-sol-y-de-riba-i-mestre-se-cortan-este-jueves-con-motivo-de-las-obras-de-la-plaza-de-miramar\/\" \/>\n<meta property=\"og:site_name\" content=\"Ajuntament de Mont-roig del Camp\" \/>\n<meta property=\"article:published_time\" content=\"2019-10-08T08:28:57+00:00\" \/>\n<meta property=\"og:image\" content=\"https:\/\/mont-roig.cat\/wp-content\/uploads\/Aparcament-dissuasiu.jpeg\" \/>\n\t<meta property=\"og:image:width\" content=\"1600\" \/>\n\t<meta property=\"og:image:height\" content=\"960\" \/>\n\t<meta property=\"og:image:type\" content=\"image\/jpeg\" \/>\n<meta name=\"author\" content=\"administrador\" \/>\n<meta name=\"twitter:card\" content=\"summary_large_image\" \/>\n<meta name=\"twitter:label1\" content=\"Escrito por\" \/>\n\t<meta name=\"twitter:data1\" content=\"administrador\" \/>\n\t<meta name=\"twitter:label2\" content=\"Tiempo de lectura\" \/>\n\t<meta name=\"twitter:data2\" content=\"1 minuto\" \/>\n<script type=\"application\/ld+json\" class=\"yoast-schema-graph\">{\"@context\":\"https:\\\/\\\/schema.org\",\"@graph\":[{\"@type\":\"Article\",\"@id\":\"https:\\\/\\\/mont-roig.cat\\\/es\\\/actualitat\\\/noticies\\\/las-calles-del-sol-y-de-riba-i-mestre-se-cortan-este-jueves-con-motivo-de-las-obras-de-la-plaza-de-miramar\\\/#article\",\"isPartOf\":{\"@id\":\"https:\\\/\\\/mont-roig.cat\\\/es\\\/actualitat\\\/noticies\\\/las-calles-del-sol-y-de-riba-i-mestre-se-cortan-este-jueves-con-motivo-de-las-obras-de-la-plaza-de-miramar\\\/\"},\"author\":{\"name\":\"administrador\",\"@id\":\"https:\\\/\\\/mont-roig.cat\\\/es\\\/#\\\/schema\\\/person\\\/f2b111789f22b7d0c3bd6786c9128cba\"},\"headline\":\"Las calles del Sol y de Riba i Mestre se cortan este jueves con motivo de las obras de la plaza de Miramar\",\"datePublished\":\"2019-10-08T08:28:57+00:00\",\"mainEntityOfPage\":{\"@id\":\"https:\\\/\\\/mont-roig.cat\\\/es\\\/actualitat\\\/noticies\\\/las-calles-del-sol-y-de-riba-i-mestre-se-cortan-este-jueves-con-motivo-de-las-obras-de-la-plaza-de-miramar\\\/\"},\"wordCount\":298,\"image\":{\"@id\":\"https:\\\/\\\/mont-roig.cat\\\/es\\\/actualitat\\\/noticies\\\/las-calles-del-sol-y-de-riba-i-mestre-se-cortan-este-jueves-con-motivo-de-las-obras-de-la-plaza-de-miramar\\\/#primaryimage\"},\"thumbnailUrl\":\"https:\\\/\\\/mont-roig.cat\\\/wp-content\\\/uploads\\\/Aparcament-dissuasiu.jpeg\",\"articleSection\":[\"Urbanismo y obras\"],\"inLanguage\":\"es\"},{\"@type\":\"WebPage\",\"@id\":\"https:\\\/\\\/mont-roig.cat\\\/es\\\/actualitat\\\/noticies\\\/las-calles-del-sol-y-de-riba-i-mestre-se-cortan-este-jueves-con-motivo-de-las-obras-de-la-plaza-de-miramar\\\/\",\"url\":\"https:\\\/\\\/mont-roig.cat\\\/es\\\/actualitat\\\/noticies\\\/las-calles-del-sol-y-de-riba-i-mestre-se-cortan-este-jueves-con-motivo-de-las-obras-de-la-plaza-de-miramar\\\/\",\"name\":\"Las calles del Sol y de Riba i Mestre se cortan este jueves con motivo de las obras de la plaza de Miramar - Ajuntament de Mont-roig del Camp\",\"isPartOf\":{\"@id\":\"https:\\\/\\\/mont-roig.cat\\\/es\\\/#website\"},\"primaryImageOfPage\":{\"@id\":\"https:\\\/\\\/mont-roig.cat\\\/es\\\/actualitat\\\/noticies\\\/las-calles-del-sol-y-de-riba-i-mestre-se-cortan-este-jueves-con-motivo-de-las-obras-de-la-plaza-de-miramar\\\/#primaryimage\"},\"image\":{\"@id\":\"https:\\\/\\\/mont-roig.cat\\\/es\\\/actualitat\\\/noticies\\\/las-calles-del-sol-y-de-riba-i-mestre-se-cortan-este-jueves-con-motivo-de-las-obras-de-la-plaza-de-miramar\\\/#primaryimage\"},\"thumbnailUrl\":\"https:\\\/\\\/mont-roig.cat\\\/wp-content\\\/uploads\\\/Aparcament-dissuasiu.jpeg\",\"datePublished\":\"2019-10-08T08:28:57+00:00\",\"author\":{\"@id\":\"https:\\\/\\\/mont-roig.cat\\\/es\\\/#\\\/schema\\\/person\\\/f2b111789f22b7d0c3bd6786c9128cba\"},\"breadcrumb\":{\"@id\":\"https:\\\/\\\/mont-roig.cat\\\/es\\\/actualitat\\\/noticies\\\/las-calles-del-sol-y-de-riba-i-mestre-se-cortan-este-jueves-con-motivo-de-las-obras-de-la-plaza-de-miramar\\\/#breadcrumb\"},\"inLanguage\":\"es\",\"potentialAction\":[{\"@type\":\"ReadAction\",\"target\":[\"https:\\\/\\\/mont-roig.cat\\\/es\\\/actualitat\\\/noticies\\\/las-calles-del-sol-y-de-riba-i-mestre-se-cortan-este-jueves-con-motivo-de-las-obras-de-la-plaza-de-miramar\\\/\"]}]},{\"@type\":\"ImageObject\",\"inLanguage\":\"es\",\"@id\":\"https:\\\/\\\/mont-roig.cat\\\/es\\\/actualitat\\\/noticies\\\/las-calles-del-sol-y-de-riba-i-mestre-se-cortan-este-jueves-con-motivo-de-las-obras-de-la-plaza-de-miramar\\\/#primaryimage\",\"url\":\"https:\\\/\\\/mont-roig.cat\\\/wp-content\\\/uploads\\\/Aparcament-dissuasiu.jpeg\",\"contentUrl\":\"https:\\\/\\\/mont-roig.cat\\\/wp-content\\\/uploads\\\/Aparcament-dissuasiu.jpeg\",\"width\":1600,\"height\":960},{\"@type\":\"BreadcrumbList\",\"@id\":\"https:\\\/\\\/mont-roig.cat\\\/es\\\/actualitat\\\/noticies\\\/las-calles-del-sol-y-de-riba-i-mestre-se-cortan-este-jueves-con-motivo-de-las-obras-de-la-plaza-de-miramar\\\/#breadcrumb\",\"itemListElement\":[{\"@type\":\"ListItem\",\"position\":1,\"name\":\"Inici\",\"item\":\"https:\\\/\\\/mont-roig.cat\\\/es\\\/pagina-de-inicio\\\/\"},{\"@type\":\"ListItem\",\"position\":2,\"name\":\"Las calles del Sol y de Riba i Mestre se cortan este jueves con motivo de las obras de la plaza de Miramar\"}]},{\"@type\":\"WebSite\",\"@id\":\"https:\\\/\\\/mont-roig.cat\\\/es\\\/#website\",\"url\":\"https:\\\/\\\/mont-roig.cat\\\/es\\\/\",\"name\":\"Ajuntament de Mont-roig del Camp\",\"description\":\"Tota la informaci\u00f3 sobre la instituci\u00f3, els seus \u00f2rgans de govern, actualitat, serveis i molt m\u00e9s.\",\"potentialAction\":[{\"@type\":\"SearchAction\",\"target\":{\"@type\":\"EntryPoint\",\"urlTemplate\":\"https:\\\/\\\/mont-roig.cat\\\/es\\\/?s={search_term_string}\"},\"query-input\":{\"@type\":\"PropertyValueSpecification\",\"valueRequired\":true,\"valueName\":\"search_term_string\"}}],\"inLanguage\":\"es\"},{\"@type\":\"Person\",\"@id\":\"https:\\\/\\\/mont-roig.cat\\\/es\\\/#\\\/schema\\\/person\\\/f2b111789f22b7d0c3bd6786c9128cba\",\"name\":\"administrador\",\"image\":{\"@type\":\"ImageObject\",\"inLanguage\":\"es\",\"@id\":\"https:\\\/\\\/secure.gravatar.com\\\/avatar\\\/9137aac6891e2595c9d3036fd83bcb653b4db3c946db4c7d9b9be193c3c944bb?s=96&d=mm&r=g\",\"url\":\"https:\\\/\\\/secure.gravatar.com\\\/avatar\\\/9137aac6891e2595c9d3036fd83bcb653b4db3c946db4c7d9b9be193c3c944bb?s=96&d=mm&r=g\",\"contentUrl\":\"https:\\\/\\\/secure.gravatar.com\\\/avatar\\\/9137aac6891e2595c9d3036fd83bcb653b4db3c946db4c7d9b9be193c3c944bb?s=96&d=mm&r=g\",\"caption\":\"administrador\"},\"url\":\"https:\\\/\\\/mont-roig.cat\\\/es\\\/actualitat\\\/noticies\\\/author\\\/administrador\\\/\"}]}<\/script>\n<!-- \/ Yoast SEO plugin. -->","yoast_head_json":{"title":"Las calles del Sol y de Riba i Mestre se cortan este jueves con motivo de las obras de la plaza de Miramar - Ajuntament de Mont-roig del Camp","robots":{"index":"index","follow":"follow","max-snippet":"max-snippet:-1","max-image-preview":"max-image-preview:large","max-video-preview":"max-video-preview:-1"},"canonical":"https:\/\/mont-roig.cat\/es\/actualitat\/noticies\/las-calles-del-sol-y-de-riba-i-mestre-se-cortan-este-jueves-con-motivo-de-las-obras-de-la-plaza-de-miramar\/","og_locale":"es_ES","og_type":"article","og_title":"Las calles del Sol y de Riba i Mestre se cortan este jueves con motivo de las obras de la plaza de Miramar - Ajuntament de Mont-roig del Camp","og_description":"Antes de los cortes de circulaci\u00f3n de estas dos calles y la prohibici\u00f3n de estacionar en la plaza, ma\u00f1ana mi\u00e9rcoles se abrir\u00e1 el aparcamiento disuasorio situado entre las calles Pobla d&#8217;en Taudell y Vinyols Una vez efectuados los trabajos previos de preparaci\u00f3n de las obras de la plaza Miramar, este jueves 10 de octubre se [&hellip;]","og_url":"https:\/\/mont-roig.cat\/es\/actualitat\/noticies\/las-calles-del-sol-y-de-riba-i-mestre-se-cortan-este-jueves-con-motivo-de-las-obras-de-la-plaza-de-miramar\/","og_site_name":"Ajuntament de Mont-roig del Camp","article_published_time":"2019-10-08T08:28:57+00:00","og_image":[{"width":1600,"height":960,"url":"https:\/\/mont-roig.cat\/wp-content\/uploads\/Aparcament-dissuasiu.jpeg","type":"image\/jpeg"}],"author":"administrador","twitter_card":"summary_large_image","twitter_misc":{"Escrito por":"administrador","Tiempo de lectura":"1 minuto"},"schema":{"@context":"https:\/\/schema.org","@graph":[{"@type":"Article","@id":"https:\/\/mont-roig.cat\/es\/actualitat\/noticies\/las-calles-del-sol-y-de-riba-i-mestre-se-cortan-este-jueves-con-motivo-de-las-obras-de-la-plaza-de-miramar\/#article","isPartOf":{"@id":"https:\/\/mont-roig.cat\/es\/actualitat\/noticies\/las-calles-del-sol-y-de-riba-i-mestre-se-cortan-este-jueves-con-motivo-de-las-obras-de-la-plaza-de-miramar\/"},"author":{"name":"administrador","@id":"https:\/\/mont-roig.cat\/es\/#\/schema\/person\/f2b111789f22b7d0c3bd6786c9128cba"},"headline":"Las calles del Sol y de Riba i Mestre se cortan este jueves con motivo de las obras de la plaza de Miramar","datePublished":"2019-10-08T08:28:57+00:00","mainEntityOfPage":{"@id":"https:\/\/mont-roig.cat\/es\/actualitat\/noticies\/las-calles-del-sol-y-de-riba-i-mestre-se-cortan-este-jueves-con-motivo-de-las-obras-de-la-plaza-de-miramar\/"},"wordCount":298,"image":{"@id":"https:\/\/mont-roig.cat\/es\/actualitat\/noticies\/las-calles-del-sol-y-de-riba-i-mestre-se-cortan-este-jueves-con-motivo-de-las-obras-de-la-plaza-de-miramar\/#primaryimage"},"thumbnailUrl":"https:\/\/mont-roig.cat\/wp-content\/uploads\/Aparcament-dissuasiu.jpeg","articleSection":["Urbanismo y obras"],"inLanguage":"es"},{"@type":"WebPage","@id":"https:\/\/mont-roig.cat\/es\/actualitat\/noticies\/las-calles-del-sol-y-de-riba-i-mestre-se-cortan-este-jueves-con-motivo-de-las-obras-de-la-plaza-de-miramar\/","url":"https:\/\/mont-roig.cat\/es\/actualitat\/noticies\/las-calles-del-sol-y-de-riba-i-mestre-se-cortan-este-jueves-con-motivo-de-las-obras-de-la-plaza-de-miramar\/","name":"Las calles del Sol y de Riba i Mestre se cortan este jueves con motivo de las obras de la plaza de Miramar - Ajuntament de Mont-roig del Camp","isPartOf":{"@id":"https:\/\/mont-roig.cat\/es\/#website"},"primaryImageOfPage":{"@id":"https:\/\/mont-roig.cat\/es\/actualitat\/noticies\/las-calles-del-sol-y-de-riba-i-mestre-se-cortan-este-jueves-con-motivo-de-las-obras-de-la-plaza-de-miramar\/#primaryimage"},"image":{"@id":"https:\/\/mont-roig.cat\/es\/actualitat\/noticies\/las-calles-del-sol-y-de-riba-i-mestre-se-cortan-este-jueves-con-motivo-de-las-obras-de-la-plaza-de-miramar\/#primaryimage"},"thumbnailUrl":"https:\/\/mont-roig.cat\/wp-content\/uploads\/Aparcament-dissuasiu.jpeg","datePublished":"2019-10-08T08:28:57+00:00","author":{"@id":"https:\/\/mont-roig.cat\/es\/#\/schema\/person\/f2b111789f22b7d0c3bd6786c9128cba"},"breadcrumb":{"@id":"https:\/\/mont-roig.cat\/es\/actualitat\/noticies\/las-calles-del-sol-y-de-riba-i-mestre-se-cortan-este-jueves-con-motivo-de-las-obras-de-la-plaza-de-miramar\/#breadcrumb"},"inLanguage":"es","potentialAction":[{"@type":"ReadAction","target":["https:\/\/mont-roig.cat\/es\/actualitat\/noticies\/las-calles-del-sol-y-de-riba-i-mestre-se-cortan-este-jueves-con-motivo-de-las-obras-de-la-plaza-de-miramar\/"]}]},{"@type":"ImageObject","inLanguage":"es","@id":"https:\/\/mont-roig.cat\/es\/actualitat\/noticies\/las-calles-del-sol-y-de-riba-i-mestre-se-cortan-este-jueves-con-motivo-de-las-obras-de-la-plaza-de-miramar\/#primaryimage","url":"https:\/\/mont-roig.cat\/wp-content\/uploads\/Aparcament-dissuasiu.jpeg","contentUrl":"https:\/\/mont-roig.cat\/wp-content\/uploads\/Aparcament-dissuasiu.jpeg","width":1600,"height":960},{"@type":"BreadcrumbList","@id":"https:\/\/mont-roig.cat\/es\/actualitat\/noticies\/las-calles-del-sol-y-de-riba-i-mestre-se-cortan-este-jueves-con-motivo-de-las-obras-de-la-plaza-de-miramar\/#breadcrumb","itemListElement":[{"@type":"ListItem","position":1,"name":"Inici","item":"https:\/\/mont-roig.cat\/es\/pagina-de-inicio\/"},{"@type":"ListItem","position":2,"name":"Las calles del Sol y de Riba i Mestre se cortan este jueves con motivo de las obras de la plaza de Miramar"}]},{"@type":"WebSite","@id":"https:\/\/mont-roig.cat\/es\/#website","url":"https:\/\/mont-roig.cat\/es\/","name":"Ajuntament de Mont-roig del Camp","description":"Tota la informaci\u00f3 sobre la instituci\u00f3, els seus \u00f2rgans de govern, actualitat, serveis i molt m\u00e9s.","potentialAction":[{"@type":"SearchAction","target":{"@type":"EntryPoint","urlTemplate":"https:\/\/mont-roig.cat\/es\/?s={search_term_string}"},"query-input":{"@type":"PropertyValueSpecification","valueRequired":true,"valueName":"search_term_string"}}],"inLanguage":"es"},{"@type":"Person","@id":"https:\/\/mont-roig.cat\/es\/#\/schema\/person\/f2b111789f22b7d0c3bd6786c9128cba","name":"administrador","image":{"@type":"ImageObject","inLanguage":"es","@id":"https:\/\/secure.gravatar.com\/avatar\/9137aac6891e2595c9d3036fd83bcb653b4db3c946db4c7d9b9be193c3c944bb?s=96&d=mm&r=g","url":"https:\/\/secure.gravatar.com\/avatar\/9137aac6891e2595c9d3036fd83bcb653b4db3c946db4c7d9b9be193c3c944bb?s=96&d=mm&r=g","contentUrl":"https:\/\/secure.gravatar.com\/avatar\/9137aac6891e2595c9d3036fd83bcb653b4db3c946db4c7d9b9be193c3c944bb?s=96&d=mm&r=g","caption":"administrador"},"url":"https:\/\/mont-roig.cat\/es\/actualitat\/noticies\/author\/administrador\/"}]}},"_links":{"self":[{"href":"https:\/\/mont-roig.cat\/es\/wp-json\/wp\/v2\/posts\/39503","targetHints":{"allow":["GET"]}}],"collection":[{"href":"https:\/\/mont-roig.cat\/es\/wp-json\/wp\/v2\/posts"}],"about":[{"href":"https:\/\/mont-roig.cat\/es\/wp-json\/wp\/v2\/types\/post"}],"author":[{"embeddable":true,"href":"https:\/\/mont-roig.cat\/es\/wp-json\/wp\/v2\/users\/4"}],"replies":[{"embeddable":true,"href":"https:\/\/mont-roig.cat\/es\/wp-json\/wp\/v2\/comments?post=39503"}],"version-history":[{"count":2,"href":"https:\/\/mont-roig.cat\/es\/wp-json\/wp\/v2\/posts\/39503\/revisions"}],"predecessor-version":[{"id":39505,"href":"https:\/\/mont-roig.cat\/es\/wp-json\/wp\/v2\/posts\/39503\/revisions\/39505"}],"wp:featuredmedia":[{"embeddable":true,"href":"https:\/\/mont-roig.cat\/es\/wp-json\/wp\/v2\/media\/39491"}],"wp:attachment":[{"href":"https:\/\/mont-roig.cat\/es\/wp-json\/wp\/v2\/media?parent=39503"}],"wp:term":[{"taxonomy":"category","embeddable":true,"href":"https:\/\/mont-roig.cat\/es\/wp-json\/wp\/v2\/categories?post=39503"},{"taxonomy":"post_tag","embeddable":true,"href":"https:\/\/mont-roig.cat\/es\/wp-json\/wp\/v2\/tags?post=39503"}],"curies":[{"name":"wp","href":"https:\/\/api.w.org\/{rel}","templated":true}]}}