{"id":3970,"date":"2015-07-06T13:22:00","date_gmt":"2015-07-06T13:22:00","guid":{"rendered":""},"modified":"2015-07-06T13:22:00","modified_gmt":"2015-07-06T13:22:00","slug":"el-ayuntamiento-lamenta-la-muerte-de-la-joven-belga-atropellada-en-la-via-del-tren-en-miami","status":"publish","type":"post","link":"https:\/\/mont-roig.cat\/es\/actualitat\/noticies\/el-ayuntamiento-lamenta-la-muerte-de-la-joven-belga-atropellada-en-la-via-del-tren-en-miami\/","title":{"rendered":"El Ayuntamiento lamenta la muerte de la joven belga atropellada en la v\u00eda del tren en Miami Platja"},"content":{"rendered":"<div class=\"body\">\n<div>\n<p>Los hechos han tenido lugar este mediod\u00eda, cuando un tren de la l\u00ednea RT2 Hospitalet de l&#8217;Infant- L&#8217;Arbo\u00e7 ha atropellado mortalmente a una joven de nacionalidad belga. A la espera de la confirmaci\u00f3n oficial, la v\u00edctima habr\u00eda cruzado la v\u00eda del tren a la altura de la avenida Berl\u00edn de Miami Platja. El accidente mortal se ha producido a 150 metros del paso elevado de cruce de las v\u00edas.<\/p>\n<p>El Ayuntamiento lamenta la muerte de la joven belga y pide a ADIF que tome las medidas necesarias para acabar con el peligro que supone que los trenes pasen por la trama urbana. Por ello se reclaman soluciones urgentes para evitar que accidentes como el de hoy se puedan repetir.<\/p>\n<\/div>\n<\/div>\n","protected":false},"excerpt":{"rendered":"<p>Los hechos han tenido lugar este mediod\u00eda, cuando un tren de la l\u00ednea RT2 Hospitalet de l&#8217;Infant- L&#8217;Arbo\u00e7 ha atropellado mortalmente a una joven de nacionalidad belga. A la espera de la confirmaci\u00f3n oficial, la v\u00edctima habr\u00eda cruzado la v\u00eda del tren a la altura de la avenida Berl\u00edn de Miami Platja. El accidente mortal [&hellip;]<\/p>\n","protected":false},"author":4,"featured_media":0,"comment_status":"open","ping_status":"open","sticky":false,"template":"","format":"standard","meta":{"inline_featured_image":false,"_monsterinsights_skip_tracking":false,"_monsterinsights_sitenote_active":false,"_monsterinsights_sitenote_note":"","_monsterinsights_sitenote_category":0,"footnotes":""},"categories":[99],"tags":[],"class_list":["post-3970","post","type-post","status-publish","format-standard","hentry","category-otros"],"yoast_head":"<!-- This site is optimized with the Yoast SEO plugin v27.4 - https:\/\/yoast.com\/product\/yoast-seo-wordpress\/ -->\n<title>El Ayuntamiento lamenta la muerte de la joven belga atropellada en la v\u00eda del tren en Miami Platja - Ajuntament de Mont-roig del Camp<\/title>\n<meta name=\"robots\" content=\"index, follow, max-snippet:-1, max-image-preview:large, max-video-preview:-1\" \/>\n<link rel=\"canonical\" href=\"https:\/\/mont-roig.cat\/es\/actualitat\/noticies\/el-ayuntamiento-lamenta-la-muerte-de-la-joven-belga-atropellada-en-la-via-del-tren-en-miami\/\" \/>\n<meta property=\"og:locale\" content=\"es_ES\" \/>\n<meta property=\"og:type\" content=\"article\" \/>\n<meta property=\"og:title\" content=\"El Ayuntamiento lamenta la muerte de la joven belga atropellada en la v\u00eda del tren en Miami Platja - Ajuntament de Mont-roig del Camp\" \/>\n<meta property=\"og:description\" content=\"Los hechos han tenido lugar este mediod\u00eda, cuando un tren de la l\u00ednea RT2 Hospitalet de l&#8217;Infant- L&#8217;Arbo\u00e7 ha atropellado mortalmente a una joven de nacionalidad belga. A la espera de la confirmaci\u00f3n oficial, la v\u00edctima habr\u00eda cruzado la v\u00eda del tren a la altura de la avenida Berl\u00edn de Miami Platja. El accidente mortal [&hellip;]\" \/>\n<meta property=\"og:url\" content=\"https:\/\/mont-roig.cat\/es\/actualitat\/noticies\/el-ayuntamiento-lamenta-la-muerte-de-la-joven-belga-atropellada-en-la-via-del-tren-en-miami\/\" \/>\n<meta property=\"og:site_name\" content=\"Ajuntament de Mont-roig del Camp\" \/>\n<meta property=\"article:published_time\" content=\"2015-07-06T13:22:00+00:00\" \/>\n<meta property=\"og:image\" content=\"https:\/\/mont-roig.cat\/wp-content\/uploads\/aj-mont-roig-2.jpg\" \/>\n\t<meta property=\"og:image:width\" content=\"1200\" \/>\n\t<meta property=\"og:image:height\" content=\"600\" \/>\n\t<meta property=\"og:image:type\" content=\"image\/jpeg\" \/>\n<meta name=\"author\" content=\"administrador\" \/>\n<meta name=\"twitter:card\" content=\"summary_large_image\" \/>\n<meta name=\"twitter:label1\" content=\"Escrito por\" \/>\n\t<meta name=\"twitter:data1\" content=\"administrador\" \/>\n\t<meta name=\"twitter:label2\" content=\"Tiempo de lectura\" \/>\n\t<meta name=\"twitter:data2\" content=\"1 minuto\" \/>\n<script type=\"application\/ld+json\" class=\"yoast-schema-graph\">{\"@context\":\"https:\\\/\\\/schema.org\",\"@graph\":[{\"@type\":\"Article\",\"@id\":\"https:\\\/\\\/mont-roig.cat\\\/es\\\/actualitat\\\/noticies\\\/el-ayuntamiento-lamenta-la-muerte-de-la-joven-belga-atropellada-en-la-via-del-tren-en-miami\\\/#article\",\"isPartOf\":{\"@id\":\"https:\\\/\\\/mont-roig.cat\\\/es\\\/actualitat\\\/noticies\\\/el-ayuntamiento-lamenta-la-muerte-de-la-joven-belga-atropellada-en-la-via-del-tren-en-miami\\\/\"},\"author\":{\"name\":\"administrador\",\"@id\":\"https:\\\/\\\/mont-roig.cat\\\/es\\\/#\\\/schema\\\/person\\\/f2b111789f22b7d0c3bd6786c9128cba\"},\"headline\":\"El Ayuntamiento lamenta la muerte de la joven belga atropellada en la v\u00eda del tren en Miami Platja\",\"datePublished\":\"2015-07-06T13:22:00+00:00\",\"mainEntityOfPage\":{\"@id\":\"https:\\\/\\\/mont-roig.cat\\\/es\\\/actualitat\\\/noticies\\\/el-ayuntamiento-lamenta-la-muerte-de-la-joven-belga-atropellada-en-la-via-del-tren-en-miami\\\/\"},\"wordCount\":145,\"commentCount\":0,\"articleSection\":[\"Otros\"],\"inLanguage\":\"es\"},{\"@type\":\"WebPage\",\"@id\":\"https:\\\/\\\/mont-roig.cat\\\/es\\\/actualitat\\\/noticies\\\/el-ayuntamiento-lamenta-la-muerte-de-la-joven-belga-atropellada-en-la-via-del-tren-en-miami\\\/\",\"url\":\"https:\\\/\\\/mont-roig.cat\\\/es\\\/actualitat\\\/noticies\\\/el-ayuntamiento-lamenta-la-muerte-de-la-joven-belga-atropellada-en-la-via-del-tren-en-miami\\\/\",\"name\":\"El Ayuntamiento lamenta la muerte de la joven belga atropellada en la v\u00eda del tren en Miami Platja - Ajuntament de Mont-roig del Camp\",\"isPartOf\":{\"@id\":\"https:\\\/\\\/mont-roig.cat\\\/es\\\/#website\"},\"datePublished\":\"2015-07-06T13:22:00+00:00\",\"author\":{\"@id\":\"https:\\\/\\\/mont-roig.cat\\\/es\\\/#\\\/schema\\\/person\\\/f2b111789f22b7d0c3bd6786c9128cba\"},\"breadcrumb\":{\"@id\":\"https:\\\/\\\/mont-roig.cat\\\/es\\\/actualitat\\\/noticies\\\/el-ayuntamiento-lamenta-la-muerte-de-la-joven-belga-atropellada-en-la-via-del-tren-en-miami\\\/#breadcrumb\"},\"inLanguage\":\"es\",\"potentialAction\":[{\"@type\":\"ReadAction\",\"target\":[\"https:\\\/\\\/mont-roig.cat\\\/es\\\/actualitat\\\/noticies\\\/el-ayuntamiento-lamenta-la-muerte-de-la-joven-belga-atropellada-en-la-via-del-tren-en-miami\\\/\"]}]},{\"@type\":\"BreadcrumbList\",\"@id\":\"https:\\\/\\\/mont-roig.cat\\\/es\\\/actualitat\\\/noticies\\\/el-ayuntamiento-lamenta-la-muerte-de-la-joven-belga-atropellada-en-la-via-del-tren-en-miami\\\/#breadcrumb\",\"itemListElement\":[{\"@type\":\"ListItem\",\"position\":1,\"name\":\"Inici\",\"item\":\"https:\\\/\\\/mont-roig.cat\\\/es\\\/pagina-de-inicio\\\/\"},{\"@type\":\"ListItem\",\"position\":2,\"name\":\"El Ayuntamiento lamenta la muerte de la joven belga atropellada en la v\u00eda del tren en Miami Platja\"}]},{\"@type\":\"WebSite\",\"@id\":\"https:\\\/\\\/mont-roig.cat\\\/es\\\/#website\",\"url\":\"https:\\\/\\\/mont-roig.cat\\\/es\\\/\",\"name\":\"Ajuntament de Mont-roig del Camp\",\"description\":\"Tota la informaci\u00f3 sobre la instituci\u00f3, els seus \u00f2rgans de govern, actualitat, serveis i molt m\u00e9s.\",\"potentialAction\":[{\"@type\":\"SearchAction\",\"target\":{\"@type\":\"EntryPoint\",\"urlTemplate\":\"https:\\\/\\\/mont-roig.cat\\\/es\\\/?s={search_term_string}\"},\"query-input\":{\"@type\":\"PropertyValueSpecification\",\"valueRequired\":true,\"valueName\":\"search_term_string\"}}],\"inLanguage\":\"es\"},{\"@type\":\"Person\",\"@id\":\"https:\\\/\\\/mont-roig.cat\\\/es\\\/#\\\/schema\\\/person\\\/f2b111789f22b7d0c3bd6786c9128cba\",\"name\":\"administrador\",\"image\":{\"@type\":\"ImageObject\",\"inLanguage\":\"es\",\"@id\":\"https:\\\/\\\/secure.gravatar.com\\\/avatar\\\/9137aac6891e2595c9d3036fd83bcb653b4db3c946db4c7d9b9be193c3c944bb?s=96&d=mm&r=g\",\"url\":\"https:\\\/\\\/secure.gravatar.com\\\/avatar\\\/9137aac6891e2595c9d3036fd83bcb653b4db3c946db4c7d9b9be193c3c944bb?s=96&d=mm&r=g\",\"contentUrl\":\"https:\\\/\\\/secure.gravatar.com\\\/avatar\\\/9137aac6891e2595c9d3036fd83bcb653b4db3c946db4c7d9b9be193c3c944bb?s=96&d=mm&r=g\",\"caption\":\"administrador\"},\"url\":\"https:\\\/\\\/mont-roig.cat\\\/es\\\/actualitat\\\/noticies\\\/author\\\/administrador\\\/\"}]}<\/script>\n<!-- \/ Yoast SEO plugin. -->","yoast_head_json":{"title":"El Ayuntamiento lamenta la muerte de la joven belga atropellada en la v\u00eda del tren en Miami Platja - Ajuntament de Mont-roig del Camp","robots":{"index":"index","follow":"follow","max-snippet":"max-snippet:-1","max-image-preview":"max-image-preview:large","max-video-preview":"max-video-preview:-1"},"canonical":"https:\/\/mont-roig.cat\/es\/actualitat\/noticies\/el-ayuntamiento-lamenta-la-muerte-de-la-joven-belga-atropellada-en-la-via-del-tren-en-miami\/","og_locale":"es_ES","og_type":"article","og_title":"El Ayuntamiento lamenta la muerte de la joven belga atropellada en la v\u00eda del tren en Miami Platja - Ajuntament de Mont-roig del Camp","og_description":"Los hechos han tenido lugar este mediod\u00eda, cuando un tren de la l\u00ednea RT2 Hospitalet de l&#8217;Infant- L&#8217;Arbo\u00e7 ha atropellado mortalmente a una joven de nacionalidad belga. A la espera de la confirmaci\u00f3n oficial, la v\u00edctima habr\u00eda cruzado la v\u00eda del tren a la altura de la avenida Berl\u00edn de Miami Platja. El accidente mortal [&hellip;]","og_url":"https:\/\/mont-roig.cat\/es\/actualitat\/noticies\/el-ayuntamiento-lamenta-la-muerte-de-la-joven-belga-atropellada-en-la-via-del-tren-en-miami\/","og_site_name":"Ajuntament de Mont-roig del Camp","article_published_time":"2015-07-06T13:22:00+00:00","og_image":[{"width":1200,"height":600,"url":"https:\/\/mont-roig.cat\/wp-content\/uploads\/aj-mont-roig-2.jpg","type":"image\/jpeg"}],"author":"administrador","twitter_card":"summary_large_image","twitter_misc":{"Escrito por":"administrador","Tiempo de lectura":"1 minuto"},"schema":{"@context":"https:\/\/schema.org","@graph":[{"@type":"Article","@id":"https:\/\/mont-roig.cat\/es\/actualitat\/noticies\/el-ayuntamiento-lamenta-la-muerte-de-la-joven-belga-atropellada-en-la-via-del-tren-en-miami\/#article","isPartOf":{"@id":"https:\/\/mont-roig.cat\/es\/actualitat\/noticies\/el-ayuntamiento-lamenta-la-muerte-de-la-joven-belga-atropellada-en-la-via-del-tren-en-miami\/"},"author":{"name":"administrador","@id":"https:\/\/mont-roig.cat\/es\/#\/schema\/person\/f2b111789f22b7d0c3bd6786c9128cba"},"headline":"El Ayuntamiento lamenta la muerte de la joven belga atropellada en la v\u00eda del tren en Miami Platja","datePublished":"2015-07-06T13:22:00+00:00","mainEntityOfPage":{"@id":"https:\/\/mont-roig.cat\/es\/actualitat\/noticies\/el-ayuntamiento-lamenta-la-muerte-de-la-joven-belga-atropellada-en-la-via-del-tren-en-miami\/"},"wordCount":145,"commentCount":0,"articleSection":["Otros"],"inLanguage":"es"},{"@type":"WebPage","@id":"https:\/\/mont-roig.cat\/es\/actualitat\/noticies\/el-ayuntamiento-lamenta-la-muerte-de-la-joven-belga-atropellada-en-la-via-del-tren-en-miami\/","url":"https:\/\/mont-roig.cat\/es\/actualitat\/noticies\/el-ayuntamiento-lamenta-la-muerte-de-la-joven-belga-atropellada-en-la-via-del-tren-en-miami\/","name":"El Ayuntamiento lamenta la muerte de la joven belga atropellada en la v\u00eda del tren en Miami Platja - Ajuntament de Mont-roig del Camp","isPartOf":{"@id":"https:\/\/mont-roig.cat\/es\/#website"},"datePublished":"2015-07-06T13:22:00+00:00","author":{"@id":"https:\/\/mont-roig.cat\/es\/#\/schema\/person\/f2b111789f22b7d0c3bd6786c9128cba"},"breadcrumb":{"@id":"https:\/\/mont-roig.cat\/es\/actualitat\/noticies\/el-ayuntamiento-lamenta-la-muerte-de-la-joven-belga-atropellada-en-la-via-del-tren-en-miami\/#breadcrumb"},"inLanguage":"es","potentialAction":[{"@type":"ReadAction","target":["https:\/\/mont-roig.cat\/es\/actualitat\/noticies\/el-ayuntamiento-lamenta-la-muerte-de-la-joven-belga-atropellada-en-la-via-del-tren-en-miami\/"]}]},{"@type":"BreadcrumbList","@id":"https:\/\/mont-roig.cat\/es\/actualitat\/noticies\/el-ayuntamiento-lamenta-la-muerte-de-la-joven-belga-atropellada-en-la-via-del-tren-en-miami\/#breadcrumb","itemListElement":[{"@type":"ListItem","position":1,"name":"Inici","item":"https:\/\/mont-roig.cat\/es\/pagina-de-inicio\/"},{"@type":"ListItem","position":2,"name":"El Ayuntamiento lamenta la muerte de la joven belga atropellada en la v\u00eda del tren en Miami Platja"}]},{"@type":"WebSite","@id":"https:\/\/mont-roig.cat\/es\/#website","url":"https:\/\/mont-roig.cat\/es\/","name":"Ajuntament de Mont-roig del Camp","description":"Tota la informaci\u00f3 sobre la instituci\u00f3, els seus \u00f2rgans de govern, actualitat, serveis i molt m\u00e9s.","potentialAction":[{"@type":"SearchAction","target":{"@type":"EntryPoint","urlTemplate":"https:\/\/mont-roig.cat\/es\/?s={search_term_string}"},"query-input":{"@type":"PropertyValueSpecification","valueRequired":true,"valueName":"search_term_string"}}],"inLanguage":"es"},{"@type":"Person","@id":"https:\/\/mont-roig.cat\/es\/#\/schema\/person\/f2b111789f22b7d0c3bd6786c9128cba","name":"administrador","image":{"@type":"ImageObject","inLanguage":"es","@id":"https:\/\/secure.gravatar.com\/avatar\/9137aac6891e2595c9d3036fd83bcb653b4db3c946db4c7d9b9be193c3c944bb?s=96&d=mm&r=g","url":"https:\/\/secure.gravatar.com\/avatar\/9137aac6891e2595c9d3036fd83bcb653b4db3c946db4c7d9b9be193c3c944bb?s=96&d=mm&r=g","contentUrl":"https:\/\/secure.gravatar.com\/avatar\/9137aac6891e2595c9d3036fd83bcb653b4db3c946db4c7d9b9be193c3c944bb?s=96&d=mm&r=g","caption":"administrador"},"url":"https:\/\/mont-roig.cat\/es\/actualitat\/noticies\/author\/administrador\/"}]}},"_links":{"self":[{"href":"https:\/\/mont-roig.cat\/es\/wp-json\/wp\/v2\/posts\/3970","targetHints":{"allow":["GET"]}}],"collection":[{"href":"https:\/\/mont-roig.cat\/es\/wp-json\/wp\/v2\/posts"}],"about":[{"href":"https:\/\/mont-roig.cat\/es\/wp-json\/wp\/v2\/types\/post"}],"author":[{"embeddable":true,"href":"https:\/\/mont-roig.cat\/es\/wp-json\/wp\/v2\/users\/4"}],"replies":[{"embeddable":true,"href":"https:\/\/mont-roig.cat\/es\/wp-json\/wp\/v2\/comments?post=3970"}],"version-history":[{"count":0,"href":"https:\/\/mont-roig.cat\/es\/wp-json\/wp\/v2\/posts\/3970\/revisions"}],"wp:attachment":[{"href":"https:\/\/mont-roig.cat\/es\/wp-json\/wp\/v2\/media?parent=3970"}],"wp:term":[{"taxonomy":"category","embeddable":true,"href":"https:\/\/mont-roig.cat\/es\/wp-json\/wp\/v2\/categories?post=3970"},{"taxonomy":"post_tag","embeddable":true,"href":"https:\/\/mont-roig.cat\/es\/wp-json\/wp\/v2\/tags?post=3970"}],"curies":[{"name":"wp","href":"https:\/\/api.w.org\/{rel}","templated":true}]}}