{"id":39815,"date":"2019-10-21T15:28:46","date_gmt":"2019-10-21T13:28:46","guid":{"rendered":"https:\/\/mont-roig.cat\/?p=39815"},"modified":"2019-10-21T15:28:46","modified_gmt":"2019-10-21T13:28:46","slug":"evolucion-de-las-obras-de-la-plaza-de-miramar","status":"publish","type":"post","link":"https:\/\/mont-roig.cat\/es\/actualitat\/noticies\/evolucion-de-las-obras-de-la-plaza-de-miramar\/","title":{"rendered":"Evoluci\u00f3n de las obras de la plaza de Miramar"},"content":{"rendered":"<p>&nbsp;<\/p>\n<p>El Ayuntamiento de Mont-roig del Camp informa de las novedades en relaci\u00f3n con la obra de renovaci\u00f3n de la plaza de Miramar de Mont-roig.<\/p>\n<ul>\n<li>Una vez efectuadas conexiones provisionales del servicio de agua, y para poder continuar con la instalaci\u00f3n del colector de aguas residuales, a partir de este lunes se ampl\u00edan las restricciones de circulaci\u00f3n. En concreto se corta el tramo final de la calle Colom y se restringe la circulaci\u00f3n de veh\u00edculos por toda la plaza, excepto el eje de las calles Cambrils y Pobla d&#8217;en Taudell, que se mantiene abierto al tr\u00e1fico.<\/li>\n<li>El \u00e1rbol que el proyecto requer\u00eda sacar de la plaza ya se ha trasplantado en el parque infantil situado entre la calle de Montbri\u00f3 y Agust\u00ed Sard\u00e0. El pasado martes se comenz\u00f3 con la poda del arbolado de la plaza para que \u00e9ste no se vea afectado por las obras y para facilitar las tareas de transporte del ejemplar que deb\u00eda ser trasplantado.<\/li>\n<li>De hecho, desde el inicio de las obras ya se ha derribado la parte central de la plaza as\u00ed como el pavimento de la calle del Sol y la calle Riba i Maestre. A partir de ahora contin\u00faan las tareas de derribo de pavimentos y canalizaciones de los distintos servicios.<\/li>\n<li>El aparcamiento de 70 plazas habilitadas entre la calle Pobla d&#8217;en Taudell y calle Vinyols ya est\u00e1 totalmente en funcionamiento y puede ser utilizado, especialmente a partir de esta semana que se ampl\u00edan las restricciones de tr\u00e1fico<\/li>\n<\/ul>\n<p><a href=\"https:\/\/mont-roig.cat\/wp-content\/uploads\/Treballs-trasplant-arbre.jpg\"><img loading=\"lazy\" decoding=\"async\" class=\"alignleft wp-image-39809\" src=\"https:\/\/mont-roig.cat\/wp-content\/uploads\/Treballs-trasplant-arbre.jpg\" alt=\"\" width=\"250\" height=\"188\" srcset=\"https:\/\/mont-roig.cat\/wp-content\/uploads\/Treballs-trasplant-arbre.jpg 1920w, https:\/\/mont-roig.cat\/wp-content\/uploads\/Treballs-trasplant-arbre-500x375.jpg 500w, https:\/\/mont-roig.cat\/wp-content\/uploads\/Treballs-trasplant-arbre-768x576.jpg 768w, https:\/\/mont-roig.cat\/wp-content\/uploads\/Treballs-trasplant-arbre-1024x768.jpg 1024w, https:\/\/mont-roig.cat\/wp-content\/uploads\/Treballs-trasplant-arbre-463x348.jpg 463w\" sizes=\"auto, (max-width: 250px) 100vw, 250px\" \/><\/a><a href=\"https:\/\/mont-roig.cat\/wp-content\/uploads\/Arbre-abans-de-ser-podat.jpg\"><img loading=\"lazy\" decoding=\"async\" class=\"alignleft wp-image-39799\" src=\"https:\/\/mont-roig.cat\/wp-content\/uploads\/Arbre-abans-de-ser-podat.jpg\" alt=\"\" width=\"250\" height=\"188\" srcset=\"https:\/\/mont-roig.cat\/wp-content\/uploads\/Arbre-abans-de-ser-podat.jpg 1040w, https:\/\/mont-roig.cat\/wp-content\/uploads\/Arbre-abans-de-ser-podat-500x375.jpg 500w, https:\/\/mont-roig.cat\/wp-content\/uploads\/Arbre-abans-de-ser-podat-768x576.jpg 768w, https:\/\/mont-roig.cat\/wp-content\/uploads\/Arbre-abans-de-ser-podat-1024x768.jpg 1024w, https:\/\/mont-roig.cat\/wp-content\/uploads\/Arbre-abans-de-ser-podat-463x348.jpg 463w\" sizes=\"auto, (max-width: 250px) 100vw, 250px\" \/><\/a><img loading=\"lazy\" decoding=\"async\" class=\"alignleft wp-image-39803\" src=\"https:\/\/mont-roig.cat\/wp-content\/uploads\/Arbre-un-cop-podat.jpg\" alt=\"\" width=\"250\" height=\"188\" srcset=\"https:\/\/mont-roig.cat\/wp-content\/uploads\/Arbre-un-cop-podat.jpg 1040w, https:\/\/mont-roig.cat\/wp-content\/uploads\/Arbre-un-cop-podat-500x375.jpg 500w, https:\/\/mont-roig.cat\/wp-content\/uploads\/Arbre-un-cop-podat-768x576.jpg 768w, https:\/\/mont-roig.cat\/wp-content\/uploads\/Arbre-un-cop-podat-1024x768.jpg 1024w, https:\/\/mont-roig.cat\/wp-content\/uploads\/Arbre-un-cop-podat-463x348.jpg 463w\" sizes=\"auto, (max-width: 250px) 100vw, 250px\" \/><a href=\"https:\/\/mont-roig.cat\/wp-content\/uploads\/Arbre-pla\u00e7a-Miramar.jpg\"><img loading=\"lazy\" decoding=\"async\" class=\"alignleft wp-image-39801\" src=\"https:\/\/mont-roig.cat\/wp-content\/uploads\/Arbre-pla\u00e7a-Miramar.jpg\" alt=\"\" width=\"276\" height=\"182\" srcset=\"https:\/\/mont-roig.cat\/wp-content\/uploads\/Arbre-pla\u00e7a-Miramar.jpg 966w, https:\/\/mont-roig.cat\/wp-content\/uploads\/Arbre-pla\u00e7a-Miramar-500x331.jpg 500w, https:\/\/mont-roig.cat\/wp-content\/uploads\/Arbre-pla\u00e7a-Miramar-768x508.jpg 768w\" sizes=\"auto, (max-width: 276px) 100vw, 276px\" \/><\/a><\/p>\n","protected":false},"excerpt":{"rendered":"<p>&nbsp; El Ayuntamiento de Mont-roig del Camp informa de las novedades en relaci\u00f3n con la obra de renovaci\u00f3n de la plaza de Miramar de Mont-roig. Una vez efectuadas conexiones provisionales del servicio de agua, y para poder continuar con la instalaci\u00f3n del colector de aguas residuales, a partir de este lunes se ampl\u00edan las restricciones [&hellip;]<\/p>\n","protected":false},"author":4,"featured_media":39802,"comment_status":"closed","ping_status":"closed","sticky":false,"template":"","format":"standard","meta":{"inline_featured_image":false,"_monsterinsights_skip_tracking":false,"_monsterinsights_sitenote_active":false,"_monsterinsights_sitenote_note":"","_monsterinsights_sitenote_category":0,"footnotes":""},"categories":[116],"tags":[],"class_list":["post-39815","post","type-post","status-publish","format-standard","has-post-thumbnail","hentry","category-urbanismo-y-obras"],"yoast_head":"<!-- This site is optimized with the Yoast SEO plugin v27.4 - https:\/\/yoast.com\/product\/yoast-seo-wordpress\/ -->\n<title>Evoluci\u00f3n de las obras de la plaza de Miramar - Ajuntament de Mont-roig del Camp<\/title>\n<meta name=\"robots\" content=\"index, follow, max-snippet:-1, max-image-preview:large, max-video-preview:-1\" \/>\n<link rel=\"canonical\" href=\"https:\/\/mont-roig.cat\/es\/actualitat\/noticies\/evolucion-de-las-obras-de-la-plaza-de-miramar\/\" \/>\n<meta property=\"og:locale\" content=\"es_ES\" \/>\n<meta property=\"og:type\" content=\"article\" \/>\n<meta property=\"og:title\" content=\"Evoluci\u00f3n de las obras de la plaza de Miramar - Ajuntament de Mont-roig del Camp\" \/>\n<meta property=\"og:description\" content=\"&nbsp; El Ayuntamiento de Mont-roig del Camp informa de las novedades en relaci\u00f3n con la obra de renovaci\u00f3n de la plaza de Miramar de Mont-roig. Una vez efectuadas conexiones provisionales del servicio de agua, y para poder continuar con la instalaci\u00f3n del colector de aguas residuales, a partir de este lunes se ampl\u00edan las restricciones [&hellip;]\" \/>\n<meta property=\"og:url\" content=\"https:\/\/mont-roig.cat\/es\/actualitat\/noticies\/evolucion-de-las-obras-de-la-plaza-de-miramar\/\" \/>\n<meta property=\"og:site_name\" content=\"Ajuntament de Mont-roig del Camp\" \/>\n<meta property=\"article:published_time\" content=\"2019-10-21T13:28:46+00:00\" \/>\n<meta property=\"og:image\" content=\"https:\/\/mont-roig.cat\/wp-content\/uploads\/Arbre-pla\u00e7a-Miramar.jpg\" \/>\n\t<meta property=\"og:image:width\" content=\"966\" \/>\n\t<meta property=\"og:image:height\" content=\"639\" \/>\n\t<meta property=\"og:image:type\" content=\"image\/jpeg\" \/>\n<meta name=\"author\" content=\"administrador\" \/>\n<meta name=\"twitter:card\" content=\"summary_large_image\" \/>\n<meta name=\"twitter:label1\" content=\"Escrito por\" \/>\n\t<meta name=\"twitter:data1\" content=\"administrador\" \/>\n\t<meta name=\"twitter:label2\" content=\"Tiempo de lectura\" \/>\n\t<meta name=\"twitter:data2\" content=\"1 minuto\" \/>\n<script type=\"application\/ld+json\" class=\"yoast-schema-graph\">{\"@context\":\"https:\\\/\\\/schema.org\",\"@graph\":[{\"@type\":\"Article\",\"@id\":\"https:\\\/\\\/mont-roig.cat\\\/es\\\/actualitat\\\/noticies\\\/evolucion-de-las-obras-de-la-plaza-de-miramar\\\/#article\",\"isPartOf\":{\"@id\":\"https:\\\/\\\/mont-roig.cat\\\/es\\\/actualitat\\\/noticies\\\/evolucion-de-las-obras-de-la-plaza-de-miramar\\\/\"},\"author\":{\"name\":\"administrador\",\"@id\":\"https:\\\/\\\/mont-roig.cat\\\/es\\\/#\\\/schema\\\/person\\\/f2b111789f22b7d0c3bd6786c9128cba\"},\"headline\":\"Evoluci\u00f3n de las obras de la plaza de Miramar\",\"datePublished\":\"2019-10-21T13:28:46+00:00\",\"mainEntityOfPage\":{\"@id\":\"https:\\\/\\\/mont-roig.cat\\\/es\\\/actualitat\\\/noticies\\\/evolucion-de-las-obras-de-la-plaza-de-miramar\\\/\"},\"wordCount\":268,\"image\":{\"@id\":\"https:\\\/\\\/mont-roig.cat\\\/es\\\/actualitat\\\/noticies\\\/evolucion-de-las-obras-de-la-plaza-de-miramar\\\/#primaryimage\"},\"thumbnailUrl\":\"https:\\\/\\\/mont-roig.cat\\\/wp-content\\\/uploads\\\/Arbre-pla\u00e7a-Miramar.jpg\",\"articleSection\":[\"Urbanismo y obras\"],\"inLanguage\":\"es\"},{\"@type\":\"WebPage\",\"@id\":\"https:\\\/\\\/mont-roig.cat\\\/es\\\/actualitat\\\/noticies\\\/evolucion-de-las-obras-de-la-plaza-de-miramar\\\/\",\"url\":\"https:\\\/\\\/mont-roig.cat\\\/es\\\/actualitat\\\/noticies\\\/evolucion-de-las-obras-de-la-plaza-de-miramar\\\/\",\"name\":\"Evoluci\u00f3n de las obras de la plaza de Miramar - Ajuntament de Mont-roig del Camp\",\"isPartOf\":{\"@id\":\"https:\\\/\\\/mont-roig.cat\\\/es\\\/#website\"},\"primaryImageOfPage\":{\"@id\":\"https:\\\/\\\/mont-roig.cat\\\/es\\\/actualitat\\\/noticies\\\/evolucion-de-las-obras-de-la-plaza-de-miramar\\\/#primaryimage\"},\"image\":{\"@id\":\"https:\\\/\\\/mont-roig.cat\\\/es\\\/actualitat\\\/noticies\\\/evolucion-de-las-obras-de-la-plaza-de-miramar\\\/#primaryimage\"},\"thumbnailUrl\":\"https:\\\/\\\/mont-roig.cat\\\/wp-content\\\/uploads\\\/Arbre-pla\u00e7a-Miramar.jpg\",\"datePublished\":\"2019-10-21T13:28:46+00:00\",\"author\":{\"@id\":\"https:\\\/\\\/mont-roig.cat\\\/es\\\/#\\\/schema\\\/person\\\/f2b111789f22b7d0c3bd6786c9128cba\"},\"breadcrumb\":{\"@id\":\"https:\\\/\\\/mont-roig.cat\\\/es\\\/actualitat\\\/noticies\\\/evolucion-de-las-obras-de-la-plaza-de-miramar\\\/#breadcrumb\"},\"inLanguage\":\"es\",\"potentialAction\":[{\"@type\":\"ReadAction\",\"target\":[\"https:\\\/\\\/mont-roig.cat\\\/es\\\/actualitat\\\/noticies\\\/evolucion-de-las-obras-de-la-plaza-de-miramar\\\/\"]}]},{\"@type\":\"ImageObject\",\"inLanguage\":\"es\",\"@id\":\"https:\\\/\\\/mont-roig.cat\\\/es\\\/actualitat\\\/noticies\\\/evolucion-de-las-obras-de-la-plaza-de-miramar\\\/#primaryimage\",\"url\":\"https:\\\/\\\/mont-roig.cat\\\/wp-content\\\/uploads\\\/Arbre-pla\u00e7a-Miramar.jpg\",\"contentUrl\":\"https:\\\/\\\/mont-roig.cat\\\/wp-content\\\/uploads\\\/Arbre-pla\u00e7a-Miramar.jpg\",\"width\":966,\"height\":639},{\"@type\":\"BreadcrumbList\",\"@id\":\"https:\\\/\\\/mont-roig.cat\\\/es\\\/actualitat\\\/noticies\\\/evolucion-de-las-obras-de-la-plaza-de-miramar\\\/#breadcrumb\",\"itemListElement\":[{\"@type\":\"ListItem\",\"position\":1,\"name\":\"Inici\",\"item\":\"https:\\\/\\\/mont-roig.cat\\\/es\\\/pagina-de-inicio\\\/\"},{\"@type\":\"ListItem\",\"position\":2,\"name\":\"Evoluci\u00f3n de las obras de la plaza de Miramar\"}]},{\"@type\":\"WebSite\",\"@id\":\"https:\\\/\\\/mont-roig.cat\\\/es\\\/#website\",\"url\":\"https:\\\/\\\/mont-roig.cat\\\/es\\\/\",\"name\":\"Ajuntament de Mont-roig del Camp\",\"description\":\"Tota la informaci\u00f3 sobre la instituci\u00f3, els seus \u00f2rgans de govern, actualitat, serveis i molt m\u00e9s.\",\"potentialAction\":[{\"@type\":\"SearchAction\",\"target\":{\"@type\":\"EntryPoint\",\"urlTemplate\":\"https:\\\/\\\/mont-roig.cat\\\/es\\\/?s={search_term_string}\"},\"query-input\":{\"@type\":\"PropertyValueSpecification\",\"valueRequired\":true,\"valueName\":\"search_term_string\"}}],\"inLanguage\":\"es\"},{\"@type\":\"Person\",\"@id\":\"https:\\\/\\\/mont-roig.cat\\\/es\\\/#\\\/schema\\\/person\\\/f2b111789f22b7d0c3bd6786c9128cba\",\"name\":\"administrador\",\"image\":{\"@type\":\"ImageObject\",\"inLanguage\":\"es\",\"@id\":\"https:\\\/\\\/secure.gravatar.com\\\/avatar\\\/9137aac6891e2595c9d3036fd83bcb653b4db3c946db4c7d9b9be193c3c944bb?s=96&d=mm&r=g\",\"url\":\"https:\\\/\\\/secure.gravatar.com\\\/avatar\\\/9137aac6891e2595c9d3036fd83bcb653b4db3c946db4c7d9b9be193c3c944bb?s=96&d=mm&r=g\",\"contentUrl\":\"https:\\\/\\\/secure.gravatar.com\\\/avatar\\\/9137aac6891e2595c9d3036fd83bcb653b4db3c946db4c7d9b9be193c3c944bb?s=96&d=mm&r=g\",\"caption\":\"administrador\"},\"url\":\"https:\\\/\\\/mont-roig.cat\\\/es\\\/actualitat\\\/noticies\\\/author\\\/administrador\\\/\"}]}<\/script>\n<!-- \/ Yoast SEO plugin. -->","yoast_head_json":{"title":"Evoluci\u00f3n de las obras de la plaza de Miramar - Ajuntament de Mont-roig del Camp","robots":{"index":"index","follow":"follow","max-snippet":"max-snippet:-1","max-image-preview":"max-image-preview:large","max-video-preview":"max-video-preview:-1"},"canonical":"https:\/\/mont-roig.cat\/es\/actualitat\/noticies\/evolucion-de-las-obras-de-la-plaza-de-miramar\/","og_locale":"es_ES","og_type":"article","og_title":"Evoluci\u00f3n de las obras de la plaza de Miramar - Ajuntament de Mont-roig del Camp","og_description":"&nbsp; El Ayuntamiento de Mont-roig del Camp informa de las novedades en relaci\u00f3n con la obra de renovaci\u00f3n de la plaza de Miramar de Mont-roig. Una vez efectuadas conexiones provisionales del servicio de agua, y para poder continuar con la instalaci\u00f3n del colector de aguas residuales, a partir de este lunes se ampl\u00edan las restricciones [&hellip;]","og_url":"https:\/\/mont-roig.cat\/es\/actualitat\/noticies\/evolucion-de-las-obras-de-la-plaza-de-miramar\/","og_site_name":"Ajuntament de Mont-roig del Camp","article_published_time":"2019-10-21T13:28:46+00:00","og_image":[{"width":966,"height":639,"url":"https:\/\/mont-roig.cat\/wp-content\/uploads\/Arbre-pla\u00e7a-Miramar.jpg","type":"image\/jpeg"}],"author":"administrador","twitter_card":"summary_large_image","twitter_misc":{"Escrito por":"administrador","Tiempo de lectura":"1 minuto"},"schema":{"@context":"https:\/\/schema.org","@graph":[{"@type":"Article","@id":"https:\/\/mont-roig.cat\/es\/actualitat\/noticies\/evolucion-de-las-obras-de-la-plaza-de-miramar\/#article","isPartOf":{"@id":"https:\/\/mont-roig.cat\/es\/actualitat\/noticies\/evolucion-de-las-obras-de-la-plaza-de-miramar\/"},"author":{"name":"administrador","@id":"https:\/\/mont-roig.cat\/es\/#\/schema\/person\/f2b111789f22b7d0c3bd6786c9128cba"},"headline":"Evoluci\u00f3n de las obras de la plaza de Miramar","datePublished":"2019-10-21T13:28:46+00:00","mainEntityOfPage":{"@id":"https:\/\/mont-roig.cat\/es\/actualitat\/noticies\/evolucion-de-las-obras-de-la-plaza-de-miramar\/"},"wordCount":268,"image":{"@id":"https:\/\/mont-roig.cat\/es\/actualitat\/noticies\/evolucion-de-las-obras-de-la-plaza-de-miramar\/#primaryimage"},"thumbnailUrl":"https:\/\/mont-roig.cat\/wp-content\/uploads\/Arbre-pla\u00e7a-Miramar.jpg","articleSection":["Urbanismo y obras"],"inLanguage":"es"},{"@type":"WebPage","@id":"https:\/\/mont-roig.cat\/es\/actualitat\/noticies\/evolucion-de-las-obras-de-la-plaza-de-miramar\/","url":"https:\/\/mont-roig.cat\/es\/actualitat\/noticies\/evolucion-de-las-obras-de-la-plaza-de-miramar\/","name":"Evoluci\u00f3n de las obras de la plaza de Miramar - Ajuntament de Mont-roig del Camp","isPartOf":{"@id":"https:\/\/mont-roig.cat\/es\/#website"},"primaryImageOfPage":{"@id":"https:\/\/mont-roig.cat\/es\/actualitat\/noticies\/evolucion-de-las-obras-de-la-plaza-de-miramar\/#primaryimage"},"image":{"@id":"https:\/\/mont-roig.cat\/es\/actualitat\/noticies\/evolucion-de-las-obras-de-la-plaza-de-miramar\/#primaryimage"},"thumbnailUrl":"https:\/\/mont-roig.cat\/wp-content\/uploads\/Arbre-pla\u00e7a-Miramar.jpg","datePublished":"2019-10-21T13:28:46+00:00","author":{"@id":"https:\/\/mont-roig.cat\/es\/#\/schema\/person\/f2b111789f22b7d0c3bd6786c9128cba"},"breadcrumb":{"@id":"https:\/\/mont-roig.cat\/es\/actualitat\/noticies\/evolucion-de-las-obras-de-la-plaza-de-miramar\/#breadcrumb"},"inLanguage":"es","potentialAction":[{"@type":"ReadAction","target":["https:\/\/mont-roig.cat\/es\/actualitat\/noticies\/evolucion-de-las-obras-de-la-plaza-de-miramar\/"]}]},{"@type":"ImageObject","inLanguage":"es","@id":"https:\/\/mont-roig.cat\/es\/actualitat\/noticies\/evolucion-de-las-obras-de-la-plaza-de-miramar\/#primaryimage","url":"https:\/\/mont-roig.cat\/wp-content\/uploads\/Arbre-pla\u00e7a-Miramar.jpg","contentUrl":"https:\/\/mont-roig.cat\/wp-content\/uploads\/Arbre-pla\u00e7a-Miramar.jpg","width":966,"height":639},{"@type":"BreadcrumbList","@id":"https:\/\/mont-roig.cat\/es\/actualitat\/noticies\/evolucion-de-las-obras-de-la-plaza-de-miramar\/#breadcrumb","itemListElement":[{"@type":"ListItem","position":1,"name":"Inici","item":"https:\/\/mont-roig.cat\/es\/pagina-de-inicio\/"},{"@type":"ListItem","position":2,"name":"Evoluci\u00f3n de las obras de la plaza de Miramar"}]},{"@type":"WebSite","@id":"https:\/\/mont-roig.cat\/es\/#website","url":"https:\/\/mont-roig.cat\/es\/","name":"Ajuntament de Mont-roig del Camp","description":"Tota la informaci\u00f3 sobre la instituci\u00f3, els seus \u00f2rgans de govern, actualitat, serveis i molt m\u00e9s.","potentialAction":[{"@type":"SearchAction","target":{"@type":"EntryPoint","urlTemplate":"https:\/\/mont-roig.cat\/es\/?s={search_term_string}"},"query-input":{"@type":"PropertyValueSpecification","valueRequired":true,"valueName":"search_term_string"}}],"inLanguage":"es"},{"@type":"Person","@id":"https:\/\/mont-roig.cat\/es\/#\/schema\/person\/f2b111789f22b7d0c3bd6786c9128cba","name":"administrador","image":{"@type":"ImageObject","inLanguage":"es","@id":"https:\/\/secure.gravatar.com\/avatar\/9137aac6891e2595c9d3036fd83bcb653b4db3c946db4c7d9b9be193c3c944bb?s=96&d=mm&r=g","url":"https:\/\/secure.gravatar.com\/avatar\/9137aac6891e2595c9d3036fd83bcb653b4db3c946db4c7d9b9be193c3c944bb?s=96&d=mm&r=g","contentUrl":"https:\/\/secure.gravatar.com\/avatar\/9137aac6891e2595c9d3036fd83bcb653b4db3c946db4c7d9b9be193c3c944bb?s=96&d=mm&r=g","caption":"administrador"},"url":"https:\/\/mont-roig.cat\/es\/actualitat\/noticies\/author\/administrador\/"}]}},"_links":{"self":[{"href":"https:\/\/mont-roig.cat\/es\/wp-json\/wp\/v2\/posts\/39815","targetHints":{"allow":["GET"]}}],"collection":[{"href":"https:\/\/mont-roig.cat\/es\/wp-json\/wp\/v2\/posts"}],"about":[{"href":"https:\/\/mont-roig.cat\/es\/wp-json\/wp\/v2\/types\/post"}],"author":[{"embeddable":true,"href":"https:\/\/mont-roig.cat\/es\/wp-json\/wp\/v2\/users\/4"}],"replies":[{"embeddable":true,"href":"https:\/\/mont-roig.cat\/es\/wp-json\/wp\/v2\/comments?post=39815"}],"version-history":[{"count":2,"href":"https:\/\/mont-roig.cat\/es\/wp-json\/wp\/v2\/posts\/39815\/revisions"}],"predecessor-version":[{"id":39817,"href":"https:\/\/mont-roig.cat\/es\/wp-json\/wp\/v2\/posts\/39815\/revisions\/39817"}],"wp:featuredmedia":[{"embeddable":true,"href":"https:\/\/mont-roig.cat\/es\/wp-json\/wp\/v2\/media\/39802"}],"wp:attachment":[{"href":"https:\/\/mont-roig.cat\/es\/wp-json\/wp\/v2\/media?parent=39815"}],"wp:term":[{"taxonomy":"category","embeddable":true,"href":"https:\/\/mont-roig.cat\/es\/wp-json\/wp\/v2\/categories?post=39815"},{"taxonomy":"post_tag","embeddable":true,"href":"https:\/\/mont-roig.cat\/es\/wp-json\/wp\/v2\/tags?post=39815"}],"curies":[{"name":"wp","href":"https:\/\/api.w.org\/{rel}","templated":true}]}}