{"id":40185,"date":"2019-11-06T12:08:01","date_gmt":"2019-11-06T11:08:01","guid":{"rendered":"https:\/\/mont-roig.cat\/actualitat\/noticies\/espectacles-teatrals-musica-tallers-i-xerrades-centraran-el-programa-dones-i-salut-durant-el-mes-de-novembre\/"},"modified":"2019-11-06T13:30:58","modified_gmt":"2019-11-06T12:30:58","slug":"espectacles-teatrals-musica-tallers-i-xerrades-centraran-el-programa-dones-i-salut-durant-el-mes-de-novembre","status":"publish","type":"post","link":"https:\/\/mont-roig.cat\/es\/actualitat\/noticies\/espectacles-teatrals-musica-tallers-i-xerrades-centraran-el-programa-dones-i-salut-durant-el-mes-de-novembre\/","title":{"rendered":"Espect\u00e1culos teatrales, m\u00fasica, talleres y charlas centrar\u00e1n el programa Mujeres y Salud durante el mes de noviembre"},"content":{"rendered":"<ul>\n<li style=\"text-align: justify;\"><strong><a href=\"https:\/\/mont-roig.cat\/wp-content\/uploads\/dones-i-salut-retall.jpg\"><img loading=\"lazy\" decoding=\"async\" class=\"alignright wp-image-40182\" src=\"https:\/\/mont-roig.cat\/wp-content\/uploads\/dones-i-salut-retall.jpg\" alt=\"\" width=\"309\" height=\"147\" srcset=\"https:\/\/mont-roig.cat\/wp-content\/uploads\/dones-i-salut-retall.jpg 1251w, https:\/\/mont-roig.cat\/wp-content\/uploads\/dones-i-salut-retall-500x238.jpg 500w, https:\/\/mont-roig.cat\/wp-content\/uploads\/dones-i-salut-retall-768x366.jpg 768w, https:\/\/mont-roig.cat\/wp-content\/uploads\/dones-i-salut-retall-1024x488.jpg 1024w\" sizes=\"auto, (max-width: 309px) 100vw, 309px\" \/><\/a>Del 12 al 28 de noviembre se llevar\u00e1n a cabo en el municipio diferentes actividades relacionadas con la salud de las mujeres, con actos destinados a adultas, j\u00f3venes y ni\u00f1as.<\/strong><\/li>\n<\/ul>\n<p style=\"text-align: justify;\">El programa Mujeres y Salud, que impulsa la Concejal\u00eda de Cultura, Pol\u00edticas de Igualdad y de las Mujeres del Ayuntamiento de Mont-roig del Camp, ofrecer\u00e1 del 12 al 28 de noviembre una docena de actos (talleres, conciertos, teatro y conferencias) con el objetivo de mejorar la salud de las mujeres del municipio, con actividades dirigidas de forma espec\u00edfica por segmentos de edad.<\/p>\n<p style=\"text-align: justify;\">La primera de estas actividades se realizar\u00e1 el d\u00eda 12 de noviembre en el Centro Polivalente de Miami Platja, con la presentaci\u00f3n de la nueva entidad de mujeres de Miami Platja, llamada \u201cEl Jard\u00edn Violeta\u201d, en un acto que contar\u00e1 con la cantante Mar\u00eda Jacobs como invitada especial.<\/p>\n<p style=\"text-align: justify;\">Posteriormente tendr\u00e1n lugar varios espect\u00e1culos, como por ejemplo funciones teatrales y mon\u00f3logos, que se alargaran hasta el d\u00eda 28 de noviembre y pondr\u00e1n la nota humor\u00edstica al Programa de Mujeres y Salud de este a\u00f1o. En concreto, los d\u00edas 13 y 20 de noviembre la compa\u00f1\u00eda La Boia Teatre realizar\u00e1 en las bibliotecas municipales el espect\u00e1culo infantil \u201cLa veritat de les princeses\u201d; el d\u00eda 16 de noviembre en el Centro Polivalente de Miami Platja est\u00e1 programado el mon\u00f3logo para p\u00fablico adulto \u201cAi cony!\u201d, a cargo de la compa\u00f1\u00eda Teatre de Maleta, que pretende dar voz a las emociones e inquietudes de las mujeres del siglo XXI; y el d\u00eda 24 de noviembre el espect\u00e1culo \u201cLa princesa en texans\u201d, de la compa\u00f1\u00eda Sgratta, llegar\u00e1 al Centre Cultural Esgl\u00e9sia Vella.<\/p>\n<p style=\"text-align: justify;\">El domingo 17 de noviembre llegar\u00e1 tambi\u00e9n al Centre Cultural Esgl\u00e9sia Vella de Mont-roig el concierto \u201cDona Respira M\u00fasica\u201d, con el dueto CoverH, i el taller \u201cRemeis naturals de tardor\u201d, a cargo de la Silvestrina, que nos ense\u00f1ar\u00e1 c\u00f3mo utilizar las plantas de oto\u00f1o para elaborar remedios naturales. El d\u00eda 25 de noviembre Gustavo Polistena y Raquel Duque impartir\u00e1n dos talleres de defensa personal para mujeres en el Centro Polivalente de Miami Platja y en el Casal de Joves K1 de Mont-roig, respectivamente.<\/p>\n<p style=\"text-align: justify;\">Finalmente, se har\u00e1n dos charlas sobre ciclo menstrual a cargo de Fanny Ulldemolins, con el objetivo de acabar con los tab\u00fas relacionados con esta cuesti\u00f3n, y se leer\u00e1 el Manifiesto para la eliminaci\u00f3n de la violencia hacia las mujeres, el lunes 25 de noviembre a las doce del mediod\u00eda delante de las oficinas municipales de Miami Platja, y una hora m\u00e1s tarde delante de las oficinas municipales de Mont-roig.<\/p>\n<p>&nbsp;<\/p>\n<p>Descarga el programa de Dones i Salut 2019:<\/p>\n<p><a href=\"https:\/\/mont-roig.cat\/wp-content\/uploads\/triptic_Dones_Salut_2019_WEB.pdf\">Programa Dones i Salut 2019<\/a><\/p>\n","protected":false},"excerpt":{"rendered":"<p>Del 12 al 28 de noviembre se llevar\u00e1n a cabo en el municipio diferentes actividades relacionadas con la salud de las mujeres, con actos destinados a adultas, j\u00f3venes y ni\u00f1as. El programa Mujeres y Salud, que impulsa la Concejal\u00eda de Cultura, Pol\u00edticas de Igualdad y de las Mujeres del Ayuntamiento de Mont-roig del Camp, ofrecer\u00e1 [&hellip;]<\/p>\n","protected":false},"author":4,"featured_media":40182,"comment_status":"closed","ping_status":"closed","sticky":false,"template":"","format":"standard","meta":{"inline_featured_image":false,"_monsterinsights_skip_tracking":false,"_monsterinsights_sitenote_active":false,"_monsterinsights_sitenote_note":"","_monsterinsights_sitenote_category":0,"footnotes":""},"categories":[98,101],"tags":[],"class_list":["post-40185","post","type-post","status-publish","format-standard","has-post-thumbnail","hentry","category-ayuntamiento","category-cultura-es"],"yoast_head":"<!-- This site is optimized with the Yoast SEO plugin v27.4 - https:\/\/yoast.com\/product\/yoast-seo-wordpress\/ -->\n<title>Espect\u00e1culos teatrales, m\u00fasica, talleres y charlas centrar\u00e1n el programa Mujeres y Salud durante el mes de noviembre - Ajuntament de Mont-roig del Camp<\/title>\n<meta name=\"robots\" content=\"index, follow, max-snippet:-1, max-image-preview:large, max-video-preview:-1\" \/>\n<link rel=\"canonical\" href=\"https:\/\/mont-roig.cat\/es\/actualitat\/noticies\/espectacles-teatrals-musica-tallers-i-xerrades-centraran-el-programa-dones-i-salut-durant-el-mes-de-novembre\/\" \/>\n<meta property=\"og:locale\" content=\"es_ES\" \/>\n<meta property=\"og:type\" content=\"article\" \/>\n<meta property=\"og:title\" content=\"Espect\u00e1culos teatrales, m\u00fasica, talleres y charlas centrar\u00e1n el programa Mujeres y Salud durante el mes de noviembre - Ajuntament de Mont-roig del Camp\" \/>\n<meta property=\"og:description\" content=\"Del 12 al 28 de noviembre se llevar\u00e1n a cabo en el municipio diferentes actividades relacionadas con la salud de las mujeres, con actos destinados a adultas, j\u00f3venes y ni\u00f1as. El programa Mujeres y Salud, que impulsa la Concejal\u00eda de Cultura, Pol\u00edticas de Igualdad y de las Mujeres del Ayuntamiento de Mont-roig del Camp, ofrecer\u00e1 [&hellip;]\" \/>\n<meta property=\"og:url\" content=\"https:\/\/mont-roig.cat\/es\/actualitat\/noticies\/espectacles-teatrals-musica-tallers-i-xerrades-centraran-el-programa-dones-i-salut-durant-el-mes-de-novembre\/\" \/>\n<meta property=\"og:site_name\" content=\"Ajuntament de Mont-roig del Camp\" \/>\n<meta property=\"article:published_time\" content=\"2019-11-06T11:08:01+00:00\" \/>\n<meta property=\"article:modified_time\" content=\"2019-11-06T12:30:58+00:00\" \/>\n<meta property=\"og:image\" content=\"https:\/\/mont-roig.cat\/wp-content\/uploads\/dones-i-salut-retall.jpg\" \/>\n\t<meta property=\"og:image:width\" content=\"1251\" \/>\n\t<meta property=\"og:image:height\" content=\"596\" \/>\n\t<meta property=\"og:image:type\" content=\"image\/jpeg\" \/>\n<meta name=\"author\" content=\"administrador\" \/>\n<meta name=\"twitter:card\" content=\"summary_large_image\" \/>\n<meta name=\"twitter:label1\" content=\"Escrito por\" \/>\n\t<meta name=\"twitter:data1\" content=\"administrador\" \/>\n\t<meta name=\"twitter:label2\" content=\"Tiempo de lectura\" \/>\n\t<meta name=\"twitter:data2\" content=\"2 minutos\" \/>\n<script type=\"application\/ld+json\" class=\"yoast-schema-graph\">{\"@context\":\"https:\\\/\\\/schema.org\",\"@graph\":[{\"@type\":\"Article\",\"@id\":\"https:\\\/\\\/mont-roig.cat\\\/es\\\/actualitat\\\/noticies\\\/espectacles-teatrals-musica-tallers-i-xerrades-centraran-el-programa-dones-i-salut-durant-el-mes-de-novembre\\\/#article\",\"isPartOf\":{\"@id\":\"https:\\\/\\\/mont-roig.cat\\\/es\\\/actualitat\\\/noticies\\\/espectacles-teatrals-musica-tallers-i-xerrades-centraran-el-programa-dones-i-salut-durant-el-mes-de-novembre\\\/\"},\"author\":{\"name\":\"administrador\",\"@id\":\"https:\\\/\\\/mont-roig.cat\\\/es\\\/#\\\/schema\\\/person\\\/f2b111789f22b7d0c3bd6786c9128cba\"},\"headline\":\"Espect\u00e1culos teatrales, m\u00fasica, talleres y charlas centrar\u00e1n el programa Mujeres y Salud durante el mes de noviembre\",\"datePublished\":\"2019-11-06T11:08:01+00:00\",\"dateModified\":\"2019-11-06T12:30:58+00:00\",\"mainEntityOfPage\":{\"@id\":\"https:\\\/\\\/mont-roig.cat\\\/es\\\/actualitat\\\/noticies\\\/espectacles-teatrals-musica-tallers-i-xerrades-centraran-el-programa-dones-i-salut-durant-el-mes-de-novembre\\\/\"},\"wordCount\":481,\"image\":{\"@id\":\"https:\\\/\\\/mont-roig.cat\\\/es\\\/actualitat\\\/noticies\\\/espectacles-teatrals-musica-tallers-i-xerrades-centraran-el-programa-dones-i-salut-durant-el-mes-de-novembre\\\/#primaryimage\"},\"thumbnailUrl\":\"https:\\\/\\\/mont-roig.cat\\\/wp-content\\\/uploads\\\/dones-i-salut-retall.jpg\",\"articleSection\":[\"Ayuntamiento\",\"Cultura\"],\"inLanguage\":\"es\"},{\"@type\":\"WebPage\",\"@id\":\"https:\\\/\\\/mont-roig.cat\\\/es\\\/actualitat\\\/noticies\\\/espectacles-teatrals-musica-tallers-i-xerrades-centraran-el-programa-dones-i-salut-durant-el-mes-de-novembre\\\/\",\"url\":\"https:\\\/\\\/mont-roig.cat\\\/es\\\/actualitat\\\/noticies\\\/espectacles-teatrals-musica-tallers-i-xerrades-centraran-el-programa-dones-i-salut-durant-el-mes-de-novembre\\\/\",\"name\":\"Espect\u00e1culos teatrales, m\u00fasica, talleres y charlas centrar\u00e1n el programa Mujeres y Salud durante el mes de noviembre - Ajuntament de Mont-roig del Camp\",\"isPartOf\":{\"@id\":\"https:\\\/\\\/mont-roig.cat\\\/es\\\/#website\"},\"primaryImageOfPage\":{\"@id\":\"https:\\\/\\\/mont-roig.cat\\\/es\\\/actualitat\\\/noticies\\\/espectacles-teatrals-musica-tallers-i-xerrades-centraran-el-programa-dones-i-salut-durant-el-mes-de-novembre\\\/#primaryimage\"},\"image\":{\"@id\":\"https:\\\/\\\/mont-roig.cat\\\/es\\\/actualitat\\\/noticies\\\/espectacles-teatrals-musica-tallers-i-xerrades-centraran-el-programa-dones-i-salut-durant-el-mes-de-novembre\\\/#primaryimage\"},\"thumbnailUrl\":\"https:\\\/\\\/mont-roig.cat\\\/wp-content\\\/uploads\\\/dones-i-salut-retall.jpg\",\"datePublished\":\"2019-11-06T11:08:01+00:00\",\"dateModified\":\"2019-11-06T12:30:58+00:00\",\"author\":{\"@id\":\"https:\\\/\\\/mont-roig.cat\\\/es\\\/#\\\/schema\\\/person\\\/f2b111789f22b7d0c3bd6786c9128cba\"},\"breadcrumb\":{\"@id\":\"https:\\\/\\\/mont-roig.cat\\\/es\\\/actualitat\\\/noticies\\\/espectacles-teatrals-musica-tallers-i-xerrades-centraran-el-programa-dones-i-salut-durant-el-mes-de-novembre\\\/#breadcrumb\"},\"inLanguage\":\"es\",\"potentialAction\":[{\"@type\":\"ReadAction\",\"target\":[\"https:\\\/\\\/mont-roig.cat\\\/es\\\/actualitat\\\/noticies\\\/espectacles-teatrals-musica-tallers-i-xerrades-centraran-el-programa-dones-i-salut-durant-el-mes-de-novembre\\\/\"]}]},{\"@type\":\"ImageObject\",\"inLanguage\":\"es\",\"@id\":\"https:\\\/\\\/mont-roig.cat\\\/es\\\/actualitat\\\/noticies\\\/espectacles-teatrals-musica-tallers-i-xerrades-centraran-el-programa-dones-i-salut-durant-el-mes-de-novembre\\\/#primaryimage\",\"url\":\"https:\\\/\\\/mont-roig.cat\\\/wp-content\\\/uploads\\\/dones-i-salut-retall.jpg\",\"contentUrl\":\"https:\\\/\\\/mont-roig.cat\\\/wp-content\\\/uploads\\\/dones-i-salut-retall.jpg\",\"width\":1251,\"height\":596},{\"@type\":\"BreadcrumbList\",\"@id\":\"https:\\\/\\\/mont-roig.cat\\\/es\\\/actualitat\\\/noticies\\\/espectacles-teatrals-musica-tallers-i-xerrades-centraran-el-programa-dones-i-salut-durant-el-mes-de-novembre\\\/#breadcrumb\",\"itemListElement\":[{\"@type\":\"ListItem\",\"position\":1,\"name\":\"Inici\",\"item\":\"https:\\\/\\\/mont-roig.cat\\\/es\\\/pagina-de-inicio\\\/\"},{\"@type\":\"ListItem\",\"position\":2,\"name\":\"Espect\u00e1culos teatrales, m\u00fasica, talleres y charlas centrar\u00e1n el programa Mujeres y Salud durante el mes de noviembre\"}]},{\"@type\":\"WebSite\",\"@id\":\"https:\\\/\\\/mont-roig.cat\\\/es\\\/#website\",\"url\":\"https:\\\/\\\/mont-roig.cat\\\/es\\\/\",\"name\":\"Ajuntament de Mont-roig del Camp\",\"description\":\"Tota la informaci\u00f3 sobre la instituci\u00f3, els seus \u00f2rgans de govern, actualitat, serveis i molt m\u00e9s.\",\"potentialAction\":[{\"@type\":\"SearchAction\",\"target\":{\"@type\":\"EntryPoint\",\"urlTemplate\":\"https:\\\/\\\/mont-roig.cat\\\/es\\\/?s={search_term_string}\"},\"query-input\":{\"@type\":\"PropertyValueSpecification\",\"valueRequired\":true,\"valueName\":\"search_term_string\"}}],\"inLanguage\":\"es\"},{\"@type\":\"Person\",\"@id\":\"https:\\\/\\\/mont-roig.cat\\\/es\\\/#\\\/schema\\\/person\\\/f2b111789f22b7d0c3bd6786c9128cba\",\"name\":\"administrador\",\"image\":{\"@type\":\"ImageObject\",\"inLanguage\":\"es\",\"@id\":\"https:\\\/\\\/secure.gravatar.com\\\/avatar\\\/9137aac6891e2595c9d3036fd83bcb653b4db3c946db4c7d9b9be193c3c944bb?s=96&d=mm&r=g\",\"url\":\"https:\\\/\\\/secure.gravatar.com\\\/avatar\\\/9137aac6891e2595c9d3036fd83bcb653b4db3c946db4c7d9b9be193c3c944bb?s=96&d=mm&r=g\",\"contentUrl\":\"https:\\\/\\\/secure.gravatar.com\\\/avatar\\\/9137aac6891e2595c9d3036fd83bcb653b4db3c946db4c7d9b9be193c3c944bb?s=96&d=mm&r=g\",\"caption\":\"administrador\"},\"url\":\"https:\\\/\\\/mont-roig.cat\\\/es\\\/actualitat\\\/noticies\\\/author\\\/administrador\\\/\"}]}<\/script>\n<!-- \/ Yoast SEO plugin. -->","yoast_head_json":{"title":"Espect\u00e1culos teatrales, m\u00fasica, talleres y charlas centrar\u00e1n el programa Mujeres y Salud durante el mes de noviembre - Ajuntament de Mont-roig del Camp","robots":{"index":"index","follow":"follow","max-snippet":"max-snippet:-1","max-image-preview":"max-image-preview:large","max-video-preview":"max-video-preview:-1"},"canonical":"https:\/\/mont-roig.cat\/es\/actualitat\/noticies\/espectacles-teatrals-musica-tallers-i-xerrades-centraran-el-programa-dones-i-salut-durant-el-mes-de-novembre\/","og_locale":"es_ES","og_type":"article","og_title":"Espect\u00e1culos teatrales, m\u00fasica, talleres y charlas centrar\u00e1n el programa Mujeres y Salud durante el mes de noviembre - Ajuntament de Mont-roig del Camp","og_description":"Del 12 al 28 de noviembre se llevar\u00e1n a cabo en el municipio diferentes actividades relacionadas con la salud de las mujeres, con actos destinados a adultas, j\u00f3venes y ni\u00f1as. El programa Mujeres y Salud, que impulsa la Concejal\u00eda de Cultura, Pol\u00edticas de Igualdad y de las Mujeres del Ayuntamiento de Mont-roig del Camp, ofrecer\u00e1 [&hellip;]","og_url":"https:\/\/mont-roig.cat\/es\/actualitat\/noticies\/espectacles-teatrals-musica-tallers-i-xerrades-centraran-el-programa-dones-i-salut-durant-el-mes-de-novembre\/","og_site_name":"Ajuntament de Mont-roig del Camp","article_published_time":"2019-11-06T11:08:01+00:00","article_modified_time":"2019-11-06T12:30:58+00:00","og_image":[{"width":1251,"height":596,"url":"https:\/\/mont-roig.cat\/wp-content\/uploads\/dones-i-salut-retall.jpg","type":"image\/jpeg"}],"author":"administrador","twitter_card":"summary_large_image","twitter_misc":{"Escrito por":"administrador","Tiempo de lectura":"2 minutos"},"schema":{"@context":"https:\/\/schema.org","@graph":[{"@type":"Article","@id":"https:\/\/mont-roig.cat\/es\/actualitat\/noticies\/espectacles-teatrals-musica-tallers-i-xerrades-centraran-el-programa-dones-i-salut-durant-el-mes-de-novembre\/#article","isPartOf":{"@id":"https:\/\/mont-roig.cat\/es\/actualitat\/noticies\/espectacles-teatrals-musica-tallers-i-xerrades-centraran-el-programa-dones-i-salut-durant-el-mes-de-novembre\/"},"author":{"name":"administrador","@id":"https:\/\/mont-roig.cat\/es\/#\/schema\/person\/f2b111789f22b7d0c3bd6786c9128cba"},"headline":"Espect\u00e1culos teatrales, m\u00fasica, talleres y charlas centrar\u00e1n el programa Mujeres y Salud durante el mes de noviembre","datePublished":"2019-11-06T11:08:01+00:00","dateModified":"2019-11-06T12:30:58+00:00","mainEntityOfPage":{"@id":"https:\/\/mont-roig.cat\/es\/actualitat\/noticies\/espectacles-teatrals-musica-tallers-i-xerrades-centraran-el-programa-dones-i-salut-durant-el-mes-de-novembre\/"},"wordCount":481,"image":{"@id":"https:\/\/mont-roig.cat\/es\/actualitat\/noticies\/espectacles-teatrals-musica-tallers-i-xerrades-centraran-el-programa-dones-i-salut-durant-el-mes-de-novembre\/#primaryimage"},"thumbnailUrl":"https:\/\/mont-roig.cat\/wp-content\/uploads\/dones-i-salut-retall.jpg","articleSection":["Ayuntamiento","Cultura"],"inLanguage":"es"},{"@type":"WebPage","@id":"https:\/\/mont-roig.cat\/es\/actualitat\/noticies\/espectacles-teatrals-musica-tallers-i-xerrades-centraran-el-programa-dones-i-salut-durant-el-mes-de-novembre\/","url":"https:\/\/mont-roig.cat\/es\/actualitat\/noticies\/espectacles-teatrals-musica-tallers-i-xerrades-centraran-el-programa-dones-i-salut-durant-el-mes-de-novembre\/","name":"Espect\u00e1culos teatrales, m\u00fasica, talleres y charlas centrar\u00e1n el programa Mujeres y Salud durante el mes de noviembre - Ajuntament de Mont-roig del Camp","isPartOf":{"@id":"https:\/\/mont-roig.cat\/es\/#website"},"primaryImageOfPage":{"@id":"https:\/\/mont-roig.cat\/es\/actualitat\/noticies\/espectacles-teatrals-musica-tallers-i-xerrades-centraran-el-programa-dones-i-salut-durant-el-mes-de-novembre\/#primaryimage"},"image":{"@id":"https:\/\/mont-roig.cat\/es\/actualitat\/noticies\/espectacles-teatrals-musica-tallers-i-xerrades-centraran-el-programa-dones-i-salut-durant-el-mes-de-novembre\/#primaryimage"},"thumbnailUrl":"https:\/\/mont-roig.cat\/wp-content\/uploads\/dones-i-salut-retall.jpg","datePublished":"2019-11-06T11:08:01+00:00","dateModified":"2019-11-06T12:30:58+00:00","author":{"@id":"https:\/\/mont-roig.cat\/es\/#\/schema\/person\/f2b111789f22b7d0c3bd6786c9128cba"},"breadcrumb":{"@id":"https:\/\/mont-roig.cat\/es\/actualitat\/noticies\/espectacles-teatrals-musica-tallers-i-xerrades-centraran-el-programa-dones-i-salut-durant-el-mes-de-novembre\/#breadcrumb"},"inLanguage":"es","potentialAction":[{"@type":"ReadAction","target":["https:\/\/mont-roig.cat\/es\/actualitat\/noticies\/espectacles-teatrals-musica-tallers-i-xerrades-centraran-el-programa-dones-i-salut-durant-el-mes-de-novembre\/"]}]},{"@type":"ImageObject","inLanguage":"es","@id":"https:\/\/mont-roig.cat\/es\/actualitat\/noticies\/espectacles-teatrals-musica-tallers-i-xerrades-centraran-el-programa-dones-i-salut-durant-el-mes-de-novembre\/#primaryimage","url":"https:\/\/mont-roig.cat\/wp-content\/uploads\/dones-i-salut-retall.jpg","contentUrl":"https:\/\/mont-roig.cat\/wp-content\/uploads\/dones-i-salut-retall.jpg","width":1251,"height":596},{"@type":"BreadcrumbList","@id":"https:\/\/mont-roig.cat\/es\/actualitat\/noticies\/espectacles-teatrals-musica-tallers-i-xerrades-centraran-el-programa-dones-i-salut-durant-el-mes-de-novembre\/#breadcrumb","itemListElement":[{"@type":"ListItem","position":1,"name":"Inici","item":"https:\/\/mont-roig.cat\/es\/pagina-de-inicio\/"},{"@type":"ListItem","position":2,"name":"Espect\u00e1culos teatrales, m\u00fasica, talleres y charlas centrar\u00e1n el programa Mujeres y Salud durante el mes de noviembre"}]},{"@type":"WebSite","@id":"https:\/\/mont-roig.cat\/es\/#website","url":"https:\/\/mont-roig.cat\/es\/","name":"Ajuntament de Mont-roig del Camp","description":"Tota la informaci\u00f3 sobre la instituci\u00f3, els seus \u00f2rgans de govern, actualitat, serveis i molt m\u00e9s.","potentialAction":[{"@type":"SearchAction","target":{"@type":"EntryPoint","urlTemplate":"https:\/\/mont-roig.cat\/es\/?s={search_term_string}"},"query-input":{"@type":"PropertyValueSpecification","valueRequired":true,"valueName":"search_term_string"}}],"inLanguage":"es"},{"@type":"Person","@id":"https:\/\/mont-roig.cat\/es\/#\/schema\/person\/f2b111789f22b7d0c3bd6786c9128cba","name":"administrador","image":{"@type":"ImageObject","inLanguage":"es","@id":"https:\/\/secure.gravatar.com\/avatar\/9137aac6891e2595c9d3036fd83bcb653b4db3c946db4c7d9b9be193c3c944bb?s=96&d=mm&r=g","url":"https:\/\/secure.gravatar.com\/avatar\/9137aac6891e2595c9d3036fd83bcb653b4db3c946db4c7d9b9be193c3c944bb?s=96&d=mm&r=g","contentUrl":"https:\/\/secure.gravatar.com\/avatar\/9137aac6891e2595c9d3036fd83bcb653b4db3c946db4c7d9b9be193c3c944bb?s=96&d=mm&r=g","caption":"administrador"},"url":"https:\/\/mont-roig.cat\/es\/actualitat\/noticies\/author\/administrador\/"}]}},"_links":{"self":[{"href":"https:\/\/mont-roig.cat\/es\/wp-json\/wp\/v2\/posts\/40185","targetHints":{"allow":["GET"]}}],"collection":[{"href":"https:\/\/mont-roig.cat\/es\/wp-json\/wp\/v2\/posts"}],"about":[{"href":"https:\/\/mont-roig.cat\/es\/wp-json\/wp\/v2\/types\/post"}],"author":[{"embeddable":true,"href":"https:\/\/mont-roig.cat\/es\/wp-json\/wp\/v2\/users\/4"}],"replies":[{"embeddable":true,"href":"https:\/\/mont-roig.cat\/es\/wp-json\/wp\/v2\/comments?post=40185"}],"version-history":[{"count":3,"href":"https:\/\/mont-roig.cat\/es\/wp-json\/wp\/v2\/posts\/40185\/revisions"}],"predecessor-version":[{"id":40196,"href":"https:\/\/mont-roig.cat\/es\/wp-json\/wp\/v2\/posts\/40185\/revisions\/40196"}],"wp:featuredmedia":[{"embeddable":true,"href":"https:\/\/mont-roig.cat\/es\/wp-json\/wp\/v2\/media\/40182"}],"wp:attachment":[{"href":"https:\/\/mont-roig.cat\/es\/wp-json\/wp\/v2\/media?parent=40185"}],"wp:term":[{"taxonomy":"category","embeddable":true,"href":"https:\/\/mont-roig.cat\/es\/wp-json\/wp\/v2\/categories?post=40185"},{"taxonomy":"post_tag","embeddable":true,"href":"https:\/\/mont-roig.cat\/es\/wp-json\/wp\/v2\/tags?post=40185"}],"curies":[{"name":"wp","href":"https:\/\/api.w.org\/{rel}","templated":true}]}}