{"id":40230,"date":"2019-11-08T10:51:21","date_gmt":"2019-11-08T09:51:21","guid":{"rendered":"https:\/\/mont-roig.cat\/actualitat\/noticies\/evolucio-de-les-obres-de-la-placa-miramar\/"},"modified":"2019-11-08T10:57:19","modified_gmt":"2019-11-08T09:57:19","slug":"evolucio-de-les-obres-de-la-placa-miramar","status":"publish","type":"post","link":"https:\/\/mont-roig.cat\/es\/actualitat\/noticies\/evolucio-de-les-obres-de-la-placa-miramar\/","title":{"rendered":"Evoluci\u00f3n de les obras de la Pla\u00e7a Miramar"},"content":{"rendered":"<p><img loading=\"lazy\" decoding=\"async\" class=\"wp-image-40218 alignright\" src=\"https:\/\/mont-roig.cat\/wp-content\/uploads\/obres-m3.jpg\" alt=\"\" width=\"312\" height=\"234\" srcset=\"https:\/\/mont-roig.cat\/wp-content\/uploads\/obres-m3.jpg 1920w, https:\/\/mont-roig.cat\/wp-content\/uploads\/obres-m3-500x375.jpg 500w, https:\/\/mont-roig.cat\/wp-content\/uploads\/obres-m3-768x576.jpg 768w, https:\/\/mont-roig.cat\/wp-content\/uploads\/obres-m3-1024x768.jpg 1024w, https:\/\/mont-roig.cat\/wp-content\/uploads\/obres-m3-463x348.jpg 463w\" sizes=\"auto, (max-width: 312px) 100vw, 312px\" \/><\/p>\n<p>El Ayuntamiento de Mont-roig del Camp informa de las novedades en relaci\u00f3n con la obra de remodelaci\u00f3n de la plaza Miramar de Mont-roig que se est\u00e1 ejecutando desde hace unas semanas.<\/p>\n<ul>\n<li>En estos momentos se est\u00e1n terminando los trabajos de reposici\u00f3n de alcantarillado en la calle del Sol. En los pr\u00f3ximos d\u00edas est\u00e1 previsto que la empresa constructora rehaga los pluviales y la red de agua.<\/li>\n<li>La pr\u00f3xima semana est\u00e1 previsto abrir zanjas en la calle de Riba i Mestre. Estos trabajos replicar\u00e1n los que se est\u00e1n haciendo en la calle del Sol con una previsi\u00f3n de ejecuci\u00f3n de 10 d\u00edas.<\/li>\n<li>En vez acaben los trabajos en las dos calles anteriores (Riba y Mestre y del Sol) se har\u00e1 la demolici\u00f3n de la calle de la Pobla d&#8217;en Taudell, que actualmente contin\u00faa abierto para garantizar la circulaci\u00f3n de veh\u00edculos a trav\u00e9s de la plaza.<\/li>\n<li>La empresa que ejecuta las obras prev\u00e9 que alrededor de las fiestas de Navidad en las calles del \u00e1mbito de la obra se hayan tapado las zanjas y se haya colocado la primera capa de pavimento. Posteriormente, los trabajos consistir\u00e1n en la pavimentaci\u00f3n de la segunda capa y las obras en el centro de la plaza, con los acabados finales de jardiner\u00eda, se\u00f1alizaci\u00f3n y mobiliario urbano.<\/li>\n<\/ul>\n\n\t\t<style type=\"text\/css\">\n\t\t\t#gallery-1 {\n\t\t\t\tmargin: auto;\n\t\t\t}\n\t\t\t#gallery-1 .gallery-item {\n\t\t\t\tfloat: left;\n\t\t\t\tmargin-top: 10px;\n\t\t\t\ttext-align: center;\n\t\t\t\twidth: 50%;\n\t\t\t}\n\t\t\t#gallery-1 img {\n\t\t\t\tborder: 2px solid #cfcfcf;\n\t\t\t}\n\t\t\t#gallery-1 .gallery-caption {\n\t\t\t\tmargin-left: 0;\n\t\t\t}\n\t\t\t\/* see gallery_shortcode() in wp-includes\/media.php *\/\n\t\t<\/style>\n\t\t<div id='gallery-1' class='gallery galleryid-40230 gallery-columns-2 gallery-size-medium'><dl class='gallery-item'>\n\t\t\t<dt class='gallery-icon landscape'>\n\t\t\t\t<a href='https:\/\/mont-roig.cat\/es\/actualitat\/noticies\/evolucio-de-les-obres-de-la-placa-miramar\/obres2-2\/'><img loading=\"lazy\" decoding=\"async\" width=\"500\" height=\"375\" src=\"https:\/\/mont-roig.cat\/wp-content\/uploads\/obres2-500x375.jpg\" class=\"attachment-medium size-medium\" alt=\"\" srcset=\"https:\/\/mont-roig.cat\/wp-content\/uploads\/obres2-500x375.jpg 500w, https:\/\/mont-roig.cat\/wp-content\/uploads\/obres2-768x576.jpg 768w, https:\/\/mont-roig.cat\/wp-content\/uploads\/obres2-1024x768.jpg 1024w, https:\/\/mont-roig.cat\/wp-content\/uploads\/obres2-463x348.jpg 463w\" sizes=\"auto, (max-width: 500px) 100vw, 500px\" \/><\/a>\n\t\t\t<\/dt><\/dl><dl class='gallery-item'>\n\t\t\t<dt class='gallery-icon landscape'>\n\t\t\t\t<a href='https:\/\/mont-roig.cat\/es\/actualitat\/noticies\/evolucio-de-les-obres-de-la-placa-miramar\/obres1-2\/'><img loading=\"lazy\" decoding=\"async\" width=\"500\" height=\"375\" src=\"https:\/\/mont-roig.cat\/wp-content\/uploads\/obres1-500x375.jpg\" class=\"attachment-medium size-medium\" alt=\"\" srcset=\"https:\/\/mont-roig.cat\/wp-content\/uploads\/obres1-500x375.jpg 500w, https:\/\/mont-roig.cat\/wp-content\/uploads\/obres1-768x576.jpg 768w, https:\/\/mont-roig.cat\/wp-content\/uploads\/obres1-1024x768.jpg 1024w, https:\/\/mont-roig.cat\/wp-content\/uploads\/obres1-463x348.jpg 463w\" sizes=\"auto, (max-width: 500px) 100vw, 500px\" \/><\/a>\n\t\t\t<\/dt><\/dl><br style=\"clear: both\" \/><dl class='gallery-item'>\n\t\t\t<dt class='gallery-icon landscape'>\n\t\t\t\t<a href='https:\/\/mont-roig.cat\/es\/actualitat\/noticies\/evolucio-de-les-obres-de-la-placa-miramar\/obres-m3-2\/'><img loading=\"lazy\" decoding=\"async\" width=\"500\" height=\"375\" src=\"https:\/\/mont-roig.cat\/wp-content\/uploads\/obres-m3-500x375.jpg\" class=\"attachment-medium size-medium\" alt=\"\" srcset=\"https:\/\/mont-roig.cat\/wp-content\/uploads\/obres-m3-500x375.jpg 500w, https:\/\/mont-roig.cat\/wp-content\/uploads\/obres-m3-768x576.jpg 768w, https:\/\/mont-roig.cat\/wp-content\/uploads\/obres-m3-1024x768.jpg 1024w, https:\/\/mont-roig.cat\/wp-content\/uploads\/obres-m3-463x348.jpg 463w\" sizes=\"auto, (max-width: 500px) 100vw, 500px\" \/><\/a>\n\t\t\t<\/dt><\/dl>\n\t\t\t<br style='clear: both' \/>\n\t\t<\/div>\n\n<p>&nbsp;<\/p>\n","protected":false},"excerpt":{"rendered":"<p>El Ayuntamiento de Mont-roig del Camp informa de las novedades en relaci\u00f3n con la obra de remodelaci\u00f3n de la plaza Miramar de Mont-roig que se est\u00e1 ejecutando desde hace unas semanas. En estos momentos se est\u00e1n terminando los trabajos de reposici\u00f3n de alcantarillado en la calle del Sol. En los pr\u00f3ximos d\u00edas est\u00e1 previsto que [&hellip;]<\/p>\n","protected":false},"author":4,"featured_media":40219,"comment_status":"closed","ping_status":"closed","sticky":false,"template":"","format":"standard","meta":{"inline_featured_image":false,"_monsterinsights_skip_tracking":false,"_monsterinsights_sitenote_active":false,"_monsterinsights_sitenote_note":"","_monsterinsights_sitenote_category":0,"footnotes":""},"categories":[98,116],"tags":[],"class_list":["post-40230","post","type-post","status-publish","format-standard","has-post-thumbnail","hentry","category-ayuntamiento","category-urbanismo-y-obras"],"yoast_head":"<!-- This site is optimized with the Yoast SEO plugin v27.4 - https:\/\/yoast.com\/product\/yoast-seo-wordpress\/ -->\n<title>Evoluci\u00f3n de les obras de la Pla\u00e7a Miramar - Ajuntament de Mont-roig del Camp<\/title>\n<meta name=\"robots\" content=\"index, follow, max-snippet:-1, max-image-preview:large, max-video-preview:-1\" \/>\n<link rel=\"canonical\" href=\"https:\/\/mont-roig.cat\/es\/actualitat\/noticies\/evolucio-de-les-obres-de-la-placa-miramar\/\" \/>\n<meta property=\"og:locale\" content=\"es_ES\" \/>\n<meta property=\"og:type\" content=\"article\" \/>\n<meta property=\"og:title\" content=\"Evoluci\u00f3n de les obras de la Pla\u00e7a Miramar - Ajuntament de Mont-roig del Camp\" \/>\n<meta property=\"og:description\" content=\"El Ayuntamiento de Mont-roig del Camp informa de las novedades en relaci\u00f3n con la obra de remodelaci\u00f3n de la plaza Miramar de Mont-roig que se est\u00e1 ejecutando desde hace unas semanas. En estos momentos se est\u00e1n terminando los trabajos de reposici\u00f3n de alcantarillado en la calle del Sol. En los pr\u00f3ximos d\u00edas est\u00e1 previsto que [&hellip;]\" \/>\n<meta property=\"og:url\" content=\"https:\/\/mont-roig.cat\/es\/actualitat\/noticies\/evolucio-de-les-obres-de-la-placa-miramar\/\" \/>\n<meta property=\"og:site_name\" content=\"Ajuntament de Mont-roig del Camp\" \/>\n<meta property=\"article:published_time\" content=\"2019-11-08T09:51:21+00:00\" \/>\n<meta property=\"article:modified_time\" content=\"2019-11-08T09:57:19+00:00\" \/>\n<meta property=\"og:image\" content=\"https:\/\/mont-roig.cat\/wp-content\/uploads\/obres-m3.jpg\" \/>\n\t<meta property=\"og:image:width\" content=\"4032\" \/>\n\t<meta property=\"og:image:height\" content=\"3024\" \/>\n\t<meta property=\"og:image:type\" content=\"image\/jpeg\" \/>\n<meta name=\"author\" content=\"administrador\" \/>\n<meta name=\"twitter:card\" content=\"summary_large_image\" \/>\n<meta name=\"twitter:label1\" content=\"Escrito por\" \/>\n\t<meta name=\"twitter:data1\" content=\"administrador\" \/>\n\t<meta name=\"twitter:label2\" content=\"Tiempo de lectura\" \/>\n\t<meta name=\"twitter:data2\" content=\"1 minuto\" \/>\n<script type=\"application\/ld+json\" class=\"yoast-schema-graph\">{\"@context\":\"https:\\\/\\\/schema.org\",\"@graph\":[{\"@type\":\"Article\",\"@id\":\"https:\\\/\\\/mont-roig.cat\\\/es\\\/actualitat\\\/noticies\\\/evolucio-de-les-obres-de-la-placa-miramar\\\/#article\",\"isPartOf\":{\"@id\":\"https:\\\/\\\/mont-roig.cat\\\/es\\\/actualitat\\\/noticies\\\/evolucio-de-les-obres-de-la-placa-miramar\\\/\"},\"author\":{\"name\":\"administrador\",\"@id\":\"https:\\\/\\\/mont-roig.cat\\\/es\\\/#\\\/schema\\\/person\\\/f2b111789f22b7d0c3bd6786c9128cba\"},\"headline\":\"Evoluci\u00f3n de les obras de la Pla\u00e7a Miramar\",\"datePublished\":\"2019-11-08T09:51:21+00:00\",\"dateModified\":\"2019-11-08T09:57:19+00:00\",\"mainEntityOfPage\":{\"@id\":\"https:\\\/\\\/mont-roig.cat\\\/es\\\/actualitat\\\/noticies\\\/evolucio-de-les-obres-de-la-placa-miramar\\\/\"},\"wordCount\":249,\"image\":{\"@id\":\"https:\\\/\\\/mont-roig.cat\\\/es\\\/actualitat\\\/noticies\\\/evolucio-de-les-obres-de-la-placa-miramar\\\/#primaryimage\"},\"thumbnailUrl\":\"https:\\\/\\\/mont-roig.cat\\\/wp-content\\\/uploads\\\/obres-m3.jpg\",\"articleSection\":[\"Ayuntamiento\",\"Urbanismo y obras\"],\"inLanguage\":\"es\"},{\"@type\":\"WebPage\",\"@id\":\"https:\\\/\\\/mont-roig.cat\\\/es\\\/actualitat\\\/noticies\\\/evolucio-de-les-obres-de-la-placa-miramar\\\/\",\"url\":\"https:\\\/\\\/mont-roig.cat\\\/es\\\/actualitat\\\/noticies\\\/evolucio-de-les-obres-de-la-placa-miramar\\\/\",\"name\":\"Evoluci\u00f3n de les obras de la Pla\u00e7a Miramar - Ajuntament de Mont-roig del Camp\",\"isPartOf\":{\"@id\":\"https:\\\/\\\/mont-roig.cat\\\/es\\\/#website\"},\"primaryImageOfPage\":{\"@id\":\"https:\\\/\\\/mont-roig.cat\\\/es\\\/actualitat\\\/noticies\\\/evolucio-de-les-obres-de-la-placa-miramar\\\/#primaryimage\"},\"image\":{\"@id\":\"https:\\\/\\\/mont-roig.cat\\\/es\\\/actualitat\\\/noticies\\\/evolucio-de-les-obres-de-la-placa-miramar\\\/#primaryimage\"},\"thumbnailUrl\":\"https:\\\/\\\/mont-roig.cat\\\/wp-content\\\/uploads\\\/obres-m3.jpg\",\"datePublished\":\"2019-11-08T09:51:21+00:00\",\"dateModified\":\"2019-11-08T09:57:19+00:00\",\"author\":{\"@id\":\"https:\\\/\\\/mont-roig.cat\\\/es\\\/#\\\/schema\\\/person\\\/f2b111789f22b7d0c3bd6786c9128cba\"},\"breadcrumb\":{\"@id\":\"https:\\\/\\\/mont-roig.cat\\\/es\\\/actualitat\\\/noticies\\\/evolucio-de-les-obres-de-la-placa-miramar\\\/#breadcrumb\"},\"inLanguage\":\"es\",\"potentialAction\":[{\"@type\":\"ReadAction\",\"target\":[\"https:\\\/\\\/mont-roig.cat\\\/es\\\/actualitat\\\/noticies\\\/evolucio-de-les-obres-de-la-placa-miramar\\\/\"]}]},{\"@type\":\"ImageObject\",\"inLanguage\":\"es\",\"@id\":\"https:\\\/\\\/mont-roig.cat\\\/es\\\/actualitat\\\/noticies\\\/evolucio-de-les-obres-de-la-placa-miramar\\\/#primaryimage\",\"url\":\"https:\\\/\\\/mont-roig.cat\\\/wp-content\\\/uploads\\\/obres-m3.jpg\",\"contentUrl\":\"https:\\\/\\\/mont-roig.cat\\\/wp-content\\\/uploads\\\/obres-m3.jpg\",\"width\":4032,\"height\":3024},{\"@type\":\"BreadcrumbList\",\"@id\":\"https:\\\/\\\/mont-roig.cat\\\/es\\\/actualitat\\\/noticies\\\/evolucio-de-les-obres-de-la-placa-miramar\\\/#breadcrumb\",\"itemListElement\":[{\"@type\":\"ListItem\",\"position\":1,\"name\":\"Inici\",\"item\":\"https:\\\/\\\/mont-roig.cat\\\/es\\\/pagina-de-inicio\\\/\"},{\"@type\":\"ListItem\",\"position\":2,\"name\":\"Evoluci\u00f3n de les obras de la Pla\u00e7a Miramar\"}]},{\"@type\":\"WebSite\",\"@id\":\"https:\\\/\\\/mont-roig.cat\\\/es\\\/#website\",\"url\":\"https:\\\/\\\/mont-roig.cat\\\/es\\\/\",\"name\":\"Ajuntament de Mont-roig del Camp\",\"description\":\"Tota la informaci\u00f3 sobre la instituci\u00f3, els seus \u00f2rgans de govern, actualitat, serveis i molt m\u00e9s.\",\"potentialAction\":[{\"@type\":\"SearchAction\",\"target\":{\"@type\":\"EntryPoint\",\"urlTemplate\":\"https:\\\/\\\/mont-roig.cat\\\/es\\\/?s={search_term_string}\"},\"query-input\":{\"@type\":\"PropertyValueSpecification\",\"valueRequired\":true,\"valueName\":\"search_term_string\"}}],\"inLanguage\":\"es\"},{\"@type\":\"Person\",\"@id\":\"https:\\\/\\\/mont-roig.cat\\\/es\\\/#\\\/schema\\\/person\\\/f2b111789f22b7d0c3bd6786c9128cba\",\"name\":\"administrador\",\"image\":{\"@type\":\"ImageObject\",\"inLanguage\":\"es\",\"@id\":\"https:\\\/\\\/secure.gravatar.com\\\/avatar\\\/9137aac6891e2595c9d3036fd83bcb653b4db3c946db4c7d9b9be193c3c944bb?s=96&d=mm&r=g\",\"url\":\"https:\\\/\\\/secure.gravatar.com\\\/avatar\\\/9137aac6891e2595c9d3036fd83bcb653b4db3c946db4c7d9b9be193c3c944bb?s=96&d=mm&r=g\",\"contentUrl\":\"https:\\\/\\\/secure.gravatar.com\\\/avatar\\\/9137aac6891e2595c9d3036fd83bcb653b4db3c946db4c7d9b9be193c3c944bb?s=96&d=mm&r=g\",\"caption\":\"administrador\"},\"url\":\"https:\\\/\\\/mont-roig.cat\\\/es\\\/actualitat\\\/noticies\\\/author\\\/administrador\\\/\"}]}<\/script>\n<!-- \/ Yoast SEO plugin. -->","yoast_head_json":{"title":"Evoluci\u00f3n de les obras de la Pla\u00e7a Miramar - Ajuntament de Mont-roig del Camp","robots":{"index":"index","follow":"follow","max-snippet":"max-snippet:-1","max-image-preview":"max-image-preview:large","max-video-preview":"max-video-preview:-1"},"canonical":"https:\/\/mont-roig.cat\/es\/actualitat\/noticies\/evolucio-de-les-obres-de-la-placa-miramar\/","og_locale":"es_ES","og_type":"article","og_title":"Evoluci\u00f3n de les obras de la Pla\u00e7a Miramar - Ajuntament de Mont-roig del Camp","og_description":"El Ayuntamiento de Mont-roig del Camp informa de las novedades en relaci\u00f3n con la obra de remodelaci\u00f3n de la plaza Miramar de Mont-roig que se est\u00e1 ejecutando desde hace unas semanas. En estos momentos se est\u00e1n terminando los trabajos de reposici\u00f3n de alcantarillado en la calle del Sol. En los pr\u00f3ximos d\u00edas est\u00e1 previsto que [&hellip;]","og_url":"https:\/\/mont-roig.cat\/es\/actualitat\/noticies\/evolucio-de-les-obres-de-la-placa-miramar\/","og_site_name":"Ajuntament de Mont-roig del Camp","article_published_time":"2019-11-08T09:51:21+00:00","article_modified_time":"2019-11-08T09:57:19+00:00","og_image":[{"width":4032,"height":3024,"url":"https:\/\/mont-roig.cat\/wp-content\/uploads\/obres-m3.jpg","type":"image\/jpeg"}],"author":"administrador","twitter_card":"summary_large_image","twitter_misc":{"Escrito por":"administrador","Tiempo de lectura":"1 minuto"},"schema":{"@context":"https:\/\/schema.org","@graph":[{"@type":"Article","@id":"https:\/\/mont-roig.cat\/es\/actualitat\/noticies\/evolucio-de-les-obres-de-la-placa-miramar\/#article","isPartOf":{"@id":"https:\/\/mont-roig.cat\/es\/actualitat\/noticies\/evolucio-de-les-obres-de-la-placa-miramar\/"},"author":{"name":"administrador","@id":"https:\/\/mont-roig.cat\/es\/#\/schema\/person\/f2b111789f22b7d0c3bd6786c9128cba"},"headline":"Evoluci\u00f3n de les obras de la Pla\u00e7a Miramar","datePublished":"2019-11-08T09:51:21+00:00","dateModified":"2019-11-08T09:57:19+00:00","mainEntityOfPage":{"@id":"https:\/\/mont-roig.cat\/es\/actualitat\/noticies\/evolucio-de-les-obres-de-la-placa-miramar\/"},"wordCount":249,"image":{"@id":"https:\/\/mont-roig.cat\/es\/actualitat\/noticies\/evolucio-de-les-obres-de-la-placa-miramar\/#primaryimage"},"thumbnailUrl":"https:\/\/mont-roig.cat\/wp-content\/uploads\/obres-m3.jpg","articleSection":["Ayuntamiento","Urbanismo y obras"],"inLanguage":"es"},{"@type":"WebPage","@id":"https:\/\/mont-roig.cat\/es\/actualitat\/noticies\/evolucio-de-les-obres-de-la-placa-miramar\/","url":"https:\/\/mont-roig.cat\/es\/actualitat\/noticies\/evolucio-de-les-obres-de-la-placa-miramar\/","name":"Evoluci\u00f3n de les obras de la Pla\u00e7a Miramar - Ajuntament de Mont-roig del Camp","isPartOf":{"@id":"https:\/\/mont-roig.cat\/es\/#website"},"primaryImageOfPage":{"@id":"https:\/\/mont-roig.cat\/es\/actualitat\/noticies\/evolucio-de-les-obres-de-la-placa-miramar\/#primaryimage"},"image":{"@id":"https:\/\/mont-roig.cat\/es\/actualitat\/noticies\/evolucio-de-les-obres-de-la-placa-miramar\/#primaryimage"},"thumbnailUrl":"https:\/\/mont-roig.cat\/wp-content\/uploads\/obres-m3.jpg","datePublished":"2019-11-08T09:51:21+00:00","dateModified":"2019-11-08T09:57:19+00:00","author":{"@id":"https:\/\/mont-roig.cat\/es\/#\/schema\/person\/f2b111789f22b7d0c3bd6786c9128cba"},"breadcrumb":{"@id":"https:\/\/mont-roig.cat\/es\/actualitat\/noticies\/evolucio-de-les-obres-de-la-placa-miramar\/#breadcrumb"},"inLanguage":"es","potentialAction":[{"@type":"ReadAction","target":["https:\/\/mont-roig.cat\/es\/actualitat\/noticies\/evolucio-de-les-obres-de-la-placa-miramar\/"]}]},{"@type":"ImageObject","inLanguage":"es","@id":"https:\/\/mont-roig.cat\/es\/actualitat\/noticies\/evolucio-de-les-obres-de-la-placa-miramar\/#primaryimage","url":"https:\/\/mont-roig.cat\/wp-content\/uploads\/obres-m3.jpg","contentUrl":"https:\/\/mont-roig.cat\/wp-content\/uploads\/obres-m3.jpg","width":4032,"height":3024},{"@type":"BreadcrumbList","@id":"https:\/\/mont-roig.cat\/es\/actualitat\/noticies\/evolucio-de-les-obres-de-la-placa-miramar\/#breadcrumb","itemListElement":[{"@type":"ListItem","position":1,"name":"Inici","item":"https:\/\/mont-roig.cat\/es\/pagina-de-inicio\/"},{"@type":"ListItem","position":2,"name":"Evoluci\u00f3n de les obras de la Pla\u00e7a Miramar"}]},{"@type":"WebSite","@id":"https:\/\/mont-roig.cat\/es\/#website","url":"https:\/\/mont-roig.cat\/es\/","name":"Ajuntament de Mont-roig del Camp","description":"Tota la informaci\u00f3 sobre la instituci\u00f3, els seus \u00f2rgans de govern, actualitat, serveis i molt m\u00e9s.","potentialAction":[{"@type":"SearchAction","target":{"@type":"EntryPoint","urlTemplate":"https:\/\/mont-roig.cat\/es\/?s={search_term_string}"},"query-input":{"@type":"PropertyValueSpecification","valueRequired":true,"valueName":"search_term_string"}}],"inLanguage":"es"},{"@type":"Person","@id":"https:\/\/mont-roig.cat\/es\/#\/schema\/person\/f2b111789f22b7d0c3bd6786c9128cba","name":"administrador","image":{"@type":"ImageObject","inLanguage":"es","@id":"https:\/\/secure.gravatar.com\/avatar\/9137aac6891e2595c9d3036fd83bcb653b4db3c946db4c7d9b9be193c3c944bb?s=96&d=mm&r=g","url":"https:\/\/secure.gravatar.com\/avatar\/9137aac6891e2595c9d3036fd83bcb653b4db3c946db4c7d9b9be193c3c944bb?s=96&d=mm&r=g","contentUrl":"https:\/\/secure.gravatar.com\/avatar\/9137aac6891e2595c9d3036fd83bcb653b4db3c946db4c7d9b9be193c3c944bb?s=96&d=mm&r=g","caption":"administrador"},"url":"https:\/\/mont-roig.cat\/es\/actualitat\/noticies\/author\/administrador\/"}]}},"_links":{"self":[{"href":"https:\/\/mont-roig.cat\/es\/wp-json\/wp\/v2\/posts\/40230","targetHints":{"allow":["GET"]}}],"collection":[{"href":"https:\/\/mont-roig.cat\/es\/wp-json\/wp\/v2\/posts"}],"about":[{"href":"https:\/\/mont-roig.cat\/es\/wp-json\/wp\/v2\/types\/post"}],"author":[{"embeddable":true,"href":"https:\/\/mont-roig.cat\/es\/wp-json\/wp\/v2\/users\/4"}],"replies":[{"embeddable":true,"href":"https:\/\/mont-roig.cat\/es\/wp-json\/wp\/v2\/comments?post=40230"}],"version-history":[{"count":2,"href":"https:\/\/mont-roig.cat\/es\/wp-json\/wp\/v2\/posts\/40230\/revisions"}],"predecessor-version":[{"id":40232,"href":"https:\/\/mont-roig.cat\/es\/wp-json\/wp\/v2\/posts\/40230\/revisions\/40232"}],"wp:featuredmedia":[{"embeddable":true,"href":"https:\/\/mont-roig.cat\/es\/wp-json\/wp\/v2\/media\/40219"}],"wp:attachment":[{"href":"https:\/\/mont-roig.cat\/es\/wp-json\/wp\/v2\/media?parent=40230"}],"wp:term":[{"taxonomy":"category","embeddable":true,"href":"https:\/\/mont-roig.cat\/es\/wp-json\/wp\/v2\/categories?post=40230"},{"taxonomy":"post_tag","embeddable":true,"href":"https:\/\/mont-roig.cat\/es\/wp-json\/wp\/v2\/tags?post=40230"}],"curies":[{"name":"wp","href":"https:\/\/api.w.org\/{rel}","templated":true}]}}