{"id":40388,"date":"2019-11-18T08:58:49","date_gmt":"2019-11-18T07:58:49","guid":{"rendered":"https:\/\/mont-roig.cat\/actualitat\/noticies\/lajuntament-de-mont-roig-del-camp-se-suma-a-la-programacio-del-festival-de-titelles-guant-per-segon-any-consecutiu\/"},"modified":"2019-11-18T09:02:18","modified_gmt":"2019-11-18T08:02:18","slug":"lajuntament-de-mont-roig-del-camp-se-suma-a-la-programacio-del-festival-de-titelles-guant-per-segon-any-consecutiu","status":"publish","type":"post","link":"https:\/\/mont-roig.cat\/es\/actualitat\/noticies\/lajuntament-de-mont-roig-del-camp-se-suma-a-la-programacio-del-festival-de-titelles-guant-per-segon-any-consecutiu\/","title":{"rendered":"El Ayuntamiento de Mont-roig del Camp se suma a la programaci\u00f3n del Festival de t\u00edteres Guant por segundo a\u00f1o consecutivo"},"content":{"rendered":"<ul>\n<li style=\"text-align: justify;\"><strong><a href=\"https:\/\/mont-roig.cat\/wp-content\/uploads\/La-Rateta-que...-Companyia-B-3-baixa.jpg\"><img loading=\"lazy\" decoding=\"async\" class=\"alignright wp-image-40385\" src=\"https:\/\/mont-roig.cat\/wp-content\/uploads\/La-Rateta-que...-Companyia-B-3-baixa.jpg\" alt=\"\" width=\"319\" height=\"319\" srcset=\"https:\/\/mont-roig.cat\/wp-content\/uploads\/La-Rateta-que...-Companyia-B-3-baixa.jpg 613w, https:\/\/mont-roig.cat\/wp-content\/uploads\/La-Rateta-que...-Companyia-B-3-baixa-50x50.jpg 50w, https:\/\/mont-roig.cat\/wp-content\/uploads\/La-Rateta-que...-Companyia-B-3-baixa-500x500.jpg 500w, https:\/\/mont-roig.cat\/wp-content\/uploads\/La-Rateta-que...-Companyia-B-3-baixa-560x560.jpg 560w, https:\/\/mont-roig.cat\/wp-content\/uploads\/La-Rateta-que...-Companyia-B-3-baixa-367x367.jpg 367w, https:\/\/mont-roig.cat\/wp-content\/uploads\/La-Rateta-que...-Companyia-B-3-baixa-450x450.jpg 450w, https:\/\/mont-roig.cat\/wp-content\/uploads\/La-Rateta-que...-Companyia-B-3-baixa-85x85.jpg 85w, https:\/\/mont-roig.cat\/wp-content\/uploads\/La-Rateta-que...-Companyia-B-3-baixa-45x45.jpg 45w\" sizes=\"auto, (max-width: 319px) 100vw, 319px\" \/><\/a>El Festival llega el s\u00e1bado 23 de noviembre a Miami Platja de la mano de la Companyia B con la obra \u201cLa rateta que\u2026\u201d<\/strong><\/li>\n<\/ul>\n<p style=\"text-align: justify;\">El Teatro del Centro Polivalente de Miami Platja acoger\u00e1 una de las representaciones de la 15\u00aa edici\u00f3n del Festival Guant, el Festival Internacional de T\u00edteres de l\u2019Alt Camp, este s\u00e1bado 23 de noviembre a las 19.00h, con entrada gratuita.<\/p>\n<p style=\"text-align: justify;\">La programaci\u00f3n cultural del Ayuntamiento de Mont-roig del Camp del mes de noviembre llega cargada de nuevas propuestas y colaboraciones con la incorporaci\u00f3n del municipio al Festival Guant, que se celebra principalmente en Valls, pero al que se han sumado otros municipios de la provincia de Tarragona como por ejemplo Mont-roig del Camp, Alcover, el Morell y la Pobla de Mafumet.<\/p>\n<p style=\"text-align: justify;\">En concreto, nuestro municipio acoger\u00e1 la obra \u201cLa rateta que\u2026\u201d de la Companyia B, una versi\u00f3n tierna y divertida del popular cuento \u201cLa rateta que escombrava l\u2019escaleta\u201d, explicada desde la misma merecer\u00eda donde la ratita gast\u00f3 el dinerito que la convirti\u00f3 en comida. La narraci\u00f3n de la historia se apoya en marionetas y m\u00fasica en directo, un espect\u00e1culo cercano que habla de la vanidad desde la modestia. Se trata de una obra orientada a p\u00fablico familiar, recomendada especialmente para ni\u00f1os a partir de 3 a\u00f1os y que fue creada por Pep Boada y Jordi Palet a partir del cuento tradicional.<\/p>\n<p style=\"text-align: justify;\">Con esta incorporaci\u00f3n, queda demostrada la voluntad de sinergias de la Concejal\u00eda de Cultura de Mont-roig del Camp con festivales nacidos en otras poblaciones, con la finalidad de dar m\u00e1s visibilidad a la programaci\u00f3n que se realiza en nuestro municipio, de la misma manera que se ha vinculado con el festival musical Accents.<\/p>\n<p style=\"text-align: justify;\">Para m\u00e1s informaci\u00f3n pod\u00e9is consultar la web oficial del Festival Guant y tambi\u00e9n la agenda de actividades culturales programadas para este mes de noviembre en la web municipal.<\/p>\n<p><a href=\"http:\/\/www.festivalguant.cat\">http:\/\/www.festivalguant.cat<\/a><\/p>\n<p><a href=\"http:\/\/www.mont-roig.cat\/agenda\/\">http:\/\/www.mont-roig.cat\/agenda\/<\/a><\/p>\n","protected":false},"excerpt":{"rendered":"<p>El Festival llega el s\u00e1bado 23 de noviembre a Miami Platja de la mano de la Companyia B con la obra \u201cLa rateta que\u2026\u201d El Teatro del Centro Polivalente de Miami Platja acoger\u00e1 una de las representaciones de la 15\u00aa edici\u00f3n del Festival Guant, el Festival Internacional de T\u00edteres de l\u2019Alt Camp, este s\u00e1bado 23 [&hellip;]<\/p>\n","protected":false},"author":4,"featured_media":40385,"comment_status":"closed","ping_status":"closed","sticky":false,"template":"","format":"standard","meta":{"inline_featured_image":false,"_monsterinsights_skip_tracking":false,"_monsterinsights_sitenote_active":false,"_monsterinsights_sitenote_note":"","_monsterinsights_sitenote_category":0,"footnotes":""},"categories":[98,101],"tags":[],"class_list":["post-40388","post","type-post","status-publish","format-standard","has-post-thumbnail","hentry","category-ayuntamiento","category-cultura-es"],"yoast_head":"<!-- This site is optimized with the Yoast SEO plugin v27.4 - https:\/\/yoast.com\/product\/yoast-seo-wordpress\/ -->\n<title>El Ayuntamiento de Mont-roig del Camp se suma a la programaci\u00f3n del Festival de t\u00edteres Guant por segundo a\u00f1o consecutivo - Ajuntament de Mont-roig del Camp<\/title>\n<meta name=\"robots\" content=\"index, follow, max-snippet:-1, max-image-preview:large, max-video-preview:-1\" \/>\n<link rel=\"canonical\" href=\"https:\/\/mont-roig.cat\/es\/actualitat\/noticies\/lajuntament-de-mont-roig-del-camp-se-suma-a-la-programacio-del-festival-de-titelles-guant-per-segon-any-consecutiu\/\" \/>\n<meta property=\"og:locale\" content=\"es_ES\" \/>\n<meta property=\"og:type\" content=\"article\" \/>\n<meta property=\"og:title\" content=\"El Ayuntamiento de Mont-roig del Camp se suma a la programaci\u00f3n del Festival de t\u00edteres Guant por segundo a\u00f1o consecutivo - Ajuntament de Mont-roig del Camp\" \/>\n<meta property=\"og:description\" content=\"El Festival llega el s\u00e1bado 23 de noviembre a Miami Platja de la mano de la Companyia B con la obra \u201cLa rateta que\u2026\u201d El Teatro del Centro Polivalente de Miami Platja acoger\u00e1 una de las representaciones de la 15\u00aa edici\u00f3n del Festival Guant, el Festival Internacional de T\u00edteres de l\u2019Alt Camp, este s\u00e1bado 23 [&hellip;]\" \/>\n<meta property=\"og:url\" content=\"https:\/\/mont-roig.cat\/es\/actualitat\/noticies\/lajuntament-de-mont-roig-del-camp-se-suma-a-la-programacio-del-festival-de-titelles-guant-per-segon-any-consecutiu\/\" \/>\n<meta property=\"og:site_name\" content=\"Ajuntament de Mont-roig del Camp\" \/>\n<meta property=\"article:published_time\" content=\"2019-11-18T07:58:49+00:00\" \/>\n<meta property=\"article:modified_time\" content=\"2019-11-18T08:02:18+00:00\" \/>\n<meta property=\"og:image\" content=\"https:\/\/mont-roig.cat\/wp-content\/uploads\/La-Rateta-que...-Companyia-B-3-baixa.jpg\" \/>\n\t<meta property=\"og:image:width\" content=\"613\" \/>\n\t<meta property=\"og:image:height\" content=\"613\" \/>\n\t<meta property=\"og:image:type\" content=\"image\/jpeg\" \/>\n<meta name=\"author\" content=\"administrador\" \/>\n<meta name=\"twitter:card\" content=\"summary_large_image\" \/>\n<meta name=\"twitter:label1\" content=\"Escrito por\" \/>\n\t<meta name=\"twitter:data1\" content=\"administrador\" \/>\n\t<meta name=\"twitter:label2\" content=\"Tiempo de lectura\" \/>\n\t<meta name=\"twitter:data2\" content=\"2 minutos\" \/>\n<script type=\"application\/ld+json\" class=\"yoast-schema-graph\">{\"@context\":\"https:\\\/\\\/schema.org\",\"@graph\":[{\"@type\":\"Article\",\"@id\":\"https:\\\/\\\/mont-roig.cat\\\/es\\\/actualitat\\\/noticies\\\/lajuntament-de-mont-roig-del-camp-se-suma-a-la-programacio-del-festival-de-titelles-guant-per-segon-any-consecutiu\\\/#article\",\"isPartOf\":{\"@id\":\"https:\\\/\\\/mont-roig.cat\\\/es\\\/actualitat\\\/noticies\\\/lajuntament-de-mont-roig-del-camp-se-suma-a-la-programacio-del-festival-de-titelles-guant-per-segon-any-consecutiu\\\/\"},\"author\":{\"name\":\"administrador\",\"@id\":\"https:\\\/\\\/mont-roig.cat\\\/es\\\/#\\\/schema\\\/person\\\/f2b111789f22b7d0c3bd6786c9128cba\"},\"headline\":\"El Ayuntamiento de Mont-roig del Camp se suma a la programaci\u00f3n del Festival de t\u00edteres Guant por segundo a\u00f1o consecutivo\",\"datePublished\":\"2019-11-18T07:58:49+00:00\",\"dateModified\":\"2019-11-18T08:02:18+00:00\",\"mainEntityOfPage\":{\"@id\":\"https:\\\/\\\/mont-roig.cat\\\/es\\\/actualitat\\\/noticies\\\/lajuntament-de-mont-roig-del-camp-se-suma-a-la-programacio-del-festival-de-titelles-guant-per-segon-any-consecutiu\\\/\"},\"wordCount\":357,\"image\":{\"@id\":\"https:\\\/\\\/mont-roig.cat\\\/es\\\/actualitat\\\/noticies\\\/lajuntament-de-mont-roig-del-camp-se-suma-a-la-programacio-del-festival-de-titelles-guant-per-segon-any-consecutiu\\\/#primaryimage\"},\"thumbnailUrl\":\"https:\\\/\\\/mont-roig.cat\\\/wp-content\\\/uploads\\\/La-Rateta-que...-Companyia-B-3-baixa.jpg\",\"articleSection\":[\"Ayuntamiento\",\"Cultura\"],\"inLanguage\":\"es\"},{\"@type\":\"WebPage\",\"@id\":\"https:\\\/\\\/mont-roig.cat\\\/es\\\/actualitat\\\/noticies\\\/lajuntament-de-mont-roig-del-camp-se-suma-a-la-programacio-del-festival-de-titelles-guant-per-segon-any-consecutiu\\\/\",\"url\":\"https:\\\/\\\/mont-roig.cat\\\/es\\\/actualitat\\\/noticies\\\/lajuntament-de-mont-roig-del-camp-se-suma-a-la-programacio-del-festival-de-titelles-guant-per-segon-any-consecutiu\\\/\",\"name\":\"El Ayuntamiento de Mont-roig del Camp se suma a la programaci\u00f3n del Festival de t\u00edteres Guant por segundo a\u00f1o consecutivo - Ajuntament de Mont-roig del Camp\",\"isPartOf\":{\"@id\":\"https:\\\/\\\/mont-roig.cat\\\/es\\\/#website\"},\"primaryImageOfPage\":{\"@id\":\"https:\\\/\\\/mont-roig.cat\\\/es\\\/actualitat\\\/noticies\\\/lajuntament-de-mont-roig-del-camp-se-suma-a-la-programacio-del-festival-de-titelles-guant-per-segon-any-consecutiu\\\/#primaryimage\"},\"image\":{\"@id\":\"https:\\\/\\\/mont-roig.cat\\\/es\\\/actualitat\\\/noticies\\\/lajuntament-de-mont-roig-del-camp-se-suma-a-la-programacio-del-festival-de-titelles-guant-per-segon-any-consecutiu\\\/#primaryimage\"},\"thumbnailUrl\":\"https:\\\/\\\/mont-roig.cat\\\/wp-content\\\/uploads\\\/La-Rateta-que...-Companyia-B-3-baixa.jpg\",\"datePublished\":\"2019-11-18T07:58:49+00:00\",\"dateModified\":\"2019-11-18T08:02:18+00:00\",\"author\":{\"@id\":\"https:\\\/\\\/mont-roig.cat\\\/es\\\/#\\\/schema\\\/person\\\/f2b111789f22b7d0c3bd6786c9128cba\"},\"breadcrumb\":{\"@id\":\"https:\\\/\\\/mont-roig.cat\\\/es\\\/actualitat\\\/noticies\\\/lajuntament-de-mont-roig-del-camp-se-suma-a-la-programacio-del-festival-de-titelles-guant-per-segon-any-consecutiu\\\/#breadcrumb\"},\"inLanguage\":\"es\",\"potentialAction\":[{\"@type\":\"ReadAction\",\"target\":[\"https:\\\/\\\/mont-roig.cat\\\/es\\\/actualitat\\\/noticies\\\/lajuntament-de-mont-roig-del-camp-se-suma-a-la-programacio-del-festival-de-titelles-guant-per-segon-any-consecutiu\\\/\"]}]},{\"@type\":\"ImageObject\",\"inLanguage\":\"es\",\"@id\":\"https:\\\/\\\/mont-roig.cat\\\/es\\\/actualitat\\\/noticies\\\/lajuntament-de-mont-roig-del-camp-se-suma-a-la-programacio-del-festival-de-titelles-guant-per-segon-any-consecutiu\\\/#primaryimage\",\"url\":\"https:\\\/\\\/mont-roig.cat\\\/wp-content\\\/uploads\\\/La-Rateta-que...-Companyia-B-3-baixa.jpg\",\"contentUrl\":\"https:\\\/\\\/mont-roig.cat\\\/wp-content\\\/uploads\\\/La-Rateta-que...-Companyia-B-3-baixa.jpg\",\"width\":613,\"height\":613},{\"@type\":\"BreadcrumbList\",\"@id\":\"https:\\\/\\\/mont-roig.cat\\\/es\\\/actualitat\\\/noticies\\\/lajuntament-de-mont-roig-del-camp-se-suma-a-la-programacio-del-festival-de-titelles-guant-per-segon-any-consecutiu\\\/#breadcrumb\",\"itemListElement\":[{\"@type\":\"ListItem\",\"position\":1,\"name\":\"Inici\",\"item\":\"https:\\\/\\\/mont-roig.cat\\\/es\\\/pagina-de-inicio\\\/\"},{\"@type\":\"ListItem\",\"position\":2,\"name\":\"El Ayuntamiento de Mont-roig del Camp se suma a la programaci\u00f3n del Festival de t\u00edteres Guant por segundo a\u00f1o consecutivo\"}]},{\"@type\":\"WebSite\",\"@id\":\"https:\\\/\\\/mont-roig.cat\\\/es\\\/#website\",\"url\":\"https:\\\/\\\/mont-roig.cat\\\/es\\\/\",\"name\":\"Ajuntament de Mont-roig del Camp\",\"description\":\"Tota la informaci\u00f3 sobre la instituci\u00f3, els seus \u00f2rgans de govern, actualitat, serveis i molt m\u00e9s.\",\"potentialAction\":[{\"@type\":\"SearchAction\",\"target\":{\"@type\":\"EntryPoint\",\"urlTemplate\":\"https:\\\/\\\/mont-roig.cat\\\/es\\\/?s={search_term_string}\"},\"query-input\":{\"@type\":\"PropertyValueSpecification\",\"valueRequired\":true,\"valueName\":\"search_term_string\"}}],\"inLanguage\":\"es\"},{\"@type\":\"Person\",\"@id\":\"https:\\\/\\\/mont-roig.cat\\\/es\\\/#\\\/schema\\\/person\\\/f2b111789f22b7d0c3bd6786c9128cba\",\"name\":\"administrador\",\"image\":{\"@type\":\"ImageObject\",\"inLanguage\":\"es\",\"@id\":\"https:\\\/\\\/secure.gravatar.com\\\/avatar\\\/9137aac6891e2595c9d3036fd83bcb653b4db3c946db4c7d9b9be193c3c944bb?s=96&d=mm&r=g\",\"url\":\"https:\\\/\\\/secure.gravatar.com\\\/avatar\\\/9137aac6891e2595c9d3036fd83bcb653b4db3c946db4c7d9b9be193c3c944bb?s=96&d=mm&r=g\",\"contentUrl\":\"https:\\\/\\\/secure.gravatar.com\\\/avatar\\\/9137aac6891e2595c9d3036fd83bcb653b4db3c946db4c7d9b9be193c3c944bb?s=96&d=mm&r=g\",\"caption\":\"administrador\"},\"url\":\"https:\\\/\\\/mont-roig.cat\\\/es\\\/actualitat\\\/noticies\\\/author\\\/administrador\\\/\"}]}<\/script>\n<!-- \/ Yoast SEO plugin. -->","yoast_head_json":{"title":"El Ayuntamiento de Mont-roig del Camp se suma a la programaci\u00f3n del Festival de t\u00edteres Guant por segundo a\u00f1o consecutivo - Ajuntament de Mont-roig del Camp","robots":{"index":"index","follow":"follow","max-snippet":"max-snippet:-1","max-image-preview":"max-image-preview:large","max-video-preview":"max-video-preview:-1"},"canonical":"https:\/\/mont-roig.cat\/es\/actualitat\/noticies\/lajuntament-de-mont-roig-del-camp-se-suma-a-la-programacio-del-festival-de-titelles-guant-per-segon-any-consecutiu\/","og_locale":"es_ES","og_type":"article","og_title":"El Ayuntamiento de Mont-roig del Camp se suma a la programaci\u00f3n del Festival de t\u00edteres Guant por segundo a\u00f1o consecutivo - Ajuntament de Mont-roig del Camp","og_description":"El Festival llega el s\u00e1bado 23 de noviembre a Miami Platja de la mano de la Companyia B con la obra \u201cLa rateta que\u2026\u201d El Teatro del Centro Polivalente de Miami Platja acoger\u00e1 una de las representaciones de la 15\u00aa edici\u00f3n del Festival Guant, el Festival Internacional de T\u00edteres de l\u2019Alt Camp, este s\u00e1bado 23 [&hellip;]","og_url":"https:\/\/mont-roig.cat\/es\/actualitat\/noticies\/lajuntament-de-mont-roig-del-camp-se-suma-a-la-programacio-del-festival-de-titelles-guant-per-segon-any-consecutiu\/","og_site_name":"Ajuntament de Mont-roig del Camp","article_published_time":"2019-11-18T07:58:49+00:00","article_modified_time":"2019-11-18T08:02:18+00:00","og_image":[{"width":613,"height":613,"url":"https:\/\/mont-roig.cat\/wp-content\/uploads\/La-Rateta-que...-Companyia-B-3-baixa.jpg","type":"image\/jpeg"}],"author":"administrador","twitter_card":"summary_large_image","twitter_misc":{"Escrito por":"administrador","Tiempo de lectura":"2 minutos"},"schema":{"@context":"https:\/\/schema.org","@graph":[{"@type":"Article","@id":"https:\/\/mont-roig.cat\/es\/actualitat\/noticies\/lajuntament-de-mont-roig-del-camp-se-suma-a-la-programacio-del-festival-de-titelles-guant-per-segon-any-consecutiu\/#article","isPartOf":{"@id":"https:\/\/mont-roig.cat\/es\/actualitat\/noticies\/lajuntament-de-mont-roig-del-camp-se-suma-a-la-programacio-del-festival-de-titelles-guant-per-segon-any-consecutiu\/"},"author":{"name":"administrador","@id":"https:\/\/mont-roig.cat\/es\/#\/schema\/person\/f2b111789f22b7d0c3bd6786c9128cba"},"headline":"El Ayuntamiento de Mont-roig del Camp se suma a la programaci\u00f3n del Festival de t\u00edteres Guant por segundo a\u00f1o consecutivo","datePublished":"2019-11-18T07:58:49+00:00","dateModified":"2019-11-18T08:02:18+00:00","mainEntityOfPage":{"@id":"https:\/\/mont-roig.cat\/es\/actualitat\/noticies\/lajuntament-de-mont-roig-del-camp-se-suma-a-la-programacio-del-festival-de-titelles-guant-per-segon-any-consecutiu\/"},"wordCount":357,"image":{"@id":"https:\/\/mont-roig.cat\/es\/actualitat\/noticies\/lajuntament-de-mont-roig-del-camp-se-suma-a-la-programacio-del-festival-de-titelles-guant-per-segon-any-consecutiu\/#primaryimage"},"thumbnailUrl":"https:\/\/mont-roig.cat\/wp-content\/uploads\/La-Rateta-que...-Companyia-B-3-baixa.jpg","articleSection":["Ayuntamiento","Cultura"],"inLanguage":"es"},{"@type":"WebPage","@id":"https:\/\/mont-roig.cat\/es\/actualitat\/noticies\/lajuntament-de-mont-roig-del-camp-se-suma-a-la-programacio-del-festival-de-titelles-guant-per-segon-any-consecutiu\/","url":"https:\/\/mont-roig.cat\/es\/actualitat\/noticies\/lajuntament-de-mont-roig-del-camp-se-suma-a-la-programacio-del-festival-de-titelles-guant-per-segon-any-consecutiu\/","name":"El Ayuntamiento de Mont-roig del Camp se suma a la programaci\u00f3n del Festival de t\u00edteres Guant por segundo a\u00f1o consecutivo - Ajuntament de Mont-roig del Camp","isPartOf":{"@id":"https:\/\/mont-roig.cat\/es\/#website"},"primaryImageOfPage":{"@id":"https:\/\/mont-roig.cat\/es\/actualitat\/noticies\/lajuntament-de-mont-roig-del-camp-se-suma-a-la-programacio-del-festival-de-titelles-guant-per-segon-any-consecutiu\/#primaryimage"},"image":{"@id":"https:\/\/mont-roig.cat\/es\/actualitat\/noticies\/lajuntament-de-mont-roig-del-camp-se-suma-a-la-programacio-del-festival-de-titelles-guant-per-segon-any-consecutiu\/#primaryimage"},"thumbnailUrl":"https:\/\/mont-roig.cat\/wp-content\/uploads\/La-Rateta-que...-Companyia-B-3-baixa.jpg","datePublished":"2019-11-18T07:58:49+00:00","dateModified":"2019-11-18T08:02:18+00:00","author":{"@id":"https:\/\/mont-roig.cat\/es\/#\/schema\/person\/f2b111789f22b7d0c3bd6786c9128cba"},"breadcrumb":{"@id":"https:\/\/mont-roig.cat\/es\/actualitat\/noticies\/lajuntament-de-mont-roig-del-camp-se-suma-a-la-programacio-del-festival-de-titelles-guant-per-segon-any-consecutiu\/#breadcrumb"},"inLanguage":"es","potentialAction":[{"@type":"ReadAction","target":["https:\/\/mont-roig.cat\/es\/actualitat\/noticies\/lajuntament-de-mont-roig-del-camp-se-suma-a-la-programacio-del-festival-de-titelles-guant-per-segon-any-consecutiu\/"]}]},{"@type":"ImageObject","inLanguage":"es","@id":"https:\/\/mont-roig.cat\/es\/actualitat\/noticies\/lajuntament-de-mont-roig-del-camp-se-suma-a-la-programacio-del-festival-de-titelles-guant-per-segon-any-consecutiu\/#primaryimage","url":"https:\/\/mont-roig.cat\/wp-content\/uploads\/La-Rateta-que...-Companyia-B-3-baixa.jpg","contentUrl":"https:\/\/mont-roig.cat\/wp-content\/uploads\/La-Rateta-que...-Companyia-B-3-baixa.jpg","width":613,"height":613},{"@type":"BreadcrumbList","@id":"https:\/\/mont-roig.cat\/es\/actualitat\/noticies\/lajuntament-de-mont-roig-del-camp-se-suma-a-la-programacio-del-festival-de-titelles-guant-per-segon-any-consecutiu\/#breadcrumb","itemListElement":[{"@type":"ListItem","position":1,"name":"Inici","item":"https:\/\/mont-roig.cat\/es\/pagina-de-inicio\/"},{"@type":"ListItem","position":2,"name":"El Ayuntamiento de Mont-roig del Camp se suma a la programaci\u00f3n del Festival de t\u00edteres Guant por segundo a\u00f1o consecutivo"}]},{"@type":"WebSite","@id":"https:\/\/mont-roig.cat\/es\/#website","url":"https:\/\/mont-roig.cat\/es\/","name":"Ajuntament de Mont-roig del Camp","description":"Tota la informaci\u00f3 sobre la instituci\u00f3, els seus \u00f2rgans de govern, actualitat, serveis i molt m\u00e9s.","potentialAction":[{"@type":"SearchAction","target":{"@type":"EntryPoint","urlTemplate":"https:\/\/mont-roig.cat\/es\/?s={search_term_string}"},"query-input":{"@type":"PropertyValueSpecification","valueRequired":true,"valueName":"search_term_string"}}],"inLanguage":"es"},{"@type":"Person","@id":"https:\/\/mont-roig.cat\/es\/#\/schema\/person\/f2b111789f22b7d0c3bd6786c9128cba","name":"administrador","image":{"@type":"ImageObject","inLanguage":"es","@id":"https:\/\/secure.gravatar.com\/avatar\/9137aac6891e2595c9d3036fd83bcb653b4db3c946db4c7d9b9be193c3c944bb?s=96&d=mm&r=g","url":"https:\/\/secure.gravatar.com\/avatar\/9137aac6891e2595c9d3036fd83bcb653b4db3c946db4c7d9b9be193c3c944bb?s=96&d=mm&r=g","contentUrl":"https:\/\/secure.gravatar.com\/avatar\/9137aac6891e2595c9d3036fd83bcb653b4db3c946db4c7d9b9be193c3c944bb?s=96&d=mm&r=g","caption":"administrador"},"url":"https:\/\/mont-roig.cat\/es\/actualitat\/noticies\/author\/administrador\/"}]}},"_links":{"self":[{"href":"https:\/\/mont-roig.cat\/es\/wp-json\/wp\/v2\/posts\/40388","targetHints":{"allow":["GET"]}}],"collection":[{"href":"https:\/\/mont-roig.cat\/es\/wp-json\/wp\/v2\/posts"}],"about":[{"href":"https:\/\/mont-roig.cat\/es\/wp-json\/wp\/v2\/types\/post"}],"author":[{"embeddable":true,"href":"https:\/\/mont-roig.cat\/es\/wp-json\/wp\/v2\/users\/4"}],"replies":[{"embeddable":true,"href":"https:\/\/mont-roig.cat\/es\/wp-json\/wp\/v2\/comments?post=40388"}],"version-history":[{"count":3,"href":"https:\/\/mont-roig.cat\/es\/wp-json\/wp\/v2\/posts\/40388\/revisions"}],"predecessor-version":[{"id":40391,"href":"https:\/\/mont-roig.cat\/es\/wp-json\/wp\/v2\/posts\/40388\/revisions\/40391"}],"wp:featuredmedia":[{"embeddable":true,"href":"https:\/\/mont-roig.cat\/es\/wp-json\/wp\/v2\/media\/40385"}],"wp:attachment":[{"href":"https:\/\/mont-roig.cat\/es\/wp-json\/wp\/v2\/media?parent=40388"}],"wp:term":[{"taxonomy":"category","embeddable":true,"href":"https:\/\/mont-roig.cat\/es\/wp-json\/wp\/v2\/categories?post=40388"},{"taxonomy":"post_tag","embeddable":true,"href":"https:\/\/mont-roig.cat\/es\/wp-json\/wp\/v2\/tags?post=40388"}],"curies":[{"name":"wp","href":"https:\/\/api.w.org\/{rel}","templated":true}]}}