{"id":40473,"date":"2019-11-20T13:59:25","date_gmt":"2019-11-20T12:59:25","guid":{"rendered":"https:\/\/mont-roig.cat\/actualitat\/noticies\/una-vuitantena-de-persones-van-assistir-aquest-dimarts-al-vespre-a-la-presentacio-del-pla-estrategic-mont-roig-miami-2030\/"},"modified":"2019-11-20T14:37:33","modified_gmt":"2019-11-20T13:37:33","slug":"una-vuitantena-de-persones-van-assistir-aquest-dimarts-al-vespre-a-la-presentacio-del-pla-estrategic-mont-roig-miami-2030","status":"publish","type":"post","link":"https:\/\/mont-roig.cat\/es\/actualitat\/noticies\/una-vuitantena-de-persones-van-assistir-aquest-dimarts-al-vespre-a-la-presentacio-del-pla-estrategic-mont-roig-miami-2030\/","title":{"rendered":"Presentaci\u00f3n en sociedad del Plan Estrat\u00e9gico Mont-roig Miami 2020-2030"},"content":{"rendered":"<ul>\n<li style=\"text-align: justify;\"><strong><a href=\"https:\/\/mont-roig.cat\/wp-content\/uploads\/pla-estrategic-2.jpg\"><img loading=\"lazy\" decoding=\"async\" class=\"alignright wp-image-40468\" src=\"https:\/\/mont-roig.cat\/wp-content\/uploads\/pla-estrategic-2.jpg\" alt=\"\" width=\"410\" height=\"308\" srcset=\"https:\/\/mont-roig.cat\/wp-content\/uploads\/pla-estrategic-2.jpg 960w, https:\/\/mont-roig.cat\/wp-content\/uploads\/pla-estrategic-2-500x375.jpg 500w, https:\/\/mont-roig.cat\/wp-content\/uploads\/pla-estrategic-2-768x576.jpg 768w, https:\/\/mont-roig.cat\/wp-content\/uploads\/pla-estrategic-2-463x348.jpg 463w\" sizes=\"auto, (max-width: 410px) 100vw, 410px\" \/><\/a>Aproximadamente ochenta personas entre representantes de partidos pol\u00edticos, entidades, asociaciones y particulares de todo el municipio asistieron ayer por la tarde a la Presentaci\u00f3n del Plan Estrat\u00e9gico del Municipio para los a\u00f1os 2020-2030.<\/strong><\/li>\n<\/ul>\n<p style=\"text-align: justify;\">El encargado de presentar el plan fue Salvador Prat, responsable de la consultora que lo ha redactado, y el alcalde del municipio Fran Morancho. Al finalizar el acto, los asistentes pudieron intercambiar sus opiniones con los responsables del plan en un refrigerio que tuvo lugar tambi\u00e9n en la sala de actos del Club Bonmont.<\/p>\n<p style=\"text-align: justify;\">El alcalde y el redactor del plan destacaron la gran participaci\u00f3n ciudadana de varios colectivos del municipio como los escolares, j\u00f3venes, mayores, t\u00e9cnicos del Ayuntamiento y los diferentes grupos pol\u00edticos del consistorio, dado que su aportaci\u00f3n ha sido clave para que el plan refleje el plan de acci\u00f3n que se llevar\u00e1 a cabo en el municipio durante los pr\u00f3ximos a\u00f1os.<\/p>\n<p style=\"text-align: justify;\"><strong>Participaci\u00f3n ciudadana<\/strong><\/p>\n<p style=\"text-align: justify;\">Los trabajos del Plan Estrat\u00e9gico 2020-2030 se han desplegado teniendo como referente constante la participaci\u00f3n ciudadana: en el diagn\u00f3stico, en la determinaci\u00f3n del alcance, en la definici\u00f3n de la carga estrat\u00e9gica y, fundamentalmente, en la estructuraci\u00f3n de las acciones que deber\u00e1n desarrollarse en la pr\u00f3xima d\u00e9cada. En este sentido, se ha potenciado la participaci\u00f3n externa en el Ayuntamiento para dar cabida al m\u00e1ximo de sensibilidades y opiniones a trav\u00e9s de diversas acciones.<\/p>\n<p style=\"text-align: justify;\">En concreto, a lo largo del \u00faltimo a\u00f1o se han llevado a cabo talleres participativos en Mont-roig y en Miami Playa, se han puesto urnas para recoger propuestas, se ha promovido una din\u00e1mica participativa dedicada a las personas mayores, actividades en las tres escuelas del municipio, din\u00e1micas DAFO en los dos institutos, entrevistas a 13 representantes electos del municipio, entrevistas con representantes de entidades c\u00edvicas y agentes sociales, as\u00ed como con vecinos y vecinas particulares y con funcionarios p\u00fablicos y antiguos trabajadores del Ayuntamiento.<\/p>\n<p style=\"text-align: justify;\">El resultado final es un Plan Estrat\u00e9gico dividido en dos documentos. El primero de ellos contiene la primera fase del proyecto, que ha consistido en la identificaci\u00f3n del estado actual del municipio. A trav\u00e9s de la elaboraci\u00f3n de un diagn\u00f3stico municipal, ha determinado el posicionamiento de Mont-roig del Camp con el objetivo de conocer el punto de partida desde el que fundamentar las estrategias adecuadas.<\/p>\n<p style=\"text-align: justify;\">Este mismo documento, elaborado con datos de organismos oficiales as\u00ed como recogiendo informaci\u00f3n de vecinos\/as, entidades, t\u00e9cnicos y grupos pol\u00edticos, cuenta tambi\u00e9n con un estudio de las principales fortalezas y debilidades que actualmente tiene que hacer frente el municipio, y las oportunidades y amenazas a las que hay que dar respuesta en un futuro.<\/p>\n<p style=\"text-align: justify;\"><strong>Se plantean m\u00e1s de 100 acciones para desarrollar<\/strong><\/p>\n<p style=\"text-align: justify;\">Con este trabajo de an\u00e1lisis se ha podido llevar a cabo la segunda fase del proyecto que contiene el Plan de Acci\u00f3n. En este caso se trata de un documento que describe detalladamente las actuaciones a desarrollar en los pr\u00f3ximos diez a\u00f1os, indicando c\u00f3mo, cu\u00e1ndo y el presupuesto aproximado que requieren. Para elaborar este segundo documento, adem\u00e1s, se ha consultado a expertos de diversos \u00e1mbitos de fuera del municipio.<\/p>\n<p style=\"text-align: justify;\">En total se han planteado 109 acciones que est\u00e1n agrupadas en cuatro grandes bloques. Se trata de actuaciones que tienen la finalidad de posicionar territorialmente Mont-roig del Camp, para que el Ayuntamiento sea innovador y eficiente en la gesti\u00f3n, para dise\u00f1ar un urbanismo inteligente y para tener un municipio econ\u00f3micamente competitivo.<\/p>\n<p style=\"text-align: justify;\">\n<p>&nbsp;<\/p>\n","protected":false},"excerpt":{"rendered":"<p>Aproximadamente ochenta personas entre representantes de partidos pol\u00edticos, entidades, asociaciones y particulares de todo el municipio asistieron ayer por la tarde a la Presentaci\u00f3n del Plan Estrat\u00e9gico del Municipio para los a\u00f1os 2020-2030. El encargado de presentar el plan fue Salvador Prat, responsable de la consultora que lo ha redactado, y el alcalde del municipio [&hellip;]<\/p>\n","protected":false},"author":4,"featured_media":40468,"comment_status":"closed","ping_status":"closed","sticky":false,"template":"","format":"standard","meta":{"inline_featured_image":false,"_monsterinsights_skip_tracking":false,"_monsterinsights_sitenote_active":false,"_monsterinsights_sitenote_note":"","_monsterinsights_sitenote_category":0,"footnotes":""},"categories":[98,170],"tags":[],"class_list":["post-40473","post","type-post","status-publish","format-standard","has-post-thumbnail","hentry","category-ayuntamiento","category-pla-estrategic-es"],"yoast_head":"<!-- This site is optimized with the Yoast SEO plugin v27.4 - https:\/\/yoast.com\/product\/yoast-seo-wordpress\/ -->\n<title>Presentaci\u00f3n en sociedad del Plan Estrat\u00e9gico Mont-roig Miami 2020-2030 - Ajuntament de Mont-roig del Camp<\/title>\n<meta name=\"robots\" content=\"index, follow, max-snippet:-1, max-image-preview:large, max-video-preview:-1\" \/>\n<link rel=\"canonical\" href=\"https:\/\/mont-roig.cat\/es\/actualitat\/noticies\/una-vuitantena-de-persones-van-assistir-aquest-dimarts-al-vespre-a-la-presentacio-del-pla-estrategic-mont-roig-miami-2030\/\" \/>\n<meta property=\"og:locale\" content=\"es_ES\" \/>\n<meta property=\"og:type\" content=\"article\" \/>\n<meta property=\"og:title\" content=\"Presentaci\u00f3n en sociedad del Plan Estrat\u00e9gico Mont-roig Miami 2020-2030 - Ajuntament de Mont-roig del Camp\" \/>\n<meta property=\"og:description\" content=\"Aproximadamente ochenta personas entre representantes de partidos pol\u00edticos, entidades, asociaciones y particulares de todo el municipio asistieron ayer por la tarde a la Presentaci\u00f3n del Plan Estrat\u00e9gico del Municipio para los a\u00f1os 2020-2030. El encargado de presentar el plan fue Salvador Prat, responsable de la consultora que lo ha redactado, y el alcalde del municipio [&hellip;]\" \/>\n<meta property=\"og:url\" content=\"https:\/\/mont-roig.cat\/es\/actualitat\/noticies\/una-vuitantena-de-persones-van-assistir-aquest-dimarts-al-vespre-a-la-presentacio-del-pla-estrategic-mont-roig-miami-2030\/\" \/>\n<meta property=\"og:site_name\" content=\"Ajuntament de Mont-roig del Camp\" \/>\n<meta property=\"article:published_time\" content=\"2019-11-20T12:59:25+00:00\" \/>\n<meta property=\"article:modified_time\" content=\"2019-11-20T13:37:33+00:00\" \/>\n<meta property=\"og:image\" content=\"https:\/\/mont-roig.cat\/wp-content\/uploads\/pla-estrategic-2.jpg\" \/>\n\t<meta property=\"og:image:width\" content=\"960\" \/>\n\t<meta property=\"og:image:height\" content=\"720\" \/>\n\t<meta property=\"og:image:type\" content=\"image\/jpeg\" \/>\n<meta name=\"author\" content=\"administrador\" \/>\n<meta name=\"twitter:card\" content=\"summary_large_image\" \/>\n<meta name=\"twitter:label1\" content=\"Escrito por\" \/>\n\t<meta name=\"twitter:data1\" content=\"administrador\" \/>\n\t<meta name=\"twitter:label2\" content=\"Tiempo de lectura\" \/>\n\t<meta name=\"twitter:data2\" content=\"3 minutos\" \/>\n<script type=\"application\/ld+json\" class=\"yoast-schema-graph\">{\"@context\":\"https:\\\/\\\/schema.org\",\"@graph\":[{\"@type\":\"Article\",\"@id\":\"https:\\\/\\\/mont-roig.cat\\\/es\\\/actualitat\\\/noticies\\\/una-vuitantena-de-persones-van-assistir-aquest-dimarts-al-vespre-a-la-presentacio-del-pla-estrategic-mont-roig-miami-2030\\\/#article\",\"isPartOf\":{\"@id\":\"https:\\\/\\\/mont-roig.cat\\\/es\\\/actualitat\\\/noticies\\\/una-vuitantena-de-persones-van-assistir-aquest-dimarts-al-vespre-a-la-presentacio-del-pla-estrategic-mont-roig-miami-2030\\\/\"},\"author\":{\"name\":\"administrador\",\"@id\":\"https:\\\/\\\/mont-roig.cat\\\/es\\\/#\\\/schema\\\/person\\\/f2b111789f22b7d0c3bd6786c9128cba\"},\"headline\":\"Presentaci\u00f3n en sociedad del Plan Estrat\u00e9gico Mont-roig Miami 2020-2030\",\"datePublished\":\"2019-11-20T12:59:25+00:00\",\"dateModified\":\"2019-11-20T13:37:33+00:00\",\"mainEntityOfPage\":{\"@id\":\"https:\\\/\\\/mont-roig.cat\\\/es\\\/actualitat\\\/noticies\\\/una-vuitantena-de-persones-van-assistir-aquest-dimarts-al-vespre-a-la-presentacio-del-pla-estrategic-mont-roig-miami-2030\\\/\"},\"wordCount\":615,\"image\":{\"@id\":\"https:\\\/\\\/mont-roig.cat\\\/es\\\/actualitat\\\/noticies\\\/una-vuitantena-de-persones-van-assistir-aquest-dimarts-al-vespre-a-la-presentacio-del-pla-estrategic-mont-roig-miami-2030\\\/#primaryimage\"},\"thumbnailUrl\":\"https:\\\/\\\/mont-roig.cat\\\/wp-content\\\/uploads\\\/pla-estrategic-2.jpg\",\"articleSection\":[\"Ayuntamiento\",\"Pla estrat\u00e8gic\"],\"inLanguage\":\"es\"},{\"@type\":\"WebPage\",\"@id\":\"https:\\\/\\\/mont-roig.cat\\\/es\\\/actualitat\\\/noticies\\\/una-vuitantena-de-persones-van-assistir-aquest-dimarts-al-vespre-a-la-presentacio-del-pla-estrategic-mont-roig-miami-2030\\\/\",\"url\":\"https:\\\/\\\/mont-roig.cat\\\/es\\\/actualitat\\\/noticies\\\/una-vuitantena-de-persones-van-assistir-aquest-dimarts-al-vespre-a-la-presentacio-del-pla-estrategic-mont-roig-miami-2030\\\/\",\"name\":\"Presentaci\u00f3n en sociedad del Plan Estrat\u00e9gico Mont-roig Miami 2020-2030 - Ajuntament de Mont-roig del Camp\",\"isPartOf\":{\"@id\":\"https:\\\/\\\/mont-roig.cat\\\/es\\\/#website\"},\"primaryImageOfPage\":{\"@id\":\"https:\\\/\\\/mont-roig.cat\\\/es\\\/actualitat\\\/noticies\\\/una-vuitantena-de-persones-van-assistir-aquest-dimarts-al-vespre-a-la-presentacio-del-pla-estrategic-mont-roig-miami-2030\\\/#primaryimage\"},\"image\":{\"@id\":\"https:\\\/\\\/mont-roig.cat\\\/es\\\/actualitat\\\/noticies\\\/una-vuitantena-de-persones-van-assistir-aquest-dimarts-al-vespre-a-la-presentacio-del-pla-estrategic-mont-roig-miami-2030\\\/#primaryimage\"},\"thumbnailUrl\":\"https:\\\/\\\/mont-roig.cat\\\/wp-content\\\/uploads\\\/pla-estrategic-2.jpg\",\"datePublished\":\"2019-11-20T12:59:25+00:00\",\"dateModified\":\"2019-11-20T13:37:33+00:00\",\"author\":{\"@id\":\"https:\\\/\\\/mont-roig.cat\\\/es\\\/#\\\/schema\\\/person\\\/f2b111789f22b7d0c3bd6786c9128cba\"},\"breadcrumb\":{\"@id\":\"https:\\\/\\\/mont-roig.cat\\\/es\\\/actualitat\\\/noticies\\\/una-vuitantena-de-persones-van-assistir-aquest-dimarts-al-vespre-a-la-presentacio-del-pla-estrategic-mont-roig-miami-2030\\\/#breadcrumb\"},\"inLanguage\":\"es\",\"potentialAction\":[{\"@type\":\"ReadAction\",\"target\":[\"https:\\\/\\\/mont-roig.cat\\\/es\\\/actualitat\\\/noticies\\\/una-vuitantena-de-persones-van-assistir-aquest-dimarts-al-vespre-a-la-presentacio-del-pla-estrategic-mont-roig-miami-2030\\\/\"]}]},{\"@type\":\"ImageObject\",\"inLanguage\":\"es\",\"@id\":\"https:\\\/\\\/mont-roig.cat\\\/es\\\/actualitat\\\/noticies\\\/una-vuitantena-de-persones-van-assistir-aquest-dimarts-al-vespre-a-la-presentacio-del-pla-estrategic-mont-roig-miami-2030\\\/#primaryimage\",\"url\":\"https:\\\/\\\/mont-roig.cat\\\/wp-content\\\/uploads\\\/pla-estrategic-2.jpg\",\"contentUrl\":\"https:\\\/\\\/mont-roig.cat\\\/wp-content\\\/uploads\\\/pla-estrategic-2.jpg\",\"width\":960,\"height\":720},{\"@type\":\"BreadcrumbList\",\"@id\":\"https:\\\/\\\/mont-roig.cat\\\/es\\\/actualitat\\\/noticies\\\/una-vuitantena-de-persones-van-assistir-aquest-dimarts-al-vespre-a-la-presentacio-del-pla-estrategic-mont-roig-miami-2030\\\/#breadcrumb\",\"itemListElement\":[{\"@type\":\"ListItem\",\"position\":1,\"name\":\"Inici\",\"item\":\"https:\\\/\\\/mont-roig.cat\\\/es\\\/pagina-de-inicio\\\/\"},{\"@type\":\"ListItem\",\"position\":2,\"name\":\"Presentaci\u00f3n en sociedad del Plan Estrat\u00e9gico Mont-roig Miami 2020-2030\"}]},{\"@type\":\"WebSite\",\"@id\":\"https:\\\/\\\/mont-roig.cat\\\/es\\\/#website\",\"url\":\"https:\\\/\\\/mont-roig.cat\\\/es\\\/\",\"name\":\"Ajuntament de Mont-roig del Camp\",\"description\":\"Tota la informaci\u00f3 sobre la instituci\u00f3, els seus \u00f2rgans de govern, actualitat, serveis i molt m\u00e9s.\",\"potentialAction\":[{\"@type\":\"SearchAction\",\"target\":{\"@type\":\"EntryPoint\",\"urlTemplate\":\"https:\\\/\\\/mont-roig.cat\\\/es\\\/?s={search_term_string}\"},\"query-input\":{\"@type\":\"PropertyValueSpecification\",\"valueRequired\":true,\"valueName\":\"search_term_string\"}}],\"inLanguage\":\"es\"},{\"@type\":\"Person\",\"@id\":\"https:\\\/\\\/mont-roig.cat\\\/es\\\/#\\\/schema\\\/person\\\/f2b111789f22b7d0c3bd6786c9128cba\",\"name\":\"administrador\",\"image\":{\"@type\":\"ImageObject\",\"inLanguage\":\"es\",\"@id\":\"https:\\\/\\\/secure.gravatar.com\\\/avatar\\\/9137aac6891e2595c9d3036fd83bcb653b4db3c946db4c7d9b9be193c3c944bb?s=96&d=mm&r=g\",\"url\":\"https:\\\/\\\/secure.gravatar.com\\\/avatar\\\/9137aac6891e2595c9d3036fd83bcb653b4db3c946db4c7d9b9be193c3c944bb?s=96&d=mm&r=g\",\"contentUrl\":\"https:\\\/\\\/secure.gravatar.com\\\/avatar\\\/9137aac6891e2595c9d3036fd83bcb653b4db3c946db4c7d9b9be193c3c944bb?s=96&d=mm&r=g\",\"caption\":\"administrador\"},\"url\":\"https:\\\/\\\/mont-roig.cat\\\/es\\\/actualitat\\\/noticies\\\/author\\\/administrador\\\/\"}]}<\/script>\n<!-- \/ Yoast SEO plugin. -->","yoast_head_json":{"title":"Presentaci\u00f3n en sociedad del Plan Estrat\u00e9gico Mont-roig Miami 2020-2030 - Ajuntament de Mont-roig del Camp","robots":{"index":"index","follow":"follow","max-snippet":"max-snippet:-1","max-image-preview":"max-image-preview:large","max-video-preview":"max-video-preview:-1"},"canonical":"https:\/\/mont-roig.cat\/es\/actualitat\/noticies\/una-vuitantena-de-persones-van-assistir-aquest-dimarts-al-vespre-a-la-presentacio-del-pla-estrategic-mont-roig-miami-2030\/","og_locale":"es_ES","og_type":"article","og_title":"Presentaci\u00f3n en sociedad del Plan Estrat\u00e9gico Mont-roig Miami 2020-2030 - Ajuntament de Mont-roig del Camp","og_description":"Aproximadamente ochenta personas entre representantes de partidos pol\u00edticos, entidades, asociaciones y particulares de todo el municipio asistieron ayer por la tarde a la Presentaci\u00f3n del Plan Estrat\u00e9gico del Municipio para los a\u00f1os 2020-2030. El encargado de presentar el plan fue Salvador Prat, responsable de la consultora que lo ha redactado, y el alcalde del municipio [&hellip;]","og_url":"https:\/\/mont-roig.cat\/es\/actualitat\/noticies\/una-vuitantena-de-persones-van-assistir-aquest-dimarts-al-vespre-a-la-presentacio-del-pla-estrategic-mont-roig-miami-2030\/","og_site_name":"Ajuntament de Mont-roig del Camp","article_published_time":"2019-11-20T12:59:25+00:00","article_modified_time":"2019-11-20T13:37:33+00:00","og_image":[{"width":960,"height":720,"url":"https:\/\/mont-roig.cat\/wp-content\/uploads\/pla-estrategic-2.jpg","type":"image\/jpeg"}],"author":"administrador","twitter_card":"summary_large_image","twitter_misc":{"Escrito por":"administrador","Tiempo de lectura":"3 minutos"},"schema":{"@context":"https:\/\/schema.org","@graph":[{"@type":"Article","@id":"https:\/\/mont-roig.cat\/es\/actualitat\/noticies\/una-vuitantena-de-persones-van-assistir-aquest-dimarts-al-vespre-a-la-presentacio-del-pla-estrategic-mont-roig-miami-2030\/#article","isPartOf":{"@id":"https:\/\/mont-roig.cat\/es\/actualitat\/noticies\/una-vuitantena-de-persones-van-assistir-aquest-dimarts-al-vespre-a-la-presentacio-del-pla-estrategic-mont-roig-miami-2030\/"},"author":{"name":"administrador","@id":"https:\/\/mont-roig.cat\/es\/#\/schema\/person\/f2b111789f22b7d0c3bd6786c9128cba"},"headline":"Presentaci\u00f3n en sociedad del Plan Estrat\u00e9gico Mont-roig Miami 2020-2030","datePublished":"2019-11-20T12:59:25+00:00","dateModified":"2019-11-20T13:37:33+00:00","mainEntityOfPage":{"@id":"https:\/\/mont-roig.cat\/es\/actualitat\/noticies\/una-vuitantena-de-persones-van-assistir-aquest-dimarts-al-vespre-a-la-presentacio-del-pla-estrategic-mont-roig-miami-2030\/"},"wordCount":615,"image":{"@id":"https:\/\/mont-roig.cat\/es\/actualitat\/noticies\/una-vuitantena-de-persones-van-assistir-aquest-dimarts-al-vespre-a-la-presentacio-del-pla-estrategic-mont-roig-miami-2030\/#primaryimage"},"thumbnailUrl":"https:\/\/mont-roig.cat\/wp-content\/uploads\/pla-estrategic-2.jpg","articleSection":["Ayuntamiento","Pla estrat\u00e8gic"],"inLanguage":"es"},{"@type":"WebPage","@id":"https:\/\/mont-roig.cat\/es\/actualitat\/noticies\/una-vuitantena-de-persones-van-assistir-aquest-dimarts-al-vespre-a-la-presentacio-del-pla-estrategic-mont-roig-miami-2030\/","url":"https:\/\/mont-roig.cat\/es\/actualitat\/noticies\/una-vuitantena-de-persones-van-assistir-aquest-dimarts-al-vespre-a-la-presentacio-del-pla-estrategic-mont-roig-miami-2030\/","name":"Presentaci\u00f3n en sociedad del Plan Estrat\u00e9gico Mont-roig Miami 2020-2030 - Ajuntament de Mont-roig del Camp","isPartOf":{"@id":"https:\/\/mont-roig.cat\/es\/#website"},"primaryImageOfPage":{"@id":"https:\/\/mont-roig.cat\/es\/actualitat\/noticies\/una-vuitantena-de-persones-van-assistir-aquest-dimarts-al-vespre-a-la-presentacio-del-pla-estrategic-mont-roig-miami-2030\/#primaryimage"},"image":{"@id":"https:\/\/mont-roig.cat\/es\/actualitat\/noticies\/una-vuitantena-de-persones-van-assistir-aquest-dimarts-al-vespre-a-la-presentacio-del-pla-estrategic-mont-roig-miami-2030\/#primaryimage"},"thumbnailUrl":"https:\/\/mont-roig.cat\/wp-content\/uploads\/pla-estrategic-2.jpg","datePublished":"2019-11-20T12:59:25+00:00","dateModified":"2019-11-20T13:37:33+00:00","author":{"@id":"https:\/\/mont-roig.cat\/es\/#\/schema\/person\/f2b111789f22b7d0c3bd6786c9128cba"},"breadcrumb":{"@id":"https:\/\/mont-roig.cat\/es\/actualitat\/noticies\/una-vuitantena-de-persones-van-assistir-aquest-dimarts-al-vespre-a-la-presentacio-del-pla-estrategic-mont-roig-miami-2030\/#breadcrumb"},"inLanguage":"es","potentialAction":[{"@type":"ReadAction","target":["https:\/\/mont-roig.cat\/es\/actualitat\/noticies\/una-vuitantena-de-persones-van-assistir-aquest-dimarts-al-vespre-a-la-presentacio-del-pla-estrategic-mont-roig-miami-2030\/"]}]},{"@type":"ImageObject","inLanguage":"es","@id":"https:\/\/mont-roig.cat\/es\/actualitat\/noticies\/una-vuitantena-de-persones-van-assistir-aquest-dimarts-al-vespre-a-la-presentacio-del-pla-estrategic-mont-roig-miami-2030\/#primaryimage","url":"https:\/\/mont-roig.cat\/wp-content\/uploads\/pla-estrategic-2.jpg","contentUrl":"https:\/\/mont-roig.cat\/wp-content\/uploads\/pla-estrategic-2.jpg","width":960,"height":720},{"@type":"BreadcrumbList","@id":"https:\/\/mont-roig.cat\/es\/actualitat\/noticies\/una-vuitantena-de-persones-van-assistir-aquest-dimarts-al-vespre-a-la-presentacio-del-pla-estrategic-mont-roig-miami-2030\/#breadcrumb","itemListElement":[{"@type":"ListItem","position":1,"name":"Inici","item":"https:\/\/mont-roig.cat\/es\/pagina-de-inicio\/"},{"@type":"ListItem","position":2,"name":"Presentaci\u00f3n en sociedad del Plan Estrat\u00e9gico Mont-roig Miami 2020-2030"}]},{"@type":"WebSite","@id":"https:\/\/mont-roig.cat\/es\/#website","url":"https:\/\/mont-roig.cat\/es\/","name":"Ajuntament de Mont-roig del Camp","description":"Tota la informaci\u00f3 sobre la instituci\u00f3, els seus \u00f2rgans de govern, actualitat, serveis i molt m\u00e9s.","potentialAction":[{"@type":"SearchAction","target":{"@type":"EntryPoint","urlTemplate":"https:\/\/mont-roig.cat\/es\/?s={search_term_string}"},"query-input":{"@type":"PropertyValueSpecification","valueRequired":true,"valueName":"search_term_string"}}],"inLanguage":"es"},{"@type":"Person","@id":"https:\/\/mont-roig.cat\/es\/#\/schema\/person\/f2b111789f22b7d0c3bd6786c9128cba","name":"administrador","image":{"@type":"ImageObject","inLanguage":"es","@id":"https:\/\/secure.gravatar.com\/avatar\/9137aac6891e2595c9d3036fd83bcb653b4db3c946db4c7d9b9be193c3c944bb?s=96&d=mm&r=g","url":"https:\/\/secure.gravatar.com\/avatar\/9137aac6891e2595c9d3036fd83bcb653b4db3c946db4c7d9b9be193c3c944bb?s=96&d=mm&r=g","contentUrl":"https:\/\/secure.gravatar.com\/avatar\/9137aac6891e2595c9d3036fd83bcb653b4db3c946db4c7d9b9be193c3c944bb?s=96&d=mm&r=g","caption":"administrador"},"url":"https:\/\/mont-roig.cat\/es\/actualitat\/noticies\/author\/administrador\/"}]}},"_links":{"self":[{"href":"https:\/\/mont-roig.cat\/es\/wp-json\/wp\/v2\/posts\/40473","targetHints":{"allow":["GET"]}}],"collection":[{"href":"https:\/\/mont-roig.cat\/es\/wp-json\/wp\/v2\/posts"}],"about":[{"href":"https:\/\/mont-roig.cat\/es\/wp-json\/wp\/v2\/types\/post"}],"author":[{"embeddable":true,"href":"https:\/\/mont-roig.cat\/es\/wp-json\/wp\/v2\/users\/4"}],"replies":[{"embeddable":true,"href":"https:\/\/mont-roig.cat\/es\/wp-json\/wp\/v2\/comments?post=40473"}],"version-history":[{"count":5,"href":"https:\/\/mont-roig.cat\/es\/wp-json\/wp\/v2\/posts\/40473\/revisions"}],"predecessor-version":[{"id":40482,"href":"https:\/\/mont-roig.cat\/es\/wp-json\/wp\/v2\/posts\/40473\/revisions\/40482"}],"wp:featuredmedia":[{"embeddable":true,"href":"https:\/\/mont-roig.cat\/es\/wp-json\/wp\/v2\/media\/40468"}],"wp:attachment":[{"href":"https:\/\/mont-roig.cat\/es\/wp-json\/wp\/v2\/media?parent=40473"}],"wp:term":[{"taxonomy":"category","embeddable":true,"href":"https:\/\/mont-roig.cat\/es\/wp-json\/wp\/v2\/categories?post=40473"},{"taxonomy":"post_tag","embeddable":true,"href":"https:\/\/mont-roig.cat\/es\/wp-json\/wp\/v2\/tags?post=40473"}],"curies":[{"name":"wp","href":"https:\/\/api.w.org\/{rel}","templated":true}]}}