{"id":41000,"date":"2019-11-27T14:42:59","date_gmt":"2019-11-27T13:42:59","guid":{"rendered":"https:\/\/mont-roig.cat\/?p=41000"},"modified":"2019-11-28T07:38:47","modified_gmt":"2019-11-28T06:38:47","slug":"mont-roig-i-miami-platja-inauguren-el-nadal-aquest-divendres-i-dissabte-amb-les-enceses-de-larbre-i-les-llums-nadalenques","status":"publish","type":"post","link":"https:\/\/mont-roig.cat\/es\/actualitat\/noticies\/mont-roig-i-miami-platja-inauguren-el-nadal-aquest-divendres-i-dissabte-amb-les-enceses-de-larbre-i-les-llums-nadalenques\/","title":{"rendered":"Mont-roig i Miami Platja inauguren el Nadal aquest divendres i dissabte amb les enceses de l\u2019arbre i les llums nadalenques"},"content":{"rendered":"<ul>\n<li style=\"text-align: justify;\"><strong>Hay m\u00e1s de treinta actividades programadas para vivir las fiestas y disfrutar con toda la familia.<\/strong><\/li>\n<\/ul>\n<p style=\"text-align: justify;\">La Navidad se inaugurar\u00e1 en Montroig y en Miami Platja los d\u00edas 29 y 30 de noviembre, respectivamente, con la puesta en marcha de la iluminaci\u00f3n navide\u00f1a. Las encendidas de los \u00e1rboles de Navidad dar\u00e1n paso a todo un mes cargado de actividades para todas las edades, entre las que destacan los parques infantiles de Navidad, los conciertos y recitales, las carreras deportivas, los espect\u00e1culos infantiles o la llegada de los Reyes Magos de Oriente.<\/p>\n<p>Pod\u00e9is consultar los programas de Navidad de Mont-roig y de Miami Platja clicando en las im\u00e1genes.<\/p>\n<p><a href=\"https:\/\/mont-roig.cat\/wp-content\/uploads\/PROGRAMA_NADAL_Mont-roig-2019.pdf\"><img loading=\"lazy\" decoding=\"async\" class=\"alignleft wp-image-40559\" src=\"https:\/\/mont-roig.cat\/wp-content\/uploads\/PROGRAMA_NADAL_mont-roig_19_rev03_page-0001.jpg\" alt=\"\" width=\"140\" height=\"140\" srcset=\"https:\/\/mont-roig.cat\/wp-content\/uploads\/PROGRAMA_NADAL_mont-roig_19_rev03_page-0001.jpg 886w, https:\/\/mont-roig.cat\/wp-content\/uploads\/PROGRAMA_NADAL_mont-roig_19_rev03_page-0001-50x50.jpg 50w, https:\/\/mont-roig.cat\/wp-content\/uploads\/PROGRAMA_NADAL_mont-roig_19_rev03_page-0001-500x500.jpg 500w, https:\/\/mont-roig.cat\/wp-content\/uploads\/PROGRAMA_NADAL_mont-roig_19_rev03_page-0001-768x768.jpg 768w, https:\/\/mont-roig.cat\/wp-content\/uploads\/PROGRAMA_NADAL_mont-roig_19_rev03_page-0001-560x560.jpg 560w, https:\/\/mont-roig.cat\/wp-content\/uploads\/PROGRAMA_NADAL_mont-roig_19_rev03_page-0001-367x367.jpg 367w, https:\/\/mont-roig.cat\/wp-content\/uploads\/PROGRAMA_NADAL_mont-roig_19_rev03_page-0001-450x450.jpg 450w, https:\/\/mont-roig.cat\/wp-content\/uploads\/PROGRAMA_NADAL_mont-roig_19_rev03_page-0001-85x85.jpg 85w, https:\/\/mont-roig.cat\/wp-content\/uploads\/PROGRAMA_NADAL_mont-roig_19_rev03_page-0001-45x45.jpg 45w\" sizes=\"auto, (max-width: 140px) 100vw, 140px\" \/><\/a><a href=\"https:\/\/mont-roig.cat\/wp-content\/uploads\/PROGRAMA_NADAL_Miami-Platja-2019.pdf\"><img loading=\"lazy\" decoding=\"async\" class=\"alignleft wp-image-40557\" src=\"https:\/\/mont-roig.cat\/wp-content\/uploads\/PROGRAMA_NADAL_MIAMI_19_rev03_page-0001.jpg\" alt=\"\" width=\"140\" height=\"140\" srcset=\"https:\/\/mont-roig.cat\/wp-content\/uploads\/PROGRAMA_NADAL_MIAMI_19_rev03_page-0001.jpg 886w, https:\/\/mont-roig.cat\/wp-content\/uploads\/PROGRAMA_NADAL_MIAMI_19_rev03_page-0001-50x50.jpg 50w, https:\/\/mont-roig.cat\/wp-content\/uploads\/PROGRAMA_NADAL_MIAMI_19_rev03_page-0001-500x500.jpg 500w, https:\/\/mont-roig.cat\/wp-content\/uploads\/PROGRAMA_NADAL_MIAMI_19_rev03_page-0001-768x768.jpg 768w, https:\/\/mont-roig.cat\/wp-content\/uploads\/PROGRAMA_NADAL_MIAMI_19_rev03_page-0001-560x560.jpg 560w, https:\/\/mont-roig.cat\/wp-content\/uploads\/PROGRAMA_NADAL_MIAMI_19_rev03_page-0001-367x367.jpg 367w, https:\/\/mont-roig.cat\/wp-content\/uploads\/PROGRAMA_NADAL_MIAMI_19_rev03_page-0001-450x450.jpg 450w, https:\/\/mont-roig.cat\/wp-content\/uploads\/PROGRAMA_NADAL_MIAMI_19_rev03_page-0001-85x85.jpg 85w, https:\/\/mont-roig.cat\/wp-content\/uploads\/PROGRAMA_NADAL_MIAMI_19_rev03_page-0001-45x45.jpg 45w\" sizes=\"auto, (max-width: 140px) 100vw, 140px\" \/><\/a><\/p>\n<p>&nbsp;<\/p>\n<p>&nbsp;<\/p>\n<p>&nbsp;<\/p>\n<p>&nbsp;<\/p>\n<p style=\"text-align: justify;\"><img loading=\"lazy\" decoding=\"async\" class=\"alignright wp-image-40877\" src=\"https:\/\/mont-roig.cat\/wp-content\/uploads\/ENCESA_MIAMI.png\" alt=\"\" width=\"175\" height=\"495\" srcset=\"https:\/\/mont-roig.cat\/wp-content\/uploads\/ENCESA_MIAMI.png 421w, https:\/\/mont-roig.cat\/wp-content\/uploads\/ENCESA_MIAMI-177x500.png 177w, https:\/\/mont-roig.cat\/wp-content\/uploads\/ENCESA_MIAMI-362x1024.png 362w\" sizes=\"auto, (max-width: 175px) 100vw, 175px\" \/><img loading=\"lazy\" decoding=\"async\" class=\"wp-image-40879 alignright\" src=\"https:\/\/mont-roig.cat\/wp-content\/uploads\/ENCESA_MONT-ROIG.png\" alt=\"\" width=\"175\" height=\"494\" srcset=\"https:\/\/mont-roig.cat\/wp-content\/uploads\/ENCESA_MONT-ROIG.png 422w, https:\/\/mont-roig.cat\/wp-content\/uploads\/ENCESA_MONT-ROIG-177x500.png 177w, https:\/\/mont-roig.cat\/wp-content\/uploads\/ENCESA_MONT-ROIG-363x1024.png 363w\" sizes=\"auto, (max-width: 175px) 100vw, 175px\" \/>La programaci\u00f3n se iniciar\u00e1 este viernes 29 de noviembre, a las 19h, en la plaza Moss\u00e8n Gaiet\u00e0 Ivern de Mont-roig con la encendida del \u00e1rbol y las luces de Navidad y las actuaciones de los ni\u00f1os de la Escola de M\u00fasica Baptista N<\/p>\n<p style=\"text-align: justify;\">ogu\u00e9s i la Coral Sant Miquel de Mont-roig. El acto de inauguraci\u00f3n de la Navidad en Miami Platja tendr\u00e1 lugar el s\u00e1bado 30 de noviembre, a las 19h, en la plaza de Tarragona y contar\u00e1 con la actuaci\u00f3n del Club de R\u00edtmica Miami Playa y de la cantante Maria Jacobs. Al finalizar ambos actos, habr\u00e1 chocolate caliente para todos.<\/p>\n<p style=\"text-align: justify;\">Adem\u00e1s, el s\u00e1bado, durante todo el d\u00eda, se instalar\u00e1 en la plaza de Tarragona, el Mercado de Navidad con la colaboraci\u00f3n de la Associaci\u00f3 FEM Miami y que contar\u00e1 con varias paradas de comercios y restaurantes locales que ofrecer\u00e1n toda clase de productos navide\u00f1os. Por su parte, el Mercado de Navidad de Mont-roig tendr\u00e1 lugar el d\u00eda 14 de diciembre en el aparcamiento de la Casa de Cultura y est\u00e1 organizado por la Associaci\u00f3 El Portal. Tambi\u00e9n cabe destacar las iniciativas comerciales de esta \u00e9poca como el sorteo de 5 vales de 100 \u20ac al realizar compras en los establecimientos socios de la Associaci\u00f3 d\u2019Empresaris i Comerciants de Mont-roig.<\/p>\n<p style=\"text-align: justify;\"><strong>Actividades para todas las edades<\/strong><\/p>\n<p style=\"text-align: justify;\">Durante estas fiestas se han programado diversas actividades pensadas para todas las edades y todos los gustos, pero especialmente para disfrutar en familia. As\u00ed, entre los actos destinados al p\u00fablico infantil destacan los espect\u00e1culos de t\u00edteres y teatro, los recitales de villancicos, la llegada del Home dels Nassos, la celebraci\u00f3n del Ti\u00f3 popular, los parques de Navidad, un taller de cocina para peque\u00f1os chefs y la esperada llegada de los Reyes Magos con la cabalgata.<\/p>\n<p style=\"text-align: justify;\">En cuanto a los j\u00f3venes, tienen una serie de actos para divertirse estas fiestas como diversos talleres de decoraci\u00f3n y reposter\u00eda navide\u00f1a.<\/p>\n<p style=\"text-align: justify;\">Por su parte, las bibliotecas municipales ofrecer\u00e1n sesiones de cuentos de Navidad, recitales de poemas, clubes de lectura, presentaci\u00f3n de libros y talleres ambientados en estas fechas.<\/p>\n<p style=\"text-align: justify;\">Tambi\u00e9n hay que destacar las verbenas de fin de a\u00f1o, el primer ba\u00f1o del a\u00f1o y la carrera Crema Torrons, que contar\u00e1 con varias carreras solidarias e infantiles y que servir\u00e1 para cerrar la programaci\u00f3n de Navidad.<\/p>\n<p style=\"text-align: justify;\"><strong>La participaci\u00f3n de las entidades<\/strong><\/p>\n<p style=\"text-align: justify;\">Adem\u00e1s, se han programado varios actos solidarios a favor de la Marat\u00f3 de TV3, en Mont-roig de la mano de la Uni\u00f3 de Dones y los Amics de la Poesia y en Miami Platja organizados por la Asociaci\u00f3n de Mujeres El Jard\u00edn de Violeta, adem\u00e1s de la participaci\u00f3n de otras asociaciones y comercios locales para recaudar fondos para las enfermedades minoritarias.<\/p>\n<p style=\"text-align: justify;\">Tambi\u00e9n hay varias actividades organizadas por las entidades del municipio, como los Festivales de Navidad de R\u00edtmica y de Patinaje Art\u00edstico, del Club de R\u00edtmica de Miami Platja y de la Agrupaci\u00f3 de Patinatge de Mont-roig; el Gran Prix de la Federaci\u00f3 Catalana de Billar, con la colaboraci\u00f3n del Club Billar Mont-roig; la tradicional carrera del Pavo, organizada por la Penya Ciclista de Mont-roig o la Cursa dels Nassos i Nassets, que organiza el C.E. l\u2019Areny.<\/p>\n<p style=\"text-align: justify;\">Los pastorcillos musicales de la Coral Sant Miquel, la llegada de Pap\u00e1 Noel con Els Brivalls, el espect\u00e1culo de t\u00edteres con el AMPA de la Escola Mare de D\u00e9u de la Roca, y el Pessebre Vivent, ti\u00f3 y recogida de cartas con los alumnos de 6\u00ba de este centro, as\u00ed como la cantada de villancicos del Coro Rociero Arena del Camino, son otras de las actividades que organizan las entidades.<\/p>\n<p style=\"text-align: justify;\"><strong>Concurso de Pesebres<\/strong><\/p>\n<p style=\"text-align: justify;\">Y como ya es tradicional desde el Ayuntamiento se invita a todos a participar en el Concurso de Pesebres. Una iniciativa que premia los pesebres familiares m\u00e1s originales, art\u00edsticos y elaborados, as\u00ed como los pesebres juveniles e infantiles. Las inscripciones ya est\u00e1n abiertas y se pueden hacer hasta el 13 de diciembre. La entrega de premios ser\u00e1 el 4 de enero.<\/p>\n<p style=\"text-align: justify;\">Pod\u00e9is consultar les bases del Concurso de Pesebres en el siguiente enlace:<\/p>\n<p><a href=\"https:\/\/mont-roig.cat\/wp-content\/uploads\/Bases-Concurs-de-Pessebres-2019.pdf\">Bases Concurso de Pesebres 2019<\/a><\/p>\n","protected":false},"excerpt":{"rendered":"<p>Hay m\u00e1s de treinta actividades programadas para vivir las fiestas y disfrutar con toda la familia. La Navidad se inaugurar\u00e1 en Montroig y en Miami Platja los d\u00edas 29 y 30 de noviembre, respectivamente, con la puesta en marcha de la iluminaci\u00f3n navide\u00f1a. Las encendidas de los \u00e1rboles de Navidad dar\u00e1n paso a todo un [&hellip;]<\/p>\n","protected":false},"author":4,"featured_media":41001,"comment_status":"closed","ping_status":"closed","sticky":false,"template":"","format":"standard","meta":{"inline_featured_image":false,"_monsterinsights_skip_tracking":false,"_monsterinsights_sitenote_active":false,"_monsterinsights_sitenote_note":"","_monsterinsights_sitenote_category":0,"footnotes":""},"categories":[71],"tags":[],"class_list":["post-41000","post","type-post","status-publish","format-standard","has-post-thumbnail","hentry","category-general-es"],"yoast_head":"<!-- This site is optimized with the Yoast SEO plugin v27.4 - https:\/\/yoast.com\/product\/yoast-seo-wordpress\/ -->\n<title>Mont-roig i Miami Platja inauguren el Nadal aquest divendres i dissabte amb les enceses de l\u2019arbre i les llums nadalenques - Ajuntament de Mont-roig del Camp<\/title>\n<meta name=\"robots\" content=\"index, follow, max-snippet:-1, max-image-preview:large, max-video-preview:-1\" \/>\n<link rel=\"canonical\" href=\"https:\/\/mont-roig.cat\/es\/actualitat\/noticies\/mont-roig-i-miami-platja-inauguren-el-nadal-aquest-divendres-i-dissabte-amb-les-enceses-de-larbre-i-les-llums-nadalenques\/\" \/>\n<meta property=\"og:locale\" content=\"es_ES\" \/>\n<meta property=\"og:type\" content=\"article\" \/>\n<meta property=\"og:title\" content=\"Mont-roig i Miami Platja inauguren el Nadal aquest divendres i dissabte amb les enceses de l\u2019arbre i les llums nadalenques - Ajuntament de Mont-roig del Camp\" \/>\n<meta property=\"og:description\" content=\"Hay m\u00e1s de treinta actividades programadas para vivir las fiestas y disfrutar con toda la familia. La Navidad se inaugurar\u00e1 en Montroig y en Miami Platja los d\u00edas 29 y 30 de noviembre, respectivamente, con la puesta en marcha de la iluminaci\u00f3n navide\u00f1a. Las encendidas de los \u00e1rboles de Navidad dar\u00e1n paso a todo un [&hellip;]\" \/>\n<meta property=\"og:url\" content=\"https:\/\/mont-roig.cat\/es\/actualitat\/noticies\/mont-roig-i-miami-platja-inauguren-el-nadal-aquest-divendres-i-dissabte-amb-les-enceses-de-larbre-i-les-llums-nadalenques\/\" \/>\n<meta property=\"og:site_name\" content=\"Ajuntament de Mont-roig del Camp\" \/>\n<meta property=\"article:published_time\" content=\"2019-11-27T13:42:59+00:00\" \/>\n<meta property=\"article:modified_time\" content=\"2019-11-28T06:38:47+00:00\" \/>\n<meta property=\"og:image\" content=\"https:\/\/mont-roig.cat\/wp-content\/uploads\/Dies-de-Nadal-2019-2020.jpg\" \/>\n\t<meta property=\"og:image:width\" content=\"709\" \/>\n\t<meta property=\"og:image:height\" content=\"709\" \/>\n\t<meta property=\"og:image:type\" content=\"image\/jpeg\" \/>\n<meta name=\"author\" content=\"administrador\" \/>\n<meta name=\"twitter:card\" content=\"summary_large_image\" \/>\n<meta name=\"twitter:label1\" content=\"Escrito por\" \/>\n\t<meta name=\"twitter:data1\" content=\"administrador\" \/>\n\t<meta name=\"twitter:label2\" content=\"Tiempo de lectura\" \/>\n\t<meta name=\"twitter:data2\" content=\"4 minutos\" \/>\n<script type=\"application\/ld+json\" class=\"yoast-schema-graph\">{\"@context\":\"https:\\\/\\\/schema.org\",\"@graph\":[{\"@type\":\"Article\",\"@id\":\"https:\\\/\\\/mont-roig.cat\\\/es\\\/actualitat\\\/noticies\\\/mont-roig-i-miami-platja-inauguren-el-nadal-aquest-divendres-i-dissabte-amb-les-enceses-de-larbre-i-les-llums-nadalenques\\\/#article\",\"isPartOf\":{\"@id\":\"https:\\\/\\\/mont-roig.cat\\\/es\\\/actualitat\\\/noticies\\\/mont-roig-i-miami-platja-inauguren-el-nadal-aquest-divendres-i-dissabte-amb-les-enceses-de-larbre-i-les-llums-nadalenques\\\/\"},\"author\":{\"name\":\"administrador\",\"@id\":\"https:\\\/\\\/mont-roig.cat\\\/es\\\/#\\\/schema\\\/person\\\/f2b111789f22b7d0c3bd6786c9128cba\"},\"headline\":\"Mont-roig i Miami Platja inauguren el Nadal aquest divendres i dissabte amb les enceses de l\u2019arbre i les llums nadalenques\",\"datePublished\":\"2019-11-27T13:42:59+00:00\",\"dateModified\":\"2019-11-28T06:38:47+00:00\",\"mainEntityOfPage\":{\"@id\":\"https:\\\/\\\/mont-roig.cat\\\/es\\\/actualitat\\\/noticies\\\/mont-roig-i-miami-platja-inauguren-el-nadal-aquest-divendres-i-dissabte-amb-les-enceses-de-larbre-i-les-llums-nadalenques\\\/\"},\"wordCount\":852,\"image\":{\"@id\":\"https:\\\/\\\/mont-roig.cat\\\/es\\\/actualitat\\\/noticies\\\/mont-roig-i-miami-platja-inauguren-el-nadal-aquest-divendres-i-dissabte-amb-les-enceses-de-larbre-i-les-llums-nadalenques\\\/#primaryimage\"},\"thumbnailUrl\":\"https:\\\/\\\/mont-roig.cat\\\/wp-content\\\/uploads\\\/Dies-de-Nadal-2019-2020.jpg\",\"articleSection\":[\"General\"],\"inLanguage\":\"es\"},{\"@type\":\"WebPage\",\"@id\":\"https:\\\/\\\/mont-roig.cat\\\/es\\\/actualitat\\\/noticies\\\/mont-roig-i-miami-platja-inauguren-el-nadal-aquest-divendres-i-dissabte-amb-les-enceses-de-larbre-i-les-llums-nadalenques\\\/\",\"url\":\"https:\\\/\\\/mont-roig.cat\\\/es\\\/actualitat\\\/noticies\\\/mont-roig-i-miami-platja-inauguren-el-nadal-aquest-divendres-i-dissabte-amb-les-enceses-de-larbre-i-les-llums-nadalenques\\\/\",\"name\":\"Mont-roig i Miami Platja inauguren el Nadal aquest divendres i dissabte amb les enceses de l\u2019arbre i les llums nadalenques - Ajuntament de Mont-roig del Camp\",\"isPartOf\":{\"@id\":\"https:\\\/\\\/mont-roig.cat\\\/es\\\/#website\"},\"primaryImageOfPage\":{\"@id\":\"https:\\\/\\\/mont-roig.cat\\\/es\\\/actualitat\\\/noticies\\\/mont-roig-i-miami-platja-inauguren-el-nadal-aquest-divendres-i-dissabte-amb-les-enceses-de-larbre-i-les-llums-nadalenques\\\/#primaryimage\"},\"image\":{\"@id\":\"https:\\\/\\\/mont-roig.cat\\\/es\\\/actualitat\\\/noticies\\\/mont-roig-i-miami-platja-inauguren-el-nadal-aquest-divendres-i-dissabte-amb-les-enceses-de-larbre-i-les-llums-nadalenques\\\/#primaryimage\"},\"thumbnailUrl\":\"https:\\\/\\\/mont-roig.cat\\\/wp-content\\\/uploads\\\/Dies-de-Nadal-2019-2020.jpg\",\"datePublished\":\"2019-11-27T13:42:59+00:00\",\"dateModified\":\"2019-11-28T06:38:47+00:00\",\"author\":{\"@id\":\"https:\\\/\\\/mont-roig.cat\\\/es\\\/#\\\/schema\\\/person\\\/f2b111789f22b7d0c3bd6786c9128cba\"},\"breadcrumb\":{\"@id\":\"https:\\\/\\\/mont-roig.cat\\\/es\\\/actualitat\\\/noticies\\\/mont-roig-i-miami-platja-inauguren-el-nadal-aquest-divendres-i-dissabte-amb-les-enceses-de-larbre-i-les-llums-nadalenques\\\/#breadcrumb\"},\"inLanguage\":\"es\",\"potentialAction\":[{\"@type\":\"ReadAction\",\"target\":[\"https:\\\/\\\/mont-roig.cat\\\/es\\\/actualitat\\\/noticies\\\/mont-roig-i-miami-platja-inauguren-el-nadal-aquest-divendres-i-dissabte-amb-les-enceses-de-larbre-i-les-llums-nadalenques\\\/\"]}]},{\"@type\":\"ImageObject\",\"inLanguage\":\"es\",\"@id\":\"https:\\\/\\\/mont-roig.cat\\\/es\\\/actualitat\\\/noticies\\\/mont-roig-i-miami-platja-inauguren-el-nadal-aquest-divendres-i-dissabte-amb-les-enceses-de-larbre-i-les-llums-nadalenques\\\/#primaryimage\",\"url\":\"https:\\\/\\\/mont-roig.cat\\\/wp-content\\\/uploads\\\/Dies-de-Nadal-2019-2020.jpg\",\"contentUrl\":\"https:\\\/\\\/mont-roig.cat\\\/wp-content\\\/uploads\\\/Dies-de-Nadal-2019-2020.jpg\",\"width\":709,\"height\":709},{\"@type\":\"BreadcrumbList\",\"@id\":\"https:\\\/\\\/mont-roig.cat\\\/es\\\/actualitat\\\/noticies\\\/mont-roig-i-miami-platja-inauguren-el-nadal-aquest-divendres-i-dissabte-amb-les-enceses-de-larbre-i-les-llums-nadalenques\\\/#breadcrumb\",\"itemListElement\":[{\"@type\":\"ListItem\",\"position\":1,\"name\":\"Inici\",\"item\":\"https:\\\/\\\/mont-roig.cat\\\/es\\\/pagina-de-inicio\\\/\"},{\"@type\":\"ListItem\",\"position\":2,\"name\":\"Mont-roig i Miami Platja inauguren el Nadal aquest divendres i dissabte amb les enceses de l\u2019arbre i les llums nadalenques\"}]},{\"@type\":\"WebSite\",\"@id\":\"https:\\\/\\\/mont-roig.cat\\\/es\\\/#website\",\"url\":\"https:\\\/\\\/mont-roig.cat\\\/es\\\/\",\"name\":\"Ajuntament de Mont-roig del Camp\",\"description\":\"Tota la informaci\u00f3 sobre la instituci\u00f3, els seus \u00f2rgans de govern, actualitat, serveis i molt m\u00e9s.\",\"potentialAction\":[{\"@type\":\"SearchAction\",\"target\":{\"@type\":\"EntryPoint\",\"urlTemplate\":\"https:\\\/\\\/mont-roig.cat\\\/es\\\/?s={search_term_string}\"},\"query-input\":{\"@type\":\"PropertyValueSpecification\",\"valueRequired\":true,\"valueName\":\"search_term_string\"}}],\"inLanguage\":\"es\"},{\"@type\":\"Person\",\"@id\":\"https:\\\/\\\/mont-roig.cat\\\/es\\\/#\\\/schema\\\/person\\\/f2b111789f22b7d0c3bd6786c9128cba\",\"name\":\"administrador\",\"image\":{\"@type\":\"ImageObject\",\"inLanguage\":\"es\",\"@id\":\"https:\\\/\\\/secure.gravatar.com\\\/avatar\\\/9137aac6891e2595c9d3036fd83bcb653b4db3c946db4c7d9b9be193c3c944bb?s=96&d=mm&r=g\",\"url\":\"https:\\\/\\\/secure.gravatar.com\\\/avatar\\\/9137aac6891e2595c9d3036fd83bcb653b4db3c946db4c7d9b9be193c3c944bb?s=96&d=mm&r=g\",\"contentUrl\":\"https:\\\/\\\/secure.gravatar.com\\\/avatar\\\/9137aac6891e2595c9d3036fd83bcb653b4db3c946db4c7d9b9be193c3c944bb?s=96&d=mm&r=g\",\"caption\":\"administrador\"},\"url\":\"https:\\\/\\\/mont-roig.cat\\\/es\\\/actualitat\\\/noticies\\\/author\\\/administrador\\\/\"}]}<\/script>\n<!-- \/ Yoast SEO plugin. -->","yoast_head_json":{"title":"Mont-roig i Miami Platja inauguren el Nadal aquest divendres i dissabte amb les enceses de l\u2019arbre i les llums nadalenques - Ajuntament de Mont-roig del Camp","robots":{"index":"index","follow":"follow","max-snippet":"max-snippet:-1","max-image-preview":"max-image-preview:large","max-video-preview":"max-video-preview:-1"},"canonical":"https:\/\/mont-roig.cat\/es\/actualitat\/noticies\/mont-roig-i-miami-platja-inauguren-el-nadal-aquest-divendres-i-dissabte-amb-les-enceses-de-larbre-i-les-llums-nadalenques\/","og_locale":"es_ES","og_type":"article","og_title":"Mont-roig i Miami Platja inauguren el Nadal aquest divendres i dissabte amb les enceses de l\u2019arbre i les llums nadalenques - Ajuntament de Mont-roig del Camp","og_description":"Hay m\u00e1s de treinta actividades programadas para vivir las fiestas y disfrutar con toda la familia. La Navidad se inaugurar\u00e1 en Montroig y en Miami Platja los d\u00edas 29 y 30 de noviembre, respectivamente, con la puesta en marcha de la iluminaci\u00f3n navide\u00f1a. Las encendidas de los \u00e1rboles de Navidad dar\u00e1n paso a todo un [&hellip;]","og_url":"https:\/\/mont-roig.cat\/es\/actualitat\/noticies\/mont-roig-i-miami-platja-inauguren-el-nadal-aquest-divendres-i-dissabte-amb-les-enceses-de-larbre-i-les-llums-nadalenques\/","og_site_name":"Ajuntament de Mont-roig del Camp","article_published_time":"2019-11-27T13:42:59+00:00","article_modified_time":"2019-11-28T06:38:47+00:00","og_image":[{"width":709,"height":709,"url":"https:\/\/mont-roig.cat\/wp-content\/uploads\/Dies-de-Nadal-2019-2020.jpg","type":"image\/jpeg"}],"author":"administrador","twitter_card":"summary_large_image","twitter_misc":{"Escrito por":"administrador","Tiempo de lectura":"4 minutos"},"schema":{"@context":"https:\/\/schema.org","@graph":[{"@type":"Article","@id":"https:\/\/mont-roig.cat\/es\/actualitat\/noticies\/mont-roig-i-miami-platja-inauguren-el-nadal-aquest-divendres-i-dissabte-amb-les-enceses-de-larbre-i-les-llums-nadalenques\/#article","isPartOf":{"@id":"https:\/\/mont-roig.cat\/es\/actualitat\/noticies\/mont-roig-i-miami-platja-inauguren-el-nadal-aquest-divendres-i-dissabte-amb-les-enceses-de-larbre-i-les-llums-nadalenques\/"},"author":{"name":"administrador","@id":"https:\/\/mont-roig.cat\/es\/#\/schema\/person\/f2b111789f22b7d0c3bd6786c9128cba"},"headline":"Mont-roig i Miami Platja inauguren el Nadal aquest divendres i dissabte amb les enceses de l\u2019arbre i les llums nadalenques","datePublished":"2019-11-27T13:42:59+00:00","dateModified":"2019-11-28T06:38:47+00:00","mainEntityOfPage":{"@id":"https:\/\/mont-roig.cat\/es\/actualitat\/noticies\/mont-roig-i-miami-platja-inauguren-el-nadal-aquest-divendres-i-dissabte-amb-les-enceses-de-larbre-i-les-llums-nadalenques\/"},"wordCount":852,"image":{"@id":"https:\/\/mont-roig.cat\/es\/actualitat\/noticies\/mont-roig-i-miami-platja-inauguren-el-nadal-aquest-divendres-i-dissabte-amb-les-enceses-de-larbre-i-les-llums-nadalenques\/#primaryimage"},"thumbnailUrl":"https:\/\/mont-roig.cat\/wp-content\/uploads\/Dies-de-Nadal-2019-2020.jpg","articleSection":["General"],"inLanguage":"es"},{"@type":"WebPage","@id":"https:\/\/mont-roig.cat\/es\/actualitat\/noticies\/mont-roig-i-miami-platja-inauguren-el-nadal-aquest-divendres-i-dissabte-amb-les-enceses-de-larbre-i-les-llums-nadalenques\/","url":"https:\/\/mont-roig.cat\/es\/actualitat\/noticies\/mont-roig-i-miami-platja-inauguren-el-nadal-aquest-divendres-i-dissabte-amb-les-enceses-de-larbre-i-les-llums-nadalenques\/","name":"Mont-roig i Miami Platja inauguren el Nadal aquest divendres i dissabte amb les enceses de l\u2019arbre i les llums nadalenques - Ajuntament de Mont-roig del Camp","isPartOf":{"@id":"https:\/\/mont-roig.cat\/es\/#website"},"primaryImageOfPage":{"@id":"https:\/\/mont-roig.cat\/es\/actualitat\/noticies\/mont-roig-i-miami-platja-inauguren-el-nadal-aquest-divendres-i-dissabte-amb-les-enceses-de-larbre-i-les-llums-nadalenques\/#primaryimage"},"image":{"@id":"https:\/\/mont-roig.cat\/es\/actualitat\/noticies\/mont-roig-i-miami-platja-inauguren-el-nadal-aquest-divendres-i-dissabte-amb-les-enceses-de-larbre-i-les-llums-nadalenques\/#primaryimage"},"thumbnailUrl":"https:\/\/mont-roig.cat\/wp-content\/uploads\/Dies-de-Nadal-2019-2020.jpg","datePublished":"2019-11-27T13:42:59+00:00","dateModified":"2019-11-28T06:38:47+00:00","author":{"@id":"https:\/\/mont-roig.cat\/es\/#\/schema\/person\/f2b111789f22b7d0c3bd6786c9128cba"},"breadcrumb":{"@id":"https:\/\/mont-roig.cat\/es\/actualitat\/noticies\/mont-roig-i-miami-platja-inauguren-el-nadal-aquest-divendres-i-dissabte-amb-les-enceses-de-larbre-i-les-llums-nadalenques\/#breadcrumb"},"inLanguage":"es","potentialAction":[{"@type":"ReadAction","target":["https:\/\/mont-roig.cat\/es\/actualitat\/noticies\/mont-roig-i-miami-platja-inauguren-el-nadal-aquest-divendres-i-dissabte-amb-les-enceses-de-larbre-i-les-llums-nadalenques\/"]}]},{"@type":"ImageObject","inLanguage":"es","@id":"https:\/\/mont-roig.cat\/es\/actualitat\/noticies\/mont-roig-i-miami-platja-inauguren-el-nadal-aquest-divendres-i-dissabte-amb-les-enceses-de-larbre-i-les-llums-nadalenques\/#primaryimage","url":"https:\/\/mont-roig.cat\/wp-content\/uploads\/Dies-de-Nadal-2019-2020.jpg","contentUrl":"https:\/\/mont-roig.cat\/wp-content\/uploads\/Dies-de-Nadal-2019-2020.jpg","width":709,"height":709},{"@type":"BreadcrumbList","@id":"https:\/\/mont-roig.cat\/es\/actualitat\/noticies\/mont-roig-i-miami-platja-inauguren-el-nadal-aquest-divendres-i-dissabte-amb-les-enceses-de-larbre-i-les-llums-nadalenques\/#breadcrumb","itemListElement":[{"@type":"ListItem","position":1,"name":"Inici","item":"https:\/\/mont-roig.cat\/es\/pagina-de-inicio\/"},{"@type":"ListItem","position":2,"name":"Mont-roig i Miami Platja inauguren el Nadal aquest divendres i dissabte amb les enceses de l\u2019arbre i les llums nadalenques"}]},{"@type":"WebSite","@id":"https:\/\/mont-roig.cat\/es\/#website","url":"https:\/\/mont-roig.cat\/es\/","name":"Ajuntament de Mont-roig del Camp","description":"Tota la informaci\u00f3 sobre la instituci\u00f3, els seus \u00f2rgans de govern, actualitat, serveis i molt m\u00e9s.","potentialAction":[{"@type":"SearchAction","target":{"@type":"EntryPoint","urlTemplate":"https:\/\/mont-roig.cat\/es\/?s={search_term_string}"},"query-input":{"@type":"PropertyValueSpecification","valueRequired":true,"valueName":"search_term_string"}}],"inLanguage":"es"},{"@type":"Person","@id":"https:\/\/mont-roig.cat\/es\/#\/schema\/person\/f2b111789f22b7d0c3bd6786c9128cba","name":"administrador","image":{"@type":"ImageObject","inLanguage":"es","@id":"https:\/\/secure.gravatar.com\/avatar\/9137aac6891e2595c9d3036fd83bcb653b4db3c946db4c7d9b9be193c3c944bb?s=96&d=mm&r=g","url":"https:\/\/secure.gravatar.com\/avatar\/9137aac6891e2595c9d3036fd83bcb653b4db3c946db4c7d9b9be193c3c944bb?s=96&d=mm&r=g","contentUrl":"https:\/\/secure.gravatar.com\/avatar\/9137aac6891e2595c9d3036fd83bcb653b4db3c946db4c7d9b9be193c3c944bb?s=96&d=mm&r=g","caption":"administrador"},"url":"https:\/\/mont-roig.cat\/es\/actualitat\/noticies\/author\/administrador\/"}]}},"_links":{"self":[{"href":"https:\/\/mont-roig.cat\/es\/wp-json\/wp\/v2\/posts\/41000","targetHints":{"allow":["GET"]}}],"collection":[{"href":"https:\/\/mont-roig.cat\/es\/wp-json\/wp\/v2\/posts"}],"about":[{"href":"https:\/\/mont-roig.cat\/es\/wp-json\/wp\/v2\/types\/post"}],"author":[{"embeddable":true,"href":"https:\/\/mont-roig.cat\/es\/wp-json\/wp\/v2\/users\/4"}],"replies":[{"embeddable":true,"href":"https:\/\/mont-roig.cat\/es\/wp-json\/wp\/v2\/comments?post=41000"}],"version-history":[{"count":6,"href":"https:\/\/mont-roig.cat\/es\/wp-json\/wp\/v2\/posts\/41000\/revisions"}],"predecessor-version":[{"id":41018,"href":"https:\/\/mont-roig.cat\/es\/wp-json\/wp\/v2\/posts\/41000\/revisions\/41018"}],"wp:featuredmedia":[{"embeddable":true,"href":"https:\/\/mont-roig.cat\/es\/wp-json\/wp\/v2\/media\/41001"}],"wp:attachment":[{"href":"https:\/\/mont-roig.cat\/es\/wp-json\/wp\/v2\/media?parent=41000"}],"wp:term":[{"taxonomy":"category","embeddable":true,"href":"https:\/\/mont-roig.cat\/es\/wp-json\/wp\/v2\/categories?post=41000"},{"taxonomy":"post_tag","embeddable":true,"href":"https:\/\/mont-roig.cat\/es\/wp-json\/wp\/v2\/tags?post=41000"}],"curies":[{"name":"wp","href":"https:\/\/api.w.org\/{rel}","templated":true}]}}