{"id":41406,"date":"2019-12-12T13:22:23","date_gmt":"2019-12-12T12:22:23","guid":{"rendered":"https:\/\/mont-roig.cat\/actualitat\/noticies\/mont-roig-del-camp-se-suma-a-la-primera-ruta-cicloturista-del-baix-camp-centrada-en-loli-doliva\/"},"modified":"2019-12-17T12:51:40","modified_gmt":"2019-12-17T11:51:40","slug":"mont-roig-del-camp-se-suma-a-la-primera-ruta-cicloturista-del-baix-camp-centrada-en-loli-doliva","status":"publish","type":"post","link":"https:\/\/mont-roig.cat\/es\/actualitat\/noticies\/mont-roig-del-camp-se-suma-a-la-primera-ruta-cicloturista-del-baix-camp-centrada-en-loli-doliva\/","title":{"rendered":"Mont-roig del Camp se suma a la primera Ruta Cicloturista del Baix Camp centrada en el aceite de oliva"},"content":{"rendered":"<ul>\n<li style=\"text-align: justify;\"><strong><a href=\"https:\/\/mont-roig.cat\/wp-content\/uploads\/10_BTT_PANOR\u00c0MICA_OK-scaled.jpg\"><img loading=\"lazy\" decoding=\"async\" class=\"alignright wp-image-41516\" src=\"https:\/\/mont-roig.cat\/wp-content\/uploads\/10_BTT_PANOR\u00c0MICA_OK-scaled.jpg\" alt=\"\" width=\"304\" height=\"253\" srcset=\"https:\/\/mont-roig.cat\/wp-content\/uploads\/10_BTT_PANOR\u00c0MICA_OK-scaled.jpg 2048w, https:\/\/mont-roig.cat\/wp-content\/uploads\/10_BTT_PANOR\u00c0MICA_OK-500x416.jpg 500w, https:\/\/mont-roig.cat\/wp-content\/uploads\/10_BTT_PANOR\u00c0MICA_OK-1024x852.jpg 1024w, https:\/\/mont-roig.cat\/wp-content\/uploads\/10_BTT_PANOR\u00c0MICA_OK-768x639.jpg 768w, https:\/\/mont-roig.cat\/wp-content\/uploads\/10_BTT_PANOR\u00c0MICA_OK-1536x1278.jpg 1536w\" sizes=\"auto, (max-width: 304px) 100vw, 304px\" \/><\/a>Se trata de un recorrido de 49 km por varios caminos de la comarca, que permitir\u00e1 conocer y visitar espacios relacionados con el cultivo de olivos y la producci\u00f3n de aceite, como son las cooperativas, los molinos, las agrotiendas y los museos y centros de interpretaci\u00f3n.<\/strong><\/li>\n<\/ul>\n<p style=\"text-align: justify;\">En el marco de la promoci\u00f3n de la movilidad lenta y el uso cotidiano y seguro de la bicicleta, el Baix Camp estrena la primera Ruta Cicloturista centrada en el aceite de oliva, con el objetivo de mostrar c\u00f3mo y d\u00f3nde se cultivan los olivos de los que sale un tesoro de la gastronom\u00eda de la regi\u00f3n: el aceite de oliva virgen extra de variedad arbequina con Denominaci\u00f3n de Origen Protegida Siurana.<\/p>\n<p style=\"text-align: justify;\">La Ruta del Aceite es una propuesta de la Associaci\u00f3 Bicicamp de Reus, que ha contado con el soporte de los Ayuntamientos colaboradores, entre los que se encuentra el de Mont-roig del Camp, a trav\u00e9s de Mont-roig Miami Turisme; del Consell Comarcal del Baix Camp, -coordinador del proyecto-; y del Consejo Regulador de la DOP Siurana.<\/p>\n<p style=\"text-align: justify;\">La creaci\u00f3n de la ruta ha supuesto una inversi\u00f3n de m\u00e1s de 11.500\u20ac por parte de los municipios participantes en el proyecto, que han servido para instalar placas de identificaci\u00f3n del recorrido. Tambi\u00e9n se han editado tr\u00edpticos con informaci\u00f3n sobre la ruta, distribuidos entre las diferentes entidades y ayuntamientos, a cargo del Consell Comarcal del Baix Camp.<\/p>\n<p style=\"text-align: justify;\">La ruta, se\u00f1alizada y pensada para hacerla en bicicleta, pasa por caminos entre huertos y campos de avellanos, algarrobos y olivos de siete municipios productores de aceite de oliva. Se trata de un itinerario circular, llano, con desnivel m\u00ednimo y no excesivamente largo, ideal para familias.<\/p>\n<p>&nbsp;<\/p>\n<p style=\"text-align: justify;\"><strong>Recorrido por Mont-roig del Camp<\/strong><\/p>\n<p style=\"text-align: justify;\">La ruta a su paso por el n\u00facleo de Mont-roig del Camp se iniciar\u00e1 en la calle de la Murada, pasando por la Pla\u00e7a de Joan Mir\u00f3, la calle de Francesc Riba i Mestre, la calle de Agust\u00ed Sard\u00e0, la calle de la Rasa del Ximet, la Avinguda Catalunya i el Cam\u00ed de Cambrils, e incluir\u00e1 la visita de las cooperativas y empresas del municipio dedicadas a la producci\u00f3n de aceite de oliva: el <em>Molino y la Agrobotiga de Uni\u00f3 Fruits<\/em> y el <em>Molino y Museo de Olis Sol\u00e9<\/em>, as\u00ed como otros lugares de inter\u00e9s del municipio como por ejemplo el Mas Mir\u00f3 o las barracas de piedra seca de Mont-roig.<\/p>\n<p style=\"text-align: justify;\">Puesto que el recorrido es circular, se puede iniciar desde donde se quiera. As\u00ed pues, el 95% del recorrido pasa por caminos rurales, y una peque\u00f1a parte del itinerario se adentra en las poblaciones, b\u00e1sicamente para visitar cooperativas o edificios patrimoniales.<\/p>\n<p>&nbsp;<\/p>\n<p><a href=\"https:\/\/mont-roig.cat\/wp-content\/uploads\/triptic_final_oli.pdf\">Consulta el tr\u00edptico informativo de la Ruta Ciclotur\u00edstica de l&#8217;Oli<\/a><\/p>\n<p><a href=\"https:\/\/www.mont-roigmiami.cat\/ruta-bici\/ruta-cicloturistica-loli-49-km\/\">Pod\u00e9is acceder al recorrido GPS de la ruta en este enlace<\/a><\/p>\n","protected":false},"excerpt":{"rendered":"<p>Se trata de un recorrido de 49 km por varios caminos de la comarca, que permitir\u00e1 conocer y visitar espacios relacionados con el cultivo de olivos y la producci\u00f3n de aceite, como son las cooperativas, los molinos, las agrotiendas y los museos y centros de interpretaci\u00f3n. En el marco de la promoci\u00f3n de la movilidad [&hellip;]<\/p>\n","protected":false},"author":4,"featured_media":41516,"comment_status":"closed","ping_status":"closed","sticky":false,"template":"","format":"standard","meta":{"inline_featured_image":false,"_monsterinsights_skip_tracking":false,"_monsterinsights_sitenote_active":false,"_monsterinsights_sitenote_note":"","_monsterinsights_sitenote_category":0,"footnotes":""},"categories":[98,115],"tags":[],"class_list":["post-41406","post","type-post","status-publish","format-standard","has-post-thumbnail","hentry","category-ayuntamiento","category-turismo"],"yoast_head":"<!-- This site is optimized with the Yoast SEO plugin v27.4 - https:\/\/yoast.com\/product\/yoast-seo-wordpress\/ -->\n<title>Mont-roig del Camp se suma a la primera Ruta Cicloturista del Baix Camp centrada en el aceite de oliva - Ajuntament de Mont-roig del Camp<\/title>\n<meta name=\"robots\" content=\"index, follow, max-snippet:-1, max-image-preview:large, max-video-preview:-1\" \/>\n<link rel=\"canonical\" href=\"https:\/\/mont-roig.cat\/es\/actualitat\/noticies\/mont-roig-del-camp-se-suma-a-la-primera-ruta-cicloturista-del-baix-camp-centrada-en-loli-doliva\/\" \/>\n<meta property=\"og:locale\" content=\"es_ES\" \/>\n<meta property=\"og:type\" content=\"article\" \/>\n<meta property=\"og:title\" content=\"Mont-roig del Camp se suma a la primera Ruta Cicloturista del Baix Camp centrada en el aceite de oliva - Ajuntament de Mont-roig del Camp\" \/>\n<meta property=\"og:description\" content=\"Se trata de un recorrido de 49 km por varios caminos de la comarca, que permitir\u00e1 conocer y visitar espacios relacionados con el cultivo de olivos y la producci\u00f3n de aceite, como son las cooperativas, los molinos, las agrotiendas y los museos y centros de interpretaci\u00f3n. En el marco de la promoci\u00f3n de la movilidad [&hellip;]\" \/>\n<meta property=\"og:url\" content=\"https:\/\/mont-roig.cat\/es\/actualitat\/noticies\/mont-roig-del-camp-se-suma-a-la-primera-ruta-cicloturista-del-baix-camp-centrada-en-loli-doliva\/\" \/>\n<meta property=\"og:site_name\" content=\"Ajuntament de Mont-roig del Camp\" \/>\n<meta property=\"article:published_time\" content=\"2019-12-12T12:22:23+00:00\" \/>\n<meta property=\"article:modified_time\" content=\"2019-12-17T11:51:40+00:00\" \/>\n<meta property=\"og:image\" content=\"https:\/\/mont-roig.cat\/wp-content\/uploads\/10_BTT_PANOR\u00c0MICA_OK-scaled.jpg\" \/>\n\t<meta property=\"og:image:width\" content=\"2048\" \/>\n\t<meta property=\"og:image:height\" content=\"1703\" \/>\n\t<meta property=\"og:image:type\" content=\"image\/jpeg\" \/>\n<meta name=\"author\" content=\"administrador\" \/>\n<meta name=\"twitter:card\" content=\"summary_large_image\" \/>\n<meta name=\"twitter:label1\" content=\"Escrito por\" \/>\n\t<meta name=\"twitter:data1\" content=\"administrador\" \/>\n\t<meta name=\"twitter:label2\" content=\"Tiempo de lectura\" \/>\n\t<meta name=\"twitter:data2\" content=\"2 minutos\" \/>\n<script type=\"application\/ld+json\" class=\"yoast-schema-graph\">{\"@context\":\"https:\\\/\\\/schema.org\",\"@graph\":[{\"@type\":\"Article\",\"@id\":\"https:\\\/\\\/mont-roig.cat\\\/es\\\/actualitat\\\/noticies\\\/mont-roig-del-camp-se-suma-a-la-primera-ruta-cicloturista-del-baix-camp-centrada-en-loli-doliva\\\/#article\",\"isPartOf\":{\"@id\":\"https:\\\/\\\/mont-roig.cat\\\/es\\\/actualitat\\\/noticies\\\/mont-roig-del-camp-se-suma-a-la-primera-ruta-cicloturista-del-baix-camp-centrada-en-loli-doliva\\\/\"},\"author\":{\"name\":\"administrador\",\"@id\":\"https:\\\/\\\/mont-roig.cat\\\/es\\\/#\\\/schema\\\/person\\\/f2b111789f22b7d0c3bd6786c9128cba\"},\"headline\":\"Mont-roig del Camp se suma a la primera Ruta Cicloturista del Baix Camp centrada en el aceite de oliva\",\"datePublished\":\"2019-12-12T12:22:23+00:00\",\"dateModified\":\"2019-12-17T11:51:40+00:00\",\"mainEntityOfPage\":{\"@id\":\"https:\\\/\\\/mont-roig.cat\\\/es\\\/actualitat\\\/noticies\\\/mont-roig-del-camp-se-suma-a-la-primera-ruta-cicloturista-del-baix-camp-centrada-en-loli-doliva\\\/\"},\"wordCount\":500,\"image\":{\"@id\":\"https:\\\/\\\/mont-roig.cat\\\/es\\\/actualitat\\\/noticies\\\/mont-roig-del-camp-se-suma-a-la-primera-ruta-cicloturista-del-baix-camp-centrada-en-loli-doliva\\\/#primaryimage\"},\"thumbnailUrl\":\"https:\\\/\\\/mont-roig.cat\\\/wp-content\\\/uploads\\\/10_BTT_PANOR\u00c0MICA_OK-scaled.jpg\",\"articleSection\":[\"Ayuntamiento\",\"Turismo\"],\"inLanguage\":\"es\"},{\"@type\":\"WebPage\",\"@id\":\"https:\\\/\\\/mont-roig.cat\\\/es\\\/actualitat\\\/noticies\\\/mont-roig-del-camp-se-suma-a-la-primera-ruta-cicloturista-del-baix-camp-centrada-en-loli-doliva\\\/\",\"url\":\"https:\\\/\\\/mont-roig.cat\\\/es\\\/actualitat\\\/noticies\\\/mont-roig-del-camp-se-suma-a-la-primera-ruta-cicloturista-del-baix-camp-centrada-en-loli-doliva\\\/\",\"name\":\"Mont-roig del Camp se suma a la primera Ruta Cicloturista del Baix Camp centrada en el aceite de oliva - Ajuntament de Mont-roig del Camp\",\"isPartOf\":{\"@id\":\"https:\\\/\\\/mont-roig.cat\\\/es\\\/#website\"},\"primaryImageOfPage\":{\"@id\":\"https:\\\/\\\/mont-roig.cat\\\/es\\\/actualitat\\\/noticies\\\/mont-roig-del-camp-se-suma-a-la-primera-ruta-cicloturista-del-baix-camp-centrada-en-loli-doliva\\\/#primaryimage\"},\"image\":{\"@id\":\"https:\\\/\\\/mont-roig.cat\\\/es\\\/actualitat\\\/noticies\\\/mont-roig-del-camp-se-suma-a-la-primera-ruta-cicloturista-del-baix-camp-centrada-en-loli-doliva\\\/#primaryimage\"},\"thumbnailUrl\":\"https:\\\/\\\/mont-roig.cat\\\/wp-content\\\/uploads\\\/10_BTT_PANOR\u00c0MICA_OK-scaled.jpg\",\"datePublished\":\"2019-12-12T12:22:23+00:00\",\"dateModified\":\"2019-12-17T11:51:40+00:00\",\"author\":{\"@id\":\"https:\\\/\\\/mont-roig.cat\\\/es\\\/#\\\/schema\\\/person\\\/f2b111789f22b7d0c3bd6786c9128cba\"},\"breadcrumb\":{\"@id\":\"https:\\\/\\\/mont-roig.cat\\\/es\\\/actualitat\\\/noticies\\\/mont-roig-del-camp-se-suma-a-la-primera-ruta-cicloturista-del-baix-camp-centrada-en-loli-doliva\\\/#breadcrumb\"},\"inLanguage\":\"es\",\"potentialAction\":[{\"@type\":\"ReadAction\",\"target\":[\"https:\\\/\\\/mont-roig.cat\\\/es\\\/actualitat\\\/noticies\\\/mont-roig-del-camp-se-suma-a-la-primera-ruta-cicloturista-del-baix-camp-centrada-en-loli-doliva\\\/\"]}]},{\"@type\":\"ImageObject\",\"inLanguage\":\"es\",\"@id\":\"https:\\\/\\\/mont-roig.cat\\\/es\\\/actualitat\\\/noticies\\\/mont-roig-del-camp-se-suma-a-la-primera-ruta-cicloturista-del-baix-camp-centrada-en-loli-doliva\\\/#primaryimage\",\"url\":\"https:\\\/\\\/mont-roig.cat\\\/wp-content\\\/uploads\\\/10_BTT_PANOR\u00c0MICA_OK-scaled.jpg\",\"contentUrl\":\"https:\\\/\\\/mont-roig.cat\\\/wp-content\\\/uploads\\\/10_BTT_PANOR\u00c0MICA_OK-scaled.jpg\",\"width\":2048,\"height\":1703},{\"@type\":\"BreadcrumbList\",\"@id\":\"https:\\\/\\\/mont-roig.cat\\\/es\\\/actualitat\\\/noticies\\\/mont-roig-del-camp-se-suma-a-la-primera-ruta-cicloturista-del-baix-camp-centrada-en-loli-doliva\\\/#breadcrumb\",\"itemListElement\":[{\"@type\":\"ListItem\",\"position\":1,\"name\":\"Inici\",\"item\":\"https:\\\/\\\/mont-roig.cat\\\/es\\\/pagina-de-inicio\\\/\"},{\"@type\":\"ListItem\",\"position\":2,\"name\":\"Mont-roig del Camp se suma a la primera Ruta Cicloturista del Baix Camp centrada en el aceite de oliva\"}]},{\"@type\":\"WebSite\",\"@id\":\"https:\\\/\\\/mont-roig.cat\\\/es\\\/#website\",\"url\":\"https:\\\/\\\/mont-roig.cat\\\/es\\\/\",\"name\":\"Ajuntament de Mont-roig del Camp\",\"description\":\"Tota la informaci\u00f3 sobre la instituci\u00f3, els seus \u00f2rgans de govern, actualitat, serveis i molt m\u00e9s.\",\"potentialAction\":[{\"@type\":\"SearchAction\",\"target\":{\"@type\":\"EntryPoint\",\"urlTemplate\":\"https:\\\/\\\/mont-roig.cat\\\/es\\\/?s={search_term_string}\"},\"query-input\":{\"@type\":\"PropertyValueSpecification\",\"valueRequired\":true,\"valueName\":\"search_term_string\"}}],\"inLanguage\":\"es\"},{\"@type\":\"Person\",\"@id\":\"https:\\\/\\\/mont-roig.cat\\\/es\\\/#\\\/schema\\\/person\\\/f2b111789f22b7d0c3bd6786c9128cba\",\"name\":\"administrador\",\"image\":{\"@type\":\"ImageObject\",\"inLanguage\":\"es\",\"@id\":\"https:\\\/\\\/secure.gravatar.com\\\/avatar\\\/9137aac6891e2595c9d3036fd83bcb653b4db3c946db4c7d9b9be193c3c944bb?s=96&d=mm&r=g\",\"url\":\"https:\\\/\\\/secure.gravatar.com\\\/avatar\\\/9137aac6891e2595c9d3036fd83bcb653b4db3c946db4c7d9b9be193c3c944bb?s=96&d=mm&r=g\",\"contentUrl\":\"https:\\\/\\\/secure.gravatar.com\\\/avatar\\\/9137aac6891e2595c9d3036fd83bcb653b4db3c946db4c7d9b9be193c3c944bb?s=96&d=mm&r=g\",\"caption\":\"administrador\"},\"url\":\"https:\\\/\\\/mont-roig.cat\\\/es\\\/actualitat\\\/noticies\\\/author\\\/administrador\\\/\"}]}<\/script>\n<!-- \/ Yoast SEO plugin. -->","yoast_head_json":{"title":"Mont-roig del Camp se suma a la primera Ruta Cicloturista del Baix Camp centrada en el aceite de oliva - Ajuntament de Mont-roig del Camp","robots":{"index":"index","follow":"follow","max-snippet":"max-snippet:-1","max-image-preview":"max-image-preview:large","max-video-preview":"max-video-preview:-1"},"canonical":"https:\/\/mont-roig.cat\/es\/actualitat\/noticies\/mont-roig-del-camp-se-suma-a-la-primera-ruta-cicloturista-del-baix-camp-centrada-en-loli-doliva\/","og_locale":"es_ES","og_type":"article","og_title":"Mont-roig del Camp se suma a la primera Ruta Cicloturista del Baix Camp centrada en el aceite de oliva - Ajuntament de Mont-roig del Camp","og_description":"Se trata de un recorrido de 49 km por varios caminos de la comarca, que permitir\u00e1 conocer y visitar espacios relacionados con el cultivo de olivos y la producci\u00f3n de aceite, como son las cooperativas, los molinos, las agrotiendas y los museos y centros de interpretaci\u00f3n. En el marco de la promoci\u00f3n de la movilidad [&hellip;]","og_url":"https:\/\/mont-roig.cat\/es\/actualitat\/noticies\/mont-roig-del-camp-se-suma-a-la-primera-ruta-cicloturista-del-baix-camp-centrada-en-loli-doliva\/","og_site_name":"Ajuntament de Mont-roig del Camp","article_published_time":"2019-12-12T12:22:23+00:00","article_modified_time":"2019-12-17T11:51:40+00:00","og_image":[{"width":2048,"height":1703,"url":"https:\/\/mont-roig.cat\/wp-content\/uploads\/10_BTT_PANOR\u00c0MICA_OK-scaled.jpg","type":"image\/jpeg"}],"author":"administrador","twitter_card":"summary_large_image","twitter_misc":{"Escrito por":"administrador","Tiempo de lectura":"2 minutos"},"schema":{"@context":"https:\/\/schema.org","@graph":[{"@type":"Article","@id":"https:\/\/mont-roig.cat\/es\/actualitat\/noticies\/mont-roig-del-camp-se-suma-a-la-primera-ruta-cicloturista-del-baix-camp-centrada-en-loli-doliva\/#article","isPartOf":{"@id":"https:\/\/mont-roig.cat\/es\/actualitat\/noticies\/mont-roig-del-camp-se-suma-a-la-primera-ruta-cicloturista-del-baix-camp-centrada-en-loli-doliva\/"},"author":{"name":"administrador","@id":"https:\/\/mont-roig.cat\/es\/#\/schema\/person\/f2b111789f22b7d0c3bd6786c9128cba"},"headline":"Mont-roig del Camp se suma a la primera Ruta Cicloturista del Baix Camp centrada en el aceite de oliva","datePublished":"2019-12-12T12:22:23+00:00","dateModified":"2019-12-17T11:51:40+00:00","mainEntityOfPage":{"@id":"https:\/\/mont-roig.cat\/es\/actualitat\/noticies\/mont-roig-del-camp-se-suma-a-la-primera-ruta-cicloturista-del-baix-camp-centrada-en-loli-doliva\/"},"wordCount":500,"image":{"@id":"https:\/\/mont-roig.cat\/es\/actualitat\/noticies\/mont-roig-del-camp-se-suma-a-la-primera-ruta-cicloturista-del-baix-camp-centrada-en-loli-doliva\/#primaryimage"},"thumbnailUrl":"https:\/\/mont-roig.cat\/wp-content\/uploads\/10_BTT_PANOR\u00c0MICA_OK-scaled.jpg","articleSection":["Ayuntamiento","Turismo"],"inLanguage":"es"},{"@type":"WebPage","@id":"https:\/\/mont-roig.cat\/es\/actualitat\/noticies\/mont-roig-del-camp-se-suma-a-la-primera-ruta-cicloturista-del-baix-camp-centrada-en-loli-doliva\/","url":"https:\/\/mont-roig.cat\/es\/actualitat\/noticies\/mont-roig-del-camp-se-suma-a-la-primera-ruta-cicloturista-del-baix-camp-centrada-en-loli-doliva\/","name":"Mont-roig del Camp se suma a la primera Ruta Cicloturista del Baix Camp centrada en el aceite de oliva - Ajuntament de Mont-roig del Camp","isPartOf":{"@id":"https:\/\/mont-roig.cat\/es\/#website"},"primaryImageOfPage":{"@id":"https:\/\/mont-roig.cat\/es\/actualitat\/noticies\/mont-roig-del-camp-se-suma-a-la-primera-ruta-cicloturista-del-baix-camp-centrada-en-loli-doliva\/#primaryimage"},"image":{"@id":"https:\/\/mont-roig.cat\/es\/actualitat\/noticies\/mont-roig-del-camp-se-suma-a-la-primera-ruta-cicloturista-del-baix-camp-centrada-en-loli-doliva\/#primaryimage"},"thumbnailUrl":"https:\/\/mont-roig.cat\/wp-content\/uploads\/10_BTT_PANOR\u00c0MICA_OK-scaled.jpg","datePublished":"2019-12-12T12:22:23+00:00","dateModified":"2019-12-17T11:51:40+00:00","author":{"@id":"https:\/\/mont-roig.cat\/es\/#\/schema\/person\/f2b111789f22b7d0c3bd6786c9128cba"},"breadcrumb":{"@id":"https:\/\/mont-roig.cat\/es\/actualitat\/noticies\/mont-roig-del-camp-se-suma-a-la-primera-ruta-cicloturista-del-baix-camp-centrada-en-loli-doliva\/#breadcrumb"},"inLanguage":"es","potentialAction":[{"@type":"ReadAction","target":["https:\/\/mont-roig.cat\/es\/actualitat\/noticies\/mont-roig-del-camp-se-suma-a-la-primera-ruta-cicloturista-del-baix-camp-centrada-en-loli-doliva\/"]}]},{"@type":"ImageObject","inLanguage":"es","@id":"https:\/\/mont-roig.cat\/es\/actualitat\/noticies\/mont-roig-del-camp-se-suma-a-la-primera-ruta-cicloturista-del-baix-camp-centrada-en-loli-doliva\/#primaryimage","url":"https:\/\/mont-roig.cat\/wp-content\/uploads\/10_BTT_PANOR\u00c0MICA_OK-scaled.jpg","contentUrl":"https:\/\/mont-roig.cat\/wp-content\/uploads\/10_BTT_PANOR\u00c0MICA_OK-scaled.jpg","width":2048,"height":1703},{"@type":"BreadcrumbList","@id":"https:\/\/mont-roig.cat\/es\/actualitat\/noticies\/mont-roig-del-camp-se-suma-a-la-primera-ruta-cicloturista-del-baix-camp-centrada-en-loli-doliva\/#breadcrumb","itemListElement":[{"@type":"ListItem","position":1,"name":"Inici","item":"https:\/\/mont-roig.cat\/es\/pagina-de-inicio\/"},{"@type":"ListItem","position":2,"name":"Mont-roig del Camp se suma a la primera Ruta Cicloturista del Baix Camp centrada en el aceite de oliva"}]},{"@type":"WebSite","@id":"https:\/\/mont-roig.cat\/es\/#website","url":"https:\/\/mont-roig.cat\/es\/","name":"Ajuntament de Mont-roig del Camp","description":"Tota la informaci\u00f3 sobre la instituci\u00f3, els seus \u00f2rgans de govern, actualitat, serveis i molt m\u00e9s.","potentialAction":[{"@type":"SearchAction","target":{"@type":"EntryPoint","urlTemplate":"https:\/\/mont-roig.cat\/es\/?s={search_term_string}"},"query-input":{"@type":"PropertyValueSpecification","valueRequired":true,"valueName":"search_term_string"}}],"inLanguage":"es"},{"@type":"Person","@id":"https:\/\/mont-roig.cat\/es\/#\/schema\/person\/f2b111789f22b7d0c3bd6786c9128cba","name":"administrador","image":{"@type":"ImageObject","inLanguage":"es","@id":"https:\/\/secure.gravatar.com\/avatar\/9137aac6891e2595c9d3036fd83bcb653b4db3c946db4c7d9b9be193c3c944bb?s=96&d=mm&r=g","url":"https:\/\/secure.gravatar.com\/avatar\/9137aac6891e2595c9d3036fd83bcb653b4db3c946db4c7d9b9be193c3c944bb?s=96&d=mm&r=g","contentUrl":"https:\/\/secure.gravatar.com\/avatar\/9137aac6891e2595c9d3036fd83bcb653b4db3c946db4c7d9b9be193c3c944bb?s=96&d=mm&r=g","caption":"administrador"},"url":"https:\/\/mont-roig.cat\/es\/actualitat\/noticies\/author\/administrador\/"}]}},"_links":{"self":[{"href":"https:\/\/mont-roig.cat\/es\/wp-json\/wp\/v2\/posts\/41406","targetHints":{"allow":["GET"]}}],"collection":[{"href":"https:\/\/mont-roig.cat\/es\/wp-json\/wp\/v2\/posts"}],"about":[{"href":"https:\/\/mont-roig.cat\/es\/wp-json\/wp\/v2\/types\/post"}],"author":[{"embeddable":true,"href":"https:\/\/mont-roig.cat\/es\/wp-json\/wp\/v2\/users\/4"}],"replies":[{"embeddable":true,"href":"https:\/\/mont-roig.cat\/es\/wp-json\/wp\/v2\/comments?post=41406"}],"version-history":[{"count":9,"href":"https:\/\/mont-roig.cat\/es\/wp-json\/wp\/v2\/posts\/41406\/revisions"}],"predecessor-version":[{"id":41524,"href":"https:\/\/mont-roig.cat\/es\/wp-json\/wp\/v2\/posts\/41406\/revisions\/41524"}],"wp:featuredmedia":[{"embeddable":true,"href":"https:\/\/mont-roig.cat\/es\/wp-json\/wp\/v2\/media\/41516"}],"wp:attachment":[{"href":"https:\/\/mont-roig.cat\/es\/wp-json\/wp\/v2\/media?parent=41406"}],"wp:term":[{"taxonomy":"category","embeddable":true,"href":"https:\/\/mont-roig.cat\/es\/wp-json\/wp\/v2\/categories?post=41406"},{"taxonomy":"post_tag","embeddable":true,"href":"https:\/\/mont-roig.cat\/es\/wp-json\/wp\/v2\/tags?post=41406"}],"curies":[{"name":"wp","href":"https:\/\/api.w.org\/{rel}","templated":true}]}}