{"id":42102,"date":"2020-01-01T10:38:51","date_gmt":"2020-01-01T09:38:51","guid":{"rendered":"https:\/\/mont-roig.cat\/?p=42102"},"modified":"2020-01-01T10:38:51","modified_gmt":"2020-01-01T09:38:51","slug":"se-suspende-el-primer-bano-del-ano-que-organiza-el-ayuntamiento","status":"publish","type":"post","link":"https:\/\/mont-roig.cat\/es\/actualitat\/noticies\/se-suspende-el-primer-bano-del-ano-que-organiza-el-ayuntamiento\/","title":{"rendered":"Se suspende el primer ba\u00f1o del a\u00f1o que organiza el Ayuntamiento"},"content":{"rendered":"<p>Por causas sobrevenidas, queda suspendido el primer ba\u00f1o del a\u00f1o que organiza el Ayuntamiento. Aquellos que ten\u00edais la intenci\u00f3n de hacer este primer ba\u00f1o, os animamos a continuar la tradici\u00f3n. \u00a1Feliz a\u00f1o nuevo!<br \/>\n<a href=\"https:\/\/mont-roig.cat\/wp-content\/uploads\/Dies-de-Nadal-2019-2020.jpg\"><img loading=\"lazy\" decoding=\"async\" class=\"alignright wp-image-41002\" src=\"https:\/\/mont-roig.cat\/wp-content\/uploads\/Dies-de-Nadal-2019-2020.jpg\" alt=\"\" width=\"300\" height=\"300\" srcset=\"https:\/\/mont-roig.cat\/wp-content\/uploads\/Dies-de-Nadal-2019-2020.jpg 709w, https:\/\/mont-roig.cat\/wp-content\/uploads\/Dies-de-Nadal-2019-2020-50x50.jpg 50w, https:\/\/mont-roig.cat\/wp-content\/uploads\/Dies-de-Nadal-2019-2020-500x500.jpg 500w, https:\/\/mont-roig.cat\/wp-content\/uploads\/Dies-de-Nadal-2019-2020-560x560.jpg 560w, https:\/\/mont-roig.cat\/wp-content\/uploads\/Dies-de-Nadal-2019-2020-367x367.jpg 367w, https:\/\/mont-roig.cat\/wp-content\/uploads\/Dies-de-Nadal-2019-2020-450x450.jpg 450w, https:\/\/mont-roig.cat\/wp-content\/uploads\/Dies-de-Nadal-2019-2020-85x85.jpg 85w, https:\/\/mont-roig.cat\/wp-content\/uploads\/Dies-de-Nadal-2019-2020-45x45.jpg 45w\" sizes=\"auto, (max-width: 300px) 100vw, 300px\" \/><\/a><\/p>\n","protected":false},"excerpt":{"rendered":"<p>Por causas sobrevenidas, queda suspendido el primer ba\u00f1o del a\u00f1o que organiza el Ayuntamiento. Aquellos que ten\u00edais la intenci\u00f3n de hacer este primer ba\u00f1o, os animamos a continuar la tradici\u00f3n. \u00a1Feliz a\u00f1o nuevo!<\/p>\n","protected":false},"author":4,"featured_media":41070,"comment_status":"closed","ping_status":"closed","sticky":false,"template":"","format":"standard","meta":{"inline_featured_image":false,"_monsterinsights_skip_tracking":false,"_monsterinsights_sitenote_active":false,"_monsterinsights_sitenote_note":"","_monsterinsights_sitenote_category":0,"footnotes":""},"categories":[71],"tags":[],"class_list":["post-42102","post","type-post","status-publish","format-standard","has-post-thumbnail","hentry","category-general-es"],"yoast_head":"<!-- This site is optimized with the Yoast SEO plugin v27.4 - https:\/\/yoast.com\/product\/yoast-seo-wordpress\/ -->\n<title>Se suspende el primer ba\u00f1o del a\u00f1o que organiza el Ayuntamiento - Ajuntament de Mont-roig del Camp<\/title>\n<meta name=\"robots\" content=\"index, follow, max-snippet:-1, max-image-preview:large, max-video-preview:-1\" \/>\n<link rel=\"canonical\" href=\"https:\/\/mont-roig.cat\/es\/actualitat\/noticies\/se-suspende-el-primer-bano-del-ano-que-organiza-el-ayuntamiento\/\" \/>\n<meta property=\"og:locale\" content=\"es_ES\" \/>\n<meta property=\"og:type\" content=\"article\" \/>\n<meta property=\"og:title\" content=\"Se suspende el primer ba\u00f1o del a\u00f1o que organiza el Ayuntamiento - Ajuntament de Mont-roig del Camp\" \/>\n<meta property=\"og:description\" content=\"Por causas sobrevenidas, queda suspendido el primer ba\u00f1o del a\u00f1o que organiza el Ayuntamiento. Aquellos que ten\u00edais la intenci\u00f3n de hacer este primer ba\u00f1o, os animamos a continuar la tradici\u00f3n. \u00a1Feliz a\u00f1o nuevo!\" \/>\n<meta property=\"og:url\" content=\"https:\/\/mont-roig.cat\/es\/actualitat\/noticies\/se-suspende-el-primer-bano-del-ano-que-organiza-el-ayuntamiento\/\" \/>\n<meta property=\"og:site_name\" content=\"Ajuntament de Mont-roig del Camp\" \/>\n<meta property=\"article:published_time\" content=\"2020-01-01T09:38:51+00:00\" \/>\n<meta property=\"og:image\" content=\"https:\/\/mont-roig.cat\/wp-content\/uploads\/MM_BANNER_NADAL2019.jpg\" \/>\n\t<meta property=\"og:image:width\" content=\"1920\" \/>\n\t<meta property=\"og:image:height\" content=\"435\" \/>\n\t<meta property=\"og:image:type\" content=\"image\/jpeg\" \/>\n<meta name=\"author\" content=\"administrador\" \/>\n<meta name=\"twitter:card\" content=\"summary_large_image\" \/>\n<meta name=\"twitter:label1\" content=\"Escrito por\" \/>\n\t<meta name=\"twitter:data1\" content=\"administrador\" \/>\n<script type=\"application\/ld+json\" class=\"yoast-schema-graph\">{\"@context\":\"https:\\\/\\\/schema.org\",\"@graph\":[{\"@type\":\"Article\",\"@id\":\"https:\\\/\\\/mont-roig.cat\\\/es\\\/actualitat\\\/noticies\\\/se-suspende-el-primer-bano-del-ano-que-organiza-el-ayuntamiento\\\/#article\",\"isPartOf\":{\"@id\":\"https:\\\/\\\/mont-roig.cat\\\/es\\\/actualitat\\\/noticies\\\/se-suspende-el-primer-bano-del-ano-que-organiza-el-ayuntamiento\\\/\"},\"author\":{\"name\":\"administrador\",\"@id\":\"https:\\\/\\\/mont-roig.cat\\\/es\\\/#\\\/schema\\\/person\\\/f2b111789f22b7d0c3bd6786c9128cba\"},\"headline\":\"Se suspende el primer ba\u00f1o del a\u00f1o que organiza el Ayuntamiento\",\"datePublished\":\"2020-01-01T09:38:51+00:00\",\"mainEntityOfPage\":{\"@id\":\"https:\\\/\\\/mont-roig.cat\\\/es\\\/actualitat\\\/noticies\\\/se-suspende-el-primer-bano-del-ano-que-organiza-el-ayuntamiento\\\/\"},\"wordCount\":53,\"image\":{\"@id\":\"https:\\\/\\\/mont-roig.cat\\\/es\\\/actualitat\\\/noticies\\\/se-suspende-el-primer-bano-del-ano-que-organiza-el-ayuntamiento\\\/#primaryimage\"},\"thumbnailUrl\":\"https:\\\/\\\/mont-roig.cat\\\/wp-content\\\/uploads\\\/MM_BANNER_NADAL2019.jpg\",\"articleSection\":[\"General\"],\"inLanguage\":\"es\"},{\"@type\":\"WebPage\",\"@id\":\"https:\\\/\\\/mont-roig.cat\\\/es\\\/actualitat\\\/noticies\\\/se-suspende-el-primer-bano-del-ano-que-organiza-el-ayuntamiento\\\/\",\"url\":\"https:\\\/\\\/mont-roig.cat\\\/es\\\/actualitat\\\/noticies\\\/se-suspende-el-primer-bano-del-ano-que-organiza-el-ayuntamiento\\\/\",\"name\":\"Se suspende el primer ba\u00f1o del a\u00f1o que organiza el Ayuntamiento - Ajuntament de Mont-roig del Camp\",\"isPartOf\":{\"@id\":\"https:\\\/\\\/mont-roig.cat\\\/es\\\/#website\"},\"primaryImageOfPage\":{\"@id\":\"https:\\\/\\\/mont-roig.cat\\\/es\\\/actualitat\\\/noticies\\\/se-suspende-el-primer-bano-del-ano-que-organiza-el-ayuntamiento\\\/#primaryimage\"},\"image\":{\"@id\":\"https:\\\/\\\/mont-roig.cat\\\/es\\\/actualitat\\\/noticies\\\/se-suspende-el-primer-bano-del-ano-que-organiza-el-ayuntamiento\\\/#primaryimage\"},\"thumbnailUrl\":\"https:\\\/\\\/mont-roig.cat\\\/wp-content\\\/uploads\\\/MM_BANNER_NADAL2019.jpg\",\"datePublished\":\"2020-01-01T09:38:51+00:00\",\"author\":{\"@id\":\"https:\\\/\\\/mont-roig.cat\\\/es\\\/#\\\/schema\\\/person\\\/f2b111789f22b7d0c3bd6786c9128cba\"},\"breadcrumb\":{\"@id\":\"https:\\\/\\\/mont-roig.cat\\\/es\\\/actualitat\\\/noticies\\\/se-suspende-el-primer-bano-del-ano-que-organiza-el-ayuntamiento\\\/#breadcrumb\"},\"inLanguage\":\"es\",\"potentialAction\":[{\"@type\":\"ReadAction\",\"target\":[\"https:\\\/\\\/mont-roig.cat\\\/es\\\/actualitat\\\/noticies\\\/se-suspende-el-primer-bano-del-ano-que-organiza-el-ayuntamiento\\\/\"]}]},{\"@type\":\"ImageObject\",\"inLanguage\":\"es\",\"@id\":\"https:\\\/\\\/mont-roig.cat\\\/es\\\/actualitat\\\/noticies\\\/se-suspende-el-primer-bano-del-ano-que-organiza-el-ayuntamiento\\\/#primaryimage\",\"url\":\"https:\\\/\\\/mont-roig.cat\\\/wp-content\\\/uploads\\\/MM_BANNER_NADAL2019.jpg\",\"contentUrl\":\"https:\\\/\\\/mont-roig.cat\\\/wp-content\\\/uploads\\\/MM_BANNER_NADAL2019.jpg\",\"width\":1920,\"height\":435},{\"@type\":\"BreadcrumbList\",\"@id\":\"https:\\\/\\\/mont-roig.cat\\\/es\\\/actualitat\\\/noticies\\\/se-suspende-el-primer-bano-del-ano-que-organiza-el-ayuntamiento\\\/#breadcrumb\",\"itemListElement\":[{\"@type\":\"ListItem\",\"position\":1,\"name\":\"Inici\",\"item\":\"https:\\\/\\\/mont-roig.cat\\\/es\\\/pagina-de-inicio\\\/\"},{\"@type\":\"ListItem\",\"position\":2,\"name\":\"Se suspende el primer ba\u00f1o del a\u00f1o que organiza el Ayuntamiento\"}]},{\"@type\":\"WebSite\",\"@id\":\"https:\\\/\\\/mont-roig.cat\\\/es\\\/#website\",\"url\":\"https:\\\/\\\/mont-roig.cat\\\/es\\\/\",\"name\":\"Ajuntament de Mont-roig del Camp\",\"description\":\"Tota la informaci\u00f3 sobre la instituci\u00f3, els seus \u00f2rgans de govern, actualitat, serveis i molt m\u00e9s.\",\"potentialAction\":[{\"@type\":\"SearchAction\",\"target\":{\"@type\":\"EntryPoint\",\"urlTemplate\":\"https:\\\/\\\/mont-roig.cat\\\/es\\\/?s={search_term_string}\"},\"query-input\":{\"@type\":\"PropertyValueSpecification\",\"valueRequired\":true,\"valueName\":\"search_term_string\"}}],\"inLanguage\":\"es\"},{\"@type\":\"Person\",\"@id\":\"https:\\\/\\\/mont-roig.cat\\\/es\\\/#\\\/schema\\\/person\\\/f2b111789f22b7d0c3bd6786c9128cba\",\"name\":\"administrador\",\"image\":{\"@type\":\"ImageObject\",\"inLanguage\":\"es\",\"@id\":\"https:\\\/\\\/secure.gravatar.com\\\/avatar\\\/9137aac6891e2595c9d3036fd83bcb653b4db3c946db4c7d9b9be193c3c944bb?s=96&d=mm&r=g\",\"url\":\"https:\\\/\\\/secure.gravatar.com\\\/avatar\\\/9137aac6891e2595c9d3036fd83bcb653b4db3c946db4c7d9b9be193c3c944bb?s=96&d=mm&r=g\",\"contentUrl\":\"https:\\\/\\\/secure.gravatar.com\\\/avatar\\\/9137aac6891e2595c9d3036fd83bcb653b4db3c946db4c7d9b9be193c3c944bb?s=96&d=mm&r=g\",\"caption\":\"administrador\"},\"url\":\"https:\\\/\\\/mont-roig.cat\\\/es\\\/actualitat\\\/noticies\\\/author\\\/administrador\\\/\"}]}<\/script>\n<!-- \/ Yoast SEO plugin. -->","yoast_head_json":{"title":"Se suspende el primer ba\u00f1o del a\u00f1o que organiza el Ayuntamiento - Ajuntament de Mont-roig del Camp","robots":{"index":"index","follow":"follow","max-snippet":"max-snippet:-1","max-image-preview":"max-image-preview:large","max-video-preview":"max-video-preview:-1"},"canonical":"https:\/\/mont-roig.cat\/es\/actualitat\/noticies\/se-suspende-el-primer-bano-del-ano-que-organiza-el-ayuntamiento\/","og_locale":"es_ES","og_type":"article","og_title":"Se suspende el primer ba\u00f1o del a\u00f1o que organiza el Ayuntamiento - Ajuntament de Mont-roig del Camp","og_description":"Por causas sobrevenidas, queda suspendido el primer ba\u00f1o del a\u00f1o que organiza el Ayuntamiento. Aquellos que ten\u00edais la intenci\u00f3n de hacer este primer ba\u00f1o, os animamos a continuar la tradici\u00f3n. \u00a1Feliz a\u00f1o nuevo!","og_url":"https:\/\/mont-roig.cat\/es\/actualitat\/noticies\/se-suspende-el-primer-bano-del-ano-que-organiza-el-ayuntamiento\/","og_site_name":"Ajuntament de Mont-roig del Camp","article_published_time":"2020-01-01T09:38:51+00:00","og_image":[{"width":1920,"height":435,"url":"https:\/\/mont-roig.cat\/wp-content\/uploads\/MM_BANNER_NADAL2019.jpg","type":"image\/jpeg"}],"author":"administrador","twitter_card":"summary_large_image","twitter_misc":{"Escrito por":"administrador"},"schema":{"@context":"https:\/\/schema.org","@graph":[{"@type":"Article","@id":"https:\/\/mont-roig.cat\/es\/actualitat\/noticies\/se-suspende-el-primer-bano-del-ano-que-organiza-el-ayuntamiento\/#article","isPartOf":{"@id":"https:\/\/mont-roig.cat\/es\/actualitat\/noticies\/se-suspende-el-primer-bano-del-ano-que-organiza-el-ayuntamiento\/"},"author":{"name":"administrador","@id":"https:\/\/mont-roig.cat\/es\/#\/schema\/person\/f2b111789f22b7d0c3bd6786c9128cba"},"headline":"Se suspende el primer ba\u00f1o del a\u00f1o que organiza el Ayuntamiento","datePublished":"2020-01-01T09:38:51+00:00","mainEntityOfPage":{"@id":"https:\/\/mont-roig.cat\/es\/actualitat\/noticies\/se-suspende-el-primer-bano-del-ano-que-organiza-el-ayuntamiento\/"},"wordCount":53,"image":{"@id":"https:\/\/mont-roig.cat\/es\/actualitat\/noticies\/se-suspende-el-primer-bano-del-ano-que-organiza-el-ayuntamiento\/#primaryimage"},"thumbnailUrl":"https:\/\/mont-roig.cat\/wp-content\/uploads\/MM_BANNER_NADAL2019.jpg","articleSection":["General"],"inLanguage":"es"},{"@type":"WebPage","@id":"https:\/\/mont-roig.cat\/es\/actualitat\/noticies\/se-suspende-el-primer-bano-del-ano-que-organiza-el-ayuntamiento\/","url":"https:\/\/mont-roig.cat\/es\/actualitat\/noticies\/se-suspende-el-primer-bano-del-ano-que-organiza-el-ayuntamiento\/","name":"Se suspende el primer ba\u00f1o del a\u00f1o que organiza el Ayuntamiento - Ajuntament de Mont-roig del Camp","isPartOf":{"@id":"https:\/\/mont-roig.cat\/es\/#website"},"primaryImageOfPage":{"@id":"https:\/\/mont-roig.cat\/es\/actualitat\/noticies\/se-suspende-el-primer-bano-del-ano-que-organiza-el-ayuntamiento\/#primaryimage"},"image":{"@id":"https:\/\/mont-roig.cat\/es\/actualitat\/noticies\/se-suspende-el-primer-bano-del-ano-que-organiza-el-ayuntamiento\/#primaryimage"},"thumbnailUrl":"https:\/\/mont-roig.cat\/wp-content\/uploads\/MM_BANNER_NADAL2019.jpg","datePublished":"2020-01-01T09:38:51+00:00","author":{"@id":"https:\/\/mont-roig.cat\/es\/#\/schema\/person\/f2b111789f22b7d0c3bd6786c9128cba"},"breadcrumb":{"@id":"https:\/\/mont-roig.cat\/es\/actualitat\/noticies\/se-suspende-el-primer-bano-del-ano-que-organiza-el-ayuntamiento\/#breadcrumb"},"inLanguage":"es","potentialAction":[{"@type":"ReadAction","target":["https:\/\/mont-roig.cat\/es\/actualitat\/noticies\/se-suspende-el-primer-bano-del-ano-que-organiza-el-ayuntamiento\/"]}]},{"@type":"ImageObject","inLanguage":"es","@id":"https:\/\/mont-roig.cat\/es\/actualitat\/noticies\/se-suspende-el-primer-bano-del-ano-que-organiza-el-ayuntamiento\/#primaryimage","url":"https:\/\/mont-roig.cat\/wp-content\/uploads\/MM_BANNER_NADAL2019.jpg","contentUrl":"https:\/\/mont-roig.cat\/wp-content\/uploads\/MM_BANNER_NADAL2019.jpg","width":1920,"height":435},{"@type":"BreadcrumbList","@id":"https:\/\/mont-roig.cat\/es\/actualitat\/noticies\/se-suspende-el-primer-bano-del-ano-que-organiza-el-ayuntamiento\/#breadcrumb","itemListElement":[{"@type":"ListItem","position":1,"name":"Inici","item":"https:\/\/mont-roig.cat\/es\/pagina-de-inicio\/"},{"@type":"ListItem","position":2,"name":"Se suspende el primer ba\u00f1o del a\u00f1o que organiza el Ayuntamiento"}]},{"@type":"WebSite","@id":"https:\/\/mont-roig.cat\/es\/#website","url":"https:\/\/mont-roig.cat\/es\/","name":"Ajuntament de Mont-roig del Camp","description":"Tota la informaci\u00f3 sobre la instituci\u00f3, els seus \u00f2rgans de govern, actualitat, serveis i molt m\u00e9s.","potentialAction":[{"@type":"SearchAction","target":{"@type":"EntryPoint","urlTemplate":"https:\/\/mont-roig.cat\/es\/?s={search_term_string}"},"query-input":{"@type":"PropertyValueSpecification","valueRequired":true,"valueName":"search_term_string"}}],"inLanguage":"es"},{"@type":"Person","@id":"https:\/\/mont-roig.cat\/es\/#\/schema\/person\/f2b111789f22b7d0c3bd6786c9128cba","name":"administrador","image":{"@type":"ImageObject","inLanguage":"es","@id":"https:\/\/secure.gravatar.com\/avatar\/9137aac6891e2595c9d3036fd83bcb653b4db3c946db4c7d9b9be193c3c944bb?s=96&d=mm&r=g","url":"https:\/\/secure.gravatar.com\/avatar\/9137aac6891e2595c9d3036fd83bcb653b4db3c946db4c7d9b9be193c3c944bb?s=96&d=mm&r=g","contentUrl":"https:\/\/secure.gravatar.com\/avatar\/9137aac6891e2595c9d3036fd83bcb653b4db3c946db4c7d9b9be193c3c944bb?s=96&d=mm&r=g","caption":"administrador"},"url":"https:\/\/mont-roig.cat\/es\/actualitat\/noticies\/author\/administrador\/"}]}},"_links":{"self":[{"href":"https:\/\/mont-roig.cat\/es\/wp-json\/wp\/v2\/posts\/42102","targetHints":{"allow":["GET"]}}],"collection":[{"href":"https:\/\/mont-roig.cat\/es\/wp-json\/wp\/v2\/posts"}],"about":[{"href":"https:\/\/mont-roig.cat\/es\/wp-json\/wp\/v2\/types\/post"}],"author":[{"embeddable":true,"href":"https:\/\/mont-roig.cat\/es\/wp-json\/wp\/v2\/users\/4"}],"replies":[{"embeddable":true,"href":"https:\/\/mont-roig.cat\/es\/wp-json\/wp\/v2\/comments?post=42102"}],"version-history":[{"count":2,"href":"https:\/\/mont-roig.cat\/es\/wp-json\/wp\/v2\/posts\/42102\/revisions"}],"predecessor-version":[{"id":42104,"href":"https:\/\/mont-roig.cat\/es\/wp-json\/wp\/v2\/posts\/42102\/revisions\/42104"}],"wp:featuredmedia":[{"embeddable":true,"href":"https:\/\/mont-roig.cat\/es\/wp-json\/wp\/v2\/media\/41070"}],"wp:attachment":[{"href":"https:\/\/mont-roig.cat\/es\/wp-json\/wp\/v2\/media?parent=42102"}],"wp:term":[{"taxonomy":"category","embeddable":true,"href":"https:\/\/mont-roig.cat\/es\/wp-json\/wp\/v2\/categories?post=42102"},{"taxonomy":"post_tag","embeddable":true,"href":"https:\/\/mont-roig.cat\/es\/wp-json\/wp\/v2\/tags?post=42102"}],"curies":[{"name":"wp","href":"https:\/\/api.w.org\/{rel}","templated":true}]}}