{"id":42196,"date":"2020-01-10T13:07:22","date_gmt":"2020-01-10T12:07:22","guid":{"rendered":"https:\/\/mont-roig.cat\/actualitat\/noticies\/diumenge-a-mitjanit-deixaran-de-passar-els-trens-per-la-via-de-costa\/"},"modified":"2020-01-10T13:10:17","modified_gmt":"2020-01-10T12:10:17","slug":"diumenge-a-mitjanit-deixaran-de-passar-els-trens-per-la-via-de-costa","status":"publish","type":"post","link":"https:\/\/mont-roig.cat\/es\/actualitat\/noticies\/diumenge-a-mitjanit-deixaran-de-passar-els-trens-per-la-via-de-costa\/","title":{"rendered":"Domingo a medianoche dejar\u00e1n pasar trenes por la v\u00eda de la costa"},"content":{"rendered":"<div id=\"attachment_42193\" style=\"width: 325px\" class=\"wp-caption alignright\"><a href=\"https:\/\/mont-roig.cat\/wp-content\/uploads\/Via-del-tren-paas-per-Miami-Platja.jpg\"><img loading=\"lazy\" decoding=\"async\" aria-describedby=\"caption-attachment-42193\" class=\"wp-image-42193\" src=\"https:\/\/mont-roig.cat\/wp-content\/uploads\/Via-del-tren-paas-per-Miami-Platja.jpg\" alt=\"\" width=\"315\" height=\"236\" \/><\/a><p id=\"caption-attachment-42193\" class=\"wp-caption-text\">La v\u00eda del tren a su paso por el centro de Miami Platja<\/p><\/div>\n<p style=\"text-align: justify;\">La v\u00eda ferroviaria de la costa dejar\u00e1 de estar activa este domingo a partir de las doce de la noche. El \u00faltimo tren, procedente de Barcelona llegar\u00e1 a l\u2019Hospitalet de l\u2019Infant a las 22.43 h. Este ser\u00e1 el \u00faltimo trayecto que dar\u00e1 servicio en esta v\u00eda y que, por tanto, pasar\u00e1 por el t\u00e9rmino municipal de Mont-roig del Camp y el n\u00facleo de Miami Platja. Una vez descargados los pasajeros volver\u00e1 vac\u00edo direcci\u00f3n Tarragona.<\/p>\n<p style=\"text-align: justify;\">A partir de este momento, las catenarias dejar\u00e1n de tener suministro el\u00e9ctrico y la v\u00eda, desde l\u2019Hospitalet de l\u2019Infant y hasta Port Aventura, quedar\u00e1 t\u00e9cnicamente sin servicio. A partir de medianoche tambi\u00e9n se levantar\u00e1n las barreras de los pasos a nivel y a partir de la pr\u00f3xima semana comenzar\u00e1n los trabajos preparatorios para quitar la catenaria. Lo \u00fanico que quedar\u00e1 de momento ser\u00e1 precisamente una vagoneta de trabajo, que a velocidad muy lenta y con planificaci\u00f3n preventiva de seguridad, se mover\u00e1 por este tramo para efectuar estas tareas de eliminaci\u00f3n de barreras y catenaria.<\/p>\n<p>&nbsp;<\/p>\n<p style=\"text-align: justify;\"><a href=\"http:\/\/prensa.adif.es\/ade\/u08\/GAP\/Prensa.nsf\/Vo000A\/266C887D4295595AC12584E90046C7D9?Opendocument\">Todos los detalles t\u00e9cnicos y operativos del cese de la operatividad de esta v\u00eda se pueden consultar en esta nota de prensa de Adif.<\/a><\/p>\n<p style=\"text-align: justify;\">\n<p style=\"text-align: justify;\">\n<p>&nbsp;<\/p>\n","protected":false},"excerpt":{"rendered":"<p>La v\u00eda ferroviaria de la costa dejar\u00e1 de estar activa este domingo a partir de las doce de la noche. El \u00faltimo tren, procedente de Barcelona llegar\u00e1 a l\u2019Hospitalet de l\u2019Infant a las 22.43 h. Este ser\u00e1 el \u00faltimo trayecto que dar\u00e1 servicio en esta v\u00eda y que, por tanto, pasar\u00e1 por el t\u00e9rmino municipal [&hellip;]<\/p>\n","protected":false},"author":4,"featured_media":42193,"comment_status":"closed","ping_status":"closed","sticky":false,"template":"","format":"standard","meta":{"inline_featured_image":false,"_monsterinsights_skip_tracking":false,"_monsterinsights_sitenote_active":false,"_monsterinsights_sitenote_note":"","_monsterinsights_sitenote_category":0,"footnotes":""},"categories":[71],"tags":[],"class_list":["post-42196","post","type-post","status-publish","format-standard","has-post-thumbnail","hentry","category-general-es"],"yoast_head":"<!-- This site is optimized with the Yoast SEO plugin v27.4 - https:\/\/yoast.com\/product\/yoast-seo-wordpress\/ -->\n<title>Domingo a medianoche dejar\u00e1n pasar trenes por la v\u00eda de la costa - Ajuntament de Mont-roig del Camp<\/title>\n<meta name=\"robots\" content=\"index, follow, max-snippet:-1, max-image-preview:large, max-video-preview:-1\" \/>\n<link rel=\"canonical\" href=\"https:\/\/mont-roig.cat\/es\/actualitat\/noticies\/diumenge-a-mitjanit-deixaran-de-passar-els-trens-per-la-via-de-costa\/\" \/>\n<meta property=\"og:locale\" content=\"es_ES\" \/>\n<meta property=\"og:type\" content=\"article\" \/>\n<meta property=\"og:title\" content=\"Domingo a medianoche dejar\u00e1n pasar trenes por la v\u00eda de la costa - Ajuntament de Mont-roig del Camp\" \/>\n<meta property=\"og:description\" content=\"La v\u00eda ferroviaria de la costa dejar\u00e1 de estar activa este domingo a partir de las doce de la noche. El \u00faltimo tren, procedente de Barcelona llegar\u00e1 a l\u2019Hospitalet de l\u2019Infant a las 22.43 h. Este ser\u00e1 el \u00faltimo trayecto que dar\u00e1 servicio en esta v\u00eda y que, por tanto, pasar\u00e1 por el t\u00e9rmino municipal [&hellip;]\" \/>\n<meta property=\"og:url\" content=\"https:\/\/mont-roig.cat\/es\/actualitat\/noticies\/diumenge-a-mitjanit-deixaran-de-passar-els-trens-per-la-via-de-costa\/\" \/>\n<meta property=\"og:site_name\" content=\"Ajuntament de Mont-roig del Camp\" \/>\n<meta property=\"article:published_time\" content=\"2020-01-10T12:07:22+00:00\" \/>\n<meta property=\"article:modified_time\" content=\"2020-01-10T12:10:17+00:00\" \/>\n<meta property=\"og:image\" content=\"https:\/\/mont-roig.cat\/wp-content\/uploads\/Via-del-tren-paas-per-Miami-Platja-1024x768.jpg\" \/>\n\t<meta property=\"og:image:width\" content=\"1024\" \/>\n\t<meta property=\"og:image:height\" content=\"768\" \/>\n\t<meta property=\"og:image:type\" content=\"image\/jpeg\" \/>\n<meta name=\"author\" content=\"administrador\" \/>\n<meta name=\"twitter:card\" content=\"summary_large_image\" \/>\n<meta name=\"twitter:label1\" content=\"Escrito por\" \/>\n\t<meta name=\"twitter:data1\" content=\"administrador\" \/>\n\t<meta name=\"twitter:label2\" content=\"Tiempo de lectura\" \/>\n\t<meta name=\"twitter:data2\" content=\"1 minuto\" \/>\n<script type=\"application\/ld+json\" class=\"yoast-schema-graph\">{\"@context\":\"https:\\\/\\\/schema.org\",\"@graph\":[{\"@type\":\"Article\",\"@id\":\"https:\\\/\\\/mont-roig.cat\\\/es\\\/actualitat\\\/noticies\\\/diumenge-a-mitjanit-deixaran-de-passar-els-trens-per-la-via-de-costa\\\/#article\",\"isPartOf\":{\"@id\":\"https:\\\/\\\/mont-roig.cat\\\/es\\\/actualitat\\\/noticies\\\/diumenge-a-mitjanit-deixaran-de-passar-els-trens-per-la-via-de-costa\\\/\"},\"author\":{\"name\":\"administrador\",\"@id\":\"https:\\\/\\\/mont-roig.cat\\\/es\\\/#\\\/schema\\\/person\\\/f2b111789f22b7d0c3bd6786c9128cba\"},\"headline\":\"Domingo a medianoche dejar\u00e1n pasar trenes por la v\u00eda de la costa\",\"datePublished\":\"2020-01-10T12:07:22+00:00\",\"dateModified\":\"2020-01-10T12:10:17+00:00\",\"mainEntityOfPage\":{\"@id\":\"https:\\\/\\\/mont-roig.cat\\\/es\\\/actualitat\\\/noticies\\\/diumenge-a-mitjanit-deixaran-de-passar-els-trens-per-la-via-de-costa\\\/\"},\"wordCount\":250,\"image\":{\"@id\":\"https:\\\/\\\/mont-roig.cat\\\/es\\\/actualitat\\\/noticies\\\/diumenge-a-mitjanit-deixaran-de-passar-els-trens-per-la-via-de-costa\\\/#primaryimage\"},\"thumbnailUrl\":\"https:\\\/\\\/mont-roig.cat\\\/wp-content\\\/uploads\\\/Via-del-tren-paas-per-Miami-Platja.jpg\",\"articleSection\":[\"General\"],\"inLanguage\":\"es\"},{\"@type\":\"WebPage\",\"@id\":\"https:\\\/\\\/mont-roig.cat\\\/es\\\/actualitat\\\/noticies\\\/diumenge-a-mitjanit-deixaran-de-passar-els-trens-per-la-via-de-costa\\\/\",\"url\":\"https:\\\/\\\/mont-roig.cat\\\/es\\\/actualitat\\\/noticies\\\/diumenge-a-mitjanit-deixaran-de-passar-els-trens-per-la-via-de-costa\\\/\",\"name\":\"Domingo a medianoche dejar\u00e1n pasar trenes por la v\u00eda de la costa - Ajuntament de Mont-roig del Camp\",\"isPartOf\":{\"@id\":\"https:\\\/\\\/mont-roig.cat\\\/es\\\/#website\"},\"primaryImageOfPage\":{\"@id\":\"https:\\\/\\\/mont-roig.cat\\\/es\\\/actualitat\\\/noticies\\\/diumenge-a-mitjanit-deixaran-de-passar-els-trens-per-la-via-de-costa\\\/#primaryimage\"},\"image\":{\"@id\":\"https:\\\/\\\/mont-roig.cat\\\/es\\\/actualitat\\\/noticies\\\/diumenge-a-mitjanit-deixaran-de-passar-els-trens-per-la-via-de-costa\\\/#primaryimage\"},\"thumbnailUrl\":\"https:\\\/\\\/mont-roig.cat\\\/wp-content\\\/uploads\\\/Via-del-tren-paas-per-Miami-Platja.jpg\",\"datePublished\":\"2020-01-10T12:07:22+00:00\",\"dateModified\":\"2020-01-10T12:10:17+00:00\",\"author\":{\"@id\":\"https:\\\/\\\/mont-roig.cat\\\/es\\\/#\\\/schema\\\/person\\\/f2b111789f22b7d0c3bd6786c9128cba\"},\"breadcrumb\":{\"@id\":\"https:\\\/\\\/mont-roig.cat\\\/es\\\/actualitat\\\/noticies\\\/diumenge-a-mitjanit-deixaran-de-passar-els-trens-per-la-via-de-costa\\\/#breadcrumb\"},\"inLanguage\":\"es\",\"potentialAction\":[{\"@type\":\"ReadAction\",\"target\":[\"https:\\\/\\\/mont-roig.cat\\\/es\\\/actualitat\\\/noticies\\\/diumenge-a-mitjanit-deixaran-de-passar-els-trens-per-la-via-de-costa\\\/\"]}]},{\"@type\":\"ImageObject\",\"inLanguage\":\"es\",\"@id\":\"https:\\\/\\\/mont-roig.cat\\\/es\\\/actualitat\\\/noticies\\\/diumenge-a-mitjanit-deixaran-de-passar-els-trens-per-la-via-de-costa\\\/#primaryimage\",\"url\":\"https:\\\/\\\/mont-roig.cat\\\/wp-content\\\/uploads\\\/Via-del-tren-paas-per-Miami-Platja.jpg\",\"contentUrl\":\"https:\\\/\\\/mont-roig.cat\\\/wp-content\\\/uploads\\\/Via-del-tren-paas-per-Miami-Platja.jpg\",\"width\":2048,\"height\":1536},{\"@type\":\"BreadcrumbList\",\"@id\":\"https:\\\/\\\/mont-roig.cat\\\/es\\\/actualitat\\\/noticies\\\/diumenge-a-mitjanit-deixaran-de-passar-els-trens-per-la-via-de-costa\\\/#breadcrumb\",\"itemListElement\":[{\"@type\":\"ListItem\",\"position\":1,\"name\":\"Inici\",\"item\":\"https:\\\/\\\/mont-roig.cat\\\/es\\\/pagina-de-inicio\\\/\"},{\"@type\":\"ListItem\",\"position\":2,\"name\":\"Domingo a medianoche dejar\u00e1n pasar trenes por la v\u00eda de la costa\"}]},{\"@type\":\"WebSite\",\"@id\":\"https:\\\/\\\/mont-roig.cat\\\/es\\\/#website\",\"url\":\"https:\\\/\\\/mont-roig.cat\\\/es\\\/\",\"name\":\"Ajuntament de Mont-roig del Camp\",\"description\":\"Tota la informaci\u00f3 sobre la instituci\u00f3, els seus \u00f2rgans de govern, actualitat, serveis i molt m\u00e9s.\",\"potentialAction\":[{\"@type\":\"SearchAction\",\"target\":{\"@type\":\"EntryPoint\",\"urlTemplate\":\"https:\\\/\\\/mont-roig.cat\\\/es\\\/?s={search_term_string}\"},\"query-input\":{\"@type\":\"PropertyValueSpecification\",\"valueRequired\":true,\"valueName\":\"search_term_string\"}}],\"inLanguage\":\"es\"},{\"@type\":\"Person\",\"@id\":\"https:\\\/\\\/mont-roig.cat\\\/es\\\/#\\\/schema\\\/person\\\/f2b111789f22b7d0c3bd6786c9128cba\",\"name\":\"administrador\",\"image\":{\"@type\":\"ImageObject\",\"inLanguage\":\"es\",\"@id\":\"https:\\\/\\\/secure.gravatar.com\\\/avatar\\\/9137aac6891e2595c9d3036fd83bcb653b4db3c946db4c7d9b9be193c3c944bb?s=96&d=mm&r=g\",\"url\":\"https:\\\/\\\/secure.gravatar.com\\\/avatar\\\/9137aac6891e2595c9d3036fd83bcb653b4db3c946db4c7d9b9be193c3c944bb?s=96&d=mm&r=g\",\"contentUrl\":\"https:\\\/\\\/secure.gravatar.com\\\/avatar\\\/9137aac6891e2595c9d3036fd83bcb653b4db3c946db4c7d9b9be193c3c944bb?s=96&d=mm&r=g\",\"caption\":\"administrador\"},\"url\":\"https:\\\/\\\/mont-roig.cat\\\/es\\\/actualitat\\\/noticies\\\/author\\\/administrador\\\/\"}]}<\/script>\n<!-- \/ Yoast SEO plugin. -->","yoast_head_json":{"title":"Domingo a medianoche dejar\u00e1n pasar trenes por la v\u00eda de la costa - Ajuntament de Mont-roig del Camp","robots":{"index":"index","follow":"follow","max-snippet":"max-snippet:-1","max-image-preview":"max-image-preview:large","max-video-preview":"max-video-preview:-1"},"canonical":"https:\/\/mont-roig.cat\/es\/actualitat\/noticies\/diumenge-a-mitjanit-deixaran-de-passar-els-trens-per-la-via-de-costa\/","og_locale":"es_ES","og_type":"article","og_title":"Domingo a medianoche dejar\u00e1n pasar trenes por la v\u00eda de la costa - Ajuntament de Mont-roig del Camp","og_description":"La v\u00eda ferroviaria de la costa dejar\u00e1 de estar activa este domingo a partir de las doce de la noche. El \u00faltimo tren, procedente de Barcelona llegar\u00e1 a l\u2019Hospitalet de l\u2019Infant a las 22.43 h. Este ser\u00e1 el \u00faltimo trayecto que dar\u00e1 servicio en esta v\u00eda y que, por tanto, pasar\u00e1 por el t\u00e9rmino municipal [&hellip;]","og_url":"https:\/\/mont-roig.cat\/es\/actualitat\/noticies\/diumenge-a-mitjanit-deixaran-de-passar-els-trens-per-la-via-de-costa\/","og_site_name":"Ajuntament de Mont-roig del Camp","article_published_time":"2020-01-10T12:07:22+00:00","article_modified_time":"2020-01-10T12:10:17+00:00","og_image":[{"width":1024,"height":768,"url":"https:\/\/mont-roig.cat\/wp-content\/uploads\/Via-del-tren-paas-per-Miami-Platja-1024x768.jpg","type":"image\/jpeg"}],"author":"administrador","twitter_card":"summary_large_image","twitter_misc":{"Escrito por":"administrador","Tiempo de lectura":"1 minuto"},"schema":{"@context":"https:\/\/schema.org","@graph":[{"@type":"Article","@id":"https:\/\/mont-roig.cat\/es\/actualitat\/noticies\/diumenge-a-mitjanit-deixaran-de-passar-els-trens-per-la-via-de-costa\/#article","isPartOf":{"@id":"https:\/\/mont-roig.cat\/es\/actualitat\/noticies\/diumenge-a-mitjanit-deixaran-de-passar-els-trens-per-la-via-de-costa\/"},"author":{"name":"administrador","@id":"https:\/\/mont-roig.cat\/es\/#\/schema\/person\/f2b111789f22b7d0c3bd6786c9128cba"},"headline":"Domingo a medianoche dejar\u00e1n pasar trenes por la v\u00eda de la costa","datePublished":"2020-01-10T12:07:22+00:00","dateModified":"2020-01-10T12:10:17+00:00","mainEntityOfPage":{"@id":"https:\/\/mont-roig.cat\/es\/actualitat\/noticies\/diumenge-a-mitjanit-deixaran-de-passar-els-trens-per-la-via-de-costa\/"},"wordCount":250,"image":{"@id":"https:\/\/mont-roig.cat\/es\/actualitat\/noticies\/diumenge-a-mitjanit-deixaran-de-passar-els-trens-per-la-via-de-costa\/#primaryimage"},"thumbnailUrl":"https:\/\/mont-roig.cat\/wp-content\/uploads\/Via-del-tren-paas-per-Miami-Platja.jpg","articleSection":["General"],"inLanguage":"es"},{"@type":"WebPage","@id":"https:\/\/mont-roig.cat\/es\/actualitat\/noticies\/diumenge-a-mitjanit-deixaran-de-passar-els-trens-per-la-via-de-costa\/","url":"https:\/\/mont-roig.cat\/es\/actualitat\/noticies\/diumenge-a-mitjanit-deixaran-de-passar-els-trens-per-la-via-de-costa\/","name":"Domingo a medianoche dejar\u00e1n pasar trenes por la v\u00eda de la costa - Ajuntament de Mont-roig del Camp","isPartOf":{"@id":"https:\/\/mont-roig.cat\/es\/#website"},"primaryImageOfPage":{"@id":"https:\/\/mont-roig.cat\/es\/actualitat\/noticies\/diumenge-a-mitjanit-deixaran-de-passar-els-trens-per-la-via-de-costa\/#primaryimage"},"image":{"@id":"https:\/\/mont-roig.cat\/es\/actualitat\/noticies\/diumenge-a-mitjanit-deixaran-de-passar-els-trens-per-la-via-de-costa\/#primaryimage"},"thumbnailUrl":"https:\/\/mont-roig.cat\/wp-content\/uploads\/Via-del-tren-paas-per-Miami-Platja.jpg","datePublished":"2020-01-10T12:07:22+00:00","dateModified":"2020-01-10T12:10:17+00:00","author":{"@id":"https:\/\/mont-roig.cat\/es\/#\/schema\/person\/f2b111789f22b7d0c3bd6786c9128cba"},"breadcrumb":{"@id":"https:\/\/mont-roig.cat\/es\/actualitat\/noticies\/diumenge-a-mitjanit-deixaran-de-passar-els-trens-per-la-via-de-costa\/#breadcrumb"},"inLanguage":"es","potentialAction":[{"@type":"ReadAction","target":["https:\/\/mont-roig.cat\/es\/actualitat\/noticies\/diumenge-a-mitjanit-deixaran-de-passar-els-trens-per-la-via-de-costa\/"]}]},{"@type":"ImageObject","inLanguage":"es","@id":"https:\/\/mont-roig.cat\/es\/actualitat\/noticies\/diumenge-a-mitjanit-deixaran-de-passar-els-trens-per-la-via-de-costa\/#primaryimage","url":"https:\/\/mont-roig.cat\/wp-content\/uploads\/Via-del-tren-paas-per-Miami-Platja.jpg","contentUrl":"https:\/\/mont-roig.cat\/wp-content\/uploads\/Via-del-tren-paas-per-Miami-Platja.jpg","width":2048,"height":1536},{"@type":"BreadcrumbList","@id":"https:\/\/mont-roig.cat\/es\/actualitat\/noticies\/diumenge-a-mitjanit-deixaran-de-passar-els-trens-per-la-via-de-costa\/#breadcrumb","itemListElement":[{"@type":"ListItem","position":1,"name":"Inici","item":"https:\/\/mont-roig.cat\/es\/pagina-de-inicio\/"},{"@type":"ListItem","position":2,"name":"Domingo a medianoche dejar\u00e1n pasar trenes por la v\u00eda de la costa"}]},{"@type":"WebSite","@id":"https:\/\/mont-roig.cat\/es\/#website","url":"https:\/\/mont-roig.cat\/es\/","name":"Ajuntament de Mont-roig del Camp","description":"Tota la informaci\u00f3 sobre la instituci\u00f3, els seus \u00f2rgans de govern, actualitat, serveis i molt m\u00e9s.","potentialAction":[{"@type":"SearchAction","target":{"@type":"EntryPoint","urlTemplate":"https:\/\/mont-roig.cat\/es\/?s={search_term_string}"},"query-input":{"@type":"PropertyValueSpecification","valueRequired":true,"valueName":"search_term_string"}}],"inLanguage":"es"},{"@type":"Person","@id":"https:\/\/mont-roig.cat\/es\/#\/schema\/person\/f2b111789f22b7d0c3bd6786c9128cba","name":"administrador","image":{"@type":"ImageObject","inLanguage":"es","@id":"https:\/\/secure.gravatar.com\/avatar\/9137aac6891e2595c9d3036fd83bcb653b4db3c946db4c7d9b9be193c3c944bb?s=96&d=mm&r=g","url":"https:\/\/secure.gravatar.com\/avatar\/9137aac6891e2595c9d3036fd83bcb653b4db3c946db4c7d9b9be193c3c944bb?s=96&d=mm&r=g","contentUrl":"https:\/\/secure.gravatar.com\/avatar\/9137aac6891e2595c9d3036fd83bcb653b4db3c946db4c7d9b9be193c3c944bb?s=96&d=mm&r=g","caption":"administrador"},"url":"https:\/\/mont-roig.cat\/es\/actualitat\/noticies\/author\/administrador\/"}]}},"_links":{"self":[{"href":"https:\/\/mont-roig.cat\/es\/wp-json\/wp\/v2\/posts\/42196","targetHints":{"allow":["GET"]}}],"collection":[{"href":"https:\/\/mont-roig.cat\/es\/wp-json\/wp\/v2\/posts"}],"about":[{"href":"https:\/\/mont-roig.cat\/es\/wp-json\/wp\/v2\/types\/post"}],"author":[{"embeddable":true,"href":"https:\/\/mont-roig.cat\/es\/wp-json\/wp\/v2\/users\/4"}],"replies":[{"embeddable":true,"href":"https:\/\/mont-roig.cat\/es\/wp-json\/wp\/v2\/comments?post=42196"}],"version-history":[{"count":2,"href":"https:\/\/mont-roig.cat\/es\/wp-json\/wp\/v2\/posts\/42196\/revisions"}],"predecessor-version":[{"id":42198,"href":"https:\/\/mont-roig.cat\/es\/wp-json\/wp\/v2\/posts\/42196\/revisions\/42198"}],"wp:featuredmedia":[{"embeddable":true,"href":"https:\/\/mont-roig.cat\/es\/wp-json\/wp\/v2\/media\/42193"}],"wp:attachment":[{"href":"https:\/\/mont-roig.cat\/es\/wp-json\/wp\/v2\/media?parent=42196"}],"wp:term":[{"taxonomy":"category","embeddable":true,"href":"https:\/\/mont-roig.cat\/es\/wp-json\/wp\/v2\/categories?post=42196"},{"taxonomy":"post_tag","embeddable":true,"href":"https:\/\/mont-roig.cat\/es\/wp-json\/wp\/v2\/tags?post=42196"}],"curies":[{"name":"wp","href":"https:\/\/api.w.org\/{rel}","templated":true}]}}