{"id":42207,"date":"2020-01-10T13:52:57","date_gmt":"2020-01-10T12:52:57","guid":{"rendered":"https:\/\/mont-roig.cat\/actualitat\/noticies\/la-policia-local-engega-una-campanya-per-conscienciar-sobre-lus-de-bicicletes-i-patinets-electrics\/"},"modified":"2020-06-03T16:37:45","modified_gmt":"2020-06-03T14:37:45","slug":"la-policia-local-inicia-una-campana-para-concienciar-sobre-el-uso-de-bicicletas-y-patinetes-electricos","status":"publish","type":"post","link":"https:\/\/mont-roig.cat\/es\/actualitat\/noticies\/la-policia-local-inicia-una-campana-para-concienciar-sobre-el-uso-de-bicicletas-y-patinetes-electricos\/","title":{"rendered":"La Polic\u00eda Local inicia una campa\u00f1a para concienciar sobre el uso de bicicletas y patinetes el\u00e9ctricos"},"content":{"rendered":"<ul>\n<li style=\"text-align: justify;\"><strong><a href=\"https:\/\/mont-roig.cat\/wp-content\/uploads\/Infografia-patinets-el\u00e8ctrics.png\"><img loading=\"lazy\" decoding=\"async\" class=\"alignright wp-image-42201\" src=\"https:\/\/mont-roig.cat\/wp-content\/uploads\/Infografia-patinets-el\u00e8ctrics.png\" alt=\"\" width=\"249\" height=\"623\" srcset=\"https:\/\/mont-roig.cat\/wp-content\/uploads\/Infografia-patinets-el\u00e8ctrics.png 800w, https:\/\/mont-roig.cat\/wp-content\/uploads\/Infografia-patinets-el\u00e8ctrics-200x500.png 200w, https:\/\/mont-roig.cat\/wp-content\/uploads\/Infografia-patinets-el\u00e8ctrics-410x1024.png 410w, https:\/\/mont-roig.cat\/wp-content\/uploads\/Infografia-patinets-el\u00e8ctrics-768x1920.png 768w, https:\/\/mont-roig.cat\/wp-content\/uploads\/Infografia-patinets-el\u00e8ctrics-614x1536.png 614w\" sizes=\"auto, (max-width: 249px) 100vw, 249px\" \/><\/a>El objetivo es incidir en la normativa de circulaci\u00f3n, como la obligaci\u00f3n de circular por calzadas o carriles bici y en temas de seguridad, como el uso del casco, entre otros<\/strong><\/li>\n<\/ul>\n<p style=\"text-align: justify;\">Ante el incremento de bicicletas y patinetes el\u00e9ctricos como medio alternativo de desplazamiento, la Polic\u00eda Local de Mont-roig del Camp ha puesto en marcha una campa\u00f1a de concienciaci\u00f3n, especialmente entre los j\u00f3venes, para informar sobre c\u00f3mo circular de manera segura con estos veh\u00edculos de movilidad personal.<\/p>\n<p style=\"text-align: justify;\">Con este objetivo se ha elaborado una infograf\u00eda que da a conocer la normativa b\u00e1sica de circulaci\u00f3n para patinetes el\u00e9ctricos y bicicletas as\u00ed como consejos de seguridad.<\/p>\n<p style=\"text-align: justify;\">En este sentido, uno de los aspectos m\u00e1s destacados es que est\u00e1 prohibido circular por las aceras, zonas peatonales, pasos de peatones o cualquier otro espacio de la v\u00eda p\u00fablica reservado a los peatones. Estos veh\u00edculos deben circular siempre por el carril bici, con una velocidad m\u00e1xima de 10 km\/h; o por la calzada, sin superar nunca los 25 km\/h. Adem\u00e1s, deben respetar las normas generales de circulaci\u00f3n.<\/p>\n<p style=\"text-align: justify;\">Otro aspecto en el que se quiere incidir es en el uso del casco. Este es obligatorio siempre en el caso de los usuarios de patinetes el\u00e9ctricos. En cuanto a las bicicletas es obligatorio en zonas urbanas por los menores de 16 a\u00f1os y recomendable para el resto. En zonas interurbanas, llevar casco es obligatorio para todos.<\/p>\n<p style=\"text-align: justify;\">Otros aspectos en los que se quiere incidir es que est\u00e1 prohibida la utilizaci\u00f3n de tel\u00e9fonos m\u00f3viles o de cualquier otro sistema de comunicaci\u00f3n, as\u00ed como el uso de auriculares conectados a aparatos receptores o reproductores de sonido. Adem\u00e1s, cuando oscurece hay que llevar alumbrado y utilizar ropa reflectante, para ser visto por el resto de conductores.<\/p>\n<p style=\"text-align: justify;\"><strong>Normativa aplicable al municipio<\/strong><\/p>\n<p style=\"text-align: justify;\">A falta de una normativa general que regule la circulaci\u00f3n de veh\u00edculos el\u00e9ctricos de movilidad personal y ante el incremento de su uso, el Ayuntamiento de Mont-roig del Camp ya fij\u00f3 el pasado mes de agosto un bando para garantizar la convivencia y la seguridad de peatones y usuarios de estos veh\u00edculos.<\/p>\n<p style=\"text-align: justify;\">En este sentido, el bando dictado por el alcalde Fran Morancho establece la prohibici\u00f3n de circular con patinetes y bicicletas el\u00e9ctricas o de pedaleo asistido, en cualquiera de sus modalidades, por los espacios de la v\u00eda p\u00fablica reservados a los peatones. Adem\u00e1s, incide en la obligatoriedad de llevar casco homologado.<\/p>\n<p style=\"text-align: justify;\">El bando se dict\u00f3 debido a la falta de normativa municipal reguladora del uso de este tipo de veh\u00edculo y para evitar posibles accidentes. Todo ello mientras se tramita la modificaci\u00f3n de las ordenanzas municipales para regular de forma detallada su utilizaci\u00f3n en los espacios p\u00fablicos.<\/p>\n<p><a href=\"https:\/\/mont-roig.cat\/wp-content\/uploads\/BAN-PATINETS-EL\u00c8CTRICS-1.pdf\">Pod\u00e9is consultar el bando en este enlace.<\/a><\/p>\n","protected":false},"excerpt":{"rendered":"<p>El objetivo es incidir en la normativa de circulaci\u00f3n, como la obligaci\u00f3n de circular por calzadas o carriles bici y en temas de seguridad, como el uso del casco, entre otros Ante el incremento de bicicletas y patinetes el\u00e9ctricos como medio alternativo de desplazamiento, la Polic\u00eda Local de Mont-roig del Camp ha puesto en marcha [&hellip;]<\/p>\n","protected":false},"author":4,"featured_media":42201,"comment_status":"closed","ping_status":"closed","sticky":false,"template":"","format":"standard","meta":{"inline_featured_image":false,"_monsterinsights_skip_tracking":false,"_monsterinsights_sitenote_active":false,"_monsterinsights_sitenote_note":"","_monsterinsights_sitenote_category":0,"footnotes":""},"categories":[98,108],"tags":[],"class_list":["post-42207","post","type-post","status-publish","format-standard","has-post-thumbnail","hentry","category-ayuntamiento","category-movilidad-y-transporte"],"yoast_head":"<!-- This site is optimized with the Yoast SEO plugin v27.4 - https:\/\/yoast.com\/product\/yoast-seo-wordpress\/ -->\n<title>La Polic\u00eda Local inicia una campa\u00f1a para concienciar sobre el uso de bicicletas y patinetes el\u00e9ctricos - Ajuntament de Mont-roig del Camp<\/title>\n<meta name=\"robots\" content=\"index, follow, max-snippet:-1, max-image-preview:large, max-video-preview:-1\" \/>\n<link rel=\"canonical\" href=\"https:\/\/mont-roig.cat\/es\/actualitat\/noticies\/la-policia-local-inicia-una-campana-para-concienciar-sobre-el-uso-de-bicicletas-y-patinetes-electricos\/\" \/>\n<meta property=\"og:locale\" content=\"es_ES\" \/>\n<meta property=\"og:type\" content=\"article\" \/>\n<meta property=\"og:title\" content=\"La Polic\u00eda Local inicia una campa\u00f1a para concienciar sobre el uso de bicicletas y patinetes el\u00e9ctricos - Ajuntament de Mont-roig del Camp\" \/>\n<meta property=\"og:description\" content=\"El objetivo es incidir en la normativa de circulaci\u00f3n, como la obligaci\u00f3n de circular por calzadas o carriles bici y en temas de seguridad, como el uso del casco, entre otros Ante el incremento de bicicletas y patinetes el\u00e9ctricos como medio alternativo de desplazamiento, la Polic\u00eda Local de Mont-roig del Camp ha puesto en marcha [&hellip;]\" \/>\n<meta property=\"og:url\" content=\"https:\/\/mont-roig.cat\/es\/actualitat\/noticies\/la-policia-local-inicia-una-campana-para-concienciar-sobre-el-uso-de-bicicletas-y-patinetes-electricos\/\" \/>\n<meta property=\"og:site_name\" content=\"Ajuntament de Mont-roig del Camp\" \/>\n<meta property=\"article:published_time\" content=\"2020-01-10T12:52:57+00:00\" \/>\n<meta property=\"article:modified_time\" content=\"2020-06-03T14:37:45+00:00\" \/>\n<meta property=\"og:image\" content=\"https:\/\/mont-roig.cat\/wp-content\/uploads\/Infografia-patinets-el\u00e8ctrics.png\" \/>\n\t<meta property=\"og:image:width\" content=\"800\" \/>\n\t<meta property=\"og:image:height\" content=\"2000\" \/>\n\t<meta property=\"og:image:type\" content=\"image\/png\" \/>\n<meta name=\"author\" content=\"administrador\" \/>\n<meta name=\"twitter:card\" content=\"summary_large_image\" \/>\n<meta name=\"twitter:label1\" content=\"Escrito por\" \/>\n\t<meta name=\"twitter:data1\" content=\"administrador\" \/>\n\t<meta name=\"twitter:label2\" content=\"Tiempo de lectura\" \/>\n\t<meta name=\"twitter:data2\" content=\"2 minutos\" \/>\n<script type=\"application\/ld+json\" class=\"yoast-schema-graph\">{\"@context\":\"https:\\\/\\\/schema.org\",\"@graph\":[{\"@type\":\"Article\",\"@id\":\"https:\\\/\\\/mont-roig.cat\\\/es\\\/actualitat\\\/noticies\\\/la-policia-local-inicia-una-campana-para-concienciar-sobre-el-uso-de-bicicletas-y-patinetes-electricos\\\/#article\",\"isPartOf\":{\"@id\":\"https:\\\/\\\/mont-roig.cat\\\/es\\\/actualitat\\\/noticies\\\/la-policia-local-inicia-una-campana-para-concienciar-sobre-el-uso-de-bicicletas-y-patinetes-electricos\\\/\"},\"author\":{\"name\":\"administrador\",\"@id\":\"https:\\\/\\\/mont-roig.cat\\\/es\\\/#\\\/schema\\\/person\\\/f2b111789f22b7d0c3bd6786c9128cba\"},\"headline\":\"La Polic\u00eda Local inicia una campa\u00f1a para concienciar sobre el uso de bicicletas y patinetes el\u00e9ctricos\",\"datePublished\":\"2020-01-10T12:52:57+00:00\",\"dateModified\":\"2020-06-03T14:37:45+00:00\",\"mainEntityOfPage\":{\"@id\":\"https:\\\/\\\/mont-roig.cat\\\/es\\\/actualitat\\\/noticies\\\/la-policia-local-inicia-una-campana-para-concienciar-sobre-el-uso-de-bicicletas-y-patinetes-electricos\\\/\"},\"wordCount\":504,\"image\":{\"@id\":\"https:\\\/\\\/mont-roig.cat\\\/es\\\/actualitat\\\/noticies\\\/la-policia-local-inicia-una-campana-para-concienciar-sobre-el-uso-de-bicicletas-y-patinetes-electricos\\\/#primaryimage\"},\"thumbnailUrl\":\"https:\\\/\\\/mont-roig.cat\\\/wp-content\\\/uploads\\\/Infografia-patinets-el\u00e8ctrics.png\",\"articleSection\":[\"Ayuntamiento\",\"Movilidad y transporte\"],\"inLanguage\":\"es\"},{\"@type\":\"WebPage\",\"@id\":\"https:\\\/\\\/mont-roig.cat\\\/es\\\/actualitat\\\/noticies\\\/la-policia-local-inicia-una-campana-para-concienciar-sobre-el-uso-de-bicicletas-y-patinetes-electricos\\\/\",\"url\":\"https:\\\/\\\/mont-roig.cat\\\/es\\\/actualitat\\\/noticies\\\/la-policia-local-inicia-una-campana-para-concienciar-sobre-el-uso-de-bicicletas-y-patinetes-electricos\\\/\",\"name\":\"La Polic\u00eda Local inicia una campa\u00f1a para concienciar sobre el uso de bicicletas y patinetes el\u00e9ctricos - Ajuntament de Mont-roig del Camp\",\"isPartOf\":{\"@id\":\"https:\\\/\\\/mont-roig.cat\\\/es\\\/#website\"},\"primaryImageOfPage\":{\"@id\":\"https:\\\/\\\/mont-roig.cat\\\/es\\\/actualitat\\\/noticies\\\/la-policia-local-inicia-una-campana-para-concienciar-sobre-el-uso-de-bicicletas-y-patinetes-electricos\\\/#primaryimage\"},\"image\":{\"@id\":\"https:\\\/\\\/mont-roig.cat\\\/es\\\/actualitat\\\/noticies\\\/la-policia-local-inicia-una-campana-para-concienciar-sobre-el-uso-de-bicicletas-y-patinetes-electricos\\\/#primaryimage\"},\"thumbnailUrl\":\"https:\\\/\\\/mont-roig.cat\\\/wp-content\\\/uploads\\\/Infografia-patinets-el\u00e8ctrics.png\",\"datePublished\":\"2020-01-10T12:52:57+00:00\",\"dateModified\":\"2020-06-03T14:37:45+00:00\",\"author\":{\"@id\":\"https:\\\/\\\/mont-roig.cat\\\/es\\\/#\\\/schema\\\/person\\\/f2b111789f22b7d0c3bd6786c9128cba\"},\"breadcrumb\":{\"@id\":\"https:\\\/\\\/mont-roig.cat\\\/es\\\/actualitat\\\/noticies\\\/la-policia-local-inicia-una-campana-para-concienciar-sobre-el-uso-de-bicicletas-y-patinetes-electricos\\\/#breadcrumb\"},\"inLanguage\":\"es\",\"potentialAction\":[{\"@type\":\"ReadAction\",\"target\":[\"https:\\\/\\\/mont-roig.cat\\\/es\\\/actualitat\\\/noticies\\\/la-policia-local-inicia-una-campana-para-concienciar-sobre-el-uso-de-bicicletas-y-patinetes-electricos\\\/\"]}]},{\"@type\":\"ImageObject\",\"inLanguage\":\"es\",\"@id\":\"https:\\\/\\\/mont-roig.cat\\\/es\\\/actualitat\\\/noticies\\\/la-policia-local-inicia-una-campana-para-concienciar-sobre-el-uso-de-bicicletas-y-patinetes-electricos\\\/#primaryimage\",\"url\":\"https:\\\/\\\/mont-roig.cat\\\/wp-content\\\/uploads\\\/Infografia-patinets-el\u00e8ctrics.png\",\"contentUrl\":\"https:\\\/\\\/mont-roig.cat\\\/wp-content\\\/uploads\\\/Infografia-patinets-el\u00e8ctrics.png\",\"width\":800,\"height\":2000},{\"@type\":\"BreadcrumbList\",\"@id\":\"https:\\\/\\\/mont-roig.cat\\\/es\\\/actualitat\\\/noticies\\\/la-policia-local-inicia-una-campana-para-concienciar-sobre-el-uso-de-bicicletas-y-patinetes-electricos\\\/#breadcrumb\",\"itemListElement\":[{\"@type\":\"ListItem\",\"position\":1,\"name\":\"Inici\",\"item\":\"https:\\\/\\\/mont-roig.cat\\\/es\\\/pagina-de-inicio\\\/\"},{\"@type\":\"ListItem\",\"position\":2,\"name\":\"La Polic\u00eda Local inicia una campa\u00f1a para concienciar sobre el uso de bicicletas y patinetes el\u00e9ctricos\"}]},{\"@type\":\"WebSite\",\"@id\":\"https:\\\/\\\/mont-roig.cat\\\/es\\\/#website\",\"url\":\"https:\\\/\\\/mont-roig.cat\\\/es\\\/\",\"name\":\"Ajuntament de Mont-roig del Camp\",\"description\":\"Tota la informaci\u00f3 sobre la instituci\u00f3, els seus \u00f2rgans de govern, actualitat, serveis i molt m\u00e9s.\",\"potentialAction\":[{\"@type\":\"SearchAction\",\"target\":{\"@type\":\"EntryPoint\",\"urlTemplate\":\"https:\\\/\\\/mont-roig.cat\\\/es\\\/?s={search_term_string}\"},\"query-input\":{\"@type\":\"PropertyValueSpecification\",\"valueRequired\":true,\"valueName\":\"search_term_string\"}}],\"inLanguage\":\"es\"},{\"@type\":\"Person\",\"@id\":\"https:\\\/\\\/mont-roig.cat\\\/es\\\/#\\\/schema\\\/person\\\/f2b111789f22b7d0c3bd6786c9128cba\",\"name\":\"administrador\",\"image\":{\"@type\":\"ImageObject\",\"inLanguage\":\"es\",\"@id\":\"https:\\\/\\\/secure.gravatar.com\\\/avatar\\\/9137aac6891e2595c9d3036fd83bcb653b4db3c946db4c7d9b9be193c3c944bb?s=96&d=mm&r=g\",\"url\":\"https:\\\/\\\/secure.gravatar.com\\\/avatar\\\/9137aac6891e2595c9d3036fd83bcb653b4db3c946db4c7d9b9be193c3c944bb?s=96&d=mm&r=g\",\"contentUrl\":\"https:\\\/\\\/secure.gravatar.com\\\/avatar\\\/9137aac6891e2595c9d3036fd83bcb653b4db3c946db4c7d9b9be193c3c944bb?s=96&d=mm&r=g\",\"caption\":\"administrador\"},\"url\":\"https:\\\/\\\/mont-roig.cat\\\/es\\\/actualitat\\\/noticies\\\/author\\\/administrador\\\/\"}]}<\/script>\n<!-- \/ Yoast SEO plugin. -->","yoast_head_json":{"title":"La Polic\u00eda Local inicia una campa\u00f1a para concienciar sobre el uso de bicicletas y patinetes el\u00e9ctricos - Ajuntament de Mont-roig del Camp","robots":{"index":"index","follow":"follow","max-snippet":"max-snippet:-1","max-image-preview":"max-image-preview:large","max-video-preview":"max-video-preview:-1"},"canonical":"https:\/\/mont-roig.cat\/es\/actualitat\/noticies\/la-policia-local-inicia-una-campana-para-concienciar-sobre-el-uso-de-bicicletas-y-patinetes-electricos\/","og_locale":"es_ES","og_type":"article","og_title":"La Polic\u00eda Local inicia una campa\u00f1a para concienciar sobre el uso de bicicletas y patinetes el\u00e9ctricos - Ajuntament de Mont-roig del Camp","og_description":"El objetivo es incidir en la normativa de circulaci\u00f3n, como la obligaci\u00f3n de circular por calzadas o carriles bici y en temas de seguridad, como el uso del casco, entre otros Ante el incremento de bicicletas y patinetes el\u00e9ctricos como medio alternativo de desplazamiento, la Polic\u00eda Local de Mont-roig del Camp ha puesto en marcha [&hellip;]","og_url":"https:\/\/mont-roig.cat\/es\/actualitat\/noticies\/la-policia-local-inicia-una-campana-para-concienciar-sobre-el-uso-de-bicicletas-y-patinetes-electricos\/","og_site_name":"Ajuntament de Mont-roig del Camp","article_published_time":"2020-01-10T12:52:57+00:00","article_modified_time":"2020-06-03T14:37:45+00:00","og_image":[{"width":800,"height":2000,"url":"https:\/\/mont-roig.cat\/wp-content\/uploads\/Infografia-patinets-el\u00e8ctrics.png","type":"image\/png"}],"author":"administrador","twitter_card":"summary_large_image","twitter_misc":{"Escrito por":"administrador","Tiempo de lectura":"2 minutos"},"schema":{"@context":"https:\/\/schema.org","@graph":[{"@type":"Article","@id":"https:\/\/mont-roig.cat\/es\/actualitat\/noticies\/la-policia-local-inicia-una-campana-para-concienciar-sobre-el-uso-de-bicicletas-y-patinetes-electricos\/#article","isPartOf":{"@id":"https:\/\/mont-roig.cat\/es\/actualitat\/noticies\/la-policia-local-inicia-una-campana-para-concienciar-sobre-el-uso-de-bicicletas-y-patinetes-electricos\/"},"author":{"name":"administrador","@id":"https:\/\/mont-roig.cat\/es\/#\/schema\/person\/f2b111789f22b7d0c3bd6786c9128cba"},"headline":"La Polic\u00eda Local inicia una campa\u00f1a para concienciar sobre el uso de bicicletas y patinetes el\u00e9ctricos","datePublished":"2020-01-10T12:52:57+00:00","dateModified":"2020-06-03T14:37:45+00:00","mainEntityOfPage":{"@id":"https:\/\/mont-roig.cat\/es\/actualitat\/noticies\/la-policia-local-inicia-una-campana-para-concienciar-sobre-el-uso-de-bicicletas-y-patinetes-electricos\/"},"wordCount":504,"image":{"@id":"https:\/\/mont-roig.cat\/es\/actualitat\/noticies\/la-policia-local-inicia-una-campana-para-concienciar-sobre-el-uso-de-bicicletas-y-patinetes-electricos\/#primaryimage"},"thumbnailUrl":"https:\/\/mont-roig.cat\/wp-content\/uploads\/Infografia-patinets-el\u00e8ctrics.png","articleSection":["Ayuntamiento","Movilidad y transporte"],"inLanguage":"es"},{"@type":"WebPage","@id":"https:\/\/mont-roig.cat\/es\/actualitat\/noticies\/la-policia-local-inicia-una-campana-para-concienciar-sobre-el-uso-de-bicicletas-y-patinetes-electricos\/","url":"https:\/\/mont-roig.cat\/es\/actualitat\/noticies\/la-policia-local-inicia-una-campana-para-concienciar-sobre-el-uso-de-bicicletas-y-patinetes-electricos\/","name":"La Polic\u00eda Local inicia una campa\u00f1a para concienciar sobre el uso de bicicletas y patinetes el\u00e9ctricos - Ajuntament de Mont-roig del Camp","isPartOf":{"@id":"https:\/\/mont-roig.cat\/es\/#website"},"primaryImageOfPage":{"@id":"https:\/\/mont-roig.cat\/es\/actualitat\/noticies\/la-policia-local-inicia-una-campana-para-concienciar-sobre-el-uso-de-bicicletas-y-patinetes-electricos\/#primaryimage"},"image":{"@id":"https:\/\/mont-roig.cat\/es\/actualitat\/noticies\/la-policia-local-inicia-una-campana-para-concienciar-sobre-el-uso-de-bicicletas-y-patinetes-electricos\/#primaryimage"},"thumbnailUrl":"https:\/\/mont-roig.cat\/wp-content\/uploads\/Infografia-patinets-el\u00e8ctrics.png","datePublished":"2020-01-10T12:52:57+00:00","dateModified":"2020-06-03T14:37:45+00:00","author":{"@id":"https:\/\/mont-roig.cat\/es\/#\/schema\/person\/f2b111789f22b7d0c3bd6786c9128cba"},"breadcrumb":{"@id":"https:\/\/mont-roig.cat\/es\/actualitat\/noticies\/la-policia-local-inicia-una-campana-para-concienciar-sobre-el-uso-de-bicicletas-y-patinetes-electricos\/#breadcrumb"},"inLanguage":"es","potentialAction":[{"@type":"ReadAction","target":["https:\/\/mont-roig.cat\/es\/actualitat\/noticies\/la-policia-local-inicia-una-campana-para-concienciar-sobre-el-uso-de-bicicletas-y-patinetes-electricos\/"]}]},{"@type":"ImageObject","inLanguage":"es","@id":"https:\/\/mont-roig.cat\/es\/actualitat\/noticies\/la-policia-local-inicia-una-campana-para-concienciar-sobre-el-uso-de-bicicletas-y-patinetes-electricos\/#primaryimage","url":"https:\/\/mont-roig.cat\/wp-content\/uploads\/Infografia-patinets-el\u00e8ctrics.png","contentUrl":"https:\/\/mont-roig.cat\/wp-content\/uploads\/Infografia-patinets-el\u00e8ctrics.png","width":800,"height":2000},{"@type":"BreadcrumbList","@id":"https:\/\/mont-roig.cat\/es\/actualitat\/noticies\/la-policia-local-inicia-una-campana-para-concienciar-sobre-el-uso-de-bicicletas-y-patinetes-electricos\/#breadcrumb","itemListElement":[{"@type":"ListItem","position":1,"name":"Inici","item":"https:\/\/mont-roig.cat\/es\/pagina-de-inicio\/"},{"@type":"ListItem","position":2,"name":"La Polic\u00eda Local inicia una campa\u00f1a para concienciar sobre el uso de bicicletas y patinetes el\u00e9ctricos"}]},{"@type":"WebSite","@id":"https:\/\/mont-roig.cat\/es\/#website","url":"https:\/\/mont-roig.cat\/es\/","name":"Ajuntament de Mont-roig del Camp","description":"Tota la informaci\u00f3 sobre la instituci\u00f3, els seus \u00f2rgans de govern, actualitat, serveis i molt m\u00e9s.","potentialAction":[{"@type":"SearchAction","target":{"@type":"EntryPoint","urlTemplate":"https:\/\/mont-roig.cat\/es\/?s={search_term_string}"},"query-input":{"@type":"PropertyValueSpecification","valueRequired":true,"valueName":"search_term_string"}}],"inLanguage":"es"},{"@type":"Person","@id":"https:\/\/mont-roig.cat\/es\/#\/schema\/person\/f2b111789f22b7d0c3bd6786c9128cba","name":"administrador","image":{"@type":"ImageObject","inLanguage":"es","@id":"https:\/\/secure.gravatar.com\/avatar\/9137aac6891e2595c9d3036fd83bcb653b4db3c946db4c7d9b9be193c3c944bb?s=96&d=mm&r=g","url":"https:\/\/secure.gravatar.com\/avatar\/9137aac6891e2595c9d3036fd83bcb653b4db3c946db4c7d9b9be193c3c944bb?s=96&d=mm&r=g","contentUrl":"https:\/\/secure.gravatar.com\/avatar\/9137aac6891e2595c9d3036fd83bcb653b4db3c946db4c7d9b9be193c3c944bb?s=96&d=mm&r=g","caption":"administrador"},"url":"https:\/\/mont-roig.cat\/es\/actualitat\/noticies\/author\/administrador\/"}]}},"_links":{"self":[{"href":"https:\/\/mont-roig.cat\/es\/wp-json\/wp\/v2\/posts\/42207","targetHints":{"allow":["GET"]}}],"collection":[{"href":"https:\/\/mont-roig.cat\/es\/wp-json\/wp\/v2\/posts"}],"about":[{"href":"https:\/\/mont-roig.cat\/es\/wp-json\/wp\/v2\/types\/post"}],"author":[{"embeddable":true,"href":"https:\/\/mont-roig.cat\/es\/wp-json\/wp\/v2\/users\/4"}],"replies":[{"embeddable":true,"href":"https:\/\/mont-roig.cat\/es\/wp-json\/wp\/v2\/comments?post=42207"}],"version-history":[{"count":5,"href":"https:\/\/mont-roig.cat\/es\/wp-json\/wp\/v2\/posts\/42207\/revisions"}],"predecessor-version":[{"id":42217,"href":"https:\/\/mont-roig.cat\/es\/wp-json\/wp\/v2\/posts\/42207\/revisions\/42217"}],"wp:featuredmedia":[{"embeddable":true,"href":"https:\/\/mont-roig.cat\/es\/wp-json\/wp\/v2\/media\/42201"}],"wp:attachment":[{"href":"https:\/\/mont-roig.cat\/es\/wp-json\/wp\/v2\/media?parent=42207"}],"wp:term":[{"taxonomy":"category","embeddable":true,"href":"https:\/\/mont-roig.cat\/es\/wp-json\/wp\/v2\/categories?post=42207"},{"taxonomy":"post_tag","embeddable":true,"href":"https:\/\/mont-roig.cat\/es\/wp-json\/wp\/v2\/tags?post=42207"}],"curies":[{"name":"wp","href":"https:\/\/api.w.org\/{rel}","templated":true}]}}