{"id":42226,"date":"2020-01-10T16:23:29","date_gmt":"2020-01-10T15:23:29","guid":{"rendered":"https:\/\/mont-roig.cat\/?p=42226"},"modified":"2020-01-13T11:19:08","modified_gmt":"2020-01-13T10:19:08","slug":"evolucion-de-las-obras-de-la-plaza-miramar","status":"publish","type":"post","link":"https:\/\/mont-roig.cat\/es\/actualitat\/noticies\/evolucion-de-las-obras-de-la-plaza-miramar\/","title":{"rendered":"Evoluci\u00f3n de las obras de la Plaza Miramar"},"content":{"rendered":"<div id=\"attachment_42221\" style=\"width: 310px\" class=\"wp-caption alignright\"><a href=\"https:\/\/mont-roig.cat\/wp-content\/uploads\/Pla\u00e7a-Miramar_1-scaled.jpg\"><img loading=\"lazy\" decoding=\"async\" aria-describedby=\"caption-attachment-42221\" class=\"wp-image-42221\" src=\"https:\/\/mont-roig.cat\/wp-content\/uploads\/Pla\u00e7a-Miramar_1-scaled.jpg\" alt=\"\" width=\"300\" height=\"225\" srcset=\"https:\/\/mont-roig.cat\/wp-content\/uploads\/Pla\u00e7a-Miramar_1-scaled.jpg 2048w, https:\/\/mont-roig.cat\/wp-content\/uploads\/Pla\u00e7a-Miramar_1-500x375.jpg 500w, https:\/\/mont-roig.cat\/wp-content\/uploads\/Pla\u00e7a-Miramar_1-1024x768.jpg 1024w, https:\/\/mont-roig.cat\/wp-content\/uploads\/Pla\u00e7a-Miramar_1-768x576.jpg 768w, https:\/\/mont-roig.cat\/wp-content\/uploads\/Pla\u00e7a-Miramar_1-1536x1152.jpg 1536w, https:\/\/mont-roig.cat\/wp-content\/uploads\/Pla\u00e7a-Miramar_1-463x348.jpg 463w\" sizes=\"auto, (max-width: 300px) 100vw, 300px\" \/><\/a><p id=\"caption-attachment-42221\" class=\"wp-caption-text\">El alcalde Fran Morancho, acompa\u00f1ado por la direcci\u00f3n de la obra, los servicios t\u00e9cnicos del Ayuntamiento y los representantes de Sorigu\u00e9, ha hecho una visita de obras esta semana<\/p><\/div>\n<p>El Ayuntamiento de Mont-roig del Camp os informa de las novedades en relaci\u00f3n con la obra de remodelaci\u00f3n de la pla\u00e7a Miramar de Mont-roig, que se est\u00e1 ejecutando desde finales del pasado mes de septiembre:<\/p>\n<ul>\n<li>La previsi\u00f3n de finalizaci\u00f3n de las obras se retrasa al d\u00eda 15 de marzo. Sorigu\u00e9, la empresa adjudicataria de la obra, ha alegado motivos meteorol\u00f3gicos, t\u00e9cnicos y de ejecuci\u00f3n para este retraso de un mes y medio respecto del plazo previsto inicialmente para su finalizaci\u00f3n.<\/li>\n<li>En cuanto a las obras de renovaci\u00f3n del alcantarillado y pluviales, ya se han finalizado y las obras de la red de agua potable finalizar\u00e1n las pr\u00f3ximas semanas.<\/li>\n<li>Para zonas de obra, la pr\u00f3xima semana comenzar\u00e1n a trabajar con la capa externa de la calle del Sol, el pavimento estar\u00e1 listo previsiblemente hacia finales del mes de enero. Una vez terminada la calle del Sol, se continuar\u00e1 con las otras dos calles incluidas en el plan de obra.<\/li>\n<li>En relaci\u00f3n con los trabajos de la plaza, se est\u00e1 terminando el movimiento de tierras y preparando las bases de lo que ser\u00e1 la futura jardiner\u00eda. En los pr\u00f3ximos d\u00edas se comenzar\u00e1 a trabajar en los muros de contenci\u00f3n de la plaza y la pr\u00f3xima semana se prev\u00e9 que se empiece a colocar el bordillo.<\/li>\n<li>Una vez terminadas las tareas de pavimentaci\u00f3n de todo el \u00e1mbito de obra, quedar\u00e1n pendientes los trabajos finales, que comprenden el ajardinamiento, la adecuaci\u00f3n de la se\u00f1alizaci\u00f3n y la instalaci\u00f3n de mobiliario urbano.<\/li>\n<\/ul>\n<p><img loading=\"lazy\" decoding=\"async\" class=\"alignright wp-image-42219\" src=\"https:\/\/mont-roig.cat\/wp-content\/uploads\/Pla\u00e7a-Miramar-scaled.jpg\" alt=\"\" width=\"300\" height=\"225\" srcset=\"https:\/\/mont-roig.cat\/wp-content\/uploads\/Pla\u00e7a-Miramar-scaled.jpg 2048w, https:\/\/mont-roig.cat\/wp-content\/uploads\/Pla\u00e7a-Miramar-500x375.jpg 500w, https:\/\/mont-roig.cat\/wp-content\/uploads\/Pla\u00e7a-Miramar-1024x768.jpg 1024w, https:\/\/mont-roig.cat\/wp-content\/uploads\/Pla\u00e7a-Miramar-768x576.jpg 768w, https:\/\/mont-roig.cat\/wp-content\/uploads\/Pla\u00e7a-Miramar-1536x1152.jpg 1536w, https:\/\/mont-roig.cat\/wp-content\/uploads\/Pla\u00e7a-Miramar-463x348.jpg 463w\" sizes=\"auto, (max-width: 300px) 100vw, 300px\" \/><a href=\"https:\/\/mont-roig.cat\/wp-content\/uploads\/Pla\u00e7a-Miramar_2-scaled.jpg\"><img loading=\"lazy\" decoding=\"async\" class=\"alignright wp-image-42223\" src=\"https:\/\/mont-roig.cat\/wp-content\/uploads\/Pla\u00e7a-Miramar_2-scaled.jpg\" alt=\"\" width=\"300\" height=\"225\" srcset=\"https:\/\/mont-roig.cat\/wp-content\/uploads\/Pla\u00e7a-Miramar_2-scaled.jpg 2048w, https:\/\/mont-roig.cat\/wp-content\/uploads\/Pla\u00e7a-Miramar_2-500x375.jpg 500w, https:\/\/mont-roig.cat\/wp-content\/uploads\/Pla\u00e7a-Miramar_2-1024x768.jpg 1024w, https:\/\/mont-roig.cat\/wp-content\/uploads\/Pla\u00e7a-Miramar_2-768x576.jpg 768w, https:\/\/mont-roig.cat\/wp-content\/uploads\/Pla\u00e7a-Miramar_2-1536x1152.jpg 1536w, https:\/\/mont-roig.cat\/wp-content\/uploads\/Pla\u00e7a-Miramar_2-463x348.jpg 463w\" sizes=\"auto, (max-width: 300px) 100vw, 300px\" \/><\/a><\/p>\n","protected":false},"excerpt":{"rendered":"<p>El Ayuntamiento de Mont-roig del Camp os informa de las novedades en relaci\u00f3n con la obra de remodelaci\u00f3n de la pla\u00e7a Miramar de Mont-roig, que se est\u00e1 ejecutando desde finales del pasado mes de septiembre: La previsi\u00f3n de finalizaci\u00f3n de las obras se retrasa al d\u00eda 15 de marzo. Sorigu\u00e9, la empresa adjudicataria de la [&hellip;]<\/p>\n","protected":false},"author":4,"featured_media":42224,"comment_status":"closed","ping_status":"closed","sticky":false,"template":"","format":"standard","meta":{"inline_featured_image":false,"_monsterinsights_skip_tracking":false,"_monsterinsights_sitenote_active":false,"_monsterinsights_sitenote_note":"","_monsterinsights_sitenote_category":0,"footnotes":""},"categories":[116],"tags":[],"class_list":["post-42226","post","type-post","status-publish","format-standard","has-post-thumbnail","hentry","category-urbanismo-y-obras"],"yoast_head":"<!-- This site is optimized with the Yoast SEO plugin v27.4 - https:\/\/yoast.com\/product\/yoast-seo-wordpress\/ -->\n<title>Evoluci\u00f3n de las obras de la Plaza Miramar - Ajuntament de Mont-roig del Camp<\/title>\n<meta name=\"robots\" content=\"index, follow, max-snippet:-1, max-image-preview:large, max-video-preview:-1\" \/>\n<link rel=\"canonical\" href=\"https:\/\/mont-roig.cat\/es\/actualitat\/noticies\/evolucion-de-las-obras-de-la-plaza-miramar\/\" \/>\n<meta property=\"og:locale\" content=\"es_ES\" \/>\n<meta property=\"og:type\" content=\"article\" \/>\n<meta property=\"og:title\" content=\"Evoluci\u00f3n de las obras de la Plaza Miramar - Ajuntament de Mont-roig del Camp\" \/>\n<meta property=\"og:description\" content=\"El Ayuntamiento de Mont-roig del Camp os informa de las novedades en relaci\u00f3n con la obra de remodelaci\u00f3n de la pla\u00e7a Miramar de Mont-roig, que se est\u00e1 ejecutando desde finales del pasado mes de septiembre: La previsi\u00f3n de finalizaci\u00f3n de las obras se retrasa al d\u00eda 15 de marzo. Sorigu\u00e9, la empresa adjudicataria de la [&hellip;]\" \/>\n<meta property=\"og:url\" content=\"https:\/\/mont-roig.cat\/es\/actualitat\/noticies\/evolucion-de-las-obras-de-la-plaza-miramar\/\" \/>\n<meta property=\"og:site_name\" content=\"Ajuntament de Mont-roig del Camp\" \/>\n<meta property=\"article:published_time\" content=\"2020-01-10T15:23:29+00:00\" \/>\n<meta property=\"article:modified_time\" content=\"2020-01-13T10:19:08+00:00\" \/>\n<meta property=\"og:image\" content=\"https:\/\/mont-roig.cat\/wp-content\/uploads\/Pla\u00e7a-Miramar_2-1024x768.jpg\" \/>\n\t<meta property=\"og:image:width\" content=\"1024\" \/>\n\t<meta property=\"og:image:height\" content=\"768\" \/>\n\t<meta property=\"og:image:type\" content=\"image\/jpeg\" \/>\n<meta name=\"author\" content=\"administrador\" \/>\n<meta name=\"twitter:card\" content=\"summary_large_image\" \/>\n<meta name=\"twitter:label1\" content=\"Escrito por\" \/>\n\t<meta name=\"twitter:data1\" content=\"administrador\" \/>\n\t<meta name=\"twitter:label2\" content=\"Tiempo de lectura\" \/>\n\t<meta name=\"twitter:data2\" content=\"2 minutos\" \/>\n<script type=\"application\/ld+json\" class=\"yoast-schema-graph\">{\"@context\":\"https:\\\/\\\/schema.org\",\"@graph\":[{\"@type\":\"Article\",\"@id\":\"https:\\\/\\\/mont-roig.cat\\\/es\\\/actualitat\\\/noticies\\\/evolucion-de-las-obras-de-la-plaza-miramar\\\/#article\",\"isPartOf\":{\"@id\":\"https:\\\/\\\/mont-roig.cat\\\/es\\\/actualitat\\\/noticies\\\/evolucion-de-las-obras-de-la-plaza-miramar\\\/\"},\"author\":{\"name\":\"administrador\",\"@id\":\"https:\\\/\\\/mont-roig.cat\\\/es\\\/#\\\/schema\\\/person\\\/f2b111789f22b7d0c3bd6786c9128cba\"},\"headline\":\"Evoluci\u00f3n de las obras de la Plaza Miramar\",\"datePublished\":\"2020-01-10T15:23:29+00:00\",\"dateModified\":\"2020-01-13T10:19:08+00:00\",\"mainEntityOfPage\":{\"@id\":\"https:\\\/\\\/mont-roig.cat\\\/es\\\/actualitat\\\/noticies\\\/evolucion-de-las-obras-de-la-plaza-miramar\\\/\"},\"wordCount\":320,\"image\":{\"@id\":\"https:\\\/\\\/mont-roig.cat\\\/es\\\/actualitat\\\/noticies\\\/evolucion-de-las-obras-de-la-plaza-miramar\\\/#primaryimage\"},\"thumbnailUrl\":\"https:\\\/\\\/mont-roig.cat\\\/wp-content\\\/uploads\\\/Pla\u00e7a-Miramar_2.jpg\",\"articleSection\":[\"Urbanismo y obras\"],\"inLanguage\":\"es\"},{\"@type\":\"WebPage\",\"@id\":\"https:\\\/\\\/mont-roig.cat\\\/es\\\/actualitat\\\/noticies\\\/evolucion-de-las-obras-de-la-plaza-miramar\\\/\",\"url\":\"https:\\\/\\\/mont-roig.cat\\\/es\\\/actualitat\\\/noticies\\\/evolucion-de-las-obras-de-la-plaza-miramar\\\/\",\"name\":\"Evoluci\u00f3n de las obras de la Plaza Miramar - Ajuntament de Mont-roig del Camp\",\"isPartOf\":{\"@id\":\"https:\\\/\\\/mont-roig.cat\\\/es\\\/#website\"},\"primaryImageOfPage\":{\"@id\":\"https:\\\/\\\/mont-roig.cat\\\/es\\\/actualitat\\\/noticies\\\/evolucion-de-las-obras-de-la-plaza-miramar\\\/#primaryimage\"},\"image\":{\"@id\":\"https:\\\/\\\/mont-roig.cat\\\/es\\\/actualitat\\\/noticies\\\/evolucion-de-las-obras-de-la-plaza-miramar\\\/#primaryimage\"},\"thumbnailUrl\":\"https:\\\/\\\/mont-roig.cat\\\/wp-content\\\/uploads\\\/Pla\u00e7a-Miramar_2.jpg\",\"datePublished\":\"2020-01-10T15:23:29+00:00\",\"dateModified\":\"2020-01-13T10:19:08+00:00\",\"author\":{\"@id\":\"https:\\\/\\\/mont-roig.cat\\\/es\\\/#\\\/schema\\\/person\\\/f2b111789f22b7d0c3bd6786c9128cba\"},\"breadcrumb\":{\"@id\":\"https:\\\/\\\/mont-roig.cat\\\/es\\\/actualitat\\\/noticies\\\/evolucion-de-las-obras-de-la-plaza-miramar\\\/#breadcrumb\"},\"inLanguage\":\"es\",\"potentialAction\":[{\"@type\":\"ReadAction\",\"target\":[\"https:\\\/\\\/mont-roig.cat\\\/es\\\/actualitat\\\/noticies\\\/evolucion-de-las-obras-de-la-plaza-miramar\\\/\"]}]},{\"@type\":\"ImageObject\",\"inLanguage\":\"es\",\"@id\":\"https:\\\/\\\/mont-roig.cat\\\/es\\\/actualitat\\\/noticies\\\/evolucion-de-las-obras-de-la-plaza-miramar\\\/#primaryimage\",\"url\":\"https:\\\/\\\/mont-roig.cat\\\/wp-content\\\/uploads\\\/Pla\u00e7a-Miramar_2.jpg\",\"contentUrl\":\"https:\\\/\\\/mont-roig.cat\\\/wp-content\\\/uploads\\\/Pla\u00e7a-Miramar_2.jpg\",\"width\":2048,\"height\":1536},{\"@type\":\"BreadcrumbList\",\"@id\":\"https:\\\/\\\/mont-roig.cat\\\/es\\\/actualitat\\\/noticies\\\/evolucion-de-las-obras-de-la-plaza-miramar\\\/#breadcrumb\",\"itemListElement\":[{\"@type\":\"ListItem\",\"position\":1,\"name\":\"Inici\",\"item\":\"https:\\\/\\\/mont-roig.cat\\\/es\\\/pagina-de-inicio\\\/\"},{\"@type\":\"ListItem\",\"position\":2,\"name\":\"Evoluci\u00f3n de las obras de la Plaza Miramar\"}]},{\"@type\":\"WebSite\",\"@id\":\"https:\\\/\\\/mont-roig.cat\\\/es\\\/#website\",\"url\":\"https:\\\/\\\/mont-roig.cat\\\/es\\\/\",\"name\":\"Ajuntament de Mont-roig del Camp\",\"description\":\"Tota la informaci\u00f3 sobre la instituci\u00f3, els seus \u00f2rgans de govern, actualitat, serveis i molt m\u00e9s.\",\"potentialAction\":[{\"@type\":\"SearchAction\",\"target\":{\"@type\":\"EntryPoint\",\"urlTemplate\":\"https:\\\/\\\/mont-roig.cat\\\/es\\\/?s={search_term_string}\"},\"query-input\":{\"@type\":\"PropertyValueSpecification\",\"valueRequired\":true,\"valueName\":\"search_term_string\"}}],\"inLanguage\":\"es\"},{\"@type\":\"Person\",\"@id\":\"https:\\\/\\\/mont-roig.cat\\\/es\\\/#\\\/schema\\\/person\\\/f2b111789f22b7d0c3bd6786c9128cba\",\"name\":\"administrador\",\"image\":{\"@type\":\"ImageObject\",\"inLanguage\":\"es\",\"@id\":\"https:\\\/\\\/secure.gravatar.com\\\/avatar\\\/9137aac6891e2595c9d3036fd83bcb653b4db3c946db4c7d9b9be193c3c944bb?s=96&d=mm&r=g\",\"url\":\"https:\\\/\\\/secure.gravatar.com\\\/avatar\\\/9137aac6891e2595c9d3036fd83bcb653b4db3c946db4c7d9b9be193c3c944bb?s=96&d=mm&r=g\",\"contentUrl\":\"https:\\\/\\\/secure.gravatar.com\\\/avatar\\\/9137aac6891e2595c9d3036fd83bcb653b4db3c946db4c7d9b9be193c3c944bb?s=96&d=mm&r=g\",\"caption\":\"administrador\"},\"url\":\"https:\\\/\\\/mont-roig.cat\\\/es\\\/actualitat\\\/noticies\\\/author\\\/administrador\\\/\"}]}<\/script>\n<!-- \/ Yoast SEO plugin. -->","yoast_head_json":{"title":"Evoluci\u00f3n de las obras de la Plaza Miramar - Ajuntament de Mont-roig del Camp","robots":{"index":"index","follow":"follow","max-snippet":"max-snippet:-1","max-image-preview":"max-image-preview:large","max-video-preview":"max-video-preview:-1"},"canonical":"https:\/\/mont-roig.cat\/es\/actualitat\/noticies\/evolucion-de-las-obras-de-la-plaza-miramar\/","og_locale":"es_ES","og_type":"article","og_title":"Evoluci\u00f3n de las obras de la Plaza Miramar - Ajuntament de Mont-roig del Camp","og_description":"El Ayuntamiento de Mont-roig del Camp os informa de las novedades en relaci\u00f3n con la obra de remodelaci\u00f3n de la pla\u00e7a Miramar de Mont-roig, que se est\u00e1 ejecutando desde finales del pasado mes de septiembre: La previsi\u00f3n de finalizaci\u00f3n de las obras se retrasa al d\u00eda 15 de marzo. Sorigu\u00e9, la empresa adjudicataria de la [&hellip;]","og_url":"https:\/\/mont-roig.cat\/es\/actualitat\/noticies\/evolucion-de-las-obras-de-la-plaza-miramar\/","og_site_name":"Ajuntament de Mont-roig del Camp","article_published_time":"2020-01-10T15:23:29+00:00","article_modified_time":"2020-01-13T10:19:08+00:00","og_image":[{"width":1024,"height":768,"url":"https:\/\/mont-roig.cat\/wp-content\/uploads\/Pla\u00e7a-Miramar_2-1024x768.jpg","type":"image\/jpeg"}],"author":"administrador","twitter_card":"summary_large_image","twitter_misc":{"Escrito por":"administrador","Tiempo de lectura":"2 minutos"},"schema":{"@context":"https:\/\/schema.org","@graph":[{"@type":"Article","@id":"https:\/\/mont-roig.cat\/es\/actualitat\/noticies\/evolucion-de-las-obras-de-la-plaza-miramar\/#article","isPartOf":{"@id":"https:\/\/mont-roig.cat\/es\/actualitat\/noticies\/evolucion-de-las-obras-de-la-plaza-miramar\/"},"author":{"name":"administrador","@id":"https:\/\/mont-roig.cat\/es\/#\/schema\/person\/f2b111789f22b7d0c3bd6786c9128cba"},"headline":"Evoluci\u00f3n de las obras de la Plaza Miramar","datePublished":"2020-01-10T15:23:29+00:00","dateModified":"2020-01-13T10:19:08+00:00","mainEntityOfPage":{"@id":"https:\/\/mont-roig.cat\/es\/actualitat\/noticies\/evolucion-de-las-obras-de-la-plaza-miramar\/"},"wordCount":320,"image":{"@id":"https:\/\/mont-roig.cat\/es\/actualitat\/noticies\/evolucion-de-las-obras-de-la-plaza-miramar\/#primaryimage"},"thumbnailUrl":"https:\/\/mont-roig.cat\/wp-content\/uploads\/Pla\u00e7a-Miramar_2.jpg","articleSection":["Urbanismo y obras"],"inLanguage":"es"},{"@type":"WebPage","@id":"https:\/\/mont-roig.cat\/es\/actualitat\/noticies\/evolucion-de-las-obras-de-la-plaza-miramar\/","url":"https:\/\/mont-roig.cat\/es\/actualitat\/noticies\/evolucion-de-las-obras-de-la-plaza-miramar\/","name":"Evoluci\u00f3n de las obras de la Plaza Miramar - Ajuntament de Mont-roig del Camp","isPartOf":{"@id":"https:\/\/mont-roig.cat\/es\/#website"},"primaryImageOfPage":{"@id":"https:\/\/mont-roig.cat\/es\/actualitat\/noticies\/evolucion-de-las-obras-de-la-plaza-miramar\/#primaryimage"},"image":{"@id":"https:\/\/mont-roig.cat\/es\/actualitat\/noticies\/evolucion-de-las-obras-de-la-plaza-miramar\/#primaryimage"},"thumbnailUrl":"https:\/\/mont-roig.cat\/wp-content\/uploads\/Pla\u00e7a-Miramar_2.jpg","datePublished":"2020-01-10T15:23:29+00:00","dateModified":"2020-01-13T10:19:08+00:00","author":{"@id":"https:\/\/mont-roig.cat\/es\/#\/schema\/person\/f2b111789f22b7d0c3bd6786c9128cba"},"breadcrumb":{"@id":"https:\/\/mont-roig.cat\/es\/actualitat\/noticies\/evolucion-de-las-obras-de-la-plaza-miramar\/#breadcrumb"},"inLanguage":"es","potentialAction":[{"@type":"ReadAction","target":["https:\/\/mont-roig.cat\/es\/actualitat\/noticies\/evolucion-de-las-obras-de-la-plaza-miramar\/"]}]},{"@type":"ImageObject","inLanguage":"es","@id":"https:\/\/mont-roig.cat\/es\/actualitat\/noticies\/evolucion-de-las-obras-de-la-plaza-miramar\/#primaryimage","url":"https:\/\/mont-roig.cat\/wp-content\/uploads\/Pla\u00e7a-Miramar_2.jpg","contentUrl":"https:\/\/mont-roig.cat\/wp-content\/uploads\/Pla\u00e7a-Miramar_2.jpg","width":2048,"height":1536},{"@type":"BreadcrumbList","@id":"https:\/\/mont-roig.cat\/es\/actualitat\/noticies\/evolucion-de-las-obras-de-la-plaza-miramar\/#breadcrumb","itemListElement":[{"@type":"ListItem","position":1,"name":"Inici","item":"https:\/\/mont-roig.cat\/es\/pagina-de-inicio\/"},{"@type":"ListItem","position":2,"name":"Evoluci\u00f3n de las obras de la Plaza Miramar"}]},{"@type":"WebSite","@id":"https:\/\/mont-roig.cat\/es\/#website","url":"https:\/\/mont-roig.cat\/es\/","name":"Ajuntament de Mont-roig del Camp","description":"Tota la informaci\u00f3 sobre la instituci\u00f3, els seus \u00f2rgans de govern, actualitat, serveis i molt m\u00e9s.","potentialAction":[{"@type":"SearchAction","target":{"@type":"EntryPoint","urlTemplate":"https:\/\/mont-roig.cat\/es\/?s={search_term_string}"},"query-input":{"@type":"PropertyValueSpecification","valueRequired":true,"valueName":"search_term_string"}}],"inLanguage":"es"},{"@type":"Person","@id":"https:\/\/mont-roig.cat\/es\/#\/schema\/person\/f2b111789f22b7d0c3bd6786c9128cba","name":"administrador","image":{"@type":"ImageObject","inLanguage":"es","@id":"https:\/\/secure.gravatar.com\/avatar\/9137aac6891e2595c9d3036fd83bcb653b4db3c946db4c7d9b9be193c3c944bb?s=96&d=mm&r=g","url":"https:\/\/secure.gravatar.com\/avatar\/9137aac6891e2595c9d3036fd83bcb653b4db3c946db4c7d9b9be193c3c944bb?s=96&d=mm&r=g","contentUrl":"https:\/\/secure.gravatar.com\/avatar\/9137aac6891e2595c9d3036fd83bcb653b4db3c946db4c7d9b9be193c3c944bb?s=96&d=mm&r=g","caption":"administrador"},"url":"https:\/\/mont-roig.cat\/es\/actualitat\/noticies\/author\/administrador\/"}]}},"_links":{"self":[{"href":"https:\/\/mont-roig.cat\/es\/wp-json\/wp\/v2\/posts\/42226","targetHints":{"allow":["GET"]}}],"collection":[{"href":"https:\/\/mont-roig.cat\/es\/wp-json\/wp\/v2\/posts"}],"about":[{"href":"https:\/\/mont-roig.cat\/es\/wp-json\/wp\/v2\/types\/post"}],"author":[{"embeddable":true,"href":"https:\/\/mont-roig.cat\/es\/wp-json\/wp\/v2\/users\/4"}],"replies":[{"embeddable":true,"href":"https:\/\/mont-roig.cat\/es\/wp-json\/wp\/v2\/comments?post=42226"}],"version-history":[{"count":4,"href":"https:\/\/mont-roig.cat\/es\/wp-json\/wp\/v2\/posts\/42226\/revisions"}],"predecessor-version":[{"id":42231,"href":"https:\/\/mont-roig.cat\/es\/wp-json\/wp\/v2\/posts\/42226\/revisions\/42231"}],"wp:featuredmedia":[{"embeddable":true,"href":"https:\/\/mont-roig.cat\/es\/wp-json\/wp\/v2\/media\/42224"}],"wp:attachment":[{"href":"https:\/\/mont-roig.cat\/es\/wp-json\/wp\/v2\/media?parent=42226"}],"wp:term":[{"taxonomy":"category","embeddable":true,"href":"https:\/\/mont-roig.cat\/es\/wp-json\/wp\/v2\/categories?post=42226"},{"taxonomy":"post_tag","embeddable":true,"href":"https:\/\/mont-roig.cat\/es\/wp-json\/wp\/v2\/tags?post=42226"}],"curies":[{"name":"wp","href":"https:\/\/api.w.org\/{rel}","templated":true}]}}